{"id":7478,"date":"2024-02-29T16:47:23","date_gmt":"2024-02-29T19:47:23","guid":{"rendered":"http:\/\/autosdelpodio.com\/autos\/?p=7478"},"modified":"2024-02-29T16:47:24","modified_gmt":"2024-02-29T19:47:24","slug":"fechas-y-escenarios-del-tcr","status":"publish","type":"post","link":"http:\/\/autosdelpodio.com\/autos\/fechas-y-escenarios-del-tcr\/","title":{"rendered":"Fechas y escenarios del TCR"},"content":{"rendered":"\n<p>El calendario para cuarta temporada del TCR South Am\u00e9rica qued\u00f3 conformado de la siguiente manera:<br>En las primeras 4 presentaciones se suma a la oferta automovil\u00edstica la versi\u00f3n TCR local del pa\u00eds lim\u00edtrofe, y en la ultima de ellas el tridente se cierra con el TCR World Tour.<br>Otra de las novedades sobresalientes para este 2024 es el retorno del Aut\u00f3dromo de la Ciudad de Buenos Aires al calendario y su GP Coronaci\u00f3n con Rosario como sede.<\/p>\n\n\n\n<p><em>Fecha 1: Interlagos &#8211; 14 de Abril (TCR SA + TCR BR)<br>Fecha 2: Cascavel &#8211; 26 de Mayo (TCR SA + TCR BR)<br>Fecha 3: Velocitta &#8211; 16 de Junio (TCR SA + TCR BR)<br>Fecha 4: Interlagos &#8211; 21 de Julio (TCR SA + TCR BR + TCR WT)<br>Fecha 5: El Pinar &#8211; 4 de Agosto (TCR SA)<br>Fecha 6: Mercedes &#8211; 25 de Agosto (TCR SA)<br>Fecha 7: TBC &#8211; 15 de Septiembre (TCR SA)<br>Fecha 8: Buenos Aires &#8211; 6 de Octubre (TCR SA)<br>Fecha 9: Termas de R\u00edo Hondo &#8211; 10 de Noviembre (TCR SA)<br>Fecha 10: Rosario &#8211; 1 de Diciembre (TCR SA)<\/em><\/p>\n","protected":false},"excerpt":{"rendered":"<p>El calendario para cuarta temporada del TCR South Am\u00e9rica qued\u00f3 conformado de la siguiente manera:En las primeras 4 presentaciones se<\/p>\n","protected":false},"author":3,"featured_media":6495,"comment_status":"open","ping_status":"open","sticky":false,"template":"","format":"standard","meta":{"colormag_page_container_layout":"default_layout","colormag_page_sidebar_layout":"default_layout","footnotes":""},"categories":[6,5],"tags":[245,86,35,242,246,229],"class_list":["post-7478","post","type-post","status-publish","format-standard","has-post-thumbnail","hentry","category-newsflash","category-latest-news","tag-brasil","tag-pilotos-y-categorias","tag-republica-argentina","tag-tcr","tag-uruguay","tag-wtcr"],"yoast_head":"<!-- This site is optimized with the Yoast SEO plugin v27.4 - https:\/\/yoast.com\/product\/yoast-seo-wordpress\/ -->\n<title>Autos del Podio | Fechas y escenarios del TCR<\/title>\n<meta name=\"description\" content=\"Autos del Podio El TCR comienza el 14 de Abril l en Interlagos con la \u00fanica carrera en formato Endurance de esta temporada.\" \/>\n<meta name=\"robots\" content=\"index, follow, max-snippet:-1, max-image-preview:large, max-video-preview:-1\" \/>\n<link rel=\"canonical\" href=\"http:\/\/autosdelpodio.com\/autos\/fechas-y-escenarios-del-tcr\/\" \/>\n<meta property=\"og:locale\" content=\"es_ES\" \/>\n<meta property=\"og:type\" content=\"article\" \/>\n<meta property=\"og:title\" content=\"Autos del Podio | Fechas y escenarios del TCR\" \/>\n<meta property=\"og:description\" content=\"Autos del Podio El TCR comienza el 14 de Abril l en Interlagos con la \u00fanica carrera en formato Endurance de esta temporada.\" \/>\n<meta property=\"og:url\" content=\"http:\/\/autosdelpodio.com\/autos\/fechas-y-escenarios-del-tcr\/\" \/>\n<meta property=\"og:site_name\" content=\"Autos del Podio\" \/>\n<meta property=\"article:publisher\" content=\"https:\/\/www.facebook.com\/profile.php?id=100057192590976&amp;amp%3bamp%3bamp%3bamp%3bamp%3bamp%3bamp%3bamp%3bamp%3bamp%3bamp%3bamp%3bamp%3bamp%3bamp%3bamp%3bamp%3bamp%3bref=ts\" \/>\n<meta property=\"article:published_time\" content=\"2024-02-29T19:47:23+00:00\" \/>\n<meta property=\"article:modified_time\" content=\"2024-02-29T19:47:24+00:00\" \/>\n<meta property=\"og:image\" content=\"http:\/\/autosdelpodio.com\/autos\/wp-content\/uploads\/2022\/12\/TCR_SA_Portada.jpg\" \/>\n\t<meta property=\"og:image:width\" content=\"500\" \/>\n\t<meta property=\"og:image:height\" content=\"325\" \/>\n\t<meta property=\"og:image:type\" content=\"image\/jpeg\" \/>\n<meta name=\"author\" content=\"autosdelpodio\" \/>\n<meta name=\"twitter:card\" content=\"summary_large_image\" \/>\n<meta name=\"twitter:creator\" content=\"@autosdelpodio\" \/>\n<meta name=\"twitter:site\" content=\"@autosdelpodio\" \/>\n<meta name=\"twitter:label1\" content=\"Escrito por\" \/>\n\t<meta name=\"twitter:data1\" content=\"autosdelpodio\" \/>\n\t<meta name=\"twitter:label2\" content=\"Tiempo de lectura\" \/>\n\t<meta name=\"twitter:data2\" content=\"1 minuto\" \/>\n<script type=\"application\/ld+json\" class=\"yoast-schema-graph\">{\"@context\":\"https:\\\/\\\/schema.org\",\"@graph\":[{\"@type\":\"Article\",\"@id\":\"http:\\\/\\\/autosdelpodio.com\\\/autos\\\/fechas-y-escenarios-del-tcr\\\/#article\",\"isPartOf\":{\"@id\":\"http:\\\/\\\/autosdelpodio.com\\\/autos\\\/fechas-y-escenarios-del-tcr\\\/\"},\"author\":{\"name\":\"autosdelpodio\",\"@id\":\"http:\\\/\\\/autosdelpodio.com\\\/autos\\\/#\\\/schema\\\/person\\\/993527a4d01c3acdd3d6bce3770bc942\"},\"headline\":\"Fechas y escenarios del TCR\",\"datePublished\":\"2024-02-29T19:47:23+00:00\",\"dateModified\":\"2024-02-29T19:47:24+00:00\",\"mainEntityOfPage\":{\"@id\":\"http:\\\/\\\/autosdelpodio.com\\\/autos\\\/fechas-y-escenarios-del-tcr\\\/\"},\"wordCount\":173,\"commentCount\":0,\"publisher\":{\"@id\":\"http:\\\/\\\/autosdelpodio.com\\\/autos\\\/#organization\"},\"image\":{\"@id\":\"http:\\\/\\\/autosdelpodio.com\\\/autos\\\/fechas-y-escenarios-del-tcr\\\/#primaryimage\"},\"thumbnailUrl\":\"http:\\\/\\\/autosdelpodio.com\\\/autos\\\/wp-content\\\/uploads\\\/2022\\\/12\\\/TCR_SA_Portada.jpg\",\"keywords\":[\"Brasil\",\"Pilotos y Categorias\",\"Republica Argentina\",\"TCR\",\"Uruguay\",\"WTCR\"],\"articleSection\":[\"Destacado\",\"\u00daltimas noticias\"],\"inLanguage\":\"es\",\"potentialAction\":[{\"@type\":\"CommentAction\",\"name\":\"Comment\",\"target\":[\"http:\\\/\\\/autosdelpodio.com\\\/autos\\\/fechas-y-escenarios-del-tcr\\\/#respond\"]}]},{\"@type\":\"WebPage\",\"@id\":\"http:\\\/\\\/autosdelpodio.com\\\/autos\\\/fechas-y-escenarios-del-tcr\\\/\",\"url\":\"http:\\\/\\\/autosdelpodio.com\\\/autos\\\/fechas-y-escenarios-del-tcr\\\/\",\"name\":\"Autos del Podio | Fechas y escenarios del TCR\",\"isPartOf\":{\"@id\":\"http:\\\/\\\/autosdelpodio.com\\\/autos\\\/#website\"},\"primaryImageOfPage\":{\"@id\":\"http:\\\/\\\/autosdelpodio.com\\\/autos\\\/fechas-y-escenarios-del-tcr\\\/#primaryimage\"},\"image\":{\"@id\":\"http:\\\/\\\/autosdelpodio.com\\\/autos\\\/fechas-y-escenarios-del-tcr\\\/#primaryimage\"},\"thumbnailUrl\":\"http:\\\/\\\/autosdelpodio.com\\\/autos\\\/wp-content\\\/uploads\\\/2022\\\/12\\\/TCR_SA_Portada.jpg\",\"datePublished\":\"2024-02-29T19:47:23+00:00\",\"dateModified\":\"2024-02-29T19:47:24+00:00\",\"description\":\"Autos del Podio El TCR comienza el 14 de Abril l en Interlagos con la \u00fanica carrera en formato Endurance de esta temporada.\",\"breadcrumb\":{\"@id\":\"http:\\\/\\\/autosdelpodio.com\\\/autos\\\/fechas-y-escenarios-del-tcr\\\/#breadcrumb\"},\"inLanguage\":\"es\",\"potentialAction\":[{\"@type\":\"ReadAction\",\"target\":[\"http:\\\/\\\/autosdelpodio.com\\\/autos\\\/fechas-y-escenarios-del-tcr\\\/\"]}]},{\"@type\":\"ImageObject\",\"inLanguage\":\"es\",\"@id\":\"http:\\\/\\\/autosdelpodio.com\\\/autos\\\/fechas-y-escenarios-del-tcr\\\/#primaryimage\",\"url\":\"http:\\\/\\\/autosdelpodio.com\\\/autos\\\/wp-content\\\/uploads\\\/2022\\\/12\\\/TCR_SA_Portada.jpg\",\"contentUrl\":\"http:\\\/\\\/autosdelpodio.com\\\/autos\\\/wp-content\\\/uploads\\\/2022\\\/12\\\/TCR_SA_Portada.jpg\",\"width\":500,\"height\":325},{\"@type\":\"BreadcrumbList\",\"@id\":\"http:\\\/\\\/autosdelpodio.com\\\/autos\\\/fechas-y-escenarios-del-tcr\\\/#breadcrumb\",\"itemListElement\":[{\"@type\":\"ListItem\",\"position\":1,\"name\":\"Portada\",\"item\":\"http:\\\/\\\/autosdelpodio.com\\\/autos\\\/\"},{\"@type\":\"ListItem\",\"position\":2,\"name\":\"Fechas y escenarios del TCR\"}]},{\"@type\":\"WebSite\",\"@id\":\"http:\\\/\\\/autosdelpodio.com\\\/autos\\\/#website\",\"url\":\"http:\\\/\\\/autosdelpodio.com\\\/autos\\\/\",\"name\":\"Autos del Podio\",\"description\":\"La sexta del deporte motor\",\"publisher\":{\"@id\":\"http:\\\/\\\/autosdelpodio.com\\\/autos\\\/#organization\"},\"potentialAction\":[{\"@type\":\"SearchAction\",\"target\":{\"@type\":\"EntryPoint\",\"urlTemplate\":\"http:\\\/\\\/autosdelpodio.com\\\/autos\\\/?s={search_term_string}\"},\"query-input\":{\"@type\":\"PropertyValueSpecification\",\"valueRequired\":true,\"valueName\":\"search_term_string\"}}],\"inLanguage\":\"es\"},{\"@type\":\"Organization\",\"@id\":\"http:\\\/\\\/autosdelpodio.com\\\/autos\\\/#organization\",\"name\":\"Autos del Podio\",\"url\":\"http:\\\/\\\/autosdelpodio.com\\\/autos\\\/\",\"logo\":{\"@type\":\"ImageObject\",\"inLanguage\":\"es\",\"@id\":\"http:\\\/\\\/autosdelpodio.com\\\/autos\\\/#\\\/schema\\\/logo\\\/image\\\/\",\"url\":\"http:\\\/\\\/autosdelpodio.com\\\/autos\\\/wp-content\\\/uploads\\\/2020\\\/08\\\/Logo_AR.jpg\",\"contentUrl\":\"http:\\\/\\\/autosdelpodio.com\\\/autos\\\/wp-content\\\/uploads\\\/2020\\\/08\\\/Logo_AR.jpg\",\"width\":1038,\"height\":1044,\"caption\":\"Autos del Podio\"},\"image\":{\"@id\":\"http:\\\/\\\/autosdelpodio.com\\\/autos\\\/#\\\/schema\\\/logo\\\/image\\\/\"},\"sameAs\":[\"https:\\\/\\\/www.facebook.com\\\/profile.php?id=100057192590976&amp;amp;amp;amp;amp;amp;amp;amp;amp;amp;amp;amp;amp;amp;amp;amp;amp;amp;ref=ts\",\"https:\\\/\\\/x.com\\\/autosdelpodio\",\"https:\\\/\\\/www.youtube.com\\\/user\\\/AutosdelPodio\"]},{\"@type\":\"Person\",\"@id\":\"http:\\\/\\\/autosdelpodio.com\\\/autos\\\/#\\\/schema\\\/person\\\/993527a4d01c3acdd3d6bce3770bc942\",\"name\":\"autosdelpodio\",\"image\":{\"@type\":\"ImageObject\",\"inLanguage\":\"es\",\"@id\":\"http:\\\/\\\/autosdelpodio.com\\\/autos\\\/wp-content\\\/litespeed\\\/avatar\\\/aa8f65cd201a80f6b844f63278aa84af.jpg?ver=1776798175\",\"url\":\"http:\\\/\\\/autosdelpodio.com\\\/autos\\\/wp-content\\\/litespeed\\\/avatar\\\/aa8f65cd201a80f6b844f63278aa84af.jpg?ver=1776798175\",\"contentUrl\":\"http:\\\/\\\/autosdelpodio.com\\\/autos\\\/wp-content\\\/litespeed\\\/avatar\\\/aa8f65cd201a80f6b844f63278aa84af.jpg?ver=1776798175\",\"caption\":\"autosdelpodio\"}}]}<\/script>\n<!-- \/ Yoast SEO plugin. -->","yoast_head_json":{"title":"Autos del Podio | Fechas y escenarios del TCR","description":"Autos del Podio El TCR comienza el 14 de Abril l en Interlagos con la \u00fanica carrera en formato Endurance de esta temporada.","robots":{"index":"index","follow":"follow","max-snippet":"max-snippet:-1","max-image-preview":"max-image-preview:large","max-video-preview":"max-video-preview:-1"},"canonical":"http:\/\/autosdelpodio.com\/autos\/fechas-y-escenarios-del-tcr\/","og_locale":"es_ES","og_type":"article","og_title":"Autos del Podio | Fechas y escenarios del TCR","og_description":"Autos del Podio El TCR comienza el 14 de Abril l en Interlagos con la \u00fanica carrera en formato Endurance de esta temporada.","og_url":"http:\/\/autosdelpodio.com\/autos\/fechas-y-escenarios-del-tcr\/","og_site_name":"Autos del Podio","article_publisher":"https:\/\/www.facebook.com\/profile.php?id=100057192590976&amp%3bamp%3bamp%3bamp%3bamp%3bamp%3bamp%3bamp%3bamp%3bamp%3bamp%3bamp%3bamp%3bamp%3bamp%3bamp%3bamp%3bamp%3bref=ts","article_published_time":"2024-02-29T19:47:23+00:00","article_modified_time":"2024-02-29T19:47:24+00:00","og_image":[{"width":500,"height":325,"url":"http:\/\/autosdelpodio.com\/autos\/wp-content\/uploads\/2022\/12\/TCR_SA_Portada.jpg","type":"image\/jpeg"}],"author":"autosdelpodio","twitter_card":"summary_large_image","twitter_creator":"@autosdelpodio","twitter_site":"@autosdelpodio","twitter_misc":{"Escrito por":"autosdelpodio","Tiempo de lectura":"1 minuto"},"schema":{"@context":"https:\/\/schema.org","@graph":[{"@type":"Article","@id":"http:\/\/autosdelpodio.com\/autos\/fechas-y-escenarios-del-tcr\/#article","isPartOf":{"@id":"http:\/\/autosdelpodio.com\/autos\/fechas-y-escenarios-del-tcr\/"},"author":{"name":"autosdelpodio","@id":"http:\/\/autosdelpodio.com\/autos\/#\/schema\/person\/993527a4d01c3acdd3d6bce3770bc942"},"headline":"Fechas y escenarios del TCR","datePublished":"2024-02-29T19:47:23+00:00","dateModified":"2024-02-29T19:47:24+00:00","mainEntityOfPage":{"@id":"http:\/\/autosdelpodio.com\/autos\/fechas-y-escenarios-del-tcr\/"},"wordCount":173,"commentCount":0,"publisher":{"@id":"http:\/\/autosdelpodio.com\/autos\/#organization"},"image":{"@id":"http:\/\/autosdelpodio.com\/autos\/fechas-y-escenarios-del-tcr\/#primaryimage"},"thumbnailUrl":"http:\/\/autosdelpodio.com\/autos\/wp-content\/uploads\/2022\/12\/TCR_SA_Portada.jpg","keywords":["Brasil","Pilotos y Categorias","Republica Argentina","TCR","Uruguay","WTCR"],"articleSection":["Destacado","\u00daltimas noticias"],"inLanguage":"es","potentialAction":[{"@type":"CommentAction","name":"Comment","target":["http:\/\/autosdelpodio.com\/autos\/fechas-y-escenarios-del-tcr\/#respond"]}]},{"@type":"WebPage","@id":"http:\/\/autosdelpodio.com\/autos\/fechas-y-escenarios-del-tcr\/","url":"http:\/\/autosdelpodio.com\/autos\/fechas-y-escenarios-del-tcr\/","name":"Autos del Podio | Fechas y escenarios del TCR","isPartOf":{"@id":"http:\/\/autosdelpodio.com\/autos\/#website"},"primaryImageOfPage":{"@id":"http:\/\/autosdelpodio.com\/autos\/fechas-y-escenarios-del-tcr\/#primaryimage"},"image":{"@id":"http:\/\/autosdelpodio.com\/autos\/fechas-y-escenarios-del-tcr\/#primaryimage"},"thumbnailUrl":"http:\/\/autosdelpodio.com\/autos\/wp-content\/uploads\/2022\/12\/TCR_SA_Portada.jpg","datePublished":"2024-02-29T19:47:23+00:00","dateModified":"2024-02-29T19:47:24+00:00","description":"Autos del Podio El TCR comienza el 14 de Abril l en Interlagos con la \u00fanica carrera en formato Endurance de esta temporada.","breadcrumb":{"@id":"http:\/\/autosdelpodio.com\/autos\/fechas-y-escenarios-del-tcr\/#breadcrumb"},"inLanguage":"es","potentialAction":[{"@type":"ReadAction","target":["http:\/\/autosdelpodio.com\/autos\/fechas-y-escenarios-del-tcr\/"]}]},{"@type":"ImageObject","inLanguage":"es","@id":"http:\/\/autosdelpodio.com\/autos\/fechas-y-escenarios-del-tcr\/#primaryimage","url":"http:\/\/autosdelpodio.com\/autos\/wp-content\/uploads\/2022\/12\/TCR_SA_Portada.jpg","contentUrl":"http:\/\/autosdelpodio.com\/autos\/wp-content\/uploads\/2022\/12\/TCR_SA_Portada.jpg","width":500,"height":325},{"@type":"BreadcrumbList","@id":"http:\/\/autosdelpodio.com\/autos\/fechas-y-escenarios-del-tcr\/#breadcrumb","itemListElement":[{"@type":"ListItem","position":1,"name":"Portada","item":"http:\/\/autosdelpodio.com\/autos\/"},{"@type":"ListItem","position":2,"name":"Fechas y escenarios del TCR"}]},{"@type":"WebSite","@id":"http:\/\/autosdelpodio.com\/autos\/#website","url":"http:\/\/autosdelpodio.com\/autos\/","name":"Autos del Podio","description":"La sexta del deporte motor","publisher":{"@id":"http:\/\/autosdelpodio.com\/autos\/#organization"},"potentialAction":[{"@type":"SearchAction","target":{"@type":"EntryPoint","urlTemplate":"http:\/\/autosdelpodio.com\/autos\/?s={search_term_string}"},"query-input":{"@type":"PropertyValueSpecification","valueRequired":true,"valueName":"search_term_string"}}],"inLanguage":"es"},{"@type":"Organization","@id":"http:\/\/autosdelpodio.com\/autos\/#organization","name":"Autos del Podio","url":"http:\/\/autosdelpodio.com\/autos\/","logo":{"@type":"ImageObject","inLanguage":"es","@id":"http:\/\/autosdelpodio.com\/autos\/#\/schema\/logo\/image\/","url":"http:\/\/autosdelpodio.com\/autos\/wp-content\/uploads\/2020\/08\/Logo_AR.jpg","contentUrl":"http:\/\/autosdelpodio.com\/autos\/wp-content\/uploads\/2020\/08\/Logo_AR.jpg","width":1038,"height":1044,"caption":"Autos del Podio"},"image":{"@id":"http:\/\/autosdelpodio.com\/autos\/#\/schema\/logo\/image\/"},"sameAs":["https:\/\/www.facebook.com\/profile.php?id=100057192590976&amp;amp;amp;amp;amp;amp;amp;amp;amp;amp;amp;amp;amp;amp;amp;amp;amp;amp;ref=ts","https:\/\/x.com\/autosdelpodio","https:\/\/www.youtube.com\/user\/AutosdelPodio"]},{"@type":"Person","@id":"http:\/\/autosdelpodio.com\/autos\/#\/schema\/person\/993527a4d01c3acdd3d6bce3770bc942","name":"autosdelpodio","image":{"@type":"ImageObject","inLanguage":"es","@id":"http:\/\/autosdelpodio.com\/autos\/wp-content\/litespeed\/avatar\/aa8f65cd201a80f6b844f63278aa84af.jpg?ver=1776798175","url":"http:\/\/autosdelpodio.com\/autos\/wp-content\/litespeed\/avatar\/aa8f65cd201a80f6b844f63278aa84af.jpg?ver=1776798175","contentUrl":"http:\/\/autosdelpodio.com\/autos\/wp-content\/litespeed\/avatar\/aa8f65cd201a80f6b844f63278aa84af.jpg?ver=1776798175","caption":"autosdelpodio"}}]}},"views":284,"_links":{"self":[{"href":"http:\/\/autosdelpodio.com\/autos\/wp-json\/wp\/v2\/posts\/7478","targetHints":{"allow":["GET"]}}],"collection":[{"href":"http:\/\/autosdelpodio.com\/autos\/wp-json\/wp\/v2\/posts"}],"about":[{"href":"http:\/\/autosdelpodio.com\/autos\/wp-json\/wp\/v2\/types\/post"}],"author":[{"embeddable":true,"href":"http:\/\/autosdelpodio.com\/autos\/wp-json\/wp\/v2\/users\/3"}],"replies":[{"embeddable":true,"href":"http:\/\/autosdelpodio.com\/autos\/wp-json\/wp\/v2\/comments?post=7478"}],"version-history":[{"count":1,"href":"http:\/\/autosdelpodio.com\/autos\/wp-json\/wp\/v2\/posts\/7478\/revisions"}],"predecessor-version":[{"id":7479,"href":"http:\/\/autosdelpodio.com\/autos\/wp-json\/wp\/v2\/posts\/7478\/revisions\/7479"}],"wp:featuredmedia":[{"embeddable":true,"href":"http:\/\/autosdelpodio.com\/autos\/wp-json\/wp\/v2\/media\/6495"}],"wp:attachment":[{"href":"http:\/\/autosdelpodio.com\/autos\/wp-json\/wp\/v2\/media?parent=7478"}],"wp:term":[{"taxonomy":"category","embeddable":true,"href":"http:\/\/autosdelpodio.com\/autos\/wp-json\/wp\/v2\/categories?post=7478"},{"taxonomy":"post_tag","embeddable":true,"href":"http:\/\/autosdelpodio.com\/autos\/wp-json\/wp\/v2\/tags?post=7478"}],"curies":[{"name":"wp","href":"https:\/\/api.w.org\/{rel}","templated":true}]}}