{"id":7485,"date":"2024-03-03T19:37:12","date_gmt":"2024-03-03T22:37:12","guid":{"rendered":"http:\/\/autosdelpodio.com\/autos\/?p=7485"},"modified":"2024-03-03T19:37:14","modified_gmt":"2024-03-03T22:37:14","slug":"mouras-en-la-plata","status":"publish","type":"post","link":"http:\/\/autosdelpodio.com\/autos\/mouras-en-la-plata\/","title":{"rendered":"Mouras en La Plata"},"content":{"rendered":"\n<p>La tercera fecha del TC Mouras y TCPM en el Aut\u00f3dromo platense dej\u00f3 las victorias primerizas de Santiago Biagi y Lucas Bohdanowicz, ambos con Dodge.<br>En el TC Mouras, bajo una jornada climatol\u00f3gicamente agradable Santiago Biagi fue escoltado por Gast\u00f3n Iansa (Chevrolet) y Benjam\u00edn Ochoa (Ford). Dicha final cerr\u00f3 un verdadero festival de automovilismo, ya que las categor\u00edas compartieron fin de semana junto al Turismo Pista.<br>En el Pista Mouras Lucas Bohdanowicz capitaliz\u00f3 el abandono de uno de los ganadores de este 2024 Juan Pablo Guiffrey.<br>La 4\u00aa fecha tendr\u00e1 lugar en el mismo escenario pero con la variante de la chicana del 22 al 24 de Marzo.<\/p>\n\n\n\n<p><strong>Final TCM &#8211; La Plata &#8211; Fecha 3<\/strong><\/p>\n\n\n\n<figure class=\"wp-block-table\"><table><tbody><tr><td>1\u00ba<\/td><td>BIAGI SANTIAGO<\/td><td>DODGE<\/td><td>23;52.961<\/td><\/tr><tr><td>2\u00ba<\/td><td>IANSA GAST\u00d3N<\/td><td>CHEVROLET<\/td><td>0.744<\/td><\/tr><tr><td>3\u00ba<\/td><td>OCHOA BENJAMIN<\/td><td>FORD<\/td><td>11.286<\/td><\/tr><tr><td>4\u00ba<\/td><td>POZNER THOMAS<\/td><td>DODGE<\/td><td>12.739<\/td><\/tr><tr><td>5\u00ba<\/td><td>RASETTO GENARO<\/td><td>DODGE<\/td><td>13.170<\/td><\/tr><tr><td>6\u00ba<\/td><td>BERNASCONI FELIPE<\/td><td>TORINO<\/td><td>14.310<\/td><\/tr><tr><td>7\u00ba<\/td><td>DIANDA MARCO<\/td><td>DODGE<\/td><td>16.250<\/td><\/tr><tr><td>8\u00ba<\/td><td>CRAVERO MAT\u00cdAS<\/td><td>DODGE<\/td><td>17.337<\/td><\/tr><tr><td>9\u00ba<\/td><td>CIFRE FAUSTINO<\/td><td>FORD<\/td><td>17.925<\/td><\/tr><tr><td>10\u00ba<\/td><td>TORRES JOAQU\u00cdN<\/td><td>CHEVROLET<\/td><td>21.973<\/td><\/tr><tr><td>11\u00ba<\/td><td>PROVENS EUGENIO<\/td><td>FORD<\/td><td>22.489<\/td><\/tr><tr><td>12\u00ba<\/td><td>JAKOS ALEXANDER<\/td><td>CHEVROLET<\/td><td>4 VTAS<\/td><\/tr><tr><td>13\u00ba<\/td><td>BOCCANERA BRUNO<\/td><td>FORD<\/td><td>5 VTAS<\/td><\/tr><tr><td>14\u00ba<\/td><td>MONTANARI NICOL\u00c1S<\/td><td>DODGE<\/td><td>9 VTAS<\/td><\/tr><tr><td>15\u00ba<\/td><td>SANTILLI PAZOS NICANOR<\/td><td>CHEVROLET<\/td><td>14 VTAS<\/td><\/tr><\/tbody><\/table><\/figure>\n\n\n\n<p><strong>PROMEDIO:&nbsp;<\/strong>171,438 km\/h.&nbsp;<strong>RECORD DE VUELTA:&nbsp;<\/strong>Biagi en la vta. 2 en 1:28.641 a 173,216 km\/h.<\/p>\n","protected":false},"excerpt":{"rendered":"<p>La tercera fecha del TC Mouras y TCPM en el Aut\u00f3dromo platense dej\u00f3 las victorias primerizas de Santiago Biagi y<\/p>\n","protected":false},"author":3,"featured_media":0,"comment_status":"open","ping_status":"open","sticky":false,"template":"","format":"standard","meta":{"colormag_page_container_layout":"default_layout","colormag_page_sidebar_layout":"default_layout","footnotes":""},"categories":[16,5],"tags":[143,390,302,322,323],"class_list":["post-7485","post","type-post","status-publish","format-standard","hentry","category-recta-principal","category-latest-news","tag-actc","tag-autodromo-mouras","tag-la-plata","tag-tc-mouras","tag-tcpm"],"yoast_head":"<!-- This site is optimized with the Yoast SEO plugin v27.5 - https:\/\/yoast.com\/product\/yoast-seo-wordpress\/ -->\n<title>Autos del Podio | Mouras en La Plata<\/title>\n<meta name=\"description\" content=\"Autos del Podio Actividad intensa tuvo el Aut\u00f3dromo Mouras de la mano del TCM, TCPM y Turismo Pista\" \/>\n<meta name=\"robots\" content=\"index, follow, max-snippet:-1, max-image-preview:large, max-video-preview:-1\" \/>\n<link rel=\"canonical\" href=\"http:\/\/autosdelpodio.com\/autos\/mouras-en-la-plata\/\" \/>\n<meta property=\"og:locale\" content=\"es_ES\" \/>\n<meta property=\"og:type\" content=\"article\" \/>\n<meta property=\"og:title\" content=\"Autos del Podio | Mouras en La Plata\" \/>\n<meta property=\"og:description\" content=\"Autos del Podio Actividad intensa tuvo el Aut\u00f3dromo Mouras de la mano del TCM, TCPM y Turismo Pista\" \/>\n<meta property=\"og:url\" content=\"http:\/\/autosdelpodio.com\/autos\/mouras-en-la-plata\/\" \/>\n<meta property=\"og:site_name\" content=\"Autos del Podio\" \/>\n<meta property=\"article:publisher\" content=\"https:\/\/www.facebook.com\/profile.php?id=100057192590976&amp;amp%3bamp%3bamp%3bamp%3bamp%3bamp%3bamp%3bamp%3bamp%3bamp%3bamp%3bamp%3bamp%3bamp%3bamp%3bamp%3bamp%3bamp%3bref=ts\" \/>\n<meta property=\"article:published_time\" content=\"2024-03-03T22:37:12+00:00\" \/>\n<meta property=\"article:modified_time\" content=\"2024-03-03T22:37:14+00:00\" \/>\n<meta name=\"author\" content=\"autosdelpodio\" \/>\n<meta name=\"twitter:card\" content=\"summary_large_image\" \/>\n<meta name=\"twitter:creator\" content=\"@autosdelpodio\" \/>\n<meta name=\"twitter:site\" content=\"@autosdelpodio\" \/>\n<meta name=\"twitter:label1\" content=\"Escrito por\" \/>\n\t<meta name=\"twitter:data1\" content=\"autosdelpodio\" \/>\n\t<meta name=\"twitter:label2\" content=\"Tiempo de lectura\" \/>\n\t<meta name=\"twitter:data2\" content=\"1 minuto\" \/>\n<script type=\"application\/ld+json\" class=\"yoast-schema-graph\">{\"@context\":\"https:\\\/\\\/schema.org\",\"@graph\":[{\"@type\":\"Article\",\"@id\":\"http:\\\/\\\/autosdelpodio.com\\\/autos\\\/mouras-en-la-plata\\\/#article\",\"isPartOf\":{\"@id\":\"http:\\\/\\\/autosdelpodio.com\\\/autos\\\/mouras-en-la-plata\\\/\"},\"author\":{\"name\":\"autosdelpodio\",\"@id\":\"http:\\\/\\\/autosdelpodio.com\\\/autos\\\/#\\\/schema\\\/person\\\/993527a4d01c3acdd3d6bce3770bc942\"},\"headline\":\"Mouras en La Plata\",\"datePublished\":\"2024-03-03T22:37:12+00:00\",\"dateModified\":\"2024-03-03T22:37:14+00:00\",\"mainEntityOfPage\":{\"@id\":\"http:\\\/\\\/autosdelpodio.com\\\/autos\\\/mouras-en-la-plata\\\/\"},\"wordCount\":191,\"commentCount\":1,\"publisher\":{\"@id\":\"http:\\\/\\\/autosdelpodio.com\\\/autos\\\/#organization\"},\"keywords\":[\"ACTC\",\"Autodromo Mouras\",\"La Plata\",\"TC Mouras\",\"TCPM\"],\"articleSection\":[\"Recta Principal\",\"\u00daltimas noticias\"],\"inLanguage\":\"es\",\"potentialAction\":[{\"@type\":\"CommentAction\",\"name\":\"Comment\",\"target\":[\"http:\\\/\\\/autosdelpodio.com\\\/autos\\\/mouras-en-la-plata\\\/#respond\"]}]},{\"@type\":\"WebPage\",\"@id\":\"http:\\\/\\\/autosdelpodio.com\\\/autos\\\/mouras-en-la-plata\\\/\",\"url\":\"http:\\\/\\\/autosdelpodio.com\\\/autos\\\/mouras-en-la-plata\\\/\",\"name\":\"Autos del Podio | Mouras en La Plata\",\"isPartOf\":{\"@id\":\"http:\\\/\\\/autosdelpodio.com\\\/autos\\\/#website\"},\"datePublished\":\"2024-03-03T22:37:12+00:00\",\"dateModified\":\"2024-03-03T22:37:14+00:00\",\"description\":\"Autos del Podio Actividad intensa tuvo el Aut\u00f3dromo Mouras de la mano del TCM, TCPM y Turismo Pista\",\"breadcrumb\":{\"@id\":\"http:\\\/\\\/autosdelpodio.com\\\/autos\\\/mouras-en-la-plata\\\/#breadcrumb\"},\"inLanguage\":\"es\",\"potentialAction\":[{\"@type\":\"ReadAction\",\"target\":[\"http:\\\/\\\/autosdelpodio.com\\\/autos\\\/mouras-en-la-plata\\\/\"]}]},{\"@type\":\"BreadcrumbList\",\"@id\":\"http:\\\/\\\/autosdelpodio.com\\\/autos\\\/mouras-en-la-plata\\\/#breadcrumb\",\"itemListElement\":[{\"@type\":\"ListItem\",\"position\":1,\"name\":\"Portada\",\"item\":\"http:\\\/\\\/autosdelpodio.com\\\/autos\\\/\"},{\"@type\":\"ListItem\",\"position\":2,\"name\":\"Mouras en La Plata\"}]},{\"@type\":\"WebSite\",\"@id\":\"http:\\\/\\\/autosdelpodio.com\\\/autos\\\/#website\",\"url\":\"http:\\\/\\\/autosdelpodio.com\\\/autos\\\/\",\"name\":\"Autos del Podio\",\"description\":\"La sexta del deporte motor\",\"publisher\":{\"@id\":\"http:\\\/\\\/autosdelpodio.com\\\/autos\\\/#organization\"},\"potentialAction\":[{\"@type\":\"SearchAction\",\"target\":{\"@type\":\"EntryPoint\",\"urlTemplate\":\"http:\\\/\\\/autosdelpodio.com\\\/autos\\\/?s={search_term_string}\"},\"query-input\":{\"@type\":\"PropertyValueSpecification\",\"valueRequired\":true,\"valueName\":\"search_term_string\"}}],\"inLanguage\":\"es\"},{\"@type\":\"Organization\",\"@id\":\"http:\\\/\\\/autosdelpodio.com\\\/autos\\\/#organization\",\"name\":\"Autos del Podio\",\"url\":\"http:\\\/\\\/autosdelpodio.com\\\/autos\\\/\",\"logo\":{\"@type\":\"ImageObject\",\"inLanguage\":\"es\",\"@id\":\"http:\\\/\\\/autosdelpodio.com\\\/autos\\\/#\\\/schema\\\/logo\\\/image\\\/\",\"url\":\"http:\\\/\\\/autosdelpodio.com\\\/autos\\\/wp-content\\\/uploads\\\/2020\\\/08\\\/Logo_AR.jpg\",\"contentUrl\":\"http:\\\/\\\/autosdelpodio.com\\\/autos\\\/wp-content\\\/uploads\\\/2020\\\/08\\\/Logo_AR.jpg\",\"width\":1038,\"height\":1044,\"caption\":\"Autos del Podio\"},\"image\":{\"@id\":\"http:\\\/\\\/autosdelpodio.com\\\/autos\\\/#\\\/schema\\\/logo\\\/image\\\/\"},\"sameAs\":[\"https:\\\/\\\/www.facebook.com\\\/profile.php?id=100057192590976&amp;amp;amp;amp;amp;amp;amp;amp;amp;amp;amp;amp;amp;amp;amp;amp;amp;amp;ref=ts\",\"https:\\\/\\\/x.com\\\/autosdelpodio\",\"https:\\\/\\\/www.youtube.com\\\/user\\\/AutosdelPodio\"]},{\"@type\":\"Person\",\"@id\":\"http:\\\/\\\/autosdelpodio.com\\\/autos\\\/#\\\/schema\\\/person\\\/993527a4d01c3acdd3d6bce3770bc942\",\"name\":\"autosdelpodio\",\"image\":{\"@type\":\"ImageObject\",\"inLanguage\":\"es\",\"@id\":\"http:\\\/\\\/autosdelpodio.com\\\/autos\\\/wp-content\\\/litespeed\\\/avatar\\\/aa8f65cd201a80f6b844f63278aa84af.jpg?ver=1777403005\",\"url\":\"http:\\\/\\\/autosdelpodio.com\\\/autos\\\/wp-content\\\/litespeed\\\/avatar\\\/aa8f65cd201a80f6b844f63278aa84af.jpg?ver=1777403005\",\"contentUrl\":\"http:\\\/\\\/autosdelpodio.com\\\/autos\\\/wp-content\\\/litespeed\\\/avatar\\\/aa8f65cd201a80f6b844f63278aa84af.jpg?ver=1777403005\",\"caption\":\"autosdelpodio\"}}]}<\/script>\n<!-- \/ Yoast SEO plugin. -->","yoast_head_json":{"title":"Autos del Podio | Mouras en La Plata","description":"Autos del Podio Actividad intensa tuvo el Aut\u00f3dromo Mouras de la mano del TCM, TCPM y Turismo Pista","robots":{"index":"index","follow":"follow","max-snippet":"max-snippet:-1","max-image-preview":"max-image-preview:large","max-video-preview":"max-video-preview:-1"},"canonical":"http:\/\/autosdelpodio.com\/autos\/mouras-en-la-plata\/","og_locale":"es_ES","og_type":"article","og_title":"Autos del Podio | Mouras en La Plata","og_description":"Autos del Podio Actividad intensa tuvo el Aut\u00f3dromo Mouras de la mano del TCM, TCPM y Turismo Pista","og_url":"http:\/\/autosdelpodio.com\/autos\/mouras-en-la-plata\/","og_site_name":"Autos del Podio","article_publisher":"https:\/\/www.facebook.com\/profile.php?id=100057192590976&amp%3bamp%3bamp%3bamp%3bamp%3bamp%3bamp%3bamp%3bamp%3bamp%3bamp%3bamp%3bamp%3bamp%3bamp%3bamp%3bamp%3bamp%3bref=ts","article_published_time":"2024-03-03T22:37:12+00:00","article_modified_time":"2024-03-03T22:37:14+00:00","author":"autosdelpodio","twitter_card":"summary_large_image","twitter_creator":"@autosdelpodio","twitter_site":"@autosdelpodio","twitter_misc":{"Escrito por":"autosdelpodio","Tiempo de lectura":"1 minuto"},"schema":{"@context":"https:\/\/schema.org","@graph":[{"@type":"Article","@id":"http:\/\/autosdelpodio.com\/autos\/mouras-en-la-plata\/#article","isPartOf":{"@id":"http:\/\/autosdelpodio.com\/autos\/mouras-en-la-plata\/"},"author":{"name":"autosdelpodio","@id":"http:\/\/autosdelpodio.com\/autos\/#\/schema\/person\/993527a4d01c3acdd3d6bce3770bc942"},"headline":"Mouras en La Plata","datePublished":"2024-03-03T22:37:12+00:00","dateModified":"2024-03-03T22:37:14+00:00","mainEntityOfPage":{"@id":"http:\/\/autosdelpodio.com\/autos\/mouras-en-la-plata\/"},"wordCount":191,"commentCount":1,"publisher":{"@id":"http:\/\/autosdelpodio.com\/autos\/#organization"},"keywords":["ACTC","Autodromo Mouras","La Plata","TC Mouras","TCPM"],"articleSection":["Recta Principal","\u00daltimas noticias"],"inLanguage":"es","potentialAction":[{"@type":"CommentAction","name":"Comment","target":["http:\/\/autosdelpodio.com\/autos\/mouras-en-la-plata\/#respond"]}]},{"@type":"WebPage","@id":"http:\/\/autosdelpodio.com\/autos\/mouras-en-la-plata\/","url":"http:\/\/autosdelpodio.com\/autos\/mouras-en-la-plata\/","name":"Autos del Podio | Mouras en La Plata","isPartOf":{"@id":"http:\/\/autosdelpodio.com\/autos\/#website"},"datePublished":"2024-03-03T22:37:12+00:00","dateModified":"2024-03-03T22:37:14+00:00","description":"Autos del Podio Actividad intensa tuvo el Aut\u00f3dromo Mouras de la mano del TCM, TCPM y Turismo Pista","breadcrumb":{"@id":"http:\/\/autosdelpodio.com\/autos\/mouras-en-la-plata\/#breadcrumb"},"inLanguage":"es","potentialAction":[{"@type":"ReadAction","target":["http:\/\/autosdelpodio.com\/autos\/mouras-en-la-plata\/"]}]},{"@type":"BreadcrumbList","@id":"http:\/\/autosdelpodio.com\/autos\/mouras-en-la-plata\/#breadcrumb","itemListElement":[{"@type":"ListItem","position":1,"name":"Portada","item":"http:\/\/autosdelpodio.com\/autos\/"},{"@type":"ListItem","position":2,"name":"Mouras en La Plata"}]},{"@type":"WebSite","@id":"http:\/\/autosdelpodio.com\/autos\/#website","url":"http:\/\/autosdelpodio.com\/autos\/","name":"Autos del Podio","description":"La sexta del deporte motor","publisher":{"@id":"http:\/\/autosdelpodio.com\/autos\/#organization"},"potentialAction":[{"@type":"SearchAction","target":{"@type":"EntryPoint","urlTemplate":"http:\/\/autosdelpodio.com\/autos\/?s={search_term_string}"},"query-input":{"@type":"PropertyValueSpecification","valueRequired":true,"valueName":"search_term_string"}}],"inLanguage":"es"},{"@type":"Organization","@id":"http:\/\/autosdelpodio.com\/autos\/#organization","name":"Autos del Podio","url":"http:\/\/autosdelpodio.com\/autos\/","logo":{"@type":"ImageObject","inLanguage":"es","@id":"http:\/\/autosdelpodio.com\/autos\/#\/schema\/logo\/image\/","url":"http:\/\/autosdelpodio.com\/autos\/wp-content\/uploads\/2020\/08\/Logo_AR.jpg","contentUrl":"http:\/\/autosdelpodio.com\/autos\/wp-content\/uploads\/2020\/08\/Logo_AR.jpg","width":1038,"height":1044,"caption":"Autos del Podio"},"image":{"@id":"http:\/\/autosdelpodio.com\/autos\/#\/schema\/logo\/image\/"},"sameAs":["https:\/\/www.facebook.com\/profile.php?id=100057192590976&amp;amp;amp;amp;amp;amp;amp;amp;amp;amp;amp;amp;amp;amp;amp;amp;amp;amp;ref=ts","https:\/\/x.com\/autosdelpodio","https:\/\/www.youtube.com\/user\/AutosdelPodio"]},{"@type":"Person","@id":"http:\/\/autosdelpodio.com\/autos\/#\/schema\/person\/993527a4d01c3acdd3d6bce3770bc942","name":"autosdelpodio","image":{"@type":"ImageObject","inLanguage":"es","@id":"http:\/\/autosdelpodio.com\/autos\/wp-content\/litespeed\/avatar\/aa8f65cd201a80f6b844f63278aa84af.jpg?ver=1777403005","url":"http:\/\/autosdelpodio.com\/autos\/wp-content\/litespeed\/avatar\/aa8f65cd201a80f6b844f63278aa84af.jpg?ver=1777403005","contentUrl":"http:\/\/autosdelpodio.com\/autos\/wp-content\/litespeed\/avatar\/aa8f65cd201a80f6b844f63278aa84af.jpg?ver=1777403005","caption":"autosdelpodio"}}]}},"views":448,"_links":{"self":[{"href":"http:\/\/autosdelpodio.com\/autos\/wp-json\/wp\/v2\/posts\/7485","targetHints":{"allow":["GET"]}}],"collection":[{"href":"http:\/\/autosdelpodio.com\/autos\/wp-json\/wp\/v2\/posts"}],"about":[{"href":"http:\/\/autosdelpodio.com\/autos\/wp-json\/wp\/v2\/types\/post"}],"author":[{"embeddable":true,"href":"http:\/\/autosdelpodio.com\/autos\/wp-json\/wp\/v2\/users\/3"}],"replies":[{"embeddable":true,"href":"http:\/\/autosdelpodio.com\/autos\/wp-json\/wp\/v2\/comments?post=7485"}],"version-history":[{"count":2,"href":"http:\/\/autosdelpodio.com\/autos\/wp-json\/wp\/v2\/posts\/7485\/revisions"}],"predecessor-version":[{"id":7487,"href":"http:\/\/autosdelpodio.com\/autos\/wp-json\/wp\/v2\/posts\/7485\/revisions\/7487"}],"wp:attachment":[{"href":"http:\/\/autosdelpodio.com\/autos\/wp-json\/wp\/v2\/media?parent=7485"}],"wp:term":[{"taxonomy":"category","embeddable":true,"href":"http:\/\/autosdelpodio.com\/autos\/wp-json\/wp\/v2\/categories?post=7485"},{"taxonomy":"post_tag","embeddable":true,"href":"http:\/\/autosdelpodio.com\/autos\/wp-json\/wp\/v2\/tags?post=7485"}],"curies":[{"name":"wp","href":"https:\/\/api.w.org\/{rel}","templated":true}]}}