{"id":7508,"date":"2024-03-11T16:09:02","date_gmt":"2024-03-11T19:09:02","guid":{"rendered":"http:\/\/autosdelpodio.com\/autos\/?p=7508"},"modified":"2024-03-11T16:09:03","modified_gmt":"2024-03-11T19:09:03","slug":"automotrices-en-expoagro-2024","status":"publish","type":"post","link":"http:\/\/autosdelpodio.com\/autos\/automotrices-en-expoagro-2024\/","title":{"rendered":"Automotrices en Expoagro 2024"},"content":{"rendered":"\n<p>Expoagro es un term\u00f3metro de la actividad agroindustrial del pa\u00eds con ramificaciones en otras \u00e1reas de la producci\u00f3n. La industria automotriz es una de ellas y eso de por s\u00ed justifica la presencia de compa\u00f1\u00edas del sector para la exhibici\u00f3n de sus productos, tanto nacionales como importados.<\/p>\n\n\n\n<p>Teni\u00e9ndose en cuenta que el 95 % del tr\u00e1fico de productos del agro se canaliza a trav\u00e9s de camiones, las automotrices focalizaron la presencia de este tipo de veh\u00edculos en la mayor\u00eda de los stands.<\/p>\n\n\n\n<p>Visitamos la edici\u00f3n 2024 de la muestra que se realiza en el aut\u00f3dromo de San Nicol\u00e1s en la jornada de inauguraci\u00f3n. Fue un d\u00eda muy especial marcado por la presencia del presidente, Javier Milei, y algunos funcionarios de su gobierno como el ministro del Interior, Guillermo Francos, y el secretario de Agricultura, Ganader\u00eda y Pesca, Fernando Vilella. Tambi\u00e9n se dieron cita los gobernadores de las provincias de C\u00f3rdoba, Santa Fe y Entre R\u00edos.<\/p>\n\n\n\n<p>La recorrida por los diferentes stands de cada marca nos permiti\u00f3 registrar las expectativas de sus referentes a partir del nuevo marco establecido con el cambio de gobierno.<\/p>\n\n\n\n<p>A pesar de los n\u00fameros preocupantes con los que comenz\u00f3 2024, con una ca\u00edda en las ventas que oscila entre el 35 y el 40 % seg\u00fan las empresas, sus directivos se muestran optimistas en relaci\u00f3n a la evoluci\u00f3n de la macroeconom\u00eda en general y del sector automotor en particular. Algunos proyectan una mejor\u00eda hacia fines de este a\u00f1o y otros para comienzos de 2025. A corto plazo se apuesta a la recuperaci\u00f3n de la actividad del transporte a partir del incremento de los vol\u00famenes de la cosecha de man\u00ed, soja, ma\u00edz y trigo, luego de la intensa sequ\u00eda del a\u00f1o pasado.<\/p>\n\n\n\n<h3 class=\"wp-block-heading\"><strong>Pocas novedades<\/strong><\/h3>\n\n\n\n<p>Las novedades fueron pocas en general y mucho menos en relaci\u00f3n a la producci\u00f3n nacional. Volkswagen exhibi\u00f3 el cami\u00f3n Delivery 11.180 que ya comenz\u00f3 a producirse en su planta de C\u00f3rdoba y tambi\u00e9n una novedosa versi\u00f3n 4\u00d74 del mismo modelo. El stand de la marca alemana se completaba con sus otros modelos de producci\u00f3n nacional, Amarok y Taos, una Saveiro \u201cExtreme\u201d, y con exponentes de la gama de la divisi\u00f3n Camiones y Buses como los camiones Constellation y Meteor.<\/p>\n\n\n\n<p>Iveco dispuso de un amplio stand donde destacaron los camiones de alta gama nacionales como el Stralis Hi-Way Cursor 13 y el Hi-Road Cursor 9, y tambi\u00e9n la gama Tector. Como parte de su compromiso con el medio ambiente, en el sector Natural Power la marca establecida en C\u00f3rdoba exhibi\u00f3 sus productos nacionales a GNC como el Tector GNC y el Bus 170G21. Cerca de ellos estaba el Iveco eDaily 72-Elec, veh\u00edculo de propulsi\u00f3n el\u00e9ctrica, recientemente presentado a los medios (<a href=\"https:\/\/autosyclubes.com.ar\/contacto-iveco-edaily-72-elec\/\" target=\"_blank\" rel=\"noreferrer noopener\">ver nota<\/a>).<\/p>\n\n\n\n<p>Otra empresa que expuso una amplia gama de veh\u00edculos utilitarios fue Foton. La marca china, representada en el pa\u00eds por el Grupo Iraola, estuvo presente con la l\u00ednea de comerciales ultralivianos TM1 y los camiones livianos Aumark (versiones 815, 916 y 1016), ambas de producci\u00f3n nacional. Como novedad, present\u00f3 la nueva l\u00ednea de pesados Auman R.<\/p>\n\n\n\n<p>Por su parte, Ford cubri\u00f3 el stand con las pick ups Ranger, Maverick en versi\u00f3n h\u00edbrida y F-150 Raptor. La gama se complet\u00f3 con los SUV Bronco Sport, Territory y Kuga. Entre las novedades se destacaron el Bronco Wildtrak, que ser\u00e1 comercializado a partir del segundo semestre del a\u00f1o, y la E-Transit, la opci\u00f3n 100% el\u00e9ctrica del utilitario frontal del \u00f3valo que ya est\u00e1 a la venta.<\/p>\n\n\n\n<figure class=\"wp-block-image aligncenter size-full\"><img fetchpriority=\"high\" decoding=\"async\" width=\"500\" height=\"371\" src=\"http:\/\/autosdelpodio.com\/autos\/wp-content\/uploads\/2024\/03\/Bronco_Expo_Agro_24.png\" alt=\"\" class=\"wp-image-7509\" srcset=\"http:\/\/autosdelpodio.com\/autos\/wp-content\/uploads\/2024\/03\/Bronco_Expo_Agro_24.png 500w, http:\/\/autosdelpodio.com\/autos\/wp-content\/uploads\/2024\/03\/Bronco_Expo_Agro_24-300x223.png 300w\" sizes=\"(max-width: 500px) 100vw, 500px\" \/><figcaption class=\"wp-element-caption\"><em>Ford Bronco Wildtrak, el lado salvaje de Ford. Llegar\u00e1 en el segundo semestre.<br><\/em><\/figcaption><\/figure>\n\n\n\n<p><span style=\"color: rgb(34, 34, 34); font-family: &quot;Open Sans&quot;, &quot;Helvetica Neue&quot;, Helvetica, Arial, sans-serif; font-size: 16px; white-space: normal;\">Scania dispuso de sus camiones S 540 A6x4 con un carret\u00f3n, R620 A6x4 con un bitren cerealero, S 540 A4x2 con una tolva cerealera, y un G 410 A6x2 propulsado a GNC potenciado con la nueva mochila de gas para camiones de la l\u00ednea Green Efficiency.<\/span><p style=\"box-sizing: border-box; margin: 0px 0px 1.3em; padding: 0px; color: rgb(34, 34, 34); font-family: &quot;Open Sans&quot;, &quot;Helvetica Neue&quot;, Helvetica, Arial, sans-serif; font-size: 16px; white-space: normal;\">La otra compa\u00f1\u00eda sueca, Volvo, regres\u00f3 a Expoagro luego de unos a\u00f1os de ausencia y present\u00f3 la novedosa la l\u00ednea de semipesados VM en configuraciones 4\u00d72 y 6\u00d72, en tractor o r\u00edgido y en versiones VM y VMX. La gama est\u00e1 equipada con los nuevos motores D8C de 6 cilindros y 8 litros, de dise\u00f1o y fabricaci\u00f3n propia. El stand se complet\u00f3 con los modelos de la l\u00ednea F, como el FM, FH y FMX.<\/p><\/p>\n\n\n\n<p>Por \u00faltimo, Honda integr\u00f3 su espacio con una amplia gama de productos que incluy\u00f3 motocicletas, autos, productos de fuerza y marina. La principal novedad de la marca japonesa fue el motor fuera de borda BF350, el primero en configuraci\u00f3n \u00a0V8 de Honda. En el sector de autom\u00f3viles expuso sus m\u00e1s recientes SUV: ZR-V y CR-V.<\/p>\n\n\n\n<p><em>Foto y texto: Gustavo Feder, editor de <a href=\"http:\/\/autosdelpodio.com\/autos\/curso-de-historia-del-auto-argentino-3\/\">Autohistoria<\/a><\/em><\/p>\n","protected":false},"excerpt":{"rendered":"<p>Expoagro es un term\u00f3metro de la actividad agroindustrial del pa\u00eds con ramificaciones en otras \u00e1reas de la producci\u00f3n. La industria<\/p>\n","protected":false},"author":3,"featured_media":7513,"comment_status":"open","ping_status":"open","sticky":false,"template":"","format":"standard","meta":{"colormag_page_container_layout":"default_layout","colormag_page_sidebar_layout":"default_layout","footnotes":""},"categories":[6,5],"tags":[791,66,32,208,35,356],"class_list":["post-7508","post","type-post","status-publish","format-standard","has-post-thumbnail","hentry","category-newsflash","category-latest-news","tag-expo-agro","tag-gustavo-feder","tag-industria-automotriz","tag-produccion","tag-republica-argentina","tag-san-nicolas"],"yoast_head":"<!-- This site is optimized with the Yoast SEO plugin v27.4 - https:\/\/yoast.com\/product\/yoast-seo-wordpress\/ -->\n<title>Autos del Podio | Automotrices en Expoagro 2024<\/title>\n<meta name=\"description\" content=\"Autos del Podio Del 5 al 8 de marzo, se realiz\u00f3 Expoagro 2024 en el predio ferial y aut\u00f3dromo de San Nicol\u00e1s, provincia de Buenos Aires.\" \/>\n<meta name=\"robots\" content=\"index, follow, max-snippet:-1, max-image-preview:large, max-video-preview:-1\" \/>\n<link rel=\"canonical\" href=\"https:\/\/autosdelpodio.com\/autos\/automotrices-en-expoagro-2024\/\" \/>\n<meta property=\"og:locale\" content=\"es_ES\" \/>\n<meta property=\"og:type\" content=\"article\" \/>\n<meta property=\"og:title\" content=\"Autos del Podio | Automotrices en Expoagro 2024\" \/>\n<meta property=\"og:description\" content=\"Autos del Podio Del 5 al 8 de marzo, se realiz\u00f3 Expoagro 2024 en el predio ferial y aut\u00f3dromo de San Nicol\u00e1s, provincia de Buenos Aires.\" \/>\n<meta property=\"og:url\" content=\"https:\/\/autosdelpodio.com\/autos\/automotrices-en-expoagro-2024\/\" \/>\n<meta property=\"og:site_name\" content=\"Autos del Podio\" \/>\n<meta property=\"article:publisher\" content=\"https:\/\/www.facebook.com\/profile.php?id=100057192590976&amp;amp%3bamp%3bamp%3bamp%3bamp%3bamp%3bamp%3bamp%3bamp%3bamp%3bamp%3bamp%3bamp%3bamp%3bamp%3bamp%3bamp%3bamp%3bref=ts\" \/>\n<meta property=\"article:published_time\" content=\"2024-03-11T19:09:02+00:00\" \/>\n<meta property=\"article:modified_time\" content=\"2024-03-11T19:09:03+00:00\" \/>\n<meta property=\"og:image\" content=\"https:\/\/autosdelpodio.com\/autos\/wp-content\/uploads\/2024\/03\/Expo_Agro_2024.png\" \/>\n\t<meta property=\"og:image:width\" content=\"500\" \/>\n\t<meta property=\"og:image:height\" content=\"325\" \/>\n\t<meta property=\"og:image:type\" content=\"image\/png\" \/>\n<meta name=\"author\" content=\"autosdelpodio\" \/>\n<meta name=\"twitter:card\" content=\"summary_large_image\" \/>\n<meta name=\"twitter:creator\" content=\"@autosdelpodio\" \/>\n<meta name=\"twitter:site\" content=\"@autosdelpodio\" \/>\n<meta name=\"twitter:label1\" content=\"Escrito por\" \/>\n\t<meta name=\"twitter:data1\" content=\"autosdelpodio\" \/>\n\t<meta name=\"twitter:label2\" content=\"Tiempo de lectura\" \/>\n\t<meta name=\"twitter:data2\" content=\"1 minuto\" \/>\n<script type=\"application\/ld+json\" class=\"yoast-schema-graph\">{\"@context\":\"https:\\\/\\\/schema.org\",\"@graph\":[{\"@type\":\"Article\",\"@id\":\"https:\\\/\\\/autosdelpodio.com\\\/autos\\\/automotrices-en-expoagro-2024\\\/#article\",\"isPartOf\":{\"@id\":\"https:\\\/\\\/autosdelpodio.com\\\/autos\\\/automotrices-en-expoagro-2024\\\/\"},\"author\":{\"name\":\"autosdelpodio\",\"@id\":\"http:\\\/\\\/autosdelpodio.com\\\/autos\\\/#\\\/schema\\\/person\\\/993527a4d01c3acdd3d6bce3770bc942\"},\"headline\":\"Automotrices en Expoagro 2024\",\"datePublished\":\"2024-03-11T19:09:02+00:00\",\"dateModified\":\"2024-03-11T19:09:03+00:00\",\"mainEntityOfPage\":{\"@id\":\"https:\\\/\\\/autosdelpodio.com\\\/autos\\\/automotrices-en-expoagro-2024\\\/\"},\"wordCount\":820,\"commentCount\":0,\"publisher\":{\"@id\":\"http:\\\/\\\/autosdelpodio.com\\\/autos\\\/#organization\"},\"image\":{\"@id\":\"https:\\\/\\\/autosdelpodio.com\\\/autos\\\/automotrices-en-expoagro-2024\\\/#primaryimage\"},\"thumbnailUrl\":\"http:\\\/\\\/autosdelpodio.com\\\/autos\\\/wp-content\\\/uploads\\\/2024\\\/03\\\/Expo_Agro_2024.png\",\"keywords\":[\"Expo Agro\",\"Gustavo Feder\",\"Industria Automotriz\",\"Producci\u00f3n\",\"Republica Argentina\",\"San Nicol\u00e1s\"],\"articleSection\":[\"Destacado\",\"\u00daltimas noticias\"],\"inLanguage\":\"es\",\"potentialAction\":[{\"@type\":\"CommentAction\",\"name\":\"Comment\",\"target\":[\"https:\\\/\\\/autosdelpodio.com\\\/autos\\\/automotrices-en-expoagro-2024\\\/#respond\"]}]},{\"@type\":\"WebPage\",\"@id\":\"https:\\\/\\\/autosdelpodio.com\\\/autos\\\/automotrices-en-expoagro-2024\\\/\",\"url\":\"https:\\\/\\\/autosdelpodio.com\\\/autos\\\/automotrices-en-expoagro-2024\\\/\",\"name\":\"Autos del Podio | Automotrices en Expoagro 2024\",\"isPartOf\":{\"@id\":\"http:\\\/\\\/autosdelpodio.com\\\/autos\\\/#website\"},\"primaryImageOfPage\":{\"@id\":\"https:\\\/\\\/autosdelpodio.com\\\/autos\\\/automotrices-en-expoagro-2024\\\/#primaryimage\"},\"image\":{\"@id\":\"https:\\\/\\\/autosdelpodio.com\\\/autos\\\/automotrices-en-expoagro-2024\\\/#primaryimage\"},\"thumbnailUrl\":\"http:\\\/\\\/autosdelpodio.com\\\/autos\\\/wp-content\\\/uploads\\\/2024\\\/03\\\/Expo_Agro_2024.png\",\"datePublished\":\"2024-03-11T19:09:02+00:00\",\"dateModified\":\"2024-03-11T19:09:03+00:00\",\"description\":\"Autos del Podio Del 5 al 8 de marzo, se realiz\u00f3 Expoagro 2024 en el predio ferial y aut\u00f3dromo de San Nicol\u00e1s, provincia de Buenos Aires.\",\"breadcrumb\":{\"@id\":\"https:\\\/\\\/autosdelpodio.com\\\/autos\\\/automotrices-en-expoagro-2024\\\/#breadcrumb\"},\"inLanguage\":\"es\",\"potentialAction\":[{\"@type\":\"ReadAction\",\"target\":[\"https:\\\/\\\/autosdelpodio.com\\\/autos\\\/automotrices-en-expoagro-2024\\\/\"]}]},{\"@type\":\"ImageObject\",\"inLanguage\":\"es\",\"@id\":\"https:\\\/\\\/autosdelpodio.com\\\/autos\\\/automotrices-en-expoagro-2024\\\/#primaryimage\",\"url\":\"http:\\\/\\\/autosdelpodio.com\\\/autos\\\/wp-content\\\/uploads\\\/2024\\\/03\\\/Expo_Agro_2024.png\",\"contentUrl\":\"http:\\\/\\\/autosdelpodio.com\\\/autos\\\/wp-content\\\/uploads\\\/2024\\\/03\\\/Expo_Agro_2024.png\",\"width\":500,\"height\":325},{\"@type\":\"BreadcrumbList\",\"@id\":\"https:\\\/\\\/autosdelpodio.com\\\/autos\\\/automotrices-en-expoagro-2024\\\/#breadcrumb\",\"itemListElement\":[{\"@type\":\"ListItem\",\"position\":1,\"name\":\"Portada\",\"item\":\"http:\\\/\\\/autosdelpodio.com\\\/autos\\\/\"},{\"@type\":\"ListItem\",\"position\":2,\"name\":\"Automotrices en Expoagro 2024\"}]},{\"@type\":\"WebSite\",\"@id\":\"http:\\\/\\\/autosdelpodio.com\\\/autos\\\/#website\",\"url\":\"http:\\\/\\\/autosdelpodio.com\\\/autos\\\/\",\"name\":\"Autos del Podio\",\"description\":\"La sexta del deporte motor\",\"publisher\":{\"@id\":\"http:\\\/\\\/autosdelpodio.com\\\/autos\\\/#organization\"},\"potentialAction\":[{\"@type\":\"SearchAction\",\"target\":{\"@type\":\"EntryPoint\",\"urlTemplate\":\"http:\\\/\\\/autosdelpodio.com\\\/autos\\\/?s={search_term_string}\"},\"query-input\":{\"@type\":\"PropertyValueSpecification\",\"valueRequired\":true,\"valueName\":\"search_term_string\"}}],\"inLanguage\":\"es\"},{\"@type\":\"Organization\",\"@id\":\"http:\\\/\\\/autosdelpodio.com\\\/autos\\\/#organization\",\"name\":\"Autos del Podio\",\"url\":\"http:\\\/\\\/autosdelpodio.com\\\/autos\\\/\",\"logo\":{\"@type\":\"ImageObject\",\"inLanguage\":\"es\",\"@id\":\"http:\\\/\\\/autosdelpodio.com\\\/autos\\\/#\\\/schema\\\/logo\\\/image\\\/\",\"url\":\"http:\\\/\\\/autosdelpodio.com\\\/autos\\\/wp-content\\\/uploads\\\/2020\\\/08\\\/Logo_AR.jpg\",\"contentUrl\":\"http:\\\/\\\/autosdelpodio.com\\\/autos\\\/wp-content\\\/uploads\\\/2020\\\/08\\\/Logo_AR.jpg\",\"width\":1038,\"height\":1044,\"caption\":\"Autos del Podio\"},\"image\":{\"@id\":\"http:\\\/\\\/autosdelpodio.com\\\/autos\\\/#\\\/schema\\\/logo\\\/image\\\/\"},\"sameAs\":[\"https:\\\/\\\/www.facebook.com\\\/profile.php?id=100057192590976&amp;amp;amp;amp;amp;amp;amp;amp;amp;amp;amp;amp;amp;amp;amp;amp;amp;amp;ref=ts\",\"https:\\\/\\\/x.com\\\/autosdelpodio\",\"https:\\\/\\\/www.youtube.com\\\/user\\\/AutosdelPodio\"]},{\"@type\":\"Person\",\"@id\":\"http:\\\/\\\/autosdelpodio.com\\\/autos\\\/#\\\/schema\\\/person\\\/993527a4d01c3acdd3d6bce3770bc942\",\"name\":\"autosdelpodio\",\"image\":{\"@type\":\"ImageObject\",\"inLanguage\":\"es\",\"@id\":\"http:\\\/\\\/autosdelpodio.com\\\/autos\\\/wp-content\\\/litespeed\\\/avatar\\\/aa8f65cd201a80f6b844f63278aa84af.jpg?ver=1776798175\",\"url\":\"http:\\\/\\\/autosdelpodio.com\\\/autos\\\/wp-content\\\/litespeed\\\/avatar\\\/aa8f65cd201a80f6b844f63278aa84af.jpg?ver=1776798175\",\"contentUrl\":\"http:\\\/\\\/autosdelpodio.com\\\/autos\\\/wp-content\\\/litespeed\\\/avatar\\\/aa8f65cd201a80f6b844f63278aa84af.jpg?ver=1776798175\",\"caption\":\"autosdelpodio\"}}]}<\/script>\n<!-- \/ Yoast SEO plugin. -->","yoast_head_json":{"title":"Autos del Podio | Automotrices en Expoagro 2024","description":"Autos del Podio Del 5 al 8 de marzo, se realiz\u00f3 Expoagro 2024 en el predio ferial y aut\u00f3dromo de San Nicol\u00e1s, provincia de Buenos Aires.","robots":{"index":"index","follow":"follow","max-snippet":"max-snippet:-1","max-image-preview":"max-image-preview:large","max-video-preview":"max-video-preview:-1"},"canonical":"https:\/\/autosdelpodio.com\/autos\/automotrices-en-expoagro-2024\/","og_locale":"es_ES","og_type":"article","og_title":"Autos del Podio | Automotrices en Expoagro 2024","og_description":"Autos del Podio Del 5 al 8 de marzo, se realiz\u00f3 Expoagro 2024 en el predio ferial y aut\u00f3dromo de San Nicol\u00e1s, provincia de Buenos Aires.","og_url":"https:\/\/autosdelpodio.com\/autos\/automotrices-en-expoagro-2024\/","og_site_name":"Autos del Podio","article_publisher":"https:\/\/www.facebook.com\/profile.php?id=100057192590976&amp%3bamp%3bamp%3bamp%3bamp%3bamp%3bamp%3bamp%3bamp%3bamp%3bamp%3bamp%3bamp%3bamp%3bamp%3bamp%3bamp%3bamp%3bref=ts","article_published_time":"2024-03-11T19:09:02+00:00","article_modified_time":"2024-03-11T19:09:03+00:00","og_image":[{"width":500,"height":325,"url":"https:\/\/autosdelpodio.com\/autos\/wp-content\/uploads\/2024\/03\/Expo_Agro_2024.png","type":"image\/png"}],"author":"autosdelpodio","twitter_card":"summary_large_image","twitter_creator":"@autosdelpodio","twitter_site":"@autosdelpodio","twitter_misc":{"Escrito por":"autosdelpodio","Tiempo de lectura":"1 minuto"},"schema":{"@context":"https:\/\/schema.org","@graph":[{"@type":"Article","@id":"https:\/\/autosdelpodio.com\/autos\/automotrices-en-expoagro-2024\/#article","isPartOf":{"@id":"https:\/\/autosdelpodio.com\/autos\/automotrices-en-expoagro-2024\/"},"author":{"name":"autosdelpodio","@id":"http:\/\/autosdelpodio.com\/autos\/#\/schema\/person\/993527a4d01c3acdd3d6bce3770bc942"},"headline":"Automotrices en Expoagro 2024","datePublished":"2024-03-11T19:09:02+00:00","dateModified":"2024-03-11T19:09:03+00:00","mainEntityOfPage":{"@id":"https:\/\/autosdelpodio.com\/autos\/automotrices-en-expoagro-2024\/"},"wordCount":820,"commentCount":0,"publisher":{"@id":"http:\/\/autosdelpodio.com\/autos\/#organization"},"image":{"@id":"https:\/\/autosdelpodio.com\/autos\/automotrices-en-expoagro-2024\/#primaryimage"},"thumbnailUrl":"http:\/\/autosdelpodio.com\/autos\/wp-content\/uploads\/2024\/03\/Expo_Agro_2024.png","keywords":["Expo Agro","Gustavo Feder","Industria Automotriz","Producci\u00f3n","Republica Argentina","San Nicol\u00e1s"],"articleSection":["Destacado","\u00daltimas noticias"],"inLanguage":"es","potentialAction":[{"@type":"CommentAction","name":"Comment","target":["https:\/\/autosdelpodio.com\/autos\/automotrices-en-expoagro-2024\/#respond"]}]},{"@type":"WebPage","@id":"https:\/\/autosdelpodio.com\/autos\/automotrices-en-expoagro-2024\/","url":"https:\/\/autosdelpodio.com\/autos\/automotrices-en-expoagro-2024\/","name":"Autos del Podio | Automotrices en Expoagro 2024","isPartOf":{"@id":"http:\/\/autosdelpodio.com\/autos\/#website"},"primaryImageOfPage":{"@id":"https:\/\/autosdelpodio.com\/autos\/automotrices-en-expoagro-2024\/#primaryimage"},"image":{"@id":"https:\/\/autosdelpodio.com\/autos\/automotrices-en-expoagro-2024\/#primaryimage"},"thumbnailUrl":"http:\/\/autosdelpodio.com\/autos\/wp-content\/uploads\/2024\/03\/Expo_Agro_2024.png","datePublished":"2024-03-11T19:09:02+00:00","dateModified":"2024-03-11T19:09:03+00:00","description":"Autos del Podio Del 5 al 8 de marzo, se realiz\u00f3 Expoagro 2024 en el predio ferial y aut\u00f3dromo de San Nicol\u00e1s, provincia de Buenos Aires.","breadcrumb":{"@id":"https:\/\/autosdelpodio.com\/autos\/automotrices-en-expoagro-2024\/#breadcrumb"},"inLanguage":"es","potentialAction":[{"@type":"ReadAction","target":["https:\/\/autosdelpodio.com\/autos\/automotrices-en-expoagro-2024\/"]}]},{"@type":"ImageObject","inLanguage":"es","@id":"https:\/\/autosdelpodio.com\/autos\/automotrices-en-expoagro-2024\/#primaryimage","url":"http:\/\/autosdelpodio.com\/autos\/wp-content\/uploads\/2024\/03\/Expo_Agro_2024.png","contentUrl":"http:\/\/autosdelpodio.com\/autos\/wp-content\/uploads\/2024\/03\/Expo_Agro_2024.png","width":500,"height":325},{"@type":"BreadcrumbList","@id":"https:\/\/autosdelpodio.com\/autos\/automotrices-en-expoagro-2024\/#breadcrumb","itemListElement":[{"@type":"ListItem","position":1,"name":"Portada","item":"http:\/\/autosdelpodio.com\/autos\/"},{"@type":"ListItem","position":2,"name":"Automotrices en Expoagro 2024"}]},{"@type":"WebSite","@id":"http:\/\/autosdelpodio.com\/autos\/#website","url":"http:\/\/autosdelpodio.com\/autos\/","name":"Autos del Podio","description":"La sexta del deporte motor","publisher":{"@id":"http:\/\/autosdelpodio.com\/autos\/#organization"},"potentialAction":[{"@type":"SearchAction","target":{"@type":"EntryPoint","urlTemplate":"http:\/\/autosdelpodio.com\/autos\/?s={search_term_string}"},"query-input":{"@type":"PropertyValueSpecification","valueRequired":true,"valueName":"search_term_string"}}],"inLanguage":"es"},{"@type":"Organization","@id":"http:\/\/autosdelpodio.com\/autos\/#organization","name":"Autos del Podio","url":"http:\/\/autosdelpodio.com\/autos\/","logo":{"@type":"ImageObject","inLanguage":"es","@id":"http:\/\/autosdelpodio.com\/autos\/#\/schema\/logo\/image\/","url":"http:\/\/autosdelpodio.com\/autos\/wp-content\/uploads\/2020\/08\/Logo_AR.jpg","contentUrl":"http:\/\/autosdelpodio.com\/autos\/wp-content\/uploads\/2020\/08\/Logo_AR.jpg","width":1038,"height":1044,"caption":"Autos del Podio"},"image":{"@id":"http:\/\/autosdelpodio.com\/autos\/#\/schema\/logo\/image\/"},"sameAs":["https:\/\/www.facebook.com\/profile.php?id=100057192590976&amp;amp;amp;amp;amp;amp;amp;amp;amp;amp;amp;amp;amp;amp;amp;amp;amp;amp;ref=ts","https:\/\/x.com\/autosdelpodio","https:\/\/www.youtube.com\/user\/AutosdelPodio"]},{"@type":"Person","@id":"http:\/\/autosdelpodio.com\/autos\/#\/schema\/person\/993527a4d01c3acdd3d6bce3770bc942","name":"autosdelpodio","image":{"@type":"ImageObject","inLanguage":"es","@id":"http:\/\/autosdelpodio.com\/autos\/wp-content\/litespeed\/avatar\/aa8f65cd201a80f6b844f63278aa84af.jpg?ver=1776798175","url":"http:\/\/autosdelpodio.com\/autos\/wp-content\/litespeed\/avatar\/aa8f65cd201a80f6b844f63278aa84af.jpg?ver=1776798175","contentUrl":"http:\/\/autosdelpodio.com\/autos\/wp-content\/litespeed\/avatar\/aa8f65cd201a80f6b844f63278aa84af.jpg?ver=1776798175","caption":"autosdelpodio"}}]}},"views":547,"_links":{"self":[{"href":"http:\/\/autosdelpodio.com\/autos\/wp-json\/wp\/v2\/posts\/7508","targetHints":{"allow":["GET"]}}],"collection":[{"href":"http:\/\/autosdelpodio.com\/autos\/wp-json\/wp\/v2\/posts"}],"about":[{"href":"http:\/\/autosdelpodio.com\/autos\/wp-json\/wp\/v2\/types\/post"}],"author":[{"embeddable":true,"href":"http:\/\/autosdelpodio.com\/autos\/wp-json\/wp\/v2\/users\/3"}],"replies":[{"embeddable":true,"href":"http:\/\/autosdelpodio.com\/autos\/wp-json\/wp\/v2\/comments?post=7508"}],"version-history":[{"count":4,"href":"http:\/\/autosdelpodio.com\/autos\/wp-json\/wp\/v2\/posts\/7508\/revisions"}],"predecessor-version":[{"id":7514,"href":"http:\/\/autosdelpodio.com\/autos\/wp-json\/wp\/v2\/posts\/7508\/revisions\/7514"}],"wp:featuredmedia":[{"embeddable":true,"href":"http:\/\/autosdelpodio.com\/autos\/wp-json\/wp\/v2\/media\/7513"}],"wp:attachment":[{"href":"http:\/\/autosdelpodio.com\/autos\/wp-json\/wp\/v2\/media?parent=7508"}],"wp:term":[{"taxonomy":"category","embeddable":true,"href":"http:\/\/autosdelpodio.com\/autos\/wp-json\/wp\/v2\/categories?post=7508"},{"taxonomy":"post_tag","embeddable":true,"href":"http:\/\/autosdelpodio.com\/autos\/wp-json\/wp\/v2\/tags?post=7508"}],"curies":[{"name":"wp","href":"https:\/\/api.w.org\/{rel}","templated":true}]}}