{"id":7528,"date":"2024-03-21T20:15:12","date_gmt":"2024-03-21T23:15:12","guid":{"rendered":"http:\/\/autosdelpodio.com\/autos\/?p=7528"},"modified":"2024-03-21T20:15:13","modified_gmt":"2024-03-21T23:15:13","slug":"nueva-planta-de-mercedes-benz-en-argentina","status":"publish","type":"post","link":"http:\/\/autosdelpodio.com\/autos\/nueva-planta-de-mercedes-benz-en-argentina\/","title":{"rendered":"Nueva planta de Mercedes-Benz en Argentina"},"content":{"rendered":"\n<p>Mercedes-Benz Camiones y Buses, empresa perteneciente al grupo Daimler Truck Group AG, anunci\u00f3 la construcci\u00f3n de una nueva planta de producci\u00f3n destinada a la fabricaci\u00f3n de los camiones Accelo y Atego y de los chasis de buses OH y OF que comenzar\u00e1 a operar en el primer trimestre de 2026. Con este anuncio, se completa un ciclo de USD 110 millones invertidos en el pa\u00eds por Mercedes-Benz Camiones y Buses desde la creaci\u00f3n de la compa\u00f1\u00eda en diciembre 2021.<\/p>\n\n\n\n<p>La nueva f\u00e1brica completar\u00e1 el Centro Industrial que la empresa est\u00e1 desarrollando en la localidad bonaerense de Z\u00e1rate. M\u00e1s precisamente ubicado en el kil\u00f3metro 90 de la ruta nacional N\u00b0 9, en \u00e9l ya se est\u00e1 edificando un nuevo centro de autopartes y repuestos que comenzar\u00e1 a operar en el segundo semestre de este a\u00f1o.<\/p>\n\n\n\n<p><em>\u201cEsta nueva planta es el hito fundante del futuro de Mercedes-Benz Camiones y Buses en Argentina y, a la vez, una prueba concreta del compromiso que tenemos con el pa\u00eds. Coronamos un ciclo de inversiones para darle forma al futuro de nuestra compa\u00f1\u00eda operando de manera independiente, con mejores oportunidades en t\u00e9rminos de productividad y mayor flexibilidad para incorporar potenciales nuevos proyectos\u201d<\/em>, explic\u00f3 Ra\u00fal Barcesat, CEO de Mercedes-Benz Camiones y Buses Argentina.<\/p>\n\n\n\n<h4 class=\"wp-block-heading\"><strong>Una nueva etapa<\/strong><\/h4>\n\n\n\n<p>La construcci\u00f3n de la nueva planta culmina la etapa de desarrollar una operaci\u00f3n exclusiva y totalmente independiente para Mercedes-Benz Camiones y Buses ya que todo el Centro Industrial funcionar\u00e1 en su propio predio. Esto significa que, a partir del primer trimestre 2026, cesar\u00e1n todas las operaciones y tareas que hoy en d\u00eda se desarrollan en las actuales instalaciones de Centro Industrial Juan Manual Fangio ubicado en Virrey del Pino, provincia de Buenos Aires.<\/p>\n\n\n\n<p>El enfoque de las nuevas instalaciones contempla, desde un inicio, todas las medidas concernientes a desarrollar una operaci\u00f3n que mitigue el impacto ambiental propio de cualquier proceso productivo. Esto significa que se enmarcan en los exigentes est\u00e1ndares de Daimler Truck en esta materia que est\u00e1n vigentes en las diferentes plantas de producci\u00f3n que la compa\u00f1\u00eda tiene en el mundo.<\/p>\n\n\n\n<p>El proyecto del nuevo Centro Industrial contempla la relocalizaci\u00f3n de las l\u00edneas de producci\u00f3n de camiones y de chasis de buses, de la \u00fanica planta de remanufactura de piezas del pa\u00eds denominada REMAN y de todas las \u00e1reas que hoy pertenecen a la operaci\u00f3n de Mercedes-Benz Camiones y Buses en el Centro Industrial Juan Manuel Fangio de Virrey del Pino.<\/p>\n\n\n\n<p>Las oficinas administrativas de la empresa, el Training Center y SelecTrucks continuar\u00e1n funcionando en sus actuales instalaciones ubicadas en Munro, Tortuguitas y Pilar, respectivamente, de la provincia de Buenos Aires.<\/p>\n\n\n\n<p>En la actualidad, Mercedes-Benz Camiones y Buses de Argentina emplea directamente a m\u00e1s de 500 colaboradores e indirectamente a otras 2000 distribuidas en sus 24 Concesionarios Oficiales y m\u00e1s de 45 puntos de venta y postventa en todo el pa\u00eds.<\/p>\n\n\n\n<p>Si bien opera bajo el nombre de Mercedes-Benz Camiones y Buses Argentina desde diciembre 2021, tras finalizar la separaci\u00f3n de Mercedes-Benz Argentina, resultado directo de la divisi\u00f3n global de Daimler AG en dos grupos independientes (Mercedes-Benz Group y Daimler Truck Group), cuenta con una trayectoria en el pa\u00eds de m\u00e1s de 70 a\u00f1os entregando veh\u00edculos del segmento de carga y transporte que los clientes valoran y esperan.<\/p>\n\n\n\n<p><em>Fuente: prensa Mercedes-Benz Camiones y Buses Argentina<\/em><\/p>\n","protected":false},"excerpt":{"rendered":"<p>Mercedes-Benz Camiones y Buses, empresa perteneciente al grupo Daimler Truck Group AG, anunci\u00f3 la construcci\u00f3n de una nueva planta de<\/p>\n","protected":false},"author":3,"featured_media":7530,"comment_status":"open","ping_status":"open","sticky":false,"template":"","format":"standard","meta":{"colormag_page_container_layout":"default_layout","colormag_page_sidebar_layout":"default_layout","footnotes":""},"categories":[6,5],"tags":[343,166,32,233,35],"class_list":["post-7528","post","type-post","status-publish","format-standard","has-post-thumbnail","hentry","category-newsflash","category-latest-news","tag-buses","tag-camiones","tag-industria-automotriz","tag-mercedes-benz","tag-republica-argentina"],"yoast_head":"<!-- This site is optimized with the Yoast SEO plugin v27.5 - https:\/\/yoast.com\/product\/yoast-seo-wordpress\/ -->\n<title>Autos del Podio | Nueva planta de Mercedes-Benz en Argentina<\/title>\n<meta name=\"description\" content=\"Autos del Podio Mercedes-Benz Camiones y Buses Argentina construir\u00e1 una nueva planta de producci\u00f3n en Z\u00e1rate\" \/>\n<meta name=\"robots\" content=\"index, follow, max-snippet:-1, max-image-preview:large, max-video-preview:-1\" \/>\n<link rel=\"canonical\" href=\"http:\/\/autosdelpodio.com\/autos\/nueva-planta-de-mercedes-benz-en-argentina\/\" \/>\n<meta property=\"og:locale\" content=\"es_ES\" \/>\n<meta property=\"og:type\" content=\"article\" \/>\n<meta property=\"og:title\" content=\"Autos del Podio | Nueva planta de Mercedes-Benz en Argentina\" \/>\n<meta property=\"og:description\" content=\"Autos del Podio Mercedes-Benz Camiones y Buses Argentina construir\u00e1 una nueva planta de producci\u00f3n en Z\u00e1rate\" \/>\n<meta property=\"og:url\" content=\"http:\/\/autosdelpodio.com\/autos\/nueva-planta-de-mercedes-benz-en-argentina\/\" \/>\n<meta property=\"og:site_name\" content=\"Autos del Podio\" \/>\n<meta property=\"article:publisher\" content=\"https:\/\/www.facebook.com\/profile.php?id=100057192590976&amp;amp%3bamp%3bamp%3bamp%3bamp%3bamp%3bamp%3bamp%3bamp%3bamp%3bamp%3bamp%3bamp%3bamp%3bamp%3bamp%3bamp%3bamp%3bref=ts\" \/>\n<meta property=\"article:published_time\" content=\"2024-03-21T23:15:12+00:00\" \/>\n<meta property=\"article:modified_time\" content=\"2024-03-21T23:15:13+00:00\" \/>\n<meta property=\"og:image\" content=\"http:\/\/autosdelpodio.com\/autos\/wp-content\/uploads\/2024\/03\/Mercedes_Benz_Arg.jpg\" \/>\n\t<meta property=\"og:image:width\" content=\"499\" \/>\n\t<meta property=\"og:image:height\" content=\"248\" \/>\n\t<meta property=\"og:image:type\" content=\"image\/jpeg\" \/>\n<meta name=\"author\" content=\"autosdelpodio\" \/>\n<meta name=\"twitter:card\" content=\"summary_large_image\" \/>\n<meta name=\"twitter:creator\" content=\"@autosdelpodio\" \/>\n<meta name=\"twitter:site\" content=\"@autosdelpodio\" \/>\n<meta name=\"twitter:label1\" content=\"Escrito por\" \/>\n\t<meta name=\"twitter:data1\" content=\"autosdelpodio\" \/>\n\t<meta name=\"twitter:label2\" content=\"Tiempo de lectura\" \/>\n\t<meta name=\"twitter:data2\" content=\"3 minutos\" \/>\n<script type=\"application\/ld+json\" class=\"yoast-schema-graph\">{\"@context\":\"https:\\\/\\\/schema.org\",\"@graph\":[{\"@type\":\"Article\",\"@id\":\"http:\\\/\\\/autosdelpodio.com\\\/autos\\\/nueva-planta-de-mercedes-benz-en-argentina\\\/#article\",\"isPartOf\":{\"@id\":\"http:\\\/\\\/autosdelpodio.com\\\/autos\\\/nueva-planta-de-mercedes-benz-en-argentina\\\/\"},\"author\":{\"name\":\"autosdelpodio\",\"@id\":\"http:\\\/\\\/autosdelpodio.com\\\/autos\\\/#\\\/schema\\\/person\\\/993527a4d01c3acdd3d6bce3770bc942\"},\"headline\":\"Nueva planta de Mercedes-Benz en Argentina\",\"datePublished\":\"2024-03-21T23:15:12+00:00\",\"dateModified\":\"2024-03-21T23:15:13+00:00\",\"mainEntityOfPage\":{\"@id\":\"http:\\\/\\\/autosdelpodio.com\\\/autos\\\/nueva-planta-de-mercedes-benz-en-argentina\\\/\"},\"wordCount\":578,\"commentCount\":0,\"publisher\":{\"@id\":\"http:\\\/\\\/autosdelpodio.com\\\/autos\\\/#organization\"},\"image\":{\"@id\":\"http:\\\/\\\/autosdelpodio.com\\\/autos\\\/nueva-planta-de-mercedes-benz-en-argentina\\\/#primaryimage\"},\"thumbnailUrl\":\"http:\\\/\\\/autosdelpodio.com\\\/autos\\\/wp-content\\\/uploads\\\/2024\\\/03\\\/Mercedes_Benz_Arg.jpg\",\"keywords\":[\"Buses\",\"Camiones\",\"Industria Automotriz\",\"Mercedes Benz\",\"Republica Argentina\"],\"articleSection\":[\"Destacado\",\"\u00daltimas noticias\"],\"inLanguage\":\"es\",\"potentialAction\":[{\"@type\":\"CommentAction\",\"name\":\"Comment\",\"target\":[\"http:\\\/\\\/autosdelpodio.com\\\/autos\\\/nueva-planta-de-mercedes-benz-en-argentina\\\/#respond\"]}]},{\"@type\":\"WebPage\",\"@id\":\"http:\\\/\\\/autosdelpodio.com\\\/autos\\\/nueva-planta-de-mercedes-benz-en-argentina\\\/\",\"url\":\"http:\\\/\\\/autosdelpodio.com\\\/autos\\\/nueva-planta-de-mercedes-benz-en-argentina\\\/\",\"name\":\"Autos del Podio | Nueva planta de Mercedes-Benz en Argentina\",\"isPartOf\":{\"@id\":\"http:\\\/\\\/autosdelpodio.com\\\/autos\\\/#website\"},\"primaryImageOfPage\":{\"@id\":\"http:\\\/\\\/autosdelpodio.com\\\/autos\\\/nueva-planta-de-mercedes-benz-en-argentina\\\/#primaryimage\"},\"image\":{\"@id\":\"http:\\\/\\\/autosdelpodio.com\\\/autos\\\/nueva-planta-de-mercedes-benz-en-argentina\\\/#primaryimage\"},\"thumbnailUrl\":\"http:\\\/\\\/autosdelpodio.com\\\/autos\\\/wp-content\\\/uploads\\\/2024\\\/03\\\/Mercedes_Benz_Arg.jpg\",\"datePublished\":\"2024-03-21T23:15:12+00:00\",\"dateModified\":\"2024-03-21T23:15:13+00:00\",\"description\":\"Autos del Podio Mercedes-Benz Camiones y Buses Argentina construir\u00e1 una nueva planta de producci\u00f3n en Z\u00e1rate\",\"breadcrumb\":{\"@id\":\"http:\\\/\\\/autosdelpodio.com\\\/autos\\\/nueva-planta-de-mercedes-benz-en-argentina\\\/#breadcrumb\"},\"inLanguage\":\"es\",\"potentialAction\":[{\"@type\":\"ReadAction\",\"target\":[\"http:\\\/\\\/autosdelpodio.com\\\/autos\\\/nueva-planta-de-mercedes-benz-en-argentina\\\/\"]}]},{\"@type\":\"ImageObject\",\"inLanguage\":\"es\",\"@id\":\"http:\\\/\\\/autosdelpodio.com\\\/autos\\\/nueva-planta-de-mercedes-benz-en-argentina\\\/#primaryimage\",\"url\":\"http:\\\/\\\/autosdelpodio.com\\\/autos\\\/wp-content\\\/uploads\\\/2024\\\/03\\\/Mercedes_Benz_Arg.jpg\",\"contentUrl\":\"http:\\\/\\\/autosdelpodio.com\\\/autos\\\/wp-content\\\/uploads\\\/2024\\\/03\\\/Mercedes_Benz_Arg.jpg\",\"width\":499,\"height\":248},{\"@type\":\"BreadcrumbList\",\"@id\":\"http:\\\/\\\/autosdelpodio.com\\\/autos\\\/nueva-planta-de-mercedes-benz-en-argentina\\\/#breadcrumb\",\"itemListElement\":[{\"@type\":\"ListItem\",\"position\":1,\"name\":\"Portada\",\"item\":\"http:\\\/\\\/autosdelpodio.com\\\/autos\\\/\"},{\"@type\":\"ListItem\",\"position\":2,\"name\":\"Nueva planta de Mercedes-Benz en Argentina\"}]},{\"@type\":\"WebSite\",\"@id\":\"http:\\\/\\\/autosdelpodio.com\\\/autos\\\/#website\",\"url\":\"http:\\\/\\\/autosdelpodio.com\\\/autos\\\/\",\"name\":\"Autos del Podio\",\"description\":\"La sexta del deporte motor\",\"publisher\":{\"@id\":\"http:\\\/\\\/autosdelpodio.com\\\/autos\\\/#organization\"},\"potentialAction\":[{\"@type\":\"SearchAction\",\"target\":{\"@type\":\"EntryPoint\",\"urlTemplate\":\"http:\\\/\\\/autosdelpodio.com\\\/autos\\\/?s={search_term_string}\"},\"query-input\":{\"@type\":\"PropertyValueSpecification\",\"valueRequired\":true,\"valueName\":\"search_term_string\"}}],\"inLanguage\":\"es\"},{\"@type\":\"Organization\",\"@id\":\"http:\\\/\\\/autosdelpodio.com\\\/autos\\\/#organization\",\"name\":\"Autos del Podio\",\"url\":\"http:\\\/\\\/autosdelpodio.com\\\/autos\\\/\",\"logo\":{\"@type\":\"ImageObject\",\"inLanguage\":\"es\",\"@id\":\"http:\\\/\\\/autosdelpodio.com\\\/autos\\\/#\\\/schema\\\/logo\\\/image\\\/\",\"url\":\"http:\\\/\\\/autosdelpodio.com\\\/autos\\\/wp-content\\\/uploads\\\/2020\\\/08\\\/Logo_AR.jpg\",\"contentUrl\":\"http:\\\/\\\/autosdelpodio.com\\\/autos\\\/wp-content\\\/uploads\\\/2020\\\/08\\\/Logo_AR.jpg\",\"width\":1038,\"height\":1044,\"caption\":\"Autos del Podio\"},\"image\":{\"@id\":\"http:\\\/\\\/autosdelpodio.com\\\/autos\\\/#\\\/schema\\\/logo\\\/image\\\/\"},\"sameAs\":[\"https:\\\/\\\/www.facebook.com\\\/profile.php?id=100057192590976&amp;amp;amp;amp;amp;amp;amp;amp;amp;amp;amp;amp;amp;amp;amp;amp;amp;amp;ref=ts\",\"https:\\\/\\\/x.com\\\/autosdelpodio\",\"https:\\\/\\\/www.youtube.com\\\/user\\\/AutosdelPodio\"]},{\"@type\":\"Person\",\"@id\":\"http:\\\/\\\/autosdelpodio.com\\\/autos\\\/#\\\/schema\\\/person\\\/993527a4d01c3acdd3d6bce3770bc942\",\"name\":\"autosdelpodio\",\"image\":{\"@type\":\"ImageObject\",\"inLanguage\":\"es\",\"@id\":\"http:\\\/\\\/autosdelpodio.com\\\/autos\\\/wp-content\\\/litespeed\\\/avatar\\\/aa8f65cd201a80f6b844f63278aa84af.jpg?ver=1777403005\",\"url\":\"http:\\\/\\\/autosdelpodio.com\\\/autos\\\/wp-content\\\/litespeed\\\/avatar\\\/aa8f65cd201a80f6b844f63278aa84af.jpg?ver=1777403005\",\"contentUrl\":\"http:\\\/\\\/autosdelpodio.com\\\/autos\\\/wp-content\\\/litespeed\\\/avatar\\\/aa8f65cd201a80f6b844f63278aa84af.jpg?ver=1777403005\",\"caption\":\"autosdelpodio\"}}]}<\/script>\n<!-- \/ Yoast SEO plugin. -->","yoast_head_json":{"title":"Autos del Podio | Nueva planta de Mercedes-Benz en Argentina","description":"Autos del Podio Mercedes-Benz Camiones y Buses Argentina construir\u00e1 una nueva planta de producci\u00f3n en Z\u00e1rate","robots":{"index":"index","follow":"follow","max-snippet":"max-snippet:-1","max-image-preview":"max-image-preview:large","max-video-preview":"max-video-preview:-1"},"canonical":"http:\/\/autosdelpodio.com\/autos\/nueva-planta-de-mercedes-benz-en-argentina\/","og_locale":"es_ES","og_type":"article","og_title":"Autos del Podio | Nueva planta de Mercedes-Benz en Argentina","og_description":"Autos del Podio Mercedes-Benz Camiones y Buses Argentina construir\u00e1 una nueva planta de producci\u00f3n en Z\u00e1rate","og_url":"http:\/\/autosdelpodio.com\/autos\/nueva-planta-de-mercedes-benz-en-argentina\/","og_site_name":"Autos del Podio","article_publisher":"https:\/\/www.facebook.com\/profile.php?id=100057192590976&amp%3bamp%3bamp%3bamp%3bamp%3bamp%3bamp%3bamp%3bamp%3bamp%3bamp%3bamp%3bamp%3bamp%3bamp%3bamp%3bamp%3bamp%3bref=ts","article_published_time":"2024-03-21T23:15:12+00:00","article_modified_time":"2024-03-21T23:15:13+00:00","og_image":[{"width":499,"height":248,"url":"http:\/\/autosdelpodio.com\/autos\/wp-content\/uploads\/2024\/03\/Mercedes_Benz_Arg.jpg","type":"image\/jpeg"}],"author":"autosdelpodio","twitter_card":"summary_large_image","twitter_creator":"@autosdelpodio","twitter_site":"@autosdelpodio","twitter_misc":{"Escrito por":"autosdelpodio","Tiempo de lectura":"3 minutos"},"schema":{"@context":"https:\/\/schema.org","@graph":[{"@type":"Article","@id":"http:\/\/autosdelpodio.com\/autos\/nueva-planta-de-mercedes-benz-en-argentina\/#article","isPartOf":{"@id":"http:\/\/autosdelpodio.com\/autos\/nueva-planta-de-mercedes-benz-en-argentina\/"},"author":{"name":"autosdelpodio","@id":"http:\/\/autosdelpodio.com\/autos\/#\/schema\/person\/993527a4d01c3acdd3d6bce3770bc942"},"headline":"Nueva planta de Mercedes-Benz en Argentina","datePublished":"2024-03-21T23:15:12+00:00","dateModified":"2024-03-21T23:15:13+00:00","mainEntityOfPage":{"@id":"http:\/\/autosdelpodio.com\/autos\/nueva-planta-de-mercedes-benz-en-argentina\/"},"wordCount":578,"commentCount":0,"publisher":{"@id":"http:\/\/autosdelpodio.com\/autos\/#organization"},"image":{"@id":"http:\/\/autosdelpodio.com\/autos\/nueva-planta-de-mercedes-benz-en-argentina\/#primaryimage"},"thumbnailUrl":"http:\/\/autosdelpodio.com\/autos\/wp-content\/uploads\/2024\/03\/Mercedes_Benz_Arg.jpg","keywords":["Buses","Camiones","Industria Automotriz","Mercedes Benz","Republica Argentina"],"articleSection":["Destacado","\u00daltimas noticias"],"inLanguage":"es","potentialAction":[{"@type":"CommentAction","name":"Comment","target":["http:\/\/autosdelpodio.com\/autos\/nueva-planta-de-mercedes-benz-en-argentina\/#respond"]}]},{"@type":"WebPage","@id":"http:\/\/autosdelpodio.com\/autos\/nueva-planta-de-mercedes-benz-en-argentina\/","url":"http:\/\/autosdelpodio.com\/autos\/nueva-planta-de-mercedes-benz-en-argentina\/","name":"Autos del Podio | Nueva planta de Mercedes-Benz en Argentina","isPartOf":{"@id":"http:\/\/autosdelpodio.com\/autos\/#website"},"primaryImageOfPage":{"@id":"http:\/\/autosdelpodio.com\/autos\/nueva-planta-de-mercedes-benz-en-argentina\/#primaryimage"},"image":{"@id":"http:\/\/autosdelpodio.com\/autos\/nueva-planta-de-mercedes-benz-en-argentina\/#primaryimage"},"thumbnailUrl":"http:\/\/autosdelpodio.com\/autos\/wp-content\/uploads\/2024\/03\/Mercedes_Benz_Arg.jpg","datePublished":"2024-03-21T23:15:12+00:00","dateModified":"2024-03-21T23:15:13+00:00","description":"Autos del Podio Mercedes-Benz Camiones y Buses Argentina construir\u00e1 una nueva planta de producci\u00f3n en Z\u00e1rate","breadcrumb":{"@id":"http:\/\/autosdelpodio.com\/autos\/nueva-planta-de-mercedes-benz-en-argentina\/#breadcrumb"},"inLanguage":"es","potentialAction":[{"@type":"ReadAction","target":["http:\/\/autosdelpodio.com\/autos\/nueva-planta-de-mercedes-benz-en-argentina\/"]}]},{"@type":"ImageObject","inLanguage":"es","@id":"http:\/\/autosdelpodio.com\/autos\/nueva-planta-de-mercedes-benz-en-argentina\/#primaryimage","url":"http:\/\/autosdelpodio.com\/autos\/wp-content\/uploads\/2024\/03\/Mercedes_Benz_Arg.jpg","contentUrl":"http:\/\/autosdelpodio.com\/autos\/wp-content\/uploads\/2024\/03\/Mercedes_Benz_Arg.jpg","width":499,"height":248},{"@type":"BreadcrumbList","@id":"http:\/\/autosdelpodio.com\/autos\/nueva-planta-de-mercedes-benz-en-argentina\/#breadcrumb","itemListElement":[{"@type":"ListItem","position":1,"name":"Portada","item":"http:\/\/autosdelpodio.com\/autos\/"},{"@type":"ListItem","position":2,"name":"Nueva planta de Mercedes-Benz en Argentina"}]},{"@type":"WebSite","@id":"http:\/\/autosdelpodio.com\/autos\/#website","url":"http:\/\/autosdelpodio.com\/autos\/","name":"Autos del Podio","description":"La sexta del deporte motor","publisher":{"@id":"http:\/\/autosdelpodio.com\/autos\/#organization"},"potentialAction":[{"@type":"SearchAction","target":{"@type":"EntryPoint","urlTemplate":"http:\/\/autosdelpodio.com\/autos\/?s={search_term_string}"},"query-input":{"@type":"PropertyValueSpecification","valueRequired":true,"valueName":"search_term_string"}}],"inLanguage":"es"},{"@type":"Organization","@id":"http:\/\/autosdelpodio.com\/autos\/#organization","name":"Autos del Podio","url":"http:\/\/autosdelpodio.com\/autos\/","logo":{"@type":"ImageObject","inLanguage":"es","@id":"http:\/\/autosdelpodio.com\/autos\/#\/schema\/logo\/image\/","url":"http:\/\/autosdelpodio.com\/autos\/wp-content\/uploads\/2020\/08\/Logo_AR.jpg","contentUrl":"http:\/\/autosdelpodio.com\/autos\/wp-content\/uploads\/2020\/08\/Logo_AR.jpg","width":1038,"height":1044,"caption":"Autos del Podio"},"image":{"@id":"http:\/\/autosdelpodio.com\/autos\/#\/schema\/logo\/image\/"},"sameAs":["https:\/\/www.facebook.com\/profile.php?id=100057192590976&amp;amp;amp;amp;amp;amp;amp;amp;amp;amp;amp;amp;amp;amp;amp;amp;amp;amp;ref=ts","https:\/\/x.com\/autosdelpodio","https:\/\/www.youtube.com\/user\/AutosdelPodio"]},{"@type":"Person","@id":"http:\/\/autosdelpodio.com\/autos\/#\/schema\/person\/993527a4d01c3acdd3d6bce3770bc942","name":"autosdelpodio","image":{"@type":"ImageObject","inLanguage":"es","@id":"http:\/\/autosdelpodio.com\/autos\/wp-content\/litespeed\/avatar\/aa8f65cd201a80f6b844f63278aa84af.jpg?ver=1777403005","url":"http:\/\/autosdelpodio.com\/autos\/wp-content\/litespeed\/avatar\/aa8f65cd201a80f6b844f63278aa84af.jpg?ver=1777403005","contentUrl":"http:\/\/autosdelpodio.com\/autos\/wp-content\/litespeed\/avatar\/aa8f65cd201a80f6b844f63278aa84af.jpg?ver=1777403005","caption":"autosdelpodio"}}]}},"views":774,"_links":{"self":[{"href":"http:\/\/autosdelpodio.com\/autos\/wp-json\/wp\/v2\/posts\/7528","targetHints":{"allow":["GET"]}}],"collection":[{"href":"http:\/\/autosdelpodio.com\/autos\/wp-json\/wp\/v2\/posts"}],"about":[{"href":"http:\/\/autosdelpodio.com\/autos\/wp-json\/wp\/v2\/types\/post"}],"author":[{"embeddable":true,"href":"http:\/\/autosdelpodio.com\/autos\/wp-json\/wp\/v2\/users\/3"}],"replies":[{"embeddable":true,"href":"http:\/\/autosdelpodio.com\/autos\/wp-json\/wp\/v2\/comments?post=7528"}],"version-history":[{"count":3,"href":"http:\/\/autosdelpodio.com\/autos\/wp-json\/wp\/v2\/posts\/7528\/revisions"}],"predecessor-version":[{"id":7532,"href":"http:\/\/autosdelpodio.com\/autos\/wp-json\/wp\/v2\/posts\/7528\/revisions\/7532"}],"wp:featuredmedia":[{"embeddable":true,"href":"http:\/\/autosdelpodio.com\/autos\/wp-json\/wp\/v2\/media\/7530"}],"wp:attachment":[{"href":"http:\/\/autosdelpodio.com\/autos\/wp-json\/wp\/v2\/media?parent=7528"}],"wp:term":[{"taxonomy":"category","embeddable":true,"href":"http:\/\/autosdelpodio.com\/autos\/wp-json\/wp\/v2\/categories?post=7528"},{"taxonomy":"post_tag","embeddable":true,"href":"http:\/\/autosdelpodio.com\/autos\/wp-json\/wp\/v2\/tags?post=7528"}],"curies":[{"name":"wp","href":"https:\/\/api.w.org\/{rel}","templated":true}]}}