{"id":754,"date":"2013-06-09T20:17:55","date_gmt":"2013-06-09T20:17:55","guid":{"rendered":"http:\/\/autosdelpodio.com\/autos\/2013\/06\/09\/1-2-de-torino-en-tc-con-triunfo-de-girolami\/"},"modified":"2013-06-09T20:17:55","modified_gmt":"2013-06-09T20:17:55","slug":"1-2-de-torino-en-tc-con-triunfo-de-girolami","status":"publish","type":"post","link":"http:\/\/autosdelpodio.com\/autos\/1-2-de-torino-en-tc-con-triunfo-de-girolami\/","title":{"rendered":"1-2 de Torino en TC con triunfo de Girolami"},"content":{"rendered":"<p style=\"text-align: justify;\"><span style=\"line-height: 1.3em;\">N\u00e9stor Girolami se impuso en la final de Turismo Carretera disputada en la ciudad de Posadas, provincia de Misiones.En tanto que Josito Di Palma (tercer podio consecutivo) redonde\u00f3 el 1-2 para la marca, hecho que no ocurr\u00eda desde el a\u00f1o 2009. Pese a que fue recargado con 5 segundos al inicio de la carrera, Jos\u00e9 Mar\u00eda Lopez (Dodge) arrib\u00f3 en el tercer lugar \u00a0y se posicion\u00f3 moment\u00e1neamente dentro de los 12 que \u00a0clasifican a la Copa de Oro. <\/span><\/p>\n<p>  <!--more-->  <\/p>\n<p><span style=\"line-height: 1.3em;\">Disputadas 7 fechas, Mauro Giallombardo es el nuevo l\u00edder de la fase regular con 238,5 puntos, seguido por Mariano Werner (quien abandon\u00f3 prematuramente) con 229,5 y Diego Aventin con 228, todos con Ford.<\/span><\/p>\n<p>La pr\u00f3xima fecha ser\u00e1 el pr\u00f3ximo 28, 29 y 30 de junio en el Aut\u00f3dromo Ciudad de Rafaela donde se desarrollar\u00e1 la octava fecha de la temporada.<\/p>\n<p><span style=\"line-height: 1.3em;\"><strong>Final TC \u2013 25 Vueltas<\/strong><\/span><\/p>\n<p><span style=\"line-height: 1.3em;\">1 \u00a0 7 \u00a0 GIROLAMI, N\u00c9STOR \u00a0 \u00a0 \u00a0 \u00a0 \u00a0 TORINO \u00a0 \u00a0 44:34.866<\/span><\/p>\n<p>2 \u00a0 37 \u00a0DI PALMA, LU\u00cdS JOS\u00c9 (H) \u00a0 \u00a0TORINO \u00a0 \u00a0 44:35.101 \u00a0 0.235<\/p>\n<p>3 \u00a0 23 \u00a0L\u00d3PEZ, JOS\u00c9 MAR\u00cdA \u00a0 \u00a0 \u00a0 \u00a0 \u00a0DODGE \u00a0 \u00a0 \u00a044:42.757 \u00a0 7.891<\/p>\n<p>4 \u00a0 101 GUERRIERI, ESTEBAN \u00a0 \u00a0 \u00a0 \u00a0 DODGE \u00a0 \u00a0 \u00a044:55.852 \u00a0 20.986<\/p>\n<p>5 \u00a0 14 \u00a0AVENTIN, DIEGO \u00a0 \u00a0 \u00a0 \u00a0 \u00a0 \u00a0 FORD \u00a0 \u00a0 \u00a0 44:57.416 \u00a0 22.550<\/p>\n<p>6 \u00a0 22 \u00a0MART\u00cdNEZ, OMAR \u00a0 \u00a0 \u00a0 \u00a0 \u00a0 \u00a0 FORD \u00a0 \u00a0 \u00a0 45:03.976 \u00a0 29.110<\/p>\n<p>7 \u00a0 9 \u00a0 FONTANA, NORBERTO \u00a0 \u00a0 \u00a0 \u00a0 \u00a0TORINO \u00a0 \u00a0 45:04.271 \u00a0 29.405<\/p>\n<p>8 \u00a0 35 \u00a0SOTRO, LEONEL \u00a0 \u00a0 \u00a0 \u00a0 \u00a0 \u00a0 \u00a0FORD \u00a0 \u00a0 \u00a0 45:06.945 \u00a0 32.079<\/p>\n<p>9 \u00a0 1 \u00a0 GIALLOMBARDO, MAURO \u00a0 \u00a0 \u00a0 \u00a0FORD \u00a0 \u00a0 \u00a0 45:09.021 \u00a0 34.155<\/p>\n<p>10 \u00a02 \u00a0 ROSSI, MAT\u00cdAS \u00a0 \u00a0 \u00a0 \u00a0 \u00a0 \u00a0 \u00a0CHEVROLET \u00a045:09.559 \u00a0 34.694<\/p>\n<p>11 \u00a027 \u00a0JALAF, MAT\u00cdAS \u00a0 \u00a0 \u00a0 \u00a0 \u00a0 \u00a0 \u00a0FORD \u00a0 \u00a0 \u00a0 45:14.162 \u00a0 39.296<\/p>\n<p>12 \u00a025 \u00a0SAVINO, JOS\u00c9 \u00a0 \u00a0 \u00a0 \u00a0 \u00a0 \u00a0 \u00a0 FORD \u00a0 \u00a0 \u00a0 45:15.978 \u00a0 41.112<\/p>\n<p>13 \u00a018 \u00a0MORIATIS, EMANUEL \u00a0 \u00a0 \u00a0 \u00a0 \u00a0FORD \u00a0 \u00a0 \u00a0 45:15.991 \u00a0 41.125<\/p>\n<p>14 \u00a010 \u00a0CASTELLANO, JONATAN \u00a0 \u00a0 \u00a0 \u00a0DODGE \u00a0 \u00a0 \u00a045:16.933 \u00a0 42.067<\/p>\n<p>15 \u00a026 \u00a0TRUCCO, JUAN MART\u00cdN \u00a0 \u00a0 \u00a0 \u00a0DODGE \u00a0 \u00a0 \u00a045:18.800 \u00a0 43.934<\/p>\n<p>16 \u00a024 \u00a0PERN\u00cdA, LEONEL \u00a0 \u00a0 \u00a0 \u00a0 \u00a0 \u00a0 DODGE \u00a0 \u00a0 \u00a045:19.473 \u00a0 44.607<\/p>\n<p>17 \u00a013 \u00a0ALAUX, SERGIO \u00a0 \u00a0 \u00a0 \u00a0 \u00a0 \u00a0 \u00a0CHEVROLET \u00a045:20.748 \u00a0 45.882<\/p>\n<p>18 \u00a021 \u00a0GIANINI, JUAN PABLO \u00a0 \u00a0 \u00a0 \u00a0FORD \u00a0 \u00a0 \u00a0 45:22.308 \u00a0 47.442<\/p>\n<p>19 \u00a0111 SILVA, JUAN MANUEL \u00a0 \u00a0 \u00a0 \u00a0 FORD \u00a0 \u00a0 \u00a0 45:23.846 \u00a0 48.980<\/p>\n<p>20 \u00a028 \u00a0UGALDE, LIONEL \u00a0 \u00a0 \u00a0 \u00a0 \u00a0 \u00a0 FORD \u00a0 \u00a0 \u00a0 45:23.947 \u00a0 49.081<\/p>\n<p>21 \u00a019 \u00a0BONELLI, PR\u00d3SPERO \u00a0 \u00a0 \u00a0 \u00a0 \u00a0FORD \u00a0 \u00a0 \u00a0 45:25.146 \u00a0 50.280<\/p>\n<p>22 \u00a040 \u00a0CAMPANERA, LAUREANO \u00a0 \u00a0 \u00a0 \u00a0CHEVROLET \u00a045:30.676 \u00a0 55.810<\/p>\n<p>23 \u00a030 \u00a0JUAN, MAXIMILIANO \u00a0 \u00a0 \u00a0 \u00a0 \u00a0FORD \u00a0 \u00a0 \u00a0 45:30.891 \u00a0 56.025<\/p>\n<p>24 \u00a029 \u00a0BASSO, MART\u00cdN \u00a0 \u00a0 \u00a0 \u00a0 \u00a0 \u00a0 \u00a0CHEVROLET \u00a045:39.924 \u00a0 1:05.05<\/p>\n<p>25 \u00a012 \u00a0SPATARO, EMILIANO \u00a0 \u00a0 \u00a0 \u00a0 \u00a0DODGE \u00a0 \u00a0 \u00a045:40.663 \u00a0 1:05.79<\/p>\n<p>26 \u00a017 \u00a0ANGELINI, JUAN MARCOS \u00a0 \u00a0 \u00a0DODGE \u00a0 \u00a0 \u00a045:41.165 \u00a0 1:06.29<\/p>\n<p>27 \u00a046 \u00a0DOSE, CHRISTIAN \u00a0 \u00a0 \u00a0 \u00a0 \u00a0 \u00a0CHEVROLET \u00a046:04.896 \u00a0 1:30.03<\/p>\n<p>28 \u00a03 \u00a0 ORTELLI, GUILLERMO \u00a0 \u00a0 \u00a0 \u00a0 CHEVROLET \u00a045:36.640 \u00a0 &#8211;<\/p>\n<p>29 \u00a039 \u00a0VERNA, RAFAEL \u00a0 \u00a0 \u00a0 \u00a0 \u00a0 \u00a0 \u00a0DODGE \u00a0 \u00a0 \u00a045:53.516 \u00a0 &#8211;<\/p>\n<p>30 \u00a05 \u00a0 PONCE DE LE\u00d3N, GABRIEL \u00a0 \u00a0 FORD \u00a0 \u00a0 \u00a0 38:44.026 \u00a0 &#8211;<\/p>\n<p>31 \u00a04 \u00a0 LEDESMA, CHRISTIAN \u00a0 \u00a0 \u00a0 \u00a0 CHEVROLET \u00a032:06.627 \u00a0 &#8211;<\/p>\n<p>32 \u00a071 \u00a0SMITH, BRIAN \u00a0 \u00a0 \u00a0 \u00a0 \u00a0 \u00a0 \u00a0 TORINO \u00a0 \u00a0 30:20.771 \u00a0 &#8211;<\/p>\n<p>33 \u00a06 \u00a0 DE BENEDICTIS, JUAN BAUTISTFORD \u00a0 \u00a0 \u00a0 30:29.116 \u00a0 &#8211;<\/p>\n<p>34 \u00a041 \u00a0MAZZACANE, GAST\u00d3N \u00a0 \u00a0 \u00a0 \u00a0 \u00a0CHEVROLET \u00a030:31.274 \u00a0 &#8211;<\/p>\n<p>35 \u00a031 \u00a0OKULOVICH, CARLOS \u00a0 \u00a0 \u00a0 \u00a0 \u00a0TORINO \u00a0 \u00a0 27:07.363 \u00a0 &#8211;<\/p>\n<p>36 \u00a0182 KOHLER, CLAUDIO \u00a0 \u00a0 \u00a0 \u00a0 \u00a0 \u00a0DODGE \u00a0 \u00a0 \u00a025:33.839 \u00a0 &#8211;<\/p>\n<p>37 \u00a020 \u00a0ALTUNA, MARIANO \u00a0 \u00a0 \u00a0 \u00a0 \u00a0 \u00a0CHEVROLET \u00a020:31.195 \u00a0 &#8211;<\/p>\n<p>38 \u00a061 \u00a0VENTRICELLI , LUCIANO \u00a0 \u00a0 \u00a0DODGE \u00a0 \u00a0 \u00a011:02.083 \u00a0 &#8211;<\/p>\n<p>39 \u00a011 \u00a0PONTE, MART\u00cdN \u00a0 \u00a0 \u00a0 \u00a0 \u00a0 \u00a0 \u00a0TORINO \u00a0 \u00a0 11:04.131 \u00a0 &#8211;<\/p>\n<p>40 \u00a033 \u00a0OUBI\u00d1A, ADRI\u00c1N \u00a0 \u00a0 \u00a0 \u00a0 \u00a0 \u00a0 FORD \u00a0 \u00a0 \u00a0 11:05.276 \u00a0 &#8211;<\/p>\n<p>41 \u00a085 \u00a0RISATTI, RICARDO \u00a0 \u00a0 \u00a0 \u00a0 \u00a0 DODGE \u00a0 \u00a0 \u00a005:42.324 \u00a0 &#8211;<\/p>\n<p>42 \u00a045 \u00a0DE CARLO, DIEGO \u00a0 \u00a0 \u00a0 \u00a0 \u00a0 \u00a0CHEVROLET \u00a0 \u00a0 \u00a0 \u00a0 \u00a0 \u00a0 \u00a0&#8211;<\/p>\n<p>43 \u00a036 \u00a0NOLESI, MATHIAS \u00a0 \u00a0 \u00a0 \u00a0 \u00a0 \u00a0FORD \u00a0 \u00a0 \u00a0 \u00a0 \u00a0 \u00a0 \u00a0 \u00a0 \u00a0 &#8211;<\/p>\n<p>44 \u00a015 \u00a0WERNER, MARIANO \u00a0 \u00a0 \u00a0 \u00a0 \u00a0 \u00a0FORD \u00a0 \u00a0 \u00a0 \u00a0 \u00a0 \u00a0 \u00a0 \u00a0 \u00a0 &#8211;<\/p>\n<p>45 \u00a08 \u00a0 CANAPINO, AGUST\u00cdN \u00a0 \u00a0 \u00a0 \u00a0 \u00a0CHEVROLET \u00a0 \u00a0 \u00a0 \u00a0 \u00a0 \u00a0 \u00a0&#8211;<\/p>\n","protected":false},"excerpt":{"rendered":"<p>N\u00e9stor Girolami se impuso en la final de Turismo Carretera disputada en la ciudad de Posadas, provincia de Misiones.En tanto<\/p>\n","protected":false},"author":1,"featured_media":0,"comment_status":"open","ping_status":"open","sticky":false,"template":"","format":"standard","meta":{"colormag_page_container_layout":"default_layout","colormag_page_sidebar_layout":"default_layout","footnotes":""},"categories":[5],"tags":[],"class_list":["post-754","post","type-post","status-publish","format-standard","hentry","category-latest-news"],"yoast_head":"<!-- This site is optimized with the Yoast SEO plugin v27.5 - https:\/\/yoast.com\/product\/yoast-seo-wordpress\/ -->\n<title>Autos del Podio | 1-2 de Torino en TC con triunfo de Girolami<\/title>\n<meta name=\"description\" content=\"Autos del Podio\" \/>\n<meta name=\"robots\" content=\"index, follow, max-snippet:-1, max-image-preview:large, max-video-preview:-1\" \/>\n<link rel=\"canonical\" href=\"https:\/\/autosdelpodio.com\/autos\/1-2-de-torino-en-tc-con-triunfo-de-girolami\/\" \/>\n<meta property=\"og:locale\" content=\"es_ES\" \/>\n<meta property=\"og:type\" content=\"article\" \/>\n<meta property=\"og:title\" content=\"Autos del Podio | 1-2 de Torino en TC con triunfo de Girolami\" \/>\n<meta property=\"og:description\" content=\"Autos del Podio\" \/>\n<meta property=\"og:url\" content=\"https:\/\/autosdelpodio.com\/autos\/1-2-de-torino-en-tc-con-triunfo-de-girolami\/\" \/>\n<meta property=\"og:site_name\" content=\"Autos del Podio\" \/>\n<meta property=\"article:publisher\" content=\"https:\/\/www.facebook.com\/profile.php?id=100057192590976&amp;amp%3bamp%3bamp%3bamp%3bamp%3bamp%3bamp%3bamp%3bamp%3bamp%3bamp%3bamp%3bamp%3bamp%3bamp%3bamp%3bamp%3bamp%3bref=ts\" \/>\n<meta property=\"article:published_time\" content=\"2013-06-09T20:17:55+00:00\" \/>\n<meta name=\"author\" content=\"wi022230\" \/>\n<meta name=\"twitter:card\" content=\"summary_large_image\" \/>\n<meta name=\"twitter:creator\" content=\"@autosdelpodio\" \/>\n<meta name=\"twitter:site\" content=\"@autosdelpodio\" \/>\n<meta name=\"twitter:label1\" content=\"Escrito por\" \/>\n\t<meta name=\"twitter:data1\" content=\"wi022230\" \/>\n\t<meta name=\"twitter:label2\" content=\"Tiempo de lectura\" \/>\n\t<meta name=\"twitter:data2\" content=\"2 minutos\" \/>\n<script type=\"application\/ld+json\" class=\"yoast-schema-graph\">{\"@context\":\"https:\\\/\\\/schema.org\",\"@graph\":[{\"@type\":\"Article\",\"@id\":\"https:\\\/\\\/autosdelpodio.com\\\/autos\\\/1-2-de-torino-en-tc-con-triunfo-de-girolami\\\/#article\",\"isPartOf\":{\"@id\":\"https:\\\/\\\/autosdelpodio.com\\\/autos\\\/1-2-de-torino-en-tc-con-triunfo-de-girolami\\\/\"},\"author\":{\"name\":\"wi022230\",\"@id\":\"http:\\\/\\\/autosdelpodio.com\\\/autos\\\/#\\\/schema\\\/person\\\/e88353cabf768863fdf874e30120f3ba\"},\"headline\":\"1-2 de Torino en TC con triunfo de Girolami\",\"datePublished\":\"2013-06-09T20:17:55+00:00\",\"mainEntityOfPage\":{\"@id\":\"https:\\\/\\\/autosdelpodio.com\\\/autos\\\/1-2-de-torino-en-tc-con-triunfo-de-girolami\\\/\"},\"wordCount\":331,\"commentCount\":0,\"publisher\":{\"@id\":\"http:\\\/\\\/autosdelpodio.com\\\/autos\\\/#organization\"},\"articleSection\":[\"\u00daltimas noticias\"],\"inLanguage\":\"es\",\"potentialAction\":[{\"@type\":\"CommentAction\",\"name\":\"Comment\",\"target\":[\"https:\\\/\\\/autosdelpodio.com\\\/autos\\\/1-2-de-torino-en-tc-con-triunfo-de-girolami\\\/#respond\"]}]},{\"@type\":\"WebPage\",\"@id\":\"https:\\\/\\\/autosdelpodio.com\\\/autos\\\/1-2-de-torino-en-tc-con-triunfo-de-girolami\\\/\",\"url\":\"https:\\\/\\\/autosdelpodio.com\\\/autos\\\/1-2-de-torino-en-tc-con-triunfo-de-girolami\\\/\",\"name\":\"Autos del Podio | 1-2 de Torino en TC con triunfo de Girolami\",\"isPartOf\":{\"@id\":\"http:\\\/\\\/autosdelpodio.com\\\/autos\\\/#website\"},\"datePublished\":\"2013-06-09T20:17:55+00:00\",\"description\":\"Autos del Podio\",\"breadcrumb\":{\"@id\":\"https:\\\/\\\/autosdelpodio.com\\\/autos\\\/1-2-de-torino-en-tc-con-triunfo-de-girolami\\\/#breadcrumb\"},\"inLanguage\":\"es\",\"potentialAction\":[{\"@type\":\"ReadAction\",\"target\":[\"https:\\\/\\\/autosdelpodio.com\\\/autos\\\/1-2-de-torino-en-tc-con-triunfo-de-girolami\\\/\"]}]},{\"@type\":\"BreadcrumbList\",\"@id\":\"https:\\\/\\\/autosdelpodio.com\\\/autos\\\/1-2-de-torino-en-tc-con-triunfo-de-girolami\\\/#breadcrumb\",\"itemListElement\":[{\"@type\":\"ListItem\",\"position\":1,\"name\":\"Portada\",\"item\":\"http:\\\/\\\/autosdelpodio.com\\\/autos\\\/\"},{\"@type\":\"ListItem\",\"position\":2,\"name\":\"1-2 de Torino en TC con triunfo de Girolami\"}]},{\"@type\":\"WebSite\",\"@id\":\"http:\\\/\\\/autosdelpodio.com\\\/autos\\\/#website\",\"url\":\"http:\\\/\\\/autosdelpodio.com\\\/autos\\\/\",\"name\":\"Autos del Podio\",\"description\":\"La sexta del deporte motor\",\"publisher\":{\"@id\":\"http:\\\/\\\/autosdelpodio.com\\\/autos\\\/#organization\"},\"potentialAction\":[{\"@type\":\"SearchAction\",\"target\":{\"@type\":\"EntryPoint\",\"urlTemplate\":\"http:\\\/\\\/autosdelpodio.com\\\/autos\\\/?s={search_term_string}\"},\"query-input\":{\"@type\":\"PropertyValueSpecification\",\"valueRequired\":true,\"valueName\":\"search_term_string\"}}],\"inLanguage\":\"es\"},{\"@type\":\"Organization\",\"@id\":\"http:\\\/\\\/autosdelpodio.com\\\/autos\\\/#organization\",\"name\":\"Autos del Podio\",\"url\":\"http:\\\/\\\/autosdelpodio.com\\\/autos\\\/\",\"logo\":{\"@type\":\"ImageObject\",\"inLanguage\":\"es\",\"@id\":\"http:\\\/\\\/autosdelpodio.com\\\/autos\\\/#\\\/schema\\\/logo\\\/image\\\/\",\"url\":\"http:\\\/\\\/autosdelpodio.com\\\/autos\\\/wp-content\\\/uploads\\\/2020\\\/08\\\/Logo_AR.jpg\",\"contentUrl\":\"http:\\\/\\\/autosdelpodio.com\\\/autos\\\/wp-content\\\/uploads\\\/2020\\\/08\\\/Logo_AR.jpg\",\"width\":1038,\"height\":1044,\"caption\":\"Autos del Podio\"},\"image\":{\"@id\":\"http:\\\/\\\/autosdelpodio.com\\\/autos\\\/#\\\/schema\\\/logo\\\/image\\\/\"},\"sameAs\":[\"https:\\\/\\\/www.facebook.com\\\/profile.php?id=100057192590976&amp;amp;amp;amp;amp;amp;amp;amp;amp;amp;amp;amp;amp;amp;amp;amp;amp;amp;ref=ts\",\"https:\\\/\\\/x.com\\\/autosdelpodio\",\"https:\\\/\\\/www.youtube.com\\\/user\\\/AutosdelPodio\"]},{\"@type\":\"Person\",\"@id\":\"http:\\\/\\\/autosdelpodio.com\\\/autos\\\/#\\\/schema\\\/person\\\/e88353cabf768863fdf874e30120f3ba\",\"name\":\"wi022230\",\"image\":{\"@type\":\"ImageObject\",\"inLanguage\":\"es\",\"@id\":\"http:\\\/\\\/autosdelpodio.com\\\/autos\\\/wp-content\\\/litespeed\\\/avatar\\\/453fc9bdbb11d766ba4c7f14d0bd0aa9.jpg?ver=1777404874\",\"url\":\"http:\\\/\\\/autosdelpodio.com\\\/autos\\\/wp-content\\\/litespeed\\\/avatar\\\/453fc9bdbb11d766ba4c7f14d0bd0aa9.jpg?ver=1777404874\",\"contentUrl\":\"http:\\\/\\\/autosdelpodio.com\\\/autos\\\/wp-content\\\/litespeed\\\/avatar\\\/453fc9bdbb11d766ba4c7f14d0bd0aa9.jpg?ver=1777404874\",\"caption\":\"wi022230\"}}]}<\/script>\n<!-- \/ Yoast SEO plugin. -->","yoast_head_json":{"title":"Autos del Podio | 1-2 de Torino en TC con triunfo de Girolami","description":"Autos del Podio","robots":{"index":"index","follow":"follow","max-snippet":"max-snippet:-1","max-image-preview":"max-image-preview:large","max-video-preview":"max-video-preview:-1"},"canonical":"https:\/\/autosdelpodio.com\/autos\/1-2-de-torino-en-tc-con-triunfo-de-girolami\/","og_locale":"es_ES","og_type":"article","og_title":"Autos del Podio | 1-2 de Torino en TC con triunfo de Girolami","og_description":"Autos del Podio","og_url":"https:\/\/autosdelpodio.com\/autos\/1-2-de-torino-en-tc-con-triunfo-de-girolami\/","og_site_name":"Autos del Podio","article_publisher":"https:\/\/www.facebook.com\/profile.php?id=100057192590976&amp%3bamp%3bamp%3bamp%3bamp%3bamp%3bamp%3bamp%3bamp%3bamp%3bamp%3bamp%3bamp%3bamp%3bamp%3bamp%3bamp%3bamp%3bref=ts","article_published_time":"2013-06-09T20:17:55+00:00","author":"wi022230","twitter_card":"summary_large_image","twitter_creator":"@autosdelpodio","twitter_site":"@autosdelpodio","twitter_misc":{"Escrito por":"wi022230","Tiempo de lectura":"2 minutos"},"schema":{"@context":"https:\/\/schema.org","@graph":[{"@type":"Article","@id":"https:\/\/autosdelpodio.com\/autos\/1-2-de-torino-en-tc-con-triunfo-de-girolami\/#article","isPartOf":{"@id":"https:\/\/autosdelpodio.com\/autos\/1-2-de-torino-en-tc-con-triunfo-de-girolami\/"},"author":{"name":"wi022230","@id":"http:\/\/autosdelpodio.com\/autos\/#\/schema\/person\/e88353cabf768863fdf874e30120f3ba"},"headline":"1-2 de Torino en TC con triunfo de Girolami","datePublished":"2013-06-09T20:17:55+00:00","mainEntityOfPage":{"@id":"https:\/\/autosdelpodio.com\/autos\/1-2-de-torino-en-tc-con-triunfo-de-girolami\/"},"wordCount":331,"commentCount":0,"publisher":{"@id":"http:\/\/autosdelpodio.com\/autos\/#organization"},"articleSection":["\u00daltimas noticias"],"inLanguage":"es","potentialAction":[{"@type":"CommentAction","name":"Comment","target":["https:\/\/autosdelpodio.com\/autos\/1-2-de-torino-en-tc-con-triunfo-de-girolami\/#respond"]}]},{"@type":"WebPage","@id":"https:\/\/autosdelpodio.com\/autos\/1-2-de-torino-en-tc-con-triunfo-de-girolami\/","url":"https:\/\/autosdelpodio.com\/autos\/1-2-de-torino-en-tc-con-triunfo-de-girolami\/","name":"Autos del Podio | 1-2 de Torino en TC con triunfo de Girolami","isPartOf":{"@id":"http:\/\/autosdelpodio.com\/autos\/#website"},"datePublished":"2013-06-09T20:17:55+00:00","description":"Autos del Podio","breadcrumb":{"@id":"https:\/\/autosdelpodio.com\/autos\/1-2-de-torino-en-tc-con-triunfo-de-girolami\/#breadcrumb"},"inLanguage":"es","potentialAction":[{"@type":"ReadAction","target":["https:\/\/autosdelpodio.com\/autos\/1-2-de-torino-en-tc-con-triunfo-de-girolami\/"]}]},{"@type":"BreadcrumbList","@id":"https:\/\/autosdelpodio.com\/autos\/1-2-de-torino-en-tc-con-triunfo-de-girolami\/#breadcrumb","itemListElement":[{"@type":"ListItem","position":1,"name":"Portada","item":"http:\/\/autosdelpodio.com\/autos\/"},{"@type":"ListItem","position":2,"name":"1-2 de Torino en TC con triunfo de Girolami"}]},{"@type":"WebSite","@id":"http:\/\/autosdelpodio.com\/autos\/#website","url":"http:\/\/autosdelpodio.com\/autos\/","name":"Autos del Podio","description":"La sexta del deporte motor","publisher":{"@id":"http:\/\/autosdelpodio.com\/autos\/#organization"},"potentialAction":[{"@type":"SearchAction","target":{"@type":"EntryPoint","urlTemplate":"http:\/\/autosdelpodio.com\/autos\/?s={search_term_string}"},"query-input":{"@type":"PropertyValueSpecification","valueRequired":true,"valueName":"search_term_string"}}],"inLanguage":"es"},{"@type":"Organization","@id":"http:\/\/autosdelpodio.com\/autos\/#organization","name":"Autos del Podio","url":"http:\/\/autosdelpodio.com\/autos\/","logo":{"@type":"ImageObject","inLanguage":"es","@id":"http:\/\/autosdelpodio.com\/autos\/#\/schema\/logo\/image\/","url":"http:\/\/autosdelpodio.com\/autos\/wp-content\/uploads\/2020\/08\/Logo_AR.jpg","contentUrl":"http:\/\/autosdelpodio.com\/autos\/wp-content\/uploads\/2020\/08\/Logo_AR.jpg","width":1038,"height":1044,"caption":"Autos del Podio"},"image":{"@id":"http:\/\/autosdelpodio.com\/autos\/#\/schema\/logo\/image\/"},"sameAs":["https:\/\/www.facebook.com\/profile.php?id=100057192590976&amp;amp;amp;amp;amp;amp;amp;amp;amp;amp;amp;amp;amp;amp;amp;amp;amp;amp;ref=ts","https:\/\/x.com\/autosdelpodio","https:\/\/www.youtube.com\/user\/AutosdelPodio"]},{"@type":"Person","@id":"http:\/\/autosdelpodio.com\/autos\/#\/schema\/person\/e88353cabf768863fdf874e30120f3ba","name":"wi022230","image":{"@type":"ImageObject","inLanguage":"es","@id":"http:\/\/autosdelpodio.com\/autos\/wp-content\/litespeed\/avatar\/453fc9bdbb11d766ba4c7f14d0bd0aa9.jpg?ver=1777404874","url":"http:\/\/autosdelpodio.com\/autos\/wp-content\/litespeed\/avatar\/453fc9bdbb11d766ba4c7f14d0bd0aa9.jpg?ver=1777404874","contentUrl":"http:\/\/autosdelpodio.com\/autos\/wp-content\/litespeed\/avatar\/453fc9bdbb11d766ba4c7f14d0bd0aa9.jpg?ver=1777404874","caption":"wi022230"}}]}},"views":430,"_links":{"self":[{"href":"http:\/\/autosdelpodio.com\/autos\/wp-json\/wp\/v2\/posts\/754","targetHints":{"allow":["GET"]}}],"collection":[{"href":"http:\/\/autosdelpodio.com\/autos\/wp-json\/wp\/v2\/posts"}],"about":[{"href":"http:\/\/autosdelpodio.com\/autos\/wp-json\/wp\/v2\/types\/post"}],"author":[{"embeddable":true,"href":"http:\/\/autosdelpodio.com\/autos\/wp-json\/wp\/v2\/users\/1"}],"replies":[{"embeddable":true,"href":"http:\/\/autosdelpodio.com\/autos\/wp-json\/wp\/v2\/comments?post=754"}],"version-history":[{"count":0,"href":"http:\/\/autosdelpodio.com\/autos\/wp-json\/wp\/v2\/posts\/754\/revisions"}],"wp:attachment":[{"href":"http:\/\/autosdelpodio.com\/autos\/wp-json\/wp\/v2\/media?parent=754"}],"wp:term":[{"taxonomy":"category","embeddable":true,"href":"http:\/\/autosdelpodio.com\/autos\/wp-json\/wp\/v2\/categories?post=754"},{"taxonomy":"post_tag","embeddable":true,"href":"http:\/\/autosdelpodio.com\/autos\/wp-json\/wp\/v2\/tags?post=754"}],"curies":[{"name":"wp","href":"https:\/\/api.w.org\/{rel}","templated":true}]}}