{"id":759,"date":"2013-06-16T19:05:10","date_gmt":"2013-06-16T19:05:10","guid":{"rendered":"http:\/\/autosdelpodio.com\/autos\/2013\/06\/16\/matias-rossi-se-anoto-entre-los-ganadores-del-tn\/"},"modified":"2013-06-16T19:05:10","modified_gmt":"2013-06-16T19:05:10","slug":"matias-rossi-se-anoto-entre-los-ganadores-del-tn","status":"publish","type":"post","link":"http:\/\/autosdelpodio.com\/autos\/matias-rossi-se-anoto-entre-los-ganadores-del-tn\/","title":{"rendered":"Mat\u00edas Rossi se anot\u00f3 entre los ganadores del TN"},"content":{"rendered":"<p style=\"text-align: justify;\"><span style=\"line-height: 1.3em;\">Mat\u00edas Rossi (Citroen C4) obtuvo su primera victoria en la Clase 3 del Turismo Nacional. En tanto que Mat\u00edas Mu\u00f1oz Marchesi (Chevrolet Astra) y Bruno Bosio (Ford Focus) completaron el podio en la localidad bonaerense de \u00a0Pig\u00fc\u00e9. <\/span><\/p>\n<p>  <!--more-->  <\/p>\n<p><span style=\"line-height: 1.3em; text-align: justify;\">Disputadas 6 fechas, Juan Pipkin (Chevrolet Curze) qued\u00f3 como l\u00edder del campeonato con 109 puntos, seguido de Guillermo Ortelli (Renault Fluence) 100 y Ezequiel Bosio (Peugeot 308) 97.<\/span><\/p>\n<p style=\"text-align: justify;\">La pr\u00f3xima ser\u00e1\u00a0<span style=\"line-height: 1.3em;\">el 7 de Julio,<\/span><span style=\"line-height: 1.3em;\">en el Parque de la Velocidad de San Jorge, Santa Fe.<\/span><\/p>\n<p><strong style=\"text-align: justify; line-height: 1.3em;\">Final C3 del TN<\/strong><\/p>\n<p>1 \u00a0 111 ROSSI MATIAS \u00a0 \u00a0 \u00a0 \u00a0 \u00a0 C4 \u00a0 \u00a0 \u00a0 31;48,493<\/p>\n<p>2 \u00a0 21 \u00a0MUNOZ MARCHESI MATIAS \u00a0ASTRA \u00a0 \u00a031;48,838 \u00a00,345<\/p>\n<p>3 \u00a0 22 \u00a0BOSIO BRUNO \u00a0 \u00a0 \u00a0 \u00a0 \u00a0 \u00a0FOCUS \u00a0 \u00a031;49,367 \u00a00,874<\/p>\n<p>4 \u00a0 4 \u00a0 FLAMARIQUE JULIAN \u00a0 \u00a0 \u00a0308 \u00a0 \u00a0 \u00a031;49,692 \u00a01,199<\/p>\n<p>5 \u00a0 2 \u00a0 BOSIO EZEQUIEL \u00a0 \u00a0 \u00a0 \u00a0 308 \u00a0 \u00a0 \u00a031;50,118 \u00a01,625<\/p>\n<p>6 \u00a0 8 \u00a0 GOMEZ SEBASTIAN \u00a0 \u00a0 \u00a0 \u00a0KIA \u00a0 \u00a0 \u00a031;50,593 \u00a02,100<\/p>\n<p>7 \u00a0 5 \u00a0 PEZZINI FABRICIO \u00a0 \u00a0 \u00a0 ASTRA \u00a0 \u00a031;51,148 \u00a02,655<\/p>\n<p>8 \u00a0 13 \u00a0OKULOVICH CARLOS \u00a0 \u00a0 \u00a0 FLUENCE \u00a031;51,415 \u00a02,922<\/p>\n<p>9 \u00a0 17 \u00a0LUNA ROBERTO \u00a0 \u00a0 \u00a0 \u00a0 \u00a0 ASTRA \u00a0 \u00a031;58,160 \u00a09,667<\/p>\n<p>10 \u00a019 \u00a0ZUGHELLA GABRIEL \u00a0 \u00a0 \u00a0 ASTRA \u00a0 \u00a031;58,534 \u00a010,041<\/p>\n<p>11 \u00a052 \u00a0GIALLOMBARDO MAURO \u00a0 \u00a0 FOCUS \u00a0 \u00a031;59,232 \u00a010,739<\/p>\n<p>12 \u00a099 \u00a0TETI JERONIMO \u00a0 \u00a0 \u00a0 \u00a0 \u00a0ASTRA \u00a0 \u00a032;01,256 \u00a012,763<\/p>\n<p>13 \u00a036 \u00a0CHIRIANO ADRIAN \u00a0 \u00a0 \u00a0 \u00a0FOCUS \u00a0 \u00a032;01,943 \u00a013,450<\/p>\n<p>14 \u00a012 \u00a0PIPKIN JUAN \u00a0 \u00a0 \u00a0 \u00a0 \u00a0 \u00a0CRUZE \u00a0 \u00a032;02,310 \u00a013,817<\/p>\n<p>15 \u00a024 \u00a0YANNANTUONI JOSE \u00a0 \u00a0 \u00a0 VECTRA \u00a0 32;02,630 \u00a014,137<\/p>\n<p>16 \u00a07 \u00a0 ORTELLI GUILLERMO \u00a0 \u00a0 \u00a0FLUENCE \u00a032;02,905 \u00a014,412<\/p>\n<p>17 \u00a01 \u00a0 MORIATIS EMANUEL \u00a0 \u00a0 \u00a0 FOCUS \u00a0 \u00a032;07,295 \u00a018,802<\/p>\n<p>18 \u00a025 \u00a0CARDUCCI LEANDRO \u00a0 \u00a0 \u00a0 308 \u00a0 \u00a0 \u00a032;08,121 \u00a019,628<\/p>\n<p>19 \u00a069 \u00a0MERAYO PABLO \u00a0 \u00a0 \u00a0 \u00a0 \u00a0 LANCER \u00a0 32;09,348 \u00a020,855<\/p>\n<p>20 \u00a027 \u00a0GONZALEZ MARCELO \u00a0 \u00a0 \u00a0 307 \u00a0 \u00a0 \u00a032;10,304 \u00a021,811<\/p>\n<p>21 \u00a055 \u00a0CHAPUR FACUNDO \u00a0 \u00a0 \u00a0 \u00a0 308 \u00a0 \u00a0 \u00a032;10,479 \u00a021,986<\/p>\n<p>22 \u00a087 \u00a0SATURNI IVAN \u00a0 \u00a0 \u00a0 \u00a0 \u00a0 FOCUS \u00a0 \u00a032;11,656 \u00a023,163<\/p>\n<p>23 \u00a029 \u00a0MICHIELETTO ARIEL \u00a0 \u00a0 \u00a0FOCUS \u00a0 \u00a032;16,027 \u00a027,534<\/p>\n<p>24 \u00a03 \u00a0 PIUMETTO PABLO \u00a0 \u00a0 \u00a0 \u00a0 FOCUS 5P 32;23,227 \u00a034,734<\/p>\n<p>25 \u00a030 \u00a0BEITIA CRISPIN \u00a0 \u00a0 \u00a0 \u00a0 LINEA \u00a0 \u00a032;24,974 \u00a036,481<\/p>\n<p>26 \u00a023 \u00a0VIANA CLAUDIO \u00a0 \u00a0 \u00a0 \u00a0 \u00a0FOCUS 5P 33;01,213 \u00a01;12,720<\/p>\n<p>27 \u00a09 \u00a0 TUERO ESTEBAN \u00a0 \u00a0 \u00a0 \u00a0 \u00a0LINEA \u00a0 \u00a0Ab<\/p>\n<p>28 \u00a011 \u00a0YANNANTUONI FABIAN \u00a0 \u00a0 FLUENCE \u00a0Ab<\/p>\n<p>29 \u00a077 \u00a0BESSONE ERNESTO \u00a0 \u00a0 \u00a0 \u00a0FOCUS \u00a0 \u00a0Ab<\/p>\n<p>30 \u00a046 \u00a0OTERO PABLO \u00a0 \u00a0 \u00a0 \u00a0 \u00a0 \u00a0MEGANE II Ab<\/p>\n<p>31 \u00a076 \u00a0LARRAURI LEONEL \u00a0 \u00a0 \u00a0 \u00a0NEW CIVIC Ab<\/p>\n<p>32 \u00a0100 ROSSOTTI JUAN P \u00a0 \u00a0 \u00a0 \u00a0LEON \u00a0 \u00a0 Ab<\/p>\n<p>33 \u00a037 \u00a0STAMBUL DANIEL \u00a0 \u00a0 \u00a0 \u00a0 NEW CIVIC \u00a0s\/v<\/p>\n","protected":false},"excerpt":{"rendered":"<p>Mat\u00edas Rossi (Citroen C4) obtuvo su primera victoria en la Clase 3 del Turismo Nacional. En tanto que Mat\u00edas Mu\u00f1oz<\/p>\n","protected":false},"author":1,"featured_media":0,"comment_status":"open","ping_status":"open","sticky":false,"template":"","format":"standard","meta":{"colormag_page_container_layout":"default_layout","colormag_page_sidebar_layout":"default_layout","footnotes":""},"categories":[5],"tags":[],"class_list":["post-759","post","type-post","status-publish","format-standard","hentry","category-latest-news"],"yoast_head":"<!-- This site is optimized with the Yoast SEO plugin v27.5 - https:\/\/yoast.com\/product\/yoast-seo-wordpress\/ -->\n<title>Autos del Podio | Mat\u00edas Rossi se anot\u00f3 entre los ganadores del TN<\/title>\n<meta name=\"description\" content=\"Autos del Podio\" \/>\n<meta name=\"robots\" content=\"index, follow, max-snippet:-1, max-image-preview:large, max-video-preview:-1\" \/>\n<link rel=\"canonical\" href=\"https:\/\/autosdelpodio.com\/autos\/matias-rossi-se-anoto-entre-los-ganadores-del-tn\/\" \/>\n<meta property=\"og:locale\" content=\"es_ES\" \/>\n<meta property=\"og:type\" content=\"article\" \/>\n<meta property=\"og:title\" content=\"Autos del Podio | Mat\u00edas Rossi se anot\u00f3 entre los ganadores del TN\" \/>\n<meta property=\"og:description\" content=\"Autos del Podio\" \/>\n<meta property=\"og:url\" content=\"https:\/\/autosdelpodio.com\/autos\/matias-rossi-se-anoto-entre-los-ganadores-del-tn\/\" \/>\n<meta property=\"og:site_name\" content=\"Autos del Podio\" \/>\n<meta property=\"article:publisher\" content=\"https:\/\/www.facebook.com\/profile.php?id=100057192590976&amp;amp%3bamp%3bamp%3bamp%3bamp%3bamp%3bamp%3bamp%3bamp%3bamp%3bamp%3bamp%3bamp%3bamp%3bamp%3bamp%3bamp%3bamp%3bref=ts\" \/>\n<meta property=\"article:published_time\" content=\"2013-06-16T19:05:10+00:00\" \/>\n<meta name=\"author\" content=\"wi022230\" \/>\n<meta name=\"twitter:card\" content=\"summary_large_image\" \/>\n<meta name=\"twitter:creator\" content=\"@autosdelpodio\" \/>\n<meta name=\"twitter:site\" content=\"@autosdelpodio\" \/>\n<meta name=\"twitter:label1\" content=\"Escrito por\" \/>\n\t<meta name=\"twitter:data1\" content=\"wi022230\" \/>\n\t<meta name=\"twitter:label2\" content=\"Tiempo de lectura\" \/>\n\t<meta name=\"twitter:data2\" content=\"1 minuto\" \/>\n<script type=\"application\/ld+json\" class=\"yoast-schema-graph\">{\"@context\":\"https:\\\/\\\/schema.org\",\"@graph\":[{\"@type\":\"Article\",\"@id\":\"https:\\\/\\\/autosdelpodio.com\\\/autos\\\/matias-rossi-se-anoto-entre-los-ganadores-del-tn\\\/#article\",\"isPartOf\":{\"@id\":\"https:\\\/\\\/autosdelpodio.com\\\/autos\\\/matias-rossi-se-anoto-entre-los-ganadores-del-tn\\\/\"},\"author\":{\"name\":\"wi022230\",\"@id\":\"http:\\\/\\\/autosdelpodio.com\\\/autos\\\/#\\\/schema\\\/person\\\/e88353cabf768863fdf874e30120f3ba\"},\"headline\":\"Mat\u00edas Rossi se anot\u00f3 entre los ganadores del TN\",\"datePublished\":\"2013-06-16T19:05:10+00:00\",\"mainEntityOfPage\":{\"@id\":\"https:\\\/\\\/autosdelpodio.com\\\/autos\\\/matias-rossi-se-anoto-entre-los-ganadores-del-tn\\\/\"},\"wordCount\":204,\"commentCount\":0,\"publisher\":{\"@id\":\"http:\\\/\\\/autosdelpodio.com\\\/autos\\\/#organization\"},\"articleSection\":[\"\u00daltimas noticias\"],\"inLanguage\":\"es\",\"potentialAction\":[{\"@type\":\"CommentAction\",\"name\":\"Comment\",\"target\":[\"https:\\\/\\\/autosdelpodio.com\\\/autos\\\/matias-rossi-se-anoto-entre-los-ganadores-del-tn\\\/#respond\"]}]},{\"@type\":\"WebPage\",\"@id\":\"https:\\\/\\\/autosdelpodio.com\\\/autos\\\/matias-rossi-se-anoto-entre-los-ganadores-del-tn\\\/\",\"url\":\"https:\\\/\\\/autosdelpodio.com\\\/autos\\\/matias-rossi-se-anoto-entre-los-ganadores-del-tn\\\/\",\"name\":\"Autos del Podio | Mat\u00edas Rossi se anot\u00f3 entre los ganadores del TN\",\"isPartOf\":{\"@id\":\"http:\\\/\\\/autosdelpodio.com\\\/autos\\\/#website\"},\"datePublished\":\"2013-06-16T19:05:10+00:00\",\"description\":\"Autos del Podio\",\"breadcrumb\":{\"@id\":\"https:\\\/\\\/autosdelpodio.com\\\/autos\\\/matias-rossi-se-anoto-entre-los-ganadores-del-tn\\\/#breadcrumb\"},\"inLanguage\":\"es\",\"potentialAction\":[{\"@type\":\"ReadAction\",\"target\":[\"https:\\\/\\\/autosdelpodio.com\\\/autos\\\/matias-rossi-se-anoto-entre-los-ganadores-del-tn\\\/\"]}]},{\"@type\":\"BreadcrumbList\",\"@id\":\"https:\\\/\\\/autosdelpodio.com\\\/autos\\\/matias-rossi-se-anoto-entre-los-ganadores-del-tn\\\/#breadcrumb\",\"itemListElement\":[{\"@type\":\"ListItem\",\"position\":1,\"name\":\"Portada\",\"item\":\"http:\\\/\\\/autosdelpodio.com\\\/autos\\\/\"},{\"@type\":\"ListItem\",\"position\":2,\"name\":\"Mat\u00edas Rossi se anot\u00f3 entre los ganadores del TN\"}]},{\"@type\":\"WebSite\",\"@id\":\"http:\\\/\\\/autosdelpodio.com\\\/autos\\\/#website\",\"url\":\"http:\\\/\\\/autosdelpodio.com\\\/autos\\\/\",\"name\":\"Autos del Podio\",\"description\":\"La sexta del deporte motor\",\"publisher\":{\"@id\":\"http:\\\/\\\/autosdelpodio.com\\\/autos\\\/#organization\"},\"potentialAction\":[{\"@type\":\"SearchAction\",\"target\":{\"@type\":\"EntryPoint\",\"urlTemplate\":\"http:\\\/\\\/autosdelpodio.com\\\/autos\\\/?s={search_term_string}\"},\"query-input\":{\"@type\":\"PropertyValueSpecification\",\"valueRequired\":true,\"valueName\":\"search_term_string\"}}],\"inLanguage\":\"es\"},{\"@type\":\"Organization\",\"@id\":\"http:\\\/\\\/autosdelpodio.com\\\/autos\\\/#organization\",\"name\":\"Autos del Podio\",\"url\":\"http:\\\/\\\/autosdelpodio.com\\\/autos\\\/\",\"logo\":{\"@type\":\"ImageObject\",\"inLanguage\":\"es\",\"@id\":\"http:\\\/\\\/autosdelpodio.com\\\/autos\\\/#\\\/schema\\\/logo\\\/image\\\/\",\"url\":\"http:\\\/\\\/autosdelpodio.com\\\/autos\\\/wp-content\\\/uploads\\\/2020\\\/08\\\/Logo_AR.jpg\",\"contentUrl\":\"http:\\\/\\\/autosdelpodio.com\\\/autos\\\/wp-content\\\/uploads\\\/2020\\\/08\\\/Logo_AR.jpg\",\"width\":1038,\"height\":1044,\"caption\":\"Autos del Podio\"},\"image\":{\"@id\":\"http:\\\/\\\/autosdelpodio.com\\\/autos\\\/#\\\/schema\\\/logo\\\/image\\\/\"},\"sameAs\":[\"https:\\\/\\\/www.facebook.com\\\/profile.php?id=100057192590976&amp;amp;amp;amp;amp;amp;amp;amp;amp;amp;amp;amp;amp;amp;amp;amp;amp;amp;ref=ts\",\"https:\\\/\\\/x.com\\\/autosdelpodio\",\"https:\\\/\\\/www.youtube.com\\\/user\\\/AutosdelPodio\"]},{\"@type\":\"Person\",\"@id\":\"http:\\\/\\\/autosdelpodio.com\\\/autos\\\/#\\\/schema\\\/person\\\/e88353cabf768863fdf874e30120f3ba\",\"name\":\"wi022230\",\"image\":{\"@type\":\"ImageObject\",\"inLanguage\":\"es\",\"@id\":\"http:\\\/\\\/autosdelpodio.com\\\/autos\\\/wp-content\\\/litespeed\\\/avatar\\\/453fc9bdbb11d766ba4c7f14d0bd0aa9.jpg?ver=1777404874\",\"url\":\"http:\\\/\\\/autosdelpodio.com\\\/autos\\\/wp-content\\\/litespeed\\\/avatar\\\/453fc9bdbb11d766ba4c7f14d0bd0aa9.jpg?ver=1777404874\",\"contentUrl\":\"http:\\\/\\\/autosdelpodio.com\\\/autos\\\/wp-content\\\/litespeed\\\/avatar\\\/453fc9bdbb11d766ba4c7f14d0bd0aa9.jpg?ver=1777404874\",\"caption\":\"wi022230\"}}]}<\/script>\n<!-- \/ Yoast SEO plugin. -->","yoast_head_json":{"title":"Autos del Podio | Mat\u00edas Rossi se anot\u00f3 entre los ganadores del TN","description":"Autos del Podio","robots":{"index":"index","follow":"follow","max-snippet":"max-snippet:-1","max-image-preview":"max-image-preview:large","max-video-preview":"max-video-preview:-1"},"canonical":"https:\/\/autosdelpodio.com\/autos\/matias-rossi-se-anoto-entre-los-ganadores-del-tn\/","og_locale":"es_ES","og_type":"article","og_title":"Autos del Podio | Mat\u00edas Rossi se anot\u00f3 entre los ganadores del TN","og_description":"Autos del Podio","og_url":"https:\/\/autosdelpodio.com\/autos\/matias-rossi-se-anoto-entre-los-ganadores-del-tn\/","og_site_name":"Autos del Podio","article_publisher":"https:\/\/www.facebook.com\/profile.php?id=100057192590976&amp%3bamp%3bamp%3bamp%3bamp%3bamp%3bamp%3bamp%3bamp%3bamp%3bamp%3bamp%3bamp%3bamp%3bamp%3bamp%3bamp%3bamp%3bref=ts","article_published_time":"2013-06-16T19:05:10+00:00","author":"wi022230","twitter_card":"summary_large_image","twitter_creator":"@autosdelpodio","twitter_site":"@autosdelpodio","twitter_misc":{"Escrito por":"wi022230","Tiempo de lectura":"1 minuto"},"schema":{"@context":"https:\/\/schema.org","@graph":[{"@type":"Article","@id":"https:\/\/autosdelpodio.com\/autos\/matias-rossi-se-anoto-entre-los-ganadores-del-tn\/#article","isPartOf":{"@id":"https:\/\/autosdelpodio.com\/autos\/matias-rossi-se-anoto-entre-los-ganadores-del-tn\/"},"author":{"name":"wi022230","@id":"http:\/\/autosdelpodio.com\/autos\/#\/schema\/person\/e88353cabf768863fdf874e30120f3ba"},"headline":"Mat\u00edas Rossi se anot\u00f3 entre los ganadores del TN","datePublished":"2013-06-16T19:05:10+00:00","mainEntityOfPage":{"@id":"https:\/\/autosdelpodio.com\/autos\/matias-rossi-se-anoto-entre-los-ganadores-del-tn\/"},"wordCount":204,"commentCount":0,"publisher":{"@id":"http:\/\/autosdelpodio.com\/autos\/#organization"},"articleSection":["\u00daltimas noticias"],"inLanguage":"es","potentialAction":[{"@type":"CommentAction","name":"Comment","target":["https:\/\/autosdelpodio.com\/autos\/matias-rossi-se-anoto-entre-los-ganadores-del-tn\/#respond"]}]},{"@type":"WebPage","@id":"https:\/\/autosdelpodio.com\/autos\/matias-rossi-se-anoto-entre-los-ganadores-del-tn\/","url":"https:\/\/autosdelpodio.com\/autos\/matias-rossi-se-anoto-entre-los-ganadores-del-tn\/","name":"Autos del Podio | Mat\u00edas Rossi se anot\u00f3 entre los ganadores del TN","isPartOf":{"@id":"http:\/\/autosdelpodio.com\/autos\/#website"},"datePublished":"2013-06-16T19:05:10+00:00","description":"Autos del Podio","breadcrumb":{"@id":"https:\/\/autosdelpodio.com\/autos\/matias-rossi-se-anoto-entre-los-ganadores-del-tn\/#breadcrumb"},"inLanguage":"es","potentialAction":[{"@type":"ReadAction","target":["https:\/\/autosdelpodio.com\/autos\/matias-rossi-se-anoto-entre-los-ganadores-del-tn\/"]}]},{"@type":"BreadcrumbList","@id":"https:\/\/autosdelpodio.com\/autos\/matias-rossi-se-anoto-entre-los-ganadores-del-tn\/#breadcrumb","itemListElement":[{"@type":"ListItem","position":1,"name":"Portada","item":"http:\/\/autosdelpodio.com\/autos\/"},{"@type":"ListItem","position":2,"name":"Mat\u00edas Rossi se anot\u00f3 entre los ganadores del TN"}]},{"@type":"WebSite","@id":"http:\/\/autosdelpodio.com\/autos\/#website","url":"http:\/\/autosdelpodio.com\/autos\/","name":"Autos del Podio","description":"La sexta del deporte motor","publisher":{"@id":"http:\/\/autosdelpodio.com\/autos\/#organization"},"potentialAction":[{"@type":"SearchAction","target":{"@type":"EntryPoint","urlTemplate":"http:\/\/autosdelpodio.com\/autos\/?s={search_term_string}"},"query-input":{"@type":"PropertyValueSpecification","valueRequired":true,"valueName":"search_term_string"}}],"inLanguage":"es"},{"@type":"Organization","@id":"http:\/\/autosdelpodio.com\/autos\/#organization","name":"Autos del Podio","url":"http:\/\/autosdelpodio.com\/autos\/","logo":{"@type":"ImageObject","inLanguage":"es","@id":"http:\/\/autosdelpodio.com\/autos\/#\/schema\/logo\/image\/","url":"http:\/\/autosdelpodio.com\/autos\/wp-content\/uploads\/2020\/08\/Logo_AR.jpg","contentUrl":"http:\/\/autosdelpodio.com\/autos\/wp-content\/uploads\/2020\/08\/Logo_AR.jpg","width":1038,"height":1044,"caption":"Autos del Podio"},"image":{"@id":"http:\/\/autosdelpodio.com\/autos\/#\/schema\/logo\/image\/"},"sameAs":["https:\/\/www.facebook.com\/profile.php?id=100057192590976&amp;amp;amp;amp;amp;amp;amp;amp;amp;amp;amp;amp;amp;amp;amp;amp;amp;amp;ref=ts","https:\/\/x.com\/autosdelpodio","https:\/\/www.youtube.com\/user\/AutosdelPodio"]},{"@type":"Person","@id":"http:\/\/autosdelpodio.com\/autos\/#\/schema\/person\/e88353cabf768863fdf874e30120f3ba","name":"wi022230","image":{"@type":"ImageObject","inLanguage":"es","@id":"http:\/\/autosdelpodio.com\/autos\/wp-content\/litespeed\/avatar\/453fc9bdbb11d766ba4c7f14d0bd0aa9.jpg?ver=1777404874","url":"http:\/\/autosdelpodio.com\/autos\/wp-content\/litespeed\/avatar\/453fc9bdbb11d766ba4c7f14d0bd0aa9.jpg?ver=1777404874","contentUrl":"http:\/\/autosdelpodio.com\/autos\/wp-content\/litespeed\/avatar\/453fc9bdbb11d766ba4c7f14d0bd0aa9.jpg?ver=1777404874","caption":"wi022230"}}]}},"views":482,"_links":{"self":[{"href":"http:\/\/autosdelpodio.com\/autos\/wp-json\/wp\/v2\/posts\/759","targetHints":{"allow":["GET"]}}],"collection":[{"href":"http:\/\/autosdelpodio.com\/autos\/wp-json\/wp\/v2\/posts"}],"about":[{"href":"http:\/\/autosdelpodio.com\/autos\/wp-json\/wp\/v2\/types\/post"}],"author":[{"embeddable":true,"href":"http:\/\/autosdelpodio.com\/autos\/wp-json\/wp\/v2\/users\/1"}],"replies":[{"embeddable":true,"href":"http:\/\/autosdelpodio.com\/autos\/wp-json\/wp\/v2\/comments?post=759"}],"version-history":[{"count":0,"href":"http:\/\/autosdelpodio.com\/autos\/wp-json\/wp\/v2\/posts\/759\/revisions"}],"wp:attachment":[{"href":"http:\/\/autosdelpodio.com\/autos\/wp-json\/wp\/v2\/media?parent=759"}],"wp:term":[{"taxonomy":"category","embeddable":true,"href":"http:\/\/autosdelpodio.com\/autos\/wp-json\/wp\/v2\/categories?post=759"},{"taxonomy":"post_tag","embeddable":true,"href":"http:\/\/autosdelpodio.com\/autos\/wp-json\/wp\/v2\/tags?post=759"}],"curies":[{"name":"wp","href":"https:\/\/api.w.org\/{rel}","templated":true}]}}