{"id":7609,"date":"2024-04-26T16:28:14","date_gmt":"2024-04-26T19:28:14","guid":{"rendered":"http:\/\/autosdelpodio.com\/autos\/?p=7609"},"modified":"2024-04-26T16:44:20","modified_gmt":"2024-04-26T19:44:20","slug":"stellantis-confirmo-la-produccion-nacional-del-peugeot-2008","status":"publish","type":"post","link":"http:\/\/autosdelpodio.com\/autos\/stellantis-confirmo-la-produccion-nacional-del-peugeot-2008\/","title":{"rendered":"Stellantis confirm\u00f3 la producci\u00f3n nacional del Peugeot 2008"},"content":{"rendered":"\n<p>Stellantis anunci\u00f3 una inversi\u00f3n en su unidad El Palomar para la producci\u00f3n de un nuevo producto: el Peugeot 2008. Esta inversi\u00f3n de US$ 270 millones complementa los US$ 320 millones ya invertidos anteriormente para la transformaci\u00f3n industrial de El Palomar y la implementaci\u00f3n de la Plataforma Modular CMP.<\/p>\n\n\n\n<p>El Peugeot 2008 ser\u00e1 el primer SUV fabricado por Stellantis en Argentina, lo que representar\u00e1 el nacimiento de un producto que se suma a la producci\u00f3n nacional en el segmento m\u00e1s competitivo del mercado.<\/p>\n\n\n\n<h3 class=\"wp-block-heading\">Next level<\/h3>\n\n\n\n<p>Stellantis present\u00f3 Next Level, un plan estrat\u00e9gico para Sudam\u00e9rica que tiene como objetivo consolidar el liderazgo, descarbonizar la movilidad y expandir el negocio de la compa\u00f1\u00eda en la regi\u00f3n.<\/p>\n\n\n\n<p>La implementaci\u00f3n de este plan en Argentina tendr\u00e1 una inversi\u00f3n inicial, anunciada recientemente, de US$ 400 millones entre los a\u00f1os 2025 y 2030, con el objetivo de continuar liderando, fortalecer el desarrollo de la industria y acelerar la implementaci\u00f3n de su plan estrat\u00e9gico global denominado Dare Forward 2030, adem\u00e1s de mantener a la empresa como l\u00edder en movilidad limpia, segura y accesible.<\/p>\n\n\n\n<h3 class=\"wp-block-heading\">El plan estrat\u00e9gico se apoya en seis pilares:<\/h3>\n\n\n\n<ul class=\"wp-block-list\">\n<li>Acelerar el negocio, con la expansi\u00f3n de productos y servicios, la ampliaci\u00f3n del liderazgo en el mercado y el papel protag\u00f3nico en innovaci\u00f3n;<\/li>\n\n\n\n<li>Experiencia del cliente, ser la mejor empresa del sector en calidad de productos y servicios, con nuevas tecnolog\u00edas para la seguridad y la experiencia de conducci\u00f3n;<\/li>\n\n\n\n<li>Excelencia operacional, aumentando las sinergias y la eficiencia operativa;<\/li>\n\n\n\n<li>Descarbonizaci\u00f3n, liderando la transici\u00f3n energ\u00e9tica para una movilidad segura, sostenible y accesible;<\/li>\n\n\n\n<li>Personas, con la atracci\u00f3n de talentos para consolidar a Stellantis como una\u00a0<em>Mobility Tech Company<\/em>;<\/li>\n\n\n\n<li>Finanzas, aumentar los ingresos y garantizar la sostenibilidad del negocio.<\/li>\n<\/ul>\n\n\n\n<p><em>Fuente: Stellantis Argentina<\/em><\/p>\n","protected":false},"excerpt":{"rendered":"<p>Stellantis anunci\u00f3 una inversi\u00f3n en su unidad El Palomar para la producci\u00f3n de un nuevo producto: el Peugeot 2008. Esta<\/p>\n","protected":false},"author":3,"featured_media":7615,"comment_status":"open","ping_status":"open","sticky":false,"template":"","format":"standard","meta":{"colormag_page_container_layout":"default_layout","colormag_page_sidebar_layout":"default_layout","footnotes":""},"categories":[6,5],"tags":[556,32,523,208,35,555],"class_list":["post-7609","post","type-post","status-publish","format-standard","has-post-thumbnail","hentry","category-newsflash","category-latest-news","tag-el-palomar","tag-industria-automotriz","tag-peugeot","tag-produccion","tag-republica-argentina","tag-stellantis"],"yoast_head":"<!-- This site is optimized with the Yoast SEO plugin v27.5 - https:\/\/yoast.com\/product\/yoast-seo-wordpress\/ -->\n<title>Autos del Podio | Stellantis confirm\u00f3 la producci\u00f3n nacional del Peugeot 2008<\/title>\n<meta name=\"description\" content=\"Autos del Podio La producci\u00f3n nacional del Peugeot 2008 demand\u00f3 una inversi\u00f3n de 270 millones de d\u00f3lares. Ser\u00e1 fabricado sobre la plataforma modular CMP.\" \/>\n<meta name=\"robots\" content=\"index, follow, max-snippet:-1, max-image-preview:large, max-video-preview:-1\" \/>\n<link rel=\"canonical\" href=\"http:\/\/autosdelpodio.com\/autos\/stellantis-confirmo-la-produccion-nacional-del-peugeot-2008\/\" \/>\n<meta property=\"og:locale\" content=\"es_ES\" \/>\n<meta property=\"og:type\" content=\"article\" \/>\n<meta property=\"og:title\" content=\"Autos del Podio | Stellantis confirm\u00f3 la producci\u00f3n nacional del Peugeot 2008\" \/>\n<meta property=\"og:description\" content=\"Autos del Podio La producci\u00f3n nacional del Peugeot 2008 demand\u00f3 una inversi\u00f3n de 270 millones de d\u00f3lares. Ser\u00e1 fabricado sobre la plataforma modular CMP.\" \/>\n<meta property=\"og:url\" content=\"http:\/\/autosdelpodio.com\/autos\/stellantis-confirmo-la-produccion-nacional-del-peugeot-2008\/\" \/>\n<meta property=\"og:site_name\" content=\"Autos del Podio\" \/>\n<meta property=\"article:publisher\" content=\"https:\/\/www.facebook.com\/profile.php?id=100057192590976&amp;amp%3bamp%3bamp%3bamp%3bamp%3bamp%3bamp%3bamp%3bamp%3bamp%3bamp%3bamp%3bamp%3bamp%3bamp%3bamp%3bamp%3bamp%3bref=ts\" \/>\n<meta property=\"article:published_time\" content=\"2024-04-26T19:28:14+00:00\" \/>\n<meta property=\"article:modified_time\" content=\"2024-04-26T19:44:20+00:00\" \/>\n<meta property=\"og:image\" content=\"http:\/\/autosdelpodio.com\/autos\/wp-content\/uploads\/2024\/04\/Peugeot_2008_24.jpg\" \/>\n\t<meta property=\"og:image:width\" content=\"500\" \/>\n\t<meta property=\"og:image:height\" content=\"250\" \/>\n\t<meta property=\"og:image:type\" content=\"image\/jpeg\" \/>\n<meta name=\"author\" content=\"autosdelpodio\" \/>\n<meta name=\"twitter:card\" content=\"summary_large_image\" \/>\n<meta name=\"twitter:creator\" content=\"@autosdelpodio\" \/>\n<meta name=\"twitter:site\" content=\"@autosdelpodio\" \/>\n<meta name=\"twitter:label1\" content=\"Escrito por\" \/>\n\t<meta name=\"twitter:data1\" content=\"autosdelpodio\" \/>\n\t<meta name=\"twitter:label2\" content=\"Tiempo de lectura\" \/>\n\t<meta name=\"twitter:data2\" content=\"2 minutos\" \/>\n<script type=\"application\/ld+json\" class=\"yoast-schema-graph\">{\"@context\":\"https:\\\/\\\/schema.org\",\"@graph\":[{\"@type\":\"Article\",\"@id\":\"http:\\\/\\\/autosdelpodio.com\\\/autos\\\/stellantis-confirmo-la-produccion-nacional-del-peugeot-2008\\\/#article\",\"isPartOf\":{\"@id\":\"http:\\\/\\\/autosdelpodio.com\\\/autos\\\/stellantis-confirmo-la-produccion-nacional-del-peugeot-2008\\\/\"},\"author\":{\"name\":\"autosdelpodio\",\"@id\":\"http:\\\/\\\/autosdelpodio.com\\\/autos\\\/#\\\/schema\\\/person\\\/993527a4d01c3acdd3d6bce3770bc942\"},\"headline\":\"Stellantis confirm\u00f3 la producci\u00f3n nacional del Peugeot 2008\",\"datePublished\":\"2024-04-26T19:28:14+00:00\",\"dateModified\":\"2024-04-26T19:44:20+00:00\",\"mainEntityOfPage\":{\"@id\":\"http:\\\/\\\/autosdelpodio.com\\\/autos\\\/stellantis-confirmo-la-produccion-nacional-del-peugeot-2008\\\/\"},\"wordCount\":310,\"commentCount\":0,\"publisher\":{\"@id\":\"http:\\\/\\\/autosdelpodio.com\\\/autos\\\/#organization\"},\"image\":{\"@id\":\"http:\\\/\\\/autosdelpodio.com\\\/autos\\\/stellantis-confirmo-la-produccion-nacional-del-peugeot-2008\\\/#primaryimage\"},\"thumbnailUrl\":\"http:\\\/\\\/autosdelpodio.com\\\/autos\\\/wp-content\\\/uploads\\\/2024\\\/04\\\/Peugeot_2008_24.jpg\",\"keywords\":[\"El Palomar\",\"Industria Automotriz\",\"Peugeot\",\"Producci\u00f3n\",\"Republica Argentina\",\"Stellantis\"],\"articleSection\":[\"Destacado\",\"\u00daltimas noticias\"],\"inLanguage\":\"es\",\"potentialAction\":[{\"@type\":\"CommentAction\",\"name\":\"Comment\",\"target\":[\"http:\\\/\\\/autosdelpodio.com\\\/autos\\\/stellantis-confirmo-la-produccion-nacional-del-peugeot-2008\\\/#respond\"]}]},{\"@type\":\"WebPage\",\"@id\":\"http:\\\/\\\/autosdelpodio.com\\\/autos\\\/stellantis-confirmo-la-produccion-nacional-del-peugeot-2008\\\/\",\"url\":\"http:\\\/\\\/autosdelpodio.com\\\/autos\\\/stellantis-confirmo-la-produccion-nacional-del-peugeot-2008\\\/\",\"name\":\"Autos del Podio | Stellantis confirm\u00f3 la producci\u00f3n nacional del Peugeot 2008\",\"isPartOf\":{\"@id\":\"http:\\\/\\\/autosdelpodio.com\\\/autos\\\/#website\"},\"primaryImageOfPage\":{\"@id\":\"http:\\\/\\\/autosdelpodio.com\\\/autos\\\/stellantis-confirmo-la-produccion-nacional-del-peugeot-2008\\\/#primaryimage\"},\"image\":{\"@id\":\"http:\\\/\\\/autosdelpodio.com\\\/autos\\\/stellantis-confirmo-la-produccion-nacional-del-peugeot-2008\\\/#primaryimage\"},\"thumbnailUrl\":\"http:\\\/\\\/autosdelpodio.com\\\/autos\\\/wp-content\\\/uploads\\\/2024\\\/04\\\/Peugeot_2008_24.jpg\",\"datePublished\":\"2024-04-26T19:28:14+00:00\",\"dateModified\":\"2024-04-26T19:44:20+00:00\",\"description\":\"Autos del Podio La producci\u00f3n nacional del Peugeot 2008 demand\u00f3 una inversi\u00f3n de 270 millones de d\u00f3lares. Ser\u00e1 fabricado sobre la plataforma modular CMP.\",\"breadcrumb\":{\"@id\":\"http:\\\/\\\/autosdelpodio.com\\\/autos\\\/stellantis-confirmo-la-produccion-nacional-del-peugeot-2008\\\/#breadcrumb\"},\"inLanguage\":\"es\",\"potentialAction\":[{\"@type\":\"ReadAction\",\"target\":[\"http:\\\/\\\/autosdelpodio.com\\\/autos\\\/stellantis-confirmo-la-produccion-nacional-del-peugeot-2008\\\/\"]}]},{\"@type\":\"ImageObject\",\"inLanguage\":\"es\",\"@id\":\"http:\\\/\\\/autosdelpodio.com\\\/autos\\\/stellantis-confirmo-la-produccion-nacional-del-peugeot-2008\\\/#primaryimage\",\"url\":\"http:\\\/\\\/autosdelpodio.com\\\/autos\\\/wp-content\\\/uploads\\\/2024\\\/04\\\/Peugeot_2008_24.jpg\",\"contentUrl\":\"http:\\\/\\\/autosdelpodio.com\\\/autos\\\/wp-content\\\/uploads\\\/2024\\\/04\\\/Peugeot_2008_24.jpg\",\"width\":500,\"height\":250,\"caption\":\"Peugeot 2008 argentino\"},{\"@type\":\"BreadcrumbList\",\"@id\":\"http:\\\/\\\/autosdelpodio.com\\\/autos\\\/stellantis-confirmo-la-produccion-nacional-del-peugeot-2008\\\/#breadcrumb\",\"itemListElement\":[{\"@type\":\"ListItem\",\"position\":1,\"name\":\"Portada\",\"item\":\"http:\\\/\\\/autosdelpodio.com\\\/autos\\\/\"},{\"@type\":\"ListItem\",\"position\":2,\"name\":\"Stellantis confirm\u00f3 la producci\u00f3n nacional del Peugeot 2008\"}]},{\"@type\":\"WebSite\",\"@id\":\"http:\\\/\\\/autosdelpodio.com\\\/autos\\\/#website\",\"url\":\"http:\\\/\\\/autosdelpodio.com\\\/autos\\\/\",\"name\":\"Autos del Podio\",\"description\":\"La sexta del deporte motor\",\"publisher\":{\"@id\":\"http:\\\/\\\/autosdelpodio.com\\\/autos\\\/#organization\"},\"potentialAction\":[{\"@type\":\"SearchAction\",\"target\":{\"@type\":\"EntryPoint\",\"urlTemplate\":\"http:\\\/\\\/autosdelpodio.com\\\/autos\\\/?s={search_term_string}\"},\"query-input\":{\"@type\":\"PropertyValueSpecification\",\"valueRequired\":true,\"valueName\":\"search_term_string\"}}],\"inLanguage\":\"es\"},{\"@type\":\"Organization\",\"@id\":\"http:\\\/\\\/autosdelpodio.com\\\/autos\\\/#organization\",\"name\":\"Autos del Podio\",\"url\":\"http:\\\/\\\/autosdelpodio.com\\\/autos\\\/\",\"logo\":{\"@type\":\"ImageObject\",\"inLanguage\":\"es\",\"@id\":\"http:\\\/\\\/autosdelpodio.com\\\/autos\\\/#\\\/schema\\\/logo\\\/image\\\/\",\"url\":\"http:\\\/\\\/autosdelpodio.com\\\/autos\\\/wp-content\\\/uploads\\\/2020\\\/08\\\/Logo_AR.jpg\",\"contentUrl\":\"http:\\\/\\\/autosdelpodio.com\\\/autos\\\/wp-content\\\/uploads\\\/2020\\\/08\\\/Logo_AR.jpg\",\"width\":1038,\"height\":1044,\"caption\":\"Autos del Podio\"},\"image\":{\"@id\":\"http:\\\/\\\/autosdelpodio.com\\\/autos\\\/#\\\/schema\\\/logo\\\/image\\\/\"},\"sameAs\":[\"https:\\\/\\\/www.facebook.com\\\/profile.php?id=100057192590976&amp;amp;amp;amp;amp;amp;amp;amp;amp;amp;amp;amp;amp;amp;amp;amp;amp;amp;ref=ts\",\"https:\\\/\\\/x.com\\\/autosdelpodio\",\"https:\\\/\\\/www.youtube.com\\\/user\\\/AutosdelPodio\"]},{\"@type\":\"Person\",\"@id\":\"http:\\\/\\\/autosdelpodio.com\\\/autos\\\/#\\\/schema\\\/person\\\/993527a4d01c3acdd3d6bce3770bc942\",\"name\":\"autosdelpodio\",\"image\":{\"@type\":\"ImageObject\",\"inLanguage\":\"es\",\"@id\":\"http:\\\/\\\/autosdelpodio.com\\\/autos\\\/wp-content\\\/litespeed\\\/avatar\\\/aa8f65cd201a80f6b844f63278aa84af.jpg?ver=1777403005\",\"url\":\"http:\\\/\\\/autosdelpodio.com\\\/autos\\\/wp-content\\\/litespeed\\\/avatar\\\/aa8f65cd201a80f6b844f63278aa84af.jpg?ver=1777403005\",\"contentUrl\":\"http:\\\/\\\/autosdelpodio.com\\\/autos\\\/wp-content\\\/litespeed\\\/avatar\\\/aa8f65cd201a80f6b844f63278aa84af.jpg?ver=1777403005\",\"caption\":\"autosdelpodio\"}}]}<\/script>\n<!-- \/ Yoast SEO plugin. -->","yoast_head_json":{"title":"Autos del Podio | Stellantis confirm\u00f3 la producci\u00f3n nacional del Peugeot 2008","description":"Autos del Podio La producci\u00f3n nacional del Peugeot 2008 demand\u00f3 una inversi\u00f3n de 270 millones de d\u00f3lares. Ser\u00e1 fabricado sobre la plataforma modular CMP.","robots":{"index":"index","follow":"follow","max-snippet":"max-snippet:-1","max-image-preview":"max-image-preview:large","max-video-preview":"max-video-preview:-1"},"canonical":"http:\/\/autosdelpodio.com\/autos\/stellantis-confirmo-la-produccion-nacional-del-peugeot-2008\/","og_locale":"es_ES","og_type":"article","og_title":"Autos del Podio | Stellantis confirm\u00f3 la producci\u00f3n nacional del Peugeot 2008","og_description":"Autos del Podio La producci\u00f3n nacional del Peugeot 2008 demand\u00f3 una inversi\u00f3n de 270 millones de d\u00f3lares. Ser\u00e1 fabricado sobre la plataforma modular CMP.","og_url":"http:\/\/autosdelpodio.com\/autos\/stellantis-confirmo-la-produccion-nacional-del-peugeot-2008\/","og_site_name":"Autos del Podio","article_publisher":"https:\/\/www.facebook.com\/profile.php?id=100057192590976&amp%3bamp%3bamp%3bamp%3bamp%3bamp%3bamp%3bamp%3bamp%3bamp%3bamp%3bamp%3bamp%3bamp%3bamp%3bamp%3bamp%3bamp%3bref=ts","article_published_time":"2024-04-26T19:28:14+00:00","article_modified_time":"2024-04-26T19:44:20+00:00","og_image":[{"width":500,"height":250,"url":"http:\/\/autosdelpodio.com\/autos\/wp-content\/uploads\/2024\/04\/Peugeot_2008_24.jpg","type":"image\/jpeg"}],"author":"autosdelpodio","twitter_card":"summary_large_image","twitter_creator":"@autosdelpodio","twitter_site":"@autosdelpodio","twitter_misc":{"Escrito por":"autosdelpodio","Tiempo de lectura":"2 minutos"},"schema":{"@context":"https:\/\/schema.org","@graph":[{"@type":"Article","@id":"http:\/\/autosdelpodio.com\/autos\/stellantis-confirmo-la-produccion-nacional-del-peugeot-2008\/#article","isPartOf":{"@id":"http:\/\/autosdelpodio.com\/autos\/stellantis-confirmo-la-produccion-nacional-del-peugeot-2008\/"},"author":{"name":"autosdelpodio","@id":"http:\/\/autosdelpodio.com\/autos\/#\/schema\/person\/993527a4d01c3acdd3d6bce3770bc942"},"headline":"Stellantis confirm\u00f3 la producci\u00f3n nacional del Peugeot 2008","datePublished":"2024-04-26T19:28:14+00:00","dateModified":"2024-04-26T19:44:20+00:00","mainEntityOfPage":{"@id":"http:\/\/autosdelpodio.com\/autos\/stellantis-confirmo-la-produccion-nacional-del-peugeot-2008\/"},"wordCount":310,"commentCount":0,"publisher":{"@id":"http:\/\/autosdelpodio.com\/autos\/#organization"},"image":{"@id":"http:\/\/autosdelpodio.com\/autos\/stellantis-confirmo-la-produccion-nacional-del-peugeot-2008\/#primaryimage"},"thumbnailUrl":"http:\/\/autosdelpodio.com\/autos\/wp-content\/uploads\/2024\/04\/Peugeot_2008_24.jpg","keywords":["El Palomar","Industria Automotriz","Peugeot","Producci\u00f3n","Republica Argentina","Stellantis"],"articleSection":["Destacado","\u00daltimas noticias"],"inLanguage":"es","potentialAction":[{"@type":"CommentAction","name":"Comment","target":["http:\/\/autosdelpodio.com\/autos\/stellantis-confirmo-la-produccion-nacional-del-peugeot-2008\/#respond"]}]},{"@type":"WebPage","@id":"http:\/\/autosdelpodio.com\/autos\/stellantis-confirmo-la-produccion-nacional-del-peugeot-2008\/","url":"http:\/\/autosdelpodio.com\/autos\/stellantis-confirmo-la-produccion-nacional-del-peugeot-2008\/","name":"Autos del Podio | Stellantis confirm\u00f3 la producci\u00f3n nacional del Peugeot 2008","isPartOf":{"@id":"http:\/\/autosdelpodio.com\/autos\/#website"},"primaryImageOfPage":{"@id":"http:\/\/autosdelpodio.com\/autos\/stellantis-confirmo-la-produccion-nacional-del-peugeot-2008\/#primaryimage"},"image":{"@id":"http:\/\/autosdelpodio.com\/autos\/stellantis-confirmo-la-produccion-nacional-del-peugeot-2008\/#primaryimage"},"thumbnailUrl":"http:\/\/autosdelpodio.com\/autos\/wp-content\/uploads\/2024\/04\/Peugeot_2008_24.jpg","datePublished":"2024-04-26T19:28:14+00:00","dateModified":"2024-04-26T19:44:20+00:00","description":"Autos del Podio La producci\u00f3n nacional del Peugeot 2008 demand\u00f3 una inversi\u00f3n de 270 millones de d\u00f3lares. Ser\u00e1 fabricado sobre la plataforma modular CMP.","breadcrumb":{"@id":"http:\/\/autosdelpodio.com\/autos\/stellantis-confirmo-la-produccion-nacional-del-peugeot-2008\/#breadcrumb"},"inLanguage":"es","potentialAction":[{"@type":"ReadAction","target":["http:\/\/autosdelpodio.com\/autos\/stellantis-confirmo-la-produccion-nacional-del-peugeot-2008\/"]}]},{"@type":"ImageObject","inLanguage":"es","@id":"http:\/\/autosdelpodio.com\/autos\/stellantis-confirmo-la-produccion-nacional-del-peugeot-2008\/#primaryimage","url":"http:\/\/autosdelpodio.com\/autos\/wp-content\/uploads\/2024\/04\/Peugeot_2008_24.jpg","contentUrl":"http:\/\/autosdelpodio.com\/autos\/wp-content\/uploads\/2024\/04\/Peugeot_2008_24.jpg","width":500,"height":250,"caption":"Peugeot 2008 argentino"},{"@type":"BreadcrumbList","@id":"http:\/\/autosdelpodio.com\/autos\/stellantis-confirmo-la-produccion-nacional-del-peugeot-2008\/#breadcrumb","itemListElement":[{"@type":"ListItem","position":1,"name":"Portada","item":"http:\/\/autosdelpodio.com\/autos\/"},{"@type":"ListItem","position":2,"name":"Stellantis confirm\u00f3 la producci\u00f3n nacional del Peugeot 2008"}]},{"@type":"WebSite","@id":"http:\/\/autosdelpodio.com\/autos\/#website","url":"http:\/\/autosdelpodio.com\/autos\/","name":"Autos del Podio","description":"La sexta del deporte motor","publisher":{"@id":"http:\/\/autosdelpodio.com\/autos\/#organization"},"potentialAction":[{"@type":"SearchAction","target":{"@type":"EntryPoint","urlTemplate":"http:\/\/autosdelpodio.com\/autos\/?s={search_term_string}"},"query-input":{"@type":"PropertyValueSpecification","valueRequired":true,"valueName":"search_term_string"}}],"inLanguage":"es"},{"@type":"Organization","@id":"http:\/\/autosdelpodio.com\/autos\/#organization","name":"Autos del Podio","url":"http:\/\/autosdelpodio.com\/autos\/","logo":{"@type":"ImageObject","inLanguage":"es","@id":"http:\/\/autosdelpodio.com\/autos\/#\/schema\/logo\/image\/","url":"http:\/\/autosdelpodio.com\/autos\/wp-content\/uploads\/2020\/08\/Logo_AR.jpg","contentUrl":"http:\/\/autosdelpodio.com\/autos\/wp-content\/uploads\/2020\/08\/Logo_AR.jpg","width":1038,"height":1044,"caption":"Autos del Podio"},"image":{"@id":"http:\/\/autosdelpodio.com\/autos\/#\/schema\/logo\/image\/"},"sameAs":["https:\/\/www.facebook.com\/profile.php?id=100057192590976&amp;amp;amp;amp;amp;amp;amp;amp;amp;amp;amp;amp;amp;amp;amp;amp;amp;amp;ref=ts","https:\/\/x.com\/autosdelpodio","https:\/\/www.youtube.com\/user\/AutosdelPodio"]},{"@type":"Person","@id":"http:\/\/autosdelpodio.com\/autos\/#\/schema\/person\/993527a4d01c3acdd3d6bce3770bc942","name":"autosdelpodio","image":{"@type":"ImageObject","inLanguage":"es","@id":"http:\/\/autosdelpodio.com\/autos\/wp-content\/litespeed\/avatar\/aa8f65cd201a80f6b844f63278aa84af.jpg?ver=1777403005","url":"http:\/\/autosdelpodio.com\/autos\/wp-content\/litespeed\/avatar\/aa8f65cd201a80f6b844f63278aa84af.jpg?ver=1777403005","contentUrl":"http:\/\/autosdelpodio.com\/autos\/wp-content\/litespeed\/avatar\/aa8f65cd201a80f6b844f63278aa84af.jpg?ver=1777403005","caption":"autosdelpodio"}}]}},"views":628,"_links":{"self":[{"href":"http:\/\/autosdelpodio.com\/autos\/wp-json\/wp\/v2\/posts\/7609","targetHints":{"allow":["GET"]}}],"collection":[{"href":"http:\/\/autosdelpodio.com\/autos\/wp-json\/wp\/v2\/posts"}],"about":[{"href":"http:\/\/autosdelpodio.com\/autos\/wp-json\/wp\/v2\/types\/post"}],"author":[{"embeddable":true,"href":"http:\/\/autosdelpodio.com\/autos\/wp-json\/wp\/v2\/users\/3"}],"replies":[{"embeddable":true,"href":"http:\/\/autosdelpodio.com\/autos\/wp-json\/wp\/v2\/comments?post=7609"}],"version-history":[{"count":1,"href":"http:\/\/autosdelpodio.com\/autos\/wp-json\/wp\/v2\/posts\/7609\/revisions"}],"predecessor-version":[{"id":7612,"href":"http:\/\/autosdelpodio.com\/autos\/wp-json\/wp\/v2\/posts\/7609\/revisions\/7612"}],"wp:featuredmedia":[{"embeddable":true,"href":"http:\/\/autosdelpodio.com\/autos\/wp-json\/wp\/v2\/media\/7615"}],"wp:attachment":[{"href":"http:\/\/autosdelpodio.com\/autos\/wp-json\/wp\/v2\/media?parent=7609"}],"wp:term":[{"taxonomy":"category","embeddable":true,"href":"http:\/\/autosdelpodio.com\/autos\/wp-json\/wp\/v2\/categories?post=7609"},{"taxonomy":"post_tag","embeddable":true,"href":"http:\/\/autosdelpodio.com\/autos\/wp-json\/wp\/v2\/tags?post=7609"}],"curies":[{"name":"wp","href":"https:\/\/api.w.org\/{rel}","templated":true}]}}