{"id":7673,"date":"2024-05-26T14:19:25","date_gmt":"2024-05-26T17:19:25","guid":{"rendered":"http:\/\/autosdelpodio.com\/autos\/?p=7673"},"modified":"2024-05-26T14:22:24","modified_gmt":"2024-05-26T17:22:24","slug":"7673-2","status":"publish","type":"post","link":"http:\/\/autosdelpodio.com\/autos\/7673-2\/","title":{"rendered":"Gan\u00f3 Leclerc con Ferrari y es noticia"},"content":{"rendered":"\n<p>De local y ante su p\u00fablico Charles Leclerc se impuso en el siempre dif\u00edcil GP de M\u00f3naco de Formula 1.El volante de Ferrari fue escoltado por \u00d3scar Piastri (McLaren) y su compa\u00f1ero Carlos Sainz Jr.<br>La no noticia por as\u00ed decirlo fue la poca centralidad que tuvo a lo largo del fin de semana en Montecarlo el campe\u00f3n Max Verstappen, quien pese a su sexto puesto en la final se mantiene como puntero del campeonato.<br>La pr\u00f3xima carrera ser\u00e1 en Montreal, correspondiente al Gran Premio de Canad\u00e1, entre el 7 y 9 de junio.<\/p>\n\n\n\n<p><em><strong>Final F1 &#8211; GP de Monaco<\/strong><\/em><\/p>\n\n\n\n<figure class=\"wp-block-table\"><table><tbody><tr><td>1<\/td><td><strong>C. Leclerc<\/strong><\/td><td>16<\/td><td><\/td><td>Ferrari<\/td><td>Ferrari<\/td><\/tr><tr><td>2<\/td><td><strong>O. Piastri<\/strong><\/td><td>81<\/td><td><\/td><td>McLaren<\/td><td>Mercedes<\/td><\/tr><tr><td>3<\/td><td><strong>C. Sainz<\/strong><\/td><td>55<\/td><td><\/td><td>Ferrari<\/td><td>Ferrari<\/td><\/tr><tr><td>4<\/td><td><strong>L. Norris<\/strong><\/td><td>4<\/td><td><\/td><td>McLaren<\/td><td>Mercedes<\/td><\/tr><tr><td>5<\/td><td><strong>G. Russell<\/strong><\/td><td>63<\/td><td><\/td><td>Mercedes<\/td><td>Mercedes<\/td><\/tr><tr><td>6<\/td><td><strong>M. Verstappen<\/strong><\/td><td>1<\/td><td><\/td><td>Red Bull<\/td><td>Red Bull<\/td><\/tr><tr><td>7<\/td><td><strong>L. Hamilton<\/strong><\/td><td>44<\/td><td><\/td><td>Mercedes<\/td><td>Mercedes<\/td><\/tr><tr><td>8<\/td><td><strong>Y. Tsunoda<\/strong><\/td><td>22<\/td><td><\/td><td>RB<\/td><td>Red Bull<\/td><\/tr><tr><td>9<\/td><td><strong>A. Albon<\/strong><\/td><td>23<\/td><td><\/td><td>Williams<\/td><td>Mercedes<\/td><\/tr><tr><td>10<\/td><td><strong>P. Gasly<\/strong><\/td><td>10<\/td><td><\/td><td>Alpine<\/td><td>Renault<\/td><\/tr><tr><td>11<\/td><td><strong>F. Alonso<\/strong><\/td><td>14<\/td><td><\/td><td>Aston Martin<\/td><td>Mercedes<\/td><\/tr><tr><td>12<\/td><td><strong>D. Ricciardo<\/strong><\/td><td>3<\/td><td><\/td><td>RB<\/td><td>Red Bull<\/td><\/tr><tr><td>13<\/td><td><strong>V. Bottas<\/strong><\/td><td>77<\/td><td><\/td><td>Sauber<\/td><td>Ferrari<\/td><\/tr><tr><td>14<\/td><td><strong>L. Stroll<\/strong><\/td><td>18<\/td><td><\/td><td>Aston Martin<\/td><td>Mercedes<\/td><\/tr><tr><td>15<\/td><td><strong>L. Sargeant<\/strong><\/td><td>2<\/td><td><\/td><td>Williams<\/td><td>Mercedes<\/td><\/tr><tr><td>16<\/td><td><strong>G. Zhou<\/strong><\/td><td>24<\/td><td><\/td><td>Sauber<\/td><td>Ferrari<\/td><\/tr><tr><td>dnf<\/td><td><strong>E. Ocon<\/strong><\/td><td>31<\/td><td>Colisi\u00f3n<\/td><td>Alpine<\/td><td>Renault<\/td><\/tr><tr><td>dnf<\/td><td><strong>S. P\u00e9rez<\/strong><\/td><td>11<\/td><td>Colisi\u00f3n<\/td><td>Red Bull<\/td><td>Red Bull<\/td><\/tr><tr><td>dnf<\/td><td><strong>N. Hulkenberg<\/strong><\/td><td>27<\/td><td>Colisi\u00f3n<\/td><td>Haas<\/td><td>Ferrari<\/td><\/tr><tr><td>dnf<\/td><td><strong>K. Magnussen<\/strong><\/td><td>20<\/td><td>Colisi\u00f3n<\/td><td>Haas<\/td><td>Ferrari<\/td><\/tr><\/tbody><\/table><\/figure>\n","protected":false},"excerpt":{"rendered":"<p>De local y ante su p\u00fablico Charles Leclerc se impuso en el siempre dif\u00edcil GP de M\u00f3naco de Formula 1.El<\/p>\n","protected":false},"author":3,"featured_media":1751,"comment_status":"open","ping_status":"open","sticky":false,"template":"","format":"standard","meta":{"colormag_page_container_layout":"default_layout","colormag_page_sidebar_layout":"default_layout","footnotes":""},"categories":[6,5],"tags":[659,177,75,562],"class_list":["post-7673","post","type-post","status-publish","format-standard","has-post-thumbnail","hentry","category-newsflash","category-latest-news","tag-charles-leclerc","tag-ferrari","tag-formula-1","tag-gp-monaco"],"yoast_head":"<!-- This site is optimized with the Yoast SEO plugin v27.4 - https:\/\/yoast.com\/product\/yoast-seo-wordpress\/ -->\n<title>Autos del Podio | Gan\u00f3 Leclerc con Ferrari y es noticia<\/title>\n<meta name=\"description\" content=\"Autos del Podio Sexto triunfo dentro de la F1 para Charles Leclerc nada menos que en Monaco\" \/>\n<meta name=\"robots\" content=\"index, follow, max-snippet:-1, max-image-preview:large, max-video-preview:-1\" \/>\n<link rel=\"canonical\" href=\"http:\/\/autosdelpodio.com\/autos\/7673-2\/\" \/>\n<meta property=\"og:locale\" content=\"es_ES\" \/>\n<meta property=\"og:type\" content=\"article\" \/>\n<meta property=\"og:title\" content=\"Autos del Podio | Gan\u00f3 Leclerc con Ferrari y es noticia\" \/>\n<meta property=\"og:description\" content=\"Autos del Podio Sexto triunfo dentro de la F1 para Charles Leclerc nada menos que en Monaco\" \/>\n<meta property=\"og:url\" content=\"http:\/\/autosdelpodio.com\/autos\/7673-2\/\" \/>\n<meta property=\"og:site_name\" content=\"Autos del Podio\" \/>\n<meta property=\"article:publisher\" content=\"https:\/\/www.facebook.com\/profile.php?id=100057192590976&amp;amp%3bamp%3bamp%3bamp%3bamp%3bamp%3bamp%3bamp%3bamp%3bamp%3bamp%3bamp%3bamp%3bamp%3bamp%3bamp%3bamp%3bamp%3bref=ts\" \/>\n<meta property=\"article:published_time\" content=\"2024-05-26T17:19:25+00:00\" \/>\n<meta property=\"article:modified_time\" content=\"2024-05-26T17:22:24+00:00\" \/>\n<meta property=\"og:image\" content=\"http:\/\/autosdelpodio.com\/autos\/wp-content\/uploads\/2020\/04\/Logo_F1_-e1621029352226.jpg\" \/>\n\t<meta property=\"og:image:width\" content=\"500\" \/>\n\t<meta property=\"og:image:height\" content=\"278\" \/>\n\t<meta property=\"og:image:type\" content=\"image\/jpeg\" \/>\n<meta name=\"author\" content=\"autosdelpodio\" \/>\n<meta name=\"twitter:card\" content=\"summary_large_image\" \/>\n<meta name=\"twitter:creator\" content=\"@autosdelpodio\" \/>\n<meta name=\"twitter:site\" content=\"@autosdelpodio\" \/>\n<meta name=\"twitter:label1\" content=\"Escrito por\" \/>\n\t<meta name=\"twitter:data1\" content=\"autosdelpodio\" \/>\n\t<meta name=\"twitter:label2\" content=\"Tiempo de lectura\" \/>\n\t<meta name=\"twitter:data2\" content=\"2 minutos\" \/>\n<script type=\"application\/ld+json\" class=\"yoast-schema-graph\">{\"@context\":\"https:\\\/\\\/schema.org\",\"@graph\":[{\"@type\":\"Article\",\"@id\":\"http:\\\/\\\/autosdelpodio.com\\\/autos\\\/7673-2\\\/#article\",\"isPartOf\":{\"@id\":\"http:\\\/\\\/autosdelpodio.com\\\/autos\\\/7673-2\\\/\"},\"author\":{\"name\":\"autosdelpodio\",\"@id\":\"http:\\\/\\\/autosdelpodio.com\\\/autos\\\/#\\\/schema\\\/person\\\/993527a4d01c3acdd3d6bce3770bc942\"},\"headline\":\"Gan\u00f3 Leclerc con Ferrari y es noticia\",\"datePublished\":\"2024-05-26T17:19:25+00:00\",\"dateModified\":\"2024-05-26T17:22:24+00:00\",\"mainEntityOfPage\":{\"@id\":\"http:\\\/\\\/autosdelpodio.com\\\/autos\\\/7673-2\\\/\"},\"wordCount\":212,\"commentCount\":0,\"publisher\":{\"@id\":\"http:\\\/\\\/autosdelpodio.com\\\/autos\\\/#organization\"},\"image\":{\"@id\":\"http:\\\/\\\/autosdelpodio.com\\\/autos\\\/7673-2\\\/#primaryimage\"},\"thumbnailUrl\":\"http:\\\/\\\/autosdelpodio.com\\\/autos\\\/wp-content\\\/uploads\\\/2020\\\/04\\\/Logo_F1_-e1621029352226.jpg\",\"keywords\":[\"Charles Leclerc\",\"Ferrari\",\"Formula 1\",\"GP Monaco\"],\"articleSection\":[\"Destacado\",\"\u00daltimas noticias\"],\"inLanguage\":\"es\",\"potentialAction\":[{\"@type\":\"CommentAction\",\"name\":\"Comment\",\"target\":[\"http:\\\/\\\/autosdelpodio.com\\\/autos\\\/7673-2\\\/#respond\"]}]},{\"@type\":\"WebPage\",\"@id\":\"http:\\\/\\\/autosdelpodio.com\\\/autos\\\/7673-2\\\/\",\"url\":\"http:\\\/\\\/autosdelpodio.com\\\/autos\\\/7673-2\\\/\",\"name\":\"Autos del Podio | Gan\u00f3 Leclerc con Ferrari y es noticia\",\"isPartOf\":{\"@id\":\"http:\\\/\\\/autosdelpodio.com\\\/autos\\\/#website\"},\"primaryImageOfPage\":{\"@id\":\"http:\\\/\\\/autosdelpodio.com\\\/autos\\\/7673-2\\\/#primaryimage\"},\"image\":{\"@id\":\"http:\\\/\\\/autosdelpodio.com\\\/autos\\\/7673-2\\\/#primaryimage\"},\"thumbnailUrl\":\"http:\\\/\\\/autosdelpodio.com\\\/autos\\\/wp-content\\\/uploads\\\/2020\\\/04\\\/Logo_F1_-e1621029352226.jpg\",\"datePublished\":\"2024-05-26T17:19:25+00:00\",\"dateModified\":\"2024-05-26T17:22:24+00:00\",\"description\":\"Autos del Podio Sexto triunfo dentro de la F1 para Charles Leclerc nada menos que en Monaco\",\"breadcrumb\":{\"@id\":\"http:\\\/\\\/autosdelpodio.com\\\/autos\\\/7673-2\\\/#breadcrumb\"},\"inLanguage\":\"es\",\"potentialAction\":[{\"@type\":\"ReadAction\",\"target\":[\"http:\\\/\\\/autosdelpodio.com\\\/autos\\\/7673-2\\\/\"]}]},{\"@type\":\"ImageObject\",\"inLanguage\":\"es\",\"@id\":\"http:\\\/\\\/autosdelpodio.com\\\/autos\\\/7673-2\\\/#primaryimage\",\"url\":\"http:\\\/\\\/autosdelpodio.com\\\/autos\\\/wp-content\\\/uploads\\\/2020\\\/04\\\/Logo_F1_-e1621029352226.jpg\",\"contentUrl\":\"http:\\\/\\\/autosdelpodio.com\\\/autos\\\/wp-content\\\/uploads\\\/2020\\\/04\\\/Logo_F1_-e1621029352226.jpg\",\"width\":500,\"height\":278},{\"@type\":\"BreadcrumbList\",\"@id\":\"http:\\\/\\\/autosdelpodio.com\\\/autos\\\/7673-2\\\/#breadcrumb\",\"itemListElement\":[{\"@type\":\"ListItem\",\"position\":1,\"name\":\"Portada\",\"item\":\"http:\\\/\\\/autosdelpodio.com\\\/autos\\\/\"},{\"@type\":\"ListItem\",\"position\":2,\"name\":\"Gan\u00f3 Leclerc con Ferrari y es noticia\"}]},{\"@type\":\"WebSite\",\"@id\":\"http:\\\/\\\/autosdelpodio.com\\\/autos\\\/#website\",\"url\":\"http:\\\/\\\/autosdelpodio.com\\\/autos\\\/\",\"name\":\"Autos del Podio\",\"description\":\"La sexta del deporte motor\",\"publisher\":{\"@id\":\"http:\\\/\\\/autosdelpodio.com\\\/autos\\\/#organization\"},\"potentialAction\":[{\"@type\":\"SearchAction\",\"target\":{\"@type\":\"EntryPoint\",\"urlTemplate\":\"http:\\\/\\\/autosdelpodio.com\\\/autos\\\/?s={search_term_string}\"},\"query-input\":{\"@type\":\"PropertyValueSpecification\",\"valueRequired\":true,\"valueName\":\"search_term_string\"}}],\"inLanguage\":\"es\"},{\"@type\":\"Organization\",\"@id\":\"http:\\\/\\\/autosdelpodio.com\\\/autos\\\/#organization\",\"name\":\"Autos del Podio\",\"url\":\"http:\\\/\\\/autosdelpodio.com\\\/autos\\\/\",\"logo\":{\"@type\":\"ImageObject\",\"inLanguage\":\"es\",\"@id\":\"http:\\\/\\\/autosdelpodio.com\\\/autos\\\/#\\\/schema\\\/logo\\\/image\\\/\",\"url\":\"http:\\\/\\\/autosdelpodio.com\\\/autos\\\/wp-content\\\/uploads\\\/2020\\\/08\\\/Logo_AR.jpg\",\"contentUrl\":\"http:\\\/\\\/autosdelpodio.com\\\/autos\\\/wp-content\\\/uploads\\\/2020\\\/08\\\/Logo_AR.jpg\",\"width\":1038,\"height\":1044,\"caption\":\"Autos del Podio\"},\"image\":{\"@id\":\"http:\\\/\\\/autosdelpodio.com\\\/autos\\\/#\\\/schema\\\/logo\\\/image\\\/\"},\"sameAs\":[\"https:\\\/\\\/www.facebook.com\\\/profile.php?id=100057192590976&amp;amp;amp;amp;amp;amp;amp;amp;amp;amp;amp;amp;amp;amp;amp;amp;amp;amp;ref=ts\",\"https:\\\/\\\/x.com\\\/autosdelpodio\",\"https:\\\/\\\/www.youtube.com\\\/user\\\/AutosdelPodio\"]},{\"@type\":\"Person\",\"@id\":\"http:\\\/\\\/autosdelpodio.com\\\/autos\\\/#\\\/schema\\\/person\\\/993527a4d01c3acdd3d6bce3770bc942\",\"name\":\"autosdelpodio\",\"image\":{\"@type\":\"ImageObject\",\"inLanguage\":\"es\",\"@id\":\"http:\\\/\\\/autosdelpodio.com\\\/autos\\\/wp-content\\\/litespeed\\\/avatar\\\/aa8f65cd201a80f6b844f63278aa84af.jpg?ver=1776798175\",\"url\":\"http:\\\/\\\/autosdelpodio.com\\\/autos\\\/wp-content\\\/litespeed\\\/avatar\\\/aa8f65cd201a80f6b844f63278aa84af.jpg?ver=1776798175\",\"contentUrl\":\"http:\\\/\\\/autosdelpodio.com\\\/autos\\\/wp-content\\\/litespeed\\\/avatar\\\/aa8f65cd201a80f6b844f63278aa84af.jpg?ver=1776798175\",\"caption\":\"autosdelpodio\"}}]}<\/script>\n<!-- \/ Yoast SEO plugin. -->","yoast_head_json":{"title":"Autos del Podio | Gan\u00f3 Leclerc con Ferrari y es noticia","description":"Autos del Podio Sexto triunfo dentro de la F1 para Charles Leclerc nada menos que en Monaco","robots":{"index":"index","follow":"follow","max-snippet":"max-snippet:-1","max-image-preview":"max-image-preview:large","max-video-preview":"max-video-preview:-1"},"canonical":"http:\/\/autosdelpodio.com\/autos\/7673-2\/","og_locale":"es_ES","og_type":"article","og_title":"Autos del Podio | Gan\u00f3 Leclerc con Ferrari y es noticia","og_description":"Autos del Podio Sexto triunfo dentro de la F1 para Charles Leclerc nada menos que en Monaco","og_url":"http:\/\/autosdelpodio.com\/autos\/7673-2\/","og_site_name":"Autos del Podio","article_publisher":"https:\/\/www.facebook.com\/profile.php?id=100057192590976&amp%3bamp%3bamp%3bamp%3bamp%3bamp%3bamp%3bamp%3bamp%3bamp%3bamp%3bamp%3bamp%3bamp%3bamp%3bamp%3bamp%3bamp%3bref=ts","article_published_time":"2024-05-26T17:19:25+00:00","article_modified_time":"2024-05-26T17:22:24+00:00","og_image":[{"width":500,"height":278,"url":"http:\/\/autosdelpodio.com\/autos\/wp-content\/uploads\/2020\/04\/Logo_F1_-e1621029352226.jpg","type":"image\/jpeg"}],"author":"autosdelpodio","twitter_card":"summary_large_image","twitter_creator":"@autosdelpodio","twitter_site":"@autosdelpodio","twitter_misc":{"Escrito por":"autosdelpodio","Tiempo de lectura":"2 minutos"},"schema":{"@context":"https:\/\/schema.org","@graph":[{"@type":"Article","@id":"http:\/\/autosdelpodio.com\/autos\/7673-2\/#article","isPartOf":{"@id":"http:\/\/autosdelpodio.com\/autos\/7673-2\/"},"author":{"name":"autosdelpodio","@id":"http:\/\/autosdelpodio.com\/autos\/#\/schema\/person\/993527a4d01c3acdd3d6bce3770bc942"},"headline":"Gan\u00f3 Leclerc con Ferrari y es noticia","datePublished":"2024-05-26T17:19:25+00:00","dateModified":"2024-05-26T17:22:24+00:00","mainEntityOfPage":{"@id":"http:\/\/autosdelpodio.com\/autos\/7673-2\/"},"wordCount":212,"commentCount":0,"publisher":{"@id":"http:\/\/autosdelpodio.com\/autos\/#organization"},"image":{"@id":"http:\/\/autosdelpodio.com\/autos\/7673-2\/#primaryimage"},"thumbnailUrl":"http:\/\/autosdelpodio.com\/autos\/wp-content\/uploads\/2020\/04\/Logo_F1_-e1621029352226.jpg","keywords":["Charles Leclerc","Ferrari","Formula 1","GP Monaco"],"articleSection":["Destacado","\u00daltimas noticias"],"inLanguage":"es","potentialAction":[{"@type":"CommentAction","name":"Comment","target":["http:\/\/autosdelpodio.com\/autos\/7673-2\/#respond"]}]},{"@type":"WebPage","@id":"http:\/\/autosdelpodio.com\/autos\/7673-2\/","url":"http:\/\/autosdelpodio.com\/autos\/7673-2\/","name":"Autos del Podio | Gan\u00f3 Leclerc con Ferrari y es noticia","isPartOf":{"@id":"http:\/\/autosdelpodio.com\/autos\/#website"},"primaryImageOfPage":{"@id":"http:\/\/autosdelpodio.com\/autos\/7673-2\/#primaryimage"},"image":{"@id":"http:\/\/autosdelpodio.com\/autos\/7673-2\/#primaryimage"},"thumbnailUrl":"http:\/\/autosdelpodio.com\/autos\/wp-content\/uploads\/2020\/04\/Logo_F1_-e1621029352226.jpg","datePublished":"2024-05-26T17:19:25+00:00","dateModified":"2024-05-26T17:22:24+00:00","description":"Autos del Podio Sexto triunfo dentro de la F1 para Charles Leclerc nada menos que en Monaco","breadcrumb":{"@id":"http:\/\/autosdelpodio.com\/autos\/7673-2\/#breadcrumb"},"inLanguage":"es","potentialAction":[{"@type":"ReadAction","target":["http:\/\/autosdelpodio.com\/autos\/7673-2\/"]}]},{"@type":"ImageObject","inLanguage":"es","@id":"http:\/\/autosdelpodio.com\/autos\/7673-2\/#primaryimage","url":"http:\/\/autosdelpodio.com\/autos\/wp-content\/uploads\/2020\/04\/Logo_F1_-e1621029352226.jpg","contentUrl":"http:\/\/autosdelpodio.com\/autos\/wp-content\/uploads\/2020\/04\/Logo_F1_-e1621029352226.jpg","width":500,"height":278},{"@type":"BreadcrumbList","@id":"http:\/\/autosdelpodio.com\/autos\/7673-2\/#breadcrumb","itemListElement":[{"@type":"ListItem","position":1,"name":"Portada","item":"http:\/\/autosdelpodio.com\/autos\/"},{"@type":"ListItem","position":2,"name":"Gan\u00f3 Leclerc con Ferrari y es noticia"}]},{"@type":"WebSite","@id":"http:\/\/autosdelpodio.com\/autos\/#website","url":"http:\/\/autosdelpodio.com\/autos\/","name":"Autos del Podio","description":"La sexta del deporte motor","publisher":{"@id":"http:\/\/autosdelpodio.com\/autos\/#organization"},"potentialAction":[{"@type":"SearchAction","target":{"@type":"EntryPoint","urlTemplate":"http:\/\/autosdelpodio.com\/autos\/?s={search_term_string}"},"query-input":{"@type":"PropertyValueSpecification","valueRequired":true,"valueName":"search_term_string"}}],"inLanguage":"es"},{"@type":"Organization","@id":"http:\/\/autosdelpodio.com\/autos\/#organization","name":"Autos del Podio","url":"http:\/\/autosdelpodio.com\/autos\/","logo":{"@type":"ImageObject","inLanguage":"es","@id":"http:\/\/autosdelpodio.com\/autos\/#\/schema\/logo\/image\/","url":"http:\/\/autosdelpodio.com\/autos\/wp-content\/uploads\/2020\/08\/Logo_AR.jpg","contentUrl":"http:\/\/autosdelpodio.com\/autos\/wp-content\/uploads\/2020\/08\/Logo_AR.jpg","width":1038,"height":1044,"caption":"Autos del Podio"},"image":{"@id":"http:\/\/autosdelpodio.com\/autos\/#\/schema\/logo\/image\/"},"sameAs":["https:\/\/www.facebook.com\/profile.php?id=100057192590976&amp;amp;amp;amp;amp;amp;amp;amp;amp;amp;amp;amp;amp;amp;amp;amp;amp;amp;ref=ts","https:\/\/x.com\/autosdelpodio","https:\/\/www.youtube.com\/user\/AutosdelPodio"]},{"@type":"Person","@id":"http:\/\/autosdelpodio.com\/autos\/#\/schema\/person\/993527a4d01c3acdd3d6bce3770bc942","name":"autosdelpodio","image":{"@type":"ImageObject","inLanguage":"es","@id":"http:\/\/autosdelpodio.com\/autos\/wp-content\/litespeed\/avatar\/aa8f65cd201a80f6b844f63278aa84af.jpg?ver=1776798175","url":"http:\/\/autosdelpodio.com\/autos\/wp-content\/litespeed\/avatar\/aa8f65cd201a80f6b844f63278aa84af.jpg?ver=1776798175","contentUrl":"http:\/\/autosdelpodio.com\/autos\/wp-content\/litespeed\/avatar\/aa8f65cd201a80f6b844f63278aa84af.jpg?ver=1776798175","caption":"autosdelpodio"}}]}},"views":595,"_links":{"self":[{"href":"http:\/\/autosdelpodio.com\/autos\/wp-json\/wp\/v2\/posts\/7673","targetHints":{"allow":["GET"]}}],"collection":[{"href":"http:\/\/autosdelpodio.com\/autos\/wp-json\/wp\/v2\/posts"}],"about":[{"href":"http:\/\/autosdelpodio.com\/autos\/wp-json\/wp\/v2\/types\/post"}],"author":[{"embeddable":true,"href":"http:\/\/autosdelpodio.com\/autos\/wp-json\/wp\/v2\/users\/3"}],"replies":[{"embeddable":true,"href":"http:\/\/autosdelpodio.com\/autos\/wp-json\/wp\/v2\/comments?post=7673"}],"version-history":[{"count":4,"href":"http:\/\/autosdelpodio.com\/autos\/wp-json\/wp\/v2\/posts\/7673\/revisions"}],"predecessor-version":[{"id":7677,"href":"http:\/\/autosdelpodio.com\/autos\/wp-json\/wp\/v2\/posts\/7673\/revisions\/7677"}],"wp:featuredmedia":[{"embeddable":true,"href":"http:\/\/autosdelpodio.com\/autos\/wp-json\/wp\/v2\/media\/1751"}],"wp:attachment":[{"href":"http:\/\/autosdelpodio.com\/autos\/wp-json\/wp\/v2\/media?parent=7673"}],"wp:term":[{"taxonomy":"category","embeddable":true,"href":"http:\/\/autosdelpodio.com\/autos\/wp-json\/wp\/v2\/categories?post=7673"},{"taxonomy":"post_tag","embeddable":true,"href":"http:\/\/autosdelpodio.com\/autos\/wp-json\/wp\/v2\/tags?post=7673"}],"curies":[{"name":"wp","href":"https:\/\/api.w.org\/{rel}","templated":true}]}}