{"id":7678,"date":"2024-05-26T15:38:28","date_gmt":"2024-05-26T18:38:28","guid":{"rendered":"http:\/\/autosdelpodio.com\/autos\/?p=7678"},"modified":"2024-05-26T15:38:30","modified_gmt":"2024-05-26T18:38:30","slug":"estreno-de-punta","status":"publish","type":"post","link":"http:\/\/autosdelpodio.com\/autos\/estreno-de-punta\/","title":{"rendered":"Estreno de punta"},"content":{"rendered":"\n<p>A German Todino le sent\u00f3 b\u00e1rbaro el estreno del Mustang NG en la sexta final del a\u00f1o del TC en el Aut\u00f3dromo uruguayense de Concepci\u00f3n.Juli\u00e1n Santero que trep\u00f3 a la punta del campeonato y Marcos Quijada completaron el podio.<br>En el campeonato \u00abEl mendocino volador\u00bb Santero, que acumula 3 podio en lo que va de la temporada se va de Entre R\u00edos al top de la tabla de posiciones con 190 puntos, luego lo siguen Manu Urcera con 186.5 y el actual monarca Mariano Werner con 170.<br>La pr\u00f3xima fecha se llevar\u00e1 a cabo el 16 de junio en el Aut\u00f3dromo santafesino de Rafaela.<\/p>\n\n\n\n<p><em><strong>Final TC a 25 Vueltas &#8211; Entre Rios I<\/strong><\/em><\/p>\n\n\n\n<figure class=\"wp-block-table\"><table><tbody><tr><td><strong>1<\/strong><\/td><td><strong>Todino, G.<\/strong><\/td><td><strong>F M<\/strong><\/td><td><strong>38;47.023<\/strong><\/td><\/tr><tr><td><strong>2<\/strong><\/td><td>Santero, J.<\/td><td>F<\/td><td>1.015<\/td><\/tr><tr><td><strong>3<\/strong><\/td><td>Quijada, M.<\/td><td>Ch C<\/td><td>2.174<\/td><\/tr><tr><td><strong>4<\/strong><\/td><td>Castellano, J.<\/td><td>D<\/td><td>2.305<\/td><\/tr><tr><td><strong>5<\/strong><\/td><td>Urcera, J. M.<\/td><td>F M<\/td><td>3.052<\/td><\/tr><tr><td><strong>6<\/strong><\/td><td>De Benedictis, J. B.<\/td><td>F M<\/td><td>3.876<\/td><\/tr><tr><td><strong>7<\/strong><\/td><td>Ciantini, D.<\/td><td>Ch<\/td><td>4.010<\/td><\/tr><tr><td><strong>8<\/strong><\/td><td>Mangoni, S.<\/td><td>Ch<\/td><td>4.431<\/td><\/tr><tr><td><strong>9<\/strong><\/td><td>Aguirre, V.<\/td><td>Ch<\/td><td>4.854<\/td><\/tr><tr><td><strong>10<\/strong><\/td><td>Lambiris, M.<\/td><td>F<\/td><td>5.872<\/td><\/tr><tr><td><strong>11<\/strong><\/td><td>Catal\u00e1n Magni, J. T.<\/td><td>F<\/td><td>6.577<\/td><\/tr><tr><td><strong>12<\/strong><\/td><td>Trosset, N.<\/td><td>F M<\/td><td>6.859<\/td><\/tr><tr><td><strong>13<\/strong><\/td><td>Mart\u00ednez, T.<\/td><td>T NG<\/td><td>7.052<\/td><\/tr><tr><td><strong>14<\/strong><\/td><td>Landa, M.<\/td><td>T<\/td><td>7.419<\/td><\/tr><tr><td><strong>15<\/strong><\/td><td>Spataro, E.<\/td><td>F<\/td><td>7.620<\/td><\/tr><tr><td><strong>16<\/strong><\/td><td>Risatti, R.<\/td><td>Ch C<\/td><td>8.306<\/td><\/tr><tr><td><strong>17<\/strong><\/td><td>Trucco, J. M.<\/td><td>D C<\/td><td>8.672<\/td><\/tr><tr><td><strong>18<\/strong><\/td><td>Fritzler, O.<\/td><td>D<\/td><td>9.213<\/td><\/tr><tr><td><strong>19<\/strong><\/td><td>De La Iglesia, L.<\/td><td>D<\/td><td>9.698<\/td><\/tr><tr><td><strong>20<\/strong><\/td><td>Werner, M.<\/td><td>F M<\/td><td>9.984<\/td><\/tr><tr><td><strong>21<\/strong><\/td><td>Ferrante, G.<\/td><td>Ty NG<\/td><td>10.341<\/td><\/tr><tr><td><strong>22<\/strong><\/td><td>\u00c1lvarez, S.<\/td><td>D<\/td><td>10.634<\/td><\/tr><tr><td><strong>23<\/strong><\/td><td>Jalaf, M.<\/td><td>F<\/td><td>11.478<\/td><\/tr><tr><td><strong>24<\/strong><\/td><td>V\u00e1zquez, M.<\/td><td>D<\/td><td>11.779<\/td><\/tr><tr><td><strong>25<\/strong><\/td><td>Iribarne, F.<\/td><td>Ch C<\/td><td>12.583<\/td><\/tr><tr><td><strong>26<\/strong><\/td><td>De Carlo, D.<\/td><td>Ch<\/td><td>12.772<\/td><\/tr><tr><td><strong>27<\/strong><\/td><td>Londero, A.<\/td><td>F<\/td><td>13.245<\/td><\/tr><tr><td><strong>28<\/strong><\/td><td>Gini, E.<\/td><td>Ty<\/td><td>13.438<\/td><\/tr><tr><td><strong>29<\/strong><\/td><td>Bonelli, N.<\/td><td>Ch<\/td><td>13.685<\/td><\/tr><tr><td><strong>30<\/strong><\/td><td>Abella, S.<\/td><td>T<\/td><td>15.090<\/td><\/tr><tr><td><strong>31<\/strong><\/td><td>Agrelo, M.<\/td><td>D<\/td><td>26.293<\/td><\/tr><tr><td><strong>32<\/strong><\/td><td>Candela, K.<\/td><td>To<\/td><td>40.408<\/td><\/tr><tr><td><strong>33<\/strong><\/td><td>Mazzacane, G.<\/td><td>Ch<\/td><td>1;05.729<\/td><\/tr><tr><td><strong>34<\/strong><\/td><td>Ardusso, F.<\/td><td>Ch<\/td><td>2 VTAS<\/td><\/tr><tr><td><strong>35<\/strong><\/td><td>Benvenuti, J. C.<\/td><td>Ch<\/td><td>4 VTAS<\/td><\/tr><tr><td><strong>36<\/strong><\/td><td>Ledesma, C.<\/td><td>Ch C<\/td><td>5 VTAS<\/td><\/tr><tr><td><strong>37<\/strong><\/td><td>Ebarl\u00edn, J. J.<\/td><td>Ch<\/td><td>5 VTAS<\/td><\/tr><tr><td><strong>38<\/strong><\/td><td>Ponce De Le\u00f3n, G.<\/td><td>F<\/td><td>10 VTAS<\/td><\/tr><tr><td><strong>39<\/strong><\/td><td>Craparo, E.<\/td><td>D<\/td><td>12 VTAS<\/td><\/tr><tr><td><strong>40<\/strong><\/td><td>Garbelino, J.<\/td><td>D<\/td><td>15 VTAS<\/td><\/tr><tr><td><strong>41<\/strong><\/td><td>Jakos, A.<\/td><td>Ty NG<\/td><td>16 VTAS<\/td><\/tr><tr><td><strong>42<\/strong><\/td><td>Carinelli, A.<\/td><td>D<\/td><td>16 VTAS<\/td><\/tr><tr><td><strong>43<\/strong><\/td><td>Chapur, F.<\/td><td>D<\/td><td>20 VTAS<\/td><\/tr><tr><td><strong>44<\/strong><\/td><td>Mart\u00ednez, A.<\/td><td>F<\/td><td>24 VTAS<\/td><\/tr><\/tbody><\/table><\/figure>\n","protected":false},"excerpt":{"rendered":"<p>A German Todino le sent\u00f3 b\u00e1rbaro el estreno del Mustang NG en la sexta final del a\u00f1o del TC en<\/p>\n","protected":false},"author":3,"featured_media":34,"comment_status":"open","ping_status":"open","sticky":false,"template":"","format":"standard","meta":{"colormag_page_container_layout":"default_layout","colormag_page_sidebar_layout":"default_layout","footnotes":""},"categories":[6,5],"tags":[507,218,83,695,546,39],"class_list":["post-7678","post","type-post","status-publish","format-standard","has-post-thumbnail","hentry","category-newsflash","category-latest-news","tag-autodromo-concepcion-u","tag-entre-rios","tag-ford","tag-german-todino","tag-mustang","tag-turismo-carretera"],"yoast_head":"<!-- This site is optimized with the Yoast SEO plugin v27.5 - https:\/\/yoast.com\/product\/yoast-seo-wordpress\/ -->\n<title>Autos del Podio | Estreno de punta<\/title>\n<meta name=\"description\" content=\"Autos del Podio Segundo triunfo para el Mustang NG en la nueva era del TC con German Todino a la vanguardia\" \/>\n<meta name=\"robots\" content=\"index, follow, max-snippet:-1, max-image-preview:large, max-video-preview:-1\" \/>\n<link rel=\"canonical\" href=\"http:\/\/autosdelpodio.com\/autos\/estreno-de-punta\/\" \/>\n<meta property=\"og:locale\" content=\"es_ES\" \/>\n<meta property=\"og:type\" content=\"article\" \/>\n<meta property=\"og:title\" content=\"Autos del Podio | Estreno de punta\" \/>\n<meta property=\"og:description\" content=\"Autos del Podio Segundo triunfo para el Mustang NG en la nueva era del TC con German Todino a la vanguardia\" \/>\n<meta property=\"og:url\" content=\"http:\/\/autosdelpodio.com\/autos\/estreno-de-punta\/\" \/>\n<meta property=\"og:site_name\" content=\"Autos del Podio\" \/>\n<meta property=\"article:publisher\" content=\"https:\/\/www.facebook.com\/profile.php?id=100057192590976&amp;amp%3bamp%3bamp%3bamp%3bamp%3bamp%3bamp%3bamp%3bamp%3bamp%3bamp%3bamp%3bamp%3bamp%3bamp%3bamp%3bamp%3bamp%3bref=ts\" \/>\n<meta property=\"article:published_time\" content=\"2024-05-26T18:38:28+00:00\" \/>\n<meta property=\"article:modified_time\" content=\"2024-05-26T18:38:30+00:00\" \/>\n<meta property=\"og:image\" content=\"http:\/\/autosdelpodio.com\/autos\/wp-content\/uploads\/2010\/10\/fordnota.jpg\" \/>\n\t<meta property=\"og:image:width\" content=\"500\" \/>\n\t<meta property=\"og:image:height\" content=\"250\" \/>\n\t<meta property=\"og:image:type\" content=\"image\/jpeg\" \/>\n<meta name=\"author\" content=\"autosdelpodio\" \/>\n<meta name=\"twitter:card\" content=\"summary_large_image\" \/>\n<meta name=\"twitter:creator\" content=\"@autosdelpodio\" \/>\n<meta name=\"twitter:site\" content=\"@autosdelpodio\" \/>\n<meta name=\"twitter:label1\" content=\"Escrito por\" \/>\n\t<meta name=\"twitter:data1\" content=\"autosdelpodio\" \/>\n\t<meta name=\"twitter:label2\" content=\"Tiempo de lectura\" \/>\n\t<meta name=\"twitter:data2\" content=\"2 minutos\" \/>\n<script type=\"application\/ld+json\" class=\"yoast-schema-graph\">{\"@context\":\"https:\\\/\\\/schema.org\",\"@graph\":[{\"@type\":\"Article\",\"@id\":\"http:\\\/\\\/autosdelpodio.com\\\/autos\\\/estreno-de-punta\\\/#article\",\"isPartOf\":{\"@id\":\"http:\\\/\\\/autosdelpodio.com\\\/autos\\\/estreno-de-punta\\\/\"},\"author\":{\"name\":\"autosdelpodio\",\"@id\":\"http:\\\/\\\/autosdelpodio.com\\\/autos\\\/#\\\/schema\\\/person\\\/993527a4d01c3acdd3d6bce3770bc942\"},\"headline\":\"Estreno de punta\",\"datePublished\":\"2024-05-26T18:38:28+00:00\",\"dateModified\":\"2024-05-26T18:38:30+00:00\",\"mainEntityOfPage\":{\"@id\":\"http:\\\/\\\/autosdelpodio.com\\\/autos\\\/estreno-de-punta\\\/\"},\"wordCount\":294,\"commentCount\":0,\"publisher\":{\"@id\":\"http:\\\/\\\/autosdelpodio.com\\\/autos\\\/#organization\"},\"image\":{\"@id\":\"http:\\\/\\\/autosdelpodio.com\\\/autos\\\/estreno-de-punta\\\/#primaryimage\"},\"thumbnailUrl\":\"http:\\\/\\\/autosdelpodio.com\\\/autos\\\/wp-content\\\/uploads\\\/2010\\\/10\\\/fordnota.jpg\",\"keywords\":[\"Autodromo Concepci\u00f3n U\",\"Entre Rios\",\"Ford\",\"German Todino\",\"Mustang\",\"Turismo Carretera\"],\"articleSection\":[\"Destacado\",\"\u00daltimas noticias\"],\"inLanguage\":\"es\",\"potentialAction\":[{\"@type\":\"CommentAction\",\"name\":\"Comment\",\"target\":[\"http:\\\/\\\/autosdelpodio.com\\\/autos\\\/estreno-de-punta\\\/#respond\"]}]},{\"@type\":\"WebPage\",\"@id\":\"http:\\\/\\\/autosdelpodio.com\\\/autos\\\/estreno-de-punta\\\/\",\"url\":\"http:\\\/\\\/autosdelpodio.com\\\/autos\\\/estreno-de-punta\\\/\",\"name\":\"Autos del Podio | Estreno de punta\",\"isPartOf\":{\"@id\":\"http:\\\/\\\/autosdelpodio.com\\\/autos\\\/#website\"},\"primaryImageOfPage\":{\"@id\":\"http:\\\/\\\/autosdelpodio.com\\\/autos\\\/estreno-de-punta\\\/#primaryimage\"},\"image\":{\"@id\":\"http:\\\/\\\/autosdelpodio.com\\\/autos\\\/estreno-de-punta\\\/#primaryimage\"},\"thumbnailUrl\":\"http:\\\/\\\/autosdelpodio.com\\\/autos\\\/wp-content\\\/uploads\\\/2010\\\/10\\\/fordnota.jpg\",\"datePublished\":\"2024-05-26T18:38:28+00:00\",\"dateModified\":\"2024-05-26T18:38:30+00:00\",\"description\":\"Autos del Podio Segundo triunfo para el Mustang NG en la nueva era del TC con German Todino a la vanguardia\",\"breadcrumb\":{\"@id\":\"http:\\\/\\\/autosdelpodio.com\\\/autos\\\/estreno-de-punta\\\/#breadcrumb\"},\"inLanguage\":\"es\",\"potentialAction\":[{\"@type\":\"ReadAction\",\"target\":[\"http:\\\/\\\/autosdelpodio.com\\\/autos\\\/estreno-de-punta\\\/\"]}]},{\"@type\":\"ImageObject\",\"inLanguage\":\"es\",\"@id\":\"http:\\\/\\\/autosdelpodio.com\\\/autos\\\/estreno-de-punta\\\/#primaryimage\",\"url\":\"http:\\\/\\\/autosdelpodio.com\\\/autos\\\/wp-content\\\/uploads\\\/2010\\\/10\\\/fordnota.jpg\",\"contentUrl\":\"http:\\\/\\\/autosdelpodio.com\\\/autos\\\/wp-content\\\/uploads\\\/2010\\\/10\\\/fordnota.jpg\",\"width\":500,\"height\":250},{\"@type\":\"BreadcrumbList\",\"@id\":\"http:\\\/\\\/autosdelpodio.com\\\/autos\\\/estreno-de-punta\\\/#breadcrumb\",\"itemListElement\":[{\"@type\":\"ListItem\",\"position\":1,\"name\":\"Portada\",\"item\":\"http:\\\/\\\/autosdelpodio.com\\\/autos\\\/\"},{\"@type\":\"ListItem\",\"position\":2,\"name\":\"Estreno de punta\"}]},{\"@type\":\"WebSite\",\"@id\":\"http:\\\/\\\/autosdelpodio.com\\\/autos\\\/#website\",\"url\":\"http:\\\/\\\/autosdelpodio.com\\\/autos\\\/\",\"name\":\"Autos del Podio\",\"description\":\"La sexta del deporte motor\",\"publisher\":{\"@id\":\"http:\\\/\\\/autosdelpodio.com\\\/autos\\\/#organization\"},\"potentialAction\":[{\"@type\":\"SearchAction\",\"target\":{\"@type\":\"EntryPoint\",\"urlTemplate\":\"http:\\\/\\\/autosdelpodio.com\\\/autos\\\/?s={search_term_string}\"},\"query-input\":{\"@type\":\"PropertyValueSpecification\",\"valueRequired\":true,\"valueName\":\"search_term_string\"}}],\"inLanguage\":\"es\"},{\"@type\":\"Organization\",\"@id\":\"http:\\\/\\\/autosdelpodio.com\\\/autos\\\/#organization\",\"name\":\"Autos del Podio\",\"url\":\"http:\\\/\\\/autosdelpodio.com\\\/autos\\\/\",\"logo\":{\"@type\":\"ImageObject\",\"inLanguage\":\"es\",\"@id\":\"http:\\\/\\\/autosdelpodio.com\\\/autos\\\/#\\\/schema\\\/logo\\\/image\\\/\",\"url\":\"http:\\\/\\\/autosdelpodio.com\\\/autos\\\/wp-content\\\/uploads\\\/2020\\\/08\\\/Logo_AR.jpg\",\"contentUrl\":\"http:\\\/\\\/autosdelpodio.com\\\/autos\\\/wp-content\\\/uploads\\\/2020\\\/08\\\/Logo_AR.jpg\",\"width\":1038,\"height\":1044,\"caption\":\"Autos del Podio\"},\"image\":{\"@id\":\"http:\\\/\\\/autosdelpodio.com\\\/autos\\\/#\\\/schema\\\/logo\\\/image\\\/\"},\"sameAs\":[\"https:\\\/\\\/www.facebook.com\\\/profile.php?id=100057192590976&amp;amp;amp;amp;amp;amp;amp;amp;amp;amp;amp;amp;amp;amp;amp;amp;amp;amp;ref=ts\",\"https:\\\/\\\/x.com\\\/autosdelpodio\",\"https:\\\/\\\/www.youtube.com\\\/user\\\/AutosdelPodio\"]},{\"@type\":\"Person\",\"@id\":\"http:\\\/\\\/autosdelpodio.com\\\/autos\\\/#\\\/schema\\\/person\\\/993527a4d01c3acdd3d6bce3770bc942\",\"name\":\"autosdelpodio\",\"image\":{\"@type\":\"ImageObject\",\"inLanguage\":\"es\",\"@id\":\"http:\\\/\\\/autosdelpodio.com\\\/autos\\\/wp-content\\\/litespeed\\\/avatar\\\/aa8f65cd201a80f6b844f63278aa84af.jpg?ver=1777403005\",\"url\":\"http:\\\/\\\/autosdelpodio.com\\\/autos\\\/wp-content\\\/litespeed\\\/avatar\\\/aa8f65cd201a80f6b844f63278aa84af.jpg?ver=1777403005\",\"contentUrl\":\"http:\\\/\\\/autosdelpodio.com\\\/autos\\\/wp-content\\\/litespeed\\\/avatar\\\/aa8f65cd201a80f6b844f63278aa84af.jpg?ver=1777403005\",\"caption\":\"autosdelpodio\"}}]}<\/script>\n<!-- \/ Yoast SEO plugin. -->","yoast_head_json":{"title":"Autos del Podio | Estreno de punta","description":"Autos del Podio Segundo triunfo para el Mustang NG en la nueva era del TC con German Todino a la vanguardia","robots":{"index":"index","follow":"follow","max-snippet":"max-snippet:-1","max-image-preview":"max-image-preview:large","max-video-preview":"max-video-preview:-1"},"canonical":"http:\/\/autosdelpodio.com\/autos\/estreno-de-punta\/","og_locale":"es_ES","og_type":"article","og_title":"Autos del Podio | Estreno de punta","og_description":"Autos del Podio Segundo triunfo para el Mustang NG en la nueva era del TC con German Todino a la vanguardia","og_url":"http:\/\/autosdelpodio.com\/autos\/estreno-de-punta\/","og_site_name":"Autos del Podio","article_publisher":"https:\/\/www.facebook.com\/profile.php?id=100057192590976&amp%3bamp%3bamp%3bamp%3bamp%3bamp%3bamp%3bamp%3bamp%3bamp%3bamp%3bamp%3bamp%3bamp%3bamp%3bamp%3bamp%3bamp%3bref=ts","article_published_time":"2024-05-26T18:38:28+00:00","article_modified_time":"2024-05-26T18:38:30+00:00","og_image":[{"width":500,"height":250,"url":"http:\/\/autosdelpodio.com\/autos\/wp-content\/uploads\/2010\/10\/fordnota.jpg","type":"image\/jpeg"}],"author":"autosdelpodio","twitter_card":"summary_large_image","twitter_creator":"@autosdelpodio","twitter_site":"@autosdelpodio","twitter_misc":{"Escrito por":"autosdelpodio","Tiempo de lectura":"2 minutos"},"schema":{"@context":"https:\/\/schema.org","@graph":[{"@type":"Article","@id":"http:\/\/autosdelpodio.com\/autos\/estreno-de-punta\/#article","isPartOf":{"@id":"http:\/\/autosdelpodio.com\/autos\/estreno-de-punta\/"},"author":{"name":"autosdelpodio","@id":"http:\/\/autosdelpodio.com\/autos\/#\/schema\/person\/993527a4d01c3acdd3d6bce3770bc942"},"headline":"Estreno de punta","datePublished":"2024-05-26T18:38:28+00:00","dateModified":"2024-05-26T18:38:30+00:00","mainEntityOfPage":{"@id":"http:\/\/autosdelpodio.com\/autos\/estreno-de-punta\/"},"wordCount":294,"commentCount":0,"publisher":{"@id":"http:\/\/autosdelpodio.com\/autos\/#organization"},"image":{"@id":"http:\/\/autosdelpodio.com\/autos\/estreno-de-punta\/#primaryimage"},"thumbnailUrl":"http:\/\/autosdelpodio.com\/autos\/wp-content\/uploads\/2010\/10\/fordnota.jpg","keywords":["Autodromo Concepci\u00f3n U","Entre Rios","Ford","German Todino","Mustang","Turismo Carretera"],"articleSection":["Destacado","\u00daltimas noticias"],"inLanguage":"es","potentialAction":[{"@type":"CommentAction","name":"Comment","target":["http:\/\/autosdelpodio.com\/autos\/estreno-de-punta\/#respond"]}]},{"@type":"WebPage","@id":"http:\/\/autosdelpodio.com\/autos\/estreno-de-punta\/","url":"http:\/\/autosdelpodio.com\/autos\/estreno-de-punta\/","name":"Autos del Podio | Estreno de punta","isPartOf":{"@id":"http:\/\/autosdelpodio.com\/autos\/#website"},"primaryImageOfPage":{"@id":"http:\/\/autosdelpodio.com\/autos\/estreno-de-punta\/#primaryimage"},"image":{"@id":"http:\/\/autosdelpodio.com\/autos\/estreno-de-punta\/#primaryimage"},"thumbnailUrl":"http:\/\/autosdelpodio.com\/autos\/wp-content\/uploads\/2010\/10\/fordnota.jpg","datePublished":"2024-05-26T18:38:28+00:00","dateModified":"2024-05-26T18:38:30+00:00","description":"Autos del Podio Segundo triunfo para el Mustang NG en la nueva era del TC con German Todino a la vanguardia","breadcrumb":{"@id":"http:\/\/autosdelpodio.com\/autos\/estreno-de-punta\/#breadcrumb"},"inLanguage":"es","potentialAction":[{"@type":"ReadAction","target":["http:\/\/autosdelpodio.com\/autos\/estreno-de-punta\/"]}]},{"@type":"ImageObject","inLanguage":"es","@id":"http:\/\/autosdelpodio.com\/autos\/estreno-de-punta\/#primaryimage","url":"http:\/\/autosdelpodio.com\/autos\/wp-content\/uploads\/2010\/10\/fordnota.jpg","contentUrl":"http:\/\/autosdelpodio.com\/autos\/wp-content\/uploads\/2010\/10\/fordnota.jpg","width":500,"height":250},{"@type":"BreadcrumbList","@id":"http:\/\/autosdelpodio.com\/autos\/estreno-de-punta\/#breadcrumb","itemListElement":[{"@type":"ListItem","position":1,"name":"Portada","item":"http:\/\/autosdelpodio.com\/autos\/"},{"@type":"ListItem","position":2,"name":"Estreno de punta"}]},{"@type":"WebSite","@id":"http:\/\/autosdelpodio.com\/autos\/#website","url":"http:\/\/autosdelpodio.com\/autos\/","name":"Autos del Podio","description":"La sexta del deporte motor","publisher":{"@id":"http:\/\/autosdelpodio.com\/autos\/#organization"},"potentialAction":[{"@type":"SearchAction","target":{"@type":"EntryPoint","urlTemplate":"http:\/\/autosdelpodio.com\/autos\/?s={search_term_string}"},"query-input":{"@type":"PropertyValueSpecification","valueRequired":true,"valueName":"search_term_string"}}],"inLanguage":"es"},{"@type":"Organization","@id":"http:\/\/autosdelpodio.com\/autos\/#organization","name":"Autos del Podio","url":"http:\/\/autosdelpodio.com\/autos\/","logo":{"@type":"ImageObject","inLanguage":"es","@id":"http:\/\/autosdelpodio.com\/autos\/#\/schema\/logo\/image\/","url":"http:\/\/autosdelpodio.com\/autos\/wp-content\/uploads\/2020\/08\/Logo_AR.jpg","contentUrl":"http:\/\/autosdelpodio.com\/autos\/wp-content\/uploads\/2020\/08\/Logo_AR.jpg","width":1038,"height":1044,"caption":"Autos del Podio"},"image":{"@id":"http:\/\/autosdelpodio.com\/autos\/#\/schema\/logo\/image\/"},"sameAs":["https:\/\/www.facebook.com\/profile.php?id=100057192590976&amp;amp;amp;amp;amp;amp;amp;amp;amp;amp;amp;amp;amp;amp;amp;amp;amp;amp;ref=ts","https:\/\/x.com\/autosdelpodio","https:\/\/www.youtube.com\/user\/AutosdelPodio"]},{"@type":"Person","@id":"http:\/\/autosdelpodio.com\/autos\/#\/schema\/person\/993527a4d01c3acdd3d6bce3770bc942","name":"autosdelpodio","image":{"@type":"ImageObject","inLanguage":"es","@id":"http:\/\/autosdelpodio.com\/autos\/wp-content\/litespeed\/avatar\/aa8f65cd201a80f6b844f63278aa84af.jpg?ver=1777403005","url":"http:\/\/autosdelpodio.com\/autos\/wp-content\/litespeed\/avatar\/aa8f65cd201a80f6b844f63278aa84af.jpg?ver=1777403005","contentUrl":"http:\/\/autosdelpodio.com\/autos\/wp-content\/litespeed\/avatar\/aa8f65cd201a80f6b844f63278aa84af.jpg?ver=1777403005","caption":"autosdelpodio"}}]}},"views":600,"_links":{"self":[{"href":"http:\/\/autosdelpodio.com\/autos\/wp-json\/wp\/v2\/posts\/7678","targetHints":{"allow":["GET"]}}],"collection":[{"href":"http:\/\/autosdelpodio.com\/autos\/wp-json\/wp\/v2\/posts"}],"about":[{"href":"http:\/\/autosdelpodio.com\/autos\/wp-json\/wp\/v2\/types\/post"}],"author":[{"embeddable":true,"href":"http:\/\/autosdelpodio.com\/autos\/wp-json\/wp\/v2\/users\/3"}],"replies":[{"embeddable":true,"href":"http:\/\/autosdelpodio.com\/autos\/wp-json\/wp\/v2\/comments?post=7678"}],"version-history":[{"count":3,"href":"http:\/\/autosdelpodio.com\/autos\/wp-json\/wp\/v2\/posts\/7678\/revisions"}],"predecessor-version":[{"id":7681,"href":"http:\/\/autosdelpodio.com\/autos\/wp-json\/wp\/v2\/posts\/7678\/revisions\/7681"}],"wp:featuredmedia":[{"embeddable":true,"href":"http:\/\/autosdelpodio.com\/autos\/wp-json\/wp\/v2\/media\/34"}],"wp:attachment":[{"href":"http:\/\/autosdelpodio.com\/autos\/wp-json\/wp\/v2\/media?parent=7678"}],"wp:term":[{"taxonomy":"category","embeddable":true,"href":"http:\/\/autosdelpodio.com\/autos\/wp-json\/wp\/v2\/categories?post=7678"},{"taxonomy":"post_tag","embeddable":true,"href":"http:\/\/autosdelpodio.com\/autos\/wp-json\/wp\/v2\/tags?post=7678"}],"curies":[{"name":"wp","href":"https:\/\/api.w.org\/{rel}","templated":true}]}}