{"id":771,"date":"2013-07-14T17:45:21","date_gmt":"2013-07-14T17:45:21","guid":{"rendered":"http:\/\/autosdelpodio.com\/autos\/2013\/07\/14\/renault-y-pernia-la-sociedad-del-triunfo\/"},"modified":"2013-07-14T17:45:21","modified_gmt":"2013-07-14T17:45:21","slug":"renault-y-pernia-la-sociedad-del-triunfo","status":"publish","type":"post","link":"http:\/\/autosdelpodio.com\/autos\/renault-y-pernia-la-sociedad-del-triunfo\/","title":{"rendered":"Renault y Pernia, la sociedad del triunfo"},"content":{"rendered":"<p style=\"text-align: justify;\"><span style=\"line-height: 1.3em;\">En una carrera de tr\u00e1mite cambiante, en la cual el clima volvi\u00f3 a tener protagonismo, Leonel Pernia, con Renault Fluence se qued\u00f3 con la final del Super TC2000 disputada en Termas de R\u00edo Hondo, en la provincia de Santiago del Estero. El piloto de Tandil fue escoltado por Mariano Altuna (Peugeot 408) y Mat\u00edas Rossi (Toyota Corolla). <\/span><\/p>\n<p>  <!--more-->  <\/p>\n<p><span style=\"text-align: justify; line-height: 1.3em;\"> En funcion del campeonato Rossi sigue como puntero con 136 puntos, seguido de Facundo Ardusso (Fiat L\u00ednea) con 98 y Leonel Pern\u00eda, que gracias al triunfo obtenido se acomod\u00f3 con 86.<\/span><\/p>\n<p><span style=\"text-align: justify; line-height: 1.3em;\">La pr\u00f3xima ser\u00e1 el s\u00e1bado 10 de agosto (debido a las elecciones primarias del Domingo 11) en el aut\u00f3dromo Eusebio Marcilla de Jun\u00edn.<\/span><\/p>\n<p><span style=\"line-height: 1.3em;\"><strong>Final STC2000 \u2013 20 Vueltas<\/strong><\/span><\/p>\n<p>1 \u00a09 \u00a0 PERNIA LEONEL \u00a0 \u00a0 \u00a0 FLUENCE \u00a0 \u00a039;59,741<\/p>\n<p>2 \u00a06 \u00a0 ALTUNA MARIANO \u00a0 \u00a0 \u00a0408 \u00a0 \u00a0 \u00a0 \u00a040;07,353 \u00a0 7,612<\/p>\n<p>3 \u00a03 \u00a0 ROSSI MATIAS \u00a0 \u00a0 \u00a0 \u00a0COROLLA \u00a0 \u00a040;08,230 \u00a0 8,489<\/p>\n<p>4 \u00a02 \u00a0 ARDUSSO FACUNDO \u00a0 \u00a0 LINEA \u00a0 \u00a0 \u00a040;08,659 \u00a0 8,918<\/p>\n<p>5 \u00a032 \u00a0GIROLAMI FRANCO \u00a0 \u00a0 CRUZE \u00a0 \u00a0 \u00a040;09,226 \u00a0 9,485<\/p>\n<p>6 \u00a07 \u00a0 SPATARO EMILIANO \u00a0 \u00a0FLUENCE \u00a0 \u00a040;12,077 \u00a012,336<\/p>\n<p>7 \u00a012 \u00a0RISATTI RICARDO \u00a0 \u00a0 CIVIC \u00a0 \u00a0 \u00a040;12,282 \u00a012,541<\/p>\n<p>8 \u00a04 \u00a0 WERNER MARIANO \u00a0 \u00a0 \u00a0COROLLA \u00a0 \u00a040;13,955 \u00a014,214<\/p>\n<p>9 \u00a05 \u00a0 GIROLAMI NESTOR \u00a0 \u00a0 408 \u00a0 \u00a0 \u00a0 \u00a040;14,149 \u00a014,408<\/p>\n<p>10 11 \u00a0LEDESMA CHRISTIAN \u00a0 CIVIC \u00a0 \u00a0 \u00a040;15,881 \u00a016,140<\/p>\n<p>11 25 \u00a0FINESCHI DAMIAN \u00a0 \u00a0 CIVIC \u00a0 \u00a0 \u00a040;19,354 \u00a019,613<\/p>\n<p>12 10 \u00a0ORTELLI GUILLERMO \u00a0 FLUENCE \u00a0 \u00a040;19,812 \u00a020,071<\/p>\n<p>13 34 \u00a0CHAPUR FACUNDO \u00a0 \u00a0 \u00a0VENTO \u00a0 \u00a0 \u00a040;24,341 \u00a024,600<\/p>\n<p>14 18 \u00a0M. MARCHESI MATIAS \u00a0408 \u00a0 \u00a0 \u00a0 \u00a040;29,000 \u00a029,259<\/p>\n<p>15 8 \u00a0 YANNANTUONI FABIAN \u00a0FLUENCE \u00a0 \u00a040;30,137 \u00a030,396<\/p>\n<p>16 20 \u00a0LLAVER BERNARDO \u00a0 \u00a0 COROLLA \u00a0 \u00a040;38,221 \u00a038,480<\/p>\n<p><span style=\"line-height: 1.3em;\">17 13 \u00a0CANAPINO AGUSTIN \u00a0 \u00a0CRUZE<\/span><\/p>\n<p>18 30 \u00a0TREBBIANI JORGE \u00a0 \u00a0 408<\/p>\n<p>19 37 \u00a0TRAUT NICOLAS \u00a0 \u00a0 \u00a0 FOCUS<\/p>\n<p>20 26 \u00a0PECCI ARIEL \u00a0 \u00a0 \u00a0 \u00a0 307<\/p>\n<p>21 1 \u00a0 LOPEZ JOSE MARIA \u00a0 \u00a0LINEA<\/p>\n<p>22 14 \u00a0VIVIAN FRANCO \u00a0 \u00a0 \u00a0 CRUZE<\/p>\n<p>23 21 \u00a0CALAMARI AGUSTIN \u00a0 \u00a0COROLLA<\/p>\n<p>24 100 SALAVERRIA GERARDO \u00a0FOCUS<\/p>\n<p>25 35 \u00a0JULIAN IGNACIO \u00a0 \u00a0 \u00a0VENTO<\/p>\n<p>26 22 \u00a0BELLI DANIEL \u00a0 \u00a0 \u00a0 \u00a0CRUZE<\/p>\n<p>27 16 \u00a0CHAR IGNACIO \u00a0 \u00a0 \u00a0 \u00a0FOCUS<\/p>\n<p>28 28 \u00a0FERNANDEZ GONZALO \u00a0 CRUZE<\/p>\n<p>29 23 \u00a0MANTA JAVIER \u00a0 \u00a0 \u00a0 \u00a0CRUZE<\/p>\n","protected":false},"excerpt":{"rendered":"<p>En una carrera de tr\u00e1mite cambiante, en la cual el clima volvi\u00f3 a tener protagonismo, Leonel Pernia, con Renault Fluence<\/p>\n","protected":false},"author":1,"featured_media":0,"comment_status":"open","ping_status":"open","sticky":false,"template":"","format":"standard","meta":{"colormag_page_container_layout":"default_layout","colormag_page_sidebar_layout":"default_layout","footnotes":""},"categories":[5],"tags":[],"class_list":["post-771","post","type-post","status-publish","format-standard","hentry","category-latest-news"],"yoast_head":"<!-- This site is optimized with the Yoast SEO plugin v27.5 - https:\/\/yoast.com\/product\/yoast-seo-wordpress\/ -->\n<title>Autos del Podio | Renault y Pernia, la sociedad del triunfo<\/title>\n<meta name=\"description\" content=\"Autos del Podio\" \/>\n<meta name=\"robots\" content=\"index, follow, max-snippet:-1, max-image-preview:large, max-video-preview:-1\" \/>\n<link rel=\"canonical\" href=\"http:\/\/autosdelpodio.com\/autos\/renault-y-pernia-la-sociedad-del-triunfo\/\" \/>\n<meta property=\"og:locale\" content=\"es_ES\" \/>\n<meta property=\"og:type\" content=\"article\" \/>\n<meta property=\"og:title\" content=\"Autos del Podio | Renault y Pernia, la sociedad del triunfo\" \/>\n<meta property=\"og:description\" content=\"Autos del Podio\" \/>\n<meta property=\"og:url\" content=\"http:\/\/autosdelpodio.com\/autos\/renault-y-pernia-la-sociedad-del-triunfo\/\" \/>\n<meta property=\"og:site_name\" content=\"Autos del Podio\" \/>\n<meta property=\"article:publisher\" content=\"https:\/\/www.facebook.com\/profile.php?id=100057192590976&amp;amp%3bamp%3bamp%3bamp%3bamp%3bamp%3bamp%3bamp%3bamp%3bamp%3bamp%3bamp%3bamp%3bamp%3bamp%3bamp%3bamp%3bamp%3bref=ts\" \/>\n<meta property=\"article:published_time\" content=\"2013-07-14T17:45:21+00:00\" \/>\n<meta name=\"author\" content=\"wi022230\" \/>\n<meta name=\"twitter:card\" content=\"summary_large_image\" \/>\n<meta name=\"twitter:creator\" content=\"@autosdelpodio\" \/>\n<meta name=\"twitter:site\" content=\"@autosdelpodio\" \/>\n<meta name=\"twitter:label1\" content=\"Escrito por\" \/>\n\t<meta name=\"twitter:data1\" content=\"wi022230\" \/>\n\t<meta name=\"twitter:label2\" content=\"Tiempo de lectura\" \/>\n\t<meta name=\"twitter:data2\" content=\"1 minuto\" \/>\n<script type=\"application\/ld+json\" class=\"yoast-schema-graph\">{\"@context\":\"https:\\\/\\\/schema.org\",\"@graph\":[{\"@type\":\"Article\",\"@id\":\"http:\\\/\\\/autosdelpodio.com\\\/autos\\\/renault-y-pernia-la-sociedad-del-triunfo\\\/#article\",\"isPartOf\":{\"@id\":\"http:\\\/\\\/autosdelpodio.com\\\/autos\\\/renault-y-pernia-la-sociedad-del-triunfo\\\/\"},\"author\":{\"name\":\"wi022230\",\"@id\":\"http:\\\/\\\/autosdelpodio.com\\\/autos\\\/#\\\/schema\\\/person\\\/e88353cabf768863fdf874e30120f3ba\"},\"headline\":\"Renault y Pernia, la sociedad del triunfo\",\"datePublished\":\"2013-07-14T17:45:21+00:00\",\"mainEntityOfPage\":{\"@id\":\"http:\\\/\\\/autosdelpodio.com\\\/autos\\\/renault-y-pernia-la-sociedad-del-triunfo\\\/\"},\"wordCount\":208,\"commentCount\":0,\"publisher\":{\"@id\":\"http:\\\/\\\/autosdelpodio.com\\\/autos\\\/#organization\"},\"articleSection\":[\"\u00daltimas noticias\"],\"inLanguage\":\"es\",\"potentialAction\":[{\"@type\":\"CommentAction\",\"name\":\"Comment\",\"target\":[\"http:\\\/\\\/autosdelpodio.com\\\/autos\\\/renault-y-pernia-la-sociedad-del-triunfo\\\/#respond\"]}]},{\"@type\":\"WebPage\",\"@id\":\"http:\\\/\\\/autosdelpodio.com\\\/autos\\\/renault-y-pernia-la-sociedad-del-triunfo\\\/\",\"url\":\"http:\\\/\\\/autosdelpodio.com\\\/autos\\\/renault-y-pernia-la-sociedad-del-triunfo\\\/\",\"name\":\"Autos del Podio | Renault y Pernia, la sociedad del triunfo\",\"isPartOf\":{\"@id\":\"http:\\\/\\\/autosdelpodio.com\\\/autos\\\/#website\"},\"datePublished\":\"2013-07-14T17:45:21+00:00\",\"description\":\"Autos del Podio\",\"breadcrumb\":{\"@id\":\"http:\\\/\\\/autosdelpodio.com\\\/autos\\\/renault-y-pernia-la-sociedad-del-triunfo\\\/#breadcrumb\"},\"inLanguage\":\"es\",\"potentialAction\":[{\"@type\":\"ReadAction\",\"target\":[\"http:\\\/\\\/autosdelpodio.com\\\/autos\\\/renault-y-pernia-la-sociedad-del-triunfo\\\/\"]}]},{\"@type\":\"BreadcrumbList\",\"@id\":\"http:\\\/\\\/autosdelpodio.com\\\/autos\\\/renault-y-pernia-la-sociedad-del-triunfo\\\/#breadcrumb\",\"itemListElement\":[{\"@type\":\"ListItem\",\"position\":1,\"name\":\"Portada\",\"item\":\"http:\\\/\\\/autosdelpodio.com\\\/autos\\\/\"},{\"@type\":\"ListItem\",\"position\":2,\"name\":\"Renault y Pernia, la sociedad del triunfo\"}]},{\"@type\":\"WebSite\",\"@id\":\"http:\\\/\\\/autosdelpodio.com\\\/autos\\\/#website\",\"url\":\"http:\\\/\\\/autosdelpodio.com\\\/autos\\\/\",\"name\":\"Autos del Podio\",\"description\":\"La sexta del deporte motor\",\"publisher\":{\"@id\":\"http:\\\/\\\/autosdelpodio.com\\\/autos\\\/#organization\"},\"potentialAction\":[{\"@type\":\"SearchAction\",\"target\":{\"@type\":\"EntryPoint\",\"urlTemplate\":\"http:\\\/\\\/autosdelpodio.com\\\/autos\\\/?s={search_term_string}\"},\"query-input\":{\"@type\":\"PropertyValueSpecification\",\"valueRequired\":true,\"valueName\":\"search_term_string\"}}],\"inLanguage\":\"es\"},{\"@type\":\"Organization\",\"@id\":\"http:\\\/\\\/autosdelpodio.com\\\/autos\\\/#organization\",\"name\":\"Autos del Podio\",\"url\":\"http:\\\/\\\/autosdelpodio.com\\\/autos\\\/\",\"logo\":{\"@type\":\"ImageObject\",\"inLanguage\":\"es\",\"@id\":\"http:\\\/\\\/autosdelpodio.com\\\/autos\\\/#\\\/schema\\\/logo\\\/image\\\/\",\"url\":\"http:\\\/\\\/autosdelpodio.com\\\/autos\\\/wp-content\\\/uploads\\\/2020\\\/08\\\/Logo_AR.jpg\",\"contentUrl\":\"http:\\\/\\\/autosdelpodio.com\\\/autos\\\/wp-content\\\/uploads\\\/2020\\\/08\\\/Logo_AR.jpg\",\"width\":1038,\"height\":1044,\"caption\":\"Autos del Podio\"},\"image\":{\"@id\":\"http:\\\/\\\/autosdelpodio.com\\\/autos\\\/#\\\/schema\\\/logo\\\/image\\\/\"},\"sameAs\":[\"https:\\\/\\\/www.facebook.com\\\/profile.php?id=100057192590976&amp;amp;amp;amp;amp;amp;amp;amp;amp;amp;amp;amp;amp;amp;amp;amp;amp;amp;ref=ts\",\"https:\\\/\\\/x.com\\\/autosdelpodio\",\"https:\\\/\\\/www.youtube.com\\\/user\\\/AutosdelPodio\"]},{\"@type\":\"Person\",\"@id\":\"http:\\\/\\\/autosdelpodio.com\\\/autos\\\/#\\\/schema\\\/person\\\/e88353cabf768863fdf874e30120f3ba\",\"name\":\"wi022230\",\"image\":{\"@type\":\"ImageObject\",\"inLanguage\":\"es\",\"@id\":\"http:\\\/\\\/autosdelpodio.com\\\/autos\\\/wp-content\\\/litespeed\\\/avatar\\\/453fc9bdbb11d766ba4c7f14d0bd0aa9.jpg?ver=1777404874\",\"url\":\"http:\\\/\\\/autosdelpodio.com\\\/autos\\\/wp-content\\\/litespeed\\\/avatar\\\/453fc9bdbb11d766ba4c7f14d0bd0aa9.jpg?ver=1777404874\",\"contentUrl\":\"http:\\\/\\\/autosdelpodio.com\\\/autos\\\/wp-content\\\/litespeed\\\/avatar\\\/453fc9bdbb11d766ba4c7f14d0bd0aa9.jpg?ver=1777404874\",\"caption\":\"wi022230\"}}]}<\/script>\n<!-- \/ Yoast SEO plugin. -->","yoast_head_json":{"title":"Autos del Podio | Renault y Pernia, la sociedad del triunfo","description":"Autos del Podio","robots":{"index":"index","follow":"follow","max-snippet":"max-snippet:-1","max-image-preview":"max-image-preview:large","max-video-preview":"max-video-preview:-1"},"canonical":"http:\/\/autosdelpodio.com\/autos\/renault-y-pernia-la-sociedad-del-triunfo\/","og_locale":"es_ES","og_type":"article","og_title":"Autos del Podio | Renault y Pernia, la sociedad del triunfo","og_description":"Autos del Podio","og_url":"http:\/\/autosdelpodio.com\/autos\/renault-y-pernia-la-sociedad-del-triunfo\/","og_site_name":"Autos del Podio","article_publisher":"https:\/\/www.facebook.com\/profile.php?id=100057192590976&amp%3bamp%3bamp%3bamp%3bamp%3bamp%3bamp%3bamp%3bamp%3bamp%3bamp%3bamp%3bamp%3bamp%3bamp%3bamp%3bamp%3bamp%3bref=ts","article_published_time":"2013-07-14T17:45:21+00:00","author":"wi022230","twitter_card":"summary_large_image","twitter_creator":"@autosdelpodio","twitter_site":"@autosdelpodio","twitter_misc":{"Escrito por":"wi022230","Tiempo de lectura":"1 minuto"},"schema":{"@context":"https:\/\/schema.org","@graph":[{"@type":"Article","@id":"http:\/\/autosdelpodio.com\/autos\/renault-y-pernia-la-sociedad-del-triunfo\/#article","isPartOf":{"@id":"http:\/\/autosdelpodio.com\/autos\/renault-y-pernia-la-sociedad-del-triunfo\/"},"author":{"name":"wi022230","@id":"http:\/\/autosdelpodio.com\/autos\/#\/schema\/person\/e88353cabf768863fdf874e30120f3ba"},"headline":"Renault y Pernia, la sociedad del triunfo","datePublished":"2013-07-14T17:45:21+00:00","mainEntityOfPage":{"@id":"http:\/\/autosdelpodio.com\/autos\/renault-y-pernia-la-sociedad-del-triunfo\/"},"wordCount":208,"commentCount":0,"publisher":{"@id":"http:\/\/autosdelpodio.com\/autos\/#organization"},"articleSection":["\u00daltimas noticias"],"inLanguage":"es","potentialAction":[{"@type":"CommentAction","name":"Comment","target":["http:\/\/autosdelpodio.com\/autos\/renault-y-pernia-la-sociedad-del-triunfo\/#respond"]}]},{"@type":"WebPage","@id":"http:\/\/autosdelpodio.com\/autos\/renault-y-pernia-la-sociedad-del-triunfo\/","url":"http:\/\/autosdelpodio.com\/autos\/renault-y-pernia-la-sociedad-del-triunfo\/","name":"Autos del Podio | Renault y Pernia, la sociedad del triunfo","isPartOf":{"@id":"http:\/\/autosdelpodio.com\/autos\/#website"},"datePublished":"2013-07-14T17:45:21+00:00","description":"Autos del Podio","breadcrumb":{"@id":"http:\/\/autosdelpodio.com\/autos\/renault-y-pernia-la-sociedad-del-triunfo\/#breadcrumb"},"inLanguage":"es","potentialAction":[{"@type":"ReadAction","target":["http:\/\/autosdelpodio.com\/autos\/renault-y-pernia-la-sociedad-del-triunfo\/"]}]},{"@type":"BreadcrumbList","@id":"http:\/\/autosdelpodio.com\/autos\/renault-y-pernia-la-sociedad-del-triunfo\/#breadcrumb","itemListElement":[{"@type":"ListItem","position":1,"name":"Portada","item":"http:\/\/autosdelpodio.com\/autos\/"},{"@type":"ListItem","position":2,"name":"Renault y Pernia, la sociedad del triunfo"}]},{"@type":"WebSite","@id":"http:\/\/autosdelpodio.com\/autos\/#website","url":"http:\/\/autosdelpodio.com\/autos\/","name":"Autos del Podio","description":"La sexta del deporte motor","publisher":{"@id":"http:\/\/autosdelpodio.com\/autos\/#organization"},"potentialAction":[{"@type":"SearchAction","target":{"@type":"EntryPoint","urlTemplate":"http:\/\/autosdelpodio.com\/autos\/?s={search_term_string}"},"query-input":{"@type":"PropertyValueSpecification","valueRequired":true,"valueName":"search_term_string"}}],"inLanguage":"es"},{"@type":"Organization","@id":"http:\/\/autosdelpodio.com\/autos\/#organization","name":"Autos del Podio","url":"http:\/\/autosdelpodio.com\/autos\/","logo":{"@type":"ImageObject","inLanguage":"es","@id":"http:\/\/autosdelpodio.com\/autos\/#\/schema\/logo\/image\/","url":"http:\/\/autosdelpodio.com\/autos\/wp-content\/uploads\/2020\/08\/Logo_AR.jpg","contentUrl":"http:\/\/autosdelpodio.com\/autos\/wp-content\/uploads\/2020\/08\/Logo_AR.jpg","width":1038,"height":1044,"caption":"Autos del Podio"},"image":{"@id":"http:\/\/autosdelpodio.com\/autos\/#\/schema\/logo\/image\/"},"sameAs":["https:\/\/www.facebook.com\/profile.php?id=100057192590976&amp;amp;amp;amp;amp;amp;amp;amp;amp;amp;amp;amp;amp;amp;amp;amp;amp;amp;ref=ts","https:\/\/x.com\/autosdelpodio","https:\/\/www.youtube.com\/user\/AutosdelPodio"]},{"@type":"Person","@id":"http:\/\/autosdelpodio.com\/autos\/#\/schema\/person\/e88353cabf768863fdf874e30120f3ba","name":"wi022230","image":{"@type":"ImageObject","inLanguage":"es","@id":"http:\/\/autosdelpodio.com\/autos\/wp-content\/litespeed\/avatar\/453fc9bdbb11d766ba4c7f14d0bd0aa9.jpg?ver=1777404874","url":"http:\/\/autosdelpodio.com\/autos\/wp-content\/litespeed\/avatar\/453fc9bdbb11d766ba4c7f14d0bd0aa9.jpg?ver=1777404874","contentUrl":"http:\/\/autosdelpodio.com\/autos\/wp-content\/litespeed\/avatar\/453fc9bdbb11d766ba4c7f14d0bd0aa9.jpg?ver=1777404874","caption":"wi022230"}}]}},"views":481,"_links":{"self":[{"href":"http:\/\/autosdelpodio.com\/autos\/wp-json\/wp\/v2\/posts\/771","targetHints":{"allow":["GET"]}}],"collection":[{"href":"http:\/\/autosdelpodio.com\/autos\/wp-json\/wp\/v2\/posts"}],"about":[{"href":"http:\/\/autosdelpodio.com\/autos\/wp-json\/wp\/v2\/types\/post"}],"author":[{"embeddable":true,"href":"http:\/\/autosdelpodio.com\/autos\/wp-json\/wp\/v2\/users\/1"}],"replies":[{"embeddable":true,"href":"http:\/\/autosdelpodio.com\/autos\/wp-json\/wp\/v2\/comments?post=771"}],"version-history":[{"count":0,"href":"http:\/\/autosdelpodio.com\/autos\/wp-json\/wp\/v2\/posts\/771\/revisions"}],"wp:attachment":[{"href":"http:\/\/autosdelpodio.com\/autos\/wp-json\/wp\/v2\/media?parent=771"}],"wp:term":[{"taxonomy":"category","embeddable":true,"href":"http:\/\/autosdelpodio.com\/autos\/wp-json\/wp\/v2\/categories?post=771"},{"taxonomy":"post_tag","embeddable":true,"href":"http:\/\/autosdelpodio.com\/autos\/wp-json\/wp\/v2\/tags?post=771"}],"curies":[{"name":"wp","href":"https:\/\/api.w.org\/{rel}","templated":true}]}}