{"id":7725,"date":"2024-06-18T20:14:06","date_gmt":"2024-06-18T23:14:06","guid":{"rendered":"http:\/\/autosdelpodio.com\/autos\/?p=7725"},"modified":"2024-06-18T20:14:07","modified_gmt":"2024-06-18T23:14:07","slug":"ford-argentina-inauguro-su-nueva-planta-de-motores-en-pacheco","status":"publish","type":"post","link":"http:\/\/autosdelpodio.com\/autos\/ford-argentina-inauguro-su-nueva-planta-de-motores-en-pacheco\/","title":{"rendered":"Ford Argentina inaugur\u00f3 su nueva planta de motores en Pacheco"},"content":{"rendered":"\n<p>Ford realiz\u00f3 una remodelaci\u00f3n completa en la planta de Pacheco para el lanzamiento de la nueva Ranger en Argentina y la regi\u00f3n. Ahora, con la inauguraci\u00f3n de la nueva planta de motores dentro del complejo industrial, se nacionaliza la producci\u00f3n de sus impulsores. La integraci\u00f3n vertical permite seguir avanzando en la calidad de la pick-up mediana que lleg\u00f3 para redefinir el segmento y elevar el est\u00e1ndar de la categor\u00eda.<\/p>\n\n\n\n<p>La nueva planta producir\u00e1, en la misma l\u00ednea, los dos modernos impulsores turbodi\u00e9sel: el Lion 3.0L V6, de 250 cv y ??600 Nm de torque, y el cuatro cilindros 2.0L Panther, con 170 cv y 405 Nm de torque, reconocido por su solidez y econom\u00eda de combustible.<\/p>\n\n\n\n<p>La planta de motores sigue el concepto de manufactura 4.0 ya adoptado en otras zonas de la f\u00e1brica, con un alto nivel de tecnolog\u00eda, automatizaci\u00f3n, conectividad y sustentabilidad. El amplio uso de la digitalizaci\u00f3n y el control inteligente de procesos contribuyen a garantizar la m\u00e1xima calidad y eficiencia en la producci\u00f3n.<\/p>\n\n\n\n<h4 class=\"wp-block-heading\"><strong>Sistemas inteligentes<\/strong><\/h4>\n\n\n\n<p>La nueva f\u00e1brica de motores tiene una capacidad instalada para producir 82.000 motores\/a\u00f1o en dos turnos y fue desarrollada con la participaci\u00f3n activa de los equipos de ingenier\u00eda de Argentina y Brasil. Su sistema inteligente de gesti\u00f3n de calidad utiliza m\u00e1s de 2000 sensores y 50 c\u00e1maras para monitorear motores y componentes a lo largo del proceso.<\/p>\n\n\n\n<p>Las 129 estaciones de trabajo cuentan con control autom\u00e1tico de tareas, incluido un sistema inteligente de ajuste de tornillos. Tambi\u00e9n fueron dise\u00f1ados para optimizar la ergonom\u00eda y la comodidad de los operadores, quienes han recibido m\u00e1s de 5.000 horas de capacitaci\u00f3n. El ambiente de presi\u00f3n positiva y los sistemas inteligentes de aire acondicionado e iluminaci\u00f3n LED contribuyen al bienestar y la productividad.<\/p>\n\n\n\n<h4 class=\"wp-block-heading\"><strong>Manufactura 4.0<\/strong><\/h4>\n\n\n\n<p>Ford invirti\u00f3 660 millones de d\u00f3lares en la planta de Pacheco para producir la Nueva Ranger y aument\u00f3 en un 70% la capacidad instalada, a 110.000 veh\u00edculos por a\u00f1o. Esta transformaci\u00f3n incluy\u00f3 la instalaci\u00f3n de una l\u00ednea de prensas de alta velocidad, y 318 nuevos robots inteligentes de soldadura autom\u00e1tica en el \u00e1rea de carrocer\u00eda. La planta de pintura introdujo la tecnolog\u00eda de \u201calto s\u00f3lidos\u201d.<\/p>\n\n\n\n<p>Las l\u00edneas de montaje tambi\u00e9n fueron equipadas con control autom\u00e1tico de herramientas de torque, escaneo 3D para control dimensional y m\u00e1s de 1.000 c\u00e1maras y sensores, monitoreados en tiempo real mediante inteligencia artificial para garantizar el est\u00e1ndar de ejecuci\u00f3n superior de la camioneta.<\/p>\n\n\n\n<p><em>Fuente: prensa Ford Argentina<\/em><\/p>\n\n\n\n<h3 class=\"wp-block-heading\"><\/h3>\n","protected":false},"excerpt":{"rendered":"<p>Ford realiz\u00f3 una remodelaci\u00f3n completa en la planta de Pacheco para el lanzamiento de la nueva Ranger en Argentina y<\/p>\n","protected":false},"author":3,"featured_media":7726,"comment_status":"open","ping_status":"open","sticky":false,"template":"","format":"standard","meta":{"colormag_page_container_layout":"default_layout","colormag_page_sidebar_layout":"default_layout","footnotes":""},"categories":[6,5],"tags":[535,83,32,208,363,35],"class_list":["post-7725","post","type-post","status-publish","format-standard","has-post-thumbnail","hentry","category-newsflash","category-latest-news","tag-centro-industrial-pacheco","tag-ford","tag-industria-automotriz","tag-produccion","tag-ranger","tag-republica-argentina"],"yoast_head":"<!-- This site is optimized with the Yoast SEO plugin v27.4 - https:\/\/yoast.com\/product\/yoast-seo-wordpress\/ -->\n<title>Autos del Podio | Ford Argentina inaugur\u00f3 su nueva planta de motores en Pacheco<\/title>\n<meta name=\"description\" content=\"Autos del Podio La planta de impulsores Ford podr\u00e1 producir 82.000 unidades anuales de los motores Lion V6 3.0L y Panther 2.0L de cuatro cilindros.\" \/>\n<meta name=\"robots\" content=\"index, follow, max-snippet:-1, max-image-preview:large, max-video-preview:-1\" \/>\n<link rel=\"canonical\" href=\"http:\/\/autosdelpodio.com\/autos\/ford-argentina-inauguro-su-nueva-planta-de-motores-en-pacheco\/\" \/>\n<meta property=\"og:locale\" content=\"es_ES\" \/>\n<meta property=\"og:type\" content=\"article\" \/>\n<meta property=\"og:title\" content=\"Autos del Podio | Ford Argentina inaugur\u00f3 su nueva planta de motores en Pacheco\" \/>\n<meta property=\"og:description\" content=\"Autos del Podio La planta de impulsores Ford podr\u00e1 producir 82.000 unidades anuales de los motores Lion V6 3.0L y Panther 2.0L de cuatro cilindros.\" \/>\n<meta property=\"og:url\" content=\"http:\/\/autosdelpodio.com\/autos\/ford-argentina-inauguro-su-nueva-planta-de-motores-en-pacheco\/\" \/>\n<meta property=\"og:site_name\" content=\"Autos del Podio\" \/>\n<meta property=\"article:publisher\" content=\"https:\/\/www.facebook.com\/profile.php?id=100057192590976&amp;amp%3bamp%3bamp%3bamp%3bamp%3bamp%3bamp%3bamp%3bamp%3bamp%3bamp%3bamp%3bamp%3bamp%3bamp%3bamp%3bamp%3bamp%3bref=ts\" \/>\n<meta property=\"article:published_time\" content=\"2024-06-18T23:14:06+00:00\" \/>\n<meta property=\"article:modified_time\" content=\"2024-06-18T23:14:07+00:00\" \/>\n<meta property=\"og:image\" content=\"http:\/\/autosdelpodio.com\/autos\/wp-content\/uploads\/2024\/06\/Ford_Ranger_Motores.jpg\" \/>\n\t<meta property=\"og:image:width\" content=\"497\" \/>\n\t<meta property=\"og:image:height\" content=\"324\" \/>\n\t<meta property=\"og:image:type\" content=\"image\/jpeg\" \/>\n<meta name=\"author\" content=\"autosdelpodio\" \/>\n<meta name=\"twitter:card\" content=\"summary_large_image\" \/>\n<meta name=\"twitter:creator\" content=\"@autosdelpodio\" \/>\n<meta name=\"twitter:site\" content=\"@autosdelpodio\" \/>\n<meta name=\"twitter:label1\" content=\"Escrito por\" \/>\n\t<meta name=\"twitter:data1\" content=\"autosdelpodio\" \/>\n\t<meta name=\"twitter:label2\" content=\"Tiempo de lectura\" \/>\n\t<meta name=\"twitter:data2\" content=\"3 minutos\" \/>\n<script type=\"application\/ld+json\" class=\"yoast-schema-graph\">{\"@context\":\"https:\\\/\\\/schema.org\",\"@graph\":[{\"@type\":\"Article\",\"@id\":\"http:\\\/\\\/autosdelpodio.com\\\/autos\\\/ford-argentina-inauguro-su-nueva-planta-de-motores-en-pacheco\\\/#article\",\"isPartOf\":{\"@id\":\"http:\\\/\\\/autosdelpodio.com\\\/autos\\\/ford-argentina-inauguro-su-nueva-planta-de-motores-en-pacheco\\\/\"},\"author\":{\"name\":\"autosdelpodio\",\"@id\":\"http:\\\/\\\/autosdelpodio.com\\\/autos\\\/#\\\/schema\\\/person\\\/993527a4d01c3acdd3d6bce3770bc942\"},\"headline\":\"Ford Argentina inaugur\u00f3 su nueva planta de motores en Pacheco\",\"datePublished\":\"2024-06-18T23:14:06+00:00\",\"dateModified\":\"2024-06-18T23:14:07+00:00\",\"mainEntityOfPage\":{\"@id\":\"http:\\\/\\\/autosdelpodio.com\\\/autos\\\/ford-argentina-inauguro-su-nueva-planta-de-motores-en-pacheco\\\/\"},\"wordCount\":445,\"commentCount\":0,\"publisher\":{\"@id\":\"http:\\\/\\\/autosdelpodio.com\\\/autos\\\/#organization\"},\"image\":{\"@id\":\"http:\\\/\\\/autosdelpodio.com\\\/autos\\\/ford-argentina-inauguro-su-nueva-planta-de-motores-en-pacheco\\\/#primaryimage\"},\"thumbnailUrl\":\"http:\\\/\\\/autosdelpodio.com\\\/autos\\\/wp-content\\\/uploads\\\/2024\\\/06\\\/Ford_Ranger_Motores.jpg\",\"keywords\":[\"Centro Industrial Pacheco\",\"Ford\",\"Industria Automotriz\",\"Producci\u00f3n\",\"Ranger\",\"Republica Argentina\"],\"articleSection\":[\"Destacado\",\"\u00daltimas noticias\"],\"inLanguage\":\"es\",\"potentialAction\":[{\"@type\":\"CommentAction\",\"name\":\"Comment\",\"target\":[\"http:\\\/\\\/autosdelpodio.com\\\/autos\\\/ford-argentina-inauguro-su-nueva-planta-de-motores-en-pacheco\\\/#respond\"]}]},{\"@type\":\"WebPage\",\"@id\":\"http:\\\/\\\/autosdelpodio.com\\\/autos\\\/ford-argentina-inauguro-su-nueva-planta-de-motores-en-pacheco\\\/\",\"url\":\"http:\\\/\\\/autosdelpodio.com\\\/autos\\\/ford-argentina-inauguro-su-nueva-planta-de-motores-en-pacheco\\\/\",\"name\":\"Autos del Podio | Ford Argentina inaugur\u00f3 su nueva planta de motores en Pacheco\",\"isPartOf\":{\"@id\":\"http:\\\/\\\/autosdelpodio.com\\\/autos\\\/#website\"},\"primaryImageOfPage\":{\"@id\":\"http:\\\/\\\/autosdelpodio.com\\\/autos\\\/ford-argentina-inauguro-su-nueva-planta-de-motores-en-pacheco\\\/#primaryimage\"},\"image\":{\"@id\":\"http:\\\/\\\/autosdelpodio.com\\\/autos\\\/ford-argentina-inauguro-su-nueva-planta-de-motores-en-pacheco\\\/#primaryimage\"},\"thumbnailUrl\":\"http:\\\/\\\/autosdelpodio.com\\\/autos\\\/wp-content\\\/uploads\\\/2024\\\/06\\\/Ford_Ranger_Motores.jpg\",\"datePublished\":\"2024-06-18T23:14:06+00:00\",\"dateModified\":\"2024-06-18T23:14:07+00:00\",\"description\":\"Autos del Podio La planta de impulsores Ford podr\u00e1 producir 82.000 unidades anuales de los motores Lion V6 3.0L y Panther 2.0L de cuatro cilindros.\",\"breadcrumb\":{\"@id\":\"http:\\\/\\\/autosdelpodio.com\\\/autos\\\/ford-argentina-inauguro-su-nueva-planta-de-motores-en-pacheco\\\/#breadcrumb\"},\"inLanguage\":\"es\",\"potentialAction\":[{\"@type\":\"ReadAction\",\"target\":[\"http:\\\/\\\/autosdelpodio.com\\\/autos\\\/ford-argentina-inauguro-su-nueva-planta-de-motores-en-pacheco\\\/\"]}]},{\"@type\":\"ImageObject\",\"inLanguage\":\"es\",\"@id\":\"http:\\\/\\\/autosdelpodio.com\\\/autos\\\/ford-argentina-inauguro-su-nueva-planta-de-motores-en-pacheco\\\/#primaryimage\",\"url\":\"http:\\\/\\\/autosdelpodio.com\\\/autos\\\/wp-content\\\/uploads\\\/2024\\\/06\\\/Ford_Ranger_Motores.jpg\",\"contentUrl\":\"http:\\\/\\\/autosdelpodio.com\\\/autos\\\/wp-content\\\/uploads\\\/2024\\\/06\\\/Ford_Ranger_Motores.jpg\",\"width\":497,\"height\":324,\"caption\":\"Ford Argentina\"},{\"@type\":\"BreadcrumbList\",\"@id\":\"http:\\\/\\\/autosdelpodio.com\\\/autos\\\/ford-argentina-inauguro-su-nueva-planta-de-motores-en-pacheco\\\/#breadcrumb\",\"itemListElement\":[{\"@type\":\"ListItem\",\"position\":1,\"name\":\"Portada\",\"item\":\"http:\\\/\\\/autosdelpodio.com\\\/autos\\\/\"},{\"@type\":\"ListItem\",\"position\":2,\"name\":\"Ford Argentina inaugur\u00f3 su nueva planta de motores en Pacheco\"}]},{\"@type\":\"WebSite\",\"@id\":\"http:\\\/\\\/autosdelpodio.com\\\/autos\\\/#website\",\"url\":\"http:\\\/\\\/autosdelpodio.com\\\/autos\\\/\",\"name\":\"Autos del Podio\",\"description\":\"La sexta del deporte motor\",\"publisher\":{\"@id\":\"http:\\\/\\\/autosdelpodio.com\\\/autos\\\/#organization\"},\"potentialAction\":[{\"@type\":\"SearchAction\",\"target\":{\"@type\":\"EntryPoint\",\"urlTemplate\":\"http:\\\/\\\/autosdelpodio.com\\\/autos\\\/?s={search_term_string}\"},\"query-input\":{\"@type\":\"PropertyValueSpecification\",\"valueRequired\":true,\"valueName\":\"search_term_string\"}}],\"inLanguage\":\"es\"},{\"@type\":\"Organization\",\"@id\":\"http:\\\/\\\/autosdelpodio.com\\\/autos\\\/#organization\",\"name\":\"Autos del Podio\",\"url\":\"http:\\\/\\\/autosdelpodio.com\\\/autos\\\/\",\"logo\":{\"@type\":\"ImageObject\",\"inLanguage\":\"es\",\"@id\":\"http:\\\/\\\/autosdelpodio.com\\\/autos\\\/#\\\/schema\\\/logo\\\/image\\\/\",\"url\":\"http:\\\/\\\/autosdelpodio.com\\\/autos\\\/wp-content\\\/uploads\\\/2020\\\/08\\\/Logo_AR.jpg\",\"contentUrl\":\"http:\\\/\\\/autosdelpodio.com\\\/autos\\\/wp-content\\\/uploads\\\/2020\\\/08\\\/Logo_AR.jpg\",\"width\":1038,\"height\":1044,\"caption\":\"Autos del Podio\"},\"image\":{\"@id\":\"http:\\\/\\\/autosdelpodio.com\\\/autos\\\/#\\\/schema\\\/logo\\\/image\\\/\"},\"sameAs\":[\"https:\\\/\\\/www.facebook.com\\\/profile.php?id=100057192590976&amp;amp;amp;amp;amp;amp;amp;amp;amp;amp;amp;amp;amp;amp;amp;amp;amp;amp;ref=ts\",\"https:\\\/\\\/x.com\\\/autosdelpodio\",\"https:\\\/\\\/www.youtube.com\\\/user\\\/AutosdelPodio\"]},{\"@type\":\"Person\",\"@id\":\"http:\\\/\\\/autosdelpodio.com\\\/autos\\\/#\\\/schema\\\/person\\\/993527a4d01c3acdd3d6bce3770bc942\",\"name\":\"autosdelpodio\",\"image\":{\"@type\":\"ImageObject\",\"inLanguage\":\"es\",\"@id\":\"http:\\\/\\\/autosdelpodio.com\\\/autos\\\/wp-content\\\/litespeed\\\/avatar\\\/aa8f65cd201a80f6b844f63278aa84af.jpg?ver=1776798175\",\"url\":\"http:\\\/\\\/autosdelpodio.com\\\/autos\\\/wp-content\\\/litespeed\\\/avatar\\\/aa8f65cd201a80f6b844f63278aa84af.jpg?ver=1776798175\",\"contentUrl\":\"http:\\\/\\\/autosdelpodio.com\\\/autos\\\/wp-content\\\/litespeed\\\/avatar\\\/aa8f65cd201a80f6b844f63278aa84af.jpg?ver=1776798175\",\"caption\":\"autosdelpodio\"}}]}<\/script>\n<!-- \/ Yoast SEO plugin. -->","yoast_head_json":{"title":"Autos del Podio | Ford Argentina inaugur\u00f3 su nueva planta de motores en Pacheco","description":"Autos del Podio La planta de impulsores Ford podr\u00e1 producir 82.000 unidades anuales de los motores Lion V6 3.0L y Panther 2.0L de cuatro cilindros.","robots":{"index":"index","follow":"follow","max-snippet":"max-snippet:-1","max-image-preview":"max-image-preview:large","max-video-preview":"max-video-preview:-1"},"canonical":"http:\/\/autosdelpodio.com\/autos\/ford-argentina-inauguro-su-nueva-planta-de-motores-en-pacheco\/","og_locale":"es_ES","og_type":"article","og_title":"Autos del Podio | Ford Argentina inaugur\u00f3 su nueva planta de motores en Pacheco","og_description":"Autos del Podio La planta de impulsores Ford podr\u00e1 producir 82.000 unidades anuales de los motores Lion V6 3.0L y Panther 2.0L de cuatro cilindros.","og_url":"http:\/\/autosdelpodio.com\/autos\/ford-argentina-inauguro-su-nueva-planta-de-motores-en-pacheco\/","og_site_name":"Autos del Podio","article_publisher":"https:\/\/www.facebook.com\/profile.php?id=100057192590976&amp%3bamp%3bamp%3bamp%3bamp%3bamp%3bamp%3bamp%3bamp%3bamp%3bamp%3bamp%3bamp%3bamp%3bamp%3bamp%3bamp%3bamp%3bref=ts","article_published_time":"2024-06-18T23:14:06+00:00","article_modified_time":"2024-06-18T23:14:07+00:00","og_image":[{"width":497,"height":324,"url":"http:\/\/autosdelpodio.com\/autos\/wp-content\/uploads\/2024\/06\/Ford_Ranger_Motores.jpg","type":"image\/jpeg"}],"author":"autosdelpodio","twitter_card":"summary_large_image","twitter_creator":"@autosdelpodio","twitter_site":"@autosdelpodio","twitter_misc":{"Escrito por":"autosdelpodio","Tiempo de lectura":"3 minutos"},"schema":{"@context":"https:\/\/schema.org","@graph":[{"@type":"Article","@id":"http:\/\/autosdelpodio.com\/autos\/ford-argentina-inauguro-su-nueva-planta-de-motores-en-pacheco\/#article","isPartOf":{"@id":"http:\/\/autosdelpodio.com\/autos\/ford-argentina-inauguro-su-nueva-planta-de-motores-en-pacheco\/"},"author":{"name":"autosdelpodio","@id":"http:\/\/autosdelpodio.com\/autos\/#\/schema\/person\/993527a4d01c3acdd3d6bce3770bc942"},"headline":"Ford Argentina inaugur\u00f3 su nueva planta de motores en Pacheco","datePublished":"2024-06-18T23:14:06+00:00","dateModified":"2024-06-18T23:14:07+00:00","mainEntityOfPage":{"@id":"http:\/\/autosdelpodio.com\/autos\/ford-argentina-inauguro-su-nueva-planta-de-motores-en-pacheco\/"},"wordCount":445,"commentCount":0,"publisher":{"@id":"http:\/\/autosdelpodio.com\/autos\/#organization"},"image":{"@id":"http:\/\/autosdelpodio.com\/autos\/ford-argentina-inauguro-su-nueva-planta-de-motores-en-pacheco\/#primaryimage"},"thumbnailUrl":"http:\/\/autosdelpodio.com\/autos\/wp-content\/uploads\/2024\/06\/Ford_Ranger_Motores.jpg","keywords":["Centro Industrial Pacheco","Ford","Industria Automotriz","Producci\u00f3n","Ranger","Republica Argentina"],"articleSection":["Destacado","\u00daltimas noticias"],"inLanguage":"es","potentialAction":[{"@type":"CommentAction","name":"Comment","target":["http:\/\/autosdelpodio.com\/autos\/ford-argentina-inauguro-su-nueva-planta-de-motores-en-pacheco\/#respond"]}]},{"@type":"WebPage","@id":"http:\/\/autosdelpodio.com\/autos\/ford-argentina-inauguro-su-nueva-planta-de-motores-en-pacheco\/","url":"http:\/\/autosdelpodio.com\/autos\/ford-argentina-inauguro-su-nueva-planta-de-motores-en-pacheco\/","name":"Autos del Podio | Ford Argentina inaugur\u00f3 su nueva planta de motores en Pacheco","isPartOf":{"@id":"http:\/\/autosdelpodio.com\/autos\/#website"},"primaryImageOfPage":{"@id":"http:\/\/autosdelpodio.com\/autos\/ford-argentina-inauguro-su-nueva-planta-de-motores-en-pacheco\/#primaryimage"},"image":{"@id":"http:\/\/autosdelpodio.com\/autos\/ford-argentina-inauguro-su-nueva-planta-de-motores-en-pacheco\/#primaryimage"},"thumbnailUrl":"http:\/\/autosdelpodio.com\/autos\/wp-content\/uploads\/2024\/06\/Ford_Ranger_Motores.jpg","datePublished":"2024-06-18T23:14:06+00:00","dateModified":"2024-06-18T23:14:07+00:00","description":"Autos del Podio La planta de impulsores Ford podr\u00e1 producir 82.000 unidades anuales de los motores Lion V6 3.0L y Panther 2.0L de cuatro cilindros.","breadcrumb":{"@id":"http:\/\/autosdelpodio.com\/autos\/ford-argentina-inauguro-su-nueva-planta-de-motores-en-pacheco\/#breadcrumb"},"inLanguage":"es","potentialAction":[{"@type":"ReadAction","target":["http:\/\/autosdelpodio.com\/autos\/ford-argentina-inauguro-su-nueva-planta-de-motores-en-pacheco\/"]}]},{"@type":"ImageObject","inLanguage":"es","@id":"http:\/\/autosdelpodio.com\/autos\/ford-argentina-inauguro-su-nueva-planta-de-motores-en-pacheco\/#primaryimage","url":"http:\/\/autosdelpodio.com\/autos\/wp-content\/uploads\/2024\/06\/Ford_Ranger_Motores.jpg","contentUrl":"http:\/\/autosdelpodio.com\/autos\/wp-content\/uploads\/2024\/06\/Ford_Ranger_Motores.jpg","width":497,"height":324,"caption":"Ford Argentina"},{"@type":"BreadcrumbList","@id":"http:\/\/autosdelpodio.com\/autos\/ford-argentina-inauguro-su-nueva-planta-de-motores-en-pacheco\/#breadcrumb","itemListElement":[{"@type":"ListItem","position":1,"name":"Portada","item":"http:\/\/autosdelpodio.com\/autos\/"},{"@type":"ListItem","position":2,"name":"Ford Argentina inaugur\u00f3 su nueva planta de motores en Pacheco"}]},{"@type":"WebSite","@id":"http:\/\/autosdelpodio.com\/autos\/#website","url":"http:\/\/autosdelpodio.com\/autos\/","name":"Autos del Podio","description":"La sexta del deporte motor","publisher":{"@id":"http:\/\/autosdelpodio.com\/autos\/#organization"},"potentialAction":[{"@type":"SearchAction","target":{"@type":"EntryPoint","urlTemplate":"http:\/\/autosdelpodio.com\/autos\/?s={search_term_string}"},"query-input":{"@type":"PropertyValueSpecification","valueRequired":true,"valueName":"search_term_string"}}],"inLanguage":"es"},{"@type":"Organization","@id":"http:\/\/autosdelpodio.com\/autos\/#organization","name":"Autos del Podio","url":"http:\/\/autosdelpodio.com\/autos\/","logo":{"@type":"ImageObject","inLanguage":"es","@id":"http:\/\/autosdelpodio.com\/autos\/#\/schema\/logo\/image\/","url":"http:\/\/autosdelpodio.com\/autos\/wp-content\/uploads\/2020\/08\/Logo_AR.jpg","contentUrl":"http:\/\/autosdelpodio.com\/autos\/wp-content\/uploads\/2020\/08\/Logo_AR.jpg","width":1038,"height":1044,"caption":"Autos del Podio"},"image":{"@id":"http:\/\/autosdelpodio.com\/autos\/#\/schema\/logo\/image\/"},"sameAs":["https:\/\/www.facebook.com\/profile.php?id=100057192590976&amp;amp;amp;amp;amp;amp;amp;amp;amp;amp;amp;amp;amp;amp;amp;amp;amp;amp;ref=ts","https:\/\/x.com\/autosdelpodio","https:\/\/www.youtube.com\/user\/AutosdelPodio"]},{"@type":"Person","@id":"http:\/\/autosdelpodio.com\/autos\/#\/schema\/person\/993527a4d01c3acdd3d6bce3770bc942","name":"autosdelpodio","image":{"@type":"ImageObject","inLanguage":"es","@id":"http:\/\/autosdelpodio.com\/autos\/wp-content\/litespeed\/avatar\/aa8f65cd201a80f6b844f63278aa84af.jpg?ver=1776798175","url":"http:\/\/autosdelpodio.com\/autos\/wp-content\/litespeed\/avatar\/aa8f65cd201a80f6b844f63278aa84af.jpg?ver=1776798175","contentUrl":"http:\/\/autosdelpodio.com\/autos\/wp-content\/litespeed\/avatar\/aa8f65cd201a80f6b844f63278aa84af.jpg?ver=1776798175","caption":"autosdelpodio"}}]}},"views":588,"_links":{"self":[{"href":"http:\/\/autosdelpodio.com\/autos\/wp-json\/wp\/v2\/posts\/7725","targetHints":{"allow":["GET"]}}],"collection":[{"href":"http:\/\/autosdelpodio.com\/autos\/wp-json\/wp\/v2\/posts"}],"about":[{"href":"http:\/\/autosdelpodio.com\/autos\/wp-json\/wp\/v2\/types\/post"}],"author":[{"embeddable":true,"href":"http:\/\/autosdelpodio.com\/autos\/wp-json\/wp\/v2\/users\/3"}],"replies":[{"embeddable":true,"href":"http:\/\/autosdelpodio.com\/autos\/wp-json\/wp\/v2\/comments?post=7725"}],"version-history":[{"count":2,"href":"http:\/\/autosdelpodio.com\/autos\/wp-json\/wp\/v2\/posts\/7725\/revisions"}],"predecessor-version":[{"id":7728,"href":"http:\/\/autosdelpodio.com\/autos\/wp-json\/wp\/v2\/posts\/7725\/revisions\/7728"}],"wp:featuredmedia":[{"embeddable":true,"href":"http:\/\/autosdelpodio.com\/autos\/wp-json\/wp\/v2\/media\/7726"}],"wp:attachment":[{"href":"http:\/\/autosdelpodio.com\/autos\/wp-json\/wp\/v2\/media?parent=7725"}],"wp:term":[{"taxonomy":"category","embeddable":true,"href":"http:\/\/autosdelpodio.com\/autos\/wp-json\/wp\/v2\/categories?post=7725"},{"taxonomy":"post_tag","embeddable":true,"href":"http:\/\/autosdelpodio.com\/autos\/wp-json\/wp\/v2\/tags?post=7725"}],"curies":[{"name":"wp","href":"https:\/\/api.w.org\/{rel}","templated":true}]}}