{"id":7729,"date":"2024-06-22T21:21:52","date_gmt":"2024-06-23T00:21:52","guid":{"rendered":"http:\/\/autosdelpodio.com\/autos\/?p=7729"},"modified":"2024-06-22T21:21:54","modified_gmt":"2024-06-23T00:21:54","slug":"habra-expo-automotor-2024","status":"publish","type":"post","link":"http:\/\/autosdelpodio.com\/autos\/habra-expo-automotor-2024\/","title":{"rendered":"Habr\u00e1 Expo Automotor 2024"},"content":{"rendered":"\n<p>Una nueva edici\u00f3n de la muestra de autos cl\u00e1sicos, deportivos y de colecci\u00f3n en la Escuela T\u00e9cnica N\u00ba 35 \u201cIng. Eduardo Latzina\u201d tendr\u00e1 lugar los d\u00edas 24 y 25 de Octubre en Lope de Vega 2150, Ciudad Aut\u00f3noma de Buenos Aires, Argentina.<\/p>\n\n\n\n<p><strong><em>Inscripci\u00f3n en el enlace adjunto:<\/em><\/strong><\/p>\n\n\n\n<p><a href=\"https:\/\/docs.google.com\/forms\/d\/1i-ENoTlvKP1GT2V31h6AOwWC4hKY0D5UwvRe30SOArE\/viewform?edit_requested=true\" target=\"_blank\" rel=\"noreferrer noopener\">https:\/\/docs.google.com\/forms\/d\/1i-ENoTlvKP1GT2V31h6AOwWC4hKY0D5UwvRe30SOArE\/viewform?edit_requested=true<\/a><br><strong>M\u00e1s info<\/strong>:<\/p>\n\n\n\n<p><a href=\"https:\/\/www.instagram.com\/et.35.ing.eduardo.latzina\/\" target=\"_blank\" rel=\"noreferrer noopener\">https:\/\/www.instagram.com\/et.35.ing.eduardo.latzina\/<\/a><br><\/p>\n","protected":false},"excerpt":{"rendered":"<p>Una nueva edici\u00f3n de la muestra de autos cl\u00e1sicos, deportivos y de colecci\u00f3n en la Escuela T\u00e9cnica N\u00ba 35 \u201cIng.<\/p>\n","protected":false},"author":3,"featured_media":7731,"comment_status":"open","ping_status":"open","sticky":false,"template":"","format":"standard","meta":{"colormag_page_container_layout":"default_layout","colormag_page_sidebar_layout":"default_layout","footnotes":""},"categories":[6,5],"tags":[361,371,803,802,801,68],"class_list":["post-7729","post","type-post","status-publish","format-standard","has-post-thumbnail","hentry","category-newsflash","category-latest-news","tag-autos","tag-caba","tag-coleccion","tag-deportivos","tag-escuela-tecnica-no-35","tag-exposiciones"],"yoast_head":"<!-- This site is optimized with the Yoast SEO plugin v27.4 - https:\/\/yoast.com\/product\/yoast-seo-wordpress\/ -->\n<title>Autos del Podio | Habr\u00e1 Expo Automotor 2024<\/title>\n<meta name=\"description\" content=\"Autos del Podio Desde 1986 se realiza la Expo-Automotor en la Escuela T\u00e9cnica N\u00b035 Eduardo Latzina\" \/>\n<meta name=\"robots\" content=\"index, follow, max-snippet:-1, max-image-preview:large, max-video-preview:-1\" \/>\n<link rel=\"canonical\" href=\"http:\/\/autosdelpodio.com\/autos\/habra-expo-automotor-2024\/\" \/>\n<meta property=\"og:locale\" content=\"es_ES\" \/>\n<meta property=\"og:type\" content=\"article\" \/>\n<meta property=\"og:title\" content=\"Autos del Podio | Habr\u00e1 Expo Automotor 2024\" \/>\n<meta property=\"og:description\" content=\"Autos del Podio Desde 1986 se realiza la Expo-Automotor en la Escuela T\u00e9cnica N\u00b035 Eduardo Latzina\" \/>\n<meta property=\"og:url\" content=\"http:\/\/autosdelpodio.com\/autos\/habra-expo-automotor-2024\/\" \/>\n<meta property=\"og:site_name\" content=\"Autos del Podio\" \/>\n<meta property=\"article:publisher\" content=\"https:\/\/www.facebook.com\/profile.php?id=100057192590976&amp;amp%3bamp%3bamp%3bamp%3bamp%3bamp%3bamp%3bamp%3bamp%3bamp%3bamp%3bamp%3bamp%3bamp%3bamp%3bamp%3bamp%3bamp%3bref=ts\" \/>\n<meta property=\"article:published_time\" content=\"2024-06-23T00:21:52+00:00\" \/>\n<meta property=\"article:modified_time\" content=\"2024-06-23T00:21:54+00:00\" \/>\n<meta property=\"og:image\" content=\"http:\/\/autosdelpodio.com\/autos\/wp-content\/uploads\/2024\/06\/Escuela-Tecnica-N\u00b035-Eduardo-Latzina.jpg\" \/>\n\t<meta property=\"og:image:width\" content=\"500\" \/>\n\t<meta property=\"og:image:height\" content=\"325\" \/>\n\t<meta property=\"og:image:type\" content=\"image\/jpeg\" \/>\n<meta name=\"author\" content=\"autosdelpodio\" \/>\n<meta name=\"twitter:card\" content=\"summary_large_image\" \/>\n<meta name=\"twitter:creator\" content=\"@autosdelpodio\" \/>\n<meta name=\"twitter:site\" content=\"@autosdelpodio\" \/>\n<meta name=\"twitter:label1\" content=\"Escrito por\" \/>\n\t<meta name=\"twitter:data1\" content=\"autosdelpodio\" \/>\n\t<meta name=\"twitter:label2\" content=\"Tiempo de lectura\" \/>\n\t<meta name=\"twitter:data2\" content=\"1 minuto\" \/>\n<script type=\"application\/ld+json\" class=\"yoast-schema-graph\">{\"@context\":\"https:\\\/\\\/schema.org\",\"@graph\":[{\"@type\":\"Article\",\"@id\":\"http:\\\/\\\/autosdelpodio.com\\\/autos\\\/habra-expo-automotor-2024\\\/#article\",\"isPartOf\":{\"@id\":\"http:\\\/\\\/autosdelpodio.com\\\/autos\\\/habra-expo-automotor-2024\\\/\"},\"author\":{\"name\":\"autosdelpodio\",\"@id\":\"http:\\\/\\\/autosdelpodio.com\\\/autos\\\/#\\\/schema\\\/person\\\/993527a4d01c3acdd3d6bce3770bc942\"},\"headline\":\"Habr\u00e1 Expo Automotor 2024\",\"datePublished\":\"2024-06-23T00:21:52+00:00\",\"dateModified\":\"2024-06-23T00:21:54+00:00\",\"mainEntityOfPage\":{\"@id\":\"http:\\\/\\\/autosdelpodio.com\\\/autos\\\/habra-expo-automotor-2024\\\/\"},\"wordCount\":83,\"commentCount\":0,\"publisher\":{\"@id\":\"http:\\\/\\\/autosdelpodio.com\\\/autos\\\/#organization\"},\"image\":{\"@id\":\"http:\\\/\\\/autosdelpodio.com\\\/autos\\\/habra-expo-automotor-2024\\\/#primaryimage\"},\"thumbnailUrl\":\"http:\\\/\\\/autosdelpodio.com\\\/autos\\\/wp-content\\\/uploads\\\/2024\\\/06\\\/Escuela-Tecnica-N\u00b035-Eduardo-Latzina.jpg\",\"keywords\":[\"Autos\",\"CABA\",\"Colecci\u00f3n\",\"Deportivos\",\"Escuela T\u00e9cnica N\u00ba 35\",\"Exposiciones\"],\"articleSection\":[\"Destacado\",\"\u00daltimas noticias\"],\"inLanguage\":\"es\",\"potentialAction\":[{\"@type\":\"CommentAction\",\"name\":\"Comment\",\"target\":[\"http:\\\/\\\/autosdelpodio.com\\\/autos\\\/habra-expo-automotor-2024\\\/#respond\"]}]},{\"@type\":\"WebPage\",\"@id\":\"http:\\\/\\\/autosdelpodio.com\\\/autos\\\/habra-expo-automotor-2024\\\/\",\"url\":\"http:\\\/\\\/autosdelpodio.com\\\/autos\\\/habra-expo-automotor-2024\\\/\",\"name\":\"Autos del Podio | Habr\u00e1 Expo Automotor 2024\",\"isPartOf\":{\"@id\":\"http:\\\/\\\/autosdelpodio.com\\\/autos\\\/#website\"},\"primaryImageOfPage\":{\"@id\":\"http:\\\/\\\/autosdelpodio.com\\\/autos\\\/habra-expo-automotor-2024\\\/#primaryimage\"},\"image\":{\"@id\":\"http:\\\/\\\/autosdelpodio.com\\\/autos\\\/habra-expo-automotor-2024\\\/#primaryimage\"},\"thumbnailUrl\":\"http:\\\/\\\/autosdelpodio.com\\\/autos\\\/wp-content\\\/uploads\\\/2024\\\/06\\\/Escuela-Tecnica-N\u00b035-Eduardo-Latzina.jpg\",\"datePublished\":\"2024-06-23T00:21:52+00:00\",\"dateModified\":\"2024-06-23T00:21:54+00:00\",\"description\":\"Autos del Podio Desde 1986 se realiza la Expo-Automotor en la Escuela T\u00e9cnica N\u00b035 Eduardo Latzina\",\"breadcrumb\":{\"@id\":\"http:\\\/\\\/autosdelpodio.com\\\/autos\\\/habra-expo-automotor-2024\\\/#breadcrumb\"},\"inLanguage\":\"es\",\"potentialAction\":[{\"@type\":\"ReadAction\",\"target\":[\"http:\\\/\\\/autosdelpodio.com\\\/autos\\\/habra-expo-automotor-2024\\\/\"]}]},{\"@type\":\"ImageObject\",\"inLanguage\":\"es\",\"@id\":\"http:\\\/\\\/autosdelpodio.com\\\/autos\\\/habra-expo-automotor-2024\\\/#primaryimage\",\"url\":\"http:\\\/\\\/autosdelpodio.com\\\/autos\\\/wp-content\\\/uploads\\\/2024\\\/06\\\/Escuela-Tecnica-N\u00b035-Eduardo-Latzina.jpg\",\"contentUrl\":\"http:\\\/\\\/autosdelpodio.com\\\/autos\\\/wp-content\\\/uploads\\\/2024\\\/06\\\/Escuela-Tecnica-N\u00b035-Eduardo-Latzina.jpg\",\"width\":500,\"height\":325,\"caption\":\"Escuela T\u00e9cnica N\u00b035 Eduardo Latzina\"},{\"@type\":\"BreadcrumbList\",\"@id\":\"http:\\\/\\\/autosdelpodio.com\\\/autos\\\/habra-expo-automotor-2024\\\/#breadcrumb\",\"itemListElement\":[{\"@type\":\"ListItem\",\"position\":1,\"name\":\"Portada\",\"item\":\"http:\\\/\\\/autosdelpodio.com\\\/autos\\\/\"},{\"@type\":\"ListItem\",\"position\":2,\"name\":\"Habr\u00e1 Expo Automotor 2024\"}]},{\"@type\":\"WebSite\",\"@id\":\"http:\\\/\\\/autosdelpodio.com\\\/autos\\\/#website\",\"url\":\"http:\\\/\\\/autosdelpodio.com\\\/autos\\\/\",\"name\":\"Autos del Podio\",\"description\":\"La sexta del deporte motor\",\"publisher\":{\"@id\":\"http:\\\/\\\/autosdelpodio.com\\\/autos\\\/#organization\"},\"potentialAction\":[{\"@type\":\"SearchAction\",\"target\":{\"@type\":\"EntryPoint\",\"urlTemplate\":\"http:\\\/\\\/autosdelpodio.com\\\/autos\\\/?s={search_term_string}\"},\"query-input\":{\"@type\":\"PropertyValueSpecification\",\"valueRequired\":true,\"valueName\":\"search_term_string\"}}],\"inLanguage\":\"es\"},{\"@type\":\"Organization\",\"@id\":\"http:\\\/\\\/autosdelpodio.com\\\/autos\\\/#organization\",\"name\":\"Autos del Podio\",\"url\":\"http:\\\/\\\/autosdelpodio.com\\\/autos\\\/\",\"logo\":{\"@type\":\"ImageObject\",\"inLanguage\":\"es\",\"@id\":\"http:\\\/\\\/autosdelpodio.com\\\/autos\\\/#\\\/schema\\\/logo\\\/image\\\/\",\"url\":\"http:\\\/\\\/autosdelpodio.com\\\/autos\\\/wp-content\\\/uploads\\\/2020\\\/08\\\/Logo_AR.jpg\",\"contentUrl\":\"http:\\\/\\\/autosdelpodio.com\\\/autos\\\/wp-content\\\/uploads\\\/2020\\\/08\\\/Logo_AR.jpg\",\"width\":1038,\"height\":1044,\"caption\":\"Autos del Podio\"},\"image\":{\"@id\":\"http:\\\/\\\/autosdelpodio.com\\\/autos\\\/#\\\/schema\\\/logo\\\/image\\\/\"},\"sameAs\":[\"https:\\\/\\\/www.facebook.com\\\/profile.php?id=100057192590976&amp;amp;amp;amp;amp;amp;amp;amp;amp;amp;amp;amp;amp;amp;amp;amp;amp;amp;ref=ts\",\"https:\\\/\\\/x.com\\\/autosdelpodio\",\"https:\\\/\\\/www.youtube.com\\\/user\\\/AutosdelPodio\"]},{\"@type\":\"Person\",\"@id\":\"http:\\\/\\\/autosdelpodio.com\\\/autos\\\/#\\\/schema\\\/person\\\/993527a4d01c3acdd3d6bce3770bc942\",\"name\":\"autosdelpodio\",\"image\":{\"@type\":\"ImageObject\",\"inLanguage\":\"es\",\"@id\":\"http:\\\/\\\/autosdelpodio.com\\\/autos\\\/wp-content\\\/litespeed\\\/avatar\\\/aa8f65cd201a80f6b844f63278aa84af.jpg?ver=1776798175\",\"url\":\"http:\\\/\\\/autosdelpodio.com\\\/autos\\\/wp-content\\\/litespeed\\\/avatar\\\/aa8f65cd201a80f6b844f63278aa84af.jpg?ver=1776798175\",\"contentUrl\":\"http:\\\/\\\/autosdelpodio.com\\\/autos\\\/wp-content\\\/litespeed\\\/avatar\\\/aa8f65cd201a80f6b844f63278aa84af.jpg?ver=1776798175\",\"caption\":\"autosdelpodio\"}}]}<\/script>\n<!-- \/ Yoast SEO plugin. -->","yoast_head_json":{"title":"Autos del Podio | Habr\u00e1 Expo Automotor 2024","description":"Autos del Podio Desde 1986 se realiza la Expo-Automotor en la Escuela T\u00e9cnica N\u00b035 Eduardo Latzina","robots":{"index":"index","follow":"follow","max-snippet":"max-snippet:-1","max-image-preview":"max-image-preview:large","max-video-preview":"max-video-preview:-1"},"canonical":"http:\/\/autosdelpodio.com\/autos\/habra-expo-automotor-2024\/","og_locale":"es_ES","og_type":"article","og_title":"Autos del Podio | Habr\u00e1 Expo Automotor 2024","og_description":"Autos del Podio Desde 1986 se realiza la Expo-Automotor en la Escuela T\u00e9cnica N\u00b035 Eduardo Latzina","og_url":"http:\/\/autosdelpodio.com\/autos\/habra-expo-automotor-2024\/","og_site_name":"Autos del Podio","article_publisher":"https:\/\/www.facebook.com\/profile.php?id=100057192590976&amp%3bamp%3bamp%3bamp%3bamp%3bamp%3bamp%3bamp%3bamp%3bamp%3bamp%3bamp%3bamp%3bamp%3bamp%3bamp%3bamp%3bamp%3bref=ts","article_published_time":"2024-06-23T00:21:52+00:00","article_modified_time":"2024-06-23T00:21:54+00:00","og_image":[{"width":500,"height":325,"url":"http:\/\/autosdelpodio.com\/autos\/wp-content\/uploads\/2024\/06\/Escuela-Tecnica-N\u00b035-Eduardo-Latzina.jpg","type":"image\/jpeg"}],"author":"autosdelpodio","twitter_card":"summary_large_image","twitter_creator":"@autosdelpodio","twitter_site":"@autosdelpodio","twitter_misc":{"Escrito por":"autosdelpodio","Tiempo de lectura":"1 minuto"},"schema":{"@context":"https:\/\/schema.org","@graph":[{"@type":"Article","@id":"http:\/\/autosdelpodio.com\/autos\/habra-expo-automotor-2024\/#article","isPartOf":{"@id":"http:\/\/autosdelpodio.com\/autos\/habra-expo-automotor-2024\/"},"author":{"name":"autosdelpodio","@id":"http:\/\/autosdelpodio.com\/autos\/#\/schema\/person\/993527a4d01c3acdd3d6bce3770bc942"},"headline":"Habr\u00e1 Expo Automotor 2024","datePublished":"2024-06-23T00:21:52+00:00","dateModified":"2024-06-23T00:21:54+00:00","mainEntityOfPage":{"@id":"http:\/\/autosdelpodio.com\/autos\/habra-expo-automotor-2024\/"},"wordCount":83,"commentCount":0,"publisher":{"@id":"http:\/\/autosdelpodio.com\/autos\/#organization"},"image":{"@id":"http:\/\/autosdelpodio.com\/autos\/habra-expo-automotor-2024\/#primaryimage"},"thumbnailUrl":"http:\/\/autosdelpodio.com\/autos\/wp-content\/uploads\/2024\/06\/Escuela-Tecnica-N\u00b035-Eduardo-Latzina.jpg","keywords":["Autos","CABA","Colecci\u00f3n","Deportivos","Escuela T\u00e9cnica N\u00ba 35","Exposiciones"],"articleSection":["Destacado","\u00daltimas noticias"],"inLanguage":"es","potentialAction":[{"@type":"CommentAction","name":"Comment","target":["http:\/\/autosdelpodio.com\/autos\/habra-expo-automotor-2024\/#respond"]}]},{"@type":"WebPage","@id":"http:\/\/autosdelpodio.com\/autos\/habra-expo-automotor-2024\/","url":"http:\/\/autosdelpodio.com\/autos\/habra-expo-automotor-2024\/","name":"Autos del Podio | Habr\u00e1 Expo Automotor 2024","isPartOf":{"@id":"http:\/\/autosdelpodio.com\/autos\/#website"},"primaryImageOfPage":{"@id":"http:\/\/autosdelpodio.com\/autos\/habra-expo-automotor-2024\/#primaryimage"},"image":{"@id":"http:\/\/autosdelpodio.com\/autos\/habra-expo-automotor-2024\/#primaryimage"},"thumbnailUrl":"http:\/\/autosdelpodio.com\/autos\/wp-content\/uploads\/2024\/06\/Escuela-Tecnica-N\u00b035-Eduardo-Latzina.jpg","datePublished":"2024-06-23T00:21:52+00:00","dateModified":"2024-06-23T00:21:54+00:00","description":"Autos del Podio Desde 1986 se realiza la Expo-Automotor en la Escuela T\u00e9cnica N\u00b035 Eduardo Latzina","breadcrumb":{"@id":"http:\/\/autosdelpodio.com\/autos\/habra-expo-automotor-2024\/#breadcrumb"},"inLanguage":"es","potentialAction":[{"@type":"ReadAction","target":["http:\/\/autosdelpodio.com\/autos\/habra-expo-automotor-2024\/"]}]},{"@type":"ImageObject","inLanguage":"es","@id":"http:\/\/autosdelpodio.com\/autos\/habra-expo-automotor-2024\/#primaryimage","url":"http:\/\/autosdelpodio.com\/autos\/wp-content\/uploads\/2024\/06\/Escuela-Tecnica-N\u00b035-Eduardo-Latzina.jpg","contentUrl":"http:\/\/autosdelpodio.com\/autos\/wp-content\/uploads\/2024\/06\/Escuela-Tecnica-N\u00b035-Eduardo-Latzina.jpg","width":500,"height":325,"caption":"Escuela T\u00e9cnica N\u00b035 Eduardo Latzina"},{"@type":"BreadcrumbList","@id":"http:\/\/autosdelpodio.com\/autos\/habra-expo-automotor-2024\/#breadcrumb","itemListElement":[{"@type":"ListItem","position":1,"name":"Portada","item":"http:\/\/autosdelpodio.com\/autos\/"},{"@type":"ListItem","position":2,"name":"Habr\u00e1 Expo Automotor 2024"}]},{"@type":"WebSite","@id":"http:\/\/autosdelpodio.com\/autos\/#website","url":"http:\/\/autosdelpodio.com\/autos\/","name":"Autos del Podio","description":"La sexta del deporte motor","publisher":{"@id":"http:\/\/autosdelpodio.com\/autos\/#organization"},"potentialAction":[{"@type":"SearchAction","target":{"@type":"EntryPoint","urlTemplate":"http:\/\/autosdelpodio.com\/autos\/?s={search_term_string}"},"query-input":{"@type":"PropertyValueSpecification","valueRequired":true,"valueName":"search_term_string"}}],"inLanguage":"es"},{"@type":"Organization","@id":"http:\/\/autosdelpodio.com\/autos\/#organization","name":"Autos del Podio","url":"http:\/\/autosdelpodio.com\/autos\/","logo":{"@type":"ImageObject","inLanguage":"es","@id":"http:\/\/autosdelpodio.com\/autos\/#\/schema\/logo\/image\/","url":"http:\/\/autosdelpodio.com\/autos\/wp-content\/uploads\/2020\/08\/Logo_AR.jpg","contentUrl":"http:\/\/autosdelpodio.com\/autos\/wp-content\/uploads\/2020\/08\/Logo_AR.jpg","width":1038,"height":1044,"caption":"Autos del Podio"},"image":{"@id":"http:\/\/autosdelpodio.com\/autos\/#\/schema\/logo\/image\/"},"sameAs":["https:\/\/www.facebook.com\/profile.php?id=100057192590976&amp;amp;amp;amp;amp;amp;amp;amp;amp;amp;amp;amp;amp;amp;amp;amp;amp;amp;ref=ts","https:\/\/x.com\/autosdelpodio","https:\/\/www.youtube.com\/user\/AutosdelPodio"]},{"@type":"Person","@id":"http:\/\/autosdelpodio.com\/autos\/#\/schema\/person\/993527a4d01c3acdd3d6bce3770bc942","name":"autosdelpodio","image":{"@type":"ImageObject","inLanguage":"es","@id":"http:\/\/autosdelpodio.com\/autos\/wp-content\/litespeed\/avatar\/aa8f65cd201a80f6b844f63278aa84af.jpg?ver=1776798175","url":"http:\/\/autosdelpodio.com\/autos\/wp-content\/litespeed\/avatar\/aa8f65cd201a80f6b844f63278aa84af.jpg?ver=1776798175","contentUrl":"http:\/\/autosdelpodio.com\/autos\/wp-content\/litespeed\/avatar\/aa8f65cd201a80f6b844f63278aa84af.jpg?ver=1776798175","caption":"autosdelpodio"}}]}},"views":326,"_links":{"self":[{"href":"http:\/\/autosdelpodio.com\/autos\/wp-json\/wp\/v2\/posts\/7729","targetHints":{"allow":["GET"]}}],"collection":[{"href":"http:\/\/autosdelpodio.com\/autos\/wp-json\/wp\/v2\/posts"}],"about":[{"href":"http:\/\/autosdelpodio.com\/autos\/wp-json\/wp\/v2\/types\/post"}],"author":[{"embeddable":true,"href":"http:\/\/autosdelpodio.com\/autos\/wp-json\/wp\/v2\/users\/3"}],"replies":[{"embeddable":true,"href":"http:\/\/autosdelpodio.com\/autos\/wp-json\/wp\/v2\/comments?post=7729"}],"version-history":[{"count":3,"href":"http:\/\/autosdelpodio.com\/autos\/wp-json\/wp\/v2\/posts\/7729\/revisions"}],"predecessor-version":[{"id":7733,"href":"http:\/\/autosdelpodio.com\/autos\/wp-json\/wp\/v2\/posts\/7729\/revisions\/7733"}],"wp:featuredmedia":[{"embeddable":true,"href":"http:\/\/autosdelpodio.com\/autos\/wp-json\/wp\/v2\/media\/7731"}],"wp:attachment":[{"href":"http:\/\/autosdelpodio.com\/autos\/wp-json\/wp\/v2\/media?parent=7729"}],"wp:term":[{"taxonomy":"category","embeddable":true,"href":"http:\/\/autosdelpodio.com\/autos\/wp-json\/wp\/v2\/categories?post=7729"},{"taxonomy":"post_tag","embeddable":true,"href":"http:\/\/autosdelpodio.com\/autos\/wp-json\/wp\/v2\/tags?post=7729"}],"curies":[{"name":"wp","href":"https:\/\/api.w.org\/{rel}","templated":true}]}}