{"id":7763,"date":"2024-07-05T11:41:54","date_gmt":"2024-07-05T14:41:54","guid":{"rendered":"http:\/\/autosdelpodio.com\/autos\/?p=7763"},"modified":"2024-07-05T11:41:57","modified_gmt":"2024-07-05T14:41:57","slug":"volkswagen-argentina-ya-produce-la-nueva-amarok","status":"publish","type":"post","link":"http:\/\/autosdelpodio.com\/autos\/volkswagen-argentina-ya-produce-la-nueva-amarok\/","title":{"rendered":"Volkswagen Argentina ya produce la nueva Amarok"},"content":{"rendered":"\n<p>La ic\u00f3nica pick-up de Volkswagen comenz\u00f3 a producirse en 2009 en el Centro Industrial Pacheco. El CIP fue seleccionado entre las 122 plantas productivas en el mundo para fabricar la primera MSPU del grupo a nivel global. Se produjeron versiones con diversas configuraciones, que incluyeron cabina simple y cabina doble, motorizaciones de 2.0 y 3.0 litros, transmisiones manuales y autom\u00e1ticas, y decenas de versiones de equipamiento adaptadas a todas las necesidades. Tambi\u00e9n se han fabricado m\u00e1s de 120.000 unidades con volante a la derecha, que han sido destinadas a mercados en Ocean\u00eda, \u00c1frica y Am\u00e9rica Central.<\/p>\n\n\n\n<p>En 2016 se present\u00f3 la segunda generaci\u00f3n de Amarok que profundiz\u00f3 el \u00e9xito de su antecesora. Esa versi\u00f3n introdujo las variantes V6, la motorizaci\u00f3n m\u00e1s potente en comercializarse en el mercado local (en pick-ups medianas) y que coloc\u00f3 a la Volkswagen Amarok en un lugar de privilegio.<\/p>\n\n\n\n<p>La llegada de la nueva Amarok, 15 a\u00f1os despu\u00e9s del lanzamiento de su primera generaci\u00f3n, representa todo un hito para la historia de la pick-up. Volkswagen Group Argentina contin\u00faa afianzando su compromiso con el pa\u00eds, con un ADN productor y exportador con m\u00e1s de 44 a\u00f1os de presencia en el pa\u00eds.<\/p>\n\n\n\n<p><em>Fuente: prensa Volkswagen Group Argentina<\/em><\/p>\n","protected":false},"excerpt":{"rendered":"<p>La ic\u00f3nica pick-up de Volkswagen comenz\u00f3 a producirse en 2009 en el Centro Industrial Pacheco. El CIP fue seleccionado entre<\/p>\n","protected":false},"author":3,"featured_media":7764,"comment_status":"open","ping_status":"open","sticky":false,"template":"","format":"standard","meta":{"colormag_page_container_layout":"default_layout","colormag_page_sidebar_layout":"default_layout","footnotes":""},"categories":[6,5],"tags":[494,535,32,208,35,90,783],"class_list":["post-7763","post","type-post","status-publish","format-standard","has-post-thumbnail","hentry","category-newsflash","category-latest-news","tag-0km","tag-centro-industrial-pacheco","tag-industria-automotriz","tag-produccion","tag-republica-argentina","tag-volkswagen","tag-vw-amarok"],"yoast_head":"<!-- This site is optimized with the Yoast SEO plugin v27.5 - https:\/\/yoast.com\/product\/yoast-seo-wordpress\/ -->\n<title>Autos del Podio | Volkswagen Argentina ya produce la nueva Amarok<\/title>\n<meta name=\"description\" content=\"Autos del Podio Desde su lanzamiento se han fabricado m\u00e1s de 740.000 unidades de VW Amarok, de las cuales el 65 % se ha destinado a mercados de exportaci\u00f3n.\" \/>\n<meta name=\"robots\" content=\"index, follow, max-snippet:-1, max-image-preview:large, max-video-preview:-1\" \/>\n<link rel=\"canonical\" href=\"http:\/\/autosdelpodio.com\/autos\/volkswagen-argentina-ya-produce-la-nueva-amarok\/\" \/>\n<meta property=\"og:locale\" content=\"es_ES\" \/>\n<meta property=\"og:type\" content=\"article\" \/>\n<meta property=\"og:title\" content=\"Autos del Podio | Volkswagen Argentina ya produce la nueva Amarok\" \/>\n<meta property=\"og:description\" content=\"Autos del Podio Desde su lanzamiento se han fabricado m\u00e1s de 740.000 unidades de VW Amarok, de las cuales el 65 % se ha destinado a mercados de exportaci\u00f3n.\" \/>\n<meta property=\"og:url\" content=\"http:\/\/autosdelpodio.com\/autos\/volkswagen-argentina-ya-produce-la-nueva-amarok\/\" \/>\n<meta property=\"og:site_name\" content=\"Autos del Podio\" \/>\n<meta property=\"article:publisher\" content=\"https:\/\/www.facebook.com\/profile.php?id=100057192590976&amp;amp%3bamp%3bamp%3bamp%3bamp%3bamp%3bamp%3bamp%3bamp%3bamp%3bamp%3bamp%3bamp%3bamp%3bamp%3bamp%3bamp%3bamp%3bref=ts\" \/>\n<meta property=\"article:published_time\" content=\"2024-07-05T14:41:54+00:00\" \/>\n<meta property=\"article:modified_time\" content=\"2024-07-05T14:41:57+00:00\" \/>\n<meta property=\"og:image\" content=\"http:\/\/autosdelpodio.com\/autos\/wp-content\/uploads\/2024\/07\/VW_Amarok_2024.jpg\" \/>\n\t<meta property=\"og:image:width\" content=\"500\" \/>\n\t<meta property=\"og:image:height\" content=\"250\" \/>\n\t<meta property=\"og:image:type\" content=\"image\/jpeg\" \/>\n<meta name=\"author\" content=\"autosdelpodio\" \/>\n<meta name=\"twitter:card\" content=\"summary_large_image\" \/>\n<meta name=\"twitter:creator\" content=\"@autosdelpodio\" \/>\n<meta name=\"twitter:site\" content=\"@autosdelpodio\" \/>\n<meta name=\"twitter:label1\" content=\"Escrito por\" \/>\n\t<meta name=\"twitter:data1\" content=\"autosdelpodio\" \/>\n\t<meta name=\"twitter:label2\" content=\"Tiempo de lectura\" \/>\n\t<meta name=\"twitter:data2\" content=\"2 minutos\" \/>\n<script type=\"application\/ld+json\" class=\"yoast-schema-graph\">{\"@context\":\"https:\\\/\\\/schema.org\",\"@graph\":[{\"@type\":\"Article\",\"@id\":\"http:\\\/\\\/autosdelpodio.com\\\/autos\\\/volkswagen-argentina-ya-produce-la-nueva-amarok\\\/#article\",\"isPartOf\":{\"@id\":\"http:\\\/\\\/autosdelpodio.com\\\/autos\\\/volkswagen-argentina-ya-produce-la-nueva-amarok\\\/\"},\"author\":{\"name\":\"autosdelpodio\",\"@id\":\"http:\\\/\\\/autosdelpodio.com\\\/autos\\\/#\\\/schema\\\/person\\\/993527a4d01c3acdd3d6bce3770bc942\"},\"headline\":\"Volkswagen Argentina ya produce la nueva Amarok\",\"datePublished\":\"2024-07-05T14:41:54+00:00\",\"dateModified\":\"2024-07-05T14:41:57+00:00\",\"mainEntityOfPage\":{\"@id\":\"http:\\\/\\\/autosdelpodio.com\\\/autos\\\/volkswagen-argentina-ya-produce-la-nueva-amarok\\\/\"},\"wordCount\":216,\"commentCount\":0,\"publisher\":{\"@id\":\"http:\\\/\\\/autosdelpodio.com\\\/autos\\\/#organization\"},\"image\":{\"@id\":\"http:\\\/\\\/autosdelpodio.com\\\/autos\\\/volkswagen-argentina-ya-produce-la-nueva-amarok\\\/#primaryimage\"},\"thumbnailUrl\":\"http:\\\/\\\/autosdelpodio.com\\\/autos\\\/wp-content\\\/uploads\\\/2024\\\/07\\\/VW_Amarok_2024.jpg\",\"keywords\":[\"0Km\",\"Centro Industrial Pacheco\",\"Industria Automotriz\",\"Producci\u00f3n\",\"Republica Argentina\",\"Volkswagen\",\"VW Amarok\"],\"articleSection\":[\"Destacado\",\"\u00daltimas noticias\"],\"inLanguage\":\"es\",\"potentialAction\":[{\"@type\":\"CommentAction\",\"name\":\"Comment\",\"target\":[\"http:\\\/\\\/autosdelpodio.com\\\/autos\\\/volkswagen-argentina-ya-produce-la-nueva-amarok\\\/#respond\"]}]},{\"@type\":\"WebPage\",\"@id\":\"http:\\\/\\\/autosdelpodio.com\\\/autos\\\/volkswagen-argentina-ya-produce-la-nueva-amarok\\\/\",\"url\":\"http:\\\/\\\/autosdelpodio.com\\\/autos\\\/volkswagen-argentina-ya-produce-la-nueva-amarok\\\/\",\"name\":\"Autos del Podio | Volkswagen Argentina ya produce la nueva Amarok\",\"isPartOf\":{\"@id\":\"http:\\\/\\\/autosdelpodio.com\\\/autos\\\/#website\"},\"primaryImageOfPage\":{\"@id\":\"http:\\\/\\\/autosdelpodio.com\\\/autos\\\/volkswagen-argentina-ya-produce-la-nueva-amarok\\\/#primaryimage\"},\"image\":{\"@id\":\"http:\\\/\\\/autosdelpodio.com\\\/autos\\\/volkswagen-argentina-ya-produce-la-nueva-amarok\\\/#primaryimage\"},\"thumbnailUrl\":\"http:\\\/\\\/autosdelpodio.com\\\/autos\\\/wp-content\\\/uploads\\\/2024\\\/07\\\/VW_Amarok_2024.jpg\",\"datePublished\":\"2024-07-05T14:41:54+00:00\",\"dateModified\":\"2024-07-05T14:41:57+00:00\",\"description\":\"Autos del Podio Desde su lanzamiento se han fabricado m\u00e1s de 740.000 unidades de VW Amarok, de las cuales el 65 % se ha destinado a mercados de exportaci\u00f3n.\",\"breadcrumb\":{\"@id\":\"http:\\\/\\\/autosdelpodio.com\\\/autos\\\/volkswagen-argentina-ya-produce-la-nueva-amarok\\\/#breadcrumb\"},\"inLanguage\":\"es\",\"potentialAction\":[{\"@type\":\"ReadAction\",\"target\":[\"http:\\\/\\\/autosdelpodio.com\\\/autos\\\/volkswagen-argentina-ya-produce-la-nueva-amarok\\\/\"]}]},{\"@type\":\"ImageObject\",\"inLanguage\":\"es\",\"@id\":\"http:\\\/\\\/autosdelpodio.com\\\/autos\\\/volkswagen-argentina-ya-produce-la-nueva-amarok\\\/#primaryimage\",\"url\":\"http:\\\/\\\/autosdelpodio.com\\\/autos\\\/wp-content\\\/uploads\\\/2024\\\/07\\\/VW_Amarok_2024.jpg\",\"contentUrl\":\"http:\\\/\\\/autosdelpodio.com\\\/autos\\\/wp-content\\\/uploads\\\/2024\\\/07\\\/VW_Amarok_2024.jpg\",\"width\":500,\"height\":250,\"caption\":\"VW Amarok\"},{\"@type\":\"BreadcrumbList\",\"@id\":\"http:\\\/\\\/autosdelpodio.com\\\/autos\\\/volkswagen-argentina-ya-produce-la-nueva-amarok\\\/#breadcrumb\",\"itemListElement\":[{\"@type\":\"ListItem\",\"position\":1,\"name\":\"Portada\",\"item\":\"http:\\\/\\\/autosdelpodio.com\\\/autos\\\/\"},{\"@type\":\"ListItem\",\"position\":2,\"name\":\"Volkswagen Argentina ya produce la nueva Amarok\"}]},{\"@type\":\"WebSite\",\"@id\":\"http:\\\/\\\/autosdelpodio.com\\\/autos\\\/#website\",\"url\":\"http:\\\/\\\/autosdelpodio.com\\\/autos\\\/\",\"name\":\"Autos del Podio\",\"description\":\"La sexta del deporte motor\",\"publisher\":{\"@id\":\"http:\\\/\\\/autosdelpodio.com\\\/autos\\\/#organization\"},\"potentialAction\":[{\"@type\":\"SearchAction\",\"target\":{\"@type\":\"EntryPoint\",\"urlTemplate\":\"http:\\\/\\\/autosdelpodio.com\\\/autos\\\/?s={search_term_string}\"},\"query-input\":{\"@type\":\"PropertyValueSpecification\",\"valueRequired\":true,\"valueName\":\"search_term_string\"}}],\"inLanguage\":\"es\"},{\"@type\":\"Organization\",\"@id\":\"http:\\\/\\\/autosdelpodio.com\\\/autos\\\/#organization\",\"name\":\"Autos del Podio\",\"url\":\"http:\\\/\\\/autosdelpodio.com\\\/autos\\\/\",\"logo\":{\"@type\":\"ImageObject\",\"inLanguage\":\"es\",\"@id\":\"http:\\\/\\\/autosdelpodio.com\\\/autos\\\/#\\\/schema\\\/logo\\\/image\\\/\",\"url\":\"http:\\\/\\\/autosdelpodio.com\\\/autos\\\/wp-content\\\/uploads\\\/2020\\\/08\\\/Logo_AR.jpg\",\"contentUrl\":\"http:\\\/\\\/autosdelpodio.com\\\/autos\\\/wp-content\\\/uploads\\\/2020\\\/08\\\/Logo_AR.jpg\",\"width\":1038,\"height\":1044,\"caption\":\"Autos del Podio\"},\"image\":{\"@id\":\"http:\\\/\\\/autosdelpodio.com\\\/autos\\\/#\\\/schema\\\/logo\\\/image\\\/\"},\"sameAs\":[\"https:\\\/\\\/www.facebook.com\\\/profile.php?id=100057192590976&amp;amp;amp;amp;amp;amp;amp;amp;amp;amp;amp;amp;amp;amp;amp;amp;amp;amp;ref=ts\",\"https:\\\/\\\/x.com\\\/autosdelpodio\",\"https:\\\/\\\/www.youtube.com\\\/user\\\/AutosdelPodio\"]},{\"@type\":\"Person\",\"@id\":\"http:\\\/\\\/autosdelpodio.com\\\/autos\\\/#\\\/schema\\\/person\\\/993527a4d01c3acdd3d6bce3770bc942\",\"name\":\"autosdelpodio\",\"image\":{\"@type\":\"ImageObject\",\"inLanguage\":\"es\",\"@id\":\"http:\\\/\\\/autosdelpodio.com\\\/autos\\\/wp-content\\\/litespeed\\\/avatar\\\/aa8f65cd201a80f6b844f63278aa84af.jpg?ver=1777403005\",\"url\":\"http:\\\/\\\/autosdelpodio.com\\\/autos\\\/wp-content\\\/litespeed\\\/avatar\\\/aa8f65cd201a80f6b844f63278aa84af.jpg?ver=1777403005\",\"contentUrl\":\"http:\\\/\\\/autosdelpodio.com\\\/autos\\\/wp-content\\\/litespeed\\\/avatar\\\/aa8f65cd201a80f6b844f63278aa84af.jpg?ver=1777403005\",\"caption\":\"autosdelpodio\"}}]}<\/script>\n<!-- \/ Yoast SEO plugin. -->","yoast_head_json":{"title":"Autos del Podio | Volkswagen Argentina ya produce la nueva Amarok","description":"Autos del Podio Desde su lanzamiento se han fabricado m\u00e1s de 740.000 unidades de VW Amarok, de las cuales el 65 % se ha destinado a mercados de exportaci\u00f3n.","robots":{"index":"index","follow":"follow","max-snippet":"max-snippet:-1","max-image-preview":"max-image-preview:large","max-video-preview":"max-video-preview:-1"},"canonical":"http:\/\/autosdelpodio.com\/autos\/volkswagen-argentina-ya-produce-la-nueva-amarok\/","og_locale":"es_ES","og_type":"article","og_title":"Autos del Podio | Volkswagen Argentina ya produce la nueva Amarok","og_description":"Autos del Podio Desde su lanzamiento se han fabricado m\u00e1s de 740.000 unidades de VW Amarok, de las cuales el 65 % se ha destinado a mercados de exportaci\u00f3n.","og_url":"http:\/\/autosdelpodio.com\/autos\/volkswagen-argentina-ya-produce-la-nueva-amarok\/","og_site_name":"Autos del Podio","article_publisher":"https:\/\/www.facebook.com\/profile.php?id=100057192590976&amp%3bamp%3bamp%3bamp%3bamp%3bamp%3bamp%3bamp%3bamp%3bamp%3bamp%3bamp%3bamp%3bamp%3bamp%3bamp%3bamp%3bamp%3bref=ts","article_published_time":"2024-07-05T14:41:54+00:00","article_modified_time":"2024-07-05T14:41:57+00:00","og_image":[{"width":500,"height":250,"url":"http:\/\/autosdelpodio.com\/autos\/wp-content\/uploads\/2024\/07\/VW_Amarok_2024.jpg","type":"image\/jpeg"}],"author":"autosdelpodio","twitter_card":"summary_large_image","twitter_creator":"@autosdelpodio","twitter_site":"@autosdelpodio","twitter_misc":{"Escrito por":"autosdelpodio","Tiempo de lectura":"2 minutos"},"schema":{"@context":"https:\/\/schema.org","@graph":[{"@type":"Article","@id":"http:\/\/autosdelpodio.com\/autos\/volkswagen-argentina-ya-produce-la-nueva-amarok\/#article","isPartOf":{"@id":"http:\/\/autosdelpodio.com\/autos\/volkswagen-argentina-ya-produce-la-nueva-amarok\/"},"author":{"name":"autosdelpodio","@id":"http:\/\/autosdelpodio.com\/autos\/#\/schema\/person\/993527a4d01c3acdd3d6bce3770bc942"},"headline":"Volkswagen Argentina ya produce la nueva Amarok","datePublished":"2024-07-05T14:41:54+00:00","dateModified":"2024-07-05T14:41:57+00:00","mainEntityOfPage":{"@id":"http:\/\/autosdelpodio.com\/autos\/volkswagen-argentina-ya-produce-la-nueva-amarok\/"},"wordCount":216,"commentCount":0,"publisher":{"@id":"http:\/\/autosdelpodio.com\/autos\/#organization"},"image":{"@id":"http:\/\/autosdelpodio.com\/autos\/volkswagen-argentina-ya-produce-la-nueva-amarok\/#primaryimage"},"thumbnailUrl":"http:\/\/autosdelpodio.com\/autos\/wp-content\/uploads\/2024\/07\/VW_Amarok_2024.jpg","keywords":["0Km","Centro Industrial Pacheco","Industria Automotriz","Producci\u00f3n","Republica Argentina","Volkswagen","VW Amarok"],"articleSection":["Destacado","\u00daltimas noticias"],"inLanguage":"es","potentialAction":[{"@type":"CommentAction","name":"Comment","target":["http:\/\/autosdelpodio.com\/autos\/volkswagen-argentina-ya-produce-la-nueva-amarok\/#respond"]}]},{"@type":"WebPage","@id":"http:\/\/autosdelpodio.com\/autos\/volkswagen-argentina-ya-produce-la-nueva-amarok\/","url":"http:\/\/autosdelpodio.com\/autos\/volkswagen-argentina-ya-produce-la-nueva-amarok\/","name":"Autos del Podio | Volkswagen Argentina ya produce la nueva Amarok","isPartOf":{"@id":"http:\/\/autosdelpodio.com\/autos\/#website"},"primaryImageOfPage":{"@id":"http:\/\/autosdelpodio.com\/autos\/volkswagen-argentina-ya-produce-la-nueva-amarok\/#primaryimage"},"image":{"@id":"http:\/\/autosdelpodio.com\/autos\/volkswagen-argentina-ya-produce-la-nueva-amarok\/#primaryimage"},"thumbnailUrl":"http:\/\/autosdelpodio.com\/autos\/wp-content\/uploads\/2024\/07\/VW_Amarok_2024.jpg","datePublished":"2024-07-05T14:41:54+00:00","dateModified":"2024-07-05T14:41:57+00:00","description":"Autos del Podio Desde su lanzamiento se han fabricado m\u00e1s de 740.000 unidades de VW Amarok, de las cuales el 65 % se ha destinado a mercados de exportaci\u00f3n.","breadcrumb":{"@id":"http:\/\/autosdelpodio.com\/autos\/volkswagen-argentina-ya-produce-la-nueva-amarok\/#breadcrumb"},"inLanguage":"es","potentialAction":[{"@type":"ReadAction","target":["http:\/\/autosdelpodio.com\/autos\/volkswagen-argentina-ya-produce-la-nueva-amarok\/"]}]},{"@type":"ImageObject","inLanguage":"es","@id":"http:\/\/autosdelpodio.com\/autos\/volkswagen-argentina-ya-produce-la-nueva-amarok\/#primaryimage","url":"http:\/\/autosdelpodio.com\/autos\/wp-content\/uploads\/2024\/07\/VW_Amarok_2024.jpg","contentUrl":"http:\/\/autosdelpodio.com\/autos\/wp-content\/uploads\/2024\/07\/VW_Amarok_2024.jpg","width":500,"height":250,"caption":"VW Amarok"},{"@type":"BreadcrumbList","@id":"http:\/\/autosdelpodio.com\/autos\/volkswagen-argentina-ya-produce-la-nueva-amarok\/#breadcrumb","itemListElement":[{"@type":"ListItem","position":1,"name":"Portada","item":"http:\/\/autosdelpodio.com\/autos\/"},{"@type":"ListItem","position":2,"name":"Volkswagen Argentina ya produce la nueva Amarok"}]},{"@type":"WebSite","@id":"http:\/\/autosdelpodio.com\/autos\/#website","url":"http:\/\/autosdelpodio.com\/autos\/","name":"Autos del Podio","description":"La sexta del deporte motor","publisher":{"@id":"http:\/\/autosdelpodio.com\/autos\/#organization"},"potentialAction":[{"@type":"SearchAction","target":{"@type":"EntryPoint","urlTemplate":"http:\/\/autosdelpodio.com\/autos\/?s={search_term_string}"},"query-input":{"@type":"PropertyValueSpecification","valueRequired":true,"valueName":"search_term_string"}}],"inLanguage":"es"},{"@type":"Organization","@id":"http:\/\/autosdelpodio.com\/autos\/#organization","name":"Autos del Podio","url":"http:\/\/autosdelpodio.com\/autos\/","logo":{"@type":"ImageObject","inLanguage":"es","@id":"http:\/\/autosdelpodio.com\/autos\/#\/schema\/logo\/image\/","url":"http:\/\/autosdelpodio.com\/autos\/wp-content\/uploads\/2020\/08\/Logo_AR.jpg","contentUrl":"http:\/\/autosdelpodio.com\/autos\/wp-content\/uploads\/2020\/08\/Logo_AR.jpg","width":1038,"height":1044,"caption":"Autos del Podio"},"image":{"@id":"http:\/\/autosdelpodio.com\/autos\/#\/schema\/logo\/image\/"},"sameAs":["https:\/\/www.facebook.com\/profile.php?id=100057192590976&amp;amp;amp;amp;amp;amp;amp;amp;amp;amp;amp;amp;amp;amp;amp;amp;amp;amp;ref=ts","https:\/\/x.com\/autosdelpodio","https:\/\/www.youtube.com\/user\/AutosdelPodio"]},{"@type":"Person","@id":"http:\/\/autosdelpodio.com\/autos\/#\/schema\/person\/993527a4d01c3acdd3d6bce3770bc942","name":"autosdelpodio","image":{"@type":"ImageObject","inLanguage":"es","@id":"http:\/\/autosdelpodio.com\/autos\/wp-content\/litespeed\/avatar\/aa8f65cd201a80f6b844f63278aa84af.jpg?ver=1777403005","url":"http:\/\/autosdelpodio.com\/autos\/wp-content\/litespeed\/avatar\/aa8f65cd201a80f6b844f63278aa84af.jpg?ver=1777403005","contentUrl":"http:\/\/autosdelpodio.com\/autos\/wp-content\/litespeed\/avatar\/aa8f65cd201a80f6b844f63278aa84af.jpg?ver=1777403005","caption":"autosdelpodio"}}]}},"views":399,"_links":{"self":[{"href":"http:\/\/autosdelpodio.com\/autos\/wp-json\/wp\/v2\/posts\/7763","targetHints":{"allow":["GET"]}}],"collection":[{"href":"http:\/\/autosdelpodio.com\/autos\/wp-json\/wp\/v2\/posts"}],"about":[{"href":"http:\/\/autosdelpodio.com\/autos\/wp-json\/wp\/v2\/types\/post"}],"author":[{"embeddable":true,"href":"http:\/\/autosdelpodio.com\/autos\/wp-json\/wp\/v2\/users\/3"}],"replies":[{"embeddable":true,"href":"http:\/\/autosdelpodio.com\/autos\/wp-json\/wp\/v2\/comments?post=7763"}],"version-history":[{"count":1,"href":"http:\/\/autosdelpodio.com\/autos\/wp-json\/wp\/v2\/posts\/7763\/revisions"}],"predecessor-version":[{"id":7765,"href":"http:\/\/autosdelpodio.com\/autos\/wp-json\/wp\/v2\/posts\/7763\/revisions\/7765"}],"wp:featuredmedia":[{"embeddable":true,"href":"http:\/\/autosdelpodio.com\/autos\/wp-json\/wp\/v2\/media\/7764"}],"wp:attachment":[{"href":"http:\/\/autosdelpodio.com\/autos\/wp-json\/wp\/v2\/media?parent=7763"}],"wp:term":[{"taxonomy":"category","embeddable":true,"href":"http:\/\/autosdelpodio.com\/autos\/wp-json\/wp\/v2\/categories?post=7763"},{"taxonomy":"post_tag","embeddable":true,"href":"http:\/\/autosdelpodio.com\/autos\/wp-json\/wp\/v2\/tags?post=7763"}],"curies":[{"name":"wp","href":"https:\/\/api.w.org\/{rel}","templated":true}]}}