{"id":7766,"date":"2024-07-07T16:03:09","date_gmt":"2024-07-07T19:03:09","guid":{"rendered":"http:\/\/autosdelpodio.com\/autos\/?p=7766"},"modified":"2024-07-07T16:04:49","modified_gmt":"2024-07-07T19:04:49","slug":"1-3-de-ford-con-nicky-a-la-vanguardia","status":"publish","type":"post","link":"http:\/\/autosdelpodio.com\/autos\/1-3-de-ford-con-nicky-a-la-vanguardia\/","title":{"rendered":"1-3 de Ford con Niki a la vanguardia"},"content":{"rendered":"\n<p>En su debut dentro del MV Racing, Nicolas Trosset gan\u00f3 la octava final del a\u00f1o en el Autodromo de Posadas.Marcos Quijada (Camaro) y el nuevo l\u00edder del torneo Manu Urcera, tambi\u00e9n con Mustang completaron el podio.<br>La final a 25 vueltas padeci\u00f3 varios golpes de escena debido a la condici\u00f3n de clima inestable y piso mojado que deriv\u00f3 en varias neutralizaciones, toques y abandonos de la cual el arrecife\u00f1o pudo salir airoso para consumar su segundo triunfo en el TC.<br>La pr\u00f3xima fecha se llevar\u00e1 a cabo el 27 y 28 de julio en el Circuito Internacional \u201cSan Juan-Villicum\u201d, correspondiente al \u201cDesaf\u00edo de las Estrellas\u201d.<\/p>\n\n\n\n<p><strong><em>Final TC &#8211; Misiones &#8211; Fecha 8<\/em><\/strong><\/p>\n\n\n\n<figure class=\"wp-block-table\"><table><tbody><tr><td>1\u00ba<\/td><td>TROSSET NICOL\u00c1S<\/td><td>FORD (MUSTANG)<\/td><td>48;16.729<\/td><\/tr><tr><td>2\u00ba<\/td><td>QUIJADA MARCOS<\/td><td>CHEVROLET (CAMARO)<\/td><td>3.468<\/td><\/tr><tr><td>3\u00ba<\/td><td>URCERA JOS\u00c9 MANUEL<\/td><td>FORD (MUSTANG)<\/td><td>7.783<\/td><\/tr><tr><td>4\u00ba<\/td><td>WERNER MARIANO<\/td><td>FORD (MUSTANG)<\/td><td>9.617<\/td><\/tr><tr><td>5\u00ba<\/td><td>MANGONI SANTIAGO<\/td><td>CHEVROLET<\/td><td>10.573<\/td><\/tr><tr><td>6\u00ba<\/td><td>RISATTI RICARDO<\/td><td>CHEVROLET (CAMARO)<\/td><td>10.947<\/td><\/tr><tr><td>7\u00ba<\/td><td>LAMBIRIS MAURICIO<\/td><td>FORD (MUSTANG)<\/td><td>12.001<\/td><\/tr><tr><td>8\u00ba<\/td><td>EBARL\u00cdN JUAN JOS\u00c9<\/td><td>CHEVROLET (CAMARO)<\/td><td>12.521<\/td><\/tr><tr><td>9\u00ba<\/td><td>AGUIRRE VALENT\u00cdN<\/td><td>CHEVROLET<\/td><td>14.928<\/td><\/tr><tr><td>10\u00ba<\/td><td>MAZZACANE GAST\u00d3N<\/td><td>CHEVROLET<\/td><td>19.748<\/td><\/tr><tr><td>11\u00ba<\/td><td>GINI ESTEBAN<\/td><td>TOYOTA<\/td><td>19.749<\/td><\/tr><tr><td>12\u00ba<\/td><td>TRUCCO JUAN MART\u00cdN<\/td><td>DODGE (CHALLENGER)<\/td><td>20.269<\/td><\/tr><tr><td>13\u00ba<\/td><td>JAKOS ANDR\u00c9S<\/td><td>TOYOTA<\/td><td>21.170<\/td><\/tr><tr><td>14\u00ba<\/td><td>MART\u00cdNEZ TOB\u00cdAS<\/td><td>TORINO (TORINO NG)<\/td><td>21.417<\/td><\/tr><tr><td>15\u00ba<\/td><td>CIANTINI DIEGO<\/td><td>CHEVROLET (CAMARO)<\/td><td>21.418<\/td><\/tr><tr><td>16\u00ba<\/td><td>BENVENUTI JUAN CRUZ<\/td><td>CHEVROLET (CAMARO)<\/td><td>23.183<\/td><\/tr><tr><td>17\u00ba<\/td><td>IRIBARNE FEDERICO<\/td><td>CHEVROLET (CAMARO)<\/td><td>24.941<\/td><\/tr><tr><td>18\u00ba<\/td><td>DE BENEDICTIS JUAN B.<\/td><td>FORD (MUSTANG)<\/td><td>25.187<\/td><\/tr><tr><td>19\u00ba<\/td><td>DE LA IGLESIA LAUTARO<\/td><td>DODGE<\/td><td>25.894<\/td><\/tr><tr><td>20\u00ba<\/td><td>LANDA MARCOS<\/td><td>TORINO<\/td><td>26.874<\/td><\/tr><tr><td>21\u00ba<\/td><td>CARINELLI AUGUSTO<\/td><td>DODGE<\/td><td>32.203<\/td><\/tr><tr><td>22\u00ba<\/td><td>MART\u00cdNEZ AGUST\u00cdN<\/td><td>FORD<\/td><td>36.653<\/td><\/tr><tr><td>23\u00ba<\/td><td>AGRELO MARCELO<\/td><td>DODGE<\/td><td>46.776<\/td><\/tr><tr><td>24\u00ba<\/td><td>CRAPARO ELIO<\/td><td>DODGE<\/td><td>1 VTA<\/td><\/tr><tr><td>25\u00ba<\/td><td>V\u00c1ZQUEZ MART\u00cdN<\/td><td>DODGE<\/td><td>1 VTA<\/td><\/tr><tr><td>26\u00ba<\/td><td>TODINO GERM\u00c1N<\/td><td>FORD (MUSTANG)<\/td><td>1 VTA<\/td><\/tr><tr><td>27\u00ba<\/td><td>CANDELA KEVIN<\/td><td>TORINO (TORINO NG)<\/td><td>1 VTA<\/td><\/tr><tr><td>28\u00ba<\/td><td>ARDUSSO FACUNDO<\/td><td>CHEVROLET<\/td><td>1 VTA<\/td><\/tr><tr><td>29\u00ba<\/td><td>CASTELLANO JONATAN<\/td><td>DODGE<\/td><td>1 VTA<\/td><\/tr><tr><td>30\u00ba<\/td><td>FONTANA NORBERTO<\/td><td>CHEVROLET<\/td><td>4 VTAS<\/td><\/tr><tr><td>31\u00ba<\/td><td>FRITZLER OTTO<\/td><td>DODGE<\/td><td>7 VTAS<\/td><\/tr><tr><td>32\u00ba<\/td><td>LEDESMA CHRISTIAN<\/td><td>CHEVROLET (CAMARO)<\/td><td>15 VTAS<\/td><\/tr><tr><td>33\u00ba<\/td><td>\u00c1LVAREZ SANTIAGO<\/td><td>DODGE<\/td><td>17 VTAS<\/td><\/tr><tr><td>34\u00ba<\/td><td>FERRANTE GAST\u00d3N<\/td><td>TOYOTA<\/td><td>20 VTAS<\/td><\/tr><tr><td>35\u00ba<\/td><td>ABELLA SEBASTI\u00c1N<\/td><td>TORINO<\/td><td>21 VTAS<\/td><\/tr><tr><td>36\u00ba<\/td><td>BONELLI NICOL\u00c1S<\/td><td>CHEVROLET (CHEVY)<\/td><td>22 VTAS<\/td><\/tr><tr><td>37\u00ba<\/td><td>SPATARO EMILIANO<\/td><td>FORD<\/td><td>22 VTAS<\/td><\/tr><tr><td>38\u00ba<\/td><td>CATAL\u00c1N MAGNI JUAN TOM\u00c1S<\/td><td>FORD<\/td><td>24 VTAS<\/td><\/tr><\/tbody><\/table><\/figure>\n\n\n\n<p><strong>PROMEDIO:&nbsp;<\/strong>135,774 km\/h.&nbsp;<strong>RECORD DE VUELTA:&nbsp;<\/strong>Trosset en la vta. 8 en 1:40.121 a 157,130 &nbsp;km\/h.&nbsp;<strong>EXCLUIDO<\/strong>: Juli\u00e1n Santero (Mustang), por recibir ayuda externa.&nbsp;<strong>RECARGADOS<\/strong>: Gini, por toque a Mazzacane, y Ciantini, por T. Mart\u00ednez.&nbsp;<strong>APERCIBIDOS<\/strong>: Spataro, por toque a Bonelli, y Ardusso, por toque a V\u00e1zquez.&nbsp;<strong>NO LARGARON<\/strong>: Facundo Chapur (Dodge) y Diego De Carlo (Chevrolet).<\/p>\n","protected":false},"excerpt":{"rendered":"<p>En su debut dentro del MV Racing, Nicolas Trosset gan\u00f3 la octava final del a\u00f1o en el Autodromo de Posadas.Marcos<\/p>\n","protected":false},"author":3,"featured_media":34,"comment_status":"open","ping_status":"open","sticky":false,"template":"","format":"standard","meta":{"colormag_page_container_layout":"default_layout","colormag_page_sidebar_layout":"default_layout","footnotes":""},"categories":[6,5],"tags":[585,83,241,546,355,39],"class_list":["post-7766","post","type-post","status-publish","format-standard","has-post-thumbnail","hentry","category-newsflash","category-latest-news","tag-autodromo-de-posadas","tag-ford","tag-misiones","tag-mustang","tag-nicolas-trosset","tag-turismo-carretera"],"yoast_head":"<!-- This site is optimized with the Yoast SEO plugin v27.4 - https:\/\/yoast.com\/product\/yoast-seo-wordpress\/ -->\n<title>Autos del Podio | 1-3 de Ford con Niki a la vanguardia<\/title>\n<meta name=\"description\" content=\"Autos del Podio Segundo triunfo en 111 carreras para Nico Trosset en el Turismo Carretera\" \/>\n<meta name=\"robots\" content=\"index, follow, max-snippet:-1, max-image-preview:large, max-video-preview:-1\" \/>\n<link rel=\"canonical\" href=\"http:\/\/autosdelpodio.com\/autos\/1-3-de-ford-con-nicky-a-la-vanguardia\/\" \/>\n<meta property=\"og:locale\" content=\"es_ES\" \/>\n<meta property=\"og:type\" content=\"article\" \/>\n<meta property=\"og:title\" content=\"Autos del Podio | 1-3 de Ford con Niki a la vanguardia\" \/>\n<meta property=\"og:description\" content=\"Autos del Podio Segundo triunfo en 111 carreras para Nico Trosset en el Turismo Carretera\" \/>\n<meta property=\"og:url\" content=\"http:\/\/autosdelpodio.com\/autos\/1-3-de-ford-con-nicky-a-la-vanguardia\/\" \/>\n<meta property=\"og:site_name\" content=\"Autos del Podio\" \/>\n<meta property=\"article:publisher\" content=\"https:\/\/www.facebook.com\/profile.php?id=100057192590976&amp;amp%3bamp%3bamp%3bamp%3bamp%3bamp%3bamp%3bamp%3bamp%3bamp%3bamp%3bamp%3bamp%3bamp%3bamp%3bamp%3bamp%3bamp%3bref=ts\" \/>\n<meta property=\"article:published_time\" content=\"2024-07-07T19:03:09+00:00\" \/>\n<meta property=\"article:modified_time\" content=\"2024-07-07T19:04:49+00:00\" \/>\n<meta property=\"og:image\" content=\"http:\/\/autosdelpodio.com\/autos\/wp-content\/uploads\/2010\/10\/fordnota.jpg\" \/>\n\t<meta property=\"og:image:width\" content=\"500\" \/>\n\t<meta property=\"og:image:height\" content=\"250\" \/>\n\t<meta property=\"og:image:type\" content=\"image\/jpeg\" \/>\n<meta name=\"author\" content=\"autosdelpodio\" \/>\n<meta name=\"twitter:card\" content=\"summary_large_image\" \/>\n<meta name=\"twitter:creator\" content=\"@autosdelpodio\" \/>\n<meta name=\"twitter:site\" content=\"@autosdelpodio\" \/>\n<meta name=\"twitter:label1\" content=\"Escrito por\" \/>\n\t<meta name=\"twitter:data1\" content=\"autosdelpodio\" \/>\n\t<meta name=\"twitter:label2\" content=\"Tiempo de lectura\" \/>\n\t<meta name=\"twitter:data2\" content=\"3 minutos\" \/>\n<script type=\"application\/ld+json\" class=\"yoast-schema-graph\">{\"@context\":\"https:\\\/\\\/schema.org\",\"@graph\":[{\"@type\":\"Article\",\"@id\":\"http:\\\/\\\/autosdelpodio.com\\\/autos\\\/1-3-de-ford-con-nicky-a-la-vanguardia\\\/#article\",\"isPartOf\":{\"@id\":\"http:\\\/\\\/autosdelpodio.com\\\/autos\\\/1-3-de-ford-con-nicky-a-la-vanguardia\\\/\"},\"author\":{\"name\":\"autosdelpodio\",\"@id\":\"http:\\\/\\\/autosdelpodio.com\\\/autos\\\/#\\\/schema\\\/person\\\/993527a4d01c3acdd3d6bce3770bc942\"},\"headline\":\"1-3 de Ford con Niki a la vanguardia\",\"datePublished\":\"2024-07-07T19:03:09+00:00\",\"dateModified\":\"2024-07-07T19:04:49+00:00\",\"mainEntityOfPage\":{\"@id\":\"http:\\\/\\\/autosdelpodio.com\\\/autos\\\/1-3-de-ford-con-nicky-a-la-vanguardia\\\/\"},\"wordCount\":366,\"commentCount\":0,\"publisher\":{\"@id\":\"http:\\\/\\\/autosdelpodio.com\\\/autos\\\/#organization\"},\"image\":{\"@id\":\"http:\\\/\\\/autosdelpodio.com\\\/autos\\\/1-3-de-ford-con-nicky-a-la-vanguardia\\\/#primaryimage\"},\"thumbnailUrl\":\"http:\\\/\\\/autosdelpodio.com\\\/autos\\\/wp-content\\\/uploads\\\/2010\\\/10\\\/fordnota.jpg\",\"keywords\":[\"Autodromo de Posadas\",\"Ford\",\"Misiones\",\"Mustang\",\"Nicol\u00e1s Trosset\",\"Turismo Carretera\"],\"articleSection\":[\"Destacado\",\"\u00daltimas noticias\"],\"inLanguage\":\"es\",\"potentialAction\":[{\"@type\":\"CommentAction\",\"name\":\"Comment\",\"target\":[\"http:\\\/\\\/autosdelpodio.com\\\/autos\\\/1-3-de-ford-con-nicky-a-la-vanguardia\\\/#respond\"]}]},{\"@type\":\"WebPage\",\"@id\":\"http:\\\/\\\/autosdelpodio.com\\\/autos\\\/1-3-de-ford-con-nicky-a-la-vanguardia\\\/\",\"url\":\"http:\\\/\\\/autosdelpodio.com\\\/autos\\\/1-3-de-ford-con-nicky-a-la-vanguardia\\\/\",\"name\":\"Autos del Podio | 1-3 de Ford con Niki a la vanguardia\",\"isPartOf\":{\"@id\":\"http:\\\/\\\/autosdelpodio.com\\\/autos\\\/#website\"},\"primaryImageOfPage\":{\"@id\":\"http:\\\/\\\/autosdelpodio.com\\\/autos\\\/1-3-de-ford-con-nicky-a-la-vanguardia\\\/#primaryimage\"},\"image\":{\"@id\":\"http:\\\/\\\/autosdelpodio.com\\\/autos\\\/1-3-de-ford-con-nicky-a-la-vanguardia\\\/#primaryimage\"},\"thumbnailUrl\":\"http:\\\/\\\/autosdelpodio.com\\\/autos\\\/wp-content\\\/uploads\\\/2010\\\/10\\\/fordnota.jpg\",\"datePublished\":\"2024-07-07T19:03:09+00:00\",\"dateModified\":\"2024-07-07T19:04:49+00:00\",\"description\":\"Autos del Podio Segundo triunfo en 111 carreras para Nico Trosset en el Turismo Carretera\",\"breadcrumb\":{\"@id\":\"http:\\\/\\\/autosdelpodio.com\\\/autos\\\/1-3-de-ford-con-nicky-a-la-vanguardia\\\/#breadcrumb\"},\"inLanguage\":\"es\",\"potentialAction\":[{\"@type\":\"ReadAction\",\"target\":[\"http:\\\/\\\/autosdelpodio.com\\\/autos\\\/1-3-de-ford-con-nicky-a-la-vanguardia\\\/\"]}]},{\"@type\":\"ImageObject\",\"inLanguage\":\"es\",\"@id\":\"http:\\\/\\\/autosdelpodio.com\\\/autos\\\/1-3-de-ford-con-nicky-a-la-vanguardia\\\/#primaryimage\",\"url\":\"http:\\\/\\\/autosdelpodio.com\\\/autos\\\/wp-content\\\/uploads\\\/2010\\\/10\\\/fordnota.jpg\",\"contentUrl\":\"http:\\\/\\\/autosdelpodio.com\\\/autos\\\/wp-content\\\/uploads\\\/2010\\\/10\\\/fordnota.jpg\",\"width\":500,\"height\":250},{\"@type\":\"BreadcrumbList\",\"@id\":\"http:\\\/\\\/autosdelpodio.com\\\/autos\\\/1-3-de-ford-con-nicky-a-la-vanguardia\\\/#breadcrumb\",\"itemListElement\":[{\"@type\":\"ListItem\",\"position\":1,\"name\":\"Portada\",\"item\":\"http:\\\/\\\/autosdelpodio.com\\\/autos\\\/\"},{\"@type\":\"ListItem\",\"position\":2,\"name\":\"1-3 de Ford con Niki a la vanguardia\"}]},{\"@type\":\"WebSite\",\"@id\":\"http:\\\/\\\/autosdelpodio.com\\\/autos\\\/#website\",\"url\":\"http:\\\/\\\/autosdelpodio.com\\\/autos\\\/\",\"name\":\"Autos del Podio\",\"description\":\"La sexta del deporte motor\",\"publisher\":{\"@id\":\"http:\\\/\\\/autosdelpodio.com\\\/autos\\\/#organization\"},\"potentialAction\":[{\"@type\":\"SearchAction\",\"target\":{\"@type\":\"EntryPoint\",\"urlTemplate\":\"http:\\\/\\\/autosdelpodio.com\\\/autos\\\/?s={search_term_string}\"},\"query-input\":{\"@type\":\"PropertyValueSpecification\",\"valueRequired\":true,\"valueName\":\"search_term_string\"}}],\"inLanguage\":\"es\"},{\"@type\":\"Organization\",\"@id\":\"http:\\\/\\\/autosdelpodio.com\\\/autos\\\/#organization\",\"name\":\"Autos del Podio\",\"url\":\"http:\\\/\\\/autosdelpodio.com\\\/autos\\\/\",\"logo\":{\"@type\":\"ImageObject\",\"inLanguage\":\"es\",\"@id\":\"http:\\\/\\\/autosdelpodio.com\\\/autos\\\/#\\\/schema\\\/logo\\\/image\\\/\",\"url\":\"http:\\\/\\\/autosdelpodio.com\\\/autos\\\/wp-content\\\/uploads\\\/2020\\\/08\\\/Logo_AR.jpg\",\"contentUrl\":\"http:\\\/\\\/autosdelpodio.com\\\/autos\\\/wp-content\\\/uploads\\\/2020\\\/08\\\/Logo_AR.jpg\",\"width\":1038,\"height\":1044,\"caption\":\"Autos del Podio\"},\"image\":{\"@id\":\"http:\\\/\\\/autosdelpodio.com\\\/autos\\\/#\\\/schema\\\/logo\\\/image\\\/\"},\"sameAs\":[\"https:\\\/\\\/www.facebook.com\\\/profile.php?id=100057192590976&amp;amp;amp;amp;amp;amp;amp;amp;amp;amp;amp;amp;amp;amp;amp;amp;amp;amp;ref=ts\",\"https:\\\/\\\/x.com\\\/autosdelpodio\",\"https:\\\/\\\/www.youtube.com\\\/user\\\/AutosdelPodio\"]},{\"@type\":\"Person\",\"@id\":\"http:\\\/\\\/autosdelpodio.com\\\/autos\\\/#\\\/schema\\\/person\\\/993527a4d01c3acdd3d6bce3770bc942\",\"name\":\"autosdelpodio\",\"image\":{\"@type\":\"ImageObject\",\"inLanguage\":\"es\",\"@id\":\"http:\\\/\\\/autosdelpodio.com\\\/autos\\\/wp-content\\\/litespeed\\\/avatar\\\/aa8f65cd201a80f6b844f63278aa84af.jpg?ver=1776798175\",\"url\":\"http:\\\/\\\/autosdelpodio.com\\\/autos\\\/wp-content\\\/litespeed\\\/avatar\\\/aa8f65cd201a80f6b844f63278aa84af.jpg?ver=1776798175\",\"contentUrl\":\"http:\\\/\\\/autosdelpodio.com\\\/autos\\\/wp-content\\\/litespeed\\\/avatar\\\/aa8f65cd201a80f6b844f63278aa84af.jpg?ver=1776798175\",\"caption\":\"autosdelpodio\"}}]}<\/script>\n<!-- \/ Yoast SEO plugin. -->","yoast_head_json":{"title":"Autos del Podio | 1-3 de Ford con Niki a la vanguardia","description":"Autos del Podio Segundo triunfo en 111 carreras para Nico Trosset en el Turismo Carretera","robots":{"index":"index","follow":"follow","max-snippet":"max-snippet:-1","max-image-preview":"max-image-preview:large","max-video-preview":"max-video-preview:-1"},"canonical":"http:\/\/autosdelpodio.com\/autos\/1-3-de-ford-con-nicky-a-la-vanguardia\/","og_locale":"es_ES","og_type":"article","og_title":"Autos del Podio | 1-3 de Ford con Niki a la vanguardia","og_description":"Autos del Podio Segundo triunfo en 111 carreras para Nico Trosset en el Turismo Carretera","og_url":"http:\/\/autosdelpodio.com\/autos\/1-3-de-ford-con-nicky-a-la-vanguardia\/","og_site_name":"Autos del Podio","article_publisher":"https:\/\/www.facebook.com\/profile.php?id=100057192590976&amp%3bamp%3bamp%3bamp%3bamp%3bamp%3bamp%3bamp%3bamp%3bamp%3bamp%3bamp%3bamp%3bamp%3bamp%3bamp%3bamp%3bamp%3bref=ts","article_published_time":"2024-07-07T19:03:09+00:00","article_modified_time":"2024-07-07T19:04:49+00:00","og_image":[{"width":500,"height":250,"url":"http:\/\/autosdelpodio.com\/autos\/wp-content\/uploads\/2010\/10\/fordnota.jpg","type":"image\/jpeg"}],"author":"autosdelpodio","twitter_card":"summary_large_image","twitter_creator":"@autosdelpodio","twitter_site":"@autosdelpodio","twitter_misc":{"Escrito por":"autosdelpodio","Tiempo de lectura":"3 minutos"},"schema":{"@context":"https:\/\/schema.org","@graph":[{"@type":"Article","@id":"http:\/\/autosdelpodio.com\/autos\/1-3-de-ford-con-nicky-a-la-vanguardia\/#article","isPartOf":{"@id":"http:\/\/autosdelpodio.com\/autos\/1-3-de-ford-con-nicky-a-la-vanguardia\/"},"author":{"name":"autosdelpodio","@id":"http:\/\/autosdelpodio.com\/autos\/#\/schema\/person\/993527a4d01c3acdd3d6bce3770bc942"},"headline":"1-3 de Ford con Niki a la vanguardia","datePublished":"2024-07-07T19:03:09+00:00","dateModified":"2024-07-07T19:04:49+00:00","mainEntityOfPage":{"@id":"http:\/\/autosdelpodio.com\/autos\/1-3-de-ford-con-nicky-a-la-vanguardia\/"},"wordCount":366,"commentCount":0,"publisher":{"@id":"http:\/\/autosdelpodio.com\/autos\/#organization"},"image":{"@id":"http:\/\/autosdelpodio.com\/autos\/1-3-de-ford-con-nicky-a-la-vanguardia\/#primaryimage"},"thumbnailUrl":"http:\/\/autosdelpodio.com\/autos\/wp-content\/uploads\/2010\/10\/fordnota.jpg","keywords":["Autodromo de Posadas","Ford","Misiones","Mustang","Nicol\u00e1s Trosset","Turismo Carretera"],"articleSection":["Destacado","\u00daltimas noticias"],"inLanguage":"es","potentialAction":[{"@type":"CommentAction","name":"Comment","target":["http:\/\/autosdelpodio.com\/autos\/1-3-de-ford-con-nicky-a-la-vanguardia\/#respond"]}]},{"@type":"WebPage","@id":"http:\/\/autosdelpodio.com\/autos\/1-3-de-ford-con-nicky-a-la-vanguardia\/","url":"http:\/\/autosdelpodio.com\/autos\/1-3-de-ford-con-nicky-a-la-vanguardia\/","name":"Autos del Podio | 1-3 de Ford con Niki a la vanguardia","isPartOf":{"@id":"http:\/\/autosdelpodio.com\/autos\/#website"},"primaryImageOfPage":{"@id":"http:\/\/autosdelpodio.com\/autos\/1-3-de-ford-con-nicky-a-la-vanguardia\/#primaryimage"},"image":{"@id":"http:\/\/autosdelpodio.com\/autos\/1-3-de-ford-con-nicky-a-la-vanguardia\/#primaryimage"},"thumbnailUrl":"http:\/\/autosdelpodio.com\/autos\/wp-content\/uploads\/2010\/10\/fordnota.jpg","datePublished":"2024-07-07T19:03:09+00:00","dateModified":"2024-07-07T19:04:49+00:00","description":"Autos del Podio Segundo triunfo en 111 carreras para Nico Trosset en el Turismo Carretera","breadcrumb":{"@id":"http:\/\/autosdelpodio.com\/autos\/1-3-de-ford-con-nicky-a-la-vanguardia\/#breadcrumb"},"inLanguage":"es","potentialAction":[{"@type":"ReadAction","target":["http:\/\/autosdelpodio.com\/autos\/1-3-de-ford-con-nicky-a-la-vanguardia\/"]}]},{"@type":"ImageObject","inLanguage":"es","@id":"http:\/\/autosdelpodio.com\/autos\/1-3-de-ford-con-nicky-a-la-vanguardia\/#primaryimage","url":"http:\/\/autosdelpodio.com\/autos\/wp-content\/uploads\/2010\/10\/fordnota.jpg","contentUrl":"http:\/\/autosdelpodio.com\/autos\/wp-content\/uploads\/2010\/10\/fordnota.jpg","width":500,"height":250},{"@type":"BreadcrumbList","@id":"http:\/\/autosdelpodio.com\/autos\/1-3-de-ford-con-nicky-a-la-vanguardia\/#breadcrumb","itemListElement":[{"@type":"ListItem","position":1,"name":"Portada","item":"http:\/\/autosdelpodio.com\/autos\/"},{"@type":"ListItem","position":2,"name":"1-3 de Ford con Niki a la vanguardia"}]},{"@type":"WebSite","@id":"http:\/\/autosdelpodio.com\/autos\/#website","url":"http:\/\/autosdelpodio.com\/autos\/","name":"Autos del Podio","description":"La sexta del deporte motor","publisher":{"@id":"http:\/\/autosdelpodio.com\/autos\/#organization"},"potentialAction":[{"@type":"SearchAction","target":{"@type":"EntryPoint","urlTemplate":"http:\/\/autosdelpodio.com\/autos\/?s={search_term_string}"},"query-input":{"@type":"PropertyValueSpecification","valueRequired":true,"valueName":"search_term_string"}}],"inLanguage":"es"},{"@type":"Organization","@id":"http:\/\/autosdelpodio.com\/autos\/#organization","name":"Autos del Podio","url":"http:\/\/autosdelpodio.com\/autos\/","logo":{"@type":"ImageObject","inLanguage":"es","@id":"http:\/\/autosdelpodio.com\/autos\/#\/schema\/logo\/image\/","url":"http:\/\/autosdelpodio.com\/autos\/wp-content\/uploads\/2020\/08\/Logo_AR.jpg","contentUrl":"http:\/\/autosdelpodio.com\/autos\/wp-content\/uploads\/2020\/08\/Logo_AR.jpg","width":1038,"height":1044,"caption":"Autos del Podio"},"image":{"@id":"http:\/\/autosdelpodio.com\/autos\/#\/schema\/logo\/image\/"},"sameAs":["https:\/\/www.facebook.com\/profile.php?id=100057192590976&amp;amp;amp;amp;amp;amp;amp;amp;amp;amp;amp;amp;amp;amp;amp;amp;amp;amp;ref=ts","https:\/\/x.com\/autosdelpodio","https:\/\/www.youtube.com\/user\/AutosdelPodio"]},{"@type":"Person","@id":"http:\/\/autosdelpodio.com\/autos\/#\/schema\/person\/993527a4d01c3acdd3d6bce3770bc942","name":"autosdelpodio","image":{"@type":"ImageObject","inLanguage":"es","@id":"http:\/\/autosdelpodio.com\/autos\/wp-content\/litespeed\/avatar\/aa8f65cd201a80f6b844f63278aa84af.jpg?ver=1776798175","url":"http:\/\/autosdelpodio.com\/autos\/wp-content\/litespeed\/avatar\/aa8f65cd201a80f6b844f63278aa84af.jpg?ver=1776798175","contentUrl":"http:\/\/autosdelpodio.com\/autos\/wp-content\/litespeed\/avatar\/aa8f65cd201a80f6b844f63278aa84af.jpg?ver=1776798175","caption":"autosdelpodio"}}]}},"views":281,"_links":{"self":[{"href":"http:\/\/autosdelpodio.com\/autos\/wp-json\/wp\/v2\/posts\/7766","targetHints":{"allow":["GET"]}}],"collection":[{"href":"http:\/\/autosdelpodio.com\/autos\/wp-json\/wp\/v2\/posts"}],"about":[{"href":"http:\/\/autosdelpodio.com\/autos\/wp-json\/wp\/v2\/types\/post"}],"author":[{"embeddable":true,"href":"http:\/\/autosdelpodio.com\/autos\/wp-json\/wp\/v2\/users\/3"}],"replies":[{"embeddable":true,"href":"http:\/\/autosdelpodio.com\/autos\/wp-json\/wp\/v2\/comments?post=7766"}],"version-history":[{"count":2,"href":"http:\/\/autosdelpodio.com\/autos\/wp-json\/wp\/v2\/posts\/7766\/revisions"}],"predecessor-version":[{"id":7768,"href":"http:\/\/autosdelpodio.com\/autos\/wp-json\/wp\/v2\/posts\/7766\/revisions\/7768"}],"wp:featuredmedia":[{"embeddable":true,"href":"http:\/\/autosdelpodio.com\/autos\/wp-json\/wp\/v2\/media\/34"}],"wp:attachment":[{"href":"http:\/\/autosdelpodio.com\/autos\/wp-json\/wp\/v2\/media?parent=7766"}],"wp:term":[{"taxonomy":"category","embeddable":true,"href":"http:\/\/autosdelpodio.com\/autos\/wp-json\/wp\/v2\/categories?post=7766"},{"taxonomy":"post_tag","embeddable":true,"href":"http:\/\/autosdelpodio.com\/autos\/wp-json\/wp\/v2\/tags?post=7766"}],"curies":[{"name":"wp","href":"https:\/\/api.w.org\/{rel}","templated":true}]}}