{"id":777,"date":"2013-07-18T12:11:13","date_gmt":"2013-07-18T12:11:13","guid":{"rendered":"http:\/\/autosdelpodio.com\/autos\/2013\/07\/18\/correr-en-europa-es-realmente-un-sueno\/"},"modified":"2013-07-18T12:11:13","modified_gmt":"2013-07-18T12:11:13","slug":"correr-en-europa-es-realmente-un-sueno","status":"publish","type":"post","link":"http:\/\/autosdelpodio.com\/autos\/correr-en-europa-es-realmente-un-sueno\/","title":{"rendered":"\u201cCorrer en Europa es realmente un sue\u00f1o\u201d"},"content":{"rendered":"<\/p>\n<p style=\"text-align: justify;\"><span style=\"line-height: 1.3em;\">El actual campe\u00f3n de TC Mauro Giallombardo confirm\u00f3 su presencia en los \u00ab1000 Kil\u00f3metros\u00bb de la categor\u00eda GT3 de la Blacpain Endurance Series.Lo har\u00e1 a bordo de una Ferrari en el mes de Septiembre. <\/span><\/p>\n<p>  <!--more-->  <\/p>\n<p><strong style=\"line-height: 1.3em; text-align: justify;\">_ \u00bfComo est\u00e1s para la carrera de Buenos Aires?<\/strong><\/p>\n<p style=\"text-align: justify;\"><span style=\"line-height: 1.3em;\">_Muy bien, creo que puedo llegar a tener un fin de semana importante.Reconozco que el Galvez no es mi fuerte, siempre me cost\u00f3 andar bien ah\u00ed, lo reconozco, pero voy a poner lo mejor de mi para revertirlo.<\/span><\/p>\n<p style=\"text-align: justify;\"><span style=\"line-height: 1.3em;\"><strong>_ \u00bfY como corres en funci\u00f3n del campeonato?<\/strong><\/span><\/p>\n<p style=\"text-align: justify;\"><span style=\"line-height: 1.3em;\">_ Como siempre, realmente estamos muy bien, punteros de la fase regular, ya hemos ganado una carrera, m\u00e1s no se puede pedir.<\/span><\/p>\n<p style=\"text-align: justify;\"><span style=\"line-height: 1.3em;\"><strong>_ Cuando surgi\u00f3 aquello de la sanci\u00f3n de la CAF, todo ello te pudo haber perjudicado, hoy con el diario del lunes, se puede decir que tomaste la decisi\u00f3n correcta.<\/strong><\/span><\/p>\n<p style=\"text-align: justify;\"><span style=\"line-height: 1.3em;\">_Nunca dud\u00e9 respecto a eso.Actu\u00e9 a conciencia, con la firme convicci\u00f3n de que me parec\u00eda injusto.Estaba convencido de que todo se iba a resolver favorablemente, hoy es un asunto cerrado, quiero mirar para adelante.<\/span><\/p>\n<p style=\"text-align: justify;\"><span style=\"line-height: 1.3em;\"><strong>_\u00bfHablando de futuro, est\u00e1 confirmada tu presencia en el en los 1000 Km. de Nurburgring en la categor\u00eda GT3?<\/strong><\/span><\/p>\n<p style=\"text-align: justify;\"><span style=\"line-height: 1.3em;\">_As\u00ed es.Voy a estar presente all\u00ed el fin de semana del 21 y 22 de septiembre, con una Ferrari que tiene casi 700 HP. Faltan cerrar algunos detalles.<\/span><\/p>\n<p style=\"text-align: justify;\"><span style=\"line-height: 1.3em;\"><strong>_ \u00bfQue m\u00e1s se puede contar?<\/strong><\/span><\/p>\n<p style=\"text-align: justify;\"><span style=\"line-height: 1.3em;\">_No mucho mas que eso por ahora, ya habr\u00e1 mas novedades.Lo que si puedo decirte es que estoy muy contento, lo que voy a vivir es realmente un sue\u00f1o.<\/span><\/p>\n<p style=\"text-align: justify;\"><span style=\"line-height: 1.3em;\">Cabe agregar, por lo que pudimos averiguar, que compartir\u00edan la Ferrari junto a Mauro los pilotos \u00a0Jos\u00e9 Manuel Balbiani y Alejandro Gonz\u00e1lez.<\/span><\/p>\n<p style=\"text-align: justify;\">Foto y texto: Autos del Podio<\/p>\n","protected":false},"excerpt":{"rendered":"<p>El actual campe\u00f3n de TC Mauro Giallombardo confirm\u00f3 su presencia en los \u00ab1000 Kil\u00f3metros\u00bb de la categor\u00eda GT3 de la<\/p>\n","protected":false},"author":1,"featured_media":776,"comment_status":"open","ping_status":"open","sticky":false,"template":"","format":"standard","meta":{"colormag_page_container_layout":"default_layout","colormag_page_sidebar_layout":"default_layout","footnotes":""},"categories":[17],"tags":[],"class_list":["post-777","post","type-post","status-publish","format-standard","has-post-thumbnail","hentry","category-entrevistas"],"yoast_head":"<!-- This site is optimized with the Yoast SEO plugin v27.5 - https:\/\/yoast.com\/product\/yoast-seo-wordpress\/ -->\n<title>Autos del Podio | \u201cCorrer en Europa es realmente un sue\u00f1o\u201d<\/title>\n<meta name=\"description\" content=\"Autos del Podio\" \/>\n<meta name=\"robots\" content=\"index, follow, max-snippet:-1, max-image-preview:large, max-video-preview:-1\" \/>\n<link rel=\"canonical\" href=\"http:\/\/autosdelpodio.com\/autos\/correr-en-europa-es-realmente-un-sueno\/\" \/>\n<meta property=\"og:locale\" content=\"es_ES\" \/>\n<meta property=\"og:type\" content=\"article\" \/>\n<meta property=\"og:title\" content=\"Autos del Podio | \u201cCorrer en Europa es realmente un sue\u00f1o\u201d\" \/>\n<meta property=\"og:description\" content=\"Autos del Podio\" \/>\n<meta property=\"og:url\" content=\"http:\/\/autosdelpodio.com\/autos\/correr-en-europa-es-realmente-un-sueno\/\" \/>\n<meta property=\"og:site_name\" content=\"Autos del Podio\" \/>\n<meta property=\"article:publisher\" content=\"https:\/\/www.facebook.com\/profile.php?id=100057192590976&amp;amp%3bamp%3bamp%3bamp%3bamp%3bamp%3bamp%3bamp%3bamp%3bamp%3bamp%3bamp%3bamp%3bamp%3bamp%3bamp%3bamp%3bamp%3bref=ts\" \/>\n<meta property=\"article:published_time\" content=\"2013-07-18T12:11:13+00:00\" \/>\n<meta property=\"og:image\" content=\"http:\/\/autosdelpodio.com\/autos\/wp-content\/uploads\/2013\/07\/mauro_giallomb_tc_2012.jpg\" \/>\n\t<meta property=\"og:image:width\" content=\"1565\" \/>\n\t<meta property=\"og:image:height\" content=\"1069\" \/>\n\t<meta property=\"og:image:type\" content=\"image\/jpeg\" \/>\n<meta name=\"author\" content=\"wi022230\" \/>\n<meta name=\"twitter:card\" content=\"summary_large_image\" \/>\n<meta name=\"twitter:creator\" content=\"@autosdelpodio\" \/>\n<meta name=\"twitter:site\" content=\"@autosdelpodio\" \/>\n<meta name=\"twitter:label1\" content=\"Escrito por\" \/>\n\t<meta name=\"twitter:data1\" content=\"wi022230\" \/>\n\t<meta name=\"twitter:label2\" content=\"Tiempo de lectura\" \/>\n\t<meta name=\"twitter:data2\" content=\"1 minuto\" \/>\n<script type=\"application\/ld+json\" class=\"yoast-schema-graph\">{\"@context\":\"https:\\\/\\\/schema.org\",\"@graph\":[{\"@type\":\"Article\",\"@id\":\"http:\\\/\\\/autosdelpodio.com\\\/autos\\\/correr-en-europa-es-realmente-un-sueno\\\/#article\",\"isPartOf\":{\"@id\":\"http:\\\/\\\/autosdelpodio.com\\\/autos\\\/correr-en-europa-es-realmente-un-sueno\\\/\"},\"author\":{\"name\":\"wi022230\",\"@id\":\"http:\\\/\\\/autosdelpodio.com\\\/autos\\\/#\\\/schema\\\/person\\\/e88353cabf768863fdf874e30120f3ba\"},\"headline\":\"\u201cCorrer en Europa es realmente un sue\u00f1o\u201d\",\"datePublished\":\"2013-07-18T12:11:13+00:00\",\"mainEntityOfPage\":{\"@id\":\"http:\\\/\\\/autosdelpodio.com\\\/autos\\\/correr-en-europa-es-realmente-un-sueno\\\/\"},\"wordCount\":304,\"commentCount\":0,\"publisher\":{\"@id\":\"http:\\\/\\\/autosdelpodio.com\\\/autos\\\/#organization\"},\"image\":{\"@id\":\"http:\\\/\\\/autosdelpodio.com\\\/autos\\\/correr-en-europa-es-realmente-un-sueno\\\/#primaryimage\"},\"thumbnailUrl\":\"http:\\\/\\\/autosdelpodio.com\\\/autos\\\/wp-content\\\/uploads\\\/2013\\\/07\\\/mauro_giallomb_tc_2012.jpg\",\"articleSection\":[\"Entrevistas\"],\"inLanguage\":\"es\",\"potentialAction\":[{\"@type\":\"CommentAction\",\"name\":\"Comment\",\"target\":[\"http:\\\/\\\/autosdelpodio.com\\\/autos\\\/correr-en-europa-es-realmente-un-sueno\\\/#respond\"]}]},{\"@type\":\"WebPage\",\"@id\":\"http:\\\/\\\/autosdelpodio.com\\\/autos\\\/correr-en-europa-es-realmente-un-sueno\\\/\",\"url\":\"http:\\\/\\\/autosdelpodio.com\\\/autos\\\/correr-en-europa-es-realmente-un-sueno\\\/\",\"name\":\"Autos del Podio | \u201cCorrer en Europa es realmente un sue\u00f1o\u201d\",\"isPartOf\":{\"@id\":\"http:\\\/\\\/autosdelpodio.com\\\/autos\\\/#website\"},\"primaryImageOfPage\":{\"@id\":\"http:\\\/\\\/autosdelpodio.com\\\/autos\\\/correr-en-europa-es-realmente-un-sueno\\\/#primaryimage\"},\"image\":{\"@id\":\"http:\\\/\\\/autosdelpodio.com\\\/autos\\\/correr-en-europa-es-realmente-un-sueno\\\/#primaryimage\"},\"thumbnailUrl\":\"http:\\\/\\\/autosdelpodio.com\\\/autos\\\/wp-content\\\/uploads\\\/2013\\\/07\\\/mauro_giallomb_tc_2012.jpg\",\"datePublished\":\"2013-07-18T12:11:13+00:00\",\"description\":\"Autos del Podio\",\"breadcrumb\":{\"@id\":\"http:\\\/\\\/autosdelpodio.com\\\/autos\\\/correr-en-europa-es-realmente-un-sueno\\\/#breadcrumb\"},\"inLanguage\":\"es\",\"potentialAction\":[{\"@type\":\"ReadAction\",\"target\":[\"http:\\\/\\\/autosdelpodio.com\\\/autos\\\/correr-en-europa-es-realmente-un-sueno\\\/\"]}]},{\"@type\":\"ImageObject\",\"inLanguage\":\"es\",\"@id\":\"http:\\\/\\\/autosdelpodio.com\\\/autos\\\/correr-en-europa-es-realmente-un-sueno\\\/#primaryimage\",\"url\":\"http:\\\/\\\/autosdelpodio.com\\\/autos\\\/wp-content\\\/uploads\\\/2013\\\/07\\\/mauro_giallomb_tc_2012.jpg\",\"contentUrl\":\"http:\\\/\\\/autosdelpodio.com\\\/autos\\\/wp-content\\\/uploads\\\/2013\\\/07\\\/mauro_giallomb_tc_2012.jpg\",\"width\":1565,\"height\":1069},{\"@type\":\"BreadcrumbList\",\"@id\":\"http:\\\/\\\/autosdelpodio.com\\\/autos\\\/correr-en-europa-es-realmente-un-sueno\\\/#breadcrumb\",\"itemListElement\":[{\"@type\":\"ListItem\",\"position\":1,\"name\":\"Portada\",\"item\":\"http:\\\/\\\/autosdelpodio.com\\\/autos\\\/\"},{\"@type\":\"ListItem\",\"position\":2,\"name\":\"\u201cCorrer en Europa es realmente un sue\u00f1o\u201d\"}]},{\"@type\":\"WebSite\",\"@id\":\"http:\\\/\\\/autosdelpodio.com\\\/autos\\\/#website\",\"url\":\"http:\\\/\\\/autosdelpodio.com\\\/autos\\\/\",\"name\":\"Autos del Podio\",\"description\":\"La sexta del deporte motor\",\"publisher\":{\"@id\":\"http:\\\/\\\/autosdelpodio.com\\\/autos\\\/#organization\"},\"potentialAction\":[{\"@type\":\"SearchAction\",\"target\":{\"@type\":\"EntryPoint\",\"urlTemplate\":\"http:\\\/\\\/autosdelpodio.com\\\/autos\\\/?s={search_term_string}\"},\"query-input\":{\"@type\":\"PropertyValueSpecification\",\"valueRequired\":true,\"valueName\":\"search_term_string\"}}],\"inLanguage\":\"es\"},{\"@type\":\"Organization\",\"@id\":\"http:\\\/\\\/autosdelpodio.com\\\/autos\\\/#organization\",\"name\":\"Autos del Podio\",\"url\":\"http:\\\/\\\/autosdelpodio.com\\\/autos\\\/\",\"logo\":{\"@type\":\"ImageObject\",\"inLanguage\":\"es\",\"@id\":\"http:\\\/\\\/autosdelpodio.com\\\/autos\\\/#\\\/schema\\\/logo\\\/image\\\/\",\"url\":\"http:\\\/\\\/autosdelpodio.com\\\/autos\\\/wp-content\\\/uploads\\\/2020\\\/08\\\/Logo_AR.jpg\",\"contentUrl\":\"http:\\\/\\\/autosdelpodio.com\\\/autos\\\/wp-content\\\/uploads\\\/2020\\\/08\\\/Logo_AR.jpg\",\"width\":1038,\"height\":1044,\"caption\":\"Autos del Podio\"},\"image\":{\"@id\":\"http:\\\/\\\/autosdelpodio.com\\\/autos\\\/#\\\/schema\\\/logo\\\/image\\\/\"},\"sameAs\":[\"https:\\\/\\\/www.facebook.com\\\/profile.php?id=100057192590976&amp;amp;amp;amp;amp;amp;amp;amp;amp;amp;amp;amp;amp;amp;amp;amp;amp;amp;ref=ts\",\"https:\\\/\\\/x.com\\\/autosdelpodio\",\"https:\\\/\\\/www.youtube.com\\\/user\\\/AutosdelPodio\"]},{\"@type\":\"Person\",\"@id\":\"http:\\\/\\\/autosdelpodio.com\\\/autos\\\/#\\\/schema\\\/person\\\/e88353cabf768863fdf874e30120f3ba\",\"name\":\"wi022230\",\"image\":{\"@type\":\"ImageObject\",\"inLanguage\":\"es\",\"@id\":\"http:\\\/\\\/autosdelpodio.com\\\/autos\\\/wp-content\\\/litespeed\\\/avatar\\\/453fc9bdbb11d766ba4c7f14d0bd0aa9.jpg?ver=1777404874\",\"url\":\"http:\\\/\\\/autosdelpodio.com\\\/autos\\\/wp-content\\\/litespeed\\\/avatar\\\/453fc9bdbb11d766ba4c7f14d0bd0aa9.jpg?ver=1777404874\",\"contentUrl\":\"http:\\\/\\\/autosdelpodio.com\\\/autos\\\/wp-content\\\/litespeed\\\/avatar\\\/453fc9bdbb11d766ba4c7f14d0bd0aa9.jpg?ver=1777404874\",\"caption\":\"wi022230\"}}]}<\/script>\n<!-- \/ Yoast SEO plugin. -->","yoast_head_json":{"title":"Autos del Podio | \u201cCorrer en Europa es realmente un sue\u00f1o\u201d","description":"Autos del Podio","robots":{"index":"index","follow":"follow","max-snippet":"max-snippet:-1","max-image-preview":"max-image-preview:large","max-video-preview":"max-video-preview:-1"},"canonical":"http:\/\/autosdelpodio.com\/autos\/correr-en-europa-es-realmente-un-sueno\/","og_locale":"es_ES","og_type":"article","og_title":"Autos del Podio | \u201cCorrer en Europa es realmente un sue\u00f1o\u201d","og_description":"Autos del Podio","og_url":"http:\/\/autosdelpodio.com\/autos\/correr-en-europa-es-realmente-un-sueno\/","og_site_name":"Autos del Podio","article_publisher":"https:\/\/www.facebook.com\/profile.php?id=100057192590976&amp%3bamp%3bamp%3bamp%3bamp%3bamp%3bamp%3bamp%3bamp%3bamp%3bamp%3bamp%3bamp%3bamp%3bamp%3bamp%3bamp%3bamp%3bref=ts","article_published_time":"2013-07-18T12:11:13+00:00","og_image":[{"width":1565,"height":1069,"url":"http:\/\/autosdelpodio.com\/autos\/wp-content\/uploads\/2013\/07\/mauro_giallomb_tc_2012.jpg","type":"image\/jpeg"}],"author":"wi022230","twitter_card":"summary_large_image","twitter_creator":"@autosdelpodio","twitter_site":"@autosdelpodio","twitter_misc":{"Escrito por":"wi022230","Tiempo de lectura":"1 minuto"},"schema":{"@context":"https:\/\/schema.org","@graph":[{"@type":"Article","@id":"http:\/\/autosdelpodio.com\/autos\/correr-en-europa-es-realmente-un-sueno\/#article","isPartOf":{"@id":"http:\/\/autosdelpodio.com\/autos\/correr-en-europa-es-realmente-un-sueno\/"},"author":{"name":"wi022230","@id":"http:\/\/autosdelpodio.com\/autos\/#\/schema\/person\/e88353cabf768863fdf874e30120f3ba"},"headline":"\u201cCorrer en Europa es realmente un sue\u00f1o\u201d","datePublished":"2013-07-18T12:11:13+00:00","mainEntityOfPage":{"@id":"http:\/\/autosdelpodio.com\/autos\/correr-en-europa-es-realmente-un-sueno\/"},"wordCount":304,"commentCount":0,"publisher":{"@id":"http:\/\/autosdelpodio.com\/autos\/#organization"},"image":{"@id":"http:\/\/autosdelpodio.com\/autos\/correr-en-europa-es-realmente-un-sueno\/#primaryimage"},"thumbnailUrl":"http:\/\/autosdelpodio.com\/autos\/wp-content\/uploads\/2013\/07\/mauro_giallomb_tc_2012.jpg","articleSection":["Entrevistas"],"inLanguage":"es","potentialAction":[{"@type":"CommentAction","name":"Comment","target":["http:\/\/autosdelpodio.com\/autos\/correr-en-europa-es-realmente-un-sueno\/#respond"]}]},{"@type":"WebPage","@id":"http:\/\/autosdelpodio.com\/autos\/correr-en-europa-es-realmente-un-sueno\/","url":"http:\/\/autosdelpodio.com\/autos\/correr-en-europa-es-realmente-un-sueno\/","name":"Autos del Podio | \u201cCorrer en Europa es realmente un sue\u00f1o\u201d","isPartOf":{"@id":"http:\/\/autosdelpodio.com\/autos\/#website"},"primaryImageOfPage":{"@id":"http:\/\/autosdelpodio.com\/autos\/correr-en-europa-es-realmente-un-sueno\/#primaryimage"},"image":{"@id":"http:\/\/autosdelpodio.com\/autos\/correr-en-europa-es-realmente-un-sueno\/#primaryimage"},"thumbnailUrl":"http:\/\/autosdelpodio.com\/autos\/wp-content\/uploads\/2013\/07\/mauro_giallomb_tc_2012.jpg","datePublished":"2013-07-18T12:11:13+00:00","description":"Autos del Podio","breadcrumb":{"@id":"http:\/\/autosdelpodio.com\/autos\/correr-en-europa-es-realmente-un-sueno\/#breadcrumb"},"inLanguage":"es","potentialAction":[{"@type":"ReadAction","target":["http:\/\/autosdelpodio.com\/autos\/correr-en-europa-es-realmente-un-sueno\/"]}]},{"@type":"ImageObject","inLanguage":"es","@id":"http:\/\/autosdelpodio.com\/autos\/correr-en-europa-es-realmente-un-sueno\/#primaryimage","url":"http:\/\/autosdelpodio.com\/autos\/wp-content\/uploads\/2013\/07\/mauro_giallomb_tc_2012.jpg","contentUrl":"http:\/\/autosdelpodio.com\/autos\/wp-content\/uploads\/2013\/07\/mauro_giallomb_tc_2012.jpg","width":1565,"height":1069},{"@type":"BreadcrumbList","@id":"http:\/\/autosdelpodio.com\/autos\/correr-en-europa-es-realmente-un-sueno\/#breadcrumb","itemListElement":[{"@type":"ListItem","position":1,"name":"Portada","item":"http:\/\/autosdelpodio.com\/autos\/"},{"@type":"ListItem","position":2,"name":"\u201cCorrer en Europa es realmente un sue\u00f1o\u201d"}]},{"@type":"WebSite","@id":"http:\/\/autosdelpodio.com\/autos\/#website","url":"http:\/\/autosdelpodio.com\/autos\/","name":"Autos del Podio","description":"La sexta del deporte motor","publisher":{"@id":"http:\/\/autosdelpodio.com\/autos\/#organization"},"potentialAction":[{"@type":"SearchAction","target":{"@type":"EntryPoint","urlTemplate":"http:\/\/autosdelpodio.com\/autos\/?s={search_term_string}"},"query-input":{"@type":"PropertyValueSpecification","valueRequired":true,"valueName":"search_term_string"}}],"inLanguage":"es"},{"@type":"Organization","@id":"http:\/\/autosdelpodio.com\/autos\/#organization","name":"Autos del Podio","url":"http:\/\/autosdelpodio.com\/autos\/","logo":{"@type":"ImageObject","inLanguage":"es","@id":"http:\/\/autosdelpodio.com\/autos\/#\/schema\/logo\/image\/","url":"http:\/\/autosdelpodio.com\/autos\/wp-content\/uploads\/2020\/08\/Logo_AR.jpg","contentUrl":"http:\/\/autosdelpodio.com\/autos\/wp-content\/uploads\/2020\/08\/Logo_AR.jpg","width":1038,"height":1044,"caption":"Autos del Podio"},"image":{"@id":"http:\/\/autosdelpodio.com\/autos\/#\/schema\/logo\/image\/"},"sameAs":["https:\/\/www.facebook.com\/profile.php?id=100057192590976&amp;amp;amp;amp;amp;amp;amp;amp;amp;amp;amp;amp;amp;amp;amp;amp;amp;amp;ref=ts","https:\/\/x.com\/autosdelpodio","https:\/\/www.youtube.com\/user\/AutosdelPodio"]},{"@type":"Person","@id":"http:\/\/autosdelpodio.com\/autos\/#\/schema\/person\/e88353cabf768863fdf874e30120f3ba","name":"wi022230","image":{"@type":"ImageObject","inLanguage":"es","@id":"http:\/\/autosdelpodio.com\/autos\/wp-content\/litespeed\/avatar\/453fc9bdbb11d766ba4c7f14d0bd0aa9.jpg?ver=1777404874","url":"http:\/\/autosdelpodio.com\/autos\/wp-content\/litespeed\/avatar\/453fc9bdbb11d766ba4c7f14d0bd0aa9.jpg?ver=1777404874","contentUrl":"http:\/\/autosdelpodio.com\/autos\/wp-content\/litespeed\/avatar\/453fc9bdbb11d766ba4c7f14d0bd0aa9.jpg?ver=1777404874","caption":"wi022230"}}]}},"views":449,"_links":{"self":[{"href":"http:\/\/autosdelpodio.com\/autos\/wp-json\/wp\/v2\/posts\/777","targetHints":{"allow":["GET"]}}],"collection":[{"href":"http:\/\/autosdelpodio.com\/autos\/wp-json\/wp\/v2\/posts"}],"about":[{"href":"http:\/\/autosdelpodio.com\/autos\/wp-json\/wp\/v2\/types\/post"}],"author":[{"embeddable":true,"href":"http:\/\/autosdelpodio.com\/autos\/wp-json\/wp\/v2\/users\/1"}],"replies":[{"embeddable":true,"href":"http:\/\/autosdelpodio.com\/autos\/wp-json\/wp\/v2\/comments?post=777"}],"version-history":[{"count":0,"href":"http:\/\/autosdelpodio.com\/autos\/wp-json\/wp\/v2\/posts\/777\/revisions"}],"wp:featuredmedia":[{"embeddable":true,"href":"http:\/\/autosdelpodio.com\/autos\/wp-json\/wp\/v2\/media\/776"}],"wp:attachment":[{"href":"http:\/\/autosdelpodio.com\/autos\/wp-json\/wp\/v2\/media?parent=777"}],"wp:term":[{"taxonomy":"category","embeddable":true,"href":"http:\/\/autosdelpodio.com\/autos\/wp-json\/wp\/v2\/categories?post=777"},{"taxonomy":"post_tag","embeddable":true,"href":"http:\/\/autosdelpodio.com\/autos\/wp-json\/wp\/v2\/tags?post=777"}],"curies":[{"name":"wp","href":"https:\/\/api.w.org\/{rel}","templated":true}]}}