{"id":7771,"date":"2024-07-08T17:01:16","date_gmt":"2024-07-08T20:01:16","guid":{"rendered":"http:\/\/autosdelpodio.com\/autos\/?p=7771"},"modified":"2024-07-08T17:03:23","modified_gmt":"2024-07-08T20:03:23","slug":"autoclasica-2024-tiene-fecha-confirmada","status":"publish","type":"post","link":"http:\/\/autosdelpodio.com\/autos\/autoclasica-2024-tiene-fecha-confirmada\/","title":{"rendered":"Autoclasica 2024 tiene fecha confirmada"},"content":{"rendered":"\n<p>El Club de Autom\u00f3viles Cl\u00e1sicos oficializ\u00f3 el regreso de la exposici\u00f3n de autom\u00f3viles de las mas importantes de Sudam\u00e9rica.<br>La 22\u00ba edici\u00f3n de Autocl\u00e1sica es una fiesta de veh\u00edculos \u00fanicos de todas las \u00e9pocas. La muestra se desarrollar\u00e1 durante los d\u00edas 10,11,12 y 13 de Octubre (fin de semana largo en la Argentina) entre las 10 y las 18 horas en el Hip\u00f3dromo de San Isidro.<br><strong>En cuanto se comuniquen mayores detalles organizativos del evento lo iremos publicando. A continuaci\u00f3n vertimos el comunicado de la organizaci\u00f3n<\/strong><\/p>\n\n\n\n<p><em>El\u00a0mayor festival de autos y motos cl\u00e1sicos de Sudam\u00e9rica\u00a0abre sus puertas nuevamente. En su vig\u00e9sima primera edici\u00f3n encontrar\u00e1n una incre\u00edble oportunidad para revivir la historia automovil\u00edstica de todo el mundo a trav\u00e9s de una exposici\u00f3n de m\u00e1s de 1.100 veh\u00edculos cl\u00e1sicos de categor\u00eda internacional.<\/em><\/p>\n\n\n\n<p><em>En esta edici\u00f3n, algunas de las celebraciones destacadas ser\u00e1n el 120 aniversario de Rolls Royce, 110 aniversario de Maserati, 60 aniversario del m\u00edtico Porsche 911, el 60 aniversario de Ford Mustang, entre otras.<\/em><\/p>\n\n\n\n<p><em>Autocl\u00e1sica 2024 tendr\u00e1 lugar los d\u00edas 10 al 13 de octubre, de 10 a 18 hs. en el tradicional predio del Hip\u00f3dromo de San Isidro. Con acceso peatonal exclusivamente por la esquina de Av. Santa Fe y M\u00e1rquez y con acceso peatonal y estacionamiento por Av. Santa Fe y Av. de la Unidad Nacional.<\/em><\/p>\n\n\n\n<p><em>Es importante mencionar que tendr\u00e1n un lugar destacado los ya cl\u00e1sicos \u201cAutojumble\u201d y \u201cMotojumble\u201d, all\u00ed donde los restauradores pueden encontrar la pieza que tanto estaban buscando, alg\u00fan punto de partida de una futura restauraci\u00f3n o simplemente revivir la historia a trav\u00e9s de\u00a0los antiguos objetos.<\/em><\/p>\n\n\n\n<p><em>\u00a1Por todo esto los esperamos en Autocl\u00e1sica 2024!<\/em><\/p>\n\n\n\n<p>M\u00e1s info:&nbsp;<a href=\"https:\/\/www.autoclasica.com\/\" target=\"_blank\" rel=\"noreferrer noopener\">https:\/\/www.autoclasica.com\/<\/a><\/p>\n","protected":false},"excerpt":{"rendered":"<p>El Club de Autom\u00f3viles Cl\u00e1sicos oficializ\u00f3 el regreso de la exposici\u00f3n de autom\u00f3viles de las mas importantes de Sudam\u00e9rica.La 22\u00ba<\/p>\n","protected":false},"author":3,"featured_media":2224,"comment_status":"open","ping_status":"open","sticky":false,"template":"","format":"standard","meta":{"colormag_page_container_layout":"default_layout","colormag_page_sidebar_layout":"default_layout","footnotes":""},"categories":[6,5],"tags":[258,117,118,43,186,292,68,259],"class_list":["post-7771","post","type-post","status-publish","format-standard","has-post-thumbnail","hentry","category-newsflash","category-latest-news","tag-autoclasica","tag-autos-antiguos","tag-autos-clasicos","tag-autos-y-motos","tag-buenos-aires","tag-eventos","tag-exposiciones","tag-san-isidro"],"yoast_head":"<!-- This site is optimized with the Yoast SEO plugin v27.5 - https:\/\/yoast.com\/product\/yoast-seo-wordpress\/ -->\n<title>Autos del Podio | Autoclasica 2024 tiene fecha confirmada<\/title>\n<meta name=\"description\" content=\"Autos del Podio El Club de Autom\u00f3viles Cl\u00e1sicos de Argentina confirm\u00f3 la fecha de Autocl\u00e1sica 2024 en el tradicional predio del Hip\u00f3dromo de San Isidro.\" \/>\n<meta name=\"robots\" content=\"index, follow, max-snippet:-1, max-image-preview:large, max-video-preview:-1\" \/>\n<link rel=\"canonical\" href=\"http:\/\/autosdelpodio.com\/autos\/autoclasica-2024-tiene-fecha-confirmada\/\" \/>\n<meta property=\"og:locale\" content=\"es_ES\" \/>\n<meta property=\"og:type\" content=\"article\" \/>\n<meta property=\"og:title\" content=\"Autos del Podio | Autoclasica 2024 tiene fecha confirmada\" \/>\n<meta property=\"og:description\" content=\"Autos del Podio El Club de Autom\u00f3viles Cl\u00e1sicos de Argentina confirm\u00f3 la fecha de Autocl\u00e1sica 2024 en el tradicional predio del Hip\u00f3dromo de San Isidro.\" \/>\n<meta property=\"og:url\" content=\"http:\/\/autosdelpodio.com\/autos\/autoclasica-2024-tiene-fecha-confirmada\/\" \/>\n<meta property=\"og:site_name\" content=\"Autos del Podio\" \/>\n<meta property=\"article:publisher\" content=\"https:\/\/www.facebook.com\/profile.php?id=100057192590976&amp;amp%3bamp%3bamp%3bamp%3bamp%3bamp%3bamp%3bamp%3bamp%3bamp%3bamp%3bamp%3bamp%3bamp%3bamp%3bamp%3bamp%3bamp%3bref=ts\" \/>\n<meta property=\"article:published_time\" content=\"2024-07-08T20:01:16+00:00\" \/>\n<meta property=\"article:modified_time\" content=\"2024-07-08T20:03:23+00:00\" \/>\n<meta property=\"og:image\" content=\"http:\/\/autosdelpodio.com\/autos\/wp-content\/uploads\/2020\/06\/Portada_Autoclasica-1-scaled-e1686100467477.jpg\" \/>\n\t<meta property=\"og:image:width\" content=\"500\" \/>\n\t<meta property=\"og:image:height\" content=\"282\" \/>\n\t<meta property=\"og:image:type\" content=\"image\/jpeg\" \/>\n<meta name=\"author\" content=\"autosdelpodio\" \/>\n<meta name=\"twitter:card\" content=\"summary_large_image\" \/>\n<meta name=\"twitter:creator\" content=\"@autosdelpodio\" \/>\n<meta name=\"twitter:site\" content=\"@autosdelpodio\" \/>\n<meta name=\"twitter:label1\" content=\"Escrito por\" \/>\n\t<meta name=\"twitter:data1\" content=\"autosdelpodio\" \/>\n\t<meta name=\"twitter:label2\" content=\"Tiempo de lectura\" \/>\n\t<meta name=\"twitter:data2\" content=\"2 minutos\" \/>\n<script type=\"application\/ld+json\" class=\"yoast-schema-graph\">{\"@context\":\"https:\\\/\\\/schema.org\",\"@graph\":[{\"@type\":\"Article\",\"@id\":\"http:\\\/\\\/autosdelpodio.com\\\/autos\\\/autoclasica-2024-tiene-fecha-confirmada\\\/#article\",\"isPartOf\":{\"@id\":\"http:\\\/\\\/autosdelpodio.com\\\/autos\\\/autoclasica-2024-tiene-fecha-confirmada\\\/\"},\"author\":{\"name\":\"autosdelpodio\",\"@id\":\"http:\\\/\\\/autosdelpodio.com\\\/autos\\\/#\\\/schema\\\/person\\\/993527a4d01c3acdd3d6bce3770bc942\"},\"headline\":\"Autoclasica 2024 tiene fecha confirmada\",\"datePublished\":\"2024-07-08T20:01:16+00:00\",\"dateModified\":\"2024-07-08T20:03:23+00:00\",\"mainEntityOfPage\":{\"@id\":\"http:\\\/\\\/autosdelpodio.com\\\/autos\\\/autoclasica-2024-tiene-fecha-confirmada\\\/\"},\"wordCount\":305,\"commentCount\":1,\"publisher\":{\"@id\":\"http:\\\/\\\/autosdelpodio.com\\\/autos\\\/#organization\"},\"image\":{\"@id\":\"http:\\\/\\\/autosdelpodio.com\\\/autos\\\/autoclasica-2024-tiene-fecha-confirmada\\\/#primaryimage\"},\"thumbnailUrl\":\"http:\\\/\\\/autosdelpodio.com\\\/autos\\\/wp-content\\\/uploads\\\/2020\\\/06\\\/Portada_Autoclasica-1-scaled-e1686100467477.jpg\",\"keywords\":[\"Autoclasica\",\"Autos antiguos\",\"Autos Clasicos\",\"Autos y Motos\",\"Buenos Aires\",\"Eventos\",\"Exposiciones\",\"San Isidro\"],\"articleSection\":[\"Destacado\",\"\u00daltimas noticias\"],\"inLanguage\":\"es\",\"potentialAction\":[{\"@type\":\"CommentAction\",\"name\":\"Comment\",\"target\":[\"http:\\\/\\\/autosdelpodio.com\\\/autos\\\/autoclasica-2024-tiene-fecha-confirmada\\\/#respond\"]}]},{\"@type\":\"WebPage\",\"@id\":\"http:\\\/\\\/autosdelpodio.com\\\/autos\\\/autoclasica-2024-tiene-fecha-confirmada\\\/\",\"url\":\"http:\\\/\\\/autosdelpodio.com\\\/autos\\\/autoclasica-2024-tiene-fecha-confirmada\\\/\",\"name\":\"Autos del Podio | Autoclasica 2024 tiene fecha confirmada\",\"isPartOf\":{\"@id\":\"http:\\\/\\\/autosdelpodio.com\\\/autos\\\/#website\"},\"primaryImageOfPage\":{\"@id\":\"http:\\\/\\\/autosdelpodio.com\\\/autos\\\/autoclasica-2024-tiene-fecha-confirmada\\\/#primaryimage\"},\"image\":{\"@id\":\"http:\\\/\\\/autosdelpodio.com\\\/autos\\\/autoclasica-2024-tiene-fecha-confirmada\\\/#primaryimage\"},\"thumbnailUrl\":\"http:\\\/\\\/autosdelpodio.com\\\/autos\\\/wp-content\\\/uploads\\\/2020\\\/06\\\/Portada_Autoclasica-1-scaled-e1686100467477.jpg\",\"datePublished\":\"2024-07-08T20:01:16+00:00\",\"dateModified\":\"2024-07-08T20:03:23+00:00\",\"description\":\"Autos del Podio El Club de Autom\u00f3viles Cl\u00e1sicos de Argentina confirm\u00f3 la fecha de Autocl\u00e1sica 2024 en el tradicional predio del Hip\u00f3dromo de San Isidro.\",\"breadcrumb\":{\"@id\":\"http:\\\/\\\/autosdelpodio.com\\\/autos\\\/autoclasica-2024-tiene-fecha-confirmada\\\/#breadcrumb\"},\"inLanguage\":\"es\",\"potentialAction\":[{\"@type\":\"ReadAction\",\"target\":[\"http:\\\/\\\/autosdelpodio.com\\\/autos\\\/autoclasica-2024-tiene-fecha-confirmada\\\/\"]}]},{\"@type\":\"ImageObject\",\"inLanguage\":\"es\",\"@id\":\"http:\\\/\\\/autosdelpodio.com\\\/autos\\\/autoclasica-2024-tiene-fecha-confirmada\\\/#primaryimage\",\"url\":\"http:\\\/\\\/autosdelpodio.com\\\/autos\\\/wp-content\\\/uploads\\\/2020\\\/06\\\/Portada_Autoclasica-1-scaled-e1686100467477.jpg\",\"contentUrl\":\"http:\\\/\\\/autosdelpodio.com\\\/autos\\\/wp-content\\\/uploads\\\/2020\\\/06\\\/Portada_Autoclasica-1-scaled-e1686100467477.jpg\",\"width\":500,\"height\":282},{\"@type\":\"BreadcrumbList\",\"@id\":\"http:\\\/\\\/autosdelpodio.com\\\/autos\\\/autoclasica-2024-tiene-fecha-confirmada\\\/#breadcrumb\",\"itemListElement\":[{\"@type\":\"ListItem\",\"position\":1,\"name\":\"Portada\",\"item\":\"http:\\\/\\\/autosdelpodio.com\\\/autos\\\/\"},{\"@type\":\"ListItem\",\"position\":2,\"name\":\"Autoclasica 2024 tiene fecha confirmada\"}]},{\"@type\":\"WebSite\",\"@id\":\"http:\\\/\\\/autosdelpodio.com\\\/autos\\\/#website\",\"url\":\"http:\\\/\\\/autosdelpodio.com\\\/autos\\\/\",\"name\":\"Autos del Podio\",\"description\":\"La sexta del deporte motor\",\"publisher\":{\"@id\":\"http:\\\/\\\/autosdelpodio.com\\\/autos\\\/#organization\"},\"potentialAction\":[{\"@type\":\"SearchAction\",\"target\":{\"@type\":\"EntryPoint\",\"urlTemplate\":\"http:\\\/\\\/autosdelpodio.com\\\/autos\\\/?s={search_term_string}\"},\"query-input\":{\"@type\":\"PropertyValueSpecification\",\"valueRequired\":true,\"valueName\":\"search_term_string\"}}],\"inLanguage\":\"es\"},{\"@type\":\"Organization\",\"@id\":\"http:\\\/\\\/autosdelpodio.com\\\/autos\\\/#organization\",\"name\":\"Autos del Podio\",\"url\":\"http:\\\/\\\/autosdelpodio.com\\\/autos\\\/\",\"logo\":{\"@type\":\"ImageObject\",\"inLanguage\":\"es\",\"@id\":\"http:\\\/\\\/autosdelpodio.com\\\/autos\\\/#\\\/schema\\\/logo\\\/image\\\/\",\"url\":\"http:\\\/\\\/autosdelpodio.com\\\/autos\\\/wp-content\\\/uploads\\\/2020\\\/08\\\/Logo_AR.jpg\",\"contentUrl\":\"http:\\\/\\\/autosdelpodio.com\\\/autos\\\/wp-content\\\/uploads\\\/2020\\\/08\\\/Logo_AR.jpg\",\"width\":1038,\"height\":1044,\"caption\":\"Autos del Podio\"},\"image\":{\"@id\":\"http:\\\/\\\/autosdelpodio.com\\\/autos\\\/#\\\/schema\\\/logo\\\/image\\\/\"},\"sameAs\":[\"https:\\\/\\\/www.facebook.com\\\/profile.php?id=100057192590976&amp;amp;amp;amp;amp;amp;amp;amp;amp;amp;amp;amp;amp;amp;amp;amp;amp;amp;ref=ts\",\"https:\\\/\\\/x.com\\\/autosdelpodio\",\"https:\\\/\\\/www.youtube.com\\\/user\\\/AutosdelPodio\"]},{\"@type\":\"Person\",\"@id\":\"http:\\\/\\\/autosdelpodio.com\\\/autos\\\/#\\\/schema\\\/person\\\/993527a4d01c3acdd3d6bce3770bc942\",\"name\":\"autosdelpodio\",\"image\":{\"@type\":\"ImageObject\",\"inLanguage\":\"es\",\"@id\":\"http:\\\/\\\/autosdelpodio.com\\\/autos\\\/wp-content\\\/litespeed\\\/avatar\\\/aa8f65cd201a80f6b844f63278aa84af.jpg?ver=1777403005\",\"url\":\"http:\\\/\\\/autosdelpodio.com\\\/autos\\\/wp-content\\\/litespeed\\\/avatar\\\/aa8f65cd201a80f6b844f63278aa84af.jpg?ver=1777403005\",\"contentUrl\":\"http:\\\/\\\/autosdelpodio.com\\\/autos\\\/wp-content\\\/litespeed\\\/avatar\\\/aa8f65cd201a80f6b844f63278aa84af.jpg?ver=1777403005\",\"caption\":\"autosdelpodio\"}}]}<\/script>\n<!-- \/ Yoast SEO plugin. -->","yoast_head_json":{"title":"Autos del Podio | Autoclasica 2024 tiene fecha confirmada","description":"Autos del Podio El Club de Autom\u00f3viles Cl\u00e1sicos de Argentina confirm\u00f3 la fecha de Autocl\u00e1sica 2024 en el tradicional predio del Hip\u00f3dromo de San Isidro.","robots":{"index":"index","follow":"follow","max-snippet":"max-snippet:-1","max-image-preview":"max-image-preview:large","max-video-preview":"max-video-preview:-1"},"canonical":"http:\/\/autosdelpodio.com\/autos\/autoclasica-2024-tiene-fecha-confirmada\/","og_locale":"es_ES","og_type":"article","og_title":"Autos del Podio | Autoclasica 2024 tiene fecha confirmada","og_description":"Autos del Podio El Club de Autom\u00f3viles Cl\u00e1sicos de Argentina confirm\u00f3 la fecha de Autocl\u00e1sica 2024 en el tradicional predio del Hip\u00f3dromo de San Isidro.","og_url":"http:\/\/autosdelpodio.com\/autos\/autoclasica-2024-tiene-fecha-confirmada\/","og_site_name":"Autos del Podio","article_publisher":"https:\/\/www.facebook.com\/profile.php?id=100057192590976&amp%3bamp%3bamp%3bamp%3bamp%3bamp%3bamp%3bamp%3bamp%3bamp%3bamp%3bamp%3bamp%3bamp%3bamp%3bamp%3bamp%3bamp%3bref=ts","article_published_time":"2024-07-08T20:01:16+00:00","article_modified_time":"2024-07-08T20:03:23+00:00","og_image":[{"width":500,"height":282,"url":"http:\/\/autosdelpodio.com\/autos\/wp-content\/uploads\/2020\/06\/Portada_Autoclasica-1-scaled-e1686100467477.jpg","type":"image\/jpeg"}],"author":"autosdelpodio","twitter_card":"summary_large_image","twitter_creator":"@autosdelpodio","twitter_site":"@autosdelpodio","twitter_misc":{"Escrito por":"autosdelpodio","Tiempo de lectura":"2 minutos"},"schema":{"@context":"https:\/\/schema.org","@graph":[{"@type":"Article","@id":"http:\/\/autosdelpodio.com\/autos\/autoclasica-2024-tiene-fecha-confirmada\/#article","isPartOf":{"@id":"http:\/\/autosdelpodio.com\/autos\/autoclasica-2024-tiene-fecha-confirmada\/"},"author":{"name":"autosdelpodio","@id":"http:\/\/autosdelpodio.com\/autos\/#\/schema\/person\/993527a4d01c3acdd3d6bce3770bc942"},"headline":"Autoclasica 2024 tiene fecha confirmada","datePublished":"2024-07-08T20:01:16+00:00","dateModified":"2024-07-08T20:03:23+00:00","mainEntityOfPage":{"@id":"http:\/\/autosdelpodio.com\/autos\/autoclasica-2024-tiene-fecha-confirmada\/"},"wordCount":305,"commentCount":1,"publisher":{"@id":"http:\/\/autosdelpodio.com\/autos\/#organization"},"image":{"@id":"http:\/\/autosdelpodio.com\/autos\/autoclasica-2024-tiene-fecha-confirmada\/#primaryimage"},"thumbnailUrl":"http:\/\/autosdelpodio.com\/autos\/wp-content\/uploads\/2020\/06\/Portada_Autoclasica-1-scaled-e1686100467477.jpg","keywords":["Autoclasica","Autos antiguos","Autos Clasicos","Autos y Motos","Buenos Aires","Eventos","Exposiciones","San Isidro"],"articleSection":["Destacado","\u00daltimas noticias"],"inLanguage":"es","potentialAction":[{"@type":"CommentAction","name":"Comment","target":["http:\/\/autosdelpodio.com\/autos\/autoclasica-2024-tiene-fecha-confirmada\/#respond"]}]},{"@type":"WebPage","@id":"http:\/\/autosdelpodio.com\/autos\/autoclasica-2024-tiene-fecha-confirmada\/","url":"http:\/\/autosdelpodio.com\/autos\/autoclasica-2024-tiene-fecha-confirmada\/","name":"Autos del Podio | Autoclasica 2024 tiene fecha confirmada","isPartOf":{"@id":"http:\/\/autosdelpodio.com\/autos\/#website"},"primaryImageOfPage":{"@id":"http:\/\/autosdelpodio.com\/autos\/autoclasica-2024-tiene-fecha-confirmada\/#primaryimage"},"image":{"@id":"http:\/\/autosdelpodio.com\/autos\/autoclasica-2024-tiene-fecha-confirmada\/#primaryimage"},"thumbnailUrl":"http:\/\/autosdelpodio.com\/autos\/wp-content\/uploads\/2020\/06\/Portada_Autoclasica-1-scaled-e1686100467477.jpg","datePublished":"2024-07-08T20:01:16+00:00","dateModified":"2024-07-08T20:03:23+00:00","description":"Autos del Podio El Club de Autom\u00f3viles Cl\u00e1sicos de Argentina confirm\u00f3 la fecha de Autocl\u00e1sica 2024 en el tradicional predio del Hip\u00f3dromo de San Isidro.","breadcrumb":{"@id":"http:\/\/autosdelpodio.com\/autos\/autoclasica-2024-tiene-fecha-confirmada\/#breadcrumb"},"inLanguage":"es","potentialAction":[{"@type":"ReadAction","target":["http:\/\/autosdelpodio.com\/autos\/autoclasica-2024-tiene-fecha-confirmada\/"]}]},{"@type":"ImageObject","inLanguage":"es","@id":"http:\/\/autosdelpodio.com\/autos\/autoclasica-2024-tiene-fecha-confirmada\/#primaryimage","url":"http:\/\/autosdelpodio.com\/autos\/wp-content\/uploads\/2020\/06\/Portada_Autoclasica-1-scaled-e1686100467477.jpg","contentUrl":"http:\/\/autosdelpodio.com\/autos\/wp-content\/uploads\/2020\/06\/Portada_Autoclasica-1-scaled-e1686100467477.jpg","width":500,"height":282},{"@type":"BreadcrumbList","@id":"http:\/\/autosdelpodio.com\/autos\/autoclasica-2024-tiene-fecha-confirmada\/#breadcrumb","itemListElement":[{"@type":"ListItem","position":1,"name":"Portada","item":"http:\/\/autosdelpodio.com\/autos\/"},{"@type":"ListItem","position":2,"name":"Autoclasica 2024 tiene fecha confirmada"}]},{"@type":"WebSite","@id":"http:\/\/autosdelpodio.com\/autos\/#website","url":"http:\/\/autosdelpodio.com\/autos\/","name":"Autos del Podio","description":"La sexta del deporte motor","publisher":{"@id":"http:\/\/autosdelpodio.com\/autos\/#organization"},"potentialAction":[{"@type":"SearchAction","target":{"@type":"EntryPoint","urlTemplate":"http:\/\/autosdelpodio.com\/autos\/?s={search_term_string}"},"query-input":{"@type":"PropertyValueSpecification","valueRequired":true,"valueName":"search_term_string"}}],"inLanguage":"es"},{"@type":"Organization","@id":"http:\/\/autosdelpodio.com\/autos\/#organization","name":"Autos del Podio","url":"http:\/\/autosdelpodio.com\/autos\/","logo":{"@type":"ImageObject","inLanguage":"es","@id":"http:\/\/autosdelpodio.com\/autos\/#\/schema\/logo\/image\/","url":"http:\/\/autosdelpodio.com\/autos\/wp-content\/uploads\/2020\/08\/Logo_AR.jpg","contentUrl":"http:\/\/autosdelpodio.com\/autos\/wp-content\/uploads\/2020\/08\/Logo_AR.jpg","width":1038,"height":1044,"caption":"Autos del Podio"},"image":{"@id":"http:\/\/autosdelpodio.com\/autos\/#\/schema\/logo\/image\/"},"sameAs":["https:\/\/www.facebook.com\/profile.php?id=100057192590976&amp;amp;amp;amp;amp;amp;amp;amp;amp;amp;amp;amp;amp;amp;amp;amp;amp;amp;ref=ts","https:\/\/x.com\/autosdelpodio","https:\/\/www.youtube.com\/user\/AutosdelPodio"]},{"@type":"Person","@id":"http:\/\/autosdelpodio.com\/autos\/#\/schema\/person\/993527a4d01c3acdd3d6bce3770bc942","name":"autosdelpodio","image":{"@type":"ImageObject","inLanguage":"es","@id":"http:\/\/autosdelpodio.com\/autos\/wp-content\/litespeed\/avatar\/aa8f65cd201a80f6b844f63278aa84af.jpg?ver=1777403005","url":"http:\/\/autosdelpodio.com\/autos\/wp-content\/litespeed\/avatar\/aa8f65cd201a80f6b844f63278aa84af.jpg?ver=1777403005","contentUrl":"http:\/\/autosdelpodio.com\/autos\/wp-content\/litespeed\/avatar\/aa8f65cd201a80f6b844f63278aa84af.jpg?ver=1777403005","caption":"autosdelpodio"}}]}},"views":680,"_links":{"self":[{"href":"http:\/\/autosdelpodio.com\/autos\/wp-json\/wp\/v2\/posts\/7771","targetHints":{"allow":["GET"]}}],"collection":[{"href":"http:\/\/autosdelpodio.com\/autos\/wp-json\/wp\/v2\/posts"}],"about":[{"href":"http:\/\/autosdelpodio.com\/autos\/wp-json\/wp\/v2\/types\/post"}],"author":[{"embeddable":true,"href":"http:\/\/autosdelpodio.com\/autos\/wp-json\/wp\/v2\/users\/3"}],"replies":[{"embeddable":true,"href":"http:\/\/autosdelpodio.com\/autos\/wp-json\/wp\/v2\/comments?post=7771"}],"version-history":[{"count":3,"href":"http:\/\/autosdelpodio.com\/autos\/wp-json\/wp\/v2\/posts\/7771\/revisions"}],"predecessor-version":[{"id":7775,"href":"http:\/\/autosdelpodio.com\/autos\/wp-json\/wp\/v2\/posts\/7771\/revisions\/7775"}],"wp:featuredmedia":[{"embeddable":true,"href":"http:\/\/autosdelpodio.com\/autos\/wp-json\/wp\/v2\/media\/2224"}],"wp:attachment":[{"href":"http:\/\/autosdelpodio.com\/autos\/wp-json\/wp\/v2\/media?parent=7771"}],"wp:term":[{"taxonomy":"category","embeddable":true,"href":"http:\/\/autosdelpodio.com\/autos\/wp-json\/wp\/v2\/categories?post=7771"},{"taxonomy":"post_tag","embeddable":true,"href":"http:\/\/autosdelpodio.com\/autos\/wp-json\/wp\/v2\/tags?post=7771"}],"curies":[{"name":"wp","href":"https:\/\/api.w.org\/{rel}","templated":true}]}}