{"id":7783,"date":"2024-07-14T13:56:48","date_gmt":"2024-07-14T16:56:48","guid":{"rendered":"http:\/\/autosdelpodio.com\/autos\/?p=7783"},"modified":"2024-07-14T17:50:01","modified_gmt":"2024-07-14T20:50:01","slug":"cambio-de-mando","status":"publish","type":"post","link":"http:\/\/autosdelpodio.com\/autos\/cambio-de-mando\/","title":{"rendered":"Cambio de mando"},"content":{"rendered":"\n<p>Kevin Felippo supo vencer en pista y se encaminaba a su primer triunfo en el Top Race V6 pero concluida la competencia los comisarios deportivos informaron que el Lexus #3 era recargado con 10 segundos por falsa largada.Por lo tanto Facundo Aldrighetti fue proclamado ganador en Buenos Aires.<br>Por lo tanto, el clasificador final dej\u00f3 como escoltas a Josito Di Palma (Cronos) y a Lucas Guerra (Cruze)<br>En esta oportunidad, el TRV6 que por segunda vez consecutiva se present\u00f3 en el Oscar y Juan Galvez transit\u00f3 el circuito numero 8 del escenario porte\u00f1o bajo un tramite de carrera discreto, en el cual superada la sexta fecha <a href=\"http:\/\/autosdelpodio.com\/autos\/misil-porteno\/\" target=\"_blank\" rel=\"noreferrer noopener\">Mat\u00edas Rossi <\/a>continua como puntero del campeonato.<br>La pr\u00f3xima presentaci\u00f3n ser\u00e1 el 18 de Agosto en el retorno al Autodromo de Rio Cuarto en el marco de una nueva Semana de la Velocidad junto al TC2000 que abrir\u00e1 la misma 7 d\u00edas antes.<\/p>\n\n\n\n<p><em><strong>Final TRV6 &#8211; 30 Minutos + 1V  &#8211; Fecha 6<\/strong><\/em><\/p>\n\n\n\n<figure class=\"wp-block-table\"><table><tbody><tr><td><em><strong>1<\/strong><\/em><\/td><td><em><strong>83<\/strong><\/em><\/td><td><em><strong>ALDRIGHETTI, FACUNDO<\/strong><\/em><\/td><td><em><strong><\/strong><\/em><\/td><td><em><strong>23<\/strong><\/em><\/td><td><em><strong>31:49.264<\/strong><\/em><\/td><td><\/td><\/tr><tr><td>2<\/td><td>1<\/td><td>DI PALMA, LUIS JOS\u00c9<\/td><td><img decoding=\"async\" src=\"https:\/\/toprace.com.ar\/vistas\/tr\/images\/logos\/logo-fiat-sm.png\" alt=\"Fiat\"><\/td><td>23<\/td><td>31:49.415<\/td><td>151<\/td><\/tr><tr><td>3<\/td><td>87<\/td><td>GUERRA, LUCAS<\/td><td><img decoding=\"async\" src=\"https:\/\/toprace.com.ar\/vistas\/tr\/images\/logos\/logo-chevrolet-sm.png\" alt=\"Chevrolet\"><\/td><td>23<\/td><td>31:50.291<\/td><td>1.027<\/td><\/tr><tr><td>4<\/td><td>117<\/td><td>ROSSI, MAT\u00cdAS<\/td><td><img decoding=\"async\" src=\"https:\/\/toprace.com.ar\/vistas\/tr\/images\/logos\/logo-ford-sm.png\" alt=\"Ford\"><\/td><td>23<\/td><td>31:510000<\/td><td>1.736<\/td><\/tr><tr><td>5<\/td><td>3<\/td><td>FELIPPO, KEVIN<\/td><td><img decoding=\"async\" src=\"https:\/\/toprace.com.ar\/vistas\/tr\/images\/logos\/logo-lexus-sm.png\" alt=\"Lexus\"><\/td><td>23<\/td><td>31:58.859<\/td><td>9.595<\/td><\/tr><tr><td>6<\/td><td>62<\/td><td>STANG, EMILIANO<\/td><td><img decoding=\"async\" src=\"https:\/\/toprace.com.ar\/vistas\/tr\/images\/logos\/logo-fiat-sm.png\" alt=\"Fiat\"><\/td><td>23<\/td><td>32:10.201<\/td><td>20.937<\/td><\/tr><tr><td>7<\/td><td>40<\/td><td>CIARROCCHI, MARCELO<\/td><td><img decoding=\"async\" src=\"https:\/\/toprace.com.ar\/vistas\/tr\/images\/logos\/logo-lexus-sm.png\" alt=\"Lexus\"><\/td><td>23<\/td><td>32:10.603<\/td><td>21.339<\/td><\/tr><tr><td>8<\/td><td>90<\/td><td>BONNIN, MICHELL<\/td><td><img decoding=\"async\" src=\"https:\/\/toprace.com.ar\/vistas\/tr\/images\/logos\/logo-ford-sm.png\" alt=\"Ford\"><\/td><td>23<\/td><td>32:10.893<\/td><td>21.629<\/td><\/tr><tr><td>9<\/td><td>64<\/td><td>MORILLO, FRANCO<\/td><td><img decoding=\"async\" src=\"https:\/\/toprace.com.ar\/vistas\/tr\/images\/logos\/logo-mbenz-sm.png\" alt=\"M. Benz\"><\/td><td>23<\/td><td>32:24.015<\/td><td>34.751<\/td><\/tr><tr><td>10<\/td><td>88<\/td><td>CHIRIANO, ADRI\u00c1N (M)<\/td><td><img decoding=\"async\" src=\"https:\/\/toprace.com.ar\/vistas\/tr\/images\/logos\/logo-mbenz-sm.png\" alt=\"M. Benz\"><\/td><td>23<\/td><td>32:41.226<\/td><td>51.962<\/td><\/tr><tr><td>11<\/td><td>99<\/td><td>CAPURRO, MAT\u00cdAS<\/td><td><img decoding=\"async\" src=\"https:\/\/toprace.com.ar\/vistas\/tr\/images\/logos\/logo-lexus-sm.png\" alt=\"Lexus\"><\/td><td>22<\/td><td>30:41.545<\/td><td>1 Vuelta<\/td><\/tr><tr><td>12<\/td><td>33<\/td><td>GUTTLEIN, CARLOS (M)<\/td><td><img decoding=\"async\" src=\"https:\/\/toprace.com.ar\/vistas\/tr\/images\/logos\/logo-lexus-sm.png\" alt=\"Lexus\"><\/td><td>8<\/td><td>11:42.337<\/td><td>15 Vueltas<\/td><\/tr><\/tbody><\/table><\/figure>\n\n\n\n<hr class=\"wp-block-separator has-alpha-channel-opacity\"\/>\n\n\n\n<p>AUTO 3 (FELIPPO) RECARGADO CON 10 SEGUNDOS POR FALSA LARGADA.<\/p>\n\n\n\n<p>AUTO 90 (BONNIN) RECARGADO CON PUESTOS POR MANIOBRA PELIGROSA AL 62 (STANG).<\/p>\n\n\n\n<p>AUTO 40 (CIARROCCHI) RECARGO DE PUESTO POR NO RESPETAR ARTICULO 27 DEL RDA.<\/p>\n\n\n\n<p>Mejor vuelta para JOSITO DI PALMA (Fiat Cronos #1 \u2013 OCTANOS COMPETICI\u00d3N) 1:22.415<\/p>\n","protected":false},"excerpt":{"rendered":"<p>Kevin Felippo supo vencer en pista y se encaminaba a su primer triunfo en el Top Race V6 pero concluida<\/p>\n","protected":false},"author":3,"featured_media":2533,"comment_status":"open","ping_status":"open","sticky":false,"template":"","format":"standard","meta":{"colormag_page_container_layout":"default_layout","colormag_page_sidebar_layout":"default_layout","footnotes":""},"categories":[16,5],"tags":[142,677,79,658],"class_list":["post-7783","post","type-post","status-publish","format-standard","has-post-thumbnail","hentry","category-recta-principal","category-latest-news","tag-autodromo-ba","tag-facundo-aldrgighetti","tag-top-race-v6","tag-toyota-lexus"],"yoast_head":"<!-- This site is optimized with the Yoast SEO plugin v27.4 - https:\/\/yoast.com\/product\/yoast-seo-wordpress\/ -->\n<title>Autos del Podio | Cambio de mando<\/title>\n<meta name=\"description\" content=\"Autos del Podio Pas\u00f3 una nueva presentaci\u00f3n del Top Race en el Galvez con cambio de ganador mediante\" \/>\n<meta name=\"robots\" content=\"index, follow, max-snippet:-1, max-image-preview:large, max-video-preview:-1\" \/>\n<link rel=\"canonical\" href=\"http:\/\/autosdelpodio.com\/autos\/cambio-de-mando\/\" \/>\n<meta property=\"og:locale\" content=\"es_ES\" \/>\n<meta property=\"og:type\" content=\"article\" \/>\n<meta property=\"og:title\" content=\"Autos del Podio | Cambio de mando\" \/>\n<meta property=\"og:description\" content=\"Autos del Podio Pas\u00f3 una nueva presentaci\u00f3n del Top Race en el Galvez con cambio de ganador mediante\" \/>\n<meta property=\"og:url\" content=\"http:\/\/autosdelpodio.com\/autos\/cambio-de-mando\/\" \/>\n<meta property=\"og:site_name\" content=\"Autos del Podio\" \/>\n<meta property=\"article:publisher\" content=\"https:\/\/www.facebook.com\/profile.php?id=100057192590976&amp;amp%3bamp%3bamp%3bamp%3bamp%3bamp%3bamp%3bamp%3bamp%3bamp%3bamp%3bamp%3bamp%3bamp%3bamp%3bamp%3bamp%3bamp%3bref=ts\" \/>\n<meta property=\"article:published_time\" content=\"2024-07-14T16:56:48+00:00\" \/>\n<meta property=\"article:modified_time\" content=\"2024-07-14T20:50:01+00:00\" \/>\n<meta property=\"og:image\" content=\"http:\/\/autosdelpodio.com\/autos\/wp-content\/uploads\/2020\/08\/Logo_Top_Race-e1646006293842.jpg\" \/>\n\t<meta property=\"og:image:width\" content=\"200\" \/>\n\t<meta property=\"og:image:height\" content=\"200\" \/>\n\t<meta property=\"og:image:type\" content=\"image\/jpeg\" \/>\n<meta name=\"author\" content=\"autosdelpodio\" \/>\n<meta name=\"twitter:card\" content=\"summary_large_image\" \/>\n<meta name=\"twitter:creator\" content=\"@autosdelpodio\" \/>\n<meta name=\"twitter:site\" content=\"@autosdelpodio\" \/>\n<meta name=\"twitter:label1\" content=\"Escrito por\" \/>\n\t<meta name=\"twitter:data1\" content=\"autosdelpodio\" \/>\n\t<meta name=\"twitter:label2\" content=\"Tiempo de lectura\" \/>\n\t<meta name=\"twitter:data2\" content=\"4 minutos\" \/>\n<script type=\"application\/ld+json\" class=\"yoast-schema-graph\">{\"@context\":\"https:\\\/\\\/schema.org\",\"@graph\":[{\"@type\":\"Article\",\"@id\":\"http:\\\/\\\/autosdelpodio.com\\\/autos\\\/cambio-de-mando\\\/#article\",\"isPartOf\":{\"@id\":\"http:\\\/\\\/autosdelpodio.com\\\/autos\\\/cambio-de-mando\\\/\"},\"author\":{\"name\":\"autosdelpodio\",\"@id\":\"http:\\\/\\\/autosdelpodio.com\\\/autos\\\/#\\\/schema\\\/person\\\/993527a4d01c3acdd3d6bce3770bc942\"},\"headline\":\"Cambio de mando\",\"datePublished\":\"2024-07-14T16:56:48+00:00\",\"dateModified\":\"2024-07-14T20:50:01+00:00\",\"mainEntityOfPage\":{\"@id\":\"http:\\\/\\\/autosdelpodio.com\\\/autos\\\/cambio-de-mando\\\/\"},\"wordCount\":233,\"commentCount\":0,\"publisher\":{\"@id\":\"http:\\\/\\\/autosdelpodio.com\\\/autos\\\/#organization\"},\"image\":{\"@id\":\"http:\\\/\\\/autosdelpodio.com\\\/autos\\\/cambio-de-mando\\\/#primaryimage\"},\"thumbnailUrl\":\"http:\\\/\\\/autosdelpodio.com\\\/autos\\\/wp-content\\\/uploads\\\/2020\\\/08\\\/Logo_Top_Race-e1646006293842.jpg\",\"keywords\":[\"Autodromo BA\",\"Facundo Aldrgighetti\",\"Top Race V6\",\"Toyota Lexus\"],\"articleSection\":[\"Recta Principal\",\"\u00daltimas noticias\"],\"inLanguage\":\"es\",\"potentialAction\":[{\"@type\":\"CommentAction\",\"name\":\"Comment\",\"target\":[\"http:\\\/\\\/autosdelpodio.com\\\/autos\\\/cambio-de-mando\\\/#respond\"]}]},{\"@type\":\"WebPage\",\"@id\":\"http:\\\/\\\/autosdelpodio.com\\\/autos\\\/cambio-de-mando\\\/\",\"url\":\"http:\\\/\\\/autosdelpodio.com\\\/autos\\\/cambio-de-mando\\\/\",\"name\":\"Autos del Podio | Cambio de mando\",\"isPartOf\":{\"@id\":\"http:\\\/\\\/autosdelpodio.com\\\/autos\\\/#website\"},\"primaryImageOfPage\":{\"@id\":\"http:\\\/\\\/autosdelpodio.com\\\/autos\\\/cambio-de-mando\\\/#primaryimage\"},\"image\":{\"@id\":\"http:\\\/\\\/autosdelpodio.com\\\/autos\\\/cambio-de-mando\\\/#primaryimage\"},\"thumbnailUrl\":\"http:\\\/\\\/autosdelpodio.com\\\/autos\\\/wp-content\\\/uploads\\\/2020\\\/08\\\/Logo_Top_Race-e1646006293842.jpg\",\"datePublished\":\"2024-07-14T16:56:48+00:00\",\"dateModified\":\"2024-07-14T20:50:01+00:00\",\"description\":\"Autos del Podio Pas\u00f3 una nueva presentaci\u00f3n del Top Race en el Galvez con cambio de ganador mediante\",\"breadcrumb\":{\"@id\":\"http:\\\/\\\/autosdelpodio.com\\\/autos\\\/cambio-de-mando\\\/#breadcrumb\"},\"inLanguage\":\"es\",\"potentialAction\":[{\"@type\":\"ReadAction\",\"target\":[\"http:\\\/\\\/autosdelpodio.com\\\/autos\\\/cambio-de-mando\\\/\"]}]},{\"@type\":\"ImageObject\",\"inLanguage\":\"es\",\"@id\":\"http:\\\/\\\/autosdelpodio.com\\\/autos\\\/cambio-de-mando\\\/#primaryimage\",\"url\":\"http:\\\/\\\/autosdelpodio.com\\\/autos\\\/wp-content\\\/uploads\\\/2020\\\/08\\\/Logo_Top_Race-e1646006293842.jpg\",\"contentUrl\":\"http:\\\/\\\/autosdelpodio.com\\\/autos\\\/wp-content\\\/uploads\\\/2020\\\/08\\\/Logo_Top_Race-e1646006293842.jpg\",\"width\":200,\"height\":200},{\"@type\":\"BreadcrumbList\",\"@id\":\"http:\\\/\\\/autosdelpodio.com\\\/autos\\\/cambio-de-mando\\\/#breadcrumb\",\"itemListElement\":[{\"@type\":\"ListItem\",\"position\":1,\"name\":\"Portada\",\"item\":\"http:\\\/\\\/autosdelpodio.com\\\/autos\\\/\"},{\"@type\":\"ListItem\",\"position\":2,\"name\":\"Cambio de mando\"}]},{\"@type\":\"WebSite\",\"@id\":\"http:\\\/\\\/autosdelpodio.com\\\/autos\\\/#website\",\"url\":\"http:\\\/\\\/autosdelpodio.com\\\/autos\\\/\",\"name\":\"Autos del Podio\",\"description\":\"La sexta del deporte motor\",\"publisher\":{\"@id\":\"http:\\\/\\\/autosdelpodio.com\\\/autos\\\/#organization\"},\"potentialAction\":[{\"@type\":\"SearchAction\",\"target\":{\"@type\":\"EntryPoint\",\"urlTemplate\":\"http:\\\/\\\/autosdelpodio.com\\\/autos\\\/?s={search_term_string}\"},\"query-input\":{\"@type\":\"PropertyValueSpecification\",\"valueRequired\":true,\"valueName\":\"search_term_string\"}}],\"inLanguage\":\"es\"},{\"@type\":\"Organization\",\"@id\":\"http:\\\/\\\/autosdelpodio.com\\\/autos\\\/#organization\",\"name\":\"Autos del Podio\",\"url\":\"http:\\\/\\\/autosdelpodio.com\\\/autos\\\/\",\"logo\":{\"@type\":\"ImageObject\",\"inLanguage\":\"es\",\"@id\":\"http:\\\/\\\/autosdelpodio.com\\\/autos\\\/#\\\/schema\\\/logo\\\/image\\\/\",\"url\":\"http:\\\/\\\/autosdelpodio.com\\\/autos\\\/wp-content\\\/uploads\\\/2020\\\/08\\\/Logo_AR.jpg\",\"contentUrl\":\"http:\\\/\\\/autosdelpodio.com\\\/autos\\\/wp-content\\\/uploads\\\/2020\\\/08\\\/Logo_AR.jpg\",\"width\":1038,\"height\":1044,\"caption\":\"Autos del Podio\"},\"image\":{\"@id\":\"http:\\\/\\\/autosdelpodio.com\\\/autos\\\/#\\\/schema\\\/logo\\\/image\\\/\"},\"sameAs\":[\"https:\\\/\\\/www.facebook.com\\\/profile.php?id=100057192590976&amp;amp;amp;amp;amp;amp;amp;amp;amp;amp;amp;amp;amp;amp;amp;amp;amp;amp;ref=ts\",\"https:\\\/\\\/x.com\\\/autosdelpodio\",\"https:\\\/\\\/www.youtube.com\\\/user\\\/AutosdelPodio\"]},{\"@type\":\"Person\",\"@id\":\"http:\\\/\\\/autosdelpodio.com\\\/autos\\\/#\\\/schema\\\/person\\\/993527a4d01c3acdd3d6bce3770bc942\",\"name\":\"autosdelpodio\",\"image\":{\"@type\":\"ImageObject\",\"inLanguage\":\"es\",\"@id\":\"http:\\\/\\\/autosdelpodio.com\\\/autos\\\/wp-content\\\/litespeed\\\/avatar\\\/aa8f65cd201a80f6b844f63278aa84af.jpg?ver=1776798175\",\"url\":\"http:\\\/\\\/autosdelpodio.com\\\/autos\\\/wp-content\\\/litespeed\\\/avatar\\\/aa8f65cd201a80f6b844f63278aa84af.jpg?ver=1776798175\",\"contentUrl\":\"http:\\\/\\\/autosdelpodio.com\\\/autos\\\/wp-content\\\/litespeed\\\/avatar\\\/aa8f65cd201a80f6b844f63278aa84af.jpg?ver=1776798175\",\"caption\":\"autosdelpodio\"}}]}<\/script>\n<!-- \/ Yoast SEO plugin. -->","yoast_head_json":{"title":"Autos del Podio | Cambio de mando","description":"Autos del Podio Pas\u00f3 una nueva presentaci\u00f3n del Top Race en el Galvez con cambio de ganador mediante","robots":{"index":"index","follow":"follow","max-snippet":"max-snippet:-1","max-image-preview":"max-image-preview:large","max-video-preview":"max-video-preview:-1"},"canonical":"http:\/\/autosdelpodio.com\/autos\/cambio-de-mando\/","og_locale":"es_ES","og_type":"article","og_title":"Autos del Podio | Cambio de mando","og_description":"Autos del Podio Pas\u00f3 una nueva presentaci\u00f3n del Top Race en el Galvez con cambio de ganador mediante","og_url":"http:\/\/autosdelpodio.com\/autos\/cambio-de-mando\/","og_site_name":"Autos del Podio","article_publisher":"https:\/\/www.facebook.com\/profile.php?id=100057192590976&amp%3bamp%3bamp%3bamp%3bamp%3bamp%3bamp%3bamp%3bamp%3bamp%3bamp%3bamp%3bamp%3bamp%3bamp%3bamp%3bamp%3bamp%3bref=ts","article_published_time":"2024-07-14T16:56:48+00:00","article_modified_time":"2024-07-14T20:50:01+00:00","og_image":[{"width":200,"height":200,"url":"http:\/\/autosdelpodio.com\/autos\/wp-content\/uploads\/2020\/08\/Logo_Top_Race-e1646006293842.jpg","type":"image\/jpeg"}],"author":"autosdelpodio","twitter_card":"summary_large_image","twitter_creator":"@autosdelpodio","twitter_site":"@autosdelpodio","twitter_misc":{"Escrito por":"autosdelpodio","Tiempo de lectura":"4 minutos"},"schema":{"@context":"https:\/\/schema.org","@graph":[{"@type":"Article","@id":"http:\/\/autosdelpodio.com\/autos\/cambio-de-mando\/#article","isPartOf":{"@id":"http:\/\/autosdelpodio.com\/autos\/cambio-de-mando\/"},"author":{"name":"autosdelpodio","@id":"http:\/\/autosdelpodio.com\/autos\/#\/schema\/person\/993527a4d01c3acdd3d6bce3770bc942"},"headline":"Cambio de mando","datePublished":"2024-07-14T16:56:48+00:00","dateModified":"2024-07-14T20:50:01+00:00","mainEntityOfPage":{"@id":"http:\/\/autosdelpodio.com\/autos\/cambio-de-mando\/"},"wordCount":233,"commentCount":0,"publisher":{"@id":"http:\/\/autosdelpodio.com\/autos\/#organization"},"image":{"@id":"http:\/\/autosdelpodio.com\/autos\/cambio-de-mando\/#primaryimage"},"thumbnailUrl":"http:\/\/autosdelpodio.com\/autos\/wp-content\/uploads\/2020\/08\/Logo_Top_Race-e1646006293842.jpg","keywords":["Autodromo BA","Facundo Aldrgighetti","Top Race V6","Toyota Lexus"],"articleSection":["Recta Principal","\u00daltimas noticias"],"inLanguage":"es","potentialAction":[{"@type":"CommentAction","name":"Comment","target":["http:\/\/autosdelpodio.com\/autos\/cambio-de-mando\/#respond"]}]},{"@type":"WebPage","@id":"http:\/\/autosdelpodio.com\/autos\/cambio-de-mando\/","url":"http:\/\/autosdelpodio.com\/autos\/cambio-de-mando\/","name":"Autos del Podio | Cambio de mando","isPartOf":{"@id":"http:\/\/autosdelpodio.com\/autos\/#website"},"primaryImageOfPage":{"@id":"http:\/\/autosdelpodio.com\/autos\/cambio-de-mando\/#primaryimage"},"image":{"@id":"http:\/\/autosdelpodio.com\/autos\/cambio-de-mando\/#primaryimage"},"thumbnailUrl":"http:\/\/autosdelpodio.com\/autos\/wp-content\/uploads\/2020\/08\/Logo_Top_Race-e1646006293842.jpg","datePublished":"2024-07-14T16:56:48+00:00","dateModified":"2024-07-14T20:50:01+00:00","description":"Autos del Podio Pas\u00f3 una nueva presentaci\u00f3n del Top Race en el Galvez con cambio de ganador mediante","breadcrumb":{"@id":"http:\/\/autosdelpodio.com\/autos\/cambio-de-mando\/#breadcrumb"},"inLanguage":"es","potentialAction":[{"@type":"ReadAction","target":["http:\/\/autosdelpodio.com\/autos\/cambio-de-mando\/"]}]},{"@type":"ImageObject","inLanguage":"es","@id":"http:\/\/autosdelpodio.com\/autos\/cambio-de-mando\/#primaryimage","url":"http:\/\/autosdelpodio.com\/autos\/wp-content\/uploads\/2020\/08\/Logo_Top_Race-e1646006293842.jpg","contentUrl":"http:\/\/autosdelpodio.com\/autos\/wp-content\/uploads\/2020\/08\/Logo_Top_Race-e1646006293842.jpg","width":200,"height":200},{"@type":"BreadcrumbList","@id":"http:\/\/autosdelpodio.com\/autos\/cambio-de-mando\/#breadcrumb","itemListElement":[{"@type":"ListItem","position":1,"name":"Portada","item":"http:\/\/autosdelpodio.com\/autos\/"},{"@type":"ListItem","position":2,"name":"Cambio de mando"}]},{"@type":"WebSite","@id":"http:\/\/autosdelpodio.com\/autos\/#website","url":"http:\/\/autosdelpodio.com\/autos\/","name":"Autos del Podio","description":"La sexta del deporte motor","publisher":{"@id":"http:\/\/autosdelpodio.com\/autos\/#organization"},"potentialAction":[{"@type":"SearchAction","target":{"@type":"EntryPoint","urlTemplate":"http:\/\/autosdelpodio.com\/autos\/?s={search_term_string}"},"query-input":{"@type":"PropertyValueSpecification","valueRequired":true,"valueName":"search_term_string"}}],"inLanguage":"es"},{"@type":"Organization","@id":"http:\/\/autosdelpodio.com\/autos\/#organization","name":"Autos del Podio","url":"http:\/\/autosdelpodio.com\/autos\/","logo":{"@type":"ImageObject","inLanguage":"es","@id":"http:\/\/autosdelpodio.com\/autos\/#\/schema\/logo\/image\/","url":"http:\/\/autosdelpodio.com\/autos\/wp-content\/uploads\/2020\/08\/Logo_AR.jpg","contentUrl":"http:\/\/autosdelpodio.com\/autos\/wp-content\/uploads\/2020\/08\/Logo_AR.jpg","width":1038,"height":1044,"caption":"Autos del Podio"},"image":{"@id":"http:\/\/autosdelpodio.com\/autos\/#\/schema\/logo\/image\/"},"sameAs":["https:\/\/www.facebook.com\/profile.php?id=100057192590976&amp;amp;amp;amp;amp;amp;amp;amp;amp;amp;amp;amp;amp;amp;amp;amp;amp;amp;ref=ts","https:\/\/x.com\/autosdelpodio","https:\/\/www.youtube.com\/user\/AutosdelPodio"]},{"@type":"Person","@id":"http:\/\/autosdelpodio.com\/autos\/#\/schema\/person\/993527a4d01c3acdd3d6bce3770bc942","name":"autosdelpodio","image":{"@type":"ImageObject","inLanguage":"es","@id":"http:\/\/autosdelpodio.com\/autos\/wp-content\/litespeed\/avatar\/aa8f65cd201a80f6b844f63278aa84af.jpg?ver=1776798175","url":"http:\/\/autosdelpodio.com\/autos\/wp-content\/litespeed\/avatar\/aa8f65cd201a80f6b844f63278aa84af.jpg?ver=1776798175","contentUrl":"http:\/\/autosdelpodio.com\/autos\/wp-content\/litespeed\/avatar\/aa8f65cd201a80f6b844f63278aa84af.jpg?ver=1776798175","caption":"autosdelpodio"}}]}},"views":482,"_links":{"self":[{"href":"http:\/\/autosdelpodio.com\/autos\/wp-json\/wp\/v2\/posts\/7783","targetHints":{"allow":["GET"]}}],"collection":[{"href":"http:\/\/autosdelpodio.com\/autos\/wp-json\/wp\/v2\/posts"}],"about":[{"href":"http:\/\/autosdelpodio.com\/autos\/wp-json\/wp\/v2\/types\/post"}],"author":[{"embeddable":true,"href":"http:\/\/autosdelpodio.com\/autos\/wp-json\/wp\/v2\/users\/3"}],"replies":[{"embeddable":true,"href":"http:\/\/autosdelpodio.com\/autos\/wp-json\/wp\/v2\/comments?post=7783"}],"version-history":[{"count":4,"href":"http:\/\/autosdelpodio.com\/autos\/wp-json\/wp\/v2\/posts\/7783\/revisions"}],"predecessor-version":[{"id":7790,"href":"http:\/\/autosdelpodio.com\/autos\/wp-json\/wp\/v2\/posts\/7783\/revisions\/7790"}],"wp:featuredmedia":[{"embeddable":true,"href":"http:\/\/autosdelpodio.com\/autos\/wp-json\/wp\/v2\/media\/2533"}],"wp:attachment":[{"href":"http:\/\/autosdelpodio.com\/autos\/wp-json\/wp\/v2\/media?parent=7783"}],"wp:term":[{"taxonomy":"category","embeddable":true,"href":"http:\/\/autosdelpodio.com\/autos\/wp-json\/wp\/v2\/categories?post=7783"},{"taxonomy":"post_tag","embeddable":true,"href":"http:\/\/autosdelpodio.com\/autos\/wp-json\/wp\/v2\/tags?post=7783"}],"curies":[{"name":"wp","href":"https:\/\/api.w.org\/{rel}","templated":true}]}}