{"id":7799,"date":"2024-07-23T20:22:01","date_gmt":"2024-07-23T23:22:01","guid":{"rendered":"http:\/\/autosdelpodio.com\/autos\/?p=7799"},"modified":"2024-07-23T20:22:02","modified_gmt":"2024-07-23T23:22:02","slug":"autoclasica-2024-abrio-la-preventa-de-entradas","status":"publish","type":"post","link":"http:\/\/autosdelpodio.com\/autos\/autoclasica-2024-abrio-la-preventa-de-entradas\/","title":{"rendered":"Autoclasica 2024 abri\u00f3 la preventa de entradas"},"content":{"rendered":"\n<p>La muestra de autos y motos mas importante de Latinoamerica transcurrir\u00e1 del 10 al 13 de octubre en el Hip\u00f3dromo de San Isidro. Hasta el 9 de agosto se pueden reservar las entradas a trav\u00e9s del sistema Ticketek por un valor de 18 mil pesos.<br>En esta oportunidad se celebrar\u00e1n los 120 a\u00f1os de Rolls Royce, los 110 a\u00f1os de Maserati, los 60 a\u00f1os del Porsche 911 y los 60 a\u00f1os del Ford Mustang.<br><strong>A continuaci\u00f3n detallamos el comunicado difundido por la organizaci\u00f3n<\/strong><\/p>\n\n\n\n<p><em>El mayor festival de autos y motos cl\u00e1sicos de Sudam\u00e9rica abre sus puertas nuevamente. En su vig\u00e9sima primera edici\u00f3n encontrar\u00e1n una incre\u00edble oportunidad para revivir la historia automovil\u00edstica de todo el mundo a trav\u00e9s de una exposici\u00f3n de m\u00e1s de 1.100 veh\u00edculos cl\u00e1sicos de categor\u00eda internacional.<br><a href=\"http:\/\/autosdelpodio.com\/autos\/autoclasica-2024-tiene-fecha-confirmada\/\" target=\"_blank\" rel=\"noreferrer noopener\">\u200bAUTOCLASICA 2024 <\/a>tendr\u00e1 lugar los d\u00edas 10 al 13 de octubre, de 10 a 18 hs. en el tradicional predio del Hip\u00f3dromo de San Isidro.<br>\u200bCon acceso peatonal exclusivamente por la esquina de Av. Santa Fe y M\u00e1rquez y con acceso peatonal y estacionamiento por Av. Santa Fe y Av. de la Unidad Nacional.<br>\u200bEste a\u00f1o algunos de los destacados que tendremos ser\u00e1n el 120 aniversario de Rolls Royce, 110 aniversario de Maserati, 60 aniversario del m\u00edtico Porsche 911, el 60 aniversario de Ford Mustang, entre otros.<br>\u200bEs importante mencionar que tendr\u00e1n un lugar destacado los ya cl\u00e1sicos \u201cAutojumble\u201d y \u201cMotojumble\u201d, all\u00ed donde los restauradores pueden encontrar la pieza que tanto estaban buscando, alg\u00fan punto de partida de una futura restauraci\u00f3n o simplemente revivir la historia a trav\u00e9s de los antiguos objetos.<br>PRE-VENTA (hasta el 9 de Agosto)<br>ENTRADA DIARIA: $ 18.000 por Ticketek.- (Gastos de Ticketek incluidos). V\u00e1lida para usar cualquier d\u00eda (una entrada por d\u00eda)<br>Menores de 12 a\u00f1os inclusive acompa\u00f1ados por un adulto sin cargo. Discapacitados con certificado vigente sin cargo (acompa\u00f1ante sin cargo si el certificado lo avala)<br>No hay descuento para jubilados. No se suspende por lluvia. No se puede ingresar con animales. No se puede circular en bicicleta dentro del predio. No se puede circular en monopat\u00edn dentro del predio.<\/em><\/p>\n","protected":false},"excerpt":{"rendered":"<p>La muestra de autos y motos mas importante de Latinoamerica transcurrir\u00e1 del 10 al 13 de octubre en el Hip\u00f3dromo<\/p>\n","protected":false},"author":3,"featured_media":6180,"comment_status":"open","ping_status":"open","sticky":false,"template":"","format":"standard","meta":{"colormag_page_container_layout":"default_layout","colormag_page_sidebar_layout":"default_layout","footnotes":""},"categories":[6,5],"tags":[258,43,68,259],"class_list":["post-7799","post","type-post","status-publish","format-standard","has-post-thumbnail","hentry","category-newsflash","category-latest-news","tag-autoclasica","tag-autos-y-motos","tag-exposiciones","tag-san-isidro"],"yoast_head":"<!-- This site is optimized with the Yoast SEO plugin v27.5 - https:\/\/yoast.com\/product\/yoast-seo-wordpress\/ -->\n<title>Autos del Podio | Autoclasica 2024 abri\u00f3 la preventa de entradas<\/title>\n<meta name=\"description\" content=\"Autos del Podio Hasta el 9 de agosto se pueden reservar las entradas\" \/>\n<meta name=\"robots\" content=\"index, follow, max-snippet:-1, max-image-preview:large, max-video-preview:-1\" \/>\n<link rel=\"canonical\" href=\"http:\/\/autosdelpodio.com\/autos\/autoclasica-2024-abrio-la-preventa-de-entradas\/\" \/>\n<meta property=\"og:locale\" content=\"es_ES\" \/>\n<meta property=\"og:type\" content=\"article\" \/>\n<meta property=\"og:title\" content=\"Autos del Podio | Autoclasica 2024 abri\u00f3 la preventa de entradas\" \/>\n<meta property=\"og:description\" content=\"Autos del Podio Hasta el 9 de agosto se pueden reservar las entradas\" \/>\n<meta property=\"og:url\" content=\"http:\/\/autosdelpodio.com\/autos\/autoclasica-2024-abrio-la-preventa-de-entradas\/\" \/>\n<meta property=\"og:site_name\" content=\"Autos del Podio\" \/>\n<meta property=\"article:publisher\" content=\"https:\/\/www.facebook.com\/profile.php?id=100057192590976&amp;amp%3bamp%3bamp%3bamp%3bamp%3bamp%3bamp%3bamp%3bamp%3bamp%3bamp%3bamp%3bamp%3bamp%3bamp%3bamp%3bamp%3bamp%3bref=ts\" \/>\n<meta property=\"article:published_time\" content=\"2024-07-23T23:22:01+00:00\" \/>\n<meta property=\"article:modified_time\" content=\"2024-07-23T23:22:02+00:00\" \/>\n<meta property=\"og:image\" content=\"http:\/\/autosdelpodio.com\/autos\/wp-content\/uploads\/2022\/09\/Ferrari_Autoclasica_ADP.jpg\" \/>\n\t<meta property=\"og:image:width\" content=\"500\" \/>\n\t<meta property=\"og:image:height\" content=\"325\" \/>\n\t<meta property=\"og:image:type\" content=\"image\/jpeg\" \/>\n<meta name=\"author\" content=\"autosdelpodio\" \/>\n<meta name=\"twitter:card\" content=\"summary_large_image\" \/>\n<meta name=\"twitter:creator\" content=\"@autosdelpodio\" \/>\n<meta name=\"twitter:site\" content=\"@autosdelpodio\" \/>\n<meta name=\"twitter:label1\" content=\"Escrito por\" \/>\n\t<meta name=\"twitter:data1\" content=\"autosdelpodio\" \/>\n\t<meta name=\"twitter:label2\" content=\"Tiempo de lectura\" \/>\n\t<meta name=\"twitter:data2\" content=\"2 minutos\" \/>\n<script type=\"application\/ld+json\" class=\"yoast-schema-graph\">{\"@context\":\"https:\\\/\\\/schema.org\",\"@graph\":[{\"@type\":\"Article\",\"@id\":\"http:\\\/\\\/autosdelpodio.com\\\/autos\\\/autoclasica-2024-abrio-la-preventa-de-entradas\\\/#article\",\"isPartOf\":{\"@id\":\"http:\\\/\\\/autosdelpodio.com\\\/autos\\\/autoclasica-2024-abrio-la-preventa-de-entradas\\\/\"},\"author\":{\"name\":\"autosdelpodio\",\"@id\":\"http:\\\/\\\/autosdelpodio.com\\\/autos\\\/#\\\/schema\\\/person\\\/993527a4d01c3acdd3d6bce3770bc942\"},\"headline\":\"Autoclasica 2024 abri\u00f3 la preventa de entradas\",\"datePublished\":\"2024-07-23T23:22:01+00:00\",\"dateModified\":\"2024-07-23T23:22:02+00:00\",\"mainEntityOfPage\":{\"@id\":\"http:\\\/\\\/autosdelpodio.com\\\/autos\\\/autoclasica-2024-abrio-la-preventa-de-entradas\\\/\"},\"wordCount\":368,\"commentCount\":0,\"publisher\":{\"@id\":\"http:\\\/\\\/autosdelpodio.com\\\/autos\\\/#organization\"},\"image\":{\"@id\":\"http:\\\/\\\/autosdelpodio.com\\\/autos\\\/autoclasica-2024-abrio-la-preventa-de-entradas\\\/#primaryimage\"},\"thumbnailUrl\":\"http:\\\/\\\/autosdelpodio.com\\\/autos\\\/wp-content\\\/uploads\\\/2022\\\/09\\\/Ferrari_Autoclasica_ADP.jpg\",\"keywords\":[\"Autoclasica\",\"Autos y Motos\",\"Exposiciones\",\"San Isidro\"],\"articleSection\":[\"Destacado\",\"\u00daltimas noticias\"],\"inLanguage\":\"es\",\"potentialAction\":[{\"@type\":\"CommentAction\",\"name\":\"Comment\",\"target\":[\"http:\\\/\\\/autosdelpodio.com\\\/autos\\\/autoclasica-2024-abrio-la-preventa-de-entradas\\\/#respond\"]}]},{\"@type\":\"WebPage\",\"@id\":\"http:\\\/\\\/autosdelpodio.com\\\/autos\\\/autoclasica-2024-abrio-la-preventa-de-entradas\\\/\",\"url\":\"http:\\\/\\\/autosdelpodio.com\\\/autos\\\/autoclasica-2024-abrio-la-preventa-de-entradas\\\/\",\"name\":\"Autos del Podio | Autoclasica 2024 abri\u00f3 la preventa de entradas\",\"isPartOf\":{\"@id\":\"http:\\\/\\\/autosdelpodio.com\\\/autos\\\/#website\"},\"primaryImageOfPage\":{\"@id\":\"http:\\\/\\\/autosdelpodio.com\\\/autos\\\/autoclasica-2024-abrio-la-preventa-de-entradas\\\/#primaryimage\"},\"image\":{\"@id\":\"http:\\\/\\\/autosdelpodio.com\\\/autos\\\/autoclasica-2024-abrio-la-preventa-de-entradas\\\/#primaryimage\"},\"thumbnailUrl\":\"http:\\\/\\\/autosdelpodio.com\\\/autos\\\/wp-content\\\/uploads\\\/2022\\\/09\\\/Ferrari_Autoclasica_ADP.jpg\",\"datePublished\":\"2024-07-23T23:22:01+00:00\",\"dateModified\":\"2024-07-23T23:22:02+00:00\",\"description\":\"Autos del Podio Hasta el 9 de agosto se pueden reservar las entradas\",\"breadcrumb\":{\"@id\":\"http:\\\/\\\/autosdelpodio.com\\\/autos\\\/autoclasica-2024-abrio-la-preventa-de-entradas\\\/#breadcrumb\"},\"inLanguage\":\"es\",\"potentialAction\":[{\"@type\":\"ReadAction\",\"target\":[\"http:\\\/\\\/autosdelpodio.com\\\/autos\\\/autoclasica-2024-abrio-la-preventa-de-entradas\\\/\"]}]},{\"@type\":\"ImageObject\",\"inLanguage\":\"es\",\"@id\":\"http:\\\/\\\/autosdelpodio.com\\\/autos\\\/autoclasica-2024-abrio-la-preventa-de-entradas\\\/#primaryimage\",\"url\":\"http:\\\/\\\/autosdelpodio.com\\\/autos\\\/wp-content\\\/uploads\\\/2022\\\/09\\\/Ferrari_Autoclasica_ADP.jpg\",\"contentUrl\":\"http:\\\/\\\/autosdelpodio.com\\\/autos\\\/wp-content\\\/uploads\\\/2022\\\/09\\\/Ferrari_Autoclasica_ADP.jpg\",\"width\":500,\"height\":325},{\"@type\":\"BreadcrumbList\",\"@id\":\"http:\\\/\\\/autosdelpodio.com\\\/autos\\\/autoclasica-2024-abrio-la-preventa-de-entradas\\\/#breadcrumb\",\"itemListElement\":[{\"@type\":\"ListItem\",\"position\":1,\"name\":\"Portada\",\"item\":\"http:\\\/\\\/autosdelpodio.com\\\/autos\\\/\"},{\"@type\":\"ListItem\",\"position\":2,\"name\":\"Autoclasica 2024 abri\u00f3 la preventa de entradas\"}]},{\"@type\":\"WebSite\",\"@id\":\"http:\\\/\\\/autosdelpodio.com\\\/autos\\\/#website\",\"url\":\"http:\\\/\\\/autosdelpodio.com\\\/autos\\\/\",\"name\":\"Autos del Podio\",\"description\":\"La sexta del deporte motor\",\"publisher\":{\"@id\":\"http:\\\/\\\/autosdelpodio.com\\\/autos\\\/#organization\"},\"potentialAction\":[{\"@type\":\"SearchAction\",\"target\":{\"@type\":\"EntryPoint\",\"urlTemplate\":\"http:\\\/\\\/autosdelpodio.com\\\/autos\\\/?s={search_term_string}\"},\"query-input\":{\"@type\":\"PropertyValueSpecification\",\"valueRequired\":true,\"valueName\":\"search_term_string\"}}],\"inLanguage\":\"es\"},{\"@type\":\"Organization\",\"@id\":\"http:\\\/\\\/autosdelpodio.com\\\/autos\\\/#organization\",\"name\":\"Autos del Podio\",\"url\":\"http:\\\/\\\/autosdelpodio.com\\\/autos\\\/\",\"logo\":{\"@type\":\"ImageObject\",\"inLanguage\":\"es\",\"@id\":\"http:\\\/\\\/autosdelpodio.com\\\/autos\\\/#\\\/schema\\\/logo\\\/image\\\/\",\"url\":\"http:\\\/\\\/autosdelpodio.com\\\/autos\\\/wp-content\\\/uploads\\\/2020\\\/08\\\/Logo_AR.jpg\",\"contentUrl\":\"http:\\\/\\\/autosdelpodio.com\\\/autos\\\/wp-content\\\/uploads\\\/2020\\\/08\\\/Logo_AR.jpg\",\"width\":1038,\"height\":1044,\"caption\":\"Autos del Podio\"},\"image\":{\"@id\":\"http:\\\/\\\/autosdelpodio.com\\\/autos\\\/#\\\/schema\\\/logo\\\/image\\\/\"},\"sameAs\":[\"https:\\\/\\\/www.facebook.com\\\/profile.php?id=100057192590976&amp;amp;amp;amp;amp;amp;amp;amp;amp;amp;amp;amp;amp;amp;amp;amp;amp;amp;ref=ts\",\"https:\\\/\\\/x.com\\\/autosdelpodio\",\"https:\\\/\\\/www.youtube.com\\\/user\\\/AutosdelPodio\"]},{\"@type\":\"Person\",\"@id\":\"http:\\\/\\\/autosdelpodio.com\\\/autos\\\/#\\\/schema\\\/person\\\/993527a4d01c3acdd3d6bce3770bc942\",\"name\":\"autosdelpodio\",\"image\":{\"@type\":\"ImageObject\",\"inLanguage\":\"es\",\"@id\":\"http:\\\/\\\/autosdelpodio.com\\\/autos\\\/wp-content\\\/litespeed\\\/avatar\\\/aa8f65cd201a80f6b844f63278aa84af.jpg?ver=1777403005\",\"url\":\"http:\\\/\\\/autosdelpodio.com\\\/autos\\\/wp-content\\\/litespeed\\\/avatar\\\/aa8f65cd201a80f6b844f63278aa84af.jpg?ver=1777403005\",\"contentUrl\":\"http:\\\/\\\/autosdelpodio.com\\\/autos\\\/wp-content\\\/litespeed\\\/avatar\\\/aa8f65cd201a80f6b844f63278aa84af.jpg?ver=1777403005\",\"caption\":\"autosdelpodio\"}}]}<\/script>\n<!-- \/ Yoast SEO plugin. -->","yoast_head_json":{"title":"Autos del Podio | Autoclasica 2024 abri\u00f3 la preventa de entradas","description":"Autos del Podio Hasta el 9 de agosto se pueden reservar las entradas","robots":{"index":"index","follow":"follow","max-snippet":"max-snippet:-1","max-image-preview":"max-image-preview:large","max-video-preview":"max-video-preview:-1"},"canonical":"http:\/\/autosdelpodio.com\/autos\/autoclasica-2024-abrio-la-preventa-de-entradas\/","og_locale":"es_ES","og_type":"article","og_title":"Autos del Podio | Autoclasica 2024 abri\u00f3 la preventa de entradas","og_description":"Autos del Podio Hasta el 9 de agosto se pueden reservar las entradas","og_url":"http:\/\/autosdelpodio.com\/autos\/autoclasica-2024-abrio-la-preventa-de-entradas\/","og_site_name":"Autos del Podio","article_publisher":"https:\/\/www.facebook.com\/profile.php?id=100057192590976&amp%3bamp%3bamp%3bamp%3bamp%3bamp%3bamp%3bamp%3bamp%3bamp%3bamp%3bamp%3bamp%3bamp%3bamp%3bamp%3bamp%3bamp%3bref=ts","article_published_time":"2024-07-23T23:22:01+00:00","article_modified_time":"2024-07-23T23:22:02+00:00","og_image":[{"width":500,"height":325,"url":"http:\/\/autosdelpodio.com\/autos\/wp-content\/uploads\/2022\/09\/Ferrari_Autoclasica_ADP.jpg","type":"image\/jpeg"}],"author":"autosdelpodio","twitter_card":"summary_large_image","twitter_creator":"@autosdelpodio","twitter_site":"@autosdelpodio","twitter_misc":{"Escrito por":"autosdelpodio","Tiempo de lectura":"2 minutos"},"schema":{"@context":"https:\/\/schema.org","@graph":[{"@type":"Article","@id":"http:\/\/autosdelpodio.com\/autos\/autoclasica-2024-abrio-la-preventa-de-entradas\/#article","isPartOf":{"@id":"http:\/\/autosdelpodio.com\/autos\/autoclasica-2024-abrio-la-preventa-de-entradas\/"},"author":{"name":"autosdelpodio","@id":"http:\/\/autosdelpodio.com\/autos\/#\/schema\/person\/993527a4d01c3acdd3d6bce3770bc942"},"headline":"Autoclasica 2024 abri\u00f3 la preventa de entradas","datePublished":"2024-07-23T23:22:01+00:00","dateModified":"2024-07-23T23:22:02+00:00","mainEntityOfPage":{"@id":"http:\/\/autosdelpodio.com\/autos\/autoclasica-2024-abrio-la-preventa-de-entradas\/"},"wordCount":368,"commentCount":0,"publisher":{"@id":"http:\/\/autosdelpodio.com\/autos\/#organization"},"image":{"@id":"http:\/\/autosdelpodio.com\/autos\/autoclasica-2024-abrio-la-preventa-de-entradas\/#primaryimage"},"thumbnailUrl":"http:\/\/autosdelpodio.com\/autos\/wp-content\/uploads\/2022\/09\/Ferrari_Autoclasica_ADP.jpg","keywords":["Autoclasica","Autos y Motos","Exposiciones","San Isidro"],"articleSection":["Destacado","\u00daltimas noticias"],"inLanguage":"es","potentialAction":[{"@type":"CommentAction","name":"Comment","target":["http:\/\/autosdelpodio.com\/autos\/autoclasica-2024-abrio-la-preventa-de-entradas\/#respond"]}]},{"@type":"WebPage","@id":"http:\/\/autosdelpodio.com\/autos\/autoclasica-2024-abrio-la-preventa-de-entradas\/","url":"http:\/\/autosdelpodio.com\/autos\/autoclasica-2024-abrio-la-preventa-de-entradas\/","name":"Autos del Podio | Autoclasica 2024 abri\u00f3 la preventa de entradas","isPartOf":{"@id":"http:\/\/autosdelpodio.com\/autos\/#website"},"primaryImageOfPage":{"@id":"http:\/\/autosdelpodio.com\/autos\/autoclasica-2024-abrio-la-preventa-de-entradas\/#primaryimage"},"image":{"@id":"http:\/\/autosdelpodio.com\/autos\/autoclasica-2024-abrio-la-preventa-de-entradas\/#primaryimage"},"thumbnailUrl":"http:\/\/autosdelpodio.com\/autos\/wp-content\/uploads\/2022\/09\/Ferrari_Autoclasica_ADP.jpg","datePublished":"2024-07-23T23:22:01+00:00","dateModified":"2024-07-23T23:22:02+00:00","description":"Autos del Podio Hasta el 9 de agosto se pueden reservar las entradas","breadcrumb":{"@id":"http:\/\/autosdelpodio.com\/autos\/autoclasica-2024-abrio-la-preventa-de-entradas\/#breadcrumb"},"inLanguage":"es","potentialAction":[{"@type":"ReadAction","target":["http:\/\/autosdelpodio.com\/autos\/autoclasica-2024-abrio-la-preventa-de-entradas\/"]}]},{"@type":"ImageObject","inLanguage":"es","@id":"http:\/\/autosdelpodio.com\/autos\/autoclasica-2024-abrio-la-preventa-de-entradas\/#primaryimage","url":"http:\/\/autosdelpodio.com\/autos\/wp-content\/uploads\/2022\/09\/Ferrari_Autoclasica_ADP.jpg","contentUrl":"http:\/\/autosdelpodio.com\/autos\/wp-content\/uploads\/2022\/09\/Ferrari_Autoclasica_ADP.jpg","width":500,"height":325},{"@type":"BreadcrumbList","@id":"http:\/\/autosdelpodio.com\/autos\/autoclasica-2024-abrio-la-preventa-de-entradas\/#breadcrumb","itemListElement":[{"@type":"ListItem","position":1,"name":"Portada","item":"http:\/\/autosdelpodio.com\/autos\/"},{"@type":"ListItem","position":2,"name":"Autoclasica 2024 abri\u00f3 la preventa de entradas"}]},{"@type":"WebSite","@id":"http:\/\/autosdelpodio.com\/autos\/#website","url":"http:\/\/autosdelpodio.com\/autos\/","name":"Autos del Podio","description":"La sexta del deporte motor","publisher":{"@id":"http:\/\/autosdelpodio.com\/autos\/#organization"},"potentialAction":[{"@type":"SearchAction","target":{"@type":"EntryPoint","urlTemplate":"http:\/\/autosdelpodio.com\/autos\/?s={search_term_string}"},"query-input":{"@type":"PropertyValueSpecification","valueRequired":true,"valueName":"search_term_string"}}],"inLanguage":"es"},{"@type":"Organization","@id":"http:\/\/autosdelpodio.com\/autos\/#organization","name":"Autos del Podio","url":"http:\/\/autosdelpodio.com\/autos\/","logo":{"@type":"ImageObject","inLanguage":"es","@id":"http:\/\/autosdelpodio.com\/autos\/#\/schema\/logo\/image\/","url":"http:\/\/autosdelpodio.com\/autos\/wp-content\/uploads\/2020\/08\/Logo_AR.jpg","contentUrl":"http:\/\/autosdelpodio.com\/autos\/wp-content\/uploads\/2020\/08\/Logo_AR.jpg","width":1038,"height":1044,"caption":"Autos del Podio"},"image":{"@id":"http:\/\/autosdelpodio.com\/autos\/#\/schema\/logo\/image\/"},"sameAs":["https:\/\/www.facebook.com\/profile.php?id=100057192590976&amp;amp;amp;amp;amp;amp;amp;amp;amp;amp;amp;amp;amp;amp;amp;amp;amp;amp;ref=ts","https:\/\/x.com\/autosdelpodio","https:\/\/www.youtube.com\/user\/AutosdelPodio"]},{"@type":"Person","@id":"http:\/\/autosdelpodio.com\/autos\/#\/schema\/person\/993527a4d01c3acdd3d6bce3770bc942","name":"autosdelpodio","image":{"@type":"ImageObject","inLanguage":"es","@id":"http:\/\/autosdelpodio.com\/autos\/wp-content\/litespeed\/avatar\/aa8f65cd201a80f6b844f63278aa84af.jpg?ver=1777403005","url":"http:\/\/autosdelpodio.com\/autos\/wp-content\/litespeed\/avatar\/aa8f65cd201a80f6b844f63278aa84af.jpg?ver=1777403005","contentUrl":"http:\/\/autosdelpodio.com\/autos\/wp-content\/litespeed\/avatar\/aa8f65cd201a80f6b844f63278aa84af.jpg?ver=1777403005","caption":"autosdelpodio"}}]}},"views":480,"_links":{"self":[{"href":"http:\/\/autosdelpodio.com\/autos\/wp-json\/wp\/v2\/posts\/7799","targetHints":{"allow":["GET"]}}],"collection":[{"href":"http:\/\/autosdelpodio.com\/autos\/wp-json\/wp\/v2\/posts"}],"about":[{"href":"http:\/\/autosdelpodio.com\/autos\/wp-json\/wp\/v2\/types\/post"}],"author":[{"embeddable":true,"href":"http:\/\/autosdelpodio.com\/autos\/wp-json\/wp\/v2\/users\/3"}],"replies":[{"embeddable":true,"href":"http:\/\/autosdelpodio.com\/autos\/wp-json\/wp\/v2\/comments?post=7799"}],"version-history":[{"count":1,"href":"http:\/\/autosdelpodio.com\/autos\/wp-json\/wp\/v2\/posts\/7799\/revisions"}],"predecessor-version":[{"id":7800,"href":"http:\/\/autosdelpodio.com\/autos\/wp-json\/wp\/v2\/posts\/7799\/revisions\/7800"}],"wp:featuredmedia":[{"embeddable":true,"href":"http:\/\/autosdelpodio.com\/autos\/wp-json\/wp\/v2\/media\/6180"}],"wp:attachment":[{"href":"http:\/\/autosdelpodio.com\/autos\/wp-json\/wp\/v2\/media?parent=7799"}],"wp:term":[{"taxonomy":"category","embeddable":true,"href":"http:\/\/autosdelpodio.com\/autos\/wp-json\/wp\/v2\/categories?post=7799"},{"taxonomy":"post_tag","embeddable":true,"href":"http:\/\/autosdelpodio.com\/autos\/wp-json\/wp\/v2\/tags?post=7799"}],"curies":[{"name":"wp","href":"https:\/\/api.w.org\/{rel}","templated":true}]}}