{"id":780,"date":"2013-07-21T19:23:09","date_gmt":"2013-07-21T19:23:09","guid":{"rendered":"http:\/\/autosdelpodio.com\/autos\/2013\/07\/21\/la-septima-victoria-de-ledesma-en-el-galvez\/"},"modified":"2013-07-21T19:23:09","modified_gmt":"2013-07-21T19:23:09","slug":"la-septima-victoria-de-ledesma-en-el-galvez","status":"publish","type":"post","link":"http:\/\/autosdelpodio.com\/autos\/la-septima-victoria-de-ledesma-en-el-galvez\/","title":{"rendered":"La s\u00e9ptima victoria de Ledesma en el Galvez"},"content":{"rendered":"<p style=\"text-align: justify;\"><span style=\"line-height: 1.3em;\">De punta, Christian Ledesma se llev\u00f3 todos los puntos que hab\u00eda en juego en la novena fecha del Turismo Carretera en el Autodromo de Buenos Aires y as\u00ed pudo meterse como en la historia como uno de los mas ganadores en dicho escenario, en el cual Juan Maria Traverso supo triunfar en 13 oportunidades.<\/span><\/p>\n<p style=\"text-align: justify;\">En tanto que Jos\u00e9 Mar\u00eda L\u00f3pez (Dodge) y \u00a0Mariano Altuna (quien tuvo que reconstruir a cero su Chevrolet) completaron el podio.<\/p>\n<p>  <!--more-->  <\/p>\n<p><span style=\"text-align: justify; line-height: 1.3em;\">Mariano Werner (Ford) ahora qued\u00f3 como l\u00edder del campeonato con 279 puntos, luego del abandono prematuro de Mauro Giallombardo debido a la rotura del motor de su Ford se qued\u00f3 con 271,5<\/span><\/p>\n<p style=\"text-align: justify;\">Completan los primeros lugares Diego Aventin (quien aun no gan\u00f3) con 259 y Pechito L\u00f3pez \u00a0con 252.<\/p>\n<p style=\"text-align: justify;\">La pr\u00f3xima fecha ser\u00e1 en el aut\u00f3dromo Hermanos Emiliozzi de Olavarria el pr\u00f3ximo 23, 24 y 25 de agosto.<\/p>\n<p>\u00a0<\/p>\n<p><strong>Final TC a 25 vueltas<\/strong><\/p>\n<p><span style=\"line-height: 1.3em;\">1 \u00a0 4 \u00a0 \u00a0LEDESMA, CHRISTIAN \u00a0 \u00a0 \u00a0 \u00a0 \u00a0 CHEVROLET \u00a041:21.143<\/span><\/p>\n<p>2 \u00a0 23 \u00a0 LOPEZ, JOSE MARIA \u00a0 \u00a0 \u00a0 \u00a0 \u00a0 \u00a0DODGE \u00a0 \u00a0 \u00a041:22.174 \u00a01.031<\/p>\n<p>3 \u00a0 20 \u00a0 ALTUNA, MARIANO \u00a0 \u00a0 \u00a0 \u00a0 \u00a0 \u00a0 \u00a0CHEVROLET \u00a041:23.158 \u00a02.015<\/p>\n<p>4 \u00a0 22 \u00a0 MARTINEZ, OMAR \u00a0 \u00a0 \u00a0 \u00a0 \u00a0 \u00a0 \u00a0 FORD \u00a0 \u00a0 \u00a0 41:23.715 \u00a02.572<\/p>\n<p>5 \u00a0 27 \u00a0 JALAF, MATIAS \u00a0 \u00a0 \u00a0 \u00a0 \u00a0 \u00a0 \u00a0 \u00a0FORD \u00a0 \u00a0 \u00a0 41:27.538 \u00a06.395<\/p>\n<p>6 \u00a0 10 \u00a0 CASTELLANO, JONATAN \u00a0 \u00a0 \u00a0 \u00a0 \u00a0DODGE \u00a0 \u00a0 \u00a041:27.896 \u00a06.753<\/p>\n<p>7 \u00a0 8 \u00a0 \u00a0CANAPINO, AGUSTIN \u00a0 \u00a0 \u00a0 \u00a0 \u00a0 \u00a0CHEVROLET \u00a041:28.400 \u00a07.257<\/p>\n<p>8 \u00a0 85 \u00a0 RISATTI, RICARDO \u00a0 \u00a0 \u00a0 \u00a0 \u00a0 \u00a0 DODGE \u00a0 \u00a0 \u00a041:31.486 \u00a010.343<\/p>\n<p>9 \u00a0 13 \u00a0 ALAUX, SERGIO \u00a0 \u00a0 \u00a0 \u00a0 \u00a0 \u00a0 \u00a0 \u00a0CHEVROLET \u00a041:37.772 \u00a016.629<\/p>\n<p>10 \u00a05 \u00a0 \u00a0PONCE DE LEON, GABRIEL \u00a0 \u00a0 \u00a0 FORD \u00a0 \u00a0 \u00a0 41:38.117 \u00a016.974<\/p>\n<p>11 \u00a0101 \u00a0GUERRIERI, ESTEBAN \u00a0 \u00a0 \u00a0 \u00a0 \u00a0 DODGE \u00a0 \u00a0 \u00a041:39.957 \u00a018.814<\/p>\n<p>12 \u00a031 \u00a0 OKULOVICH, CARLOS \u00a0 \u00a0 \u00a0 \u00a0 \u00a0 \u00a0TORINO \u00a0 \u00a0 41:40.159 \u00a019.016<\/p>\n<p>13 \u00a037 \u00a0 DI PALMA, LUIS JOSE(H) \u00a0 \u00a0 \u00a0 TORINO \u00a0 \u00a0 41:41.716 \u00a020.573<\/p>\n<p>14 \u00a014 \u00a0 AVENTIN, DIEGO \u00a0 \u00a0 \u00a0 \u00a0 \u00a0 \u00a0 \u00a0 FORD \u00a0 \u00a0 \u00a0 41:42.873 \u00a021.73<\/p>\n<p>15 \u00a015 \u00a0 WERNER, MARIANO \u00a0 \u00a0 \u00a0 \u00a0 \u00a0 \u00a0 \u00a0FORD \u00a0 \u00a0 \u00a0 41:43.150 \u00a022.007<\/p>\n<p>16 \u00a035 \u00a0 SOTRO, LEONEL \u00a0 \u00a0 \u00a0 \u00a0 \u00a0 \u00a0 \u00a0 \u00a0FORD \u00a0 \u00a0 \u00a0 41:43.361 \u00a022.218<\/p>\n<p>17 \u00a03 \u00a0 \u00a0ORTELLI, GUILLERMO \u00a0 \u00a0 \u00a0 \u00a0 \u00a0 CHEVROLET \u00a041:44.600 \u00a023.457<\/p>\n<p>18 \u00a029 \u00a0 BASSO, MARTIN \u00a0 \u00a0 \u00a0 \u00a0 \u00a0 \u00a0 \u00a0 \u00a0CHEVROLET \u00a041:45.927 \u00a024.784<\/p>\n<p>19 \u00a033 \u00a0 OUBI\u00d1A, ADRIAN \u00a0 \u00a0 \u00a0 \u00a0 \u00a0 \u00a0 \u00a0 FORD \u00a0 \u00a0 \u00a0 41:47.153 \u00a026.01<\/p>\n<p>20 \u00a040 \u00a0 CAMPANERA, LAUREANO \u00a0 \u00a0 \u00a0 \u00a0 \u00a0CHEVROLET \u00a041:49.333 \u00a028.19<\/p>\n<p>21 \u00a061 \u00a0 VENTRICELLI, LUCIANO \u00a0 \u00a0 \u00a0 \u00a0 DODGE \u00a0 \u00a0 \u00a041:51.187 \u00a030.044<\/p>\n<p>22 \u00a019 \u00a0 BONELLI, PROSPERO \u00a0 \u00a0 \u00a0 \u00a0 \u00a0 \u00a0FORD \u00a0 \u00a0 \u00a0 41:54.277 \u00a033.134<\/p>\n<p>23 \u00a036 \u00a0 NOLESI, MATHIAS \u00a0 \u00a0 \u00a0 \u00a0 \u00a0 \u00a0 \u00a0FORD \u00a0 \u00a0 \u00a0 41:55.934 \u00a034.791<\/p>\n<p>24 \u00a039 \u00a0 VERNA, RAFAEL \u00a0 \u00a0 \u00a0 \u00a0 \u00a0 \u00a0 \u00a0 \u00a0DODGE \u00a0 \u00a0 \u00a041:57.297 \u00a036.154<\/p>\n<p>25 \u00a024 \u00a0 PERNIA, LEONEL \u00a0 \u00a0 \u00a0 \u00a0 \u00a0 \u00a0 \u00a0 DODGE \u00a0 \u00a0 \u00a041:57.651 \u00a036.508<\/p>\n<p>26 \u00a041 \u00a0 MAZZACANE, GASTON \u00a0 \u00a0 \u00a0 \u00a0 \u00a0 \u00a0CHEVROLET \u00a042:03.578 \u00a042.435<\/p>\n<p>27 \u00a075 \u00a0 PACHO, ARIEL \u00a0 \u00a0 \u00a0 \u00a0 \u00a0 \u00a0 \u00a0 \u00a0 TORINO \u00a0 \u00a0 43:06.670 \u00a01;45,52<\/p>\n<p>28 \u00a0182 \u00a0KOHLER, CLAUDIO \u00a0 \u00a0 \u00a0 \u00a0 \u00a0 \u00a0 \u00a0DODGE<\/p>\n<p>29 \u00a06 \u00a0 \u00a0DE BENEDICTIS, JUAN BAUTISTA FORD<\/p>\n<p>30 \u00a072 \u00a0 SERRANO, MARTIN \u00a0 \u00a0 \u00a0 \u00a0 \u00a0 \u00a0 \u00a0DODGE<\/p>\n<p>31 \u00a012 \u00a0 SPATARO, EMILIANO \u00a0 \u00a0 \u00a0 \u00a0 \u00a0 \u00a0DODGE<\/p>\n<p>32 \u00a018 \u00a0 MORIATIS, EMANUEL \u00a0 \u00a0 \u00a0 \u00a0 \u00a0 \u00a0FORD<\/p>\n<p>33 \u00a025 \u00a0 SAVINO, JOSE \u00a0 \u00a0 \u00a0 \u00a0 \u00a0 \u00a0 \u00a0 \u00a0 FORD<\/p>\n<p>34 \u00a098 \u00a0 BONELLI, NICOLAS \u00a0 \u00a0 \u00a0 \u00a0 \u00a0 \u00a0 FORD<\/p>\n<p>35 \u00a028 \u00a0 UGALDE, LIONEL \u00a0 \u00a0 \u00a0 \u00a0 \u00a0 \u00a0 \u00a0 FORD<\/p>\n<p>36 \u00a011 \u00a0 PONTE, MARTIN \u00a0 \u00a0 \u00a0 \u00a0 \u00a0 \u00a0 \u00a0 \u00a0TORINO<\/p>\n<p>37 \u00a045 \u00a0 DE CARLO, DIEGO \u00a0 \u00a0 \u00a0 \u00a0 \u00a0 \u00a0 \u00a0CHEVROLET<\/p>\n","protected":false},"excerpt":{"rendered":"<p>De punta, Christian Ledesma se llev\u00f3 todos los puntos que hab\u00eda en juego en la novena fecha del Turismo Carretera<\/p>\n","protected":false},"author":1,"featured_media":0,"comment_status":"open","ping_status":"open","sticky":false,"template":"","format":"standard","meta":{"colormag_page_container_layout":"default_layout","colormag_page_sidebar_layout":"default_layout","footnotes":""},"categories":[5],"tags":[],"class_list":["post-780","post","type-post","status-publish","format-standard","hentry","category-latest-news"],"yoast_head":"<!-- This site is optimized with the Yoast SEO plugin v27.5 - https:\/\/yoast.com\/product\/yoast-seo-wordpress\/ -->\n<title>Autos del Podio | La s\u00e9ptima victoria de Ledesma en el Galvez<\/title>\n<meta name=\"description\" content=\"Autos del Podio\" \/>\n<meta name=\"robots\" content=\"index, follow, max-snippet:-1, max-image-preview:large, max-video-preview:-1\" \/>\n<link rel=\"canonical\" href=\"http:\/\/autosdelpodio.com\/autos\/la-septima-victoria-de-ledesma-en-el-galvez\/\" \/>\n<meta property=\"og:locale\" content=\"es_ES\" \/>\n<meta property=\"og:type\" content=\"article\" \/>\n<meta property=\"og:title\" content=\"Autos del Podio | La s\u00e9ptima victoria de Ledesma en el Galvez\" \/>\n<meta property=\"og:description\" content=\"Autos del Podio\" \/>\n<meta property=\"og:url\" content=\"http:\/\/autosdelpodio.com\/autos\/la-septima-victoria-de-ledesma-en-el-galvez\/\" \/>\n<meta property=\"og:site_name\" content=\"Autos del Podio\" \/>\n<meta property=\"article:publisher\" content=\"https:\/\/www.facebook.com\/profile.php?id=100057192590976&amp;amp%3bamp%3bamp%3bamp%3bamp%3bamp%3bamp%3bamp%3bamp%3bamp%3bamp%3bamp%3bamp%3bamp%3bamp%3bamp%3bamp%3bamp%3bref=ts\" \/>\n<meta property=\"article:published_time\" content=\"2013-07-21T19:23:09+00:00\" \/>\n<meta name=\"author\" content=\"wi022230\" \/>\n<meta name=\"twitter:card\" content=\"summary_large_image\" \/>\n<meta name=\"twitter:creator\" content=\"@autosdelpodio\" \/>\n<meta name=\"twitter:site\" content=\"@autosdelpodio\" \/>\n<meta name=\"twitter:label1\" content=\"Escrito por\" \/>\n\t<meta name=\"twitter:data1\" content=\"wi022230\" \/>\n\t<meta name=\"twitter:label2\" content=\"Tiempo de lectura\" \/>\n\t<meta name=\"twitter:data2\" content=\"1 minuto\" \/>\n<script type=\"application\/ld+json\" class=\"yoast-schema-graph\">{\"@context\":\"https:\\\/\\\/schema.org\",\"@graph\":[{\"@type\":\"Article\",\"@id\":\"http:\\\/\\\/autosdelpodio.com\\\/autos\\\/la-septima-victoria-de-ledesma-en-el-galvez\\\/#article\",\"isPartOf\":{\"@id\":\"http:\\\/\\\/autosdelpodio.com\\\/autos\\\/la-septima-victoria-de-ledesma-en-el-galvez\\\/\"},\"author\":{\"name\":\"wi022230\",\"@id\":\"http:\\\/\\\/autosdelpodio.com\\\/autos\\\/#\\\/schema\\\/person\\\/e88353cabf768863fdf874e30120f3ba\"},\"headline\":\"La s\u00e9ptima victoria de Ledesma en el Galvez\",\"datePublished\":\"2013-07-21T19:23:09+00:00\",\"mainEntityOfPage\":{\"@id\":\"http:\\\/\\\/autosdelpodio.com\\\/autos\\\/la-septima-victoria-de-ledesma-en-el-galvez\\\/\"},\"wordCount\":277,\"commentCount\":0,\"publisher\":{\"@id\":\"http:\\\/\\\/autosdelpodio.com\\\/autos\\\/#organization\"},\"articleSection\":[\"\u00daltimas noticias\"],\"inLanguage\":\"es\",\"potentialAction\":[{\"@type\":\"CommentAction\",\"name\":\"Comment\",\"target\":[\"http:\\\/\\\/autosdelpodio.com\\\/autos\\\/la-septima-victoria-de-ledesma-en-el-galvez\\\/#respond\"]}]},{\"@type\":\"WebPage\",\"@id\":\"http:\\\/\\\/autosdelpodio.com\\\/autos\\\/la-septima-victoria-de-ledesma-en-el-galvez\\\/\",\"url\":\"http:\\\/\\\/autosdelpodio.com\\\/autos\\\/la-septima-victoria-de-ledesma-en-el-galvez\\\/\",\"name\":\"Autos del Podio | La s\u00e9ptima victoria de Ledesma en el Galvez\",\"isPartOf\":{\"@id\":\"http:\\\/\\\/autosdelpodio.com\\\/autos\\\/#website\"},\"datePublished\":\"2013-07-21T19:23:09+00:00\",\"description\":\"Autos del Podio\",\"breadcrumb\":{\"@id\":\"http:\\\/\\\/autosdelpodio.com\\\/autos\\\/la-septima-victoria-de-ledesma-en-el-galvez\\\/#breadcrumb\"},\"inLanguage\":\"es\",\"potentialAction\":[{\"@type\":\"ReadAction\",\"target\":[\"http:\\\/\\\/autosdelpodio.com\\\/autos\\\/la-septima-victoria-de-ledesma-en-el-galvez\\\/\"]}]},{\"@type\":\"BreadcrumbList\",\"@id\":\"http:\\\/\\\/autosdelpodio.com\\\/autos\\\/la-septima-victoria-de-ledesma-en-el-galvez\\\/#breadcrumb\",\"itemListElement\":[{\"@type\":\"ListItem\",\"position\":1,\"name\":\"Portada\",\"item\":\"http:\\\/\\\/autosdelpodio.com\\\/autos\\\/\"},{\"@type\":\"ListItem\",\"position\":2,\"name\":\"La s\u00e9ptima victoria de Ledesma en el Galvez\"}]},{\"@type\":\"WebSite\",\"@id\":\"http:\\\/\\\/autosdelpodio.com\\\/autos\\\/#website\",\"url\":\"http:\\\/\\\/autosdelpodio.com\\\/autos\\\/\",\"name\":\"Autos del Podio\",\"description\":\"La sexta del deporte motor\",\"publisher\":{\"@id\":\"http:\\\/\\\/autosdelpodio.com\\\/autos\\\/#organization\"},\"potentialAction\":[{\"@type\":\"SearchAction\",\"target\":{\"@type\":\"EntryPoint\",\"urlTemplate\":\"http:\\\/\\\/autosdelpodio.com\\\/autos\\\/?s={search_term_string}\"},\"query-input\":{\"@type\":\"PropertyValueSpecification\",\"valueRequired\":true,\"valueName\":\"search_term_string\"}}],\"inLanguage\":\"es\"},{\"@type\":\"Organization\",\"@id\":\"http:\\\/\\\/autosdelpodio.com\\\/autos\\\/#organization\",\"name\":\"Autos del Podio\",\"url\":\"http:\\\/\\\/autosdelpodio.com\\\/autos\\\/\",\"logo\":{\"@type\":\"ImageObject\",\"inLanguage\":\"es\",\"@id\":\"http:\\\/\\\/autosdelpodio.com\\\/autos\\\/#\\\/schema\\\/logo\\\/image\\\/\",\"url\":\"http:\\\/\\\/autosdelpodio.com\\\/autos\\\/wp-content\\\/uploads\\\/2020\\\/08\\\/Logo_AR.jpg\",\"contentUrl\":\"http:\\\/\\\/autosdelpodio.com\\\/autos\\\/wp-content\\\/uploads\\\/2020\\\/08\\\/Logo_AR.jpg\",\"width\":1038,\"height\":1044,\"caption\":\"Autos del Podio\"},\"image\":{\"@id\":\"http:\\\/\\\/autosdelpodio.com\\\/autos\\\/#\\\/schema\\\/logo\\\/image\\\/\"},\"sameAs\":[\"https:\\\/\\\/www.facebook.com\\\/profile.php?id=100057192590976&amp;amp;amp;amp;amp;amp;amp;amp;amp;amp;amp;amp;amp;amp;amp;amp;amp;amp;ref=ts\",\"https:\\\/\\\/x.com\\\/autosdelpodio\",\"https:\\\/\\\/www.youtube.com\\\/user\\\/AutosdelPodio\"]},{\"@type\":\"Person\",\"@id\":\"http:\\\/\\\/autosdelpodio.com\\\/autos\\\/#\\\/schema\\\/person\\\/e88353cabf768863fdf874e30120f3ba\",\"name\":\"wi022230\",\"image\":{\"@type\":\"ImageObject\",\"inLanguage\":\"es\",\"@id\":\"http:\\\/\\\/autosdelpodio.com\\\/autos\\\/wp-content\\\/litespeed\\\/avatar\\\/453fc9bdbb11d766ba4c7f14d0bd0aa9.jpg?ver=1777404874\",\"url\":\"http:\\\/\\\/autosdelpodio.com\\\/autos\\\/wp-content\\\/litespeed\\\/avatar\\\/453fc9bdbb11d766ba4c7f14d0bd0aa9.jpg?ver=1777404874\",\"contentUrl\":\"http:\\\/\\\/autosdelpodio.com\\\/autos\\\/wp-content\\\/litespeed\\\/avatar\\\/453fc9bdbb11d766ba4c7f14d0bd0aa9.jpg?ver=1777404874\",\"caption\":\"wi022230\"}}]}<\/script>\n<!-- \/ Yoast SEO plugin. -->","yoast_head_json":{"title":"Autos del Podio | La s\u00e9ptima victoria de Ledesma en el Galvez","description":"Autos del Podio","robots":{"index":"index","follow":"follow","max-snippet":"max-snippet:-1","max-image-preview":"max-image-preview:large","max-video-preview":"max-video-preview:-1"},"canonical":"http:\/\/autosdelpodio.com\/autos\/la-septima-victoria-de-ledesma-en-el-galvez\/","og_locale":"es_ES","og_type":"article","og_title":"Autos del Podio | La s\u00e9ptima victoria de Ledesma en el Galvez","og_description":"Autos del Podio","og_url":"http:\/\/autosdelpodio.com\/autos\/la-septima-victoria-de-ledesma-en-el-galvez\/","og_site_name":"Autos del Podio","article_publisher":"https:\/\/www.facebook.com\/profile.php?id=100057192590976&amp%3bamp%3bamp%3bamp%3bamp%3bamp%3bamp%3bamp%3bamp%3bamp%3bamp%3bamp%3bamp%3bamp%3bamp%3bamp%3bamp%3bamp%3bref=ts","article_published_time":"2013-07-21T19:23:09+00:00","author":"wi022230","twitter_card":"summary_large_image","twitter_creator":"@autosdelpodio","twitter_site":"@autosdelpodio","twitter_misc":{"Escrito por":"wi022230","Tiempo de lectura":"1 minuto"},"schema":{"@context":"https:\/\/schema.org","@graph":[{"@type":"Article","@id":"http:\/\/autosdelpodio.com\/autos\/la-septima-victoria-de-ledesma-en-el-galvez\/#article","isPartOf":{"@id":"http:\/\/autosdelpodio.com\/autos\/la-septima-victoria-de-ledesma-en-el-galvez\/"},"author":{"name":"wi022230","@id":"http:\/\/autosdelpodio.com\/autos\/#\/schema\/person\/e88353cabf768863fdf874e30120f3ba"},"headline":"La s\u00e9ptima victoria de Ledesma en el Galvez","datePublished":"2013-07-21T19:23:09+00:00","mainEntityOfPage":{"@id":"http:\/\/autosdelpodio.com\/autos\/la-septima-victoria-de-ledesma-en-el-galvez\/"},"wordCount":277,"commentCount":0,"publisher":{"@id":"http:\/\/autosdelpodio.com\/autos\/#organization"},"articleSection":["\u00daltimas noticias"],"inLanguage":"es","potentialAction":[{"@type":"CommentAction","name":"Comment","target":["http:\/\/autosdelpodio.com\/autos\/la-septima-victoria-de-ledesma-en-el-galvez\/#respond"]}]},{"@type":"WebPage","@id":"http:\/\/autosdelpodio.com\/autos\/la-septima-victoria-de-ledesma-en-el-galvez\/","url":"http:\/\/autosdelpodio.com\/autos\/la-septima-victoria-de-ledesma-en-el-galvez\/","name":"Autos del Podio | La s\u00e9ptima victoria de Ledesma en el Galvez","isPartOf":{"@id":"http:\/\/autosdelpodio.com\/autos\/#website"},"datePublished":"2013-07-21T19:23:09+00:00","description":"Autos del Podio","breadcrumb":{"@id":"http:\/\/autosdelpodio.com\/autos\/la-septima-victoria-de-ledesma-en-el-galvez\/#breadcrumb"},"inLanguage":"es","potentialAction":[{"@type":"ReadAction","target":["http:\/\/autosdelpodio.com\/autos\/la-septima-victoria-de-ledesma-en-el-galvez\/"]}]},{"@type":"BreadcrumbList","@id":"http:\/\/autosdelpodio.com\/autos\/la-septima-victoria-de-ledesma-en-el-galvez\/#breadcrumb","itemListElement":[{"@type":"ListItem","position":1,"name":"Portada","item":"http:\/\/autosdelpodio.com\/autos\/"},{"@type":"ListItem","position":2,"name":"La s\u00e9ptima victoria de Ledesma en el Galvez"}]},{"@type":"WebSite","@id":"http:\/\/autosdelpodio.com\/autos\/#website","url":"http:\/\/autosdelpodio.com\/autos\/","name":"Autos del Podio","description":"La sexta del deporte motor","publisher":{"@id":"http:\/\/autosdelpodio.com\/autos\/#organization"},"potentialAction":[{"@type":"SearchAction","target":{"@type":"EntryPoint","urlTemplate":"http:\/\/autosdelpodio.com\/autos\/?s={search_term_string}"},"query-input":{"@type":"PropertyValueSpecification","valueRequired":true,"valueName":"search_term_string"}}],"inLanguage":"es"},{"@type":"Organization","@id":"http:\/\/autosdelpodio.com\/autos\/#organization","name":"Autos del Podio","url":"http:\/\/autosdelpodio.com\/autos\/","logo":{"@type":"ImageObject","inLanguage":"es","@id":"http:\/\/autosdelpodio.com\/autos\/#\/schema\/logo\/image\/","url":"http:\/\/autosdelpodio.com\/autos\/wp-content\/uploads\/2020\/08\/Logo_AR.jpg","contentUrl":"http:\/\/autosdelpodio.com\/autos\/wp-content\/uploads\/2020\/08\/Logo_AR.jpg","width":1038,"height":1044,"caption":"Autos del Podio"},"image":{"@id":"http:\/\/autosdelpodio.com\/autos\/#\/schema\/logo\/image\/"},"sameAs":["https:\/\/www.facebook.com\/profile.php?id=100057192590976&amp;amp;amp;amp;amp;amp;amp;amp;amp;amp;amp;amp;amp;amp;amp;amp;amp;amp;ref=ts","https:\/\/x.com\/autosdelpodio","https:\/\/www.youtube.com\/user\/AutosdelPodio"]},{"@type":"Person","@id":"http:\/\/autosdelpodio.com\/autos\/#\/schema\/person\/e88353cabf768863fdf874e30120f3ba","name":"wi022230","image":{"@type":"ImageObject","inLanguage":"es","@id":"http:\/\/autosdelpodio.com\/autos\/wp-content\/litespeed\/avatar\/453fc9bdbb11d766ba4c7f14d0bd0aa9.jpg?ver=1777404874","url":"http:\/\/autosdelpodio.com\/autos\/wp-content\/litespeed\/avatar\/453fc9bdbb11d766ba4c7f14d0bd0aa9.jpg?ver=1777404874","contentUrl":"http:\/\/autosdelpodio.com\/autos\/wp-content\/litespeed\/avatar\/453fc9bdbb11d766ba4c7f14d0bd0aa9.jpg?ver=1777404874","caption":"wi022230"}}]}},"views":504,"_links":{"self":[{"href":"http:\/\/autosdelpodio.com\/autos\/wp-json\/wp\/v2\/posts\/780","targetHints":{"allow":["GET"]}}],"collection":[{"href":"http:\/\/autosdelpodio.com\/autos\/wp-json\/wp\/v2\/posts"}],"about":[{"href":"http:\/\/autosdelpodio.com\/autos\/wp-json\/wp\/v2\/types\/post"}],"author":[{"embeddable":true,"href":"http:\/\/autosdelpodio.com\/autos\/wp-json\/wp\/v2\/users\/1"}],"replies":[{"embeddable":true,"href":"http:\/\/autosdelpodio.com\/autos\/wp-json\/wp\/v2\/comments?post=780"}],"version-history":[{"count":0,"href":"http:\/\/autosdelpodio.com\/autos\/wp-json\/wp\/v2\/posts\/780\/revisions"}],"wp:attachment":[{"href":"http:\/\/autosdelpodio.com\/autos\/wp-json\/wp\/v2\/media?parent=780"}],"wp:term":[{"taxonomy":"category","embeddable":true,"href":"http:\/\/autosdelpodio.com\/autos\/wp-json\/wp\/v2\/categories?post=780"},{"taxonomy":"post_tag","embeddable":true,"href":"http:\/\/autosdelpodio.com\/autos\/wp-json\/wp\/v2\/tags?post=780"}],"curies":[{"name":"wp","href":"https:\/\/api.w.org\/{rel}","templated":true}]}}