{"id":7802,"date":"2024-07-28T22:37:50","date_gmt":"2024-07-29T01:37:50","guid":{"rendered":"http:\/\/autosdelpodio.com\/autos\/?p=7802"},"modified":"2024-07-28T22:37:51","modified_gmt":"2024-07-29T01:37:51","slug":"alvarez-gano-por-primera-vez-en-el-tc","status":"publish","type":"post","link":"http:\/\/autosdelpodio.com\/autos\/alvarez-gano-por-primera-vez-en-el-tc\/","title":{"rendered":"Alvarez gan\u00f3 por primera vez en el TC"},"content":{"rendered":"\n<p>Santiago Alvarez se qued\u00f3 con el Desafio de las Estrellas en El Villicum sanjuanino.Podio 100% junto a Santiago Mangoni y Caito Risatti<br>A falta de una fecha del cierre de la Etapa Regular, ya son 5 los clasificados al Playoff: Jos\u00e9 Manuel Urcera (Mustang), Mauricio Lambiris (Mustang), Juli\u00e1n Santero (Mustang), Mariano Werner (Mustang) y Diego Ciantini (Camaro)<br>La pr\u00f3xima fecha que definir\u00e1 los 12 integrantes de la Copa de Ordo se llevar\u00e1 a cabo el 17 y 18 de agosto en el Aut\u00f3dromo Oscar y Juan Galvez de la Ciudad Buenos Aires.<\/p>\n\n\n\n<p><strong><em>Final TC &#8211; San Juan &#8211; Fecha 9<\/em><\/strong><\/p>\n\n\n\n<figure class=\"wp-block-table\"><table class=\"has-fixed-layout\"><tbody><tr><td>1\u00ba<\/td><td>\u00c1LVAREZ SANTIAGO<\/td><td>CHEVROLET (CAMARO)<\/td><td>1;10;05.854<\/td><\/tr><tr><td>2\u00ba<\/td><td>MANGONI SANTIAGO<\/td><td>CHEVROLET<\/td><td>2.039<\/td><\/tr><tr><td>3\u00ba<\/td><td>RISATTI RICARDO<\/td><td>CHEVROLET (CAMARO)<\/td><td>3.457<\/td><\/tr><tr><td>4\u00ba<\/td><td>JAKOS ANDR\u00c9S<\/td><td>TOYOTA NG<\/td><td>4.378<\/td><\/tr><tr><td>5\u00ba<\/td><td>EBARL\u00cdN JUAN JOS\u00c9<\/td><td>CHEVROLET (CAMARO)<\/td><td>4.885<\/td><\/tr><tr><td>6\u00ba<\/td><td>LEDESMA CHRISTIAN<\/td><td>CHEVROLET (CAMARO)<\/td><td>5.055<\/td><\/tr><tr><td>7\u00ba<\/td><td>LAMBIRIS MAURICIO<\/td><td>FORD (MUSTANG)<\/td><td>5.339<\/td><\/tr><tr><td>8\u00ba<\/td><td>WERNER MARIANO<\/td><td>FORD (MUSTANG)<\/td><td>5.847<\/td><\/tr><tr><td>9\u00ba<\/td><td>TRUCCO JUAN MART\u00cdN<\/td><td>DODGE (CHALLENGER)<\/td><td>6.003<\/td><\/tr><tr><td>10\u00ba<\/td><td>V\u00c1ZQUEZ MART\u00cdN<\/td><td>DODGE<\/td><td>6.394<\/td><\/tr><tr><td>11\u00ba<\/td><td>URCERA JOS\u00c9 MANUEL<\/td><td>FORD (MUSTANG)<\/td><td>6.531<\/td><\/tr><tr><td>12\u00ba<\/td><td>MART\u00cdNEZ AGUST\u00cdN<\/td><td>FORD<\/td><td>6.909<\/td><\/tr><tr><td>13\u00ba<\/td><td>TODINO GERM\u00c1N<\/td><td>FORD (MUSTANG)<\/td><td>7.102<\/td><\/tr><tr><td>14\u00ba<\/td><td>SANTERO JULI\u00c1N<\/td><td>FORD (MUSTANG)<\/td><td>7.103<\/td><\/tr><tr><td>15\u00ba<\/td><td>QUIJADA MARCOS<\/td><td>CHEVROLET (CAMARO)<\/td><td>7.459<\/td><\/tr><tr><td>16\u00ba<\/td><td>CIANTINI DIEGO<\/td><td>CHEVROLET (CAMARO)<\/td><td>7.791<\/td><\/tr><tr><td>17\u00ba<\/td><td>CRAPARO ELIO<\/td><td>DODGE<\/td><td>8.028<\/td><\/tr><tr><td>18\u00ba<\/td><td>DE LA IGLESIA LAUTARO<\/td><td>DODGE<\/td><td>8.313<\/td><\/tr><tr><td>19\u00ba<\/td><td>MAZZACANE GAST\u00d3N<\/td><td>CHEVROLET (CAMARO)<\/td><td>9.174<\/td><\/tr><tr><td>20\u00ba<\/td><td>CHAPUR FACUNDO<\/td><td>DODGE<\/td><td>9.649<\/td><\/tr><tr><td>21\u00ba<\/td><td>BONELLI NICOL\u00c1S<\/td><td>CHEVROLET (CHEVY)<\/td><td>9.793<\/td><\/tr><tr><td>22\u00ba<\/td><td>MART\u00cdNEZ TOB\u00cdAS<\/td><td>TORINO (TORINO NG)<\/td><td>10.365<\/td><\/tr><tr><td>23\u00ba<\/td><td>DE BENEDICTIS JUAN B.<\/td><td>FORD (MUSTANG)<\/td><td>10.666<\/td><\/tr><tr><td>24\u00ba<\/td><td>GINI ESTEBAN<\/td><td>TOYOTA<\/td><td>10.922<\/td><\/tr><tr><td>25\u00ba<\/td><td>ARDUSSO FACUNDO<\/td><td>CHEVROLET<\/td><td>20.320<\/td><\/tr><tr><td>26\u00ba<\/td><td>FERRANTE GAST\u00d3N<\/td><td>TOYOTA NG<\/td><td>27.136<\/td><\/tr><tr><td>27\u00ba<\/td><td>TROSSET NICOL\u00c1S<\/td><td>FORD (MUSTANG)<\/td><td>58.908<\/td><\/tr><tr><td>28\u00ba<\/td><td>FONTANA NORBERTO<\/td><td>CHEVROLET<\/td><td>1 VTA<\/td><\/tr><tr><td>29\u00ba<\/td><td>AGUIRRE VALENT\u00cdN<\/td><td>CHEVROLET (CAMARO)<\/td><td>4 VTAS<\/td><\/tr><tr><td>30\u00ba<\/td><td>CARINELLI AUGUSTO<\/td><td>DODGE<\/td><td>8 VTAS<\/td><\/tr><tr><td>31\u00ba<\/td><td>ABELLA SEBASTI\u00c1N<\/td><td>TORINO<\/td><td>9 VTAS<\/td><\/tr><tr><td>32\u00ba<\/td><td>AGRELO MARCELO<\/td><td>DODGE<\/td><td>13 VTAS<\/td><\/tr><tr><td>33\u00ba<\/td><td>FRITZLER OTTO<\/td><td>DODGE<\/td><td>15 VTAS<\/td><\/tr><tr><td>34\u00ba<\/td><td>CASTELLANO JONATAN<\/td><td>DODGE<\/td><td>18 VTAS<\/td><\/tr><tr><td>35\u00ba<\/td><td>CANDELA KEVIN<\/td><td>TORINO (TORINO NG)<\/td><td>18 VTAS<\/td><\/tr><tr><td>36\u00ba<\/td><td>SERRANO MART\u00cdN<\/td><td>TOYOTA NG<\/td><td>19 VTAS<\/td><\/tr><tr><td>37\u00ba<\/td><td>BENVENUTI JUAN CRUZ<\/td><td>CHEVROLET (CAMARO)<\/td><td>25 VTAS<\/td><\/tr><tr><td>38\u00ba<\/td><td>LANDA MARCOS<\/td><td>TORINO (TORINO NG)<\/td><td>28 VTAS<\/td><\/tr><tr><td>39\u00ba<\/td><td>CATAL\u00c1N MAGNI JUAN TOM\u00c1S<\/td><td>FORD (MUSTANG)<\/td><td>35 VTAS<\/td><\/tr><\/tbody><\/table><\/figure>\n\n\n\n<p><strong>PROMEDIO:&nbsp;<\/strong>127,442 km\/h.&nbsp;<strong>RECORD DE VUELTA:&nbsp;<\/strong>Lambiris en la vta. 18 en 1:42.270 a 149,745 km\/h.&nbsp;<strong>EXCLUIDO<\/strong>: Emiliano Spataro (Ford), por toque a Agrelo.&nbsp;<strong>RECARGADO<\/strong>: Santero por maniobra peligrosa a Todino.&nbsp;<strong>NO LARG\u00d3:<\/strong>&nbsp;Gabriel Ponce de Le\u00f3n (Ford).&nbsp;<strong>NOTA<\/strong>: tanto Lambiris, que deb\u00eda largar 32\u00ba, como Ardusso, que deb\u00eda partir 16\u00ba, lo hicieron desde los boxes.<\/p>\n","protected":false},"excerpt":{"rendered":"<p>Santiago Alvarez se qued\u00f3 con el Desafio de las Estrellas en El Villicum sanjuanino.Podio 100% junto a Santiago Mangoni y<\/p>\n","protected":false},"author":3,"featured_media":920,"comment_status":"open","ping_status":"open","sticky":false,"template":"","format":"standard","meta":{"colormag_page_container_layout":"default_layout","colormag_page_sidebar_layout":"default_layout","footnotes":""},"categories":[6,5],"tags":[809,37,316,314,808,39],"class_list":["post-7802","post","type-post","status-publish","format-standard","has-post-thumbnail","hentry","category-newsflash","category-latest-news","tag-camaro","tag-chevrolet","tag-el-villicum","tag-san-juan","tag-santiago-alvarez","tag-turismo-carretera"],"yoast_head":"<!-- This site is optimized with the Yoast SEO plugin v27.5 - https:\/\/yoast.com\/product\/yoast-seo-wordpress\/ -->\n<title>Autos del Podio | Alvarez gan\u00f3 por primera vez en el TC<\/title>\n<meta name=\"description\" content=\"La 8va edici\u00f3n del Desafio de las Estrellas en San Juan escribi\u00f3 un nuevo apellido victorioso para la historia del TC\" \/>\n<meta name=\"robots\" content=\"index, follow, max-snippet:-1, max-image-preview:large, max-video-preview:-1\" \/>\n<link rel=\"canonical\" href=\"http:\/\/autosdelpodio.com\/autos\/alvarez-gano-por-primera-vez-en-el-tc\/\" \/>\n<meta property=\"og:locale\" content=\"es_ES\" \/>\n<meta property=\"og:type\" content=\"article\" \/>\n<meta property=\"og:title\" content=\"Autos del Podio | Alvarez gan\u00f3 por primera vez en el TC\" \/>\n<meta property=\"og:description\" content=\"La 8va edici\u00f3n del Desafio de las Estrellas en San Juan escribi\u00f3 un nuevo apellido victorioso para la historia del TC\" \/>\n<meta property=\"og:url\" content=\"http:\/\/autosdelpodio.com\/autos\/alvarez-gano-por-primera-vez-en-el-tc\/\" \/>\n<meta property=\"og:site_name\" content=\"Autos del Podio\" \/>\n<meta property=\"article:publisher\" content=\"https:\/\/www.facebook.com\/profile.php?id=100057192590976&amp;amp%3bamp%3bamp%3bamp%3bamp%3bamp%3bamp%3bamp%3bamp%3bamp%3bamp%3bamp%3bamp%3bamp%3bamp%3bamp%3bamp%3bamp%3bref=ts\" \/>\n<meta property=\"article:published_time\" content=\"2024-07-29T01:37:50+00:00\" \/>\n<meta property=\"article:modified_time\" content=\"2024-07-29T01:37:51+00:00\" \/>\n<meta property=\"og:image\" content=\"http:\/\/autosdelpodio.com\/autos\/wp-content\/uploads\/2014\/01\/chevrolet_logo-e1626033178135.jpg\" \/>\n\t<meta property=\"og:image:width\" content=\"500\" \/>\n\t<meta property=\"og:image:height\" content=\"255\" \/>\n\t<meta property=\"og:image:type\" content=\"image\/jpeg\" \/>\n<meta name=\"author\" content=\"autosdelpodio\" \/>\n<meta name=\"twitter:card\" content=\"summary_large_image\" \/>\n<meta name=\"twitter:creator\" content=\"@autosdelpodio\" \/>\n<meta name=\"twitter:site\" content=\"@autosdelpodio\" \/>\n<meta name=\"twitter:label1\" content=\"Escrito por\" \/>\n\t<meta name=\"twitter:data1\" content=\"autosdelpodio\" \/>\n\t<meta name=\"twitter:label2\" content=\"Tiempo de lectura\" \/>\n\t<meta name=\"twitter:data2\" content=\"3 minutos\" \/>\n<script type=\"application\/ld+json\" class=\"yoast-schema-graph\">{\"@context\":\"https:\\\/\\\/schema.org\",\"@graph\":[{\"@type\":\"Article\",\"@id\":\"http:\\\/\\\/autosdelpodio.com\\\/autos\\\/alvarez-gano-por-primera-vez-en-el-tc\\\/#article\",\"isPartOf\":{\"@id\":\"http:\\\/\\\/autosdelpodio.com\\\/autos\\\/alvarez-gano-por-primera-vez-en-el-tc\\\/\"},\"author\":{\"name\":\"autosdelpodio\",\"@id\":\"http:\\\/\\\/autosdelpodio.com\\\/autos\\\/#\\\/schema\\\/person\\\/993527a4d01c3acdd3d6bce3770bc942\"},\"headline\":\"Alvarez gan\u00f3 por primera vez en el TC\",\"datePublished\":\"2024-07-29T01:37:50+00:00\",\"dateModified\":\"2024-07-29T01:37:51+00:00\",\"mainEntityOfPage\":{\"@id\":\"http:\\\/\\\/autosdelpodio.com\\\/autos\\\/alvarez-gano-por-primera-vez-en-el-tc\\\/\"},\"wordCount\":355,\"commentCount\":0,\"publisher\":{\"@id\":\"http:\\\/\\\/autosdelpodio.com\\\/autos\\\/#organization\"},\"image\":{\"@id\":\"http:\\\/\\\/autosdelpodio.com\\\/autos\\\/alvarez-gano-por-primera-vez-en-el-tc\\\/#primaryimage\"},\"thumbnailUrl\":\"http:\\\/\\\/autosdelpodio.com\\\/autos\\\/wp-content\\\/uploads\\\/2014\\\/01\\\/chevrolet_logo-e1626033178135.jpg\",\"keywords\":[\"Camaro\",\"Chevrolet\",\"El Villicum\",\"San Juan\",\"Santiago Alvarez\",\"Turismo Carretera\"],\"articleSection\":[\"Destacado\",\"\u00daltimas noticias\"],\"inLanguage\":\"es\",\"potentialAction\":[{\"@type\":\"CommentAction\",\"name\":\"Comment\",\"target\":[\"http:\\\/\\\/autosdelpodio.com\\\/autos\\\/alvarez-gano-por-primera-vez-en-el-tc\\\/#respond\"]}]},{\"@type\":\"WebPage\",\"@id\":\"http:\\\/\\\/autosdelpodio.com\\\/autos\\\/alvarez-gano-por-primera-vez-en-el-tc\\\/\",\"url\":\"http:\\\/\\\/autosdelpodio.com\\\/autos\\\/alvarez-gano-por-primera-vez-en-el-tc\\\/\",\"name\":\"Autos del Podio | Alvarez gan\u00f3 por primera vez en el TC\",\"isPartOf\":{\"@id\":\"http:\\\/\\\/autosdelpodio.com\\\/autos\\\/#website\"},\"primaryImageOfPage\":{\"@id\":\"http:\\\/\\\/autosdelpodio.com\\\/autos\\\/alvarez-gano-por-primera-vez-en-el-tc\\\/#primaryimage\"},\"image\":{\"@id\":\"http:\\\/\\\/autosdelpodio.com\\\/autos\\\/alvarez-gano-por-primera-vez-en-el-tc\\\/#primaryimage\"},\"thumbnailUrl\":\"http:\\\/\\\/autosdelpodio.com\\\/autos\\\/wp-content\\\/uploads\\\/2014\\\/01\\\/chevrolet_logo-e1626033178135.jpg\",\"datePublished\":\"2024-07-29T01:37:50+00:00\",\"dateModified\":\"2024-07-29T01:37:51+00:00\",\"description\":\"La 8va edici\u00f3n del Desafio de las Estrellas en San Juan escribi\u00f3 un nuevo apellido victorioso para la historia del TC\",\"breadcrumb\":{\"@id\":\"http:\\\/\\\/autosdelpodio.com\\\/autos\\\/alvarez-gano-por-primera-vez-en-el-tc\\\/#breadcrumb\"},\"inLanguage\":\"es\",\"potentialAction\":[{\"@type\":\"ReadAction\",\"target\":[\"http:\\\/\\\/autosdelpodio.com\\\/autos\\\/alvarez-gano-por-primera-vez-en-el-tc\\\/\"]}]},{\"@type\":\"ImageObject\",\"inLanguage\":\"es\",\"@id\":\"http:\\\/\\\/autosdelpodio.com\\\/autos\\\/alvarez-gano-por-primera-vez-en-el-tc\\\/#primaryimage\",\"url\":\"http:\\\/\\\/autosdelpodio.com\\\/autos\\\/wp-content\\\/uploads\\\/2014\\\/01\\\/chevrolet_logo-e1626033178135.jpg\",\"contentUrl\":\"http:\\\/\\\/autosdelpodio.com\\\/autos\\\/wp-content\\\/uploads\\\/2014\\\/01\\\/chevrolet_logo-e1626033178135.jpg\",\"width\":500,\"height\":255},{\"@type\":\"BreadcrumbList\",\"@id\":\"http:\\\/\\\/autosdelpodio.com\\\/autos\\\/alvarez-gano-por-primera-vez-en-el-tc\\\/#breadcrumb\",\"itemListElement\":[{\"@type\":\"ListItem\",\"position\":1,\"name\":\"Portada\",\"item\":\"http:\\\/\\\/autosdelpodio.com\\\/autos\\\/\"},{\"@type\":\"ListItem\",\"position\":2,\"name\":\"Alvarez gan\u00f3 por primera vez en el TC\"}]},{\"@type\":\"WebSite\",\"@id\":\"http:\\\/\\\/autosdelpodio.com\\\/autos\\\/#website\",\"url\":\"http:\\\/\\\/autosdelpodio.com\\\/autos\\\/\",\"name\":\"Autos del Podio\",\"description\":\"La sexta del deporte motor\",\"publisher\":{\"@id\":\"http:\\\/\\\/autosdelpodio.com\\\/autos\\\/#organization\"},\"potentialAction\":[{\"@type\":\"SearchAction\",\"target\":{\"@type\":\"EntryPoint\",\"urlTemplate\":\"http:\\\/\\\/autosdelpodio.com\\\/autos\\\/?s={search_term_string}\"},\"query-input\":{\"@type\":\"PropertyValueSpecification\",\"valueRequired\":true,\"valueName\":\"search_term_string\"}}],\"inLanguage\":\"es\"},{\"@type\":\"Organization\",\"@id\":\"http:\\\/\\\/autosdelpodio.com\\\/autos\\\/#organization\",\"name\":\"Autos del Podio\",\"url\":\"http:\\\/\\\/autosdelpodio.com\\\/autos\\\/\",\"logo\":{\"@type\":\"ImageObject\",\"inLanguage\":\"es\",\"@id\":\"http:\\\/\\\/autosdelpodio.com\\\/autos\\\/#\\\/schema\\\/logo\\\/image\\\/\",\"url\":\"http:\\\/\\\/autosdelpodio.com\\\/autos\\\/wp-content\\\/uploads\\\/2020\\\/08\\\/Logo_AR.jpg\",\"contentUrl\":\"http:\\\/\\\/autosdelpodio.com\\\/autos\\\/wp-content\\\/uploads\\\/2020\\\/08\\\/Logo_AR.jpg\",\"width\":1038,\"height\":1044,\"caption\":\"Autos del Podio\"},\"image\":{\"@id\":\"http:\\\/\\\/autosdelpodio.com\\\/autos\\\/#\\\/schema\\\/logo\\\/image\\\/\"},\"sameAs\":[\"https:\\\/\\\/www.facebook.com\\\/profile.php?id=100057192590976&amp;amp;amp;amp;amp;amp;amp;amp;amp;amp;amp;amp;amp;amp;amp;amp;amp;amp;ref=ts\",\"https:\\\/\\\/x.com\\\/autosdelpodio\",\"https:\\\/\\\/www.youtube.com\\\/user\\\/AutosdelPodio\"]},{\"@type\":\"Person\",\"@id\":\"http:\\\/\\\/autosdelpodio.com\\\/autos\\\/#\\\/schema\\\/person\\\/993527a4d01c3acdd3d6bce3770bc942\",\"name\":\"autosdelpodio\",\"image\":{\"@type\":\"ImageObject\",\"inLanguage\":\"es\",\"@id\":\"http:\\\/\\\/autosdelpodio.com\\\/autos\\\/wp-content\\\/litespeed\\\/avatar\\\/aa8f65cd201a80f6b844f63278aa84af.jpg?ver=1777403005\",\"url\":\"http:\\\/\\\/autosdelpodio.com\\\/autos\\\/wp-content\\\/litespeed\\\/avatar\\\/aa8f65cd201a80f6b844f63278aa84af.jpg?ver=1777403005\",\"contentUrl\":\"http:\\\/\\\/autosdelpodio.com\\\/autos\\\/wp-content\\\/litespeed\\\/avatar\\\/aa8f65cd201a80f6b844f63278aa84af.jpg?ver=1777403005\",\"caption\":\"autosdelpodio\"}}]}<\/script>\n<!-- \/ Yoast SEO plugin. -->","yoast_head_json":{"title":"Autos del Podio | Alvarez gan\u00f3 por primera vez en el TC","description":"La 8va edici\u00f3n del Desafio de las Estrellas en San Juan escribi\u00f3 un nuevo apellido victorioso para la historia del TC","robots":{"index":"index","follow":"follow","max-snippet":"max-snippet:-1","max-image-preview":"max-image-preview:large","max-video-preview":"max-video-preview:-1"},"canonical":"http:\/\/autosdelpodio.com\/autos\/alvarez-gano-por-primera-vez-en-el-tc\/","og_locale":"es_ES","og_type":"article","og_title":"Autos del Podio | Alvarez gan\u00f3 por primera vez en el TC","og_description":"La 8va edici\u00f3n del Desafio de las Estrellas en San Juan escribi\u00f3 un nuevo apellido victorioso para la historia del TC","og_url":"http:\/\/autosdelpodio.com\/autos\/alvarez-gano-por-primera-vez-en-el-tc\/","og_site_name":"Autos del Podio","article_publisher":"https:\/\/www.facebook.com\/profile.php?id=100057192590976&amp%3bamp%3bamp%3bamp%3bamp%3bamp%3bamp%3bamp%3bamp%3bamp%3bamp%3bamp%3bamp%3bamp%3bamp%3bamp%3bamp%3bamp%3bref=ts","article_published_time":"2024-07-29T01:37:50+00:00","article_modified_time":"2024-07-29T01:37:51+00:00","og_image":[{"width":500,"height":255,"url":"http:\/\/autosdelpodio.com\/autos\/wp-content\/uploads\/2014\/01\/chevrolet_logo-e1626033178135.jpg","type":"image\/jpeg"}],"author":"autosdelpodio","twitter_card":"summary_large_image","twitter_creator":"@autosdelpodio","twitter_site":"@autosdelpodio","twitter_misc":{"Escrito por":"autosdelpodio","Tiempo de lectura":"3 minutos"},"schema":{"@context":"https:\/\/schema.org","@graph":[{"@type":"Article","@id":"http:\/\/autosdelpodio.com\/autos\/alvarez-gano-por-primera-vez-en-el-tc\/#article","isPartOf":{"@id":"http:\/\/autosdelpodio.com\/autos\/alvarez-gano-por-primera-vez-en-el-tc\/"},"author":{"name":"autosdelpodio","@id":"http:\/\/autosdelpodio.com\/autos\/#\/schema\/person\/993527a4d01c3acdd3d6bce3770bc942"},"headline":"Alvarez gan\u00f3 por primera vez en el TC","datePublished":"2024-07-29T01:37:50+00:00","dateModified":"2024-07-29T01:37:51+00:00","mainEntityOfPage":{"@id":"http:\/\/autosdelpodio.com\/autos\/alvarez-gano-por-primera-vez-en-el-tc\/"},"wordCount":355,"commentCount":0,"publisher":{"@id":"http:\/\/autosdelpodio.com\/autos\/#organization"},"image":{"@id":"http:\/\/autosdelpodio.com\/autos\/alvarez-gano-por-primera-vez-en-el-tc\/#primaryimage"},"thumbnailUrl":"http:\/\/autosdelpodio.com\/autos\/wp-content\/uploads\/2014\/01\/chevrolet_logo-e1626033178135.jpg","keywords":["Camaro","Chevrolet","El Villicum","San Juan","Santiago Alvarez","Turismo Carretera"],"articleSection":["Destacado","\u00daltimas noticias"],"inLanguage":"es","potentialAction":[{"@type":"CommentAction","name":"Comment","target":["http:\/\/autosdelpodio.com\/autos\/alvarez-gano-por-primera-vez-en-el-tc\/#respond"]}]},{"@type":"WebPage","@id":"http:\/\/autosdelpodio.com\/autos\/alvarez-gano-por-primera-vez-en-el-tc\/","url":"http:\/\/autosdelpodio.com\/autos\/alvarez-gano-por-primera-vez-en-el-tc\/","name":"Autos del Podio | Alvarez gan\u00f3 por primera vez en el TC","isPartOf":{"@id":"http:\/\/autosdelpodio.com\/autos\/#website"},"primaryImageOfPage":{"@id":"http:\/\/autosdelpodio.com\/autos\/alvarez-gano-por-primera-vez-en-el-tc\/#primaryimage"},"image":{"@id":"http:\/\/autosdelpodio.com\/autos\/alvarez-gano-por-primera-vez-en-el-tc\/#primaryimage"},"thumbnailUrl":"http:\/\/autosdelpodio.com\/autos\/wp-content\/uploads\/2014\/01\/chevrolet_logo-e1626033178135.jpg","datePublished":"2024-07-29T01:37:50+00:00","dateModified":"2024-07-29T01:37:51+00:00","description":"La 8va edici\u00f3n del Desafio de las Estrellas en San Juan escribi\u00f3 un nuevo apellido victorioso para la historia del TC","breadcrumb":{"@id":"http:\/\/autosdelpodio.com\/autos\/alvarez-gano-por-primera-vez-en-el-tc\/#breadcrumb"},"inLanguage":"es","potentialAction":[{"@type":"ReadAction","target":["http:\/\/autosdelpodio.com\/autos\/alvarez-gano-por-primera-vez-en-el-tc\/"]}]},{"@type":"ImageObject","inLanguage":"es","@id":"http:\/\/autosdelpodio.com\/autos\/alvarez-gano-por-primera-vez-en-el-tc\/#primaryimage","url":"http:\/\/autosdelpodio.com\/autos\/wp-content\/uploads\/2014\/01\/chevrolet_logo-e1626033178135.jpg","contentUrl":"http:\/\/autosdelpodio.com\/autos\/wp-content\/uploads\/2014\/01\/chevrolet_logo-e1626033178135.jpg","width":500,"height":255},{"@type":"BreadcrumbList","@id":"http:\/\/autosdelpodio.com\/autos\/alvarez-gano-por-primera-vez-en-el-tc\/#breadcrumb","itemListElement":[{"@type":"ListItem","position":1,"name":"Portada","item":"http:\/\/autosdelpodio.com\/autos\/"},{"@type":"ListItem","position":2,"name":"Alvarez gan\u00f3 por primera vez en el TC"}]},{"@type":"WebSite","@id":"http:\/\/autosdelpodio.com\/autos\/#website","url":"http:\/\/autosdelpodio.com\/autos\/","name":"Autos del Podio","description":"La sexta del deporte motor","publisher":{"@id":"http:\/\/autosdelpodio.com\/autos\/#organization"},"potentialAction":[{"@type":"SearchAction","target":{"@type":"EntryPoint","urlTemplate":"http:\/\/autosdelpodio.com\/autos\/?s={search_term_string}"},"query-input":{"@type":"PropertyValueSpecification","valueRequired":true,"valueName":"search_term_string"}}],"inLanguage":"es"},{"@type":"Organization","@id":"http:\/\/autosdelpodio.com\/autos\/#organization","name":"Autos del Podio","url":"http:\/\/autosdelpodio.com\/autos\/","logo":{"@type":"ImageObject","inLanguage":"es","@id":"http:\/\/autosdelpodio.com\/autos\/#\/schema\/logo\/image\/","url":"http:\/\/autosdelpodio.com\/autos\/wp-content\/uploads\/2020\/08\/Logo_AR.jpg","contentUrl":"http:\/\/autosdelpodio.com\/autos\/wp-content\/uploads\/2020\/08\/Logo_AR.jpg","width":1038,"height":1044,"caption":"Autos del Podio"},"image":{"@id":"http:\/\/autosdelpodio.com\/autos\/#\/schema\/logo\/image\/"},"sameAs":["https:\/\/www.facebook.com\/profile.php?id=100057192590976&amp;amp;amp;amp;amp;amp;amp;amp;amp;amp;amp;amp;amp;amp;amp;amp;amp;amp;ref=ts","https:\/\/x.com\/autosdelpodio","https:\/\/www.youtube.com\/user\/AutosdelPodio"]},{"@type":"Person","@id":"http:\/\/autosdelpodio.com\/autos\/#\/schema\/person\/993527a4d01c3acdd3d6bce3770bc942","name":"autosdelpodio","image":{"@type":"ImageObject","inLanguage":"es","@id":"http:\/\/autosdelpodio.com\/autos\/wp-content\/litespeed\/avatar\/aa8f65cd201a80f6b844f63278aa84af.jpg?ver=1777403005","url":"http:\/\/autosdelpodio.com\/autos\/wp-content\/litespeed\/avatar\/aa8f65cd201a80f6b844f63278aa84af.jpg?ver=1777403005","contentUrl":"http:\/\/autosdelpodio.com\/autos\/wp-content\/litespeed\/avatar\/aa8f65cd201a80f6b844f63278aa84af.jpg?ver=1777403005","caption":"autosdelpodio"}}]}},"views":364,"_links":{"self":[{"href":"http:\/\/autosdelpodio.com\/autos\/wp-json\/wp\/v2\/posts\/7802","targetHints":{"allow":["GET"]}}],"collection":[{"href":"http:\/\/autosdelpodio.com\/autos\/wp-json\/wp\/v2\/posts"}],"about":[{"href":"http:\/\/autosdelpodio.com\/autos\/wp-json\/wp\/v2\/types\/post"}],"author":[{"embeddable":true,"href":"http:\/\/autosdelpodio.com\/autos\/wp-json\/wp\/v2\/users\/3"}],"replies":[{"embeddable":true,"href":"http:\/\/autosdelpodio.com\/autos\/wp-json\/wp\/v2\/comments?post=7802"}],"version-history":[{"count":1,"href":"http:\/\/autosdelpodio.com\/autos\/wp-json\/wp\/v2\/posts\/7802\/revisions"}],"predecessor-version":[{"id":7803,"href":"http:\/\/autosdelpodio.com\/autos\/wp-json\/wp\/v2\/posts\/7802\/revisions\/7803"}],"wp:featuredmedia":[{"embeddable":true,"href":"http:\/\/autosdelpodio.com\/autos\/wp-json\/wp\/v2\/media\/920"}],"wp:attachment":[{"href":"http:\/\/autosdelpodio.com\/autos\/wp-json\/wp\/v2\/media?parent=7802"}],"wp:term":[{"taxonomy":"category","embeddable":true,"href":"http:\/\/autosdelpodio.com\/autos\/wp-json\/wp\/v2\/categories?post=7802"},{"taxonomy":"post_tag","embeddable":true,"href":"http:\/\/autosdelpodio.com\/autos\/wp-json\/wp\/v2\/tags?post=7802"}],"curies":[{"name":"wp","href":"https:\/\/api.w.org\/{rel}","templated":true}]}}