{"id":7837,"date":"2024-08-14T16:28:51","date_gmt":"2024-08-14T19:28:51","guid":{"rendered":"http:\/\/autosdelpodio.com\/autos\/?p=7837"},"modified":"2024-08-14T16:28:52","modified_gmt":"2024-08-14T19:28:52","slug":"expo-clasicos-y-antiguos-avellaneda","status":"publish","type":"post","link":"http:\/\/autosdelpodio.com\/autos\/expo-clasicos-y-antiguos-avellaneda\/","title":{"rendered":"Expo Cl\u00e1sicos y Antiguos Avellaneda"},"content":{"rendered":"\n<p>Con motivo del 22 aniversario de AutoClub Wilde se realizar\u00e1 una exposici\u00f3n de autos cl\u00e1sicos y antiguos en la ciudad de Avellaneda.<\/p>\n\n\n\n<p>Organizado por el Autoclub Wilde, podr\u00e1 disfrutarse de autos y motor cl\u00e1sicos, m\u00fasica y food trucks.<\/p>\n\n\n\n<p><strong>\u00bfCu\u00e1ndo?<\/strong><br>25 de agosto de 2024.<\/p>\n\n\n\n<p><strong>\u00bfHorario?<\/strong><br>De 9 a 18 h.<\/p>\n\n\n\n<p><strong>\u00bfD\u00f3nde?<\/strong><br>Centro de exposiciones \u201cLa Estaci\u00f3n\u201d. Av. G\u00fcemes 700 Avellaneda.<br>Ver ubicaci\u00f3n:&nbsp;<a href=\"https:\/\/maps.app.goo.gl\/uC5E7idR9bdBYy5k9\" target=\"_blank\" rel=\"noreferrer noopener\">https:\/\/maps.app.goo.gl\/uC5E7idR9bdBYy5k9<\/a><\/p>\n\n\n\n<p><strong>\u00bfEntrada?<\/strong><br>Libre y gratuita.<\/p>\n\n\n\n<p><strong>M\u00e1s info:<\/strong>&nbsp;1136569530 (Mart\u00edn)<\/p>\n","protected":false},"excerpt":{"rendered":"<p>Con motivo del 22 aniversario de AutoClub Wilde se realizar\u00e1 una exposici\u00f3n de autos cl\u00e1sicos y antiguos en la ciudad<\/p>\n","protected":false},"author":3,"featured_media":6885,"comment_status":"open","ping_status":"open","sticky":false,"template":"","format":"standard","meta":{"colormag_page_container_layout":"default_layout","colormag_page_sidebar_layout":"default_layout","footnotes":""},"categories":[6,5],"tags":[117,118,608,755],"class_list":["post-7837","post","type-post","status-publish","format-standard","has-post-thumbnail","hentry","category-newsflash","category-latest-news","tag-autos-antiguos","tag-autos-clasicos","tag-avellaneda","tag-expo-fierro"],"yoast_head":"<!-- This site is optimized with the Yoast SEO plugin v27.4 - https:\/\/yoast.com\/product\/yoast-seo-wordpress\/ -->\n<title>Autos del Podio | Expo Cl\u00e1sicos y Antiguos Avellaneda<\/title>\n<meta name=\"description\" content=\"Autos del Podio Con motivo del 22 aniversario de AutoClub Wilde se realizar\u00e1 una exposici\u00f3n de autos cl\u00e1sicos y antiguos en la ciudad de Avellaneda.\" \/>\n<meta name=\"robots\" content=\"index, follow, max-snippet:-1, max-image-preview:large, max-video-preview:-1\" \/>\n<link rel=\"canonical\" href=\"http:\/\/autosdelpodio.com\/autos\/expo-clasicos-y-antiguos-avellaneda\/\" \/>\n<meta property=\"og:locale\" content=\"es_ES\" \/>\n<meta property=\"og:type\" content=\"article\" \/>\n<meta property=\"og:title\" content=\"Autos del Podio | Expo Cl\u00e1sicos y Antiguos Avellaneda\" \/>\n<meta property=\"og:description\" content=\"Autos del Podio Con motivo del 22 aniversario de AutoClub Wilde se realizar\u00e1 una exposici\u00f3n de autos cl\u00e1sicos y antiguos en la ciudad de Avellaneda.\" \/>\n<meta property=\"og:url\" content=\"http:\/\/autosdelpodio.com\/autos\/expo-clasicos-y-antiguos-avellaneda\/\" \/>\n<meta property=\"og:site_name\" content=\"Autos del Podio\" \/>\n<meta property=\"article:publisher\" content=\"https:\/\/www.facebook.com\/profile.php?id=100057192590976&amp;amp%3bamp%3bamp%3bamp%3bamp%3bamp%3bamp%3bamp%3bamp%3bamp%3bamp%3bamp%3bamp%3bamp%3bamp%3bamp%3bamp%3bamp%3bref=ts\" \/>\n<meta property=\"article:published_time\" content=\"2024-08-14T19:28:51+00:00\" \/>\n<meta property=\"article:modified_time\" content=\"2024-08-14T19:28:52+00:00\" \/>\n<meta property=\"og:image\" content=\"http:\/\/autosdelpodio.com\/autos\/wp-content\/uploads\/2023\/05\/Portada_Expo_Fierro_Avellaneda.jpg\" \/>\n\t<meta property=\"og:image:width\" content=\"500\" \/>\n\t<meta property=\"og:image:height\" content=\"325\" \/>\n\t<meta property=\"og:image:type\" content=\"image\/jpeg\" \/>\n<meta name=\"author\" content=\"autosdelpodio\" \/>\n<meta name=\"twitter:card\" content=\"summary_large_image\" \/>\n<meta name=\"twitter:creator\" content=\"@autosdelpodio\" \/>\n<meta name=\"twitter:site\" content=\"@autosdelpodio\" \/>\n<meta name=\"twitter:label1\" content=\"Escrito por\" \/>\n\t<meta name=\"twitter:data1\" content=\"autosdelpodio\" \/>\n\t<meta name=\"twitter:label2\" content=\"Tiempo de lectura\" \/>\n\t<meta name=\"twitter:data2\" content=\"1 minuto\" \/>\n<script type=\"application\/ld+json\" class=\"yoast-schema-graph\">{\"@context\":\"https:\\\/\\\/schema.org\",\"@graph\":[{\"@type\":\"Article\",\"@id\":\"http:\\\/\\\/autosdelpodio.com\\\/autos\\\/expo-clasicos-y-antiguos-avellaneda\\\/#article\",\"isPartOf\":{\"@id\":\"http:\\\/\\\/autosdelpodio.com\\\/autos\\\/expo-clasicos-y-antiguos-avellaneda\\\/\"},\"author\":{\"name\":\"autosdelpodio\",\"@id\":\"http:\\\/\\\/autosdelpodio.com\\\/autos\\\/#\\\/schema\\\/person\\\/993527a4d01c3acdd3d6bce3770bc942\"},\"headline\":\"Expo Cl\u00e1sicos y Antiguos Avellaneda\",\"datePublished\":\"2024-08-14T19:28:51+00:00\",\"dateModified\":\"2024-08-14T19:28:52+00:00\",\"mainEntityOfPage\":{\"@id\":\"http:\\\/\\\/autosdelpodio.com\\\/autos\\\/expo-clasicos-y-antiguos-avellaneda\\\/\"},\"wordCount\":92,\"commentCount\":0,\"publisher\":{\"@id\":\"http:\\\/\\\/autosdelpodio.com\\\/autos\\\/#organization\"},\"image\":{\"@id\":\"http:\\\/\\\/autosdelpodio.com\\\/autos\\\/expo-clasicos-y-antiguos-avellaneda\\\/#primaryimage\"},\"thumbnailUrl\":\"http:\\\/\\\/autosdelpodio.com\\\/autos\\\/wp-content\\\/uploads\\\/2023\\\/05\\\/Portada_Expo_Fierro_Avellaneda.jpg\",\"keywords\":[\"Autos antiguos\",\"Autos Clasicos\",\"Avellaneda\",\"Expo Fierro\"],\"articleSection\":[\"Destacado\",\"\u00daltimas noticias\"],\"inLanguage\":\"es\",\"potentialAction\":[{\"@type\":\"CommentAction\",\"name\":\"Comment\",\"target\":[\"http:\\\/\\\/autosdelpodio.com\\\/autos\\\/expo-clasicos-y-antiguos-avellaneda\\\/#respond\"]}]},{\"@type\":\"WebPage\",\"@id\":\"http:\\\/\\\/autosdelpodio.com\\\/autos\\\/expo-clasicos-y-antiguos-avellaneda\\\/\",\"url\":\"http:\\\/\\\/autosdelpodio.com\\\/autos\\\/expo-clasicos-y-antiguos-avellaneda\\\/\",\"name\":\"Autos del Podio | Expo Cl\u00e1sicos y Antiguos Avellaneda\",\"isPartOf\":{\"@id\":\"http:\\\/\\\/autosdelpodio.com\\\/autos\\\/#website\"},\"primaryImageOfPage\":{\"@id\":\"http:\\\/\\\/autosdelpodio.com\\\/autos\\\/expo-clasicos-y-antiguos-avellaneda\\\/#primaryimage\"},\"image\":{\"@id\":\"http:\\\/\\\/autosdelpodio.com\\\/autos\\\/expo-clasicos-y-antiguos-avellaneda\\\/#primaryimage\"},\"thumbnailUrl\":\"http:\\\/\\\/autosdelpodio.com\\\/autos\\\/wp-content\\\/uploads\\\/2023\\\/05\\\/Portada_Expo_Fierro_Avellaneda.jpg\",\"datePublished\":\"2024-08-14T19:28:51+00:00\",\"dateModified\":\"2024-08-14T19:28:52+00:00\",\"description\":\"Autos del Podio Con motivo del 22 aniversario de AutoClub Wilde se realizar\u00e1 una exposici\u00f3n de autos cl\u00e1sicos y antiguos en la ciudad de Avellaneda.\",\"breadcrumb\":{\"@id\":\"http:\\\/\\\/autosdelpodio.com\\\/autos\\\/expo-clasicos-y-antiguos-avellaneda\\\/#breadcrumb\"},\"inLanguage\":\"es\",\"potentialAction\":[{\"@type\":\"ReadAction\",\"target\":[\"http:\\\/\\\/autosdelpodio.com\\\/autos\\\/expo-clasicos-y-antiguos-avellaneda\\\/\"]}]},{\"@type\":\"ImageObject\",\"inLanguage\":\"es\",\"@id\":\"http:\\\/\\\/autosdelpodio.com\\\/autos\\\/expo-clasicos-y-antiguos-avellaneda\\\/#primaryimage\",\"url\":\"http:\\\/\\\/autosdelpodio.com\\\/autos\\\/wp-content\\\/uploads\\\/2023\\\/05\\\/Portada_Expo_Fierro_Avellaneda.jpg\",\"contentUrl\":\"http:\\\/\\\/autosdelpodio.com\\\/autos\\\/wp-content\\\/uploads\\\/2023\\\/05\\\/Portada_Expo_Fierro_Avellaneda.jpg\",\"width\":500,\"height\":325},{\"@type\":\"BreadcrumbList\",\"@id\":\"http:\\\/\\\/autosdelpodio.com\\\/autos\\\/expo-clasicos-y-antiguos-avellaneda\\\/#breadcrumb\",\"itemListElement\":[{\"@type\":\"ListItem\",\"position\":1,\"name\":\"Portada\",\"item\":\"http:\\\/\\\/autosdelpodio.com\\\/autos\\\/\"},{\"@type\":\"ListItem\",\"position\":2,\"name\":\"Expo Cl\u00e1sicos y Antiguos Avellaneda\"}]},{\"@type\":\"WebSite\",\"@id\":\"http:\\\/\\\/autosdelpodio.com\\\/autos\\\/#website\",\"url\":\"http:\\\/\\\/autosdelpodio.com\\\/autos\\\/\",\"name\":\"Autos del Podio\",\"description\":\"La sexta del deporte motor\",\"publisher\":{\"@id\":\"http:\\\/\\\/autosdelpodio.com\\\/autos\\\/#organization\"},\"potentialAction\":[{\"@type\":\"SearchAction\",\"target\":{\"@type\":\"EntryPoint\",\"urlTemplate\":\"http:\\\/\\\/autosdelpodio.com\\\/autos\\\/?s={search_term_string}\"},\"query-input\":{\"@type\":\"PropertyValueSpecification\",\"valueRequired\":true,\"valueName\":\"search_term_string\"}}],\"inLanguage\":\"es\"},{\"@type\":\"Organization\",\"@id\":\"http:\\\/\\\/autosdelpodio.com\\\/autos\\\/#organization\",\"name\":\"Autos del Podio\",\"url\":\"http:\\\/\\\/autosdelpodio.com\\\/autos\\\/\",\"logo\":{\"@type\":\"ImageObject\",\"inLanguage\":\"es\",\"@id\":\"http:\\\/\\\/autosdelpodio.com\\\/autos\\\/#\\\/schema\\\/logo\\\/image\\\/\",\"url\":\"http:\\\/\\\/autosdelpodio.com\\\/autos\\\/wp-content\\\/uploads\\\/2020\\\/08\\\/Logo_AR.jpg\",\"contentUrl\":\"http:\\\/\\\/autosdelpodio.com\\\/autos\\\/wp-content\\\/uploads\\\/2020\\\/08\\\/Logo_AR.jpg\",\"width\":1038,\"height\":1044,\"caption\":\"Autos del Podio\"},\"image\":{\"@id\":\"http:\\\/\\\/autosdelpodio.com\\\/autos\\\/#\\\/schema\\\/logo\\\/image\\\/\"},\"sameAs\":[\"https:\\\/\\\/www.facebook.com\\\/profile.php?id=100057192590976&amp;amp;amp;amp;amp;amp;amp;amp;amp;amp;amp;amp;amp;amp;amp;amp;amp;amp;ref=ts\",\"https:\\\/\\\/x.com\\\/autosdelpodio\",\"https:\\\/\\\/www.youtube.com\\\/user\\\/AutosdelPodio\"]},{\"@type\":\"Person\",\"@id\":\"http:\\\/\\\/autosdelpodio.com\\\/autos\\\/#\\\/schema\\\/person\\\/993527a4d01c3acdd3d6bce3770bc942\",\"name\":\"autosdelpodio\",\"image\":{\"@type\":\"ImageObject\",\"inLanguage\":\"es\",\"@id\":\"http:\\\/\\\/autosdelpodio.com\\\/autos\\\/wp-content\\\/litespeed\\\/avatar\\\/aa8f65cd201a80f6b844f63278aa84af.jpg?ver=1776798175\",\"url\":\"http:\\\/\\\/autosdelpodio.com\\\/autos\\\/wp-content\\\/litespeed\\\/avatar\\\/aa8f65cd201a80f6b844f63278aa84af.jpg?ver=1776798175\",\"contentUrl\":\"http:\\\/\\\/autosdelpodio.com\\\/autos\\\/wp-content\\\/litespeed\\\/avatar\\\/aa8f65cd201a80f6b844f63278aa84af.jpg?ver=1776798175\",\"caption\":\"autosdelpodio\"}}]}<\/script>\n<!-- \/ Yoast SEO plugin. -->","yoast_head_json":{"title":"Autos del Podio | Expo Cl\u00e1sicos y Antiguos Avellaneda","description":"Autos del Podio Con motivo del 22 aniversario de AutoClub Wilde se realizar\u00e1 una exposici\u00f3n de autos cl\u00e1sicos y antiguos en la ciudad de Avellaneda.","robots":{"index":"index","follow":"follow","max-snippet":"max-snippet:-1","max-image-preview":"max-image-preview:large","max-video-preview":"max-video-preview:-1"},"canonical":"http:\/\/autosdelpodio.com\/autos\/expo-clasicos-y-antiguos-avellaneda\/","og_locale":"es_ES","og_type":"article","og_title":"Autos del Podio | Expo Cl\u00e1sicos y Antiguos Avellaneda","og_description":"Autos del Podio Con motivo del 22 aniversario de AutoClub Wilde se realizar\u00e1 una exposici\u00f3n de autos cl\u00e1sicos y antiguos en la ciudad de Avellaneda.","og_url":"http:\/\/autosdelpodio.com\/autos\/expo-clasicos-y-antiguos-avellaneda\/","og_site_name":"Autos del Podio","article_publisher":"https:\/\/www.facebook.com\/profile.php?id=100057192590976&amp%3bamp%3bamp%3bamp%3bamp%3bamp%3bamp%3bamp%3bamp%3bamp%3bamp%3bamp%3bamp%3bamp%3bamp%3bamp%3bamp%3bamp%3bref=ts","article_published_time":"2024-08-14T19:28:51+00:00","article_modified_time":"2024-08-14T19:28:52+00:00","og_image":[{"width":500,"height":325,"url":"http:\/\/autosdelpodio.com\/autos\/wp-content\/uploads\/2023\/05\/Portada_Expo_Fierro_Avellaneda.jpg","type":"image\/jpeg"}],"author":"autosdelpodio","twitter_card":"summary_large_image","twitter_creator":"@autosdelpodio","twitter_site":"@autosdelpodio","twitter_misc":{"Escrito por":"autosdelpodio","Tiempo de lectura":"1 minuto"},"schema":{"@context":"https:\/\/schema.org","@graph":[{"@type":"Article","@id":"http:\/\/autosdelpodio.com\/autos\/expo-clasicos-y-antiguos-avellaneda\/#article","isPartOf":{"@id":"http:\/\/autosdelpodio.com\/autos\/expo-clasicos-y-antiguos-avellaneda\/"},"author":{"name":"autosdelpodio","@id":"http:\/\/autosdelpodio.com\/autos\/#\/schema\/person\/993527a4d01c3acdd3d6bce3770bc942"},"headline":"Expo Cl\u00e1sicos y Antiguos Avellaneda","datePublished":"2024-08-14T19:28:51+00:00","dateModified":"2024-08-14T19:28:52+00:00","mainEntityOfPage":{"@id":"http:\/\/autosdelpodio.com\/autos\/expo-clasicos-y-antiguos-avellaneda\/"},"wordCount":92,"commentCount":0,"publisher":{"@id":"http:\/\/autosdelpodio.com\/autos\/#organization"},"image":{"@id":"http:\/\/autosdelpodio.com\/autos\/expo-clasicos-y-antiguos-avellaneda\/#primaryimage"},"thumbnailUrl":"http:\/\/autosdelpodio.com\/autos\/wp-content\/uploads\/2023\/05\/Portada_Expo_Fierro_Avellaneda.jpg","keywords":["Autos antiguos","Autos Clasicos","Avellaneda","Expo Fierro"],"articleSection":["Destacado","\u00daltimas noticias"],"inLanguage":"es","potentialAction":[{"@type":"CommentAction","name":"Comment","target":["http:\/\/autosdelpodio.com\/autos\/expo-clasicos-y-antiguos-avellaneda\/#respond"]}]},{"@type":"WebPage","@id":"http:\/\/autosdelpodio.com\/autos\/expo-clasicos-y-antiguos-avellaneda\/","url":"http:\/\/autosdelpodio.com\/autos\/expo-clasicos-y-antiguos-avellaneda\/","name":"Autos del Podio | Expo Cl\u00e1sicos y Antiguos Avellaneda","isPartOf":{"@id":"http:\/\/autosdelpodio.com\/autos\/#website"},"primaryImageOfPage":{"@id":"http:\/\/autosdelpodio.com\/autos\/expo-clasicos-y-antiguos-avellaneda\/#primaryimage"},"image":{"@id":"http:\/\/autosdelpodio.com\/autos\/expo-clasicos-y-antiguos-avellaneda\/#primaryimage"},"thumbnailUrl":"http:\/\/autosdelpodio.com\/autos\/wp-content\/uploads\/2023\/05\/Portada_Expo_Fierro_Avellaneda.jpg","datePublished":"2024-08-14T19:28:51+00:00","dateModified":"2024-08-14T19:28:52+00:00","description":"Autos del Podio Con motivo del 22 aniversario de AutoClub Wilde se realizar\u00e1 una exposici\u00f3n de autos cl\u00e1sicos y antiguos en la ciudad de Avellaneda.","breadcrumb":{"@id":"http:\/\/autosdelpodio.com\/autos\/expo-clasicos-y-antiguos-avellaneda\/#breadcrumb"},"inLanguage":"es","potentialAction":[{"@type":"ReadAction","target":["http:\/\/autosdelpodio.com\/autos\/expo-clasicos-y-antiguos-avellaneda\/"]}]},{"@type":"ImageObject","inLanguage":"es","@id":"http:\/\/autosdelpodio.com\/autos\/expo-clasicos-y-antiguos-avellaneda\/#primaryimage","url":"http:\/\/autosdelpodio.com\/autos\/wp-content\/uploads\/2023\/05\/Portada_Expo_Fierro_Avellaneda.jpg","contentUrl":"http:\/\/autosdelpodio.com\/autos\/wp-content\/uploads\/2023\/05\/Portada_Expo_Fierro_Avellaneda.jpg","width":500,"height":325},{"@type":"BreadcrumbList","@id":"http:\/\/autosdelpodio.com\/autos\/expo-clasicos-y-antiguos-avellaneda\/#breadcrumb","itemListElement":[{"@type":"ListItem","position":1,"name":"Portada","item":"http:\/\/autosdelpodio.com\/autos\/"},{"@type":"ListItem","position":2,"name":"Expo Cl\u00e1sicos y Antiguos Avellaneda"}]},{"@type":"WebSite","@id":"http:\/\/autosdelpodio.com\/autos\/#website","url":"http:\/\/autosdelpodio.com\/autos\/","name":"Autos del Podio","description":"La sexta del deporte motor","publisher":{"@id":"http:\/\/autosdelpodio.com\/autos\/#organization"},"potentialAction":[{"@type":"SearchAction","target":{"@type":"EntryPoint","urlTemplate":"http:\/\/autosdelpodio.com\/autos\/?s={search_term_string}"},"query-input":{"@type":"PropertyValueSpecification","valueRequired":true,"valueName":"search_term_string"}}],"inLanguage":"es"},{"@type":"Organization","@id":"http:\/\/autosdelpodio.com\/autos\/#organization","name":"Autos del Podio","url":"http:\/\/autosdelpodio.com\/autos\/","logo":{"@type":"ImageObject","inLanguage":"es","@id":"http:\/\/autosdelpodio.com\/autos\/#\/schema\/logo\/image\/","url":"http:\/\/autosdelpodio.com\/autos\/wp-content\/uploads\/2020\/08\/Logo_AR.jpg","contentUrl":"http:\/\/autosdelpodio.com\/autos\/wp-content\/uploads\/2020\/08\/Logo_AR.jpg","width":1038,"height":1044,"caption":"Autos del Podio"},"image":{"@id":"http:\/\/autosdelpodio.com\/autos\/#\/schema\/logo\/image\/"},"sameAs":["https:\/\/www.facebook.com\/profile.php?id=100057192590976&amp;amp;amp;amp;amp;amp;amp;amp;amp;amp;amp;amp;amp;amp;amp;amp;amp;amp;ref=ts","https:\/\/x.com\/autosdelpodio","https:\/\/www.youtube.com\/user\/AutosdelPodio"]},{"@type":"Person","@id":"http:\/\/autosdelpodio.com\/autos\/#\/schema\/person\/993527a4d01c3acdd3d6bce3770bc942","name":"autosdelpodio","image":{"@type":"ImageObject","inLanguage":"es","@id":"http:\/\/autosdelpodio.com\/autos\/wp-content\/litespeed\/avatar\/aa8f65cd201a80f6b844f63278aa84af.jpg?ver=1776798175","url":"http:\/\/autosdelpodio.com\/autos\/wp-content\/litespeed\/avatar\/aa8f65cd201a80f6b844f63278aa84af.jpg?ver=1776798175","contentUrl":"http:\/\/autosdelpodio.com\/autos\/wp-content\/litespeed\/avatar\/aa8f65cd201a80f6b844f63278aa84af.jpg?ver=1776798175","caption":"autosdelpodio"}}]}},"views":538,"_links":{"self":[{"href":"http:\/\/autosdelpodio.com\/autos\/wp-json\/wp\/v2\/posts\/7837","targetHints":{"allow":["GET"]}}],"collection":[{"href":"http:\/\/autosdelpodio.com\/autos\/wp-json\/wp\/v2\/posts"}],"about":[{"href":"http:\/\/autosdelpodio.com\/autos\/wp-json\/wp\/v2\/types\/post"}],"author":[{"embeddable":true,"href":"http:\/\/autosdelpodio.com\/autos\/wp-json\/wp\/v2\/users\/3"}],"replies":[{"embeddable":true,"href":"http:\/\/autosdelpodio.com\/autos\/wp-json\/wp\/v2\/comments?post=7837"}],"version-history":[{"count":1,"href":"http:\/\/autosdelpodio.com\/autos\/wp-json\/wp\/v2\/posts\/7837\/revisions"}],"predecessor-version":[{"id":7838,"href":"http:\/\/autosdelpodio.com\/autos\/wp-json\/wp\/v2\/posts\/7837\/revisions\/7838"}],"wp:featuredmedia":[{"embeddable":true,"href":"http:\/\/autosdelpodio.com\/autos\/wp-json\/wp\/v2\/media\/6885"}],"wp:attachment":[{"href":"http:\/\/autosdelpodio.com\/autos\/wp-json\/wp\/v2\/media?parent=7837"}],"wp:term":[{"taxonomy":"category","embeddable":true,"href":"http:\/\/autosdelpodio.com\/autos\/wp-json\/wp\/v2\/categories?post=7837"},{"taxonomy":"post_tag","embeddable":true,"href":"http:\/\/autosdelpodio.com\/autos\/wp-json\/wp\/v2\/tags?post=7837"}],"curies":[{"name":"wp","href":"https:\/\/api.w.org\/{rel}","templated":true}]}}