{"id":7839,"date":"2024-08-16T17:09:00","date_gmt":"2024-08-16T20:09:00","guid":{"rendered":"http:\/\/autosdelpodio.com\/autos\/?p=7839"},"modified":"2024-08-16T17:09:01","modified_gmt":"2024-08-16T20:09:01","slug":"seminario-autos-chicos-y-economicos-en-argentina-en-las-decadas-del-60-y-70","status":"publish","type":"post","link":"http:\/\/autosdelpodio.com\/autos\/seminario-autos-chicos-y-economicos-en-argentina-en-las-decadas-del-60-y-70\/","title":{"rendered":"Seminario autos chicos y econ\u00f3micos en Argentina en las d\u00e9cadas del 60 y 70"},"content":{"rendered":"\n<p>Los autom\u00f3viles peque\u00f1os y econ\u00f3micos fabricados en el pa\u00eds en los a\u00f1os 60 y 70 por las filiales argentinas de Citro\u00ebn, Fiat y Renault, junto a otras marcas europeas fabricadas bajo licencia ser\u00e1n los protagonistas de esta propuesta.<\/p>\n\n\n\n<p>Durante la cursada se tendr\u00e1n en cuenta los siguientes ejes tem\u00e1ticos:<\/p>\n\n\n\n<p>\u2022 La&nbsp;<a><\/a>aparici\u00f3n de los autos en sus pa\u00edses de origen.<\/p>\n\n\n\n<p>\u2022 Su producci\u00f3n en el pa\u00eds en el marco del proceso de promoci\u00f3n industrial automotriz.<\/p>\n\n\n\n<p>\u2022 Evoluci\u00f3n de cada modelo, sus variantes, presencia deportiva y datos estad\u00edsticos.<\/p>\n\n\n\n<p>El seminario se realizar\u00e1 a lo largo de cuatro encuentros durante el mes de septiembre, distribuidos de la siguiente manera:<\/p>\n\n\n\n<p>S\u00e1bado 7 de septiembre.<\/p>\n\n\n\n<p>S\u00e1bado 14 de septiembre.<\/p>\n\n\n\n<p>S\u00e1bado 21 de septiembre.<\/p>\n\n\n\n<p>S\u00e1bado 28 de septiembre.<\/p>\n\n\n\n<p>El horario es de 11 a 13 h.<\/p>\n\n\n\n<p>La cursada estar\u00e1 a cargo de Gustavo Feder, editor de Autohistoria, y se desarrollar\u00e1 en el Museo del Autom\u00f3vil de la Ciudad de Buenos Aires, Irigoyen 2265, CABA.<\/p>\n\n\n\n<p>La actividad es arancelada, se abona $18.000 por los cuatro encuentros.<\/p>\n\n\n\n<p>Para informes e inscripci\u00f3n, escribir a:&nbsp;<a href=\"mailto:autohistoria@gmail.com\" target=\"_blank\" rel=\"noreferrer noopener\">autohistoria@gmail.com<\/a><\/p>\n","protected":false},"excerpt":{"rendered":"<p>Los autom\u00f3viles peque\u00f1os y econ\u00f3micos fabricados en el pa\u00eds en los a\u00f1os 60 y 70 por las filiales argentinas de<\/p>\n","protected":false},"author":3,"featured_media":7840,"comment_status":"open","ping_status":"open","sticky":false,"template":"","format":"standard","meta":{"colormag_page_container_layout":"default_layout","colormag_page_sidebar_layout":"default_layout","footnotes":""},"categories":[6,5],"tags":[745,361,518,66,32,208,35],"class_list":["post-7839","post","type-post","status-publish","format-standard","has-post-thumbnail","hentry","category-newsflash","category-latest-news","tag-autohistoria","tag-autos","tag-cursos","tag-gustavo-feder","tag-industria-automotriz","tag-produccion","tag-republica-argentina"],"yoast_head":"<!-- This site is optimized with the Yoast SEO plugin v27.4 - https:\/\/yoast.com\/product\/yoast-seo-wordpress\/ -->\n<title>Autos del Podio | Seminario autos chicos y econ\u00f3micos en Argentina en las d\u00e9cadas del 60 y 70<\/title>\n<meta name=\"description\" content=\"Autos del Podio El 7 de septiembre comienza el seminario \u00abAutos chicos y econ\u00f3micos en Argentina en las d\u00e9cadas del 60 y 70\u00bb. Se desarrollar\u00e1 en el Museo del Autom\u00f3vil de Buenos Aires\" \/>\n<meta name=\"robots\" content=\"index, follow, max-snippet:-1, max-image-preview:large, max-video-preview:-1\" \/>\n<link rel=\"canonical\" href=\"http:\/\/autosdelpodio.com\/autos\/seminario-autos-chicos-y-economicos-en-argentina-en-las-decadas-del-60-y-70\/\" \/>\n<meta property=\"og:locale\" content=\"es_ES\" \/>\n<meta property=\"og:type\" content=\"article\" \/>\n<meta property=\"og:title\" content=\"Autos del Podio | Seminario autos chicos y econ\u00f3micos en Argentina en las d\u00e9cadas del 60 y 70\" \/>\n<meta property=\"og:description\" content=\"Autos del Podio El 7 de septiembre comienza el seminario \u00abAutos chicos y econ\u00f3micos en Argentina en las d\u00e9cadas del 60 y 70\u00bb. Se desarrollar\u00e1 en el Museo del Autom\u00f3vil de Buenos Aires\" \/>\n<meta property=\"og:url\" content=\"http:\/\/autosdelpodio.com\/autos\/seminario-autos-chicos-y-economicos-en-argentina-en-las-decadas-del-60-y-70\/\" \/>\n<meta property=\"og:site_name\" content=\"Autos del Podio\" \/>\n<meta property=\"article:publisher\" content=\"https:\/\/www.facebook.com\/profile.php?id=100057192590976&amp;amp%3bamp%3bamp%3bamp%3bamp%3bamp%3bamp%3bamp%3bamp%3bamp%3bamp%3bamp%3bamp%3bamp%3bamp%3bamp%3bamp%3bamp%3bref=ts\" \/>\n<meta property=\"article:published_time\" content=\"2024-08-16T20:09:00+00:00\" \/>\n<meta property=\"article:modified_time\" content=\"2024-08-16T20:09:01+00:00\" \/>\n<meta property=\"og:image\" content=\"http:\/\/autosdelpodio.com\/autos\/wp-content\/uploads\/2024\/08\/Seminario_Economicos_09-24_mailing.jpg\" \/>\n\t<meta property=\"og:image:width\" content=\"500\" \/>\n\t<meta property=\"og:image:height\" content=\"350\" \/>\n\t<meta property=\"og:image:type\" content=\"image\/jpeg\" \/>\n<meta name=\"author\" content=\"autosdelpodio\" \/>\n<meta name=\"twitter:card\" content=\"summary_large_image\" \/>\n<meta name=\"twitter:creator\" content=\"@autosdelpodio\" \/>\n<meta name=\"twitter:site\" content=\"@autosdelpodio\" \/>\n<meta name=\"twitter:label1\" content=\"Escrito por\" \/>\n\t<meta name=\"twitter:data1\" content=\"autosdelpodio\" \/>\n\t<meta name=\"twitter:label2\" content=\"Tiempo de lectura\" \/>\n\t<meta name=\"twitter:data2\" content=\"2 minutos\" \/>\n<script type=\"application\/ld+json\" class=\"yoast-schema-graph\">{\"@context\":\"https:\\\/\\\/schema.org\",\"@graph\":[{\"@type\":\"Article\",\"@id\":\"http:\\\/\\\/autosdelpodio.com\\\/autos\\\/seminario-autos-chicos-y-economicos-en-argentina-en-las-decadas-del-60-y-70\\\/#article\",\"isPartOf\":{\"@id\":\"http:\\\/\\\/autosdelpodio.com\\\/autos\\\/seminario-autos-chicos-y-economicos-en-argentina-en-las-decadas-del-60-y-70\\\/\"},\"author\":{\"name\":\"autosdelpodio\",\"@id\":\"http:\\\/\\\/autosdelpodio.com\\\/autos\\\/#\\\/schema\\\/person\\\/993527a4d01c3acdd3d6bce3770bc942\"},\"headline\":\"Seminario autos chicos y econ\u00f3micos en Argentina en las d\u00e9cadas del 60 y 70\",\"datePublished\":\"2024-08-16T20:09:00+00:00\",\"dateModified\":\"2024-08-16T20:09:01+00:00\",\"mainEntityOfPage\":{\"@id\":\"http:\\\/\\\/autosdelpodio.com\\\/autos\\\/seminario-autos-chicos-y-economicos-en-argentina-en-las-decadas-del-60-y-70\\\/\"},\"wordCount\":204,\"commentCount\":0,\"publisher\":{\"@id\":\"http:\\\/\\\/autosdelpodio.com\\\/autos\\\/#organization\"},\"image\":{\"@id\":\"http:\\\/\\\/autosdelpodio.com\\\/autos\\\/seminario-autos-chicos-y-economicos-en-argentina-en-las-decadas-del-60-y-70\\\/#primaryimage\"},\"thumbnailUrl\":\"http:\\\/\\\/autosdelpodio.com\\\/autos\\\/wp-content\\\/uploads\\\/2024\\\/08\\\/Seminario_Economicos_09-24_mailing.jpg\",\"keywords\":[\"Autohistoria\",\"Autos\",\"Cursos\",\"Gustavo Feder\",\"Industria Automotriz\",\"Producci\u00f3n\",\"Republica Argentina\"],\"articleSection\":[\"Destacado\",\"\u00daltimas noticias\"],\"inLanguage\":\"es\",\"potentialAction\":[{\"@type\":\"CommentAction\",\"name\":\"Comment\",\"target\":[\"http:\\\/\\\/autosdelpodio.com\\\/autos\\\/seminario-autos-chicos-y-economicos-en-argentina-en-las-decadas-del-60-y-70\\\/#respond\"]}]},{\"@type\":\"WebPage\",\"@id\":\"http:\\\/\\\/autosdelpodio.com\\\/autos\\\/seminario-autos-chicos-y-economicos-en-argentina-en-las-decadas-del-60-y-70\\\/\",\"url\":\"http:\\\/\\\/autosdelpodio.com\\\/autos\\\/seminario-autos-chicos-y-economicos-en-argentina-en-las-decadas-del-60-y-70\\\/\",\"name\":\"Autos del Podio | Seminario autos chicos y econ\u00f3micos en Argentina en las d\u00e9cadas del 60 y 70\",\"isPartOf\":{\"@id\":\"http:\\\/\\\/autosdelpodio.com\\\/autos\\\/#website\"},\"primaryImageOfPage\":{\"@id\":\"http:\\\/\\\/autosdelpodio.com\\\/autos\\\/seminario-autos-chicos-y-economicos-en-argentina-en-las-decadas-del-60-y-70\\\/#primaryimage\"},\"image\":{\"@id\":\"http:\\\/\\\/autosdelpodio.com\\\/autos\\\/seminario-autos-chicos-y-economicos-en-argentina-en-las-decadas-del-60-y-70\\\/#primaryimage\"},\"thumbnailUrl\":\"http:\\\/\\\/autosdelpodio.com\\\/autos\\\/wp-content\\\/uploads\\\/2024\\\/08\\\/Seminario_Economicos_09-24_mailing.jpg\",\"datePublished\":\"2024-08-16T20:09:00+00:00\",\"dateModified\":\"2024-08-16T20:09:01+00:00\",\"description\":\"Autos del Podio El 7 de septiembre comienza el seminario \u00abAutos chicos y econ\u00f3micos en Argentina en las d\u00e9cadas del 60 y 70\u00bb. Se desarrollar\u00e1 en el Museo del Autom\u00f3vil de Buenos Aires\",\"breadcrumb\":{\"@id\":\"http:\\\/\\\/autosdelpodio.com\\\/autos\\\/seminario-autos-chicos-y-economicos-en-argentina-en-las-decadas-del-60-y-70\\\/#breadcrumb\"},\"inLanguage\":\"es\",\"potentialAction\":[{\"@type\":\"ReadAction\",\"target\":[\"http:\\\/\\\/autosdelpodio.com\\\/autos\\\/seminario-autos-chicos-y-economicos-en-argentina-en-las-decadas-del-60-y-70\\\/\"]}]},{\"@type\":\"ImageObject\",\"inLanguage\":\"es\",\"@id\":\"http:\\\/\\\/autosdelpodio.com\\\/autos\\\/seminario-autos-chicos-y-economicos-en-argentina-en-las-decadas-del-60-y-70\\\/#primaryimage\",\"url\":\"http:\\\/\\\/autosdelpodio.com\\\/autos\\\/wp-content\\\/uploads\\\/2024\\\/08\\\/Seminario_Economicos_09-24_mailing.jpg\",\"contentUrl\":\"http:\\\/\\\/autosdelpodio.com\\\/autos\\\/wp-content\\\/uploads\\\/2024\\\/08\\\/Seminario_Economicos_09-24_mailing.jpg\",\"width\":500,\"height\":350},{\"@type\":\"BreadcrumbList\",\"@id\":\"http:\\\/\\\/autosdelpodio.com\\\/autos\\\/seminario-autos-chicos-y-economicos-en-argentina-en-las-decadas-del-60-y-70\\\/#breadcrumb\",\"itemListElement\":[{\"@type\":\"ListItem\",\"position\":1,\"name\":\"Portada\",\"item\":\"http:\\\/\\\/autosdelpodio.com\\\/autos\\\/\"},{\"@type\":\"ListItem\",\"position\":2,\"name\":\"Seminario autos chicos y econ\u00f3micos en Argentina en las d\u00e9cadas del 60 y 70\"}]},{\"@type\":\"WebSite\",\"@id\":\"http:\\\/\\\/autosdelpodio.com\\\/autos\\\/#website\",\"url\":\"http:\\\/\\\/autosdelpodio.com\\\/autos\\\/\",\"name\":\"Autos del Podio\",\"description\":\"La sexta del deporte motor\",\"publisher\":{\"@id\":\"http:\\\/\\\/autosdelpodio.com\\\/autos\\\/#organization\"},\"potentialAction\":[{\"@type\":\"SearchAction\",\"target\":{\"@type\":\"EntryPoint\",\"urlTemplate\":\"http:\\\/\\\/autosdelpodio.com\\\/autos\\\/?s={search_term_string}\"},\"query-input\":{\"@type\":\"PropertyValueSpecification\",\"valueRequired\":true,\"valueName\":\"search_term_string\"}}],\"inLanguage\":\"es\"},{\"@type\":\"Organization\",\"@id\":\"http:\\\/\\\/autosdelpodio.com\\\/autos\\\/#organization\",\"name\":\"Autos del Podio\",\"url\":\"http:\\\/\\\/autosdelpodio.com\\\/autos\\\/\",\"logo\":{\"@type\":\"ImageObject\",\"inLanguage\":\"es\",\"@id\":\"http:\\\/\\\/autosdelpodio.com\\\/autos\\\/#\\\/schema\\\/logo\\\/image\\\/\",\"url\":\"http:\\\/\\\/autosdelpodio.com\\\/autos\\\/wp-content\\\/uploads\\\/2020\\\/08\\\/Logo_AR.jpg\",\"contentUrl\":\"http:\\\/\\\/autosdelpodio.com\\\/autos\\\/wp-content\\\/uploads\\\/2020\\\/08\\\/Logo_AR.jpg\",\"width\":1038,\"height\":1044,\"caption\":\"Autos del Podio\"},\"image\":{\"@id\":\"http:\\\/\\\/autosdelpodio.com\\\/autos\\\/#\\\/schema\\\/logo\\\/image\\\/\"},\"sameAs\":[\"https:\\\/\\\/www.facebook.com\\\/profile.php?id=100057192590976&amp;amp;amp;amp;amp;amp;amp;amp;amp;amp;amp;amp;amp;amp;amp;amp;amp;amp;ref=ts\",\"https:\\\/\\\/x.com\\\/autosdelpodio\",\"https:\\\/\\\/www.youtube.com\\\/user\\\/AutosdelPodio\"]},{\"@type\":\"Person\",\"@id\":\"http:\\\/\\\/autosdelpodio.com\\\/autos\\\/#\\\/schema\\\/person\\\/993527a4d01c3acdd3d6bce3770bc942\",\"name\":\"autosdelpodio\",\"image\":{\"@type\":\"ImageObject\",\"inLanguage\":\"es\",\"@id\":\"http:\\\/\\\/autosdelpodio.com\\\/autos\\\/wp-content\\\/litespeed\\\/avatar\\\/aa8f65cd201a80f6b844f63278aa84af.jpg?ver=1776798175\",\"url\":\"http:\\\/\\\/autosdelpodio.com\\\/autos\\\/wp-content\\\/litespeed\\\/avatar\\\/aa8f65cd201a80f6b844f63278aa84af.jpg?ver=1776798175\",\"contentUrl\":\"http:\\\/\\\/autosdelpodio.com\\\/autos\\\/wp-content\\\/litespeed\\\/avatar\\\/aa8f65cd201a80f6b844f63278aa84af.jpg?ver=1776798175\",\"caption\":\"autosdelpodio\"}}]}<\/script>\n<!-- \/ Yoast SEO plugin. -->","yoast_head_json":{"title":"Autos del Podio | Seminario autos chicos y econ\u00f3micos en Argentina en las d\u00e9cadas del 60 y 70","description":"Autos del Podio El 7 de septiembre comienza el seminario \u00abAutos chicos y econ\u00f3micos en Argentina en las d\u00e9cadas del 60 y 70\u00bb. Se desarrollar\u00e1 en el Museo del Autom\u00f3vil de Buenos Aires","robots":{"index":"index","follow":"follow","max-snippet":"max-snippet:-1","max-image-preview":"max-image-preview:large","max-video-preview":"max-video-preview:-1"},"canonical":"http:\/\/autosdelpodio.com\/autos\/seminario-autos-chicos-y-economicos-en-argentina-en-las-decadas-del-60-y-70\/","og_locale":"es_ES","og_type":"article","og_title":"Autos del Podio | Seminario autos chicos y econ\u00f3micos en Argentina en las d\u00e9cadas del 60 y 70","og_description":"Autos del Podio El 7 de septiembre comienza el seminario \u00abAutos chicos y econ\u00f3micos en Argentina en las d\u00e9cadas del 60 y 70\u00bb. Se desarrollar\u00e1 en el Museo del Autom\u00f3vil de Buenos Aires","og_url":"http:\/\/autosdelpodio.com\/autos\/seminario-autos-chicos-y-economicos-en-argentina-en-las-decadas-del-60-y-70\/","og_site_name":"Autos del Podio","article_publisher":"https:\/\/www.facebook.com\/profile.php?id=100057192590976&amp%3bamp%3bamp%3bamp%3bamp%3bamp%3bamp%3bamp%3bamp%3bamp%3bamp%3bamp%3bamp%3bamp%3bamp%3bamp%3bamp%3bamp%3bref=ts","article_published_time":"2024-08-16T20:09:00+00:00","article_modified_time":"2024-08-16T20:09:01+00:00","og_image":[{"width":500,"height":350,"url":"http:\/\/autosdelpodio.com\/autos\/wp-content\/uploads\/2024\/08\/Seminario_Economicos_09-24_mailing.jpg","type":"image\/jpeg"}],"author":"autosdelpodio","twitter_card":"summary_large_image","twitter_creator":"@autosdelpodio","twitter_site":"@autosdelpodio","twitter_misc":{"Escrito por":"autosdelpodio","Tiempo de lectura":"2 minutos"},"schema":{"@context":"https:\/\/schema.org","@graph":[{"@type":"Article","@id":"http:\/\/autosdelpodio.com\/autos\/seminario-autos-chicos-y-economicos-en-argentina-en-las-decadas-del-60-y-70\/#article","isPartOf":{"@id":"http:\/\/autosdelpodio.com\/autos\/seminario-autos-chicos-y-economicos-en-argentina-en-las-decadas-del-60-y-70\/"},"author":{"name":"autosdelpodio","@id":"http:\/\/autosdelpodio.com\/autos\/#\/schema\/person\/993527a4d01c3acdd3d6bce3770bc942"},"headline":"Seminario autos chicos y econ\u00f3micos en Argentina en las d\u00e9cadas del 60 y 70","datePublished":"2024-08-16T20:09:00+00:00","dateModified":"2024-08-16T20:09:01+00:00","mainEntityOfPage":{"@id":"http:\/\/autosdelpodio.com\/autos\/seminario-autos-chicos-y-economicos-en-argentina-en-las-decadas-del-60-y-70\/"},"wordCount":204,"commentCount":0,"publisher":{"@id":"http:\/\/autosdelpodio.com\/autos\/#organization"},"image":{"@id":"http:\/\/autosdelpodio.com\/autos\/seminario-autos-chicos-y-economicos-en-argentina-en-las-decadas-del-60-y-70\/#primaryimage"},"thumbnailUrl":"http:\/\/autosdelpodio.com\/autos\/wp-content\/uploads\/2024\/08\/Seminario_Economicos_09-24_mailing.jpg","keywords":["Autohistoria","Autos","Cursos","Gustavo Feder","Industria Automotriz","Producci\u00f3n","Republica Argentina"],"articleSection":["Destacado","\u00daltimas noticias"],"inLanguage":"es","potentialAction":[{"@type":"CommentAction","name":"Comment","target":["http:\/\/autosdelpodio.com\/autos\/seminario-autos-chicos-y-economicos-en-argentina-en-las-decadas-del-60-y-70\/#respond"]}]},{"@type":"WebPage","@id":"http:\/\/autosdelpodio.com\/autos\/seminario-autos-chicos-y-economicos-en-argentina-en-las-decadas-del-60-y-70\/","url":"http:\/\/autosdelpodio.com\/autos\/seminario-autos-chicos-y-economicos-en-argentina-en-las-decadas-del-60-y-70\/","name":"Autos del Podio | Seminario autos chicos y econ\u00f3micos en Argentina en las d\u00e9cadas del 60 y 70","isPartOf":{"@id":"http:\/\/autosdelpodio.com\/autos\/#website"},"primaryImageOfPage":{"@id":"http:\/\/autosdelpodio.com\/autos\/seminario-autos-chicos-y-economicos-en-argentina-en-las-decadas-del-60-y-70\/#primaryimage"},"image":{"@id":"http:\/\/autosdelpodio.com\/autos\/seminario-autos-chicos-y-economicos-en-argentina-en-las-decadas-del-60-y-70\/#primaryimage"},"thumbnailUrl":"http:\/\/autosdelpodio.com\/autos\/wp-content\/uploads\/2024\/08\/Seminario_Economicos_09-24_mailing.jpg","datePublished":"2024-08-16T20:09:00+00:00","dateModified":"2024-08-16T20:09:01+00:00","description":"Autos del Podio El 7 de septiembre comienza el seminario \u00abAutos chicos y econ\u00f3micos en Argentina en las d\u00e9cadas del 60 y 70\u00bb. Se desarrollar\u00e1 en el Museo del Autom\u00f3vil de Buenos Aires","breadcrumb":{"@id":"http:\/\/autosdelpodio.com\/autos\/seminario-autos-chicos-y-economicos-en-argentina-en-las-decadas-del-60-y-70\/#breadcrumb"},"inLanguage":"es","potentialAction":[{"@type":"ReadAction","target":["http:\/\/autosdelpodio.com\/autos\/seminario-autos-chicos-y-economicos-en-argentina-en-las-decadas-del-60-y-70\/"]}]},{"@type":"ImageObject","inLanguage":"es","@id":"http:\/\/autosdelpodio.com\/autos\/seminario-autos-chicos-y-economicos-en-argentina-en-las-decadas-del-60-y-70\/#primaryimage","url":"http:\/\/autosdelpodio.com\/autos\/wp-content\/uploads\/2024\/08\/Seminario_Economicos_09-24_mailing.jpg","contentUrl":"http:\/\/autosdelpodio.com\/autos\/wp-content\/uploads\/2024\/08\/Seminario_Economicos_09-24_mailing.jpg","width":500,"height":350},{"@type":"BreadcrumbList","@id":"http:\/\/autosdelpodio.com\/autos\/seminario-autos-chicos-y-economicos-en-argentina-en-las-decadas-del-60-y-70\/#breadcrumb","itemListElement":[{"@type":"ListItem","position":1,"name":"Portada","item":"http:\/\/autosdelpodio.com\/autos\/"},{"@type":"ListItem","position":2,"name":"Seminario autos chicos y econ\u00f3micos en Argentina en las d\u00e9cadas del 60 y 70"}]},{"@type":"WebSite","@id":"http:\/\/autosdelpodio.com\/autos\/#website","url":"http:\/\/autosdelpodio.com\/autos\/","name":"Autos del Podio","description":"La sexta del deporte motor","publisher":{"@id":"http:\/\/autosdelpodio.com\/autos\/#organization"},"potentialAction":[{"@type":"SearchAction","target":{"@type":"EntryPoint","urlTemplate":"http:\/\/autosdelpodio.com\/autos\/?s={search_term_string}"},"query-input":{"@type":"PropertyValueSpecification","valueRequired":true,"valueName":"search_term_string"}}],"inLanguage":"es"},{"@type":"Organization","@id":"http:\/\/autosdelpodio.com\/autos\/#organization","name":"Autos del Podio","url":"http:\/\/autosdelpodio.com\/autos\/","logo":{"@type":"ImageObject","inLanguage":"es","@id":"http:\/\/autosdelpodio.com\/autos\/#\/schema\/logo\/image\/","url":"http:\/\/autosdelpodio.com\/autos\/wp-content\/uploads\/2020\/08\/Logo_AR.jpg","contentUrl":"http:\/\/autosdelpodio.com\/autos\/wp-content\/uploads\/2020\/08\/Logo_AR.jpg","width":1038,"height":1044,"caption":"Autos del Podio"},"image":{"@id":"http:\/\/autosdelpodio.com\/autos\/#\/schema\/logo\/image\/"},"sameAs":["https:\/\/www.facebook.com\/profile.php?id=100057192590976&amp;amp;amp;amp;amp;amp;amp;amp;amp;amp;amp;amp;amp;amp;amp;amp;amp;amp;ref=ts","https:\/\/x.com\/autosdelpodio","https:\/\/www.youtube.com\/user\/AutosdelPodio"]},{"@type":"Person","@id":"http:\/\/autosdelpodio.com\/autos\/#\/schema\/person\/993527a4d01c3acdd3d6bce3770bc942","name":"autosdelpodio","image":{"@type":"ImageObject","inLanguage":"es","@id":"http:\/\/autosdelpodio.com\/autos\/wp-content\/litespeed\/avatar\/aa8f65cd201a80f6b844f63278aa84af.jpg?ver=1776798175","url":"http:\/\/autosdelpodio.com\/autos\/wp-content\/litespeed\/avatar\/aa8f65cd201a80f6b844f63278aa84af.jpg?ver=1776798175","contentUrl":"http:\/\/autosdelpodio.com\/autos\/wp-content\/litespeed\/avatar\/aa8f65cd201a80f6b844f63278aa84af.jpg?ver=1776798175","caption":"autosdelpodio"}}]}},"views":563,"_links":{"self":[{"href":"http:\/\/autosdelpodio.com\/autos\/wp-json\/wp\/v2\/posts\/7839","targetHints":{"allow":["GET"]}}],"collection":[{"href":"http:\/\/autosdelpodio.com\/autos\/wp-json\/wp\/v2\/posts"}],"about":[{"href":"http:\/\/autosdelpodio.com\/autos\/wp-json\/wp\/v2\/types\/post"}],"author":[{"embeddable":true,"href":"http:\/\/autosdelpodio.com\/autos\/wp-json\/wp\/v2\/users\/3"}],"replies":[{"embeddable":true,"href":"http:\/\/autosdelpodio.com\/autos\/wp-json\/wp\/v2\/comments?post=7839"}],"version-history":[{"count":1,"href":"http:\/\/autosdelpodio.com\/autos\/wp-json\/wp\/v2\/posts\/7839\/revisions"}],"predecessor-version":[{"id":7841,"href":"http:\/\/autosdelpodio.com\/autos\/wp-json\/wp\/v2\/posts\/7839\/revisions\/7841"}],"wp:featuredmedia":[{"embeddable":true,"href":"http:\/\/autosdelpodio.com\/autos\/wp-json\/wp\/v2\/media\/7840"}],"wp:attachment":[{"href":"http:\/\/autosdelpodio.com\/autos\/wp-json\/wp\/v2\/media?parent=7839"}],"wp:term":[{"taxonomy":"category","embeddable":true,"href":"http:\/\/autosdelpodio.com\/autos\/wp-json\/wp\/v2\/categories?post=7839"},{"taxonomy":"post_tag","embeddable":true,"href":"http:\/\/autosdelpodio.com\/autos\/wp-json\/wp\/v2\/tags?post=7839"}],"curies":[{"name":"wp","href":"https:\/\/api.w.org\/{rel}","templated":true}]}}