{"id":7843,"date":"2024-08-18T19:04:48","date_gmt":"2024-08-18T22:04:48","guid":{"rendered":"http:\/\/autosdelpodio.com\/autos\/?p=7843"},"modified":"2024-08-18T19:04:50","modified_gmt":"2024-08-18T22:04:50","slug":"tarda-en-llegar-y-al-final-hay-recompensa","status":"publish","type":"post","link":"http:\/\/autosdelpodio.com\/autos\/tarda-en-llegar-y-al-final-hay-recompensa\/","title":{"rendered":"Tarda en llegar y al final hay recompensa"},"content":{"rendered":"\n<p>La victoria de Juan Mart\u00edn Trucco en el Turismo Carretera no ser\u00e1 una mas.No solo gan\u00f3 en el Galvez, sino que es la primera del modelo Challenger y en su historial tras 206 presentaciones. Julian Santero, ganador de la etapa regular y el retornado Agust\u00edn Canapino completaron el podio.<br>Lo que sucedi\u00f3 en el Autodromo de Buenos Aires puede considerarse un \u00e9xito. La concurrencia de publico, un parque automotor con 51 pilotos en el cual hubo mayor\u00eda de unidades de nueva generaci\u00f3n, el trabajo del mencionado<a href=\"http:\/\/autosdelpodio.com\/autos\/canapino-dejara-la-indycar\/\" target=\"_blank\" rel=\"noreferrer noopener\"> Canapino tras su paso por la Indycar<\/a>, y los \u00abHomenajes\u00bb a los ya retirados <a href=\"http:\/\/autosdelpodio.com\/autos\/todos-los-laureados-del-tc\/\" target=\"_blank\" rel=\"noreferrer noopener\">Omar Martinez<\/a> y <a href=\"http:\/\/autosdelpodio.com\/autos\/guillermo-ortelli-se-retira-del-automovilismo\/\" target=\"_blank\" rel=\"noreferrer noopener\">Guillermo Ortelli<\/a> fueron algunos de los atractivos del transito del Turismo Carretera por el circuito numero 12.<br>El cierre de la etapa regular, que se adjudic\u00f3 Julian Santero defini\u00f3 a los clasificados al Playoff. Manu Urcera (Ford Mustang), Mauricio Lambiris (Ford Mustang), Mariano Werner (Ford Mustang), Diego Ciantini (Chevrolet Camaro), Marcos Quijada (Camaro), Esteban Gini (Toyota NG), Juan Bautista De Benedictis (Ford Mustang), Valent\u00edn Aguirre (Camaro), Ricardo Risatti (Camaro), Juan Jos\u00e9 Ebarl\u00edn (Camaro) y Santiago Mangoni (Camaro).<br>La pr\u00f3xima fecha que marcar\u00e1 el inicio de la Copa de Oro ser\u00e1 el 14 y 15 de septiembre en el aut\u00f3dromo \u201cRosendo Hern\u00e1ndez\u201d de San Luis.<\/p>\n\n\n\n<p><strong><em>Final TC a 25 Vueltas &#8211; Fecha 10<\/em><\/strong><\/p>\n\n\n\n<figure class=\"wp-block-table\"><table class=\"has-fixed-layout\"><tbody><tr><td>1\u00ba<\/td><td>TRUCCO JUAN MART\u00cdN<\/td><td>DODGE (CHALLENGER)<\/td><td>49;10.110<\/td><\/tr><tr><td>2\u00ba<\/td><td>SANTERO JULI\u00c1N<\/td><td>FORD (MUSTANG)<\/td><td>0.622<\/td><\/tr><tr><td>3\u00ba<\/td><td>CANAPINO AGUST\u00cdN<\/td><td>CHEVROLET (CHEVY)<\/td><td>1.129<\/td><\/tr><tr><td>4\u00ba<\/td><td>QUIJADA MARCOS<\/td><td>CHEVROLET (CAMARO)<\/td><td>5.513<\/td><\/tr><tr><td>5\u00ba<\/td><td>CIANTINI DIEGO<\/td><td>CHEVROLET (CAMARO)<\/td><td>6.051<\/td><\/tr><tr><td>6\u00ba<\/td><td>ARDUSSO FACUNDO<\/td><td>CHEVROLET (CAMARO)<\/td><td>10.410<\/td><\/tr><tr><td>7\u00ba<\/td><td>DE LA IGLESIA LAUTARO<\/td><td>DODGE<\/td><td>10.959<\/td><\/tr><tr><td>8\u00ba<\/td><td>LAMBIRIS MAURICIO<\/td><td>FORD (MUSTANG)<\/td><td>11.194<\/td><\/tr><tr><td>9\u00ba<\/td><td>EBARL\u00cdN JUAN JOS\u00c9<\/td><td>CHEVROLET (CAMARO)<\/td><td>11.835<\/td><\/tr><tr><td>10\u00ba<\/td><td>FRITZLER OTTO<\/td><td>DODGE<\/td><td>13.867<\/td><\/tr><tr><td>11\u00ba<\/td><td>\u00c1LVAREZ SANTIAGO<\/td><td>CHEVROLET (CAMARO)<\/td><td>18.358<\/td><\/tr><tr><td>12\u00ba<\/td><td>MART\u00cdNEZ AGUST\u00cdN<\/td><td>TOYOTA<\/td><td>18.776<\/td><\/tr><tr><td>13\u00ba<\/td><td>DE BENEDICTIS JUAN B.<\/td><td>FORD (MUSTANG)<\/td><td>20.563<\/td><\/tr><tr><td>14\u00ba<\/td><td>SPATARO EMILIANO<\/td><td>FORD<\/td><td>20.814<\/td><\/tr><tr><td>15\u00ba<\/td><td>CASTELLANO JONATAN<\/td><td>DODGE<\/td><td>20.815<\/td><\/tr><tr><td>16\u00ba<\/td><td>CANDELA KEVIN<\/td><td>TORINO (TORINO NG)<\/td><td>24.485<\/td><\/tr><tr><td>17\u00ba<\/td><td>MART\u00cdNEZ TOB\u00cdAS<\/td><td>TORINO (TORINO NG)<\/td><td>25.289<\/td><\/tr><tr><td>18\u00ba<\/td><td>RISATTI RICARDO<\/td><td>CHEVROLET (CAMARO)<\/td><td>25.775<\/td><\/tr><tr><td>19\u00ba<\/td><td>FERRANTE GAST\u00d3N<\/td><td>TOYOTA<\/td><td>32.664<\/td><\/tr><tr><td>20\u00ba<\/td><td>CARINELLI AUGUSTO<\/td><td>DODGE<\/td><td>33.153<\/td><\/tr><tr><td>21\u00ba<\/td><td>AGRELO MARCELO<\/td><td>TOYOTA<\/td><td>33.413<\/td><\/tr><tr><td>22\u00ba<\/td><td>AGUIRRE VALENT\u00cdN<\/td><td>CHEVROLET (CAMARO)<\/td><td>33.847<\/td><\/tr><tr><td>23\u00ba<\/td><td>PONCE DE LE\u00d3N GABRIEL<\/td><td>FORD<\/td><td>34.468<\/td><\/tr><tr><td>24\u00ba<\/td><td>JAKOS ANDR\u00c9S<\/td><td>TOYOTA<\/td><td>35.965<\/td><\/tr><tr><td>25\u00ba<\/td><td>URCERA JOS\u00c9 MANUEL<\/td><td>FORD (MUSTANG)<\/td><td>40.017<\/td><\/tr><tr><td>26\u00ba<\/td><td>BONELLI NICOL\u00c1S<\/td><td>CHEVROLET (CHEVY)<\/td><td>41.051<\/td><\/tr><tr><td>27\u00ba<\/td><td>DE CARLO DIEGO<\/td><td>CHEVROLET<\/td><td>41.294<\/td><\/tr><tr><td>28\u00ba<\/td><td>LANDA MARCOS<\/td><td>TORINO (TORINO NG)<\/td><td>49.699<\/td><\/tr><tr><td>29\u00ba<\/td><td>DOSE CHRISTIAN<\/td><td>CHEVROLET<\/td><td>54.007<\/td><\/tr><tr><td>30\u00ba<\/td><td>GINI ESTEBAN<\/td><td>TOYOTA<\/td><td>1 VTA<\/td><\/tr><tr><td>31\u00ba<\/td><td>ABELLA SEBASTI\u00c1N<\/td><td>TORINO<\/td><td>5 VTAS<\/td><\/tr><tr><td>32\u00ba<\/td><td>IRIBARNE FEDERICO<\/td><td>CHEVROLET (CAMARO)<\/td><td>6 VTAS<\/td><\/tr><tr><td>33\u00ba<\/td><td>MART\u00cdNEZ OMAR<\/td><td>FORD (MUSTANG)<\/td><td>6 VTAS<\/td><\/tr><tr><td>34\u00ba<\/td><td>ORTELLI GUILLERMO<\/td><td>CHEVROLET (CAMARO)<\/td><td>9 VTAS<\/td><\/tr><tr><td>35\u00ba<\/td><td>MANGONI SANTIAGO<\/td><td>CHEVROLET (CAMARO)<\/td><td>9 VTAS<\/td><\/tr><tr><td>36\u00ba<\/td><td>TODINO GERM\u00c1N<\/td><td>FORD (MUSTANG)<\/td><td>10 VTAS<\/td><\/tr><tr><td>37\u00ba<\/td><td>TROSSET NICOL\u00c1S<\/td><td>FORD (MUSTANG)<\/td><td>11 VTAS<\/td><\/tr><tr><td>38\u00ba<\/td><td>CHAPUR FACUNDO<\/td><td>DODGE<\/td><td>12 VTAS<\/td><\/tr><tr><td>39\u00ba<\/td><td>MULET LEANDRO<\/td><td>DODGE<\/td><td>12 VTAS<\/td><\/tr><tr><td>40\u00ba<\/td><td>V\u00c1ZQUEZ MART\u00cdN<\/td><td>DODGE<\/td><td>13 VTAS<\/td><\/tr><tr><td>41\u00ba<\/td><td>GARBELINO JUAN<\/td><td>TORINO<\/td><td>15 VTAS<\/td><\/tr><tr><td>42\u00ba<\/td><td>LEDESMA CHRISTIAN<\/td><td>CHEVROLET (CAMARO)<\/td><td>15 VTAS<\/td><\/tr><tr><td>43\u00ba<\/td><td>BENVENUTI JUAN CRUZ<\/td><td>CHEVROLET (CAMARO)<\/td><td>15 VTAS<\/td><\/tr><tr><td>44\u00ba<\/td><td>WERNER MARIANO<\/td><td>FORD (MUSTANG)<\/td><td>16 VTAS<\/td><\/tr><tr><td>45\u00ba<\/td><td>ALAUX SERGIO<\/td><td>CHEVROLET (CAMARO)<\/td><td>16 VTAS<\/td><\/tr><tr><td>46\u00ba<\/td><td>CRAPARO ELIO<\/td><td>DODGE<\/td><td>20 VTAS<\/td><\/tr><tr><td>47\u00ba<\/td><td>MAZZACANE GAST\u00d3N<\/td><td>CHEVROLET (CAMARO)<\/td><td>24 VTAS<\/td><\/tr><\/tbody><\/table><\/figure>\n\n\n\n<p><strong>PROMEDIO:&nbsp;<\/strong>172,092 km\/h.&nbsp;<strong>RECORD DE VUELTA:&nbsp;<\/strong>Trucco en la vta. 18 en 1:30.127 a 225,322 km\/h.&nbsp;<strong>EXCLUIDO<\/strong>: Norberto Fontana (Chevrolet), por maniobra peligrosa a Ortelli.&nbsp;<strong>RECARGO<\/strong>: Castellano, por toque a Spataro.&nbsp;<strong>APERCIBIDO<\/strong>: Gini, por maniobra peligrosa a De Carlo.&nbsp;<strong>NO LARGARON<\/strong>: Juan Tom\u00e1s Catal\u00e1n Magni (Mustang) y Nicol\u00e1s Cotignola (Torino NG).<\/p>\n","protected":false},"excerpt":{"rendered":"<p>La victoria de Juan Mart\u00edn Trucco en el Turismo Carretera no ser\u00e1 una mas.No solo gan\u00f3 en el Galvez, sino<\/p>\n","protected":false},"author":3,"featured_media":7845,"comment_status":"open","ping_status":"open","sticky":false,"template":"","format":"standard","meta":{"colormag_page_container_layout":"default_layout","colormag_page_sidebar_layout":"default_layout","footnotes":""},"categories":[6,5],"tags":[143,142,812,811,39],"class_list":["post-7843","post","type-post","status-publish","format-standard","has-post-thumbnail","hentry","category-newsflash","category-latest-news","tag-actc","tag-autodromo-ba","tag-dodge-challenger","tag-juan-martin-trucco","tag-turismo-carretera"],"yoast_head":"<!-- This site is optimized with the Yoast SEO plugin v27.5 - https:\/\/yoast.com\/product\/yoast-seo-wordpress\/ -->\n<title>Autos del Podio | Tarda en llegar y al final hay recompensa<\/title>\n<meta name=\"description\" content=\"Autos del Podio Juan Martin Trucco se llev\u00f3 la carrera del TC en el Galvez y Julian Santero la etapa regular\" \/>\n<meta name=\"robots\" content=\"index, follow, max-snippet:-1, max-image-preview:large, max-video-preview:-1\" \/>\n<link rel=\"canonical\" href=\"https:\/\/autosdelpodio.com\/autos\/tarda-en-llegar-y-al-final-hay-recompensa\/\" \/>\n<meta property=\"og:locale\" content=\"es_ES\" \/>\n<meta property=\"og:type\" content=\"article\" \/>\n<meta property=\"og:title\" content=\"Autos del Podio | Tarda en llegar y al final hay recompensa\" \/>\n<meta property=\"og:description\" content=\"Autos del Podio Juan Martin Trucco se llev\u00f3 la carrera del TC en el Galvez y Julian Santero la etapa regular\" \/>\n<meta property=\"og:url\" content=\"https:\/\/autosdelpodio.com\/autos\/tarda-en-llegar-y-al-final-hay-recompensa\/\" \/>\n<meta property=\"og:site_name\" content=\"Autos del Podio\" \/>\n<meta property=\"article:publisher\" content=\"https:\/\/www.facebook.com\/profile.php?id=100057192590976&amp;amp%3bamp%3bamp%3bamp%3bamp%3bamp%3bamp%3bamp%3bamp%3bamp%3bamp%3bamp%3bamp%3bamp%3bamp%3bamp%3bamp%3bamp%3bref=ts\" \/>\n<meta property=\"article:published_time\" content=\"2024-08-18T22:04:48+00:00\" \/>\n<meta property=\"article:modified_time\" content=\"2024-08-18T22:04:50+00:00\" \/>\n<meta property=\"og:image\" content=\"https:\/\/autosdelpodio.com\/autos\/wp-content\/uploads\/2024\/08\/JMTrucco_TC_Challenger.jpg\" \/>\n\t<meta property=\"og:image:width\" content=\"500\" \/>\n\t<meta property=\"og:image:height\" content=\"325\" \/>\n\t<meta property=\"og:image:type\" content=\"image\/jpeg\" \/>\n<meta name=\"author\" content=\"autosdelpodio\" \/>\n<meta name=\"twitter:card\" content=\"summary_large_image\" \/>\n<meta name=\"twitter:creator\" content=\"@autosdelpodio\" \/>\n<meta name=\"twitter:site\" content=\"@autosdelpodio\" \/>\n<meta name=\"twitter:label1\" content=\"Escrito por\" \/>\n\t<meta name=\"twitter:data1\" content=\"autosdelpodio\" \/>\n\t<meta name=\"twitter:label2\" content=\"Tiempo de lectura\" \/>\n\t<meta name=\"twitter:data2\" content=\"3 minutos\" \/>\n<script type=\"application\/ld+json\" class=\"yoast-schema-graph\">{\"@context\":\"https:\\\/\\\/schema.org\",\"@graph\":[{\"@type\":\"Article\",\"@id\":\"https:\\\/\\\/autosdelpodio.com\\\/autos\\\/tarda-en-llegar-y-al-final-hay-recompensa\\\/#article\",\"isPartOf\":{\"@id\":\"https:\\\/\\\/autosdelpodio.com\\\/autos\\\/tarda-en-llegar-y-al-final-hay-recompensa\\\/\"},\"author\":{\"name\":\"autosdelpodio\",\"@id\":\"http:\\\/\\\/autosdelpodio.com\\\/autos\\\/#\\\/schema\\\/person\\\/993527a4d01c3acdd3d6bce3770bc942\"},\"headline\":\"Tarda en llegar y al final hay recompensa\",\"datePublished\":\"2024-08-18T22:04:48+00:00\",\"dateModified\":\"2024-08-18T22:04:50+00:00\",\"mainEntityOfPage\":{\"@id\":\"https:\\\/\\\/autosdelpodio.com\\\/autos\\\/tarda-en-llegar-y-al-final-hay-recompensa\\\/\"},\"wordCount\":506,\"commentCount\":2,\"publisher\":{\"@id\":\"http:\\\/\\\/autosdelpodio.com\\\/autos\\\/#organization\"},\"image\":{\"@id\":\"https:\\\/\\\/autosdelpodio.com\\\/autos\\\/tarda-en-llegar-y-al-final-hay-recompensa\\\/#primaryimage\"},\"thumbnailUrl\":\"http:\\\/\\\/autosdelpodio.com\\\/autos\\\/wp-content\\\/uploads\\\/2024\\\/08\\\/JMTrucco_TC_Challenger.jpg\",\"keywords\":[\"ACTC\",\"Autodromo BA\",\"Dodge Challenger\",\"Juan Martin Trucco\",\"Turismo Carretera\"],\"articleSection\":[\"Destacado\",\"\u00daltimas noticias\"],\"inLanguage\":\"es\",\"potentialAction\":[{\"@type\":\"CommentAction\",\"name\":\"Comment\",\"target\":[\"https:\\\/\\\/autosdelpodio.com\\\/autos\\\/tarda-en-llegar-y-al-final-hay-recompensa\\\/#respond\"]}]},{\"@type\":\"WebPage\",\"@id\":\"https:\\\/\\\/autosdelpodio.com\\\/autos\\\/tarda-en-llegar-y-al-final-hay-recompensa\\\/\",\"url\":\"https:\\\/\\\/autosdelpodio.com\\\/autos\\\/tarda-en-llegar-y-al-final-hay-recompensa\\\/\",\"name\":\"Autos del Podio | Tarda en llegar y al final hay recompensa\",\"isPartOf\":{\"@id\":\"http:\\\/\\\/autosdelpodio.com\\\/autos\\\/#website\"},\"primaryImageOfPage\":{\"@id\":\"https:\\\/\\\/autosdelpodio.com\\\/autos\\\/tarda-en-llegar-y-al-final-hay-recompensa\\\/#primaryimage\"},\"image\":{\"@id\":\"https:\\\/\\\/autosdelpodio.com\\\/autos\\\/tarda-en-llegar-y-al-final-hay-recompensa\\\/#primaryimage\"},\"thumbnailUrl\":\"http:\\\/\\\/autosdelpodio.com\\\/autos\\\/wp-content\\\/uploads\\\/2024\\\/08\\\/JMTrucco_TC_Challenger.jpg\",\"datePublished\":\"2024-08-18T22:04:48+00:00\",\"dateModified\":\"2024-08-18T22:04:50+00:00\",\"description\":\"Autos del Podio Juan Martin Trucco se llev\u00f3 la carrera del TC en el Galvez y Julian Santero la etapa regular\",\"breadcrumb\":{\"@id\":\"https:\\\/\\\/autosdelpodio.com\\\/autos\\\/tarda-en-llegar-y-al-final-hay-recompensa\\\/#breadcrumb\"},\"inLanguage\":\"es\",\"potentialAction\":[{\"@type\":\"ReadAction\",\"target\":[\"https:\\\/\\\/autosdelpodio.com\\\/autos\\\/tarda-en-llegar-y-al-final-hay-recompensa\\\/\"]}]},{\"@type\":\"ImageObject\",\"inLanguage\":\"es\",\"@id\":\"https:\\\/\\\/autosdelpodio.com\\\/autos\\\/tarda-en-llegar-y-al-final-hay-recompensa\\\/#primaryimage\",\"url\":\"http:\\\/\\\/autosdelpodio.com\\\/autos\\\/wp-content\\\/uploads\\\/2024\\\/08\\\/JMTrucco_TC_Challenger.jpg\",\"contentUrl\":\"http:\\\/\\\/autosdelpodio.com\\\/autos\\\/wp-content\\\/uploads\\\/2024\\\/08\\\/JMTrucco_TC_Challenger.jpg\",\"width\":500,\"height\":325},{\"@type\":\"BreadcrumbList\",\"@id\":\"https:\\\/\\\/autosdelpodio.com\\\/autos\\\/tarda-en-llegar-y-al-final-hay-recompensa\\\/#breadcrumb\",\"itemListElement\":[{\"@type\":\"ListItem\",\"position\":1,\"name\":\"Portada\",\"item\":\"http:\\\/\\\/autosdelpodio.com\\\/autos\\\/\"},{\"@type\":\"ListItem\",\"position\":2,\"name\":\"Tarda en llegar y al final hay recompensa\"}]},{\"@type\":\"WebSite\",\"@id\":\"http:\\\/\\\/autosdelpodio.com\\\/autos\\\/#website\",\"url\":\"http:\\\/\\\/autosdelpodio.com\\\/autos\\\/\",\"name\":\"Autos del Podio\",\"description\":\"La sexta del deporte motor\",\"publisher\":{\"@id\":\"http:\\\/\\\/autosdelpodio.com\\\/autos\\\/#organization\"},\"potentialAction\":[{\"@type\":\"SearchAction\",\"target\":{\"@type\":\"EntryPoint\",\"urlTemplate\":\"http:\\\/\\\/autosdelpodio.com\\\/autos\\\/?s={search_term_string}\"},\"query-input\":{\"@type\":\"PropertyValueSpecification\",\"valueRequired\":true,\"valueName\":\"search_term_string\"}}],\"inLanguage\":\"es\"},{\"@type\":\"Organization\",\"@id\":\"http:\\\/\\\/autosdelpodio.com\\\/autos\\\/#organization\",\"name\":\"Autos del Podio\",\"url\":\"http:\\\/\\\/autosdelpodio.com\\\/autos\\\/\",\"logo\":{\"@type\":\"ImageObject\",\"inLanguage\":\"es\",\"@id\":\"http:\\\/\\\/autosdelpodio.com\\\/autos\\\/#\\\/schema\\\/logo\\\/image\\\/\",\"url\":\"http:\\\/\\\/autosdelpodio.com\\\/autos\\\/wp-content\\\/uploads\\\/2020\\\/08\\\/Logo_AR.jpg\",\"contentUrl\":\"http:\\\/\\\/autosdelpodio.com\\\/autos\\\/wp-content\\\/uploads\\\/2020\\\/08\\\/Logo_AR.jpg\",\"width\":1038,\"height\":1044,\"caption\":\"Autos del Podio\"},\"image\":{\"@id\":\"http:\\\/\\\/autosdelpodio.com\\\/autos\\\/#\\\/schema\\\/logo\\\/image\\\/\"},\"sameAs\":[\"https:\\\/\\\/www.facebook.com\\\/profile.php?id=100057192590976&amp;amp;amp;amp;amp;amp;amp;amp;amp;amp;amp;amp;amp;amp;amp;amp;amp;amp;ref=ts\",\"https:\\\/\\\/x.com\\\/autosdelpodio\",\"https:\\\/\\\/www.youtube.com\\\/user\\\/AutosdelPodio\"]},{\"@type\":\"Person\",\"@id\":\"http:\\\/\\\/autosdelpodio.com\\\/autos\\\/#\\\/schema\\\/person\\\/993527a4d01c3acdd3d6bce3770bc942\",\"name\":\"autosdelpodio\",\"image\":{\"@type\":\"ImageObject\",\"inLanguage\":\"es\",\"@id\":\"http:\\\/\\\/autosdelpodio.com\\\/autos\\\/wp-content\\\/litespeed\\\/avatar\\\/aa8f65cd201a80f6b844f63278aa84af.jpg?ver=1777403005\",\"url\":\"http:\\\/\\\/autosdelpodio.com\\\/autos\\\/wp-content\\\/litespeed\\\/avatar\\\/aa8f65cd201a80f6b844f63278aa84af.jpg?ver=1777403005\",\"contentUrl\":\"http:\\\/\\\/autosdelpodio.com\\\/autos\\\/wp-content\\\/litespeed\\\/avatar\\\/aa8f65cd201a80f6b844f63278aa84af.jpg?ver=1777403005\",\"caption\":\"autosdelpodio\"}}]}<\/script>\n<!-- \/ Yoast SEO plugin. -->","yoast_head_json":{"title":"Autos del Podio | Tarda en llegar y al final hay recompensa","description":"Autos del Podio Juan Martin Trucco se llev\u00f3 la carrera del TC en el Galvez y Julian Santero la etapa regular","robots":{"index":"index","follow":"follow","max-snippet":"max-snippet:-1","max-image-preview":"max-image-preview:large","max-video-preview":"max-video-preview:-1"},"canonical":"https:\/\/autosdelpodio.com\/autos\/tarda-en-llegar-y-al-final-hay-recompensa\/","og_locale":"es_ES","og_type":"article","og_title":"Autos del Podio | Tarda en llegar y al final hay recompensa","og_description":"Autos del Podio Juan Martin Trucco se llev\u00f3 la carrera del TC en el Galvez y Julian Santero la etapa regular","og_url":"https:\/\/autosdelpodio.com\/autos\/tarda-en-llegar-y-al-final-hay-recompensa\/","og_site_name":"Autos del Podio","article_publisher":"https:\/\/www.facebook.com\/profile.php?id=100057192590976&amp%3bamp%3bamp%3bamp%3bamp%3bamp%3bamp%3bamp%3bamp%3bamp%3bamp%3bamp%3bamp%3bamp%3bamp%3bamp%3bamp%3bamp%3bref=ts","article_published_time":"2024-08-18T22:04:48+00:00","article_modified_time":"2024-08-18T22:04:50+00:00","og_image":[{"width":500,"height":325,"url":"https:\/\/autosdelpodio.com\/autos\/wp-content\/uploads\/2024\/08\/JMTrucco_TC_Challenger.jpg","type":"image\/jpeg"}],"author":"autosdelpodio","twitter_card":"summary_large_image","twitter_creator":"@autosdelpodio","twitter_site":"@autosdelpodio","twitter_misc":{"Escrito por":"autosdelpodio","Tiempo de lectura":"3 minutos"},"schema":{"@context":"https:\/\/schema.org","@graph":[{"@type":"Article","@id":"https:\/\/autosdelpodio.com\/autos\/tarda-en-llegar-y-al-final-hay-recompensa\/#article","isPartOf":{"@id":"https:\/\/autosdelpodio.com\/autos\/tarda-en-llegar-y-al-final-hay-recompensa\/"},"author":{"name":"autosdelpodio","@id":"http:\/\/autosdelpodio.com\/autos\/#\/schema\/person\/993527a4d01c3acdd3d6bce3770bc942"},"headline":"Tarda en llegar y al final hay recompensa","datePublished":"2024-08-18T22:04:48+00:00","dateModified":"2024-08-18T22:04:50+00:00","mainEntityOfPage":{"@id":"https:\/\/autosdelpodio.com\/autos\/tarda-en-llegar-y-al-final-hay-recompensa\/"},"wordCount":506,"commentCount":2,"publisher":{"@id":"http:\/\/autosdelpodio.com\/autos\/#organization"},"image":{"@id":"https:\/\/autosdelpodio.com\/autos\/tarda-en-llegar-y-al-final-hay-recompensa\/#primaryimage"},"thumbnailUrl":"http:\/\/autosdelpodio.com\/autos\/wp-content\/uploads\/2024\/08\/JMTrucco_TC_Challenger.jpg","keywords":["ACTC","Autodromo BA","Dodge Challenger","Juan Martin Trucco","Turismo Carretera"],"articleSection":["Destacado","\u00daltimas noticias"],"inLanguage":"es","potentialAction":[{"@type":"CommentAction","name":"Comment","target":["https:\/\/autosdelpodio.com\/autos\/tarda-en-llegar-y-al-final-hay-recompensa\/#respond"]}]},{"@type":"WebPage","@id":"https:\/\/autosdelpodio.com\/autos\/tarda-en-llegar-y-al-final-hay-recompensa\/","url":"https:\/\/autosdelpodio.com\/autos\/tarda-en-llegar-y-al-final-hay-recompensa\/","name":"Autos del Podio | Tarda en llegar y al final hay recompensa","isPartOf":{"@id":"http:\/\/autosdelpodio.com\/autos\/#website"},"primaryImageOfPage":{"@id":"https:\/\/autosdelpodio.com\/autos\/tarda-en-llegar-y-al-final-hay-recompensa\/#primaryimage"},"image":{"@id":"https:\/\/autosdelpodio.com\/autos\/tarda-en-llegar-y-al-final-hay-recompensa\/#primaryimage"},"thumbnailUrl":"http:\/\/autosdelpodio.com\/autos\/wp-content\/uploads\/2024\/08\/JMTrucco_TC_Challenger.jpg","datePublished":"2024-08-18T22:04:48+00:00","dateModified":"2024-08-18T22:04:50+00:00","description":"Autos del Podio Juan Martin Trucco se llev\u00f3 la carrera del TC en el Galvez y Julian Santero la etapa regular","breadcrumb":{"@id":"https:\/\/autosdelpodio.com\/autos\/tarda-en-llegar-y-al-final-hay-recompensa\/#breadcrumb"},"inLanguage":"es","potentialAction":[{"@type":"ReadAction","target":["https:\/\/autosdelpodio.com\/autos\/tarda-en-llegar-y-al-final-hay-recompensa\/"]}]},{"@type":"ImageObject","inLanguage":"es","@id":"https:\/\/autosdelpodio.com\/autos\/tarda-en-llegar-y-al-final-hay-recompensa\/#primaryimage","url":"http:\/\/autosdelpodio.com\/autos\/wp-content\/uploads\/2024\/08\/JMTrucco_TC_Challenger.jpg","contentUrl":"http:\/\/autosdelpodio.com\/autos\/wp-content\/uploads\/2024\/08\/JMTrucco_TC_Challenger.jpg","width":500,"height":325},{"@type":"BreadcrumbList","@id":"https:\/\/autosdelpodio.com\/autos\/tarda-en-llegar-y-al-final-hay-recompensa\/#breadcrumb","itemListElement":[{"@type":"ListItem","position":1,"name":"Portada","item":"http:\/\/autosdelpodio.com\/autos\/"},{"@type":"ListItem","position":2,"name":"Tarda en llegar y al final hay recompensa"}]},{"@type":"WebSite","@id":"http:\/\/autosdelpodio.com\/autos\/#website","url":"http:\/\/autosdelpodio.com\/autos\/","name":"Autos del Podio","description":"La sexta del deporte motor","publisher":{"@id":"http:\/\/autosdelpodio.com\/autos\/#organization"},"potentialAction":[{"@type":"SearchAction","target":{"@type":"EntryPoint","urlTemplate":"http:\/\/autosdelpodio.com\/autos\/?s={search_term_string}"},"query-input":{"@type":"PropertyValueSpecification","valueRequired":true,"valueName":"search_term_string"}}],"inLanguage":"es"},{"@type":"Organization","@id":"http:\/\/autosdelpodio.com\/autos\/#organization","name":"Autos del Podio","url":"http:\/\/autosdelpodio.com\/autos\/","logo":{"@type":"ImageObject","inLanguage":"es","@id":"http:\/\/autosdelpodio.com\/autos\/#\/schema\/logo\/image\/","url":"http:\/\/autosdelpodio.com\/autos\/wp-content\/uploads\/2020\/08\/Logo_AR.jpg","contentUrl":"http:\/\/autosdelpodio.com\/autos\/wp-content\/uploads\/2020\/08\/Logo_AR.jpg","width":1038,"height":1044,"caption":"Autos del Podio"},"image":{"@id":"http:\/\/autosdelpodio.com\/autos\/#\/schema\/logo\/image\/"},"sameAs":["https:\/\/www.facebook.com\/profile.php?id=100057192590976&amp;amp;amp;amp;amp;amp;amp;amp;amp;amp;amp;amp;amp;amp;amp;amp;amp;amp;ref=ts","https:\/\/x.com\/autosdelpodio","https:\/\/www.youtube.com\/user\/AutosdelPodio"]},{"@type":"Person","@id":"http:\/\/autosdelpodio.com\/autos\/#\/schema\/person\/993527a4d01c3acdd3d6bce3770bc942","name":"autosdelpodio","image":{"@type":"ImageObject","inLanguage":"es","@id":"http:\/\/autosdelpodio.com\/autos\/wp-content\/litespeed\/avatar\/aa8f65cd201a80f6b844f63278aa84af.jpg?ver=1777403005","url":"http:\/\/autosdelpodio.com\/autos\/wp-content\/litespeed\/avatar\/aa8f65cd201a80f6b844f63278aa84af.jpg?ver=1777403005","contentUrl":"http:\/\/autosdelpodio.com\/autos\/wp-content\/litespeed\/avatar\/aa8f65cd201a80f6b844f63278aa84af.jpg?ver=1777403005","caption":"autosdelpodio"}}]}},"views":689,"_links":{"self":[{"href":"http:\/\/autosdelpodio.com\/autos\/wp-json\/wp\/v2\/posts\/7843","targetHints":{"allow":["GET"]}}],"collection":[{"href":"http:\/\/autosdelpodio.com\/autos\/wp-json\/wp\/v2\/posts"}],"about":[{"href":"http:\/\/autosdelpodio.com\/autos\/wp-json\/wp\/v2\/types\/post"}],"author":[{"embeddable":true,"href":"http:\/\/autosdelpodio.com\/autos\/wp-json\/wp\/v2\/users\/3"}],"replies":[{"embeddable":true,"href":"http:\/\/autosdelpodio.com\/autos\/wp-json\/wp\/v2\/comments?post=7843"}],"version-history":[{"count":2,"href":"http:\/\/autosdelpodio.com\/autos\/wp-json\/wp\/v2\/posts\/7843\/revisions"}],"predecessor-version":[{"id":7846,"href":"http:\/\/autosdelpodio.com\/autos\/wp-json\/wp\/v2\/posts\/7843\/revisions\/7846"}],"wp:featuredmedia":[{"embeddable":true,"href":"http:\/\/autosdelpodio.com\/autos\/wp-json\/wp\/v2\/media\/7845"}],"wp:attachment":[{"href":"http:\/\/autosdelpodio.com\/autos\/wp-json\/wp\/v2\/media?parent=7843"}],"wp:term":[{"taxonomy":"category","embeddable":true,"href":"http:\/\/autosdelpodio.com\/autos\/wp-json\/wp\/v2\/categories?post=7843"},{"taxonomy":"post_tag","embeddable":true,"href":"http:\/\/autosdelpodio.com\/autos\/wp-json\/wp\/v2\/tags?post=7843"}],"curies":[{"name":"wp","href":"https:\/\/api.w.org\/{rel}","templated":true}]}}