{"id":7872,"date":"2024-09-01T12:51:43","date_gmt":"2024-09-01T15:51:43","guid":{"rendered":"http:\/\/autosdelpodio.com\/autos\/?p=7872"},"modified":"2024-09-01T12:53:41","modified_gmt":"2024-09-01T15:53:41","slug":"debut-a-tono-de-colapinto-y-triunfo-de-leclerc-en-italia","status":"publish","type":"post","link":"http:\/\/autosdelpodio.com\/autos\/debut-a-tono-de-colapinto-y-triunfo-de-leclerc-en-italia\/","title":{"rendered":"Debut a tono de Colapinto y triunfo de Leclerc en Italia"},"content":{"rendered":"\n<p>El Gran Premio de Monza no ser\u00e1 uno mas para estad\u00edstica de los argentinos.La performance de Franco Colapinto a lo largo de todo el fin de semana fue sobresaliente y culmin\u00f3 12\u00b0 en una jornada que marc\u00f3 el regreso a la victoria de Ferrari en casa de la mano de Charles Leclerc.<br>Con un gran marco de publico en una sede historica para la competici\u00f3n, <a href=\"http:\/\/autosdelpodio.com\/autos\/franco-colapinto-debutara-en-la-formula-1\/\" target=\"_blank\" rel=\"noreferrer noopener\">el argentino que debut\u00f3 con el Williams #42<\/a> con el cual clasific\u00f3 18\u00b0, no solo que arrib\u00f3 a la bandera cuadros sino que adem\u00e1s ejecut\u00f3 sobre el giro 28 una excelsa maniobra a Pierre Gasly para avanzar un lugar.<br>La pr\u00f3xima ronda de la F1 ser\u00e1 dentro de dos semanas en el GP de Azerbaiy\u00e1n en el circuito callejero de Baku.<\/p>\n\n\n\n<p><strong><em>Final &#8211; GP de Italia de F1<\/em><\/strong><\/p>\n\n\n\n<figure class=\"wp-block-table\"><table class=\"has-fixed-layout\"><tbody><tr><th>1<\/th><td><img decoding=\"async\" alt=\"M\u00f3naco\" height=\"24\" src=\"https:\/\/ssl.gstatic.com\/onebox\/media\/sports\/logos\/CpHtpHDYt6p7c2iQiM324g_48x48.png\"><\/td><td>C. LeclercFerrari\u00b7#16<\/td><td>1:14:40.727<\/td><td>25<\/td><td><\/td><\/tr><tr><th>2<\/th><td><img decoding=\"async\" alt=\"Australia\" height=\"24\" src=\"https:\/\/ssl.gstatic.com\/onebox\/media\/sports\/logos\/jSgw5z0EPOLzdUi-Aomq7Q_48x48.png\"><\/td><td>O. PiastriMcLaren\u00b7#81<\/td><td>+2.664s<\/td><td>18<\/td><td><\/td><\/tr><tr><th>3<\/th><td><img decoding=\"async\" alt=\"Reino Unido\" height=\"24\" src=\"https:\/\/ssl.gstatic.com\/onebox\/media\/sports\/logos\/6HRpt1RF_AbDUftxgVUoEw_48x48.png\"><\/td><td>L. NorrisMcLaren\u00b7#4<\/td><td>+6.153s<\/td><td>15<\/td><td><\/td><\/tr><tr><th>4<\/th><td><img decoding=\"async\" alt=\"Espa\u00f1a\" height=\"24\" src=\"https:\/\/ssl.gstatic.com\/onebox\/media\/sports\/logos\/5hLkf7KFHhmpaiOJQv8LmA_48x48.png\"><\/td><td>C. Sainz Jr.Ferrari\u00b7#55<\/td><td>+15.621s<\/td><td>12<\/td><td><\/td><\/tr><tr><th>5<\/th><td><img decoding=\"async\" alt=\"Reino Unido\" height=\"24\" src=\"https:\/\/ssl.gstatic.com\/onebox\/media\/sports\/logos\/6HRpt1RF_AbDUftxgVUoEw_48x48.png\"><\/td><td>L. HamiltonMercedes\u00b7#44<\/td><td>+22.820s<\/td><td>10<\/td><td><\/td><\/tr><\/tbody><\/table><\/figure>\n\n\n\n<figure class=\"wp-block-table\"><table class=\"has-fixed-layout\"><tbody><tr><th>6<\/th><td><img decoding=\"async\" alt=\"Pa\u00edses Bajos\" height=\"24\" src=\"https:\/\/ssl.gstatic.com\/onebox\/media\/sports\/logos\/8GEqzfLegwFFpe6X2BODTg_48x48.png\"><\/td><td>M. VerstappenRed Bull\u00b7#1<\/td><td>+37.932s<\/td><td>8<\/td><td><\/td><\/tr><tr><th>7<\/th><td><img decoding=\"async\" alt=\"Reino Unido\" height=\"24\" src=\"https:\/\/ssl.gstatic.com\/onebox\/media\/sports\/logos\/6HRpt1RF_AbDUftxgVUoEw_48x48.png\"><\/td><td>G. RussellMercedes\u00b7#63<\/td><td>+39.715s<\/td><td>6<\/td><td><\/td><\/tr><tr><th>8<\/th><td><img decoding=\"async\" alt=\"M\u00e9xico\" height=\"24\" src=\"https:\/\/ssl.gstatic.com\/onebox\/media\/sports\/logos\/yJF9xqmUGenD8108FJbg9A_48x48.png\"><\/td><td>S. PerezRed Bull\u00b7#11<\/td><td>+54.148s<\/td><td>4<\/td><td><\/td><\/tr><tr><th>9<\/th><td><img decoding=\"async\" alt=\"Tailandia\" height=\"24\" src=\"https:\/\/ssl.gstatic.com\/onebox\/media\/sports\/logos\/aEBU_ri8U6F06oTqWmKY5g_48x48.png\"><\/td><td>A. AlbonWilliams\u00b7#23<\/td><td>+67.456s<\/td><td>2<\/td><td><\/td><\/tr><tr><th>10<\/th><td><img decoding=\"async\" alt=\"Dinamarca\" height=\"24\" src=\"https:\/\/ssl.gstatic.com\/onebox\/media\/sports\/logos\/LaOvu-pyRqRso6uzff55XA_48x48.png\"><\/td><td>K. MagnussenHaas\u00b7#20<\/td><td>+68.302s<\/td><td>1<\/td><td><\/td><\/tr><tr><th>11<\/th><td><img decoding=\"async\" alt=\"Espa\u00f1a\" height=\"24\" src=\"https:\/\/ssl.gstatic.com\/onebox\/media\/sports\/logos\/5hLkf7KFHhmpaiOJQv8LmA_48x48.png\"><\/td><td>F. AlonsoAston Martin\u00b7#14<\/td><td>+68.495s<\/td><td>0<\/td><td><\/td><\/tr><tr><th><em>12<\/em><\/th><td><\/td><td><strong><em>F. ColapintoWilliams\u00b7#43<\/em><\/strong><\/td><td><strong><em>+81.308s<\/em><\/strong><\/td><td>0<\/td><td><\/td><\/tr><tr><th>13<\/th><td><img decoding=\"async\" alt=\"Australia\" height=\"24\" src=\"https:\/\/ssl.gstatic.com\/onebox\/media\/sports\/logos\/jSgw5z0EPOLzdUi-Aomq7Q_48x48.png\"><\/td><td>D. RicciardoRB\u00b7#3<\/td><td>+93.452s<\/td><td>0<\/td><td><\/td><\/tr><tr><th>14<\/th><td><img decoding=\"async\" alt=\"Francia\" height=\"24\" src=\"https:\/\/ssl.gstatic.com\/onebox\/media\/sports\/logos\/z3JEQB3coEAGLCJBEUzQ2A_48x48.png\"><\/td><td>E. OconAlpine\u00b7#31<\/td><td>+1 vuelta<\/td><td>0<\/td><td><\/td><\/tr><tr><th>15<\/th><td><img decoding=\"async\" alt=\"Francia\" height=\"24\" src=\"https:\/\/ssl.gstatic.com\/onebox\/media\/sports\/logos\/z3JEQB3coEAGLCJBEUzQ2A_48x48.png\"><\/td><td>P. GaslyAlpine\u00b7#10<\/td><td>+1 vuelta<\/td><td>0<\/td><td><\/td><\/tr><tr><th>16<\/th><td><img decoding=\"async\" alt=\"Finlandia\" height=\"24\" src=\"https:\/\/ssl.gstatic.com\/onebox\/media\/sports\/logos\/OR16mUDJv-0yTyh-jxlaKQ_48x48.png\"><\/td><td>V. BottasKick Sauber\u00b7#77<\/td><td>+1 vuelta<\/td><td>0<\/td><td><\/td><\/tr><tr><th>17<\/th><td><img decoding=\"async\" alt=\"Alemania\" height=\"24\" src=\"https:\/\/ssl.gstatic.com\/onebox\/media\/sports\/logos\/h1FhPLmDg9AHXzhygqvVPg_48x48.png\"><\/td><td>N. HulkenbergHaas\u00b7#27<\/td><td>+1 vuelta<\/td><td>0<\/td><td><\/td><\/tr><tr><th>18<\/th><td><img decoding=\"async\" alt=\"China\" height=\"24\" src=\"https:\/\/ssl.gstatic.com\/onebox\/media\/sports\/logos\/8Cr5Gw-79PpIX2rIEZ7Pvg_48x48.png\"><\/td><td>G. ZhouKick Sauber\u00b7#24<\/td><td>+1 vuelta<\/td><td>0<\/td><td><\/td><\/tr><tr><th>19<\/th><td><img decoding=\"async\" alt=\"Canad\u00e1\" height=\"24\" src=\"https:\/\/ssl.gstatic.com\/onebox\/media\/sports\/logos\/H23oIEP6qK-zNc3O8abnIA_48x48.png\"><\/td><td>L. StrollAston Martin\u00b7#18<\/td><td>+1 vuelta<\/td><td>0<\/td><td><\/td><\/tr><tr><th>20<\/th><td><img decoding=\"async\" alt=\"Jap\u00f3n\" height=\"24\" src=\"https:\/\/ssl.gstatic.com\/onebox\/media\/sports\/logos\/by4OltvtZz7taxuQtkiP3A_48x48.png\"><\/td><td>Y. TsunodaRB\u00b7#22<\/td><td>NT<\/td><td>0<\/td><\/tr><\/tbody><\/table><\/figure>\n","protected":false},"excerpt":{"rendered":"<p>El Gran Premio de Monza no ser\u00e1 uno mas para estad\u00edstica de los argentinos.La performance de Franco Colapinto a lo<\/p>\n","protected":false},"author":3,"featured_media":1751,"comment_status":"open","ping_status":"open","sticky":false,"template":"","format":"standard","meta":{"colormag_page_container_layout":"default_layout","colormag_page_sidebar_layout":"default_layout","footnotes":""},"categories":[6,5],"tags":[659,177,75,553,612,498],"class_list":["post-7872","post","type-post","status-publish","format-standard","has-post-thumbnail","hentry","category-newsflash","category-latest-news","tag-charles-leclerc","tag-ferrari","tag-formula-1","tag-franco-colapinto","tag-gp-monza","tag-williams"],"yoast_head":"<!-- This site is optimized with the Yoast SEO plugin v27.5 - https:\/\/yoast.com\/product\/yoast-seo-wordpress\/ -->\n<title>Autos del Podio | Debut a tono de Colapinto y triunfo de Leclerc en Italia<\/title>\n<meta name=\"description\" content=\"Autos del Podio Destacada laobor de Franco Colapinto en su debut.Avanz\u00f3 desde el 18\u00ba lugar hasta el 12\u00b0 en el circuito de Monza\" \/>\n<meta name=\"robots\" content=\"index, follow, max-snippet:-1, max-image-preview:large, max-video-preview:-1\" \/>\n<link rel=\"canonical\" href=\"https:\/\/autosdelpodio.com\/autos\/debut-a-tono-de-colapinto-y-triunfo-de-leclerc-en-italia\/\" \/>\n<meta property=\"og:locale\" content=\"es_ES\" \/>\n<meta property=\"og:type\" content=\"article\" \/>\n<meta property=\"og:title\" content=\"Autos del Podio | Debut a tono de Colapinto y triunfo de Leclerc en Italia\" \/>\n<meta property=\"og:description\" content=\"Autos del Podio Destacada laobor de Franco Colapinto en su debut.Avanz\u00f3 desde el 18\u00ba lugar hasta el 12\u00b0 en el circuito de Monza\" \/>\n<meta property=\"og:url\" content=\"https:\/\/autosdelpodio.com\/autos\/debut-a-tono-de-colapinto-y-triunfo-de-leclerc-en-italia\/\" \/>\n<meta property=\"og:site_name\" content=\"Autos del Podio\" \/>\n<meta property=\"article:publisher\" content=\"https:\/\/www.facebook.com\/profile.php?id=100057192590976&amp;amp%3bamp%3bamp%3bamp%3bamp%3bamp%3bamp%3bamp%3bamp%3bamp%3bamp%3bamp%3bamp%3bamp%3bamp%3bamp%3bamp%3bamp%3bref=ts\" \/>\n<meta property=\"article:published_time\" content=\"2024-09-01T15:51:43+00:00\" \/>\n<meta property=\"article:modified_time\" content=\"2024-09-01T15:53:41+00:00\" \/>\n<meta property=\"og:image\" content=\"https:\/\/autosdelpodio.com\/autos\/wp-content\/uploads\/2020\/04\/Logo_F1_-e1621029352226.jpg\" \/>\n\t<meta property=\"og:image:width\" content=\"500\" \/>\n\t<meta property=\"og:image:height\" content=\"278\" \/>\n\t<meta property=\"og:image:type\" content=\"image\/jpeg\" \/>\n<meta name=\"author\" content=\"autosdelpodio\" \/>\n<meta name=\"twitter:card\" content=\"summary_large_image\" \/>\n<meta name=\"twitter:creator\" content=\"@autosdelpodio\" \/>\n<meta name=\"twitter:site\" content=\"@autosdelpodio\" \/>\n<meta name=\"twitter:label1\" content=\"Escrito por\" \/>\n\t<meta name=\"twitter:data1\" content=\"autosdelpodio\" \/>\n\t<meta name=\"twitter:label2\" content=\"Tiempo de lectura\" \/>\n\t<meta name=\"twitter:data2\" content=\"6 minutos\" \/>\n<script type=\"application\/ld+json\" class=\"yoast-schema-graph\">{\"@context\":\"https:\\\/\\\/schema.org\",\"@graph\":[{\"@type\":\"Article\",\"@id\":\"https:\\\/\\\/autosdelpodio.com\\\/autos\\\/debut-a-tono-de-colapinto-y-triunfo-de-leclerc-en-italia\\\/#article\",\"isPartOf\":{\"@id\":\"https:\\\/\\\/autosdelpodio.com\\\/autos\\\/debut-a-tono-de-colapinto-y-triunfo-de-leclerc-en-italia\\\/\"},\"author\":{\"name\":\"autosdelpodio\",\"@id\":\"http:\\\/\\\/autosdelpodio.com\\\/autos\\\/#\\\/schema\\\/person\\\/993527a4d01c3acdd3d6bce3770bc942\"},\"headline\":\"Debut a tono de Colapinto y triunfo de Leclerc en Italia\",\"datePublished\":\"2024-09-01T15:51:43+00:00\",\"dateModified\":\"2024-09-01T15:53:41+00:00\",\"mainEntityOfPage\":{\"@id\":\"https:\\\/\\\/autosdelpodio.com\\\/autos\\\/debut-a-tono-de-colapinto-y-triunfo-de-leclerc-en-italia\\\/\"},\"wordCount\":213,\"commentCount\":0,\"publisher\":{\"@id\":\"http:\\\/\\\/autosdelpodio.com\\\/autos\\\/#organization\"},\"image\":{\"@id\":\"https:\\\/\\\/autosdelpodio.com\\\/autos\\\/debut-a-tono-de-colapinto-y-triunfo-de-leclerc-en-italia\\\/#primaryimage\"},\"thumbnailUrl\":\"http:\\\/\\\/autosdelpodio.com\\\/autos\\\/wp-content\\\/uploads\\\/2020\\\/04\\\/Logo_F1_-e1621029352226.jpg\",\"keywords\":[\"Charles Leclerc\",\"Ferrari\",\"Formula 1\",\"Franco Colapinto\",\"GP Monza\",\"Williams\"],\"articleSection\":[\"Destacado\",\"\u00daltimas noticias\"],\"inLanguage\":\"es\",\"potentialAction\":[{\"@type\":\"CommentAction\",\"name\":\"Comment\",\"target\":[\"https:\\\/\\\/autosdelpodio.com\\\/autos\\\/debut-a-tono-de-colapinto-y-triunfo-de-leclerc-en-italia\\\/#respond\"]}]},{\"@type\":\"WebPage\",\"@id\":\"https:\\\/\\\/autosdelpodio.com\\\/autos\\\/debut-a-tono-de-colapinto-y-triunfo-de-leclerc-en-italia\\\/\",\"url\":\"https:\\\/\\\/autosdelpodio.com\\\/autos\\\/debut-a-tono-de-colapinto-y-triunfo-de-leclerc-en-italia\\\/\",\"name\":\"Autos del Podio | Debut a tono de Colapinto y triunfo de Leclerc en Italia\",\"isPartOf\":{\"@id\":\"http:\\\/\\\/autosdelpodio.com\\\/autos\\\/#website\"},\"primaryImageOfPage\":{\"@id\":\"https:\\\/\\\/autosdelpodio.com\\\/autos\\\/debut-a-tono-de-colapinto-y-triunfo-de-leclerc-en-italia\\\/#primaryimage\"},\"image\":{\"@id\":\"https:\\\/\\\/autosdelpodio.com\\\/autos\\\/debut-a-tono-de-colapinto-y-triunfo-de-leclerc-en-italia\\\/#primaryimage\"},\"thumbnailUrl\":\"http:\\\/\\\/autosdelpodio.com\\\/autos\\\/wp-content\\\/uploads\\\/2020\\\/04\\\/Logo_F1_-e1621029352226.jpg\",\"datePublished\":\"2024-09-01T15:51:43+00:00\",\"dateModified\":\"2024-09-01T15:53:41+00:00\",\"description\":\"Autos del Podio Destacada laobor de Franco Colapinto en su debut.Avanz\u00f3 desde el 18\u00ba lugar hasta el 12\u00b0 en el circuito de Monza\",\"breadcrumb\":{\"@id\":\"https:\\\/\\\/autosdelpodio.com\\\/autos\\\/debut-a-tono-de-colapinto-y-triunfo-de-leclerc-en-italia\\\/#breadcrumb\"},\"inLanguage\":\"es\",\"potentialAction\":[{\"@type\":\"ReadAction\",\"target\":[\"https:\\\/\\\/autosdelpodio.com\\\/autos\\\/debut-a-tono-de-colapinto-y-triunfo-de-leclerc-en-italia\\\/\"]}]},{\"@type\":\"ImageObject\",\"inLanguage\":\"es\",\"@id\":\"https:\\\/\\\/autosdelpodio.com\\\/autos\\\/debut-a-tono-de-colapinto-y-triunfo-de-leclerc-en-italia\\\/#primaryimage\",\"url\":\"http:\\\/\\\/autosdelpodio.com\\\/autos\\\/wp-content\\\/uploads\\\/2020\\\/04\\\/Logo_F1_-e1621029352226.jpg\",\"contentUrl\":\"http:\\\/\\\/autosdelpodio.com\\\/autos\\\/wp-content\\\/uploads\\\/2020\\\/04\\\/Logo_F1_-e1621029352226.jpg\",\"width\":500,\"height\":278},{\"@type\":\"BreadcrumbList\",\"@id\":\"https:\\\/\\\/autosdelpodio.com\\\/autos\\\/debut-a-tono-de-colapinto-y-triunfo-de-leclerc-en-italia\\\/#breadcrumb\",\"itemListElement\":[{\"@type\":\"ListItem\",\"position\":1,\"name\":\"Portada\",\"item\":\"http:\\\/\\\/autosdelpodio.com\\\/autos\\\/\"},{\"@type\":\"ListItem\",\"position\":2,\"name\":\"Debut a tono de Colapinto y triunfo de Leclerc en Italia\"}]},{\"@type\":\"WebSite\",\"@id\":\"http:\\\/\\\/autosdelpodio.com\\\/autos\\\/#website\",\"url\":\"http:\\\/\\\/autosdelpodio.com\\\/autos\\\/\",\"name\":\"Autos del Podio\",\"description\":\"La sexta del deporte motor\",\"publisher\":{\"@id\":\"http:\\\/\\\/autosdelpodio.com\\\/autos\\\/#organization\"},\"potentialAction\":[{\"@type\":\"SearchAction\",\"target\":{\"@type\":\"EntryPoint\",\"urlTemplate\":\"http:\\\/\\\/autosdelpodio.com\\\/autos\\\/?s={search_term_string}\"},\"query-input\":{\"@type\":\"PropertyValueSpecification\",\"valueRequired\":true,\"valueName\":\"search_term_string\"}}],\"inLanguage\":\"es\"},{\"@type\":\"Organization\",\"@id\":\"http:\\\/\\\/autosdelpodio.com\\\/autos\\\/#organization\",\"name\":\"Autos del Podio\",\"url\":\"http:\\\/\\\/autosdelpodio.com\\\/autos\\\/\",\"logo\":{\"@type\":\"ImageObject\",\"inLanguage\":\"es\",\"@id\":\"http:\\\/\\\/autosdelpodio.com\\\/autos\\\/#\\\/schema\\\/logo\\\/image\\\/\",\"url\":\"http:\\\/\\\/autosdelpodio.com\\\/autos\\\/wp-content\\\/uploads\\\/2020\\\/08\\\/Logo_AR.jpg\",\"contentUrl\":\"http:\\\/\\\/autosdelpodio.com\\\/autos\\\/wp-content\\\/uploads\\\/2020\\\/08\\\/Logo_AR.jpg\",\"width\":1038,\"height\":1044,\"caption\":\"Autos del Podio\"},\"image\":{\"@id\":\"http:\\\/\\\/autosdelpodio.com\\\/autos\\\/#\\\/schema\\\/logo\\\/image\\\/\"},\"sameAs\":[\"https:\\\/\\\/www.facebook.com\\\/profile.php?id=100057192590976&amp;amp;amp;amp;amp;amp;amp;amp;amp;amp;amp;amp;amp;amp;amp;amp;amp;amp;ref=ts\",\"https:\\\/\\\/x.com\\\/autosdelpodio\",\"https:\\\/\\\/www.youtube.com\\\/user\\\/AutosdelPodio\"]},{\"@type\":\"Person\",\"@id\":\"http:\\\/\\\/autosdelpodio.com\\\/autos\\\/#\\\/schema\\\/person\\\/993527a4d01c3acdd3d6bce3770bc942\",\"name\":\"autosdelpodio\",\"image\":{\"@type\":\"ImageObject\",\"inLanguage\":\"es\",\"@id\":\"http:\\\/\\\/autosdelpodio.com\\\/autos\\\/wp-content\\\/litespeed\\\/avatar\\\/aa8f65cd201a80f6b844f63278aa84af.jpg?ver=1777403005\",\"url\":\"http:\\\/\\\/autosdelpodio.com\\\/autos\\\/wp-content\\\/litespeed\\\/avatar\\\/aa8f65cd201a80f6b844f63278aa84af.jpg?ver=1777403005\",\"contentUrl\":\"http:\\\/\\\/autosdelpodio.com\\\/autos\\\/wp-content\\\/litespeed\\\/avatar\\\/aa8f65cd201a80f6b844f63278aa84af.jpg?ver=1777403005\",\"caption\":\"autosdelpodio\"}}]}<\/script>\n<!-- \/ Yoast SEO plugin. -->","yoast_head_json":{"title":"Autos del Podio | Debut a tono de Colapinto y triunfo de Leclerc en Italia","description":"Autos del Podio Destacada laobor de Franco Colapinto en su debut.Avanz\u00f3 desde el 18\u00ba lugar hasta el 12\u00b0 en el circuito de Monza","robots":{"index":"index","follow":"follow","max-snippet":"max-snippet:-1","max-image-preview":"max-image-preview:large","max-video-preview":"max-video-preview:-1"},"canonical":"https:\/\/autosdelpodio.com\/autos\/debut-a-tono-de-colapinto-y-triunfo-de-leclerc-en-italia\/","og_locale":"es_ES","og_type":"article","og_title":"Autos del Podio | Debut a tono de Colapinto y triunfo de Leclerc en Italia","og_description":"Autos del Podio Destacada laobor de Franco Colapinto en su debut.Avanz\u00f3 desde el 18\u00ba lugar hasta el 12\u00b0 en el circuito de Monza","og_url":"https:\/\/autosdelpodio.com\/autos\/debut-a-tono-de-colapinto-y-triunfo-de-leclerc-en-italia\/","og_site_name":"Autos del Podio","article_publisher":"https:\/\/www.facebook.com\/profile.php?id=100057192590976&amp%3bamp%3bamp%3bamp%3bamp%3bamp%3bamp%3bamp%3bamp%3bamp%3bamp%3bamp%3bamp%3bamp%3bamp%3bamp%3bamp%3bamp%3bref=ts","article_published_time":"2024-09-01T15:51:43+00:00","article_modified_time":"2024-09-01T15:53:41+00:00","og_image":[{"width":500,"height":278,"url":"https:\/\/autosdelpodio.com\/autos\/wp-content\/uploads\/2020\/04\/Logo_F1_-e1621029352226.jpg","type":"image\/jpeg"}],"author":"autosdelpodio","twitter_card":"summary_large_image","twitter_creator":"@autosdelpodio","twitter_site":"@autosdelpodio","twitter_misc":{"Escrito por":"autosdelpodio","Tiempo de lectura":"6 minutos"},"schema":{"@context":"https:\/\/schema.org","@graph":[{"@type":"Article","@id":"https:\/\/autosdelpodio.com\/autos\/debut-a-tono-de-colapinto-y-triunfo-de-leclerc-en-italia\/#article","isPartOf":{"@id":"https:\/\/autosdelpodio.com\/autos\/debut-a-tono-de-colapinto-y-triunfo-de-leclerc-en-italia\/"},"author":{"name":"autosdelpodio","@id":"http:\/\/autosdelpodio.com\/autos\/#\/schema\/person\/993527a4d01c3acdd3d6bce3770bc942"},"headline":"Debut a tono de Colapinto y triunfo de Leclerc en Italia","datePublished":"2024-09-01T15:51:43+00:00","dateModified":"2024-09-01T15:53:41+00:00","mainEntityOfPage":{"@id":"https:\/\/autosdelpodio.com\/autos\/debut-a-tono-de-colapinto-y-triunfo-de-leclerc-en-italia\/"},"wordCount":213,"commentCount":0,"publisher":{"@id":"http:\/\/autosdelpodio.com\/autos\/#organization"},"image":{"@id":"https:\/\/autosdelpodio.com\/autos\/debut-a-tono-de-colapinto-y-triunfo-de-leclerc-en-italia\/#primaryimage"},"thumbnailUrl":"http:\/\/autosdelpodio.com\/autos\/wp-content\/uploads\/2020\/04\/Logo_F1_-e1621029352226.jpg","keywords":["Charles Leclerc","Ferrari","Formula 1","Franco Colapinto","GP Monza","Williams"],"articleSection":["Destacado","\u00daltimas noticias"],"inLanguage":"es","potentialAction":[{"@type":"CommentAction","name":"Comment","target":["https:\/\/autosdelpodio.com\/autos\/debut-a-tono-de-colapinto-y-triunfo-de-leclerc-en-italia\/#respond"]}]},{"@type":"WebPage","@id":"https:\/\/autosdelpodio.com\/autos\/debut-a-tono-de-colapinto-y-triunfo-de-leclerc-en-italia\/","url":"https:\/\/autosdelpodio.com\/autos\/debut-a-tono-de-colapinto-y-triunfo-de-leclerc-en-italia\/","name":"Autos del Podio | Debut a tono de Colapinto y triunfo de Leclerc en Italia","isPartOf":{"@id":"http:\/\/autosdelpodio.com\/autos\/#website"},"primaryImageOfPage":{"@id":"https:\/\/autosdelpodio.com\/autos\/debut-a-tono-de-colapinto-y-triunfo-de-leclerc-en-italia\/#primaryimage"},"image":{"@id":"https:\/\/autosdelpodio.com\/autos\/debut-a-tono-de-colapinto-y-triunfo-de-leclerc-en-italia\/#primaryimage"},"thumbnailUrl":"http:\/\/autosdelpodio.com\/autos\/wp-content\/uploads\/2020\/04\/Logo_F1_-e1621029352226.jpg","datePublished":"2024-09-01T15:51:43+00:00","dateModified":"2024-09-01T15:53:41+00:00","description":"Autos del Podio Destacada laobor de Franco Colapinto en su debut.Avanz\u00f3 desde el 18\u00ba lugar hasta el 12\u00b0 en el circuito de Monza","breadcrumb":{"@id":"https:\/\/autosdelpodio.com\/autos\/debut-a-tono-de-colapinto-y-triunfo-de-leclerc-en-italia\/#breadcrumb"},"inLanguage":"es","potentialAction":[{"@type":"ReadAction","target":["https:\/\/autosdelpodio.com\/autos\/debut-a-tono-de-colapinto-y-triunfo-de-leclerc-en-italia\/"]}]},{"@type":"ImageObject","inLanguage":"es","@id":"https:\/\/autosdelpodio.com\/autos\/debut-a-tono-de-colapinto-y-triunfo-de-leclerc-en-italia\/#primaryimage","url":"http:\/\/autosdelpodio.com\/autos\/wp-content\/uploads\/2020\/04\/Logo_F1_-e1621029352226.jpg","contentUrl":"http:\/\/autosdelpodio.com\/autos\/wp-content\/uploads\/2020\/04\/Logo_F1_-e1621029352226.jpg","width":500,"height":278},{"@type":"BreadcrumbList","@id":"https:\/\/autosdelpodio.com\/autos\/debut-a-tono-de-colapinto-y-triunfo-de-leclerc-en-italia\/#breadcrumb","itemListElement":[{"@type":"ListItem","position":1,"name":"Portada","item":"http:\/\/autosdelpodio.com\/autos\/"},{"@type":"ListItem","position":2,"name":"Debut a tono de Colapinto y triunfo de Leclerc en Italia"}]},{"@type":"WebSite","@id":"http:\/\/autosdelpodio.com\/autos\/#website","url":"http:\/\/autosdelpodio.com\/autos\/","name":"Autos del Podio","description":"La sexta del deporte motor","publisher":{"@id":"http:\/\/autosdelpodio.com\/autos\/#organization"},"potentialAction":[{"@type":"SearchAction","target":{"@type":"EntryPoint","urlTemplate":"http:\/\/autosdelpodio.com\/autos\/?s={search_term_string}"},"query-input":{"@type":"PropertyValueSpecification","valueRequired":true,"valueName":"search_term_string"}}],"inLanguage":"es"},{"@type":"Organization","@id":"http:\/\/autosdelpodio.com\/autos\/#organization","name":"Autos del Podio","url":"http:\/\/autosdelpodio.com\/autos\/","logo":{"@type":"ImageObject","inLanguage":"es","@id":"http:\/\/autosdelpodio.com\/autos\/#\/schema\/logo\/image\/","url":"http:\/\/autosdelpodio.com\/autos\/wp-content\/uploads\/2020\/08\/Logo_AR.jpg","contentUrl":"http:\/\/autosdelpodio.com\/autos\/wp-content\/uploads\/2020\/08\/Logo_AR.jpg","width":1038,"height":1044,"caption":"Autos del Podio"},"image":{"@id":"http:\/\/autosdelpodio.com\/autos\/#\/schema\/logo\/image\/"},"sameAs":["https:\/\/www.facebook.com\/profile.php?id=100057192590976&amp;amp;amp;amp;amp;amp;amp;amp;amp;amp;amp;amp;amp;amp;amp;amp;amp;amp;ref=ts","https:\/\/x.com\/autosdelpodio","https:\/\/www.youtube.com\/user\/AutosdelPodio"]},{"@type":"Person","@id":"http:\/\/autosdelpodio.com\/autos\/#\/schema\/person\/993527a4d01c3acdd3d6bce3770bc942","name":"autosdelpodio","image":{"@type":"ImageObject","inLanguage":"es","@id":"http:\/\/autosdelpodio.com\/autos\/wp-content\/litespeed\/avatar\/aa8f65cd201a80f6b844f63278aa84af.jpg?ver=1777403005","url":"http:\/\/autosdelpodio.com\/autos\/wp-content\/litespeed\/avatar\/aa8f65cd201a80f6b844f63278aa84af.jpg?ver=1777403005","contentUrl":"http:\/\/autosdelpodio.com\/autos\/wp-content\/litespeed\/avatar\/aa8f65cd201a80f6b844f63278aa84af.jpg?ver=1777403005","caption":"autosdelpodio"}}]}},"views":502,"_links":{"self":[{"href":"http:\/\/autosdelpodio.com\/autos\/wp-json\/wp\/v2\/posts\/7872","targetHints":{"allow":["GET"]}}],"collection":[{"href":"http:\/\/autosdelpodio.com\/autos\/wp-json\/wp\/v2\/posts"}],"about":[{"href":"http:\/\/autosdelpodio.com\/autos\/wp-json\/wp\/v2\/types\/post"}],"author":[{"embeddable":true,"href":"http:\/\/autosdelpodio.com\/autos\/wp-json\/wp\/v2\/users\/3"}],"replies":[{"embeddable":true,"href":"http:\/\/autosdelpodio.com\/autos\/wp-json\/wp\/v2\/comments?post=7872"}],"version-history":[{"count":2,"href":"http:\/\/autosdelpodio.com\/autos\/wp-json\/wp\/v2\/posts\/7872\/revisions"}],"predecessor-version":[{"id":7874,"href":"http:\/\/autosdelpodio.com\/autos\/wp-json\/wp\/v2\/posts\/7872\/revisions\/7874"}],"wp:featuredmedia":[{"embeddable":true,"href":"http:\/\/autosdelpodio.com\/autos\/wp-json\/wp\/v2\/media\/1751"}],"wp:attachment":[{"href":"http:\/\/autosdelpodio.com\/autos\/wp-json\/wp\/v2\/media?parent=7872"}],"wp:term":[{"taxonomy":"category","embeddable":true,"href":"http:\/\/autosdelpodio.com\/autos\/wp-json\/wp\/v2\/categories?post=7872"},{"taxonomy":"post_tag","embeddable":true,"href":"http:\/\/autosdelpodio.com\/autos\/wp-json\/wp\/v2\/tags?post=7872"}],"curies":[{"name":"wp","href":"https:\/\/api.w.org\/{rel}","templated":true}]}}