{"id":7888,"date":"2024-09-10T16:50:49","date_gmt":"2024-09-10T19:50:49","guid":{"rendered":"http:\/\/autosdelpodio.com\/autos\/?p=7888"},"modified":"2024-09-10T16:50:51","modified_gmt":"2024-09-10T19:50:51","slug":"stellantis-invierte-fuerte-en-el-polo-de-cordoba","status":"publish","type":"post","link":"http:\/\/autosdelpodio.com\/autos\/stellantis-invierte-fuerte-en-el-polo-de-cordoba\/","title":{"rendered":"Stellantis invierte fuerte en el polo de C\u00f3rdoba"},"content":{"rendered":"\n<p>Stellantis confirma la importancia de Argentina en su plan Global Dare Forward 2030 con nuevos proyectos para el pa\u00eds. Los US$ 385 millones anunciados representan el desembolso m\u00e1s importante de la industria automotriz argentina en lo que va de este a\u00f1o 2024. Una inversi\u00f3n destinada directamente al Polo Stellantis C\u00f3rdoba, un centro clave para el desarrollo estrat\u00e9gico de Stellantis en Sudam\u00e9rica.<\/p>\n\n\n\n<p>Stellantis es la \u00fanica automotriz que tiene dos plantas productivas en el pa\u00eds, cada vez m\u00e1s preparadas para dise\u00f1ar, desarrollar y producir los autom\u00f3viles m\u00e1s modernos de la regi\u00f3n, ampliando su negocio, revalidando el valor de sus marcas ic\u00f3nicas y, lo m\u00e1s importante, satisfaciendo las necesidades de sus clientes.<\/p>\n\n\n\n<p>En el Polo Stellantis C\u00f3rdoba se produce el auto m\u00e1s vendido de los \u00faltimos tres a\u00f1os en el mercado argentino, el Fiat Cronos, que de la mano de un arduo trabajo para ser competitivos tambi\u00e9n es uno de los m\u00e1s exportados a la regi\u00f3n y especialmente a Brasil, convirti\u00e9ndose en uno de los referentes de su segmento en el mercado m\u00e1s importante de Sudam\u00e9rica.<\/p>\n\n\n\n<p>Esta nueva inversi\u00f3n de US$ 385 millones implicar\u00e1 el desarrollo de una nueva familia de veh\u00edculos, de nuevos componentes y un nuevo motor, algo tan esperado por la industria en la Argentina, y por supuesto la contrataci\u00f3n del personal necesario del cual aseguramos que el 50% ser\u00e1n mujeres, alineados al compromiso de la compa\u00f1\u00eda con la diversidad de g\u00e9nero.<\/p>\n\n\n\n<p>La sustentabilidad de estos tres desarrollos estar\u00e1 acompa\u00f1ada de la utilizaci\u00f3n de energ\u00edas renovables para todos los procesos productivos de C\u00f3rdoba.<\/p>\n\n\n\n<p>Con el objetivo de potenciar la industria argentina y desarrollar productos sustentables, estos nuevos proyectos fueron pensados para tener un alto volumen de exportaci\u00f3n, llevando la producci\u00f3n nacional a diversos mercados de diversas regiones.<\/p>\n\n\n\n<p>Este anuncio contempla tambi\u00e9n la radicaci\u00f3n del proveedor estrat\u00e9gico Suramericana en el Polo Stellantis C\u00f3rdoba, un desembarco que permitir\u00e1 continuar en l\u00ednea con el objetivo de que los veh\u00edculos que produce Stellantis son los que m\u00e1s contenido nacional tienen entre las diferentes terminales automotrices, y eso hace que muchos proveedores locales est\u00e9n localizados en las inmediaciones del Polo, d\u00e1ndole m\u00e1s competitividad a esta planta y poniendo en pr\u00e1ctica todo su&nbsp;<em>know-how<\/em>&nbsp;para continuar radicando producci\u00f3n de veh\u00edculos en la provincia de C\u00f3rdoba. Este nuevo desaf\u00edo llega para posicionar al polo de C\u00f3rdoba como una instalaci\u00f3n de est\u00e1ndar global que puede producir lo que el mercado requiera.<\/p>\n\n\n\n<p><em>Fuente: prensa Stellantis<\/em><\/p>\n","protected":false},"excerpt":{"rendered":"<p>Stellantis confirma la importancia de Argentina en su plan Global Dare Forward 2030 con nuevos proyectos para el pa\u00eds. Los<\/p>\n","protected":false},"author":3,"featured_media":7890,"comment_status":"open","ping_status":"open","sticky":false,"template":"","format":"standard","meta":{"colormag_page_container_layout":"default_layout","colormag_page_sidebar_layout":"default_layout","footnotes":""},"categories":[6,5],"tags":[111,32,814,35,555],"class_list":["post-7888","post","type-post","status-publish","format-standard","has-post-thumbnail","hentry","category-newsflash","category-latest-news","tag-cordoba","tag-industria-automotriz","tag-inversiones","tag-republica-argentina","tag-stellantis"],"yoast_head":"<!-- This site is optimized with the Yoast SEO plugin v27.5 - https:\/\/yoast.com\/product\/yoast-seo-wordpress\/ -->\n<title>Autos del Podio | Stellantis invierte fuerte en el polo de C\u00f3rdoba<\/title>\n<meta name=\"description\" content=\"Autos del Podio El Polo Stellantis C\u00f3rdoba recibir\u00e1 una inversi\u00f3n de US$ 385 millones para un desafiante desarrollo\" \/>\n<meta name=\"robots\" content=\"index, follow, max-snippet:-1, max-image-preview:large, max-video-preview:-1\" \/>\n<link rel=\"canonical\" href=\"https:\/\/autosdelpodio.com\/autos\/stellantis-invierte-fuerte-en-el-polo-de-cordoba\/\" \/>\n<meta property=\"og:locale\" content=\"es_ES\" \/>\n<meta property=\"og:type\" content=\"article\" \/>\n<meta property=\"og:title\" content=\"Autos del Podio | Stellantis invierte fuerte en el polo de C\u00f3rdoba\" \/>\n<meta property=\"og:description\" content=\"Autos del Podio El Polo Stellantis C\u00f3rdoba recibir\u00e1 una inversi\u00f3n de US$ 385 millones para un desafiante desarrollo\" \/>\n<meta property=\"og:url\" content=\"https:\/\/autosdelpodio.com\/autos\/stellantis-invierte-fuerte-en-el-polo-de-cordoba\/\" \/>\n<meta property=\"og:site_name\" content=\"Autos del Podio\" \/>\n<meta property=\"article:publisher\" content=\"https:\/\/www.facebook.com\/profile.php?id=100057192590976&amp;amp%3bamp%3bamp%3bamp%3bamp%3bamp%3bamp%3bamp%3bamp%3bamp%3bamp%3bamp%3bamp%3bamp%3bamp%3bamp%3bamp%3bamp%3bref=ts\" \/>\n<meta property=\"article:published_time\" content=\"2024-09-10T19:50:49+00:00\" \/>\n<meta property=\"article:modified_time\" content=\"2024-09-10T19:50:51+00:00\" \/>\n<meta property=\"og:image\" content=\"https:\/\/autosdelpodio.com\/autos\/wp-content\/uploads\/2024\/09\/Stellantis_CBA.jpg\" \/>\n\t<meta property=\"og:image:width\" content=\"500\" \/>\n\t<meta property=\"og:image:height\" content=\"250\" \/>\n\t<meta property=\"og:image:type\" content=\"image\/jpeg\" \/>\n<meta name=\"author\" content=\"autosdelpodio\" \/>\n<meta name=\"twitter:card\" content=\"summary_large_image\" \/>\n<meta name=\"twitter:creator\" content=\"@autosdelpodio\" \/>\n<meta name=\"twitter:site\" content=\"@autosdelpodio\" \/>\n<meta name=\"twitter:label1\" content=\"Escrito por\" \/>\n\t<meta name=\"twitter:data1\" content=\"autosdelpodio\" \/>\n\t<meta name=\"twitter:label2\" content=\"Tiempo de lectura\" \/>\n\t<meta name=\"twitter:data2\" content=\"3 minutos\" \/>\n<script type=\"application\/ld+json\" class=\"yoast-schema-graph\">{\"@context\":\"https:\\\/\\\/schema.org\",\"@graph\":[{\"@type\":\"Article\",\"@id\":\"https:\\\/\\\/autosdelpodio.com\\\/autos\\\/stellantis-invierte-fuerte-en-el-polo-de-cordoba\\\/#article\",\"isPartOf\":{\"@id\":\"https:\\\/\\\/autosdelpodio.com\\\/autos\\\/stellantis-invierte-fuerte-en-el-polo-de-cordoba\\\/\"},\"author\":{\"name\":\"autosdelpodio\",\"@id\":\"http:\\\/\\\/autosdelpodio.com\\\/autos\\\/#\\\/schema\\\/person\\\/993527a4d01c3acdd3d6bce3770bc942\"},\"headline\":\"Stellantis invierte fuerte en el polo de C\u00f3rdoba\",\"datePublished\":\"2024-09-10T19:50:49+00:00\",\"dateModified\":\"2024-09-10T19:50:51+00:00\",\"mainEntityOfPage\":{\"@id\":\"https:\\\/\\\/autosdelpodio.com\\\/autos\\\/stellantis-invierte-fuerte-en-el-polo-de-cordoba\\\/\"},\"wordCount\":457,\"commentCount\":0,\"publisher\":{\"@id\":\"http:\\\/\\\/autosdelpodio.com\\\/autos\\\/#organization\"},\"image\":{\"@id\":\"https:\\\/\\\/autosdelpodio.com\\\/autos\\\/stellantis-invierte-fuerte-en-el-polo-de-cordoba\\\/#primaryimage\"},\"thumbnailUrl\":\"http:\\\/\\\/autosdelpodio.com\\\/autos\\\/wp-content\\\/uploads\\\/2024\\\/09\\\/Stellantis_CBA.jpg\",\"keywords\":[\"Cordoba\",\"Industria Automotriz\",\"Inversiones\",\"Republica Argentina\",\"Stellantis\"],\"articleSection\":[\"Destacado\",\"\u00daltimas noticias\"],\"inLanguage\":\"es\",\"potentialAction\":[{\"@type\":\"CommentAction\",\"name\":\"Comment\",\"target\":[\"https:\\\/\\\/autosdelpodio.com\\\/autos\\\/stellantis-invierte-fuerte-en-el-polo-de-cordoba\\\/#respond\"]}]},{\"@type\":\"WebPage\",\"@id\":\"https:\\\/\\\/autosdelpodio.com\\\/autos\\\/stellantis-invierte-fuerte-en-el-polo-de-cordoba\\\/\",\"url\":\"https:\\\/\\\/autosdelpodio.com\\\/autos\\\/stellantis-invierte-fuerte-en-el-polo-de-cordoba\\\/\",\"name\":\"Autos del Podio | Stellantis invierte fuerte en el polo de C\u00f3rdoba\",\"isPartOf\":{\"@id\":\"http:\\\/\\\/autosdelpodio.com\\\/autos\\\/#website\"},\"primaryImageOfPage\":{\"@id\":\"https:\\\/\\\/autosdelpodio.com\\\/autos\\\/stellantis-invierte-fuerte-en-el-polo-de-cordoba\\\/#primaryimage\"},\"image\":{\"@id\":\"https:\\\/\\\/autosdelpodio.com\\\/autos\\\/stellantis-invierte-fuerte-en-el-polo-de-cordoba\\\/#primaryimage\"},\"thumbnailUrl\":\"http:\\\/\\\/autosdelpodio.com\\\/autos\\\/wp-content\\\/uploads\\\/2024\\\/09\\\/Stellantis_CBA.jpg\",\"datePublished\":\"2024-09-10T19:50:49+00:00\",\"dateModified\":\"2024-09-10T19:50:51+00:00\",\"description\":\"Autos del Podio El Polo Stellantis C\u00f3rdoba recibir\u00e1 una inversi\u00f3n de US$ 385 millones para un desafiante desarrollo\",\"breadcrumb\":{\"@id\":\"https:\\\/\\\/autosdelpodio.com\\\/autos\\\/stellantis-invierte-fuerte-en-el-polo-de-cordoba\\\/#breadcrumb\"},\"inLanguage\":\"es\",\"potentialAction\":[{\"@type\":\"ReadAction\",\"target\":[\"https:\\\/\\\/autosdelpodio.com\\\/autos\\\/stellantis-invierte-fuerte-en-el-polo-de-cordoba\\\/\"]}]},{\"@type\":\"ImageObject\",\"inLanguage\":\"es\",\"@id\":\"https:\\\/\\\/autosdelpodio.com\\\/autos\\\/stellantis-invierte-fuerte-en-el-polo-de-cordoba\\\/#primaryimage\",\"url\":\"http:\\\/\\\/autosdelpodio.com\\\/autos\\\/wp-content\\\/uploads\\\/2024\\\/09\\\/Stellantis_CBA.jpg\",\"contentUrl\":\"http:\\\/\\\/autosdelpodio.com\\\/autos\\\/wp-content\\\/uploads\\\/2024\\\/09\\\/Stellantis_CBA.jpg\",\"width\":500,\"height\":250},{\"@type\":\"BreadcrumbList\",\"@id\":\"https:\\\/\\\/autosdelpodio.com\\\/autos\\\/stellantis-invierte-fuerte-en-el-polo-de-cordoba\\\/#breadcrumb\",\"itemListElement\":[{\"@type\":\"ListItem\",\"position\":1,\"name\":\"Portada\",\"item\":\"http:\\\/\\\/autosdelpodio.com\\\/autos\\\/\"},{\"@type\":\"ListItem\",\"position\":2,\"name\":\"Stellantis invierte fuerte en el polo de C\u00f3rdoba\"}]},{\"@type\":\"WebSite\",\"@id\":\"http:\\\/\\\/autosdelpodio.com\\\/autos\\\/#website\",\"url\":\"http:\\\/\\\/autosdelpodio.com\\\/autos\\\/\",\"name\":\"Autos del Podio\",\"description\":\"La sexta del deporte motor\",\"publisher\":{\"@id\":\"http:\\\/\\\/autosdelpodio.com\\\/autos\\\/#organization\"},\"potentialAction\":[{\"@type\":\"SearchAction\",\"target\":{\"@type\":\"EntryPoint\",\"urlTemplate\":\"http:\\\/\\\/autosdelpodio.com\\\/autos\\\/?s={search_term_string}\"},\"query-input\":{\"@type\":\"PropertyValueSpecification\",\"valueRequired\":true,\"valueName\":\"search_term_string\"}}],\"inLanguage\":\"es\"},{\"@type\":\"Organization\",\"@id\":\"http:\\\/\\\/autosdelpodio.com\\\/autos\\\/#organization\",\"name\":\"Autos del Podio\",\"url\":\"http:\\\/\\\/autosdelpodio.com\\\/autos\\\/\",\"logo\":{\"@type\":\"ImageObject\",\"inLanguage\":\"es\",\"@id\":\"http:\\\/\\\/autosdelpodio.com\\\/autos\\\/#\\\/schema\\\/logo\\\/image\\\/\",\"url\":\"http:\\\/\\\/autosdelpodio.com\\\/autos\\\/wp-content\\\/uploads\\\/2020\\\/08\\\/Logo_AR.jpg\",\"contentUrl\":\"http:\\\/\\\/autosdelpodio.com\\\/autos\\\/wp-content\\\/uploads\\\/2020\\\/08\\\/Logo_AR.jpg\",\"width\":1038,\"height\":1044,\"caption\":\"Autos del Podio\"},\"image\":{\"@id\":\"http:\\\/\\\/autosdelpodio.com\\\/autos\\\/#\\\/schema\\\/logo\\\/image\\\/\"},\"sameAs\":[\"https:\\\/\\\/www.facebook.com\\\/profile.php?id=100057192590976&amp;amp;amp;amp;amp;amp;amp;amp;amp;amp;amp;amp;amp;amp;amp;amp;amp;amp;ref=ts\",\"https:\\\/\\\/x.com\\\/autosdelpodio\",\"https:\\\/\\\/www.youtube.com\\\/user\\\/AutosdelPodio\"]},{\"@type\":\"Person\",\"@id\":\"http:\\\/\\\/autosdelpodio.com\\\/autos\\\/#\\\/schema\\\/person\\\/993527a4d01c3acdd3d6bce3770bc942\",\"name\":\"autosdelpodio\",\"image\":{\"@type\":\"ImageObject\",\"inLanguage\":\"es\",\"@id\":\"http:\\\/\\\/autosdelpodio.com\\\/autos\\\/wp-content\\\/litespeed\\\/avatar\\\/aa8f65cd201a80f6b844f63278aa84af.jpg?ver=1777403005\",\"url\":\"http:\\\/\\\/autosdelpodio.com\\\/autos\\\/wp-content\\\/litespeed\\\/avatar\\\/aa8f65cd201a80f6b844f63278aa84af.jpg?ver=1777403005\",\"contentUrl\":\"http:\\\/\\\/autosdelpodio.com\\\/autos\\\/wp-content\\\/litespeed\\\/avatar\\\/aa8f65cd201a80f6b844f63278aa84af.jpg?ver=1777403005\",\"caption\":\"autosdelpodio\"}}]}<\/script>\n<!-- \/ Yoast SEO plugin. -->","yoast_head_json":{"title":"Autos del Podio | Stellantis invierte fuerte en el polo de C\u00f3rdoba","description":"Autos del Podio El Polo Stellantis C\u00f3rdoba recibir\u00e1 una inversi\u00f3n de US$ 385 millones para un desafiante desarrollo","robots":{"index":"index","follow":"follow","max-snippet":"max-snippet:-1","max-image-preview":"max-image-preview:large","max-video-preview":"max-video-preview:-1"},"canonical":"https:\/\/autosdelpodio.com\/autos\/stellantis-invierte-fuerte-en-el-polo-de-cordoba\/","og_locale":"es_ES","og_type":"article","og_title":"Autos del Podio | Stellantis invierte fuerte en el polo de C\u00f3rdoba","og_description":"Autos del Podio El Polo Stellantis C\u00f3rdoba recibir\u00e1 una inversi\u00f3n de US$ 385 millones para un desafiante desarrollo","og_url":"https:\/\/autosdelpodio.com\/autos\/stellantis-invierte-fuerte-en-el-polo-de-cordoba\/","og_site_name":"Autos del Podio","article_publisher":"https:\/\/www.facebook.com\/profile.php?id=100057192590976&amp%3bamp%3bamp%3bamp%3bamp%3bamp%3bamp%3bamp%3bamp%3bamp%3bamp%3bamp%3bamp%3bamp%3bamp%3bamp%3bamp%3bamp%3bref=ts","article_published_time":"2024-09-10T19:50:49+00:00","article_modified_time":"2024-09-10T19:50:51+00:00","og_image":[{"width":500,"height":250,"url":"https:\/\/autosdelpodio.com\/autos\/wp-content\/uploads\/2024\/09\/Stellantis_CBA.jpg","type":"image\/jpeg"}],"author":"autosdelpodio","twitter_card":"summary_large_image","twitter_creator":"@autosdelpodio","twitter_site":"@autosdelpodio","twitter_misc":{"Escrito por":"autosdelpodio","Tiempo de lectura":"3 minutos"},"schema":{"@context":"https:\/\/schema.org","@graph":[{"@type":"Article","@id":"https:\/\/autosdelpodio.com\/autos\/stellantis-invierte-fuerte-en-el-polo-de-cordoba\/#article","isPartOf":{"@id":"https:\/\/autosdelpodio.com\/autos\/stellantis-invierte-fuerte-en-el-polo-de-cordoba\/"},"author":{"name":"autosdelpodio","@id":"http:\/\/autosdelpodio.com\/autos\/#\/schema\/person\/993527a4d01c3acdd3d6bce3770bc942"},"headline":"Stellantis invierte fuerte en el polo de C\u00f3rdoba","datePublished":"2024-09-10T19:50:49+00:00","dateModified":"2024-09-10T19:50:51+00:00","mainEntityOfPage":{"@id":"https:\/\/autosdelpodio.com\/autos\/stellantis-invierte-fuerte-en-el-polo-de-cordoba\/"},"wordCount":457,"commentCount":0,"publisher":{"@id":"http:\/\/autosdelpodio.com\/autos\/#organization"},"image":{"@id":"https:\/\/autosdelpodio.com\/autos\/stellantis-invierte-fuerte-en-el-polo-de-cordoba\/#primaryimage"},"thumbnailUrl":"http:\/\/autosdelpodio.com\/autos\/wp-content\/uploads\/2024\/09\/Stellantis_CBA.jpg","keywords":["Cordoba","Industria Automotriz","Inversiones","Republica Argentina","Stellantis"],"articleSection":["Destacado","\u00daltimas noticias"],"inLanguage":"es","potentialAction":[{"@type":"CommentAction","name":"Comment","target":["https:\/\/autosdelpodio.com\/autos\/stellantis-invierte-fuerte-en-el-polo-de-cordoba\/#respond"]}]},{"@type":"WebPage","@id":"https:\/\/autosdelpodio.com\/autos\/stellantis-invierte-fuerte-en-el-polo-de-cordoba\/","url":"https:\/\/autosdelpodio.com\/autos\/stellantis-invierte-fuerte-en-el-polo-de-cordoba\/","name":"Autos del Podio | Stellantis invierte fuerte en el polo de C\u00f3rdoba","isPartOf":{"@id":"http:\/\/autosdelpodio.com\/autos\/#website"},"primaryImageOfPage":{"@id":"https:\/\/autosdelpodio.com\/autos\/stellantis-invierte-fuerte-en-el-polo-de-cordoba\/#primaryimage"},"image":{"@id":"https:\/\/autosdelpodio.com\/autos\/stellantis-invierte-fuerte-en-el-polo-de-cordoba\/#primaryimage"},"thumbnailUrl":"http:\/\/autosdelpodio.com\/autos\/wp-content\/uploads\/2024\/09\/Stellantis_CBA.jpg","datePublished":"2024-09-10T19:50:49+00:00","dateModified":"2024-09-10T19:50:51+00:00","description":"Autos del Podio El Polo Stellantis C\u00f3rdoba recibir\u00e1 una inversi\u00f3n de US$ 385 millones para un desafiante desarrollo","breadcrumb":{"@id":"https:\/\/autosdelpodio.com\/autos\/stellantis-invierte-fuerte-en-el-polo-de-cordoba\/#breadcrumb"},"inLanguage":"es","potentialAction":[{"@type":"ReadAction","target":["https:\/\/autosdelpodio.com\/autos\/stellantis-invierte-fuerte-en-el-polo-de-cordoba\/"]}]},{"@type":"ImageObject","inLanguage":"es","@id":"https:\/\/autosdelpodio.com\/autos\/stellantis-invierte-fuerte-en-el-polo-de-cordoba\/#primaryimage","url":"http:\/\/autosdelpodio.com\/autos\/wp-content\/uploads\/2024\/09\/Stellantis_CBA.jpg","contentUrl":"http:\/\/autosdelpodio.com\/autos\/wp-content\/uploads\/2024\/09\/Stellantis_CBA.jpg","width":500,"height":250},{"@type":"BreadcrumbList","@id":"https:\/\/autosdelpodio.com\/autos\/stellantis-invierte-fuerte-en-el-polo-de-cordoba\/#breadcrumb","itemListElement":[{"@type":"ListItem","position":1,"name":"Portada","item":"http:\/\/autosdelpodio.com\/autos\/"},{"@type":"ListItem","position":2,"name":"Stellantis invierte fuerte en el polo de C\u00f3rdoba"}]},{"@type":"WebSite","@id":"http:\/\/autosdelpodio.com\/autos\/#website","url":"http:\/\/autosdelpodio.com\/autos\/","name":"Autos del Podio","description":"La sexta del deporte motor","publisher":{"@id":"http:\/\/autosdelpodio.com\/autos\/#organization"},"potentialAction":[{"@type":"SearchAction","target":{"@type":"EntryPoint","urlTemplate":"http:\/\/autosdelpodio.com\/autos\/?s={search_term_string}"},"query-input":{"@type":"PropertyValueSpecification","valueRequired":true,"valueName":"search_term_string"}}],"inLanguage":"es"},{"@type":"Organization","@id":"http:\/\/autosdelpodio.com\/autos\/#organization","name":"Autos del Podio","url":"http:\/\/autosdelpodio.com\/autos\/","logo":{"@type":"ImageObject","inLanguage":"es","@id":"http:\/\/autosdelpodio.com\/autos\/#\/schema\/logo\/image\/","url":"http:\/\/autosdelpodio.com\/autos\/wp-content\/uploads\/2020\/08\/Logo_AR.jpg","contentUrl":"http:\/\/autosdelpodio.com\/autos\/wp-content\/uploads\/2020\/08\/Logo_AR.jpg","width":1038,"height":1044,"caption":"Autos del Podio"},"image":{"@id":"http:\/\/autosdelpodio.com\/autos\/#\/schema\/logo\/image\/"},"sameAs":["https:\/\/www.facebook.com\/profile.php?id=100057192590976&amp;amp;amp;amp;amp;amp;amp;amp;amp;amp;amp;amp;amp;amp;amp;amp;amp;amp;ref=ts","https:\/\/x.com\/autosdelpodio","https:\/\/www.youtube.com\/user\/AutosdelPodio"]},{"@type":"Person","@id":"http:\/\/autosdelpodio.com\/autos\/#\/schema\/person\/993527a4d01c3acdd3d6bce3770bc942","name":"autosdelpodio","image":{"@type":"ImageObject","inLanguage":"es","@id":"http:\/\/autosdelpodio.com\/autos\/wp-content\/litespeed\/avatar\/aa8f65cd201a80f6b844f63278aa84af.jpg?ver=1777403005","url":"http:\/\/autosdelpodio.com\/autos\/wp-content\/litespeed\/avatar\/aa8f65cd201a80f6b844f63278aa84af.jpg?ver=1777403005","contentUrl":"http:\/\/autosdelpodio.com\/autos\/wp-content\/litespeed\/avatar\/aa8f65cd201a80f6b844f63278aa84af.jpg?ver=1777403005","caption":"autosdelpodio"}}]}},"views":354,"_links":{"self":[{"href":"http:\/\/autosdelpodio.com\/autos\/wp-json\/wp\/v2\/posts\/7888","targetHints":{"allow":["GET"]}}],"collection":[{"href":"http:\/\/autosdelpodio.com\/autos\/wp-json\/wp\/v2\/posts"}],"about":[{"href":"http:\/\/autosdelpodio.com\/autos\/wp-json\/wp\/v2\/types\/post"}],"author":[{"embeddable":true,"href":"http:\/\/autosdelpodio.com\/autos\/wp-json\/wp\/v2\/users\/3"}],"replies":[{"embeddable":true,"href":"http:\/\/autosdelpodio.com\/autos\/wp-json\/wp\/v2\/comments?post=7888"}],"version-history":[{"count":1,"href":"http:\/\/autosdelpodio.com\/autos\/wp-json\/wp\/v2\/posts\/7888\/revisions"}],"predecessor-version":[{"id":7889,"href":"http:\/\/autosdelpodio.com\/autos\/wp-json\/wp\/v2\/posts\/7888\/revisions\/7889"}],"wp:featuredmedia":[{"embeddable":true,"href":"http:\/\/autosdelpodio.com\/autos\/wp-json\/wp\/v2\/media\/7890"}],"wp:attachment":[{"href":"http:\/\/autosdelpodio.com\/autos\/wp-json\/wp\/v2\/media?parent=7888"}],"wp:term":[{"taxonomy":"category","embeddable":true,"href":"http:\/\/autosdelpodio.com\/autos\/wp-json\/wp\/v2\/categories?post=7888"},{"taxonomy":"post_tag","embeddable":true,"href":"http:\/\/autosdelpodio.com\/autos\/wp-json\/wp\/v2\/tags?post=7888"}],"curies":[{"name":"wp","href":"https:\/\/api.w.org\/{rel}","templated":true}]}}