{"id":7896,"date":"2024-09-12T21:33:44","date_gmt":"2024-09-13T00:33:44","guid":{"rendered":"http:\/\/autosdelpodio.com\/autos\/?p=7896"},"modified":"2024-09-12T21:41:22","modified_gmt":"2024-09-13T00:41:22","slug":"domingo-de-sol-y-autos-historicos-en-expo-auto-argentino-2024","status":"publish","type":"post","link":"http:\/\/autosdelpodio.com\/autos\/domingo-de-sol-y-autos-historicos-en-expo-auto-argentino-2024\/","title":{"rendered":"Domingo de sol y autos hist\u00f3ricos en Expo Auto Argentino 2024"},"content":{"rendered":"\n<p>Una edici\u00f3n m\u00e1s de\u00a0<strong>Expo Auto Argentino<\/strong>, la\u00a0decimotercera\u00a0para ser exacto. Este a\u00f1o el clima\u00a0<strong>f<\/strong>ue benigno\u00a0con la exposici\u00f3n de autos hist\u00f3ricos argentino, y\u00a0no fue necesaria\u00a0la suspensi\u00f3n de la fecha. Veamos, en esta cr\u00f3nica, lo vivido el\u00a0domingo 8 de septiembre.<\/p>\n\n\n\n<p><strong>El arranque<\/strong><\/p>\n\n\n\n<p>Volv\u00ed al viejo y querido bondi para ir a Expo Auto Argentino 2024, en el predio al lado del Club de Campo La Tradici\u00f3n, en la intersecci\u00f3n de la Ruta Provincial 7 y Jos\u00e9 Mir\u00f3, en la localidad de Francisco \u00c1lvarez, partido de Moreno, provincia de Buenos Aires.<\/p>\n\n\n\n<p>La\u00a0<strong>econom\u00eda argentina est\u00e1 complicada<\/strong>\u00a0para sumar m\u00e1s gastos. As\u00ed que\u00a0<strong>tempranito<\/strong>, a eso de las\u00a0<strong>8:15 horas<\/strong>, emprend\u00ed el viaje de\u00a0<strong>San Miguel<\/strong>, el\u00a0<strong>Gran Buenos Aires<\/strong>, para Francisco \u00c1lvarez. Luego de\u00a0<strong>dos colectivos<\/strong>\u00a0y una hora y diez estaba\u00a0<strong>ingresando<\/strong>\u00a0en el predio.<\/p>\n\n\n\n<p>Al primero que me encontr\u00e9 fue a&nbsp;<strong>Gustavo Moranzoni<\/strong>, uno de los&nbsp;<strong>organizadores<\/strong>&nbsp;de la muestra, y actual&nbsp;<strong>presidente del Rotary Club de Francisco \u00c1lvarez<\/strong>. La ingresar me lo encontr\u00e9, sentado, a&nbsp;<strong>Roberto Landler<\/strong>. \u00bfQu\u00e9 estaba haciendo?&nbsp;<strong>Tomando fotos<\/strong>&nbsp;de los autos que ingresaban al predio, como siempre hace con su&nbsp;<strong>profesi\u00f3n de fot\u00f3grafo<\/strong>.<\/p>\n\n\n\n<h3 class=\"wp-block-heading\"><strong>La muestra<\/strong><\/h3>\n\n\n\n<p>Mientras charl\u00e1bamos con Roberto lleg\u00f3 el\u00a0<strong>cami\u00f3n batea<\/strong>\u00a0que tra\u00eda\u00a0<strong>el auto insignia<\/strong>\u00a0de la Expo Auto Argentino 2024: el\u00a0<strong>Anasagasti del a\u00f1o 1912<\/strong>. Su due\u00f1o nos cont\u00f3 que pod\u00eda\u00a0<strong>haberlo llevado andando<\/strong>, pero prefiri\u00f3 transportarlo.<\/p>\n\n\n\n<p>Lo ubicaron&nbsp;<strong>cerca de la entrada<\/strong>&nbsp;casi enfrente de la autobomba de los&nbsp;<strong>Bomberos Voluntarios de Moreno<\/strong>, que cada a\u00f1o est\u00e1n presente en la muestra. Segu\u00ed camino hasta el&nbsp;<strong>fondo del predio<\/strong>&nbsp;para tener un&nbsp;<strong>panorama de la muestra<\/strong>.<\/p>\n\n\n\n<p>La cual todav\u00eda&nbsp;<strong>no hab\u00eda abierto al p\u00fablico<\/strong>. Ya que el horario de apertura estaba fijado para las&nbsp;<strong>10 horas<\/strong>, y su cierre para las&nbsp;<strong>18 horas<\/strong>. El d\u00eda estuvo&nbsp;<strong>muy bueno<\/strong>&nbsp;en cuanto al clima. El cual fue&nbsp;<strong>agradable<\/strong>&nbsp;para recorrer la expo de&nbsp;<strong>autos hist\u00f3ricos argentinos<\/strong>.<\/p>\n\n\n\n<h3 class=\"wp-block-heading\"><strong>Las islas<\/strong><\/h3>\n\n\n\n<p>Ya hab\u00eda&nbsp;<strong>anticipado en posteos<\/strong>&nbsp;que se celebrar\u00edan&nbsp;<strong>aniversarios<\/strong>&nbsp;de varios modelos de&nbsp;<strong>producci\u00f3n nacional<\/strong>. Incluso la nota anterior a esta, todas dedicadas a Expo Auto Argentino 2024<strong>, durante esta semana<\/strong>, hasta el&nbsp;<strong>viernes 13<\/strong>, mencion\u00e9 a las&nbsp;<strong>islas homenaje<\/strong>.<\/p>\n\n\n\n<p>Algunas estaban\u00a0<strong>arm\u00e1ndose<\/strong>\u00a0antes de la apertura de la muestra. Las celebraciones eran por los\u00a0<strong>50 a\u00f1os<\/strong>\u00a0del lanzamiento del\u00a0<strong>Ford Taunus<\/strong>\u00a0y los\u00a0<strong>40 a\u00f1os<\/strong>\u00a0del\u00a0<strong>Ford Sierra<\/strong>, el\u00a0<strong>Renault 11<\/strong>\u00a0y el\u00a0<strong>Eniak Antique<\/strong>. Solo un\u00a0<strong>Opel K 180<\/strong>\u00a0rend\u00eda homenaje a su presentaci\u00f3n en el\u00a0<strong>a\u00f1o 1974<\/strong>.<\/p>\n\n\n\n<p>Tanto el Ford Taunus, como el Ford Sierra,\u00a0<strong>tuvieron m\u00e1s de una isla<\/strong>\u00a0de homenaje, cerca de la\u00a0<strong>entrada al predio<\/strong>. Siempre se estila eso en Expo Auto Argentino, que\u00a0<strong>autos homenajeados<\/strong>\u00a0est\u00e9n cerca del\u00a0<strong>ingreso a la muestra<\/strong>.<\/p>\n\n\n\n<p>Tambi\u00e9n se arm\u00f3\u00a0<strong>una isla<\/strong>\u00a0con los autos que participar\u00edan del\u00a0<strong>Concurso de Estado<\/strong>\u00a0fiscalizado por los jueces de la\u00a0<strong>FACAH<\/strong>\u00a0(Federaci\u00f3n Argentina de Clubes de Automotores Hist\u00f3ricos)\u00a0que estaban supervisados por\u00a0<strong>Guillermo Piano<\/strong>, otro conocido con el que\u00a0<strong>charlamos un rato<\/strong>.<\/p>\n\n\n\n<figure class=\"wp-block-image size-full\"><img fetchpriority=\"high\" decoding=\"async\" width=\"640\" height=\"318\" src=\"http:\/\/autosdelpodio.com\/autos\/wp-content\/uploads\/2024\/09\/Cronica-EAA-2024-09.jpg\" alt=\"\" class=\"wp-image-7899\" srcset=\"http:\/\/autosdelpodio.com\/autos\/wp-content\/uploads\/2024\/09\/Cronica-EAA-2024-09.jpg 640w, http:\/\/autosdelpodio.com\/autos\/wp-content\/uploads\/2024\/09\/Cronica-EAA-2024-09-300x149.jpg 300w\" sizes=\"(max-width: 640px) 100vw, 640px\" \/><\/figure>\n\n\n\n<h3 class=\"wp-block-heading\"><strong>M\u00e1s conocidos<\/strong><\/h3>\n\n\n\n<p>A medida que me&nbsp;<strong>adentraba en el predio<\/strong>, e iba&nbsp;<strong>evaluando las fotos<\/strong>&nbsp;que tomar\u00eda, para luego&nbsp;<strong>ilustrar las notas<\/strong>&nbsp;sobre la decimotercera edici\u00f3n, me fui&nbsp;<strong>encontrando con conocidos<\/strong>, amigos fierreros o seguidores de Archivo de autos.<\/p>\n\n\n\n<p>Me top\u00e9 con\u00a0<strong>Fernando Ale<\/strong>, del\u00a0<strong>Restauradores del Renault 4<\/strong>. Tambi\u00e9n de esta agrupaci\u00f3n me salud\u00f3\u00a0<strong>Fernando Amicone<\/strong>, mientras segu\u00eda caminando hacia la entrada al predio. La mayor\u00eda estaba\u00a0<strong>terminando de acomodar<\/strong>\u00a0sus veh\u00edculos.<\/p>\n\n\n\n<p>Por lo tanto,\u00a0<strong>era un ir y venir<\/strong>\u00a0de autos y personas. Todo antes que se abra la puerta para que\u00a0<strong>ingrese el p\u00fablico visitante<\/strong>. El cual fue\u00a0<strong>bastante<\/strong>, evidentemente el clima\u00a0<strong>ayud\u00f3, y mucho<\/strong>.<\/p>\n\n\n\n<p><strong>Roberto Wagner<\/strong>, del\u00a0<strong>Auto Union-DKW Club Argentina<\/strong>, estaba acomodando un\u00a0<strong>chasis con la mec\u00e1nica<\/strong>\u00a0de un\u00a0<strong>Auto Union 1000 S<\/strong>. Una\u00a0<strong>gran idea<\/strong>\u00a0que los lectores ya ver\u00e1n en\u00a0<strong>detalle<\/strong>\u00a0en una futura nota.<\/p>\n\n\n\n<p>En mi viaje al fondo del premio me encontr\u00e9 con&nbsp;<strong>Gustavo Feder<\/strong>, editor de&nbsp;<strong>Autohistoria<\/strong>, y autor de&nbsp;<strong>varios libros<\/strong>&nbsp;sobre la&nbsp;<strong>historia de la industria automotriz argentina<\/strong>. Tambi\u00e9n me encontr\u00e9 con&nbsp;<strong>Claudio Castro<\/strong>, uno de los editores de&nbsp;<strong>Lenguaje claro Editora<\/strong>. M\u00e1s tarde pasar\u00eda por el stand y charlar\u00eda con su esposa,&nbsp;<strong>Gabriela Tenner<\/strong>.<\/p>\n\n\n\n<h3 class=\"wp-block-heading\"><strong>Los clubes<\/strong><\/h3>\n\n\n\n<p>Como mencion\u00e9 antes&nbsp;<strong>muchos clubes<\/strong>&nbsp;estaban terminando de acomodar sus autos. Lo mismo que armando las&nbsp;<strong>islas homenaje<\/strong>. El tema que los veh\u00edculos participantes&nbsp;<strong>llegaron algo tarde al predio<\/strong>. Alrededor de las&nbsp;<strong>8 de la ma\u00f1ana<\/strong>. A la hora que sal\u00eda de mi casa rumbo a la muestra.<\/p>\n\n\n\n<p>Varios clubes\u00a0<strong>estuvieron presentes<\/strong>, en cambios otros\u00a0<strong>estuvieron ausentes<\/strong>. En parte porque los\u00a0<strong>organizadores<\/strong>\u00a0de Expo Auto Argentino\u00a0<strong>priorizaron<\/strong>\u00a0el lugar para armar\u00a0<strong>los homenajes<\/strong>\u00a0de los modelos de autos argentinos.<\/p>\n\n\n\n<p>Por ese motivo los clubes de modelos homenajeados\u00a0<strong>tuvieron la autorizaci\u00f3n<\/strong>\u00a0para llevar\u00a0<strong>m\u00e1s de las siete unidades<\/strong>\u00a0que se estipula por club o agrupaci\u00f3n. De ah\u00ed que el\u00a0<strong>Taunus<\/strong>\u00a0y el\u00a0<strong>Sierra<\/strong>\u00a0tuvieran\u00a0<strong>m\u00e1s de una isla homenaje<\/strong>.<\/p>\n\n\n\n<p>Nuevamente las&nbsp;<strong>motonetas<\/strong>&nbsp;estuvieron presentes gracias&nbsp;<strong>al Club Siambretta Buenos Aires<\/strong>. Las cuales se ubicaron al lado de las unidades del&nbsp;<strong>Club del SIAM<\/strong>. Como para darle un&nbsp;<strong>contexto hist\u00f3rico<\/strong>&nbsp;a los veh\u00edculos que fabric\u00f3 la empresa argentina&nbsp;<strong>SIAM<\/strong>&nbsp;(Sociedad Italiana Amasadoras Mec\u00e1nicas,&nbsp;<em>primero<\/em>; Sociedad Industrial Americana de Maquinarias,&nbsp;<em>desde 1927<\/em>).<\/p>\n\n\n\n<h3 class=\"wp-block-heading\"><strong>Consideraciones finales<\/strong><\/h3>\n\n\n\n<p>Voy a\u00a0<strong>mencionar<\/strong>\u00a0a los conocidos que\u00a0<strong>me encontr\u00e9<\/strong>\u00a0en Expo Auto Argentino 2024, en alg\u00fan\u00a0<strong>momento de la jornada<\/strong>. Espero que la memoria no me traicione&#8230;<\/p>\n\n\n\n<p>Ac\u00e1 va el listado:\u00a0<strong>Carlos Quintana<\/strong>,\u00a0<strong>Fernando G\u00f3mez<\/strong>,\u00a0<strong>Andr\u00e9s Moranzoni<\/strong>\u00a0(fue en la entrega de los premios),\u00a0<strong>Miguel \u00c1ngel Horoniski<\/strong>,\u00a0<strong>Federico Pujol<\/strong>\u00a0(Gordini Baradero),\u00a0<strong>Marcelo Monteverdi<\/strong>\u00a0(Club Amigos de Taunus Argentina),\u00a0<strong>Carlos Guillermo Pigni<\/strong>,\u00a0<strong>Juan Carlos L\u00f3pez Mart\u00ed<\/strong>\u00a0(Registro Antique),\u00a0<strong>Gonzalo Alaniz<\/strong>\u00a0y\u00a0<strong>Roberto Felicioni<\/strong>\u00a0(Restauradores del Renault 4), que\u00a0<strong>gentilmente<\/strong>\u00a0me trajo de regreso a San Miguel.<\/p>\n\n\n\n<p>Las\u00a0<strong>fotograf\u00edas<\/strong>\u00a0las tom\u00e9 el\u00a0<strong>domingo 8 de septiembre<\/strong>, durante la realizaci\u00f3n de Expo Auto Argentino 2024 en predio Club de Campo La Tradici\u00f3n, en la intersecci\u00f3n de la Ruta Provincial 7 y Jos\u00e9 Mir\u00f3, en la localidad de Francisco \u00c1lvarez, partido de Moreno, provincia de Buenos Aires.<\/p>\n\n\n\n<p><strong>Por Mauricio Uldane<\/strong><\/p>\n\n\n\n<p><em>Creador y editor de <a href=\"https:\/\/archivodeautos.blogspot.com\/\" target=\"_blank\" rel=\"noreferrer noopener\">Archivo de autos<\/a><\/em><\/p>\n","protected":false},"excerpt":{"rendered":"<p>Una edici\u00f3n m\u00e1s de\u00a0Expo Auto Argentino, la\u00a0decimotercera\u00a0para ser exacto. Este a\u00f1o el clima\u00a0fue benigno\u00a0con la exposici\u00f3n de autos hist\u00f3ricos argentino,<\/p>\n","protected":false},"author":3,"featured_media":7898,"comment_status":"open","ping_status":"open","sticky":false,"template":"","format":"standard","meta":{"colormag_page_container_layout":"default_layout","colormag_page_sidebar_layout":"default_layout","footnotes":""},"categories":[6,5],"tags":[43,53,68,67,721,499],"class_list":["post-7896","post","type-post","status-publish","format-standard","has-post-thumbnail","hentry","category-newsflash","category-latest-news","tag-autos-y-motos","tag-expo-auto-argentino","tag-exposiciones","tag-francisco-alvarez","tag-mauricio-uldane","tag-muestra"],"yoast_head":"<!-- This site is optimized with the Yoast SEO plugin v27.4 - https:\/\/yoast.com\/product\/yoast-seo-wordpress\/ -->\n<title>Autos del Podio | Domingo de sol y autos hist\u00f3ricos en Expo Auto Argentino 2024<\/title>\n<meta name=\"description\" content=\"Autos del Podio La cr\u00f3nica al detalle de Mauricio Uldane sobre el acontecer de Expo Auto Argentino\" \/>\n<meta name=\"robots\" content=\"index, follow, max-snippet:-1, max-image-preview:large, max-video-preview:-1\" \/>\n<link rel=\"canonical\" href=\"http:\/\/autosdelpodio.com\/autos\/domingo-de-sol-y-autos-historicos-en-expo-auto-argentino-2024\/\" \/>\n<meta property=\"og:locale\" content=\"es_ES\" \/>\n<meta property=\"og:type\" content=\"article\" \/>\n<meta property=\"og:title\" content=\"Autos del Podio | Domingo de sol y autos hist\u00f3ricos en Expo Auto Argentino 2024\" \/>\n<meta property=\"og:description\" content=\"Autos del Podio La cr\u00f3nica al detalle de Mauricio Uldane sobre el acontecer de Expo Auto Argentino\" \/>\n<meta property=\"og:url\" content=\"http:\/\/autosdelpodio.com\/autos\/domingo-de-sol-y-autos-historicos-en-expo-auto-argentino-2024\/\" \/>\n<meta property=\"og:site_name\" content=\"Autos del Podio\" \/>\n<meta property=\"article:publisher\" content=\"https:\/\/www.facebook.com\/profile.php?id=100057192590976&amp;amp%3bamp%3bamp%3bamp%3bamp%3bamp%3bamp%3bamp%3bamp%3bamp%3bamp%3bamp%3bamp%3bamp%3bamp%3bamp%3bamp%3bamp%3bref=ts\" \/>\n<meta property=\"article:published_time\" content=\"2024-09-13T00:33:44+00:00\" \/>\n<meta property=\"article:modified_time\" content=\"2024-09-13T00:41:22+00:00\" \/>\n<meta property=\"og:image\" content=\"http:\/\/autosdelpodio.com\/autos\/wp-content\/uploads\/2024\/09\/Cronica-EAA-2024-01.jpg\" \/>\n\t<meta property=\"og:image:width\" content=\"500\" \/>\n\t<meta property=\"og:image:height\" content=\"219\" \/>\n\t<meta property=\"og:image:type\" content=\"image\/jpeg\" \/>\n<meta name=\"author\" content=\"autosdelpodio\" \/>\n<meta name=\"twitter:card\" content=\"summary_large_image\" \/>\n<meta name=\"twitter:creator\" content=\"@autosdelpodio\" \/>\n<meta name=\"twitter:site\" content=\"@autosdelpodio\" \/>\n<meta name=\"twitter:label1\" content=\"Escrito por\" \/>\n\t<meta name=\"twitter:data1\" content=\"autosdelpodio\" \/>\n\t<meta name=\"twitter:label2\" content=\"Tiempo de lectura\" \/>\n\t<meta name=\"twitter:data2\" content=\"6 minutos\" \/>\n<script type=\"application\/ld+json\" class=\"yoast-schema-graph\">{\"@context\":\"https:\\\/\\\/schema.org\",\"@graph\":[{\"@type\":\"Article\",\"@id\":\"http:\\\/\\\/autosdelpodio.com\\\/autos\\\/domingo-de-sol-y-autos-historicos-en-expo-auto-argentino-2024\\\/#article\",\"isPartOf\":{\"@id\":\"http:\\\/\\\/autosdelpodio.com\\\/autos\\\/domingo-de-sol-y-autos-historicos-en-expo-auto-argentino-2024\\\/\"},\"author\":{\"name\":\"autosdelpodio\",\"@id\":\"http:\\\/\\\/autosdelpodio.com\\\/autos\\\/#\\\/schema\\\/person\\\/993527a4d01c3acdd3d6bce3770bc942\"},\"headline\":\"Domingo de sol y autos hist\u00f3ricos en Expo Auto Argentino 2024\",\"datePublished\":\"2024-09-13T00:33:44+00:00\",\"dateModified\":\"2024-09-13T00:41:22+00:00\",\"mainEntityOfPage\":{\"@id\":\"http:\\\/\\\/autosdelpodio.com\\\/autos\\\/domingo-de-sol-y-autos-historicos-en-expo-auto-argentino-2024\\\/\"},\"wordCount\":1124,\"commentCount\":0,\"publisher\":{\"@id\":\"http:\\\/\\\/autosdelpodio.com\\\/autos\\\/#organization\"},\"image\":{\"@id\":\"http:\\\/\\\/autosdelpodio.com\\\/autos\\\/domingo-de-sol-y-autos-historicos-en-expo-auto-argentino-2024\\\/#primaryimage\"},\"thumbnailUrl\":\"http:\\\/\\\/autosdelpodio.com\\\/autos\\\/wp-content\\\/uploads\\\/2024\\\/09\\\/Cronica-EAA-2024-01.jpg\",\"keywords\":[\"Autos y Motos\",\"Expo Auto Argentino\",\"Exposiciones\",\"Francisco Alvarez\",\"Mauricio Uldane\",\"Muestra\"],\"articleSection\":[\"Destacado\",\"\u00daltimas noticias\"],\"inLanguage\":\"es\",\"potentialAction\":[{\"@type\":\"CommentAction\",\"name\":\"Comment\",\"target\":[\"http:\\\/\\\/autosdelpodio.com\\\/autos\\\/domingo-de-sol-y-autos-historicos-en-expo-auto-argentino-2024\\\/#respond\"]}]},{\"@type\":\"WebPage\",\"@id\":\"http:\\\/\\\/autosdelpodio.com\\\/autos\\\/domingo-de-sol-y-autos-historicos-en-expo-auto-argentino-2024\\\/\",\"url\":\"http:\\\/\\\/autosdelpodio.com\\\/autos\\\/domingo-de-sol-y-autos-historicos-en-expo-auto-argentino-2024\\\/\",\"name\":\"Autos del Podio | Domingo de sol y autos hist\u00f3ricos en Expo Auto Argentino 2024\",\"isPartOf\":{\"@id\":\"http:\\\/\\\/autosdelpodio.com\\\/autos\\\/#website\"},\"primaryImageOfPage\":{\"@id\":\"http:\\\/\\\/autosdelpodio.com\\\/autos\\\/domingo-de-sol-y-autos-historicos-en-expo-auto-argentino-2024\\\/#primaryimage\"},\"image\":{\"@id\":\"http:\\\/\\\/autosdelpodio.com\\\/autos\\\/domingo-de-sol-y-autos-historicos-en-expo-auto-argentino-2024\\\/#primaryimage\"},\"thumbnailUrl\":\"http:\\\/\\\/autosdelpodio.com\\\/autos\\\/wp-content\\\/uploads\\\/2024\\\/09\\\/Cronica-EAA-2024-01.jpg\",\"datePublished\":\"2024-09-13T00:33:44+00:00\",\"dateModified\":\"2024-09-13T00:41:22+00:00\",\"description\":\"Autos del Podio La cr\u00f3nica al detalle de Mauricio Uldane sobre el acontecer de Expo Auto Argentino\",\"breadcrumb\":{\"@id\":\"http:\\\/\\\/autosdelpodio.com\\\/autos\\\/domingo-de-sol-y-autos-historicos-en-expo-auto-argentino-2024\\\/#breadcrumb\"},\"inLanguage\":\"es\",\"potentialAction\":[{\"@type\":\"ReadAction\",\"target\":[\"http:\\\/\\\/autosdelpodio.com\\\/autos\\\/domingo-de-sol-y-autos-historicos-en-expo-auto-argentino-2024\\\/\"]}]},{\"@type\":\"ImageObject\",\"inLanguage\":\"es\",\"@id\":\"http:\\\/\\\/autosdelpodio.com\\\/autos\\\/domingo-de-sol-y-autos-historicos-en-expo-auto-argentino-2024\\\/#primaryimage\",\"url\":\"http:\\\/\\\/autosdelpodio.com\\\/autos\\\/wp-content\\\/uploads\\\/2024\\\/09\\\/Cronica-EAA-2024-01.jpg\",\"contentUrl\":\"http:\\\/\\\/autosdelpodio.com\\\/autos\\\/wp-content\\\/uploads\\\/2024\\\/09\\\/Cronica-EAA-2024-01.jpg\",\"width\":500,\"height\":219},{\"@type\":\"BreadcrumbList\",\"@id\":\"http:\\\/\\\/autosdelpodio.com\\\/autos\\\/domingo-de-sol-y-autos-historicos-en-expo-auto-argentino-2024\\\/#breadcrumb\",\"itemListElement\":[{\"@type\":\"ListItem\",\"position\":1,\"name\":\"Portada\",\"item\":\"http:\\\/\\\/autosdelpodio.com\\\/autos\\\/\"},{\"@type\":\"ListItem\",\"position\":2,\"name\":\"Domingo de sol y autos hist\u00f3ricos en Expo Auto Argentino 2024\"}]},{\"@type\":\"WebSite\",\"@id\":\"http:\\\/\\\/autosdelpodio.com\\\/autos\\\/#website\",\"url\":\"http:\\\/\\\/autosdelpodio.com\\\/autos\\\/\",\"name\":\"Autos del Podio\",\"description\":\"La sexta del deporte motor\",\"publisher\":{\"@id\":\"http:\\\/\\\/autosdelpodio.com\\\/autos\\\/#organization\"},\"potentialAction\":[{\"@type\":\"SearchAction\",\"target\":{\"@type\":\"EntryPoint\",\"urlTemplate\":\"http:\\\/\\\/autosdelpodio.com\\\/autos\\\/?s={search_term_string}\"},\"query-input\":{\"@type\":\"PropertyValueSpecification\",\"valueRequired\":true,\"valueName\":\"search_term_string\"}}],\"inLanguage\":\"es\"},{\"@type\":\"Organization\",\"@id\":\"http:\\\/\\\/autosdelpodio.com\\\/autos\\\/#organization\",\"name\":\"Autos del Podio\",\"url\":\"http:\\\/\\\/autosdelpodio.com\\\/autos\\\/\",\"logo\":{\"@type\":\"ImageObject\",\"inLanguage\":\"es\",\"@id\":\"http:\\\/\\\/autosdelpodio.com\\\/autos\\\/#\\\/schema\\\/logo\\\/image\\\/\",\"url\":\"http:\\\/\\\/autosdelpodio.com\\\/autos\\\/wp-content\\\/uploads\\\/2020\\\/08\\\/Logo_AR.jpg\",\"contentUrl\":\"http:\\\/\\\/autosdelpodio.com\\\/autos\\\/wp-content\\\/uploads\\\/2020\\\/08\\\/Logo_AR.jpg\",\"width\":1038,\"height\":1044,\"caption\":\"Autos del Podio\"},\"image\":{\"@id\":\"http:\\\/\\\/autosdelpodio.com\\\/autos\\\/#\\\/schema\\\/logo\\\/image\\\/\"},\"sameAs\":[\"https:\\\/\\\/www.facebook.com\\\/profile.php?id=100057192590976&amp;amp;amp;amp;amp;amp;amp;amp;amp;amp;amp;amp;amp;amp;amp;amp;amp;amp;ref=ts\",\"https:\\\/\\\/x.com\\\/autosdelpodio\",\"https:\\\/\\\/www.youtube.com\\\/user\\\/AutosdelPodio\"]},{\"@type\":\"Person\",\"@id\":\"http:\\\/\\\/autosdelpodio.com\\\/autos\\\/#\\\/schema\\\/person\\\/993527a4d01c3acdd3d6bce3770bc942\",\"name\":\"autosdelpodio\",\"image\":{\"@type\":\"ImageObject\",\"inLanguage\":\"es\",\"@id\":\"http:\\\/\\\/autosdelpodio.com\\\/autos\\\/wp-content\\\/litespeed\\\/avatar\\\/aa8f65cd201a80f6b844f63278aa84af.jpg?ver=1776798175\",\"url\":\"http:\\\/\\\/autosdelpodio.com\\\/autos\\\/wp-content\\\/litespeed\\\/avatar\\\/aa8f65cd201a80f6b844f63278aa84af.jpg?ver=1776798175\",\"contentUrl\":\"http:\\\/\\\/autosdelpodio.com\\\/autos\\\/wp-content\\\/litespeed\\\/avatar\\\/aa8f65cd201a80f6b844f63278aa84af.jpg?ver=1776798175\",\"caption\":\"autosdelpodio\"}}]}<\/script>\n<!-- \/ Yoast SEO plugin. -->","yoast_head_json":{"title":"Autos del Podio | Domingo de sol y autos hist\u00f3ricos en Expo Auto Argentino 2024","description":"Autos del Podio La cr\u00f3nica al detalle de Mauricio Uldane sobre el acontecer de Expo Auto Argentino","robots":{"index":"index","follow":"follow","max-snippet":"max-snippet:-1","max-image-preview":"max-image-preview:large","max-video-preview":"max-video-preview:-1"},"canonical":"http:\/\/autosdelpodio.com\/autos\/domingo-de-sol-y-autos-historicos-en-expo-auto-argentino-2024\/","og_locale":"es_ES","og_type":"article","og_title":"Autos del Podio | Domingo de sol y autos hist\u00f3ricos en Expo Auto Argentino 2024","og_description":"Autos del Podio La cr\u00f3nica al detalle de Mauricio Uldane sobre el acontecer de Expo Auto Argentino","og_url":"http:\/\/autosdelpodio.com\/autos\/domingo-de-sol-y-autos-historicos-en-expo-auto-argentino-2024\/","og_site_name":"Autos del Podio","article_publisher":"https:\/\/www.facebook.com\/profile.php?id=100057192590976&amp%3bamp%3bamp%3bamp%3bamp%3bamp%3bamp%3bamp%3bamp%3bamp%3bamp%3bamp%3bamp%3bamp%3bamp%3bamp%3bamp%3bamp%3bref=ts","article_published_time":"2024-09-13T00:33:44+00:00","article_modified_time":"2024-09-13T00:41:22+00:00","og_image":[{"width":500,"height":219,"url":"http:\/\/autosdelpodio.com\/autos\/wp-content\/uploads\/2024\/09\/Cronica-EAA-2024-01.jpg","type":"image\/jpeg"}],"author":"autosdelpodio","twitter_card":"summary_large_image","twitter_creator":"@autosdelpodio","twitter_site":"@autosdelpodio","twitter_misc":{"Escrito por":"autosdelpodio","Tiempo de lectura":"6 minutos"},"schema":{"@context":"https:\/\/schema.org","@graph":[{"@type":"Article","@id":"http:\/\/autosdelpodio.com\/autos\/domingo-de-sol-y-autos-historicos-en-expo-auto-argentino-2024\/#article","isPartOf":{"@id":"http:\/\/autosdelpodio.com\/autos\/domingo-de-sol-y-autos-historicos-en-expo-auto-argentino-2024\/"},"author":{"name":"autosdelpodio","@id":"http:\/\/autosdelpodio.com\/autos\/#\/schema\/person\/993527a4d01c3acdd3d6bce3770bc942"},"headline":"Domingo de sol y autos hist\u00f3ricos en Expo Auto Argentino 2024","datePublished":"2024-09-13T00:33:44+00:00","dateModified":"2024-09-13T00:41:22+00:00","mainEntityOfPage":{"@id":"http:\/\/autosdelpodio.com\/autos\/domingo-de-sol-y-autos-historicos-en-expo-auto-argentino-2024\/"},"wordCount":1124,"commentCount":0,"publisher":{"@id":"http:\/\/autosdelpodio.com\/autos\/#organization"},"image":{"@id":"http:\/\/autosdelpodio.com\/autos\/domingo-de-sol-y-autos-historicos-en-expo-auto-argentino-2024\/#primaryimage"},"thumbnailUrl":"http:\/\/autosdelpodio.com\/autos\/wp-content\/uploads\/2024\/09\/Cronica-EAA-2024-01.jpg","keywords":["Autos y Motos","Expo Auto Argentino","Exposiciones","Francisco Alvarez","Mauricio Uldane","Muestra"],"articleSection":["Destacado","\u00daltimas noticias"],"inLanguage":"es","potentialAction":[{"@type":"CommentAction","name":"Comment","target":["http:\/\/autosdelpodio.com\/autos\/domingo-de-sol-y-autos-historicos-en-expo-auto-argentino-2024\/#respond"]}]},{"@type":"WebPage","@id":"http:\/\/autosdelpodio.com\/autos\/domingo-de-sol-y-autos-historicos-en-expo-auto-argentino-2024\/","url":"http:\/\/autosdelpodio.com\/autos\/domingo-de-sol-y-autos-historicos-en-expo-auto-argentino-2024\/","name":"Autos del Podio | Domingo de sol y autos hist\u00f3ricos en Expo Auto Argentino 2024","isPartOf":{"@id":"http:\/\/autosdelpodio.com\/autos\/#website"},"primaryImageOfPage":{"@id":"http:\/\/autosdelpodio.com\/autos\/domingo-de-sol-y-autos-historicos-en-expo-auto-argentino-2024\/#primaryimage"},"image":{"@id":"http:\/\/autosdelpodio.com\/autos\/domingo-de-sol-y-autos-historicos-en-expo-auto-argentino-2024\/#primaryimage"},"thumbnailUrl":"http:\/\/autosdelpodio.com\/autos\/wp-content\/uploads\/2024\/09\/Cronica-EAA-2024-01.jpg","datePublished":"2024-09-13T00:33:44+00:00","dateModified":"2024-09-13T00:41:22+00:00","description":"Autos del Podio La cr\u00f3nica al detalle de Mauricio Uldane sobre el acontecer de Expo Auto Argentino","breadcrumb":{"@id":"http:\/\/autosdelpodio.com\/autos\/domingo-de-sol-y-autos-historicos-en-expo-auto-argentino-2024\/#breadcrumb"},"inLanguage":"es","potentialAction":[{"@type":"ReadAction","target":["http:\/\/autosdelpodio.com\/autos\/domingo-de-sol-y-autos-historicos-en-expo-auto-argentino-2024\/"]}]},{"@type":"ImageObject","inLanguage":"es","@id":"http:\/\/autosdelpodio.com\/autos\/domingo-de-sol-y-autos-historicos-en-expo-auto-argentino-2024\/#primaryimage","url":"http:\/\/autosdelpodio.com\/autos\/wp-content\/uploads\/2024\/09\/Cronica-EAA-2024-01.jpg","contentUrl":"http:\/\/autosdelpodio.com\/autos\/wp-content\/uploads\/2024\/09\/Cronica-EAA-2024-01.jpg","width":500,"height":219},{"@type":"BreadcrumbList","@id":"http:\/\/autosdelpodio.com\/autos\/domingo-de-sol-y-autos-historicos-en-expo-auto-argentino-2024\/#breadcrumb","itemListElement":[{"@type":"ListItem","position":1,"name":"Portada","item":"http:\/\/autosdelpodio.com\/autos\/"},{"@type":"ListItem","position":2,"name":"Domingo de sol y autos hist\u00f3ricos en Expo Auto Argentino 2024"}]},{"@type":"WebSite","@id":"http:\/\/autosdelpodio.com\/autos\/#website","url":"http:\/\/autosdelpodio.com\/autos\/","name":"Autos del Podio","description":"La sexta del deporte motor","publisher":{"@id":"http:\/\/autosdelpodio.com\/autos\/#organization"},"potentialAction":[{"@type":"SearchAction","target":{"@type":"EntryPoint","urlTemplate":"http:\/\/autosdelpodio.com\/autos\/?s={search_term_string}"},"query-input":{"@type":"PropertyValueSpecification","valueRequired":true,"valueName":"search_term_string"}}],"inLanguage":"es"},{"@type":"Organization","@id":"http:\/\/autosdelpodio.com\/autos\/#organization","name":"Autos del Podio","url":"http:\/\/autosdelpodio.com\/autos\/","logo":{"@type":"ImageObject","inLanguage":"es","@id":"http:\/\/autosdelpodio.com\/autos\/#\/schema\/logo\/image\/","url":"http:\/\/autosdelpodio.com\/autos\/wp-content\/uploads\/2020\/08\/Logo_AR.jpg","contentUrl":"http:\/\/autosdelpodio.com\/autos\/wp-content\/uploads\/2020\/08\/Logo_AR.jpg","width":1038,"height":1044,"caption":"Autos del Podio"},"image":{"@id":"http:\/\/autosdelpodio.com\/autos\/#\/schema\/logo\/image\/"},"sameAs":["https:\/\/www.facebook.com\/profile.php?id=100057192590976&amp;amp;amp;amp;amp;amp;amp;amp;amp;amp;amp;amp;amp;amp;amp;amp;amp;amp;ref=ts","https:\/\/x.com\/autosdelpodio","https:\/\/www.youtube.com\/user\/AutosdelPodio"]},{"@type":"Person","@id":"http:\/\/autosdelpodio.com\/autos\/#\/schema\/person\/993527a4d01c3acdd3d6bce3770bc942","name":"autosdelpodio","image":{"@type":"ImageObject","inLanguage":"es","@id":"http:\/\/autosdelpodio.com\/autos\/wp-content\/litespeed\/avatar\/aa8f65cd201a80f6b844f63278aa84af.jpg?ver=1776798175","url":"http:\/\/autosdelpodio.com\/autos\/wp-content\/litespeed\/avatar\/aa8f65cd201a80f6b844f63278aa84af.jpg?ver=1776798175","contentUrl":"http:\/\/autosdelpodio.com\/autos\/wp-content\/litespeed\/avatar\/aa8f65cd201a80f6b844f63278aa84af.jpg?ver=1776798175","caption":"autosdelpodio"}}]}},"views":713,"_links":{"self":[{"href":"http:\/\/autosdelpodio.com\/autos\/wp-json\/wp\/v2\/posts\/7896","targetHints":{"allow":["GET"]}}],"collection":[{"href":"http:\/\/autosdelpodio.com\/autos\/wp-json\/wp\/v2\/posts"}],"about":[{"href":"http:\/\/autosdelpodio.com\/autos\/wp-json\/wp\/v2\/types\/post"}],"author":[{"embeddable":true,"href":"http:\/\/autosdelpodio.com\/autos\/wp-json\/wp\/v2\/users\/3"}],"replies":[{"embeddable":true,"href":"http:\/\/autosdelpodio.com\/autos\/wp-json\/wp\/v2\/comments?post=7896"}],"version-history":[{"count":2,"href":"http:\/\/autosdelpodio.com\/autos\/wp-json\/wp\/v2\/posts\/7896\/revisions"}],"predecessor-version":[{"id":7900,"href":"http:\/\/autosdelpodio.com\/autos\/wp-json\/wp\/v2\/posts\/7896\/revisions\/7900"}],"wp:featuredmedia":[{"embeddable":true,"href":"http:\/\/autosdelpodio.com\/autos\/wp-json\/wp\/v2\/media\/7898"}],"wp:attachment":[{"href":"http:\/\/autosdelpodio.com\/autos\/wp-json\/wp\/v2\/media?parent=7896"}],"wp:term":[{"taxonomy":"category","embeddable":true,"href":"http:\/\/autosdelpodio.com\/autos\/wp-json\/wp\/v2\/categories?post=7896"},{"taxonomy":"post_tag","embeddable":true,"href":"http:\/\/autosdelpodio.com\/autos\/wp-json\/wp\/v2\/tags?post=7896"}],"curies":[{"name":"wp","href":"https:\/\/api.w.org\/{rel}","templated":true}]}}