{"id":7993,"date":"2024-11-03T14:24:28","date_gmt":"2024-11-03T17:24:28","guid":{"rendered":"http:\/\/autosdelpodio.com\/autos\/?p=7993"},"modified":"2024-11-03T14:27:16","modified_gmt":"2024-11-03T17:27:16","slug":"todo-se-define-en-la-ultima","status":"publish","type":"post","link":"http:\/\/autosdelpodio.com\/autos\/todo-se-define-en-la-ultima\/","title":{"rendered":"Todo se define en la ultima"},"content":{"rendered":"\n<p>En las TC Pick Up, fue victoria de Julian Santero con el modelo Hilux en la visita primeriza de la categor\u00eda al Autodromo Oscar Cabalen. Mariano Werner y Juan Pablo Gianini completaron el podio de la novena fecha<\/p>\n\n\n\n<p>En tanto en el TCM que transit\u00f3 su fecha en el Mouras de La Plata, Marco Dianda con Dodge repiti\u00f3 triunfo en el marco de la decimotercera fecha.Eugenio Provens (Dodge) y Gast\u00f3n Iansa (Chevrolet) fueron los escoltas.<\/p>\n\n\n\n<p>Por ultimo, en el inicio de la agenda fierrera de Domingo Lucas Bohdanowicz (Dodge) se qued\u00f3 con la final del TC Pista Mouras tambi\u00e9n en el trazado platense en la cual&nbsp; Manuel Borgert (Ford) y Juan Pablo Guiffrey (Torino) fueron segundo y tercero respectivamente.<\/p>\n\n\n\n<p>La pr\u00f3xima fecha del TC Pick Up &nbsp;junto al TC Mouras y TCPM se desarrollar\u00e1 en el Autodromo Roberto Mouras de La Plata del 13 al 15 de Diciembre para cerrar su temporada y definir sus galardonados.<\/p>\n\n\n\n<p><strong><em>Final TC Pick Up a 15 Vueltas \u2013 Fecha 10<\/em><\/strong><\/p>\n\n\n\n<figure class=\"wp-block-table\"><table class=\"has-fixed-layout\"><tbody><tr><td>1\u00ba<\/td><td>SANTERO JULI\u00c1N<\/td><td>TOYOTA<\/td><td>26;04.007<\/td><\/tr><tr><td>2\u00ba<\/td><td>WERNER MARIANO<\/td><td>TOYOTA<\/td><td>0.434<\/td><\/tr><tr><td>3\u00ba<\/td><td>GIANINI JUAN PABLO<\/td><td>FORD<\/td><td>0.848<\/td><\/tr><tr><td>4\u00ba<\/td><td>MAZZACANE GAST\u00d3N<\/td><td>VOLKSWAGEN<\/td><td>1.450<\/td><\/tr><tr><td>5\u00ba<\/td><td>PEZZUCCHI NICOL\u00c1S<\/td><td>NISSAN<\/td><td>1.570<\/td><\/tr><tr><td>6\u00ba<\/td><td>PALAZZO HERN\u00c1N<\/td><td>TOYOTA<\/td><td>1.873<\/td><\/tr><tr><td>7\u00ba<\/td><td>JAKOS ANDR\u00c9S<\/td><td>TOYOTA<\/td><td>2.524<\/td><\/tr><tr><td>8\u00ba<\/td><td>CHAPUR FACUNDO<\/td><td>CHEVROLET<\/td><td>2.663<\/td><\/tr><tr><td>9\u00ba<\/td><td>AGUIRRE VALENT\u00cdN<\/td><td>CHEVROLET<\/td><td>3.037<\/td><\/tr><tr><td>10\u00ba<\/td><td>ABDALA TOM\u00c1S<\/td><td>FORD<\/td><td>3.472<\/td><\/tr><tr><td>11\u00ba<\/td><td>LUG\u00d3N RODRIGO<\/td><td>FORD<\/td><td>3.810<\/td><\/tr><tr><td>12\u00ba<\/td><td>DE CARLO DIEGO<\/td><td>VOLKSWAGEN<\/td><td>4.718<\/td><\/tr><tr><td>13\u00ba<\/td><td>JACK JAVIER<\/td><td>FORD<\/td><td>5.070<\/td><\/tr><tr><td>14\u00ba<\/td><td>MI\u00d3N EDDY<\/td><td>FORD<\/td><td>1 VTA<\/td><\/tr><tr><td>15\u00ba<\/td><td>RODR\u00cdGUEZ MAT\u00cdAS<\/td><td>TOYOTA<\/td><td>4 VTAS<\/td><\/tr><tr><td>16\u00ba<\/td><td>TODINO GERM\u00c1N<\/td><td>TOYOTA<\/td><td>4 VTAS<\/td><\/tr><tr><td>17\u00ba<\/td><td>MART\u00cdNEZ AGUST\u00cdN<\/td><td>FORD<\/td><td>5 VTAS<\/td><\/tr><tr><td>18\u00ba<\/td><td>MORILLO FRANCO<\/td><td>FORD<\/td><td>11 VTAS<\/td><\/tr><\/tbody><\/table><\/figure>\n\n\n\n<p><strong>PROMEDIO:<\/strong>&nbsp;150,191 km\/h.&nbsp;<strong>RECORD DE VUELTA:&nbsp;<\/strong>Werner en la vta. 3 en 1:18.749 a 165,716 xkm\/h.<\/p>\n","protected":false},"excerpt":{"rendered":"<p>En las TC Pick Up, fue victoria de Julian Santero con el modelo Hilux en la visita primeriza de la<\/p>\n","protected":false},"author":3,"featured_media":4838,"comment_status":"open","ping_status":"open","sticky":false,"template":"","format":"standard","meta":{"colormag_page_container_layout":"default_layout","colormag_page_sidebar_layout":"default_layout","footnotes":""},"categories":[16,5],"tags":[379,111,410,394,145],"class_list":["post-7993","post","type-post","status-publish","format-standard","has-post-thumbnail","hentry","category-recta-principal","category-latest-news","tag-autodromo-cabalen","tag-cordoba","tag-hilux","tag-julian-santero","tag-tc-pick-up"],"yoast_head":"<!-- This site is optimized with the Yoast SEO plugin v27.5 - https:\/\/yoast.com\/product\/yoast-seo-wordpress\/ -->\n<title>Autos del Podio | Todo se define en la ultima<\/title>\n<meta name=\"description\" content=\"Autos del Podio Julian Santero, con una Toyota Hilux del LCA Racing gan\u00f3 por primera vez en las TC Pick Up\" \/>\n<meta name=\"robots\" content=\"index, follow, max-snippet:-1, max-image-preview:large, max-video-preview:-1\" \/>\n<link rel=\"canonical\" href=\"http:\/\/autosdelpodio.com\/autos\/todo-se-define-en-la-ultima\/\" \/>\n<meta property=\"og:locale\" content=\"es_ES\" \/>\n<meta property=\"og:type\" content=\"article\" \/>\n<meta property=\"og:title\" content=\"Autos del Podio | Todo se define en la ultima\" \/>\n<meta property=\"og:description\" content=\"Autos del Podio Julian Santero, con una Toyota Hilux del LCA Racing gan\u00f3 por primera vez en las TC Pick Up\" \/>\n<meta property=\"og:url\" content=\"http:\/\/autosdelpodio.com\/autos\/todo-se-define-en-la-ultima\/\" \/>\n<meta property=\"og:site_name\" content=\"Autos del Podio\" \/>\n<meta property=\"article:publisher\" content=\"https:\/\/www.facebook.com\/profile.php?id=100057192590976&amp;amp%3bamp%3bamp%3bamp%3bamp%3bamp%3bamp%3bamp%3bamp%3bamp%3bamp%3bamp%3bamp%3bamp%3bamp%3bamp%3bamp%3bamp%3bref=ts\" \/>\n<meta property=\"article:published_time\" content=\"2024-11-03T17:24:28+00:00\" \/>\n<meta property=\"article:modified_time\" content=\"2024-11-03T17:27:16+00:00\" \/>\n<meta property=\"og:image\" content=\"http:\/\/autosdelpodio.com\/autos\/wp-content\/uploads\/2021\/10\/Logo_Toyota.jpg\" \/>\n\t<meta property=\"og:image:width\" content=\"250\" \/>\n\t<meta property=\"og:image:height\" content=\"187\" \/>\n\t<meta property=\"og:image:type\" content=\"image\/jpeg\" \/>\n<meta name=\"author\" content=\"autosdelpodio\" \/>\n<meta name=\"twitter:card\" content=\"summary_large_image\" \/>\n<meta name=\"twitter:creator\" content=\"@autosdelpodio\" \/>\n<meta name=\"twitter:site\" content=\"@autosdelpodio\" \/>\n<meta name=\"twitter:label1\" content=\"Escrito por\" \/>\n\t<meta name=\"twitter:data1\" content=\"autosdelpodio\" \/>\n\t<meta name=\"twitter:label2\" content=\"Tiempo de lectura\" \/>\n\t<meta name=\"twitter:data2\" content=\"2 minutos\" \/>\n<script type=\"application\/ld+json\" class=\"yoast-schema-graph\">{\"@context\":\"https:\\\/\\\/schema.org\",\"@graph\":[{\"@type\":\"Article\",\"@id\":\"http:\\\/\\\/autosdelpodio.com\\\/autos\\\/todo-se-define-en-la-ultima\\\/#article\",\"isPartOf\":{\"@id\":\"http:\\\/\\\/autosdelpodio.com\\\/autos\\\/todo-se-define-en-la-ultima\\\/\"},\"author\":{\"name\":\"autosdelpodio\",\"@id\":\"http:\\\/\\\/autosdelpodio.com\\\/autos\\\/#\\\/schema\\\/person\\\/993527a4d01c3acdd3d6bce3770bc942\"},\"headline\":\"Todo se define en la ultima\",\"datePublished\":\"2024-11-03T17:24:28+00:00\",\"dateModified\":\"2024-11-03T17:27:16+00:00\",\"mainEntityOfPage\":{\"@id\":\"http:\\\/\\\/autosdelpodio.com\\\/autos\\\/todo-se-define-en-la-ultima\\\/\"},\"wordCount\":266,\"commentCount\":0,\"publisher\":{\"@id\":\"http:\\\/\\\/autosdelpodio.com\\\/autos\\\/#organization\"},\"image\":{\"@id\":\"http:\\\/\\\/autosdelpodio.com\\\/autos\\\/todo-se-define-en-la-ultima\\\/#primaryimage\"},\"thumbnailUrl\":\"http:\\\/\\\/autosdelpodio.com\\\/autos\\\/wp-content\\\/uploads\\\/2021\\\/10\\\/Logo_Toyota.jpg\",\"keywords\":[\"Autodromo Cabalen\",\"Cordoba\",\"Hilux\",\"Julian Santero\",\"TC Pick Up\"],\"articleSection\":[\"Recta Principal\",\"\u00daltimas noticias\"],\"inLanguage\":\"es\",\"potentialAction\":[{\"@type\":\"CommentAction\",\"name\":\"Comment\",\"target\":[\"http:\\\/\\\/autosdelpodio.com\\\/autos\\\/todo-se-define-en-la-ultima\\\/#respond\"]}]},{\"@type\":\"WebPage\",\"@id\":\"http:\\\/\\\/autosdelpodio.com\\\/autos\\\/todo-se-define-en-la-ultima\\\/\",\"url\":\"http:\\\/\\\/autosdelpodio.com\\\/autos\\\/todo-se-define-en-la-ultima\\\/\",\"name\":\"Autos del Podio | Todo se define en la ultima\",\"isPartOf\":{\"@id\":\"http:\\\/\\\/autosdelpodio.com\\\/autos\\\/#website\"},\"primaryImageOfPage\":{\"@id\":\"http:\\\/\\\/autosdelpodio.com\\\/autos\\\/todo-se-define-en-la-ultima\\\/#primaryimage\"},\"image\":{\"@id\":\"http:\\\/\\\/autosdelpodio.com\\\/autos\\\/todo-se-define-en-la-ultima\\\/#primaryimage\"},\"thumbnailUrl\":\"http:\\\/\\\/autosdelpodio.com\\\/autos\\\/wp-content\\\/uploads\\\/2021\\\/10\\\/Logo_Toyota.jpg\",\"datePublished\":\"2024-11-03T17:24:28+00:00\",\"dateModified\":\"2024-11-03T17:27:16+00:00\",\"description\":\"Autos del Podio Julian Santero, con una Toyota Hilux del LCA Racing gan\u00f3 por primera vez en las TC Pick Up\",\"breadcrumb\":{\"@id\":\"http:\\\/\\\/autosdelpodio.com\\\/autos\\\/todo-se-define-en-la-ultima\\\/#breadcrumb\"},\"inLanguage\":\"es\",\"potentialAction\":[{\"@type\":\"ReadAction\",\"target\":[\"http:\\\/\\\/autosdelpodio.com\\\/autos\\\/todo-se-define-en-la-ultima\\\/\"]}]},{\"@type\":\"ImageObject\",\"inLanguage\":\"es\",\"@id\":\"http:\\\/\\\/autosdelpodio.com\\\/autos\\\/todo-se-define-en-la-ultima\\\/#primaryimage\",\"url\":\"http:\\\/\\\/autosdelpodio.com\\\/autos\\\/wp-content\\\/uploads\\\/2021\\\/10\\\/Logo_Toyota.jpg\",\"contentUrl\":\"http:\\\/\\\/autosdelpodio.com\\\/autos\\\/wp-content\\\/uploads\\\/2021\\\/10\\\/Logo_Toyota.jpg\",\"width\":250,\"height\":187},{\"@type\":\"BreadcrumbList\",\"@id\":\"http:\\\/\\\/autosdelpodio.com\\\/autos\\\/todo-se-define-en-la-ultima\\\/#breadcrumb\",\"itemListElement\":[{\"@type\":\"ListItem\",\"position\":1,\"name\":\"Portada\",\"item\":\"http:\\\/\\\/autosdelpodio.com\\\/autos\\\/\"},{\"@type\":\"ListItem\",\"position\":2,\"name\":\"Todo se define en la ultima\"}]},{\"@type\":\"WebSite\",\"@id\":\"http:\\\/\\\/autosdelpodio.com\\\/autos\\\/#website\",\"url\":\"http:\\\/\\\/autosdelpodio.com\\\/autos\\\/\",\"name\":\"Autos del Podio\",\"description\":\"La sexta del deporte motor\",\"publisher\":{\"@id\":\"http:\\\/\\\/autosdelpodio.com\\\/autos\\\/#organization\"},\"potentialAction\":[{\"@type\":\"SearchAction\",\"target\":{\"@type\":\"EntryPoint\",\"urlTemplate\":\"http:\\\/\\\/autosdelpodio.com\\\/autos\\\/?s={search_term_string}\"},\"query-input\":{\"@type\":\"PropertyValueSpecification\",\"valueRequired\":true,\"valueName\":\"search_term_string\"}}],\"inLanguage\":\"es\"},{\"@type\":\"Organization\",\"@id\":\"http:\\\/\\\/autosdelpodio.com\\\/autos\\\/#organization\",\"name\":\"Autos del Podio\",\"url\":\"http:\\\/\\\/autosdelpodio.com\\\/autos\\\/\",\"logo\":{\"@type\":\"ImageObject\",\"inLanguage\":\"es\",\"@id\":\"http:\\\/\\\/autosdelpodio.com\\\/autos\\\/#\\\/schema\\\/logo\\\/image\\\/\",\"url\":\"http:\\\/\\\/autosdelpodio.com\\\/autos\\\/wp-content\\\/uploads\\\/2020\\\/08\\\/Logo_AR.jpg\",\"contentUrl\":\"http:\\\/\\\/autosdelpodio.com\\\/autos\\\/wp-content\\\/uploads\\\/2020\\\/08\\\/Logo_AR.jpg\",\"width\":1038,\"height\":1044,\"caption\":\"Autos del Podio\"},\"image\":{\"@id\":\"http:\\\/\\\/autosdelpodio.com\\\/autos\\\/#\\\/schema\\\/logo\\\/image\\\/\"},\"sameAs\":[\"https:\\\/\\\/www.facebook.com\\\/profile.php?id=100057192590976&amp;amp;amp;amp;amp;amp;amp;amp;amp;amp;amp;amp;amp;amp;amp;amp;amp;amp;ref=ts\",\"https:\\\/\\\/x.com\\\/autosdelpodio\",\"https:\\\/\\\/www.youtube.com\\\/user\\\/AutosdelPodio\"]},{\"@type\":\"Person\",\"@id\":\"http:\\\/\\\/autosdelpodio.com\\\/autos\\\/#\\\/schema\\\/person\\\/993527a4d01c3acdd3d6bce3770bc942\",\"name\":\"autosdelpodio\",\"image\":{\"@type\":\"ImageObject\",\"inLanguage\":\"es\",\"@id\":\"http:\\\/\\\/autosdelpodio.com\\\/autos\\\/wp-content\\\/litespeed\\\/avatar\\\/aa8f65cd201a80f6b844f63278aa84af.jpg?ver=1777403005\",\"url\":\"http:\\\/\\\/autosdelpodio.com\\\/autos\\\/wp-content\\\/litespeed\\\/avatar\\\/aa8f65cd201a80f6b844f63278aa84af.jpg?ver=1777403005\",\"contentUrl\":\"http:\\\/\\\/autosdelpodio.com\\\/autos\\\/wp-content\\\/litespeed\\\/avatar\\\/aa8f65cd201a80f6b844f63278aa84af.jpg?ver=1777403005\",\"caption\":\"autosdelpodio\"}}]}<\/script>\n<!-- \/ Yoast SEO plugin. -->","yoast_head_json":{"title":"Autos del Podio | Todo se define en la ultima","description":"Autos del Podio Julian Santero, con una Toyota Hilux del LCA Racing gan\u00f3 por primera vez en las TC Pick Up","robots":{"index":"index","follow":"follow","max-snippet":"max-snippet:-1","max-image-preview":"max-image-preview:large","max-video-preview":"max-video-preview:-1"},"canonical":"http:\/\/autosdelpodio.com\/autos\/todo-se-define-en-la-ultima\/","og_locale":"es_ES","og_type":"article","og_title":"Autos del Podio | Todo se define en la ultima","og_description":"Autos del Podio Julian Santero, con una Toyota Hilux del LCA Racing gan\u00f3 por primera vez en las TC Pick Up","og_url":"http:\/\/autosdelpodio.com\/autos\/todo-se-define-en-la-ultima\/","og_site_name":"Autos del Podio","article_publisher":"https:\/\/www.facebook.com\/profile.php?id=100057192590976&amp%3bamp%3bamp%3bamp%3bamp%3bamp%3bamp%3bamp%3bamp%3bamp%3bamp%3bamp%3bamp%3bamp%3bamp%3bamp%3bamp%3bamp%3bref=ts","article_published_time":"2024-11-03T17:24:28+00:00","article_modified_time":"2024-11-03T17:27:16+00:00","og_image":[{"width":250,"height":187,"url":"http:\/\/autosdelpodio.com\/autos\/wp-content\/uploads\/2021\/10\/Logo_Toyota.jpg","type":"image\/jpeg"}],"author":"autosdelpodio","twitter_card":"summary_large_image","twitter_creator":"@autosdelpodio","twitter_site":"@autosdelpodio","twitter_misc":{"Escrito por":"autosdelpodio","Tiempo de lectura":"2 minutos"},"schema":{"@context":"https:\/\/schema.org","@graph":[{"@type":"Article","@id":"http:\/\/autosdelpodio.com\/autos\/todo-se-define-en-la-ultima\/#article","isPartOf":{"@id":"http:\/\/autosdelpodio.com\/autos\/todo-se-define-en-la-ultima\/"},"author":{"name":"autosdelpodio","@id":"http:\/\/autosdelpodio.com\/autos\/#\/schema\/person\/993527a4d01c3acdd3d6bce3770bc942"},"headline":"Todo se define en la ultima","datePublished":"2024-11-03T17:24:28+00:00","dateModified":"2024-11-03T17:27:16+00:00","mainEntityOfPage":{"@id":"http:\/\/autosdelpodio.com\/autos\/todo-se-define-en-la-ultima\/"},"wordCount":266,"commentCount":0,"publisher":{"@id":"http:\/\/autosdelpodio.com\/autos\/#organization"},"image":{"@id":"http:\/\/autosdelpodio.com\/autos\/todo-se-define-en-la-ultima\/#primaryimage"},"thumbnailUrl":"http:\/\/autosdelpodio.com\/autos\/wp-content\/uploads\/2021\/10\/Logo_Toyota.jpg","keywords":["Autodromo Cabalen","Cordoba","Hilux","Julian Santero","TC Pick Up"],"articleSection":["Recta Principal","\u00daltimas noticias"],"inLanguage":"es","potentialAction":[{"@type":"CommentAction","name":"Comment","target":["http:\/\/autosdelpodio.com\/autos\/todo-se-define-en-la-ultima\/#respond"]}]},{"@type":"WebPage","@id":"http:\/\/autosdelpodio.com\/autos\/todo-se-define-en-la-ultima\/","url":"http:\/\/autosdelpodio.com\/autos\/todo-se-define-en-la-ultima\/","name":"Autos del Podio | Todo se define en la ultima","isPartOf":{"@id":"http:\/\/autosdelpodio.com\/autos\/#website"},"primaryImageOfPage":{"@id":"http:\/\/autosdelpodio.com\/autos\/todo-se-define-en-la-ultima\/#primaryimage"},"image":{"@id":"http:\/\/autosdelpodio.com\/autos\/todo-se-define-en-la-ultima\/#primaryimage"},"thumbnailUrl":"http:\/\/autosdelpodio.com\/autos\/wp-content\/uploads\/2021\/10\/Logo_Toyota.jpg","datePublished":"2024-11-03T17:24:28+00:00","dateModified":"2024-11-03T17:27:16+00:00","description":"Autos del Podio Julian Santero, con una Toyota Hilux del LCA Racing gan\u00f3 por primera vez en las TC Pick Up","breadcrumb":{"@id":"http:\/\/autosdelpodio.com\/autos\/todo-se-define-en-la-ultima\/#breadcrumb"},"inLanguage":"es","potentialAction":[{"@type":"ReadAction","target":["http:\/\/autosdelpodio.com\/autos\/todo-se-define-en-la-ultima\/"]}]},{"@type":"ImageObject","inLanguage":"es","@id":"http:\/\/autosdelpodio.com\/autos\/todo-se-define-en-la-ultima\/#primaryimage","url":"http:\/\/autosdelpodio.com\/autos\/wp-content\/uploads\/2021\/10\/Logo_Toyota.jpg","contentUrl":"http:\/\/autosdelpodio.com\/autos\/wp-content\/uploads\/2021\/10\/Logo_Toyota.jpg","width":250,"height":187},{"@type":"BreadcrumbList","@id":"http:\/\/autosdelpodio.com\/autos\/todo-se-define-en-la-ultima\/#breadcrumb","itemListElement":[{"@type":"ListItem","position":1,"name":"Portada","item":"http:\/\/autosdelpodio.com\/autos\/"},{"@type":"ListItem","position":2,"name":"Todo se define en la ultima"}]},{"@type":"WebSite","@id":"http:\/\/autosdelpodio.com\/autos\/#website","url":"http:\/\/autosdelpodio.com\/autos\/","name":"Autos del Podio","description":"La sexta del deporte motor","publisher":{"@id":"http:\/\/autosdelpodio.com\/autos\/#organization"},"potentialAction":[{"@type":"SearchAction","target":{"@type":"EntryPoint","urlTemplate":"http:\/\/autosdelpodio.com\/autos\/?s={search_term_string}"},"query-input":{"@type":"PropertyValueSpecification","valueRequired":true,"valueName":"search_term_string"}}],"inLanguage":"es"},{"@type":"Organization","@id":"http:\/\/autosdelpodio.com\/autos\/#organization","name":"Autos del Podio","url":"http:\/\/autosdelpodio.com\/autos\/","logo":{"@type":"ImageObject","inLanguage":"es","@id":"http:\/\/autosdelpodio.com\/autos\/#\/schema\/logo\/image\/","url":"http:\/\/autosdelpodio.com\/autos\/wp-content\/uploads\/2020\/08\/Logo_AR.jpg","contentUrl":"http:\/\/autosdelpodio.com\/autos\/wp-content\/uploads\/2020\/08\/Logo_AR.jpg","width":1038,"height":1044,"caption":"Autos del Podio"},"image":{"@id":"http:\/\/autosdelpodio.com\/autos\/#\/schema\/logo\/image\/"},"sameAs":["https:\/\/www.facebook.com\/profile.php?id=100057192590976&amp;amp;amp;amp;amp;amp;amp;amp;amp;amp;amp;amp;amp;amp;amp;amp;amp;amp;ref=ts","https:\/\/x.com\/autosdelpodio","https:\/\/www.youtube.com\/user\/AutosdelPodio"]},{"@type":"Person","@id":"http:\/\/autosdelpodio.com\/autos\/#\/schema\/person\/993527a4d01c3acdd3d6bce3770bc942","name":"autosdelpodio","image":{"@type":"ImageObject","inLanguage":"es","@id":"http:\/\/autosdelpodio.com\/autos\/wp-content\/litespeed\/avatar\/aa8f65cd201a80f6b844f63278aa84af.jpg?ver=1777403005","url":"http:\/\/autosdelpodio.com\/autos\/wp-content\/litespeed\/avatar\/aa8f65cd201a80f6b844f63278aa84af.jpg?ver=1777403005","contentUrl":"http:\/\/autosdelpodio.com\/autos\/wp-content\/litespeed\/avatar\/aa8f65cd201a80f6b844f63278aa84af.jpg?ver=1777403005","caption":"autosdelpodio"}}]}},"views":312,"_links":{"self":[{"href":"http:\/\/autosdelpodio.com\/autos\/wp-json\/wp\/v2\/posts\/7993","targetHints":{"allow":["GET"]}}],"collection":[{"href":"http:\/\/autosdelpodio.com\/autos\/wp-json\/wp\/v2\/posts"}],"about":[{"href":"http:\/\/autosdelpodio.com\/autos\/wp-json\/wp\/v2\/types\/post"}],"author":[{"embeddable":true,"href":"http:\/\/autosdelpodio.com\/autos\/wp-json\/wp\/v2\/users\/3"}],"replies":[{"embeddable":true,"href":"http:\/\/autosdelpodio.com\/autos\/wp-json\/wp\/v2\/comments?post=7993"}],"version-history":[{"count":2,"href":"http:\/\/autosdelpodio.com\/autos\/wp-json\/wp\/v2\/posts\/7993\/revisions"}],"predecessor-version":[{"id":7995,"href":"http:\/\/autosdelpodio.com\/autos\/wp-json\/wp\/v2\/posts\/7993\/revisions\/7995"}],"wp:featuredmedia":[{"embeddable":true,"href":"http:\/\/autosdelpodio.com\/autos\/wp-json\/wp\/v2\/media\/4838"}],"wp:attachment":[{"href":"http:\/\/autosdelpodio.com\/autos\/wp-json\/wp\/v2\/media?parent=7993"}],"wp:term":[{"taxonomy":"category","embeddable":true,"href":"http:\/\/autosdelpodio.com\/autos\/wp-json\/wp\/v2\/categories?post=7993"},{"taxonomy":"post_tag","embeddable":true,"href":"http:\/\/autosdelpodio.com\/autos\/wp-json\/wp\/v2\/tags?post=7993"}],"curies":[{"name":"wp","href":"https:\/\/api.w.org\/{rel}","templated":true}]}}