{"id":800,"date":"2013-08-10T17:48:59","date_gmt":"2013-08-10T17:48:59","guid":{"rendered":"http:\/\/autosdelpodio.com\/autos\/2013\/08\/10\/stc2000-rossi-corrio-con-la-cabeza-y-se-escapa-en-el-campeonato\/"},"modified":"2013-08-10T17:48:59","modified_gmt":"2013-08-10T17:48:59","slug":"stc2000-rossi-corrio-con-la-cabeza-y-se-escapa-en-el-campeonato","status":"publish","type":"post","link":"http:\/\/autosdelpodio.com\/autos\/stc2000-rossi-corrio-con-la-cabeza-y-se-escapa-en-el-campeonato\/","title":{"rendered":"STC2000: Rossi corri\u00f3 con la cabeza y se escapa en el campeonato"},"content":{"rendered":"<p style=\"text-align: justify;\">En la final del d\u00eda s\u00e1bado, debido a que el Domingo no habr\u00e1 actividad debibo a las elecciones primarias nacionales, Mat\u00edas Rossi (Toyota Corolla) logr\u00f3 la victoria en la en el Super TC2000 en el Autodromo Eusebio Marcilla de Jun\u00edn. Emiliano Spataro (Renault Fluence) y Jos\u00e9 Mar\u00eda L\u00f3pez (Fiat Linea) completaron el podio.<\/p>\n<p>  <!--more-->  <\/p>\n<p><span style=\"text-align: justify; line-height: 1.3em;\">Producto de dicha victoria, Rossi estir\u00f3 ventaja respecto a sus rivales directos que poco que pudieron sumar y sigue como l\u00edder del campeonato con 164 puntos, seguido por Facundo Ardusso (Fiat Linea) \u00a0con 112 y Leonel Pern\u00eda (Renault Fluence) se le escap\u00f3 una gran oportunidad y qued\u00f3 con 90 unidades.<\/span><\/p>\n<p style=\"text-align: justify;\">La pr\u00f3xima fecha del S\u00faper TC2000 ser\u00e1 el 1\u00b0 de septiembre en el circuito callejero de Santa Fe bajo la modalidad de carrera nocturna.<\/p>\n<p style=\"text-align: justify;\">Final STC2000 en Junin<\/p>\n<p style=\"text-align: justify;\">1<span style=\"white-space: pre;\"> <\/span> 3<span style=\"white-space: pre;\"> <\/span> Mat\u00edas ROSSI<span style=\"white-space: pre;\"> <\/span> Toyota Team Argentina<span style=\"white-space: pre;\"> <\/span> 37;10,139<span style=\"white-space: pre;\"> <\/span><\/p>\n<p style=\"text-align: justify;\">2<span style=\"white-space: pre;\"> <\/span> 7<span style=\"white-space: pre;\"> <\/span> Emiliano SPATARO<span style=\"white-space: pre;\"> <\/span> Renault LoJack Team<span style=\"white-space: pre;\"> <\/span> 37;10,363<span style=\"white-space: pre;\"> <\/span> 0,224<\/p>\n<p style=\"text-align: justify;\">3<span style=\"white-space: pre;\"> <\/span> 1<span style=\"white-space: pre;\"> <\/span> Jos\u00e9 Mar\u00eda L\u00d3PEZ<span style=\"white-space: pre;\"> <\/span> PSG16 Team<span style=\"white-space: pre;\"> <\/span> 37;10,935<span style=\"white-space: pre;\"> <\/span> 0,796<\/p>\n<p style=\"text-align: justify;\">4<span style=\"white-space: pre;\"> <\/span> 18<span style=\"white-space: pre;\"> <\/span> Mat\u00edas MU\u00d1OZ MARCHESI<span style=\"white-space: pre;\"> <\/span> Peugeot LoJack Team<span style=\"white-space: pre;\"> <\/span> 37;12,836<span style=\"white-space: pre;\"> <\/span> 2,697<\/p>\n<p style=\"text-align: justify;\">5<span style=\"white-space: pre;\"> <\/span> 2<span style=\"white-space: pre;\"> <\/span> Facundo ARDUSSO<span style=\"white-space: pre;\"> <\/span> PSG16 Team<span style=\"white-space: pre;\"> <\/span> 37;13,661<span style=\"white-space: pre;\"> <\/span> 3,522<\/p>\n<p style=\"text-align: justify;\">6<span style=\"white-space: pre;\"> <\/span> 20<span style=\"white-space: pre;\"> <\/span> Bernardo LLAVER<span style=\"white-space: pre;\"> <\/span> Toyota Team Argentina<span style=\"white-space: pre;\"> <\/span> 37;14,007<span style=\"white-space: pre;\"> <\/span> 3,868<\/p>\n<p style=\"text-align: justify;\">7<span style=\"white-space: pre;\"> <\/span> 25<span style=\"white-space: pre;\"> <\/span> Dami\u00e1n FINESCHI<span style=\"white-space: pre;\"> <\/span> Honda Petrobras<span style=\"white-space: pre;\"> <\/span> 37;17,729<span style=\"white-space: pre;\"> <\/span> 7,59<\/p>\n<p style=\"text-align: justify;\">8<span style=\"white-space: pre;\"> <\/span> 34<span style=\"white-space: pre;\"> <\/span> Facundo CHAPUR<span style=\"white-space: pre;\"> <\/span> Escuder\u00eda FE<span style=\"white-space: pre;\"> <\/span> 37;19,874<span style=\"white-space: pre;\"> <\/span> 9,735<\/p>\n<p style=\"text-align: justify;\">9<span style=\"white-space: pre;\"> <\/span> 16<span style=\"white-space: pre;\"> <\/span> Ignacio CHAR<span style=\"white-space: pre;\"> <\/span> PSG16 Team<span style=\"white-space: pre;\"> <\/span> 37;20,081<span style=\"white-space: pre;\"> <\/span> 9,942<\/p>\n<p style=\"text-align: justify;\">10<span style=\"white-space: pre;\"> <\/span> 22<span style=\"white-space: pre;\"> <\/span> Daniel BELLI<span style=\"white-space: pre;\"> <\/span> Lan\u00fas Motorsport<span style=\"white-space: pre;\"> <\/span> 37;23,367<span style=\"white-space: pre;\"> <\/span> 13,228<\/p>\n<p style=\"text-align: justify;\">11<span style=\"white-space: pre;\"> <\/span> 21<span style=\"white-space: pre;\"> <\/span> Agust\u00edn CALAMARI<span style=\"white-space: pre;\"> <\/span> Toyota Team Argentina<span style=\"white-space: pre;\"> <\/span> 37;25,455<span style=\"white-space: pre;\"> <\/span> 15,316<\/p>\n<p style=\"text-align: justify;\">12<span style=\"white-space: pre;\"> <\/span> 32<span style=\"white-space: pre;\"> <\/span> Franco GIROLAMI<span style=\"white-space: pre;\"> <\/span> ProRacing<span style=\"white-space: pre;\"> <\/span> 37;30,159<span style=\"white-space: pre;\"> <\/span> 20,02<\/p>\n<p style=\"text-align: justify;\">13<span style=\"white-space: pre;\"> <\/span> 4<span style=\"white-space: pre;\"> <\/span> Mariano WERNER<span style=\"white-space: pre;\"> <\/span> Toyota Team Argentina<span style=\"white-space: pre;\"> <\/span> 37;35,945<span style=\"white-space: pre;\"> <\/span> 25,806<\/p>\n<p style=\"text-align: justify;\">14<span style=\"white-space: pre;\"> <\/span> 100<span style=\"white-space: pre;\"> <\/span> Gerardo SALAVERR\u00cdA<span style=\"white-space: pre;\"> <\/span> PSG16 Team<span style=\"white-space: pre;\"> <\/span> 37;36,949<span style=\"white-space: pre;\"> <\/span> 26,81<\/p>\n<p style=\"text-align: justify;\">15<span style=\"white-space: pre;\"> <\/span> 35<span style=\"white-space: pre;\"> <\/span> Ignacio JULI\u00c1N<span style=\"white-space: pre;\"> <\/span> Escuder\u00eda FE<span style=\"white-space: pre;\"> <\/span> 37;39,846<span style=\"white-space: pre;\"> <\/span> 29,707<\/p>\n<p style=\"text-align: justify;\">16<span style=\"white-space: pre;\"> <\/span> 28<span style=\"white-space: pre;\"> <\/span> Gonzalo FERN\u00c1NDEZ<span style=\"white-space: pre;\"> <\/span> JM Motorsport<span style=\"white-space: pre;\"> <\/span> 37;40,219<span style=\"white-space: pre;\"> <\/span> 30,08<\/p>\n<p style=\"text-align: justify;\">17<span style=\"white-space: pre;\"> <\/span> 6<span style=\"white-space: pre;\"> <\/span> Mariano ALTUNA<span style=\"white-space: pre;\"> <\/span> Peugeot LoJack Team<span style=\"white-space: pre;\"> <\/span> 37;50,164<span style=\"white-space: pre;\"> <\/span> 40,025<\/p>\n<p style=\"text-align: justify;\">18<span style=\"white-space: pre;\"> <\/span> 11<span style=\"white-space: pre;\"> <\/span> Christian LEDESMA<span style=\"white-space: pre;\"> <\/span> Honda Petrobras<span style=\"white-space: pre;\"> <\/span> 38;08,981<span style=\"white-space: pre;\"> <\/span> 58,842<\/p>\n<p style=\"text-align: justify;\">19<span style=\"white-space: pre;\"> <\/span> 10<span style=\"white-space: pre;\"> <\/span> Guillermo ORTELLI<span style=\"white-space: pre;\"> <\/span> Renault LoJack Team<span style=\"white-space: pre;\"> <\/span> 38;25,057<span style=\"white-space: pre;\"> <\/span> 1;14,918<\/p>\n<p style=\"text-align: justify;\">20<span style=\"white-space: pre;\"> <\/span> 30<span style=\"white-space: pre;\"> <\/span> Tom\u00e1s URRETAVIZCAYA<span style=\"white-space: pre;\"> <\/span> Fineschi Racing<span style=\"white-space: pre;\"> <\/span> 37;22,994<span style=\"white-space: pre;\"> <\/span> 12,855<\/p>\n<p style=\"text-align: justify;\">21<span style=\"white-space: pre;\"> <\/span> 26<span style=\"white-space: pre;\"> <\/span> Ariel PECCI<span style=\"white-space: pre;\"> <\/span> Eynsha Racing <span style=\"white-space: pre;\"> <\/span> 38;38,827<span style=\"white-space: pre;\"> <\/span> 1;28,688<\/p>\n<p style=\"text-align: justify;\">22<span style=\"white-space: pre;\"> <\/span> 14<span style=\"white-space: pre;\"> <\/span> Franco VIVIAN<span style=\"white-space: pre;\"> <\/span> ProRacing<span style=\"white-space: pre;\"> <\/span> ab.<span style=\"white-space: pre;\"> <\/span><\/p>\n<p style=\"text-align: justify;\">23<span style=\"white-space: pre;\"> <\/span> 37<span style=\"white-space: pre;\"> <\/span> Nicol\u00e1s TRAUT<span style=\"white-space: pre;\"> <\/span> Traut Motorsport<span style=\"white-space: pre;\"> <\/span> ab.<span style=\"white-space: pre;\"> <\/span><\/p>\n<p style=\"text-align: justify;\">24<span style=\"white-space: pre;\"> <\/span> 9<span style=\"white-space: pre;\"> <\/span> Leonel PERN\u00cdA<span style=\"white-space: pre;\"> <\/span> Renault LoJack Team<span style=\"white-space: pre;\"> <\/span> ab.<span style=\"white-space: pre;\"> <\/span><\/p>\n<p style=\"text-align: justify;\">25<span style=\"white-space: pre;\"> <\/span> 13<span style=\"white-space: pre;\"> <\/span> Agust\u00edn CANAPINO<span style=\"white-space: pre;\"> <\/span> ProRacing<span style=\"white-space: pre;\"> <\/span> ab.<span style=\"white-space: pre;\"> <\/span><\/p>\n<p style=\"text-align: justify;\">26<span style=\"white-space: pre;\"> <\/span> 5<span style=\"white-space: pre;\"> <\/span> N\u00e9stor GIROLAMI<span style=\"white-space: pre;\"> <\/span> Peugeot LoJack Team<span style=\"white-space: pre;\"> <\/span> ab.<span style=\"white-space: pre;\"> <\/span><\/p>\n<p style=\"text-align: justify;\">27<span style=\"white-space: pre;\"> <\/span> 12<span style=\"white-space: pre;\"> <\/span> Ricardo RISATTI<span style=\"white-space: pre;\"> <\/span> Honda Petrobras<span style=\"white-space: pre;\"> <\/span> ab.<span style=\"white-space: pre;\"> <\/span><\/p>\n<p style=\"text-align: justify;\">28<span style=\"white-space: pre;\"> <\/span> 8<span style=\"white-space: pre;\"> <\/span> Fabi\u00e1n YANNANTUONI<span style=\"white-space: pre;\"> <\/span> Renault LoJack Team<span style=\"white-space: pre;\"> <\/span> ab.<span style=\"white-space: pre;\"> <\/span><\/p>\n<p style=\"text-align: justify;\">29<span style=\"white-space: pre;\"> <\/span> 23<span style=\"white-space: pre;\"> <\/span> Javier MANTA<span style=\"white-space: pre;\"> <\/span> Lan\u00fas Motorsport<span style=\"white-space: pre;\"> <\/span> ab.<\/p>\n","protected":false},"excerpt":{"rendered":"<p>En la final del d\u00eda s\u00e1bado, debido a que el Domingo no habr\u00e1 actividad debibo a las elecciones primarias nacionales,<\/p>\n","protected":false},"author":1,"featured_media":0,"comment_status":"open","ping_status":"open","sticky":false,"template":"","format":"standard","meta":{"colormag_page_container_layout":"default_layout","colormag_page_sidebar_layout":"default_layout","footnotes":""},"categories":[5],"tags":[],"class_list":["post-800","post","type-post","status-publish","format-standard","hentry","category-latest-news"],"yoast_head":"<!-- This site is optimized with the Yoast SEO plugin v27.4 - https:\/\/yoast.com\/product\/yoast-seo-wordpress\/ -->\n<title>Autos del Podio | STC2000: Rossi corri\u00f3 con la cabeza y se escapa en el campeonato<\/title>\n<meta name=\"description\" content=\"Autos del Podio\" \/>\n<meta name=\"robots\" content=\"index, follow, max-snippet:-1, max-image-preview:large, max-video-preview:-1\" \/>\n<link rel=\"canonical\" href=\"http:\/\/autosdelpodio.com\/autos\/stc2000-rossi-corrio-con-la-cabeza-y-se-escapa-en-el-campeonato\/\" \/>\n<meta property=\"og:locale\" content=\"es_ES\" \/>\n<meta property=\"og:type\" content=\"article\" \/>\n<meta property=\"og:title\" content=\"Autos del Podio | STC2000: Rossi corri\u00f3 con la cabeza y se escapa en el campeonato\" \/>\n<meta property=\"og:description\" content=\"Autos del Podio\" \/>\n<meta property=\"og:url\" content=\"http:\/\/autosdelpodio.com\/autos\/stc2000-rossi-corrio-con-la-cabeza-y-se-escapa-en-el-campeonato\/\" \/>\n<meta property=\"og:site_name\" content=\"Autos del Podio\" \/>\n<meta property=\"article:publisher\" content=\"https:\/\/www.facebook.com\/profile.php?id=100057192590976&amp;amp%3bamp%3bamp%3bamp%3bamp%3bamp%3bamp%3bamp%3bamp%3bamp%3bamp%3bamp%3bamp%3bamp%3bamp%3bamp%3bamp%3bamp%3bref=ts\" \/>\n<meta property=\"article:published_time\" content=\"2013-08-10T17:48:59+00:00\" \/>\n<meta name=\"author\" content=\"wi022230\" \/>\n<meta name=\"twitter:card\" content=\"summary_large_image\" \/>\n<meta name=\"twitter:creator\" content=\"@autosdelpodio\" \/>\n<meta name=\"twitter:site\" content=\"@autosdelpodio\" \/>\n<meta name=\"twitter:label1\" content=\"Escrito por\" \/>\n\t<meta name=\"twitter:data1\" content=\"wi022230\" \/>\n\t<meta name=\"twitter:label2\" content=\"Tiempo de lectura\" \/>\n\t<meta name=\"twitter:data2\" content=\"1 minuto\" \/>\n<script type=\"application\/ld+json\" class=\"yoast-schema-graph\">{\"@context\":\"https:\\\/\\\/schema.org\",\"@graph\":[{\"@type\":\"Article\",\"@id\":\"http:\\\/\\\/autosdelpodio.com\\\/autos\\\/stc2000-rossi-corrio-con-la-cabeza-y-se-escapa-en-el-campeonato\\\/#article\",\"isPartOf\":{\"@id\":\"http:\\\/\\\/autosdelpodio.com\\\/autos\\\/stc2000-rossi-corrio-con-la-cabeza-y-se-escapa-en-el-campeonato\\\/\"},\"author\":{\"name\":\"wi022230\",\"@id\":\"http:\\\/\\\/autosdelpodio.com\\\/autos\\\/#\\\/schema\\\/person\\\/e88353cabf768863fdf874e30120f3ba\"},\"headline\":\"STC2000: Rossi corri\u00f3 con la cabeza y se escapa en el campeonato\",\"datePublished\":\"2013-08-10T17:48:59+00:00\",\"mainEntityOfPage\":{\"@id\":\"http:\\\/\\\/autosdelpodio.com\\\/autos\\\/stc2000-rossi-corrio-con-la-cabeza-y-se-escapa-en-el-campeonato\\\/\"},\"wordCount\":303,\"commentCount\":0,\"publisher\":{\"@id\":\"http:\\\/\\\/autosdelpodio.com\\\/autos\\\/#organization\"},\"articleSection\":[\"\u00daltimas noticias\"],\"inLanguage\":\"es\",\"potentialAction\":[{\"@type\":\"CommentAction\",\"name\":\"Comment\",\"target\":[\"http:\\\/\\\/autosdelpodio.com\\\/autos\\\/stc2000-rossi-corrio-con-la-cabeza-y-se-escapa-en-el-campeonato\\\/#respond\"]}]},{\"@type\":\"WebPage\",\"@id\":\"http:\\\/\\\/autosdelpodio.com\\\/autos\\\/stc2000-rossi-corrio-con-la-cabeza-y-se-escapa-en-el-campeonato\\\/\",\"url\":\"http:\\\/\\\/autosdelpodio.com\\\/autos\\\/stc2000-rossi-corrio-con-la-cabeza-y-se-escapa-en-el-campeonato\\\/\",\"name\":\"Autos del Podio | STC2000: Rossi corri\u00f3 con la cabeza y se escapa en el campeonato\",\"isPartOf\":{\"@id\":\"http:\\\/\\\/autosdelpodio.com\\\/autos\\\/#website\"},\"datePublished\":\"2013-08-10T17:48:59+00:00\",\"description\":\"Autos del Podio\",\"breadcrumb\":{\"@id\":\"http:\\\/\\\/autosdelpodio.com\\\/autos\\\/stc2000-rossi-corrio-con-la-cabeza-y-se-escapa-en-el-campeonato\\\/#breadcrumb\"},\"inLanguage\":\"es\",\"potentialAction\":[{\"@type\":\"ReadAction\",\"target\":[\"http:\\\/\\\/autosdelpodio.com\\\/autos\\\/stc2000-rossi-corrio-con-la-cabeza-y-se-escapa-en-el-campeonato\\\/\"]}]},{\"@type\":\"BreadcrumbList\",\"@id\":\"http:\\\/\\\/autosdelpodio.com\\\/autos\\\/stc2000-rossi-corrio-con-la-cabeza-y-se-escapa-en-el-campeonato\\\/#breadcrumb\",\"itemListElement\":[{\"@type\":\"ListItem\",\"position\":1,\"name\":\"Portada\",\"item\":\"http:\\\/\\\/autosdelpodio.com\\\/autos\\\/\"},{\"@type\":\"ListItem\",\"position\":2,\"name\":\"STC2000: Rossi corri\u00f3 con la cabeza y se escapa en el campeonato\"}]},{\"@type\":\"WebSite\",\"@id\":\"http:\\\/\\\/autosdelpodio.com\\\/autos\\\/#website\",\"url\":\"http:\\\/\\\/autosdelpodio.com\\\/autos\\\/\",\"name\":\"Autos del Podio\",\"description\":\"La sexta del deporte motor\",\"publisher\":{\"@id\":\"http:\\\/\\\/autosdelpodio.com\\\/autos\\\/#organization\"},\"potentialAction\":[{\"@type\":\"SearchAction\",\"target\":{\"@type\":\"EntryPoint\",\"urlTemplate\":\"http:\\\/\\\/autosdelpodio.com\\\/autos\\\/?s={search_term_string}\"},\"query-input\":{\"@type\":\"PropertyValueSpecification\",\"valueRequired\":true,\"valueName\":\"search_term_string\"}}],\"inLanguage\":\"es\"},{\"@type\":\"Organization\",\"@id\":\"http:\\\/\\\/autosdelpodio.com\\\/autos\\\/#organization\",\"name\":\"Autos del Podio\",\"url\":\"http:\\\/\\\/autosdelpodio.com\\\/autos\\\/\",\"logo\":{\"@type\":\"ImageObject\",\"inLanguage\":\"es\",\"@id\":\"http:\\\/\\\/autosdelpodio.com\\\/autos\\\/#\\\/schema\\\/logo\\\/image\\\/\",\"url\":\"http:\\\/\\\/autosdelpodio.com\\\/autos\\\/wp-content\\\/uploads\\\/2020\\\/08\\\/Logo_AR.jpg\",\"contentUrl\":\"http:\\\/\\\/autosdelpodio.com\\\/autos\\\/wp-content\\\/uploads\\\/2020\\\/08\\\/Logo_AR.jpg\",\"width\":1038,\"height\":1044,\"caption\":\"Autos del Podio\"},\"image\":{\"@id\":\"http:\\\/\\\/autosdelpodio.com\\\/autos\\\/#\\\/schema\\\/logo\\\/image\\\/\"},\"sameAs\":[\"https:\\\/\\\/www.facebook.com\\\/profile.php?id=100057192590976&amp;amp;amp;amp;amp;amp;amp;amp;amp;amp;amp;amp;amp;amp;amp;amp;amp;amp;ref=ts\",\"https:\\\/\\\/x.com\\\/autosdelpodio\",\"https:\\\/\\\/www.youtube.com\\\/user\\\/AutosdelPodio\"]},{\"@type\":\"Person\",\"@id\":\"http:\\\/\\\/autosdelpodio.com\\\/autos\\\/#\\\/schema\\\/person\\\/e88353cabf768863fdf874e30120f3ba\",\"name\":\"wi022230\",\"image\":{\"@type\":\"ImageObject\",\"inLanguage\":\"es\",\"@id\":\"http:\\\/\\\/autosdelpodio.com\\\/autos\\\/wp-content\\\/litespeed\\\/avatar\\\/453fc9bdbb11d766ba4c7f14d0bd0aa9.jpg?ver=1776800006\",\"url\":\"http:\\\/\\\/autosdelpodio.com\\\/autos\\\/wp-content\\\/litespeed\\\/avatar\\\/453fc9bdbb11d766ba4c7f14d0bd0aa9.jpg?ver=1776800006\",\"contentUrl\":\"http:\\\/\\\/autosdelpodio.com\\\/autos\\\/wp-content\\\/litespeed\\\/avatar\\\/453fc9bdbb11d766ba4c7f14d0bd0aa9.jpg?ver=1776800006\",\"caption\":\"wi022230\"}}]}<\/script>\n<!-- \/ Yoast SEO plugin. -->","yoast_head_json":{"title":"Autos del Podio | STC2000: Rossi corri\u00f3 con la cabeza y se escapa en el campeonato","description":"Autos del Podio","robots":{"index":"index","follow":"follow","max-snippet":"max-snippet:-1","max-image-preview":"max-image-preview:large","max-video-preview":"max-video-preview:-1"},"canonical":"http:\/\/autosdelpodio.com\/autos\/stc2000-rossi-corrio-con-la-cabeza-y-se-escapa-en-el-campeonato\/","og_locale":"es_ES","og_type":"article","og_title":"Autos del Podio | STC2000: Rossi corri\u00f3 con la cabeza y se escapa en el campeonato","og_description":"Autos del Podio","og_url":"http:\/\/autosdelpodio.com\/autos\/stc2000-rossi-corrio-con-la-cabeza-y-se-escapa-en-el-campeonato\/","og_site_name":"Autos del Podio","article_publisher":"https:\/\/www.facebook.com\/profile.php?id=100057192590976&amp%3bamp%3bamp%3bamp%3bamp%3bamp%3bamp%3bamp%3bamp%3bamp%3bamp%3bamp%3bamp%3bamp%3bamp%3bamp%3bamp%3bamp%3bref=ts","article_published_time":"2013-08-10T17:48:59+00:00","author":"wi022230","twitter_card":"summary_large_image","twitter_creator":"@autosdelpodio","twitter_site":"@autosdelpodio","twitter_misc":{"Escrito por":"wi022230","Tiempo de lectura":"1 minuto"},"schema":{"@context":"https:\/\/schema.org","@graph":[{"@type":"Article","@id":"http:\/\/autosdelpodio.com\/autos\/stc2000-rossi-corrio-con-la-cabeza-y-se-escapa-en-el-campeonato\/#article","isPartOf":{"@id":"http:\/\/autosdelpodio.com\/autos\/stc2000-rossi-corrio-con-la-cabeza-y-se-escapa-en-el-campeonato\/"},"author":{"name":"wi022230","@id":"http:\/\/autosdelpodio.com\/autos\/#\/schema\/person\/e88353cabf768863fdf874e30120f3ba"},"headline":"STC2000: Rossi corri\u00f3 con la cabeza y se escapa en el campeonato","datePublished":"2013-08-10T17:48:59+00:00","mainEntityOfPage":{"@id":"http:\/\/autosdelpodio.com\/autos\/stc2000-rossi-corrio-con-la-cabeza-y-se-escapa-en-el-campeonato\/"},"wordCount":303,"commentCount":0,"publisher":{"@id":"http:\/\/autosdelpodio.com\/autos\/#organization"},"articleSection":["\u00daltimas noticias"],"inLanguage":"es","potentialAction":[{"@type":"CommentAction","name":"Comment","target":["http:\/\/autosdelpodio.com\/autos\/stc2000-rossi-corrio-con-la-cabeza-y-se-escapa-en-el-campeonato\/#respond"]}]},{"@type":"WebPage","@id":"http:\/\/autosdelpodio.com\/autos\/stc2000-rossi-corrio-con-la-cabeza-y-se-escapa-en-el-campeonato\/","url":"http:\/\/autosdelpodio.com\/autos\/stc2000-rossi-corrio-con-la-cabeza-y-se-escapa-en-el-campeonato\/","name":"Autos del Podio | STC2000: Rossi corri\u00f3 con la cabeza y se escapa en el campeonato","isPartOf":{"@id":"http:\/\/autosdelpodio.com\/autos\/#website"},"datePublished":"2013-08-10T17:48:59+00:00","description":"Autos del Podio","breadcrumb":{"@id":"http:\/\/autosdelpodio.com\/autos\/stc2000-rossi-corrio-con-la-cabeza-y-se-escapa-en-el-campeonato\/#breadcrumb"},"inLanguage":"es","potentialAction":[{"@type":"ReadAction","target":["http:\/\/autosdelpodio.com\/autos\/stc2000-rossi-corrio-con-la-cabeza-y-se-escapa-en-el-campeonato\/"]}]},{"@type":"BreadcrumbList","@id":"http:\/\/autosdelpodio.com\/autos\/stc2000-rossi-corrio-con-la-cabeza-y-se-escapa-en-el-campeonato\/#breadcrumb","itemListElement":[{"@type":"ListItem","position":1,"name":"Portada","item":"http:\/\/autosdelpodio.com\/autos\/"},{"@type":"ListItem","position":2,"name":"STC2000: Rossi corri\u00f3 con la cabeza y se escapa en el campeonato"}]},{"@type":"WebSite","@id":"http:\/\/autosdelpodio.com\/autos\/#website","url":"http:\/\/autosdelpodio.com\/autos\/","name":"Autos del Podio","description":"La sexta del deporte motor","publisher":{"@id":"http:\/\/autosdelpodio.com\/autos\/#organization"},"potentialAction":[{"@type":"SearchAction","target":{"@type":"EntryPoint","urlTemplate":"http:\/\/autosdelpodio.com\/autos\/?s={search_term_string}"},"query-input":{"@type":"PropertyValueSpecification","valueRequired":true,"valueName":"search_term_string"}}],"inLanguage":"es"},{"@type":"Organization","@id":"http:\/\/autosdelpodio.com\/autos\/#organization","name":"Autos del Podio","url":"http:\/\/autosdelpodio.com\/autos\/","logo":{"@type":"ImageObject","inLanguage":"es","@id":"http:\/\/autosdelpodio.com\/autos\/#\/schema\/logo\/image\/","url":"http:\/\/autosdelpodio.com\/autos\/wp-content\/uploads\/2020\/08\/Logo_AR.jpg","contentUrl":"http:\/\/autosdelpodio.com\/autos\/wp-content\/uploads\/2020\/08\/Logo_AR.jpg","width":1038,"height":1044,"caption":"Autos del Podio"},"image":{"@id":"http:\/\/autosdelpodio.com\/autos\/#\/schema\/logo\/image\/"},"sameAs":["https:\/\/www.facebook.com\/profile.php?id=100057192590976&amp;amp;amp;amp;amp;amp;amp;amp;amp;amp;amp;amp;amp;amp;amp;amp;amp;amp;ref=ts","https:\/\/x.com\/autosdelpodio","https:\/\/www.youtube.com\/user\/AutosdelPodio"]},{"@type":"Person","@id":"http:\/\/autosdelpodio.com\/autos\/#\/schema\/person\/e88353cabf768863fdf874e30120f3ba","name":"wi022230","image":{"@type":"ImageObject","inLanguage":"es","@id":"http:\/\/autosdelpodio.com\/autos\/wp-content\/litespeed\/avatar\/453fc9bdbb11d766ba4c7f14d0bd0aa9.jpg?ver=1776800006","url":"http:\/\/autosdelpodio.com\/autos\/wp-content\/litespeed\/avatar\/453fc9bdbb11d766ba4c7f14d0bd0aa9.jpg?ver=1776800006","contentUrl":"http:\/\/autosdelpodio.com\/autos\/wp-content\/litespeed\/avatar\/453fc9bdbb11d766ba4c7f14d0bd0aa9.jpg?ver=1776800006","caption":"wi022230"}}]}},"views":411,"_links":{"self":[{"href":"http:\/\/autosdelpodio.com\/autos\/wp-json\/wp\/v2\/posts\/800","targetHints":{"allow":["GET"]}}],"collection":[{"href":"http:\/\/autosdelpodio.com\/autos\/wp-json\/wp\/v2\/posts"}],"about":[{"href":"http:\/\/autosdelpodio.com\/autos\/wp-json\/wp\/v2\/types\/post"}],"author":[{"embeddable":true,"href":"http:\/\/autosdelpodio.com\/autos\/wp-json\/wp\/v2\/users\/1"}],"replies":[{"embeddable":true,"href":"http:\/\/autosdelpodio.com\/autos\/wp-json\/wp\/v2\/comments?post=800"}],"version-history":[{"count":0,"href":"http:\/\/autosdelpodio.com\/autos\/wp-json\/wp\/v2\/posts\/800\/revisions"}],"wp:attachment":[{"href":"http:\/\/autosdelpodio.com\/autos\/wp-json\/wp\/v2\/media?parent=800"}],"wp:term":[{"taxonomy":"category","embeddable":true,"href":"http:\/\/autosdelpodio.com\/autos\/wp-json\/wp\/v2\/categories?post=800"},{"taxonomy":"post_tag","embeddable":true,"href":"http:\/\/autosdelpodio.com\/autos\/wp-json\/wp\/v2\/tags?post=800"}],"curies":[{"name":"wp","href":"https:\/\/api.w.org\/{rel}","templated":true}]}}