{"id":802,"date":"2013-08-18T18:12:24","date_gmt":"2013-08-18T18:12:24","guid":{"rendered":"http:\/\/autosdelpodio.com\/autos\/2013\/08\/18\/pechito-de-rio-hondo\/"},"modified":"2013-08-18T18:12:24","modified_gmt":"2013-08-18T18:12:24","slug":"pechito-de-rio-hondo","status":"publish","type":"post","link":"http:\/\/autosdelpodio.com\/autos\/pechito-de-rio-hondo\/","title":{"rendered":"TRV6: Pechito de Rio Hondo"},"content":{"rendered":"<p style=\"text-align: justify;\">Jos\u00e9 Mar\u00eda L\u00f3pez (Ford Mondeo) se adjudic\u00f3 un nuevo triunfo en el Top Race V6 en un circuito que le cae muy bien, el de Termas de R\u00edo Hondo. El piloto que viene de ganar en dicho escenario hace 2 semanas en su debut en el WTCC fue escoltado por Norberto Fontana (Mitsubishi Lancer) y Juan Manuel Silva (Mercedes).<\/p>\n<p>  <!--more-->  <\/p>\n<p><span style=\"text-align: justify; line-height: 1.3em;\">La carrera, por momentos entretenida no en la punta pero si en los puestos de atr\u00e1s, tuvo la particularidad del ingreso programado del Pace Car en la vuelta 10 (bajo sorteo, ya que ingresaron las bolillas 10, 11,12 y 13 que representaban la posibilidad de ingreso en dicha vuelta).<\/span><\/p>\n<p style=\"text-align: justify;\">A falta de una fecha para el cierre de la etapa de Invierno,\u2018Pechito\u2019 L\u00f3pez sigue como l\u00edder con 61 puntos, escoltado por Agust\u00edn Canapino (Mercedes) con 49 y Fontana con 43.<\/p>\n<p style=\"text-align: justify;\">La pr\u00f3xima fecha ser\u00e1 el 15 de septiembre en Toay, provincia de La Pampa.<\/p>\n<p style=\"text-align: justify;\"><span style=\"line-height: 1.3em;\"><strong>Final TRV6 &#8211; 22 Vuletas<\/strong><\/span><\/p>\n<p style=\"text-align: justify;\">1\u00b0 \u00a0 37 \u00a0 LOPEZ JOSE MARIA \u00a0 \u00a0 \u00a0 \u00a0MONDEO \u00a0 \u00a041;26,949<\/p>\n<p style=\"text-align: justify;\">2\u00b0 \u00a0 48 \u00a0 FONTANA NORBERTO \u00a0 \u00a0 \u00a0 \u00a0LANCER \u00a0 \u00a041;27,580 \u00a00,631<\/p>\n<p style=\"text-align: justify;\">3\u00b0 \u00a0 111 \u00a0SILVA JUAN MANUEL \u00a0 \u00a0 \u00a0 MERCEDES \u00a041;29,791 \u00a02,842<\/p>\n<p style=\"text-align: justify;\">4\u00b0 \u00a0 1 \u00a0 \u00a0CANAPINO AGUSTIN \u00a0 \u00a0 \u00a0 \u00a0MERCEDES \u00a041;31,687 \u00a04,738<\/p>\n<p style=\"text-align: justify;\">5\u00b0 \u00a0 6 \u00a0 \u00a0GUERRIERI ESTEBAN \u00a0 \u00a0 \u00a0 MONDEO \u00a0 \u00a041;35,648 \u00a08,699<\/p>\n<p style=\"text-align: justify;\">6\u00b0 \u00a0 23 \u00a0 BENAMO LUCAS \u00a0 \u00a0 \u00a0 \u00a0 \u00a0 \u00a0PASSAT \u00a0 \u00a041;35,911 \u00a08,962<\/p>\n<p style=\"text-align: justify;\">7\u00b0 \u00a0 31 \u00a0 FRAGA FELIPE \u00a0 \u00a0 \u00a0 \u00a0 \u00a0 \u00a0PASSAT \u00a0 \u00a041;37,121 \u00a010,172<\/p>\n<p style=\"text-align: justify;\">8\u00b0 \u00a0 333 \u00a0MICHELOUD GUSTAVO \u00a0 \u00a0 \u00a0 MONDEO \u00a0 \u00a041;37,288 \u00a010,339<\/p>\n<p style=\"text-align: justify;\">9\u00b0 \u00a0 157 \u00a0DE BENEDICTIS JUAN \u00a0 \u00a0 \u00a0MONDEO \u00a0 \u00a041;37,707 \u00a010,758<\/p>\n<p style=\"text-align: justify;\">10\u00b0 \u00a055 \u00a0 AGRELO MARCELO \u00a0 \u00a0 \u00a0 \u00a0 \u00a0CRUZE \u00a0 \u00a0 41;40,727 \u00a013,778<\/p>\n<p style=\"text-align: justify;\">11\u00b0 \u00a024 \u00a0 ARDUSSO FACUNDO \u00a0 \u00a0 \u00a0 \u00a0 MONDEO \u00a0 \u00a041;46,170 \u00a019,221<\/p>\n<p style=\"text-align: justify;\">12\u00b0 \u00a04 \u00a0 \u00a0PONCE DE LEON GABRIEL \u00a0 PASSAT \u00a0 \u00a041;47,402 \u00a020,453<\/p>\n<p style=\"text-align: justify;\">13\u00b0 \u00a09 \u00a0 \u00a0SIRVENT GERMAN \u00a0 \u00a0 \u00a0 \u00a0 \u00a0CRUZE \u00a0 \u00a0 41;58,509 \u00a031,560<\/p>\n<p style=\"text-align: justify;\">14\u00b0 \u00a018 \u00a0 VAZQUEZ MARCOS \u00a0 \u00a0 \u00a0 \u00a0 \u00a0LANCER GT 42;01,349 \u00a034,400<\/p>\n<p style=\"text-align: justify;\">15\u00b0 \u00a0666 \u00a0TADEI GUSTAVO \u00a0 \u00a0 \u00a0 \u00a0 \u00a0 CRUZE \u00a0 \u00a0 42;07,596 \u00a040,647<\/p>\n<p style=\"text-align: justify;\">16\u00b0 \u00a022 \u00a0 LAVARI EDGARDO \u00a0 \u00a0 \u00a0 \u00a0 \u00a0PASSAT \u00a0 \u00a042;07,836 \u00a040,887<\/p>\n<p style=\"text-align: justify;\">17\u00b0 \u00a012 \u00a0 MOISES FEDERICO \u00a0 \u00a0 \u00a0 \u00a0 MERCEDES \u00a042;23,180 \u00a056,231<\/p>\n<p style=\"text-align: justify;\">18\u00b0 \u00a077 \u00a0 ALVAREZ JUAN CRUZ \u00a0 \u00a0 \u00a0 PASSAT \u00a0 \u00a0Ab<\/p>\n<p style=\"text-align: justify;\">19\u00b0 \u00a038 \u00a0 MONTENEGRO GONZALO \u00a0 \u00a0 \u00a0MONDEO \u00a0 \u00a0Ab<\/p>\n<p style=\"text-align: justify;\">20\u00b0 \u00a03 \u00a0 \u00a0MORGENSTERN RAFAEL \u00a0 \u00a0 \u00a0LANCER GT Ab<\/p>\n<p style=\"text-align: justify;\">21\u00b0 \u00a08 \u00a0 \u00a0DI PALMA MARCOS \u00a0 \u00a0 \u00a0 \u00a0 PASSAT \u00a0 \u00a0Ab<\/p>\n","protected":false},"excerpt":{"rendered":"<p>Jos\u00e9 Mar\u00eda L\u00f3pez (Ford Mondeo) se adjudic\u00f3 un nuevo triunfo en el Top Race V6 en un circuito que le<\/p>\n","protected":false},"author":1,"featured_media":0,"comment_status":"open","ping_status":"open","sticky":false,"template":"","format":"standard","meta":{"colormag_page_container_layout":"default_layout","colormag_page_sidebar_layout":"default_layout","footnotes":""},"categories":[5],"tags":[],"class_list":["post-802","post","type-post","status-publish","format-standard","hentry","category-latest-news"],"yoast_head":"<!-- This site is optimized with the Yoast SEO plugin v27.5 - https:\/\/yoast.com\/product\/yoast-seo-wordpress\/ -->\n<title>Autos del Podio | TRV6: Pechito de Rio Hondo<\/title>\n<meta name=\"description\" content=\"Autos del Podio\" \/>\n<meta name=\"robots\" content=\"index, follow, max-snippet:-1, max-image-preview:large, max-video-preview:-1\" \/>\n<link rel=\"canonical\" href=\"http:\/\/autosdelpodio.com\/autos\/pechito-de-rio-hondo\/\" \/>\n<meta property=\"og:locale\" content=\"es_ES\" \/>\n<meta property=\"og:type\" content=\"article\" \/>\n<meta property=\"og:title\" content=\"Autos del Podio | TRV6: Pechito de Rio Hondo\" \/>\n<meta property=\"og:description\" content=\"Autos del Podio\" \/>\n<meta property=\"og:url\" content=\"http:\/\/autosdelpodio.com\/autos\/pechito-de-rio-hondo\/\" \/>\n<meta property=\"og:site_name\" content=\"Autos del Podio\" \/>\n<meta property=\"article:publisher\" content=\"https:\/\/www.facebook.com\/profile.php?id=100057192590976&amp;amp%3bamp%3bamp%3bamp%3bamp%3bamp%3bamp%3bamp%3bamp%3bamp%3bamp%3bamp%3bamp%3bamp%3bamp%3bamp%3bamp%3bamp%3bref=ts\" \/>\n<meta property=\"article:published_time\" content=\"2013-08-18T18:12:24+00:00\" \/>\n<meta name=\"author\" content=\"wi022230\" \/>\n<meta name=\"twitter:card\" content=\"summary_large_image\" \/>\n<meta name=\"twitter:creator\" content=\"@autosdelpodio\" \/>\n<meta name=\"twitter:site\" content=\"@autosdelpodio\" \/>\n<meta name=\"twitter:label1\" content=\"Escrito por\" \/>\n\t<meta name=\"twitter:data1\" content=\"wi022230\" \/>\n\t<meta name=\"twitter:label2\" content=\"Tiempo de lectura\" \/>\n\t<meta name=\"twitter:data2\" content=\"1 minuto\" \/>\n<script type=\"application\/ld+json\" class=\"yoast-schema-graph\">{\"@context\":\"https:\\\/\\\/schema.org\",\"@graph\":[{\"@type\":\"Article\",\"@id\":\"http:\\\/\\\/autosdelpodio.com\\\/autos\\\/pechito-de-rio-hondo\\\/#article\",\"isPartOf\":{\"@id\":\"http:\\\/\\\/autosdelpodio.com\\\/autos\\\/pechito-de-rio-hondo\\\/\"},\"author\":{\"name\":\"wi022230\",\"@id\":\"http:\\\/\\\/autosdelpodio.com\\\/autos\\\/#\\\/schema\\\/person\\\/e88353cabf768863fdf874e30120f3ba\"},\"headline\":\"TRV6: Pechito de Rio Hondo\",\"datePublished\":\"2013-08-18T18:12:24+00:00\",\"mainEntityOfPage\":{\"@id\":\"http:\\\/\\\/autosdelpodio.com\\\/autos\\\/pechito-de-rio-hondo\\\/\"},\"wordCount\":238,\"commentCount\":0,\"publisher\":{\"@id\":\"http:\\\/\\\/autosdelpodio.com\\\/autos\\\/#organization\"},\"articleSection\":[\"\u00daltimas noticias\"],\"inLanguage\":\"es\",\"potentialAction\":[{\"@type\":\"CommentAction\",\"name\":\"Comment\",\"target\":[\"http:\\\/\\\/autosdelpodio.com\\\/autos\\\/pechito-de-rio-hondo\\\/#respond\"]}]},{\"@type\":\"WebPage\",\"@id\":\"http:\\\/\\\/autosdelpodio.com\\\/autos\\\/pechito-de-rio-hondo\\\/\",\"url\":\"http:\\\/\\\/autosdelpodio.com\\\/autos\\\/pechito-de-rio-hondo\\\/\",\"name\":\"Autos del Podio | TRV6: Pechito de Rio Hondo\",\"isPartOf\":{\"@id\":\"http:\\\/\\\/autosdelpodio.com\\\/autos\\\/#website\"},\"datePublished\":\"2013-08-18T18:12:24+00:00\",\"description\":\"Autos del Podio\",\"breadcrumb\":{\"@id\":\"http:\\\/\\\/autosdelpodio.com\\\/autos\\\/pechito-de-rio-hondo\\\/#breadcrumb\"},\"inLanguage\":\"es\",\"potentialAction\":[{\"@type\":\"ReadAction\",\"target\":[\"http:\\\/\\\/autosdelpodio.com\\\/autos\\\/pechito-de-rio-hondo\\\/\"]}]},{\"@type\":\"BreadcrumbList\",\"@id\":\"http:\\\/\\\/autosdelpodio.com\\\/autos\\\/pechito-de-rio-hondo\\\/#breadcrumb\",\"itemListElement\":[{\"@type\":\"ListItem\",\"position\":1,\"name\":\"Portada\",\"item\":\"http:\\\/\\\/autosdelpodio.com\\\/autos\\\/\"},{\"@type\":\"ListItem\",\"position\":2,\"name\":\"TRV6: Pechito de Rio Hondo\"}]},{\"@type\":\"WebSite\",\"@id\":\"http:\\\/\\\/autosdelpodio.com\\\/autos\\\/#website\",\"url\":\"http:\\\/\\\/autosdelpodio.com\\\/autos\\\/\",\"name\":\"Autos del Podio\",\"description\":\"La sexta del deporte motor\",\"publisher\":{\"@id\":\"http:\\\/\\\/autosdelpodio.com\\\/autos\\\/#organization\"},\"potentialAction\":[{\"@type\":\"SearchAction\",\"target\":{\"@type\":\"EntryPoint\",\"urlTemplate\":\"http:\\\/\\\/autosdelpodio.com\\\/autos\\\/?s={search_term_string}\"},\"query-input\":{\"@type\":\"PropertyValueSpecification\",\"valueRequired\":true,\"valueName\":\"search_term_string\"}}],\"inLanguage\":\"es\"},{\"@type\":\"Organization\",\"@id\":\"http:\\\/\\\/autosdelpodio.com\\\/autos\\\/#organization\",\"name\":\"Autos del Podio\",\"url\":\"http:\\\/\\\/autosdelpodio.com\\\/autos\\\/\",\"logo\":{\"@type\":\"ImageObject\",\"inLanguage\":\"es\",\"@id\":\"http:\\\/\\\/autosdelpodio.com\\\/autos\\\/#\\\/schema\\\/logo\\\/image\\\/\",\"url\":\"http:\\\/\\\/autosdelpodio.com\\\/autos\\\/wp-content\\\/uploads\\\/2020\\\/08\\\/Logo_AR.jpg\",\"contentUrl\":\"http:\\\/\\\/autosdelpodio.com\\\/autos\\\/wp-content\\\/uploads\\\/2020\\\/08\\\/Logo_AR.jpg\",\"width\":1038,\"height\":1044,\"caption\":\"Autos del Podio\"},\"image\":{\"@id\":\"http:\\\/\\\/autosdelpodio.com\\\/autos\\\/#\\\/schema\\\/logo\\\/image\\\/\"},\"sameAs\":[\"https:\\\/\\\/www.facebook.com\\\/profile.php?id=100057192590976&amp;amp;amp;amp;amp;amp;amp;amp;amp;amp;amp;amp;amp;amp;amp;amp;amp;amp;ref=ts\",\"https:\\\/\\\/x.com\\\/autosdelpodio\",\"https:\\\/\\\/www.youtube.com\\\/user\\\/AutosdelPodio\"]},{\"@type\":\"Person\",\"@id\":\"http:\\\/\\\/autosdelpodio.com\\\/autos\\\/#\\\/schema\\\/person\\\/e88353cabf768863fdf874e30120f3ba\",\"name\":\"wi022230\",\"image\":{\"@type\":\"ImageObject\",\"inLanguage\":\"es\",\"@id\":\"http:\\\/\\\/autosdelpodio.com\\\/autos\\\/wp-content\\\/litespeed\\\/avatar\\\/453fc9bdbb11d766ba4c7f14d0bd0aa9.jpg?ver=1777404874\",\"url\":\"http:\\\/\\\/autosdelpodio.com\\\/autos\\\/wp-content\\\/litespeed\\\/avatar\\\/453fc9bdbb11d766ba4c7f14d0bd0aa9.jpg?ver=1777404874\",\"contentUrl\":\"http:\\\/\\\/autosdelpodio.com\\\/autos\\\/wp-content\\\/litespeed\\\/avatar\\\/453fc9bdbb11d766ba4c7f14d0bd0aa9.jpg?ver=1777404874\",\"caption\":\"wi022230\"}}]}<\/script>\n<!-- \/ Yoast SEO plugin. -->","yoast_head_json":{"title":"Autos del Podio | TRV6: Pechito de Rio Hondo","description":"Autos del Podio","robots":{"index":"index","follow":"follow","max-snippet":"max-snippet:-1","max-image-preview":"max-image-preview:large","max-video-preview":"max-video-preview:-1"},"canonical":"http:\/\/autosdelpodio.com\/autos\/pechito-de-rio-hondo\/","og_locale":"es_ES","og_type":"article","og_title":"Autos del Podio | TRV6: Pechito de Rio Hondo","og_description":"Autos del Podio","og_url":"http:\/\/autosdelpodio.com\/autos\/pechito-de-rio-hondo\/","og_site_name":"Autos del Podio","article_publisher":"https:\/\/www.facebook.com\/profile.php?id=100057192590976&amp%3bamp%3bamp%3bamp%3bamp%3bamp%3bamp%3bamp%3bamp%3bamp%3bamp%3bamp%3bamp%3bamp%3bamp%3bamp%3bamp%3bamp%3bref=ts","article_published_time":"2013-08-18T18:12:24+00:00","author":"wi022230","twitter_card":"summary_large_image","twitter_creator":"@autosdelpodio","twitter_site":"@autosdelpodio","twitter_misc":{"Escrito por":"wi022230","Tiempo de lectura":"1 minuto"},"schema":{"@context":"https:\/\/schema.org","@graph":[{"@type":"Article","@id":"http:\/\/autosdelpodio.com\/autos\/pechito-de-rio-hondo\/#article","isPartOf":{"@id":"http:\/\/autosdelpodio.com\/autos\/pechito-de-rio-hondo\/"},"author":{"name":"wi022230","@id":"http:\/\/autosdelpodio.com\/autos\/#\/schema\/person\/e88353cabf768863fdf874e30120f3ba"},"headline":"TRV6: Pechito de Rio Hondo","datePublished":"2013-08-18T18:12:24+00:00","mainEntityOfPage":{"@id":"http:\/\/autosdelpodio.com\/autos\/pechito-de-rio-hondo\/"},"wordCount":238,"commentCount":0,"publisher":{"@id":"http:\/\/autosdelpodio.com\/autos\/#organization"},"articleSection":["\u00daltimas noticias"],"inLanguage":"es","potentialAction":[{"@type":"CommentAction","name":"Comment","target":["http:\/\/autosdelpodio.com\/autos\/pechito-de-rio-hondo\/#respond"]}]},{"@type":"WebPage","@id":"http:\/\/autosdelpodio.com\/autos\/pechito-de-rio-hondo\/","url":"http:\/\/autosdelpodio.com\/autos\/pechito-de-rio-hondo\/","name":"Autos del Podio | TRV6: Pechito de Rio Hondo","isPartOf":{"@id":"http:\/\/autosdelpodio.com\/autos\/#website"},"datePublished":"2013-08-18T18:12:24+00:00","description":"Autos del Podio","breadcrumb":{"@id":"http:\/\/autosdelpodio.com\/autos\/pechito-de-rio-hondo\/#breadcrumb"},"inLanguage":"es","potentialAction":[{"@type":"ReadAction","target":["http:\/\/autosdelpodio.com\/autos\/pechito-de-rio-hondo\/"]}]},{"@type":"BreadcrumbList","@id":"http:\/\/autosdelpodio.com\/autos\/pechito-de-rio-hondo\/#breadcrumb","itemListElement":[{"@type":"ListItem","position":1,"name":"Portada","item":"http:\/\/autosdelpodio.com\/autos\/"},{"@type":"ListItem","position":2,"name":"TRV6: Pechito de Rio Hondo"}]},{"@type":"WebSite","@id":"http:\/\/autosdelpodio.com\/autos\/#website","url":"http:\/\/autosdelpodio.com\/autos\/","name":"Autos del Podio","description":"La sexta del deporte motor","publisher":{"@id":"http:\/\/autosdelpodio.com\/autos\/#organization"},"potentialAction":[{"@type":"SearchAction","target":{"@type":"EntryPoint","urlTemplate":"http:\/\/autosdelpodio.com\/autos\/?s={search_term_string}"},"query-input":{"@type":"PropertyValueSpecification","valueRequired":true,"valueName":"search_term_string"}}],"inLanguage":"es"},{"@type":"Organization","@id":"http:\/\/autosdelpodio.com\/autos\/#organization","name":"Autos del Podio","url":"http:\/\/autosdelpodio.com\/autos\/","logo":{"@type":"ImageObject","inLanguage":"es","@id":"http:\/\/autosdelpodio.com\/autos\/#\/schema\/logo\/image\/","url":"http:\/\/autosdelpodio.com\/autos\/wp-content\/uploads\/2020\/08\/Logo_AR.jpg","contentUrl":"http:\/\/autosdelpodio.com\/autos\/wp-content\/uploads\/2020\/08\/Logo_AR.jpg","width":1038,"height":1044,"caption":"Autos del Podio"},"image":{"@id":"http:\/\/autosdelpodio.com\/autos\/#\/schema\/logo\/image\/"},"sameAs":["https:\/\/www.facebook.com\/profile.php?id=100057192590976&amp;amp;amp;amp;amp;amp;amp;amp;amp;amp;amp;amp;amp;amp;amp;amp;amp;amp;ref=ts","https:\/\/x.com\/autosdelpodio","https:\/\/www.youtube.com\/user\/AutosdelPodio"]},{"@type":"Person","@id":"http:\/\/autosdelpodio.com\/autos\/#\/schema\/person\/e88353cabf768863fdf874e30120f3ba","name":"wi022230","image":{"@type":"ImageObject","inLanguage":"es","@id":"http:\/\/autosdelpodio.com\/autos\/wp-content\/litespeed\/avatar\/453fc9bdbb11d766ba4c7f14d0bd0aa9.jpg?ver=1777404874","url":"http:\/\/autosdelpodio.com\/autos\/wp-content\/litespeed\/avatar\/453fc9bdbb11d766ba4c7f14d0bd0aa9.jpg?ver=1777404874","contentUrl":"http:\/\/autosdelpodio.com\/autos\/wp-content\/litespeed\/avatar\/453fc9bdbb11d766ba4c7f14d0bd0aa9.jpg?ver=1777404874","caption":"wi022230"}}]}},"views":694,"_links":{"self":[{"href":"http:\/\/autosdelpodio.com\/autos\/wp-json\/wp\/v2\/posts\/802","targetHints":{"allow":["GET"]}}],"collection":[{"href":"http:\/\/autosdelpodio.com\/autos\/wp-json\/wp\/v2\/posts"}],"about":[{"href":"http:\/\/autosdelpodio.com\/autos\/wp-json\/wp\/v2\/types\/post"}],"author":[{"embeddable":true,"href":"http:\/\/autosdelpodio.com\/autos\/wp-json\/wp\/v2\/users\/1"}],"replies":[{"embeddable":true,"href":"http:\/\/autosdelpodio.com\/autos\/wp-json\/wp\/v2\/comments?post=802"}],"version-history":[{"count":0,"href":"http:\/\/autosdelpodio.com\/autos\/wp-json\/wp\/v2\/posts\/802\/revisions"}],"wp:attachment":[{"href":"http:\/\/autosdelpodio.com\/autos\/wp-json\/wp\/v2\/media?parent=802"}],"wp:term":[{"taxonomy":"category","embeddable":true,"href":"http:\/\/autosdelpodio.com\/autos\/wp-json\/wp\/v2\/categories?post=802"},{"taxonomy":"post_tag","embeddable":true,"href":"http:\/\/autosdelpodio.com\/autos\/wp-json\/wp\/v2\/tags?post=802"}],"curies":[{"name":"wp","href":"https:\/\/api.w.org\/{rel}","templated":true}]}}