{"id":8023,"date":"2024-12-19T15:17:34","date_gmt":"2024-12-19T18:17:34","guid":{"rendered":"http:\/\/autosdelpodio.com\/autos\/?p=8023"},"modified":"2025-12-26T12:07:29","modified_gmt":"2025-12-26T15:07:29","slug":"el-mercado-de-pases-tc-2025","status":"publish","type":"post","link":"http:\/\/autosdelpodio.com\/autos\/el-mercado-de-pases-tc-2025\/","title":{"rendered":"El mercado de pases TC \u2013 2025"},"content":{"rendered":"\n<p><a href=\"http:\/\/autosdelpodio.com\/autos\/el-mercado-de-pases-tc-2024\/\"><\/a><\/p>\n\n\n\n<p>Como lo hacemos habitualmente te ponemos al d\u00eda con los movimientos generados hasta aqu\u00ed de cara a la temporada 2025 de Turismo Carretera. Cambio de pilotos, de marcas y equipos en la popular categor\u00eda. \u00c9ste es el panorama de c\u00f3mo est\u00e1n conformadas las diversas escuadras.<\/p>\n\n\n\n<p><strong>Canning Motorsport:<\/strong> Sin cambios en su plantel 100% Chevrolet con&nbsp;Santiago Mangoni, Valent\u00edn Aguirre, Santiago Alvarez y Diego Ciantini (contin\u00faa bajo la denominaci\u00f3n Salvita Racing).El retornado Agustin Canapino har\u00e1 temporada completa (Camaro)<\/p>\n\n\n\n<p><strong>Fadel Werner Competici\u00f3n:&nbsp;<\/strong>en lo personal todo igual para&nbsp;Mariano Werner que continuar\u00e1 su proyecto en Paran\u00e1 con los motores de Rodolfo Agut. En busca de su propia exclusividad, buscar\u00e1 reducir el caudal de trabajo de su equipo en lo que respecta a la atenci\u00f3n de otros veh\u00edculos.<\/p>\n\n\n\n<p><strong>Hnos Alvarez:<\/strong> Norberto Fontana corre con ventaja para seguir despu\u00e9s de estrenar el Camaro a fines de 2024. Elio Craparo (Challenger) se despidi\u00f3 del equipo.Arriba Nicolas Bonelli (Mustang)<\/p>\n\n\n\n<p><strong>Pradecon Racing:<\/strong>&nbsp;De movida cuenta con el Camaro para el campe\u00f3n 2007 Christian Ledesma y otro para el arribo de Marcos Landa. Mantiene a Otto Fritzler&nbsp;(Pasar\u00e1 manejar un Camry en lugar del Dodge Challenger).El ingeniero encargado de la parte t\u00e9cnica ser\u00e1 Ezequiel Burani en reemplazo de Federico Raffo.<\/p>\n\n\n\n<p>En su retorno al TC, Mat\u00edas Rossi correr\u00e1 all\u00ed con un Camry 0km.<\/p>\n\n\n\n<p><strong>RV Racing:&nbsp;<\/strong>el team de Roberto Valle busca retuvo a Facundo Ardusso (Camaro) con Maximiliano Juarez como responsable t\u00e9cnico <\/p>\n\n\n\n<p><strong>Coiro Dole Racing:&nbsp;<\/strong>en la estructura de los hermanos Jakos siguen Gast\u00f3n Mazzacane (Camaro) y Andr\u00e9s Jakos aunque ya no de manera oficial con el Toyota Camry NG. Sebasti\u00e1n Abella, quien termin\u00f3 el 2024 all\u00ed deber\u00e1 resolver su futuro. Martin Serrano de 2024 intermitente en el TC, no seguir\u00e1 all\u00ed en 2025.Al Camry ex Serrano se subir\u00e1 el campe\u00f3n de TC Pista Hernan Palazzo. Federico Iribarne recibir\u00e1 la asistencia tecnica de su Camaro.<\/p>\n\n\n\n<p><strong>Gur\u00ed Mart\u00ednez Competici\u00f3n:&nbsp;<\/strong>sigue Agust\u00edn Mart\u00ednez, habitiliado a correr el Mustang que estrenara su padre Omar y no hay certeza sobre el 2025 de Ayrton Londero. Refuerza el area tecnica con el regreso del Ing. Federico Raffo. El Camry que deja vacante lo manejar\u00e1 Augusto Carinelli.<\/p>\n\n\n\n<p><strong>RUS Med Team:<\/strong>&nbsp;Tobias Mart\u00ednez fue la primera incorporaci\u00f3n confirmada para subirse al flamante Toyota NG. Regresa a la categor\u00eda Josito Di Palma y emigra Nico Bonelli, que volver\u00e1 a manejar un Ford.<\/p>\n\n\n\n<p>La CAF de la ACTC habilit\u00f3 el pase del ex TCP Mat\u00edas Canapino, quien ya integraba el equipo con la marca Chevrolet<\/p>\n\n\n\n<p>Otro de los autorizados por reglamento <a href=\"http:\/\/autosdelpodio.com\/autos\/tenia-que-ganar-lo-hizo-y-se-llevo-el-titulo\/\" target=\"_blank\" rel=\"noreferrer noopener\">Alfonso Domenech, campeon argentino 2024 de Turismo Nacional<\/a> en la Clase 3 formar\u00e1 parte de la estructura con sede en Arrecifes.<\/p>\n\n\n\n<p><strong>Tomas Abdala Racing:<\/strong>&nbsp;continuar\u00e1 con Jonatan Castellano y el Dodge Challenger.La parte t\u00e9cnica seguir\u00e1 a cargo de Sebasti\u00e1n Pr\u00f3speri.<\/p>\n\n\n\n<p><strong>Alifraco Sport:<\/strong>&nbsp; termin\u00f3 el 2024 con Juan Cruz Benvenuti (Camaro) y Juan Garbelino (Torino NG). El Tubo Gini fue habilitado para corren en el equipo de Walter Alifraco con Camaro con impulsores de Rody Agut.<\/p>\n\n\n\n<p><strong>Trotta Racing:<\/strong>&nbsp;Apoyado por la comisi\u00f3n de concesionarios Renault, Esteban Trotta, encargado del&nbsp; equipo, abroch\u00f3 el ingreso de Facundo Chapur ante las salidas de Marcos Landa y el campe\u00f3n 2023 de TC Pista Tob\u00edas Mart\u00ednez. El campe\u00f3n de las TC Pista Pick Up Ignacio Fain manejar\u00e1 el otro Torino NG.<\/p>\n\n\n\n<p><strong>Toyota Gazoo Racing:&nbsp;<\/strong>en su cuarta temporada, el desembarco de la marca nipona como quinta en cuesti\u00f3n con el modelo Camry volver\u00e1 a contar con Mat\u00edas Rossi en reemplazo de Andr\u00e9s Jakos.<\/p>\n\n\n\n<p><strong>Moriatis Competici\u00f3n:<\/strong> consumada salida Jos\u00e9 Manuel Urcera con Ford, hubo conversaciones informales con Julian Santero. Juli\u00e1n Adamo estar\u00e1 como encargado de los motores y el Ingeniero Federico Raffo en lo t\u00e9cnico. Se mantiene en el equipo Jerem\u00edas Olmedo, ascendente del TC Pista.<\/p>\n\n\n\n<p>Llega Elio Craparo para manejar un Mustang NG.<\/p>\n\n\n\n<p><strong>DTA Racing:&nbsp;<\/strong>ante la partida del necochense Juan Bautista De Benedictis buscar\u00e1 reemplazo. Pondr\u00e1n en pista un segundo Mustang NG o atender\u00e1n un auto de forma exclusiva. Apuesta al ascendente Jeremias Scialchi, campe\u00f3n 2023 de TC Mouras.<\/p>\n\n\n\n<p><strong>A&amp;P Competici\u00f3n:<\/strong>&nbsp;Facundo Chapur emigr\u00f3 al Trotta Racing.<\/p>\n\n\n\n<p><strong>Giavedoni Sport:<\/strong>&nbsp;sigue Sergio Alaux y pondr\u00e1n en pista otro Camaro a partir de la tercera ronda para Mart\u00edn Serrano.<\/p>\n\n\n\n<p><strong>Maquins Parts:<\/strong>&nbsp; El Tubo Gini se fue del equipo y German Todino no continuar\u00e1. Alistar\u00e1 2 Ford ya que retorna un viejo conocido de la casa como Juan Bautista De Benedictis y sigue Mauricio Lambiris (Mustang).Se incorpora Gaston Ferrante ( de los pionero en utilizar en modelo Camry) y contin\u00faa Marcelo Agrelo.<\/p>\n\n\n\n<p><strong>LCA Racing:<\/strong>&nbsp;<a href=\"http:\/\/autosdelpodio.com\/autos\/julian-santero-nuevo-campeon-en-tc\/\" target=\"_blank\" rel=\"noreferrer noopener\"> Juli\u00e1n Santero<\/a> tuvo ofertas para emigrar tras el anuncio del titular de la estructura Luciano Campanera que su equipo discontinuar\u00e1 la participaci\u00f3n del TC.<\/p>\n\n\n\n<p><strong>Fipsa Corse:<\/strong> en las que fuesen las instalaciones del LCA Racing, nace esta estructura para atender a Santero con el mismo plantel t\u00e9cnico y motorizaci\u00f3n.<\/p>\n\n\n\n<p><strong>Christian Dose:<\/strong>&nbsp;seguir\u00e1 un a\u00f1o mas en la categor\u00eda con un Mustang. Tuvo poca participaci\u00f3n en 2024 con el modelo de vieja generaci\u00f3n.<\/p>\n\n\n\n<p><strong>Di Meglio Motor sport:<\/strong>\u00a0Juan Mart\u00edn Trucco y Lautaro De la Iglesia, con Dodge Challenger y Ford Mustang respectivamente siguen en el equipo de Rodolfo Di Meglio.<\/p>\n\n\n\n<p><strong>Catalan Magni Motorsport:&nbsp;<\/strong>Es un hecho la continuidad de Juan Tomas Catalan Magni (Ford Mustang) .<\/p>\n\n\n\n<p><strong>Azar Motorsport:<\/strong>\u00a0retorna a la categor\u00eda Juan Tomas Catalan Magni (Camry)<\/p>\n\n\n\n<p><strong>Gabriel Ponce de Le\u00f3n<\/strong>&nbsp;aun no defini\u00f3 los pasos a seguir el juninense de Ford.La idea es armar un Mustang.<\/p>\n\n\n\n<p><strong>UR Racing:<\/strong> Marcos Quijada (Camaro) tiene asegurada su continuidad. A Federico Iribarne (Camaro) le comunicaron que no tiene lugar en el equipo. <\/p>\n\n\n\n<p><strong>Ugalde Competici\u00f3n:<\/strong>&nbsp;buscar\u00e1 mas continuidad en principio con un solo Torino, el del propio Lionel Ugalde.<\/p>\n\n\n\n<p><strong>JPG Racing:<\/strong>&nbsp; Juan Pablo Gianini seguir\u00e1 en la categor\u00eda con estructura propia con un Mustang OKm. Se movi\u00f3 y apuesta fuerte con la llegada del <a href=\"http:\/\/autosdelpodio.com\/autos\/manu-urcera-campeon-de-tc\/\" target=\"_blank\" rel=\"noreferrer noopener\">campe\u00f3n 2022 Manu Urcera<\/a>.<\/p>\n\n\n\n<p><strong>Emiliano Spataro<\/strong>: En alianza con con el MG129 de la familia Giallombardo, estren\u00f3 el Mustang NG para el GP Coronaci\u00f3n en La Plata<\/p>\n\n\n\n<p><strong>Candela Competici\u00f3n:&nbsp;<\/strong>el taller propiedad el ex piloto Quique Candela con sede en Bragado por el momento solo arrancar\u00eda con su hijo Kevin.<\/p>\n\n\n\n<p><strong>MV Racing:<\/strong> Contin\u00faan Nicolas Trosset (Mustang) y Martin Vazquez (Challenger). Trabajar\u00e1 all\u00ed Federico Raffo como encargado del \u00e1rea t\u00e9cnica.<\/p>\n\n\n\n<p><strong>Leandro Mulet:<\/strong>&nbsp;no defini\u00f3 su futuro (Dodge) en el SSB Competici\u00f3n.No consigui\u00f3 un auto de nueva generaci\u00f3n y de movida solo har\u00e1 TC Pick Up.<\/p>\n\n\n\n<p><strong>Sprint Racing:<\/strong>&nbsp;Nicolas Cotignola buscar\u00e1 mayor continuidad para su Torino NG.<\/p>\n\n\n\n<p><strong>SAP Team:<\/strong>&nbsp;se incorporar\u00eda Ricardo Risatti cambio de marca mediante.<\/p>\n\n\n\n<p><strong>LRD Racing:&nbsp;<\/strong>Diego De Carlo atender\u00e1 otro Chevrolet pese ante la partida Caito Risatti con un Camaro.&nbsp;Juan Jos\u00e9 Ebarlin (Chevrolet) es otro de los que continuar\u00e1 con impulsores de Luis \u00abPatita\u00bb Minervino. El \u00e1rea t\u00e9cnica la atender\u00e1 de manera exclusiva el experimentado Fabian Fuentes y la direcci\u00f3n deportiva estar\u00e1 a cargo del ex piloto Claudio Kohler.<\/p>\n\n\n\n<p><strong>Fancio Competici\u00f3n:<\/strong>&nbsp;no contin\u00faa Augusto Carinelli con el cual trabaj\u00f3 en TCPM e hizo el 2024 con Dodge.<\/p>\n\n\n\n<p><strong>Impiombato Motorsport<\/strong>: el equipo que viene trabajando en las divisionales infeririores afrontar\u00e1 el desaf\u00edo de alistar un Camaro para el debutante Nicol\u00e1s Impiombato con motores de Daniel Berra.<\/p>\n\n\n\n<p>Jeronimo Teti: el de Loberia podr\u00e1 debutar a sus 46 a\u00f1os en el TC con German Todino como compa\u00f1ero de equipo en su propia estructura.<\/p>\n\n\n\n<p>Recordemos que finalizado el calendario si la ACTC lo autorizan podr\u00edan sumarse<a href=\"http:\/\/autosdelpodio.com\/autos\/seis-ascensos-al-tc\/\" target=\"_blank\" rel=\"noreferrer noopener\"> pilotos que podr\u00e1n debutar en el TC<\/a>.<\/p>\n\n\n\n<p>Esta nota se ir\u00e1 actualizando peri\u00f3dicamente<\/p>\n\n\n\n<p><\/p>\n","protected":false},"excerpt":{"rendered":"<p>Como lo hacemos habitualmente te ponemos al d\u00eda con los movimientos generados hasta aqu\u00ed de cara a la temporada 2025<\/p>\n","protected":false},"author":3,"featured_media":7310,"comment_status":"open","ping_status":"open","sticky":false,"template":"","format":"standard","meta":{"colormag_page_container_layout":"default_layout","colormag_page_sidebar_layout":"default_layout","footnotes":""},"categories":[6,5],"tags":[143,85,86,39],"class_list":["post-8023","post","type-post","status-publish","format-standard","has-post-thumbnail","hentry","category-newsflash","category-latest-news","tag-actc","tag-mercado-de-pases","tag-pilotos-y-categorias","tag-turismo-carretera"],"yoast_head":"<!-- This site is optimized with the Yoast SEO plugin v27.4 - https:\/\/yoast.com\/product\/yoast-seo-wordpress\/ -->\n<title>Autos del Podio | El mercado de pases TC \u2013 2025<\/title>\n<meta name=\"description\" content=\"Autos del Podio Todas novevades del Turismo Carretera\" \/>\n<meta name=\"robots\" content=\"index, follow, max-snippet:-1, max-image-preview:large, max-video-preview:-1\" \/>\n<link rel=\"canonical\" href=\"https:\/\/autosdelpodio.com\/autos\/el-mercado-de-pases-tc-2025\/\" \/>\n<meta property=\"og:locale\" content=\"es_ES\" \/>\n<meta property=\"og:type\" content=\"article\" \/>\n<meta property=\"og:title\" content=\"Autos del Podio | El mercado de pases TC \u2013 2025\" \/>\n<meta property=\"og:description\" content=\"Autos del Podio Todas novevades del Turismo Carretera\" \/>\n<meta property=\"og:url\" content=\"https:\/\/autosdelpodio.com\/autos\/el-mercado-de-pases-tc-2025\/\" \/>\n<meta property=\"og:site_name\" content=\"Autos del Podio\" \/>\n<meta property=\"article:publisher\" content=\"https:\/\/www.facebook.com\/profile.php?id=100057192590976&amp;amp%3bamp%3bamp%3bamp%3bamp%3bamp%3bamp%3bamp%3bamp%3bamp%3bamp%3bamp%3bamp%3bamp%3bamp%3bamp%3bamp%3bamp%3bref=ts\" \/>\n<meta property=\"article:published_time\" content=\"2024-12-19T18:17:34+00:00\" \/>\n<meta property=\"article:modified_time\" content=\"2025-12-26T15:07:29+00:00\" \/>\n<meta property=\"og:image\" content=\"https:\/\/autosdelpodio.com\/autos\/wp-content\/uploads\/2023\/12\/Parque_TC_Boxes.jpg\" \/>\n\t<meta property=\"og:image:width\" content=\"500\" \/>\n\t<meta property=\"og:image:height\" content=\"325\" \/>\n\t<meta property=\"og:image:type\" content=\"image\/jpeg\" \/>\n<meta name=\"author\" content=\"autosdelpodio\" \/>\n<meta name=\"twitter:card\" content=\"summary_large_image\" \/>\n<meta name=\"twitter:creator\" content=\"@autosdelpodio\" \/>\n<meta name=\"twitter:site\" content=\"@autosdelpodio\" \/>\n<meta name=\"twitter:label1\" content=\"Escrito por\" \/>\n\t<meta name=\"twitter:data1\" content=\"autosdelpodio\" \/>\n\t<meta name=\"twitter:label2\" content=\"Tiempo de lectura\" \/>\n\t<meta name=\"twitter:data2\" content=\"6 minutos\" \/>\n<script type=\"application\/ld+json\" class=\"yoast-schema-graph\">{\"@context\":\"https:\\\/\\\/schema.org\",\"@graph\":[{\"@type\":\"Article\",\"@id\":\"https:\\\/\\\/autosdelpodio.com\\\/autos\\\/el-mercado-de-pases-tc-2025\\\/#article\",\"isPartOf\":{\"@id\":\"https:\\\/\\\/autosdelpodio.com\\\/autos\\\/el-mercado-de-pases-tc-2025\\\/\"},\"author\":{\"name\":\"autosdelpodio\",\"@id\":\"http:\\\/\\\/autosdelpodio.com\\\/autos\\\/#\\\/schema\\\/person\\\/993527a4d01c3acdd3d6bce3770bc942\"},\"headline\":\"El mercado de pases TC \u2013 2025\",\"datePublished\":\"2024-12-19T18:17:34+00:00\",\"dateModified\":\"2025-12-26T15:07:29+00:00\",\"mainEntityOfPage\":{\"@id\":\"https:\\\/\\\/autosdelpodio.com\\\/autos\\\/el-mercado-de-pases-tc-2025\\\/\"},\"wordCount\":1325,\"commentCount\":0,\"publisher\":{\"@id\":\"http:\\\/\\\/autosdelpodio.com\\\/autos\\\/#organization\"},\"image\":{\"@id\":\"https:\\\/\\\/autosdelpodio.com\\\/autos\\\/el-mercado-de-pases-tc-2025\\\/#primaryimage\"},\"thumbnailUrl\":\"http:\\\/\\\/autosdelpodio.com\\\/autos\\\/wp-content\\\/uploads\\\/2023\\\/12\\\/Parque_TC_Boxes.jpg\",\"keywords\":[\"ACTC\",\"Mercado de Pases\",\"Pilotos y Categorias\",\"Turismo Carretera\"],\"articleSection\":[\"Destacado\",\"\u00daltimas noticias\"],\"inLanguage\":\"es\",\"potentialAction\":[{\"@type\":\"CommentAction\",\"name\":\"Comment\",\"target\":[\"https:\\\/\\\/autosdelpodio.com\\\/autos\\\/el-mercado-de-pases-tc-2025\\\/#respond\"]}]},{\"@type\":\"WebPage\",\"@id\":\"https:\\\/\\\/autosdelpodio.com\\\/autos\\\/el-mercado-de-pases-tc-2025\\\/\",\"url\":\"https:\\\/\\\/autosdelpodio.com\\\/autos\\\/el-mercado-de-pases-tc-2025\\\/\",\"name\":\"Autos del Podio | El mercado de pases TC \u2013 2025\",\"isPartOf\":{\"@id\":\"http:\\\/\\\/autosdelpodio.com\\\/autos\\\/#website\"},\"primaryImageOfPage\":{\"@id\":\"https:\\\/\\\/autosdelpodio.com\\\/autos\\\/el-mercado-de-pases-tc-2025\\\/#primaryimage\"},\"image\":{\"@id\":\"https:\\\/\\\/autosdelpodio.com\\\/autos\\\/el-mercado-de-pases-tc-2025\\\/#primaryimage\"},\"thumbnailUrl\":\"http:\\\/\\\/autosdelpodio.com\\\/autos\\\/wp-content\\\/uploads\\\/2023\\\/12\\\/Parque_TC_Boxes.jpg\",\"datePublished\":\"2024-12-19T18:17:34+00:00\",\"dateModified\":\"2025-12-26T15:07:29+00:00\",\"description\":\"Autos del Podio Todas novevades del Turismo Carretera\",\"breadcrumb\":{\"@id\":\"https:\\\/\\\/autosdelpodio.com\\\/autos\\\/el-mercado-de-pases-tc-2025\\\/#breadcrumb\"},\"inLanguage\":\"es\",\"potentialAction\":[{\"@type\":\"ReadAction\",\"target\":[\"https:\\\/\\\/autosdelpodio.com\\\/autos\\\/el-mercado-de-pases-tc-2025\\\/\"]}]},{\"@type\":\"ImageObject\",\"inLanguage\":\"es\",\"@id\":\"https:\\\/\\\/autosdelpodio.com\\\/autos\\\/el-mercado-de-pases-tc-2025\\\/#primaryimage\",\"url\":\"http:\\\/\\\/autosdelpodio.com\\\/autos\\\/wp-content\\\/uploads\\\/2023\\\/12\\\/Parque_TC_Boxes.jpg\",\"contentUrl\":\"http:\\\/\\\/autosdelpodio.com\\\/autos\\\/wp-content\\\/uploads\\\/2023\\\/12\\\/Parque_TC_Boxes.jpg\",\"width\":500,\"height\":325},{\"@type\":\"BreadcrumbList\",\"@id\":\"https:\\\/\\\/autosdelpodio.com\\\/autos\\\/el-mercado-de-pases-tc-2025\\\/#breadcrumb\",\"itemListElement\":[{\"@type\":\"ListItem\",\"position\":1,\"name\":\"Portada\",\"item\":\"http:\\\/\\\/autosdelpodio.com\\\/autos\\\/\"},{\"@type\":\"ListItem\",\"position\":2,\"name\":\"El mercado de pases TC \u2013 2025\"}]},{\"@type\":\"WebSite\",\"@id\":\"http:\\\/\\\/autosdelpodio.com\\\/autos\\\/#website\",\"url\":\"http:\\\/\\\/autosdelpodio.com\\\/autos\\\/\",\"name\":\"Autos del Podio\",\"description\":\"La sexta del deporte motor\",\"publisher\":{\"@id\":\"http:\\\/\\\/autosdelpodio.com\\\/autos\\\/#organization\"},\"potentialAction\":[{\"@type\":\"SearchAction\",\"target\":{\"@type\":\"EntryPoint\",\"urlTemplate\":\"http:\\\/\\\/autosdelpodio.com\\\/autos\\\/?s={search_term_string}\"},\"query-input\":{\"@type\":\"PropertyValueSpecification\",\"valueRequired\":true,\"valueName\":\"search_term_string\"}}],\"inLanguage\":\"es\"},{\"@type\":\"Organization\",\"@id\":\"http:\\\/\\\/autosdelpodio.com\\\/autos\\\/#organization\",\"name\":\"Autos del Podio\",\"url\":\"http:\\\/\\\/autosdelpodio.com\\\/autos\\\/\",\"logo\":{\"@type\":\"ImageObject\",\"inLanguage\":\"es\",\"@id\":\"http:\\\/\\\/autosdelpodio.com\\\/autos\\\/#\\\/schema\\\/logo\\\/image\\\/\",\"url\":\"http:\\\/\\\/autosdelpodio.com\\\/autos\\\/wp-content\\\/uploads\\\/2020\\\/08\\\/Logo_AR.jpg\",\"contentUrl\":\"http:\\\/\\\/autosdelpodio.com\\\/autos\\\/wp-content\\\/uploads\\\/2020\\\/08\\\/Logo_AR.jpg\",\"width\":1038,\"height\":1044,\"caption\":\"Autos del Podio\"},\"image\":{\"@id\":\"http:\\\/\\\/autosdelpodio.com\\\/autos\\\/#\\\/schema\\\/logo\\\/image\\\/\"},\"sameAs\":[\"https:\\\/\\\/www.facebook.com\\\/profile.php?id=100057192590976&amp;amp;amp;amp;amp;amp;amp;amp;amp;amp;amp;amp;amp;amp;amp;amp;amp;amp;ref=ts\",\"https:\\\/\\\/x.com\\\/autosdelpodio\",\"https:\\\/\\\/www.youtube.com\\\/user\\\/AutosdelPodio\"]},{\"@type\":\"Person\",\"@id\":\"http:\\\/\\\/autosdelpodio.com\\\/autos\\\/#\\\/schema\\\/person\\\/993527a4d01c3acdd3d6bce3770bc942\",\"name\":\"autosdelpodio\",\"image\":{\"@type\":\"ImageObject\",\"inLanguage\":\"es\",\"@id\":\"http:\\\/\\\/autosdelpodio.com\\\/autos\\\/wp-content\\\/litespeed\\\/avatar\\\/aa8f65cd201a80f6b844f63278aa84af.jpg?ver=1776798175\",\"url\":\"http:\\\/\\\/autosdelpodio.com\\\/autos\\\/wp-content\\\/litespeed\\\/avatar\\\/aa8f65cd201a80f6b844f63278aa84af.jpg?ver=1776798175\",\"contentUrl\":\"http:\\\/\\\/autosdelpodio.com\\\/autos\\\/wp-content\\\/litespeed\\\/avatar\\\/aa8f65cd201a80f6b844f63278aa84af.jpg?ver=1776798175\",\"caption\":\"autosdelpodio\"}}]}<\/script>\n<!-- \/ Yoast SEO plugin. -->","yoast_head_json":{"title":"Autos del Podio | El mercado de pases TC \u2013 2025","description":"Autos del Podio Todas novevades del Turismo Carretera","robots":{"index":"index","follow":"follow","max-snippet":"max-snippet:-1","max-image-preview":"max-image-preview:large","max-video-preview":"max-video-preview:-1"},"canonical":"https:\/\/autosdelpodio.com\/autos\/el-mercado-de-pases-tc-2025\/","og_locale":"es_ES","og_type":"article","og_title":"Autos del Podio | El mercado de pases TC \u2013 2025","og_description":"Autos del Podio Todas novevades del Turismo Carretera","og_url":"https:\/\/autosdelpodio.com\/autos\/el-mercado-de-pases-tc-2025\/","og_site_name":"Autos del Podio","article_publisher":"https:\/\/www.facebook.com\/profile.php?id=100057192590976&amp%3bamp%3bamp%3bamp%3bamp%3bamp%3bamp%3bamp%3bamp%3bamp%3bamp%3bamp%3bamp%3bamp%3bamp%3bamp%3bamp%3bamp%3bref=ts","article_published_time":"2024-12-19T18:17:34+00:00","article_modified_time":"2025-12-26T15:07:29+00:00","og_image":[{"width":500,"height":325,"url":"https:\/\/autosdelpodio.com\/autos\/wp-content\/uploads\/2023\/12\/Parque_TC_Boxes.jpg","type":"image\/jpeg"}],"author":"autosdelpodio","twitter_card":"summary_large_image","twitter_creator":"@autosdelpodio","twitter_site":"@autosdelpodio","twitter_misc":{"Escrito por":"autosdelpodio","Tiempo de lectura":"6 minutos"},"schema":{"@context":"https:\/\/schema.org","@graph":[{"@type":"Article","@id":"https:\/\/autosdelpodio.com\/autos\/el-mercado-de-pases-tc-2025\/#article","isPartOf":{"@id":"https:\/\/autosdelpodio.com\/autos\/el-mercado-de-pases-tc-2025\/"},"author":{"name":"autosdelpodio","@id":"http:\/\/autosdelpodio.com\/autos\/#\/schema\/person\/993527a4d01c3acdd3d6bce3770bc942"},"headline":"El mercado de pases TC \u2013 2025","datePublished":"2024-12-19T18:17:34+00:00","dateModified":"2025-12-26T15:07:29+00:00","mainEntityOfPage":{"@id":"https:\/\/autosdelpodio.com\/autos\/el-mercado-de-pases-tc-2025\/"},"wordCount":1325,"commentCount":0,"publisher":{"@id":"http:\/\/autosdelpodio.com\/autos\/#organization"},"image":{"@id":"https:\/\/autosdelpodio.com\/autos\/el-mercado-de-pases-tc-2025\/#primaryimage"},"thumbnailUrl":"http:\/\/autosdelpodio.com\/autos\/wp-content\/uploads\/2023\/12\/Parque_TC_Boxes.jpg","keywords":["ACTC","Mercado de Pases","Pilotos y Categorias","Turismo Carretera"],"articleSection":["Destacado","\u00daltimas noticias"],"inLanguage":"es","potentialAction":[{"@type":"CommentAction","name":"Comment","target":["https:\/\/autosdelpodio.com\/autos\/el-mercado-de-pases-tc-2025\/#respond"]}]},{"@type":"WebPage","@id":"https:\/\/autosdelpodio.com\/autos\/el-mercado-de-pases-tc-2025\/","url":"https:\/\/autosdelpodio.com\/autos\/el-mercado-de-pases-tc-2025\/","name":"Autos del Podio | El mercado de pases TC \u2013 2025","isPartOf":{"@id":"http:\/\/autosdelpodio.com\/autos\/#website"},"primaryImageOfPage":{"@id":"https:\/\/autosdelpodio.com\/autos\/el-mercado-de-pases-tc-2025\/#primaryimage"},"image":{"@id":"https:\/\/autosdelpodio.com\/autos\/el-mercado-de-pases-tc-2025\/#primaryimage"},"thumbnailUrl":"http:\/\/autosdelpodio.com\/autos\/wp-content\/uploads\/2023\/12\/Parque_TC_Boxes.jpg","datePublished":"2024-12-19T18:17:34+00:00","dateModified":"2025-12-26T15:07:29+00:00","description":"Autos del Podio Todas novevades del Turismo Carretera","breadcrumb":{"@id":"https:\/\/autosdelpodio.com\/autos\/el-mercado-de-pases-tc-2025\/#breadcrumb"},"inLanguage":"es","potentialAction":[{"@type":"ReadAction","target":["https:\/\/autosdelpodio.com\/autos\/el-mercado-de-pases-tc-2025\/"]}]},{"@type":"ImageObject","inLanguage":"es","@id":"https:\/\/autosdelpodio.com\/autos\/el-mercado-de-pases-tc-2025\/#primaryimage","url":"http:\/\/autosdelpodio.com\/autos\/wp-content\/uploads\/2023\/12\/Parque_TC_Boxes.jpg","contentUrl":"http:\/\/autosdelpodio.com\/autos\/wp-content\/uploads\/2023\/12\/Parque_TC_Boxes.jpg","width":500,"height":325},{"@type":"BreadcrumbList","@id":"https:\/\/autosdelpodio.com\/autos\/el-mercado-de-pases-tc-2025\/#breadcrumb","itemListElement":[{"@type":"ListItem","position":1,"name":"Portada","item":"http:\/\/autosdelpodio.com\/autos\/"},{"@type":"ListItem","position":2,"name":"El mercado de pases TC \u2013 2025"}]},{"@type":"WebSite","@id":"http:\/\/autosdelpodio.com\/autos\/#website","url":"http:\/\/autosdelpodio.com\/autos\/","name":"Autos del Podio","description":"La sexta del deporte motor","publisher":{"@id":"http:\/\/autosdelpodio.com\/autos\/#organization"},"potentialAction":[{"@type":"SearchAction","target":{"@type":"EntryPoint","urlTemplate":"http:\/\/autosdelpodio.com\/autos\/?s={search_term_string}"},"query-input":{"@type":"PropertyValueSpecification","valueRequired":true,"valueName":"search_term_string"}}],"inLanguage":"es"},{"@type":"Organization","@id":"http:\/\/autosdelpodio.com\/autos\/#organization","name":"Autos del Podio","url":"http:\/\/autosdelpodio.com\/autos\/","logo":{"@type":"ImageObject","inLanguage":"es","@id":"http:\/\/autosdelpodio.com\/autos\/#\/schema\/logo\/image\/","url":"http:\/\/autosdelpodio.com\/autos\/wp-content\/uploads\/2020\/08\/Logo_AR.jpg","contentUrl":"http:\/\/autosdelpodio.com\/autos\/wp-content\/uploads\/2020\/08\/Logo_AR.jpg","width":1038,"height":1044,"caption":"Autos del Podio"},"image":{"@id":"http:\/\/autosdelpodio.com\/autos\/#\/schema\/logo\/image\/"},"sameAs":["https:\/\/www.facebook.com\/profile.php?id=100057192590976&amp;amp;amp;amp;amp;amp;amp;amp;amp;amp;amp;amp;amp;amp;amp;amp;amp;amp;ref=ts","https:\/\/x.com\/autosdelpodio","https:\/\/www.youtube.com\/user\/AutosdelPodio"]},{"@type":"Person","@id":"http:\/\/autosdelpodio.com\/autos\/#\/schema\/person\/993527a4d01c3acdd3d6bce3770bc942","name":"autosdelpodio","image":{"@type":"ImageObject","inLanguage":"es","@id":"http:\/\/autosdelpodio.com\/autos\/wp-content\/litespeed\/avatar\/aa8f65cd201a80f6b844f63278aa84af.jpg?ver=1776798175","url":"http:\/\/autosdelpodio.com\/autos\/wp-content\/litespeed\/avatar\/aa8f65cd201a80f6b844f63278aa84af.jpg?ver=1776798175","contentUrl":"http:\/\/autosdelpodio.com\/autos\/wp-content\/litespeed\/avatar\/aa8f65cd201a80f6b844f63278aa84af.jpg?ver=1776798175","caption":"autosdelpodio"}}]}},"views":1485,"_links":{"self":[{"href":"http:\/\/autosdelpodio.com\/autos\/wp-json\/wp\/v2\/posts\/8023","targetHints":{"allow":["GET"]}}],"collection":[{"href":"http:\/\/autosdelpodio.com\/autos\/wp-json\/wp\/v2\/posts"}],"about":[{"href":"http:\/\/autosdelpodio.com\/autos\/wp-json\/wp\/v2\/types\/post"}],"author":[{"embeddable":true,"href":"http:\/\/autosdelpodio.com\/autos\/wp-json\/wp\/v2\/users\/3"}],"replies":[{"embeddable":true,"href":"http:\/\/autosdelpodio.com\/autos\/wp-json\/wp\/v2\/comments?post=8023"}],"version-history":[{"count":43,"href":"http:\/\/autosdelpodio.com\/autos\/wp-json\/wp\/v2\/posts\/8023\/revisions"}],"predecessor-version":[{"id":8826,"href":"http:\/\/autosdelpodio.com\/autos\/wp-json\/wp\/v2\/posts\/8023\/revisions\/8826"}],"wp:featuredmedia":[{"embeddable":true,"href":"http:\/\/autosdelpodio.com\/autos\/wp-json\/wp\/v2\/media\/7310"}],"wp:attachment":[{"href":"http:\/\/autosdelpodio.com\/autos\/wp-json\/wp\/v2\/media?parent=8023"}],"wp:term":[{"taxonomy":"category","embeddable":true,"href":"http:\/\/autosdelpodio.com\/autos\/wp-json\/wp\/v2\/categories?post=8023"},{"taxonomy":"post_tag","embeddable":true,"href":"http:\/\/autosdelpodio.com\/autos\/wp-json\/wp\/v2\/tags?post=8023"}],"curies":[{"name":"wp","href":"https:\/\/api.w.org\/{rel}","templated":true}]}}