{"id":8037,"date":"2024-12-01T18:38:55","date_gmt":"2024-12-01T21:38:55","guid":{"rendered":"http:\/\/autosdelpodio.com\/autos\/?p=8037"},"modified":"2024-12-01T18:38:57","modified_gmt":"2024-12-01T21:38:57","slug":"triunfo-de-max-y-rapido-abandono-para-franco","status":"publish","type":"post","link":"http:\/\/autosdelpodio.com\/autos\/triunfo-de-max-y-rapido-abandono-para-franco\/","title":{"rendered":"Triunfo de Max y r\u00e1pido abandono para Franco"},"content":{"rendered":"\n<p>La penultima presentaci\u00f3n de la Formula 1 tuvo como ganador nuevamente a Max Verstappen, que acaba de revalidar el \u00ab1\u00bb.Colapinto abandon\u00f3 a instancias de la largada, afectado por una carambola de monopostos en el GP de Qatar.<\/p>\n\n\n\n<p>El argentino, que tuvo un fin de semana que ven\u00eda de menos a mas, qued\u00f3 inmerso involuntariamente en el toque entre el Haas del alem\u00e1n Nico H\u00fclkenberg y el Alpine de Esteban Ocon, este ultimo gener\u00f3 el abandono del piloto de Williams.<br>Con el mundial de pilotos ya definido en favor del neerland\u00e9s de Red Bull, queda definir quien ser\u00e1 el sub campe\u00f3n 2024 entre Lando Norris que suma 349 puntos y Charles Leclerc el pr\u00f3ximo fin de semana en el circuito de Yas Marina, sede del Gran Premio de Abu Dhabi.<\/p>\n\n\n\n<p><strong>Final F1 &#8211; Fecha 20 &#8211; GP de Qatar<\/strong><\/p>\n\n\n\n<figure class=\"wp-block-table\"><table class=\"has-fixed-layout\"><tbody><tr><td>1<\/td><td>1<\/td><td>Max&nbsp;Verstappen<\/td><td>Red Bull<\/td><td>57<\/td><td>1:31:05.323<\/td><\/tr><tr><td>2<\/td><td>16<\/td><td>Charles&nbsp;Leclerc<\/td><td>Ferrari<\/td><td>57<\/td><td>6.031<\/td><\/tr><tr><td>3<\/td><td>81<\/td><td>Oscar&nbsp;Piastri<\/td><td>McLaren<\/td><td>57<\/td><td>6.819<\/td><\/tr><tr><td>4<\/td><td>63<\/td><td>George&nbsp;Russell<\/td><td>Mercedes<\/td><td>57<\/td><td>14.104<\/td><\/tr><tr><td>5<\/td><td>10<\/td><td>Pierre&nbsp;Gasly<\/td><td>Alpine<\/td><td>57<\/td><td>16.782<\/td><\/tr><tr><td>6<\/td><td>55<\/td><td>Carlos&nbsp;Sainz<\/td><td>Ferrari<\/td><td>57<\/td><td>17.476<\/td><\/tr><tr><td>7<\/td><td>14<\/td><td>Fernando&nbsp;Alonso<\/td><td>Aston Martin<\/td><td>57<\/td><td>19.867<\/td><\/tr><tr><td>8<\/td><td>24<\/td><td>Zhou&nbsp;Guanyu<\/td><td>Sauber<\/td><td>57<\/td><td>25.360<\/td><\/tr><tr><td>9<\/td><td>20<\/td><td>Kevin&nbsp;Magnussen<\/td><td>Haas<\/td><td>57<\/td><td>32.177<\/td><\/tr><tr><td>10<\/td><td>4<\/td><td>Lando&nbsp;Norris<\/td><td>McLaren<\/td><td>57<\/td><td>35.762<\/td><\/tr><tr><td>11<\/td><td>77<\/td><td>Valtteri&nbsp;Bottas<\/td><td>Sauber<\/td><td>57<\/td><td>50.243<\/td><\/tr><tr><td>12<\/td><td>44<\/td><td>Lewis&nbsp;Hamilton<\/td><td>Mercedes<\/td><td>57<\/td><td>56.122<\/td><\/tr><tr><td>13<\/td><td>22<\/td><td>Yuki&nbsp;Tsunoda<\/td><td>RB<\/td><td>57<\/td><td>1:01.100<\/td><\/tr><tr><td>14<\/td><td>30<\/td><td>Liam&nbsp;Lawson<\/td><td>RB<\/td><td>57<\/td><td>1:02.656<\/td><\/tr><tr><td>15<\/td><td>23<\/td><td>Alexander&nbsp;Albon<\/td><td>Williams<\/td><td>56<\/td><td>a 1 vta<\/td><\/tr><tr><td>AB.<\/td><td>27<\/td><td>Nico&nbsp;Hulkenberg<\/td><td>Haas<\/td><td>39<\/td><td>\u2013<\/td><\/tr><tr><td>AB.<\/td><td>11<\/td><td>Sergio&nbsp;Perez<\/td><td>Red Bull<\/td><td>38<\/td><td>\u2013<\/td><\/tr><tr><td>AB.<\/td><td>18<\/td><td>Lance&nbsp;Stroll<\/td><td>Aston Martin<\/td><td>8<\/td><td>\u2013<\/td><\/tr><tr><td><em><strong>AB.<\/strong><\/em><\/td><td><em><strong>43<\/strong><\/em><\/td><td><em><strong>Franco&nbsp;Colapinto<\/strong><\/em><\/td><td><em><strong>Williams<\/strong><\/em><\/td><td><em><strong>NRP<\/strong><\/em><\/td><td><em><strong>\u2013<\/strong><\/em><\/td><\/tr><tr><td>AB.<\/td><td>31<\/td><td>Esteban&nbsp;Ocon<\/td><td>Alpine<\/td><td>NRP<\/td><td>\u2013<\/td><\/tr><\/tbody><\/table><\/figure>\n","protected":false},"excerpt":{"rendered":"<p>La penultima presentaci\u00f3n de la Formula 1 tuvo como ganador nuevamente a Max Verstappen, que acaba de revalidar el \u00ab1\u00bb.Colapinto<\/p>\n","protected":false},"author":3,"featured_media":1751,"comment_status":"open","ping_status":"open","sticky":false,"template":"","format":"standard","meta":{"colormag_page_container_layout":"default_layout","colormag_page_sidebar_layout":"default_layout","footnotes":""},"categories":[6,5],"tags":[75,553,639,310,311],"class_list":["post-8037","post","type-post","status-publish","format-standard","has-post-thumbnail","hentry","category-newsflash","category-latest-news","tag-formula-1","tag-franco-colapinto","tag-gp-qatar","tag-max-verstappen","tag-red-bull"],"yoast_head":"<!-- This site is optimized with the Yoast SEO plugin v27.5 - https:\/\/yoast.com\/product\/yoast-seo-wordpress\/ -->\n<title>Autos del Podio | Triunfo de Max y r\u00e1pido abandono para Franco<\/title>\n<meta name=\"description\" content=\"Autos del Podio La octava presentaci\u00f3n de Franco Colapinto en la Formula 1 lo dej\u00f3 a pie\" \/>\n<meta name=\"robots\" content=\"index, follow, max-snippet:-1, max-image-preview:large, max-video-preview:-1\" \/>\n<link rel=\"canonical\" href=\"https:\/\/autosdelpodio.com\/autos\/triunfo-de-max-y-rapido-abandono-para-franco\/\" \/>\n<meta property=\"og:locale\" content=\"es_ES\" \/>\n<meta property=\"og:type\" content=\"article\" \/>\n<meta property=\"og:title\" content=\"Autos del Podio | Triunfo de Max y r\u00e1pido abandono para Franco\" \/>\n<meta property=\"og:description\" content=\"Autos del Podio La octava presentaci\u00f3n de Franco Colapinto en la Formula 1 lo dej\u00f3 a pie\" \/>\n<meta property=\"og:url\" content=\"https:\/\/autosdelpodio.com\/autos\/triunfo-de-max-y-rapido-abandono-para-franco\/\" \/>\n<meta property=\"og:site_name\" content=\"Autos del Podio\" \/>\n<meta property=\"article:publisher\" content=\"https:\/\/www.facebook.com\/profile.php?id=100057192590976&amp;amp%3bamp%3bamp%3bamp%3bamp%3bamp%3bamp%3bamp%3bamp%3bamp%3bamp%3bamp%3bamp%3bamp%3bamp%3bamp%3bamp%3bamp%3bref=ts\" \/>\n<meta property=\"article:published_time\" content=\"2024-12-01T21:38:55+00:00\" \/>\n<meta property=\"article:modified_time\" content=\"2024-12-01T21:38:57+00:00\" \/>\n<meta property=\"og:image\" content=\"https:\/\/autosdelpodio.com\/autos\/wp-content\/uploads\/2020\/04\/Logo_F1_-e1621029352226.jpg\" \/>\n\t<meta property=\"og:image:width\" content=\"500\" \/>\n\t<meta property=\"og:image:height\" content=\"278\" \/>\n\t<meta property=\"og:image:type\" content=\"image\/jpeg\" \/>\n<meta name=\"author\" content=\"autosdelpodio\" \/>\n<meta name=\"twitter:card\" content=\"summary_large_image\" \/>\n<meta name=\"twitter:creator\" content=\"@autosdelpodio\" \/>\n<meta name=\"twitter:site\" content=\"@autosdelpodio\" \/>\n<meta name=\"twitter:label1\" content=\"Escrito por\" \/>\n\t<meta name=\"twitter:data1\" content=\"autosdelpodio\" \/>\n\t<meta name=\"twitter:label2\" content=\"Tiempo de lectura\" \/>\n\t<meta name=\"twitter:data2\" content=\"2 minutos\" \/>\n<script type=\"application\/ld+json\" class=\"yoast-schema-graph\">{\"@context\":\"https:\\\/\\\/schema.org\",\"@graph\":[{\"@type\":\"Article\",\"@id\":\"https:\\\/\\\/autosdelpodio.com\\\/autos\\\/triunfo-de-max-y-rapido-abandono-para-franco\\\/#article\",\"isPartOf\":{\"@id\":\"https:\\\/\\\/autosdelpodio.com\\\/autos\\\/triunfo-de-max-y-rapido-abandono-para-franco\\\/\"},\"author\":{\"name\":\"autosdelpodio\",\"@id\":\"http:\\\/\\\/autosdelpodio.com\\\/autos\\\/#\\\/schema\\\/person\\\/993527a4d01c3acdd3d6bce3770bc942\"},\"headline\":\"Triunfo de Max y r\u00e1pido abandono para Franco\",\"datePublished\":\"2024-12-01T21:38:55+00:00\",\"dateModified\":\"2024-12-01T21:38:57+00:00\",\"mainEntityOfPage\":{\"@id\":\"https:\\\/\\\/autosdelpodio.com\\\/autos\\\/triunfo-de-max-y-rapido-abandono-para-franco\\\/\"},\"wordCount\":243,\"commentCount\":1,\"publisher\":{\"@id\":\"http:\\\/\\\/autosdelpodio.com\\\/autos\\\/#organization\"},\"image\":{\"@id\":\"https:\\\/\\\/autosdelpodio.com\\\/autos\\\/triunfo-de-max-y-rapido-abandono-para-franco\\\/#primaryimage\"},\"thumbnailUrl\":\"http:\\\/\\\/autosdelpodio.com\\\/autos\\\/wp-content\\\/uploads\\\/2020\\\/04\\\/Logo_F1_-e1621029352226.jpg\",\"keywords\":[\"Formula 1\",\"Franco Colapinto\",\"GP Qatar\",\"Max Verstappen\",\"Red Bull\"],\"articleSection\":[\"Destacado\",\"\u00daltimas noticias\"],\"inLanguage\":\"es\",\"potentialAction\":[{\"@type\":\"CommentAction\",\"name\":\"Comment\",\"target\":[\"https:\\\/\\\/autosdelpodio.com\\\/autos\\\/triunfo-de-max-y-rapido-abandono-para-franco\\\/#respond\"]}]},{\"@type\":\"WebPage\",\"@id\":\"https:\\\/\\\/autosdelpodio.com\\\/autos\\\/triunfo-de-max-y-rapido-abandono-para-franco\\\/\",\"url\":\"https:\\\/\\\/autosdelpodio.com\\\/autos\\\/triunfo-de-max-y-rapido-abandono-para-franco\\\/\",\"name\":\"Autos del Podio | Triunfo de Max y r\u00e1pido abandono para Franco\",\"isPartOf\":{\"@id\":\"http:\\\/\\\/autosdelpodio.com\\\/autos\\\/#website\"},\"primaryImageOfPage\":{\"@id\":\"https:\\\/\\\/autosdelpodio.com\\\/autos\\\/triunfo-de-max-y-rapido-abandono-para-franco\\\/#primaryimage\"},\"image\":{\"@id\":\"https:\\\/\\\/autosdelpodio.com\\\/autos\\\/triunfo-de-max-y-rapido-abandono-para-franco\\\/#primaryimage\"},\"thumbnailUrl\":\"http:\\\/\\\/autosdelpodio.com\\\/autos\\\/wp-content\\\/uploads\\\/2020\\\/04\\\/Logo_F1_-e1621029352226.jpg\",\"datePublished\":\"2024-12-01T21:38:55+00:00\",\"dateModified\":\"2024-12-01T21:38:57+00:00\",\"description\":\"Autos del Podio La octava presentaci\u00f3n de Franco Colapinto en la Formula 1 lo dej\u00f3 a pie\",\"breadcrumb\":{\"@id\":\"https:\\\/\\\/autosdelpodio.com\\\/autos\\\/triunfo-de-max-y-rapido-abandono-para-franco\\\/#breadcrumb\"},\"inLanguage\":\"es\",\"potentialAction\":[{\"@type\":\"ReadAction\",\"target\":[\"https:\\\/\\\/autosdelpodio.com\\\/autos\\\/triunfo-de-max-y-rapido-abandono-para-franco\\\/\"]}]},{\"@type\":\"ImageObject\",\"inLanguage\":\"es\",\"@id\":\"https:\\\/\\\/autosdelpodio.com\\\/autos\\\/triunfo-de-max-y-rapido-abandono-para-franco\\\/#primaryimage\",\"url\":\"http:\\\/\\\/autosdelpodio.com\\\/autos\\\/wp-content\\\/uploads\\\/2020\\\/04\\\/Logo_F1_-e1621029352226.jpg\",\"contentUrl\":\"http:\\\/\\\/autosdelpodio.com\\\/autos\\\/wp-content\\\/uploads\\\/2020\\\/04\\\/Logo_F1_-e1621029352226.jpg\",\"width\":500,\"height\":278},{\"@type\":\"BreadcrumbList\",\"@id\":\"https:\\\/\\\/autosdelpodio.com\\\/autos\\\/triunfo-de-max-y-rapido-abandono-para-franco\\\/#breadcrumb\",\"itemListElement\":[{\"@type\":\"ListItem\",\"position\":1,\"name\":\"Portada\",\"item\":\"http:\\\/\\\/autosdelpodio.com\\\/autos\\\/\"},{\"@type\":\"ListItem\",\"position\":2,\"name\":\"Triunfo de Max y r\u00e1pido abandono para Franco\"}]},{\"@type\":\"WebSite\",\"@id\":\"http:\\\/\\\/autosdelpodio.com\\\/autos\\\/#website\",\"url\":\"http:\\\/\\\/autosdelpodio.com\\\/autos\\\/\",\"name\":\"Autos del Podio\",\"description\":\"La sexta del deporte motor\",\"publisher\":{\"@id\":\"http:\\\/\\\/autosdelpodio.com\\\/autos\\\/#organization\"},\"potentialAction\":[{\"@type\":\"SearchAction\",\"target\":{\"@type\":\"EntryPoint\",\"urlTemplate\":\"http:\\\/\\\/autosdelpodio.com\\\/autos\\\/?s={search_term_string}\"},\"query-input\":{\"@type\":\"PropertyValueSpecification\",\"valueRequired\":true,\"valueName\":\"search_term_string\"}}],\"inLanguage\":\"es\"},{\"@type\":\"Organization\",\"@id\":\"http:\\\/\\\/autosdelpodio.com\\\/autos\\\/#organization\",\"name\":\"Autos del Podio\",\"url\":\"http:\\\/\\\/autosdelpodio.com\\\/autos\\\/\",\"logo\":{\"@type\":\"ImageObject\",\"inLanguage\":\"es\",\"@id\":\"http:\\\/\\\/autosdelpodio.com\\\/autos\\\/#\\\/schema\\\/logo\\\/image\\\/\",\"url\":\"http:\\\/\\\/autosdelpodio.com\\\/autos\\\/wp-content\\\/uploads\\\/2020\\\/08\\\/Logo_AR.jpg\",\"contentUrl\":\"http:\\\/\\\/autosdelpodio.com\\\/autos\\\/wp-content\\\/uploads\\\/2020\\\/08\\\/Logo_AR.jpg\",\"width\":1038,\"height\":1044,\"caption\":\"Autos del Podio\"},\"image\":{\"@id\":\"http:\\\/\\\/autosdelpodio.com\\\/autos\\\/#\\\/schema\\\/logo\\\/image\\\/\"},\"sameAs\":[\"https:\\\/\\\/www.facebook.com\\\/profile.php?id=100057192590976&amp;amp;amp;amp;amp;amp;amp;amp;amp;amp;amp;amp;amp;amp;amp;amp;amp;amp;ref=ts\",\"https:\\\/\\\/x.com\\\/autosdelpodio\",\"https:\\\/\\\/www.youtube.com\\\/user\\\/AutosdelPodio\"]},{\"@type\":\"Person\",\"@id\":\"http:\\\/\\\/autosdelpodio.com\\\/autos\\\/#\\\/schema\\\/person\\\/993527a4d01c3acdd3d6bce3770bc942\",\"name\":\"autosdelpodio\",\"image\":{\"@type\":\"ImageObject\",\"inLanguage\":\"es\",\"@id\":\"http:\\\/\\\/autosdelpodio.com\\\/autos\\\/wp-content\\\/litespeed\\\/avatar\\\/aa8f65cd201a80f6b844f63278aa84af.jpg?ver=1777403005\",\"url\":\"http:\\\/\\\/autosdelpodio.com\\\/autos\\\/wp-content\\\/litespeed\\\/avatar\\\/aa8f65cd201a80f6b844f63278aa84af.jpg?ver=1777403005\",\"contentUrl\":\"http:\\\/\\\/autosdelpodio.com\\\/autos\\\/wp-content\\\/litespeed\\\/avatar\\\/aa8f65cd201a80f6b844f63278aa84af.jpg?ver=1777403005\",\"caption\":\"autosdelpodio\"}}]}<\/script>\n<!-- \/ Yoast SEO plugin. -->","yoast_head_json":{"title":"Autos del Podio | Triunfo de Max y r\u00e1pido abandono para Franco","description":"Autos del Podio La octava presentaci\u00f3n de Franco Colapinto en la Formula 1 lo dej\u00f3 a pie","robots":{"index":"index","follow":"follow","max-snippet":"max-snippet:-1","max-image-preview":"max-image-preview:large","max-video-preview":"max-video-preview:-1"},"canonical":"https:\/\/autosdelpodio.com\/autos\/triunfo-de-max-y-rapido-abandono-para-franco\/","og_locale":"es_ES","og_type":"article","og_title":"Autos del Podio | Triunfo de Max y r\u00e1pido abandono para Franco","og_description":"Autos del Podio La octava presentaci\u00f3n de Franco Colapinto en la Formula 1 lo dej\u00f3 a pie","og_url":"https:\/\/autosdelpodio.com\/autos\/triunfo-de-max-y-rapido-abandono-para-franco\/","og_site_name":"Autos del Podio","article_publisher":"https:\/\/www.facebook.com\/profile.php?id=100057192590976&amp%3bamp%3bamp%3bamp%3bamp%3bamp%3bamp%3bamp%3bamp%3bamp%3bamp%3bamp%3bamp%3bamp%3bamp%3bamp%3bamp%3bamp%3bref=ts","article_published_time":"2024-12-01T21:38:55+00:00","article_modified_time":"2024-12-01T21:38:57+00:00","og_image":[{"width":500,"height":278,"url":"https:\/\/autosdelpodio.com\/autos\/wp-content\/uploads\/2020\/04\/Logo_F1_-e1621029352226.jpg","type":"image\/jpeg"}],"author":"autosdelpodio","twitter_card":"summary_large_image","twitter_creator":"@autosdelpodio","twitter_site":"@autosdelpodio","twitter_misc":{"Escrito por":"autosdelpodio","Tiempo de lectura":"2 minutos"},"schema":{"@context":"https:\/\/schema.org","@graph":[{"@type":"Article","@id":"https:\/\/autosdelpodio.com\/autos\/triunfo-de-max-y-rapido-abandono-para-franco\/#article","isPartOf":{"@id":"https:\/\/autosdelpodio.com\/autos\/triunfo-de-max-y-rapido-abandono-para-franco\/"},"author":{"name":"autosdelpodio","@id":"http:\/\/autosdelpodio.com\/autos\/#\/schema\/person\/993527a4d01c3acdd3d6bce3770bc942"},"headline":"Triunfo de Max y r\u00e1pido abandono para Franco","datePublished":"2024-12-01T21:38:55+00:00","dateModified":"2024-12-01T21:38:57+00:00","mainEntityOfPage":{"@id":"https:\/\/autosdelpodio.com\/autos\/triunfo-de-max-y-rapido-abandono-para-franco\/"},"wordCount":243,"commentCount":1,"publisher":{"@id":"http:\/\/autosdelpodio.com\/autos\/#organization"},"image":{"@id":"https:\/\/autosdelpodio.com\/autos\/triunfo-de-max-y-rapido-abandono-para-franco\/#primaryimage"},"thumbnailUrl":"http:\/\/autosdelpodio.com\/autos\/wp-content\/uploads\/2020\/04\/Logo_F1_-e1621029352226.jpg","keywords":["Formula 1","Franco Colapinto","GP Qatar","Max Verstappen","Red Bull"],"articleSection":["Destacado","\u00daltimas noticias"],"inLanguage":"es","potentialAction":[{"@type":"CommentAction","name":"Comment","target":["https:\/\/autosdelpodio.com\/autos\/triunfo-de-max-y-rapido-abandono-para-franco\/#respond"]}]},{"@type":"WebPage","@id":"https:\/\/autosdelpodio.com\/autos\/triunfo-de-max-y-rapido-abandono-para-franco\/","url":"https:\/\/autosdelpodio.com\/autos\/triunfo-de-max-y-rapido-abandono-para-franco\/","name":"Autos del Podio | Triunfo de Max y r\u00e1pido abandono para Franco","isPartOf":{"@id":"http:\/\/autosdelpodio.com\/autos\/#website"},"primaryImageOfPage":{"@id":"https:\/\/autosdelpodio.com\/autos\/triunfo-de-max-y-rapido-abandono-para-franco\/#primaryimage"},"image":{"@id":"https:\/\/autosdelpodio.com\/autos\/triunfo-de-max-y-rapido-abandono-para-franco\/#primaryimage"},"thumbnailUrl":"http:\/\/autosdelpodio.com\/autos\/wp-content\/uploads\/2020\/04\/Logo_F1_-e1621029352226.jpg","datePublished":"2024-12-01T21:38:55+00:00","dateModified":"2024-12-01T21:38:57+00:00","description":"Autos del Podio La octava presentaci\u00f3n de Franco Colapinto en la Formula 1 lo dej\u00f3 a pie","breadcrumb":{"@id":"https:\/\/autosdelpodio.com\/autos\/triunfo-de-max-y-rapido-abandono-para-franco\/#breadcrumb"},"inLanguage":"es","potentialAction":[{"@type":"ReadAction","target":["https:\/\/autosdelpodio.com\/autos\/triunfo-de-max-y-rapido-abandono-para-franco\/"]}]},{"@type":"ImageObject","inLanguage":"es","@id":"https:\/\/autosdelpodio.com\/autos\/triunfo-de-max-y-rapido-abandono-para-franco\/#primaryimage","url":"http:\/\/autosdelpodio.com\/autos\/wp-content\/uploads\/2020\/04\/Logo_F1_-e1621029352226.jpg","contentUrl":"http:\/\/autosdelpodio.com\/autos\/wp-content\/uploads\/2020\/04\/Logo_F1_-e1621029352226.jpg","width":500,"height":278},{"@type":"BreadcrumbList","@id":"https:\/\/autosdelpodio.com\/autos\/triunfo-de-max-y-rapido-abandono-para-franco\/#breadcrumb","itemListElement":[{"@type":"ListItem","position":1,"name":"Portada","item":"http:\/\/autosdelpodio.com\/autos\/"},{"@type":"ListItem","position":2,"name":"Triunfo de Max y r\u00e1pido abandono para Franco"}]},{"@type":"WebSite","@id":"http:\/\/autosdelpodio.com\/autos\/#website","url":"http:\/\/autosdelpodio.com\/autos\/","name":"Autos del Podio","description":"La sexta del deporte motor","publisher":{"@id":"http:\/\/autosdelpodio.com\/autos\/#organization"},"potentialAction":[{"@type":"SearchAction","target":{"@type":"EntryPoint","urlTemplate":"http:\/\/autosdelpodio.com\/autos\/?s={search_term_string}"},"query-input":{"@type":"PropertyValueSpecification","valueRequired":true,"valueName":"search_term_string"}}],"inLanguage":"es"},{"@type":"Organization","@id":"http:\/\/autosdelpodio.com\/autos\/#organization","name":"Autos del Podio","url":"http:\/\/autosdelpodio.com\/autos\/","logo":{"@type":"ImageObject","inLanguage":"es","@id":"http:\/\/autosdelpodio.com\/autos\/#\/schema\/logo\/image\/","url":"http:\/\/autosdelpodio.com\/autos\/wp-content\/uploads\/2020\/08\/Logo_AR.jpg","contentUrl":"http:\/\/autosdelpodio.com\/autos\/wp-content\/uploads\/2020\/08\/Logo_AR.jpg","width":1038,"height":1044,"caption":"Autos del Podio"},"image":{"@id":"http:\/\/autosdelpodio.com\/autos\/#\/schema\/logo\/image\/"},"sameAs":["https:\/\/www.facebook.com\/profile.php?id=100057192590976&amp;amp;amp;amp;amp;amp;amp;amp;amp;amp;amp;amp;amp;amp;amp;amp;amp;amp;ref=ts","https:\/\/x.com\/autosdelpodio","https:\/\/www.youtube.com\/user\/AutosdelPodio"]},{"@type":"Person","@id":"http:\/\/autosdelpodio.com\/autos\/#\/schema\/person\/993527a4d01c3acdd3d6bce3770bc942","name":"autosdelpodio","image":{"@type":"ImageObject","inLanguage":"es","@id":"http:\/\/autosdelpodio.com\/autos\/wp-content\/litespeed\/avatar\/aa8f65cd201a80f6b844f63278aa84af.jpg?ver=1777403005","url":"http:\/\/autosdelpodio.com\/autos\/wp-content\/litespeed\/avatar\/aa8f65cd201a80f6b844f63278aa84af.jpg?ver=1777403005","contentUrl":"http:\/\/autosdelpodio.com\/autos\/wp-content\/litespeed\/avatar\/aa8f65cd201a80f6b844f63278aa84af.jpg?ver=1777403005","caption":"autosdelpodio"}}]}},"views":348,"_links":{"self":[{"href":"http:\/\/autosdelpodio.com\/autos\/wp-json\/wp\/v2\/posts\/8037","targetHints":{"allow":["GET"]}}],"collection":[{"href":"http:\/\/autosdelpodio.com\/autos\/wp-json\/wp\/v2\/posts"}],"about":[{"href":"http:\/\/autosdelpodio.com\/autos\/wp-json\/wp\/v2\/types\/post"}],"author":[{"embeddable":true,"href":"http:\/\/autosdelpodio.com\/autos\/wp-json\/wp\/v2\/users\/3"}],"replies":[{"embeddable":true,"href":"http:\/\/autosdelpodio.com\/autos\/wp-json\/wp\/v2\/comments?post=8037"}],"version-history":[{"count":1,"href":"http:\/\/autosdelpodio.com\/autos\/wp-json\/wp\/v2\/posts\/8037\/revisions"}],"predecessor-version":[{"id":8038,"href":"http:\/\/autosdelpodio.com\/autos\/wp-json\/wp\/v2\/posts\/8037\/revisions\/8038"}],"wp:featuredmedia":[{"embeddable":true,"href":"http:\/\/autosdelpodio.com\/autos\/wp-json\/wp\/v2\/media\/1751"}],"wp:attachment":[{"href":"http:\/\/autosdelpodio.com\/autos\/wp-json\/wp\/v2\/media?parent=8037"}],"wp:term":[{"taxonomy":"category","embeddable":true,"href":"http:\/\/autosdelpodio.com\/autos\/wp-json\/wp\/v2\/categories?post=8037"},{"taxonomy":"post_tag","embeddable":true,"href":"http:\/\/autosdelpodio.com\/autos\/wp-json\/wp\/v2\/tags?post=8037"}],"curies":[{"name":"wp","href":"https:\/\/api.w.org\/{rel}","templated":true}]}}