{"id":8039,"date":"2024-12-01T20:16:58","date_gmt":"2024-12-01T23:16:58","guid":{"rendered":"http:\/\/autosdelpodio.com\/autos\/?p=8039"},"modified":"2024-12-02T15:51:35","modified_gmt":"2024-12-02T18:51:35","slug":"julian-santero-nuevo-campeon-en-tc","status":"publish","type":"post","link":"http:\/\/autosdelpodio.com\/autos\/julian-santero-nuevo-campeon-en-tc\/","title":{"rendered":"Julian Santero nuevo campe\u00f3n en TC"},"content":{"rendered":"\n<p>El mendocino con el Mustang NG obtuvo su primer lauro en el Turismo Carretera que tuvo su GP Coronaci\u00f3n en el Mouras de La Plata tras arribar segundo.La carrera ganada por Diego Ciantini.<br>El desenlace del torneo no quedar\u00e1 en la historia por ser un carreron ni mucho menos.Lamentablemente la final a 25 vueltas no solo fue lineal sino que adem\u00e1s tuvo en Mariano Werner, rival directo y a priori puntero de la Copa de Oro, una contrafigura a la cual no le permitieron pelear de igual a igual.<br>En la previa, en lo que muchos llaman y celebran como folclore, invasi\u00f3n de pista mediante al Mustang del campe\u00f3n saliente Werner \u00able inundaron\u00bb de papelitos la toma de aire y refrigeraci\u00f3n lo que deriv\u00f3 inmediatamente en la entrada intempestiva a boxes antes de largar releg\u00e1ndolo de toda posibilidad de defender la corona.<br>Pagina negra y Domingo triste para el automovilismo que alguna vez supimos disfrutar y nos llev\u00f3 a a seguirlo primero como hinchas y ahora como medio.Y esto en lo absoluto va en desmedro de la loable temporada del LCA Racing y Julian Santero. Simplemente reiteramos que no queremos lo peor de la futbolizaci\u00f3n para la actividad<br>La apertura de <a href=\"http:\/\/autosdelpodio.com\/autos\/el-calendario-del-tc-2025\/\" target=\"_blank\" rel=\"noreferrer noopener\">la temporada 2025 del Turismo Carretera<\/a> se llevar\u00e1 a cabo el 15 y 16 de febrero en el Aut\u00f3dromo de Viedma (R\u00edo Negro).<\/p>\n\n\n\n<figure class=\"wp-block-embed is-type-video is-provider-youtube wp-block-embed-youtube wp-embed-aspect-16-9 wp-has-aspect-ratio\"><div class=\"wp-block-embed__wrapper\">\n<iframe title=\"Mariano Werner: &quot;Lo que pas\u00f3 fue algo programado&quot;\" width=\"800\" height=\"450\" src=\"https:\/\/www.youtube.com\/embed\/XDxfjZCx_K0?feature=oembed\" frameborder=\"0\" allow=\"accelerometer; autoplay; clipboard-write; encrypted-media; gyroscope; picture-in-picture; web-share\" referrerpolicy=\"strict-origin-when-cross-origin\" allowfullscreen><\/iframe>\n<\/div><\/figure>\n\n\n\n<p><strong>Final TC a 25 Vueltas &#8211; Fecha 15 &#8211; La Plata<\/strong><\/p>\n\n\n\n<figure class=\"wp-block-table\"><table class=\"has-fixed-layout\"><tbody><tr><td>1\u00ba<\/td><td>CIANTINI DIEGO<\/td><td>CHEVROLET (CAMARO)<\/td><td>40;17.441<\/td><\/tr><tr><td>2\u00ba<\/td><td>SANTERO JULI\u00c1N<\/td><td>FORD (MUSTANG)<\/td><td>2.381<\/td><\/tr><tr><td>3\u00ba<\/td><td>LAMBIRIS MAURICIO<\/td><td>FORD (MUSTANG)<\/td><td>2.792<\/td><\/tr><tr><td>4\u00ba<\/td><td>TODINO GERM\u00c1N<\/td><td>FORD (MUSTANG)<\/td><td>4.524<\/td><\/tr><tr><td>5\u00ba<\/td><td>RISATTI RICARDO<\/td><td>CHEVROLET (CAMARO)<\/td><td>14.485<\/td><\/tr><tr><td>6\u00ba<\/td><td>LANDA MARCOS<\/td><td>TORINO (TORINO NG)<\/td><td>14.493<\/td><\/tr><tr><td>7\u00ba<\/td><td>QUIJADA MARCOS<\/td><td>CHEVROLET (CAMARO)<\/td><td>23.833<\/td><\/tr><tr><td>8\u00ba<\/td><td>AGUIRRE VALENT\u00cdN<\/td><td>CHEVROLET (CAMARO)<\/td><td>23.999<\/td><\/tr><tr><td>9\u00ba<\/td><td>ARDUSSO FACUNDO<\/td><td>CHEVROLET (CAMARO)<\/td><td>25.402<\/td><\/tr><tr><td>10\u00ba<\/td><td>TROSSET NICOL\u00c1S<\/td><td>FORD (MUSTANG)<\/td><td>25.676<\/td><\/tr><tr><td>11\u00ba<\/td><td>CASTELLANO JONATAN<\/td><td>DODGE (CHALLENGER)<\/td><td>25.937<\/td><\/tr><tr><td>12\u00ba<\/td><td>URCERA JOS\u00c9 MANUEL<\/td><td>FORD (MUSTANG)<\/td><td>26.541<\/td><\/tr><tr><td>13\u00ba<\/td><td>BONELLI NICOL\u00c1S<\/td><td>CHEVROLET (CAMARO)<\/td><td>26.934<\/td><\/tr><tr><td>14\u00ba<\/td><td>MART\u00cdNEZ AGUST\u00cdN<\/td><td>TOYOTA<\/td><td>27.825<\/td><\/tr><tr><td>15\u00ba<\/td><td>DE BENEDICTIS JUAN B.<\/td><td>FORD (MUSTANG)<\/td><td>28.135<\/td><\/tr><tr><td>16\u00ba<\/td><td>TRUCCO JUAN MART\u00cdN<\/td><td>DODGE (CHALLENGER)<\/td><td>28.624<\/td><\/tr><tr><td>17\u00ba<\/td><td>MART\u00cdNEZ TOB\u00cdAS<\/td><td>TORINO (TORINO NG)<\/td><td>28.980<\/td><\/tr><tr><td>18\u00ba<\/td><td>MAZZACANE GAST\u00d3N<\/td><td>CHEVROLET (CAMARO)<\/td><td>31.972<\/td><\/tr><tr><td>19\u00ba<\/td><td>AGRELO MARCELO<\/td><td>TOYOTA<\/td><td>32.173<\/td><\/tr><tr><td>20\u00ba<\/td><td>\u00c1LVAREZ SANTIAGO<\/td><td>CHEVROLET (CAMARO)<\/td><td>33.651<\/td><\/tr><tr><td>21\u00ba<\/td><td>JALAF MAT\u00cdAS<\/td><td>FORD (MUSTANG)<\/td><td>34.103<\/td><\/tr><tr><td>22\u00ba<\/td><td>WERNER MARIANO<\/td><td>FORD (MUSTANG)<\/td><td>34.734<\/td><\/tr><tr><td>23\u00ba<\/td><td>FONTANA NORBERTO<\/td><td>CHEVROLET (CAMARO)<\/td><td>38.116<\/td><\/tr><tr><td>24\u00ba<\/td><td>DE CARLO DIEGO<\/td><td>CHEVROLET (CAMARO)<\/td><td>44.551<\/td><\/tr><tr><td>25\u00ba<\/td><td>DE LA IGLESIA LAUTARO<\/td><td>DODGE (CHALLENGER)<\/td><td>1 VTA<\/td><\/tr><tr><td>26\u00ba<\/td><td>CANDELA KEVIN<\/td><td>TORINO (TORINO NG)<\/td><td>2 VTAS<\/td><\/tr><tr><td>27\u00ba<\/td><td>ABELLA SEBASTI\u00c1N<\/td><td>TORINO<\/td><td>2 VTAS<\/td><\/tr><tr><td>28\u00ba<\/td><td>BENVENUTI JUAN CRUZ<\/td><td>CHEVROLET (CAMARO)<\/td><td>2 VTAS<\/td><\/tr><tr><td>29\u00ba<\/td><td>SPATARO EMILIANO<\/td><td>FORD (MUSTANG)<\/td><td>3 VTAS<\/td><\/tr><tr><td>30\u00ba<\/td><td>FERRANTE GAST\u00d3N<\/td><td>TOYOTA<\/td><td>4 VTAS<\/td><\/tr><tr><td>31\u00ba<\/td><td>MANGONI SANTIAGO<\/td><td>CHEVROLET (CAMARO)<\/td><td>4 VTAS<\/td><\/tr><tr><td>32\u00ba<\/td><td>CANAPINO AGUST\u00cdN<\/td><td>CHEVROLET (CAMARO)<\/td><td>10 VTAS<\/td><\/tr><tr><td>33\u00ba<\/td><td>CRAPARO ELIO<\/td><td>DODGE (CHALLENGER)<\/td><td>11 VTAS<\/td><\/tr><tr><td>34\u00ba<\/td><td>GARBELINO JUAN<\/td><td>TORINO (TORINO NG)<\/td><td>15 VTAS<\/td><\/tr><tr><td>35\u00ba<\/td><td>EBARL\u00cdN JUAN JOS\u00c9<\/td><td>CHEVROLET (CAMARO)<\/td><td>16 VTAS<\/td><\/tr><tr><td>36\u00ba<\/td><td>FRITZLER OTTO<\/td><td>DODGE (CHALLENGER)<\/td><td>18 VTAS<\/td><\/tr><tr><td>37\u00ba<\/td><td>GIANINI JUAN PABLO<\/td><td>FORD (MUSTANG)<\/td><td>18 VTAS<\/td><\/tr><tr><td>38\u00ba<\/td><td>V\u00c1ZQUEZ MART\u00cdN<\/td><td>DODGE (CHALLENGER)<\/td><td>20 VTAS<\/td><\/tr><tr><td>39\u00ba<\/td><td>CARINELLI AUGUSTO<\/td><td>DODGE (CHALLENGER)<\/td><td>20 VTAS<\/td><\/tr><tr><td>40\u00ba<\/td><td>JAKOS ANDR\u00c9S<\/td><td>TOYOTA<\/td><td>20 VTAS<\/td><\/tr><tr><td>41\u00ba<\/td><td>LEDESMA CHRISTIAN<\/td><td>CHEVROLET (CAMARO)<\/td><td>20 VTAS<\/td><\/tr><tr><td>42\u00ba<\/td><td>SERRANO MART\u00cdN<\/td><td>TOYOTA<\/td><td>21 VTAS<\/td><\/tr><tr><td>43\u00ba<\/td><td>CATAL\u00c1N MAGNI JUAN TOM\u00c1S<\/td><td>FORD (MUSTANG)<\/td><td>21 VTAS<\/td><\/tr><tr><td>44\u00ba<\/td><td>CHAPUR FACUNDO<\/td><td>TORINO (TORINO NG)<\/td><td>22 VTAS<\/td><\/tr><tr><td>45\u00ba<\/td><td>DOSE CHRISTIAN<\/td><td>CHEVROLET<\/td><td>24 VTAS<\/td><\/tr><\/tbody><\/table><\/figure>\n\n\n\n<p><strong>PROMEDIO:&nbsp;<\/strong>158,784 km\/h.&nbsp;<strong>RECORD DE VUELTA:&nbsp;<\/strong>Canapino en la vta. 11 en 1:26.249 a 178,019 km\/h.<\/p>\n\n\n\n<p><\/p>\n","protected":false},"excerpt":{"rendered":"<p>El mendocino con el Mustang NG obtuvo su primer lauro en el Turismo Carretera que tuvo su GP Coronaci\u00f3n en<\/p>\n","protected":false},"author":3,"featured_media":8040,"comment_status":"open","ping_status":"open","sticky":false,"template":"","format":"standard","meta":{"colormag_page_container_layout":"default_layout","colormag_page_sidebar_layout":"default_layout","footnotes":""},"categories":[6,5],"tags":[390,82,394,546,39],"class_list":["post-8039","post","type-post","status-publish","format-standard","has-post-thumbnail","hentry","category-newsflash","category-latest-news","tag-autodromo-mouras","tag-campeones","tag-julian-santero","tag-mustang","tag-turismo-carretera"],"yoast_head":"<!-- This site is optimized with the Yoast SEO plugin v27.4 - https:\/\/yoast.com\/product\/yoast-seo-wordpress\/ -->\n<title>Autos del Podio | Julian Santero nuevo campe\u00f3n en TC<\/title>\n<meta name=\"description\" content=\"Autos del Podio Santero logr\u00f3 su primer titulo de TC.Corri\u00f3 las primeras 7 fechas con el viejo modelo de Falcon y luego pas\u00f3 al Mustang NG\" \/>\n<meta name=\"robots\" content=\"index, follow, max-snippet:-1, max-image-preview:large, max-video-preview:-1\" \/>\n<link rel=\"canonical\" href=\"https:\/\/autosdelpodio.com\/autos\/julian-santero-nuevo-campeon-en-tc\/\" \/>\n<meta property=\"og:locale\" content=\"es_ES\" \/>\n<meta property=\"og:type\" content=\"article\" \/>\n<meta property=\"og:title\" content=\"Autos del Podio | Julian Santero nuevo campe\u00f3n en TC\" \/>\n<meta property=\"og:description\" content=\"Autos del Podio Santero logr\u00f3 su primer titulo de TC.Corri\u00f3 las primeras 7 fechas con el viejo modelo de Falcon y luego pas\u00f3 al Mustang NG\" \/>\n<meta property=\"og:url\" content=\"https:\/\/autosdelpodio.com\/autos\/julian-santero-nuevo-campeon-en-tc\/\" \/>\n<meta property=\"og:site_name\" content=\"Autos del Podio\" \/>\n<meta property=\"article:publisher\" content=\"https:\/\/www.facebook.com\/profile.php?id=100057192590976&amp;amp%3bamp%3bamp%3bamp%3bamp%3bamp%3bamp%3bamp%3bamp%3bamp%3bamp%3bamp%3bamp%3bamp%3bamp%3bamp%3bamp%3bamp%3bref=ts\" \/>\n<meta property=\"article:published_time\" content=\"2024-12-01T23:16:58+00:00\" \/>\n<meta property=\"article:modified_time\" content=\"2024-12-02T18:51:35+00:00\" \/>\n<meta property=\"og:image\" content=\"https:\/\/autosdelpodio.com\/autos\/wp-content\/uploads\/2024\/12\/Santero_TC_500.jpg\" \/>\n\t<meta property=\"og:image:width\" content=\"500\" \/>\n\t<meta property=\"og:image:height\" content=\"325\" \/>\n\t<meta property=\"og:image:type\" content=\"image\/jpeg\" \/>\n<meta name=\"author\" content=\"autosdelpodio\" \/>\n<meta name=\"twitter:card\" content=\"summary_large_image\" \/>\n<meta name=\"twitter:creator\" content=\"@autosdelpodio\" \/>\n<meta name=\"twitter:site\" content=\"@autosdelpodio\" \/>\n<meta name=\"twitter:label1\" content=\"Escrito por\" \/>\n\t<meta name=\"twitter:data1\" content=\"autosdelpodio\" \/>\n\t<meta name=\"twitter:label2\" content=\"Tiempo de lectura\" \/>\n\t<meta name=\"twitter:data2\" content=\"3 minutos\" \/>\n<script type=\"application\/ld+json\" class=\"yoast-schema-graph\">{\"@context\":\"https:\\\/\\\/schema.org\",\"@graph\":[{\"@type\":\"Article\",\"@id\":\"https:\\\/\\\/autosdelpodio.com\\\/autos\\\/julian-santero-nuevo-campeon-en-tc\\\/#article\",\"isPartOf\":{\"@id\":\"https:\\\/\\\/autosdelpodio.com\\\/autos\\\/julian-santero-nuevo-campeon-en-tc\\\/\"},\"author\":{\"name\":\"autosdelpodio\",\"@id\":\"http:\\\/\\\/autosdelpodio.com\\\/autos\\\/#\\\/schema\\\/person\\\/993527a4d01c3acdd3d6bce3770bc942\"},\"headline\":\"Julian Santero nuevo campe\u00f3n en TC\",\"datePublished\":\"2024-12-01T23:16:58+00:00\",\"dateModified\":\"2024-12-02T18:51:35+00:00\",\"mainEntityOfPage\":{\"@id\":\"https:\\\/\\\/autosdelpodio.com\\\/autos\\\/julian-santero-nuevo-campeon-en-tc\\\/\"},\"wordCount\":505,\"commentCount\":5,\"publisher\":{\"@id\":\"http:\\\/\\\/autosdelpodio.com\\\/autos\\\/#organization\"},\"image\":{\"@id\":\"https:\\\/\\\/autosdelpodio.com\\\/autos\\\/julian-santero-nuevo-campeon-en-tc\\\/#primaryimage\"},\"thumbnailUrl\":\"http:\\\/\\\/autosdelpodio.com\\\/autos\\\/wp-content\\\/uploads\\\/2024\\\/12\\\/Santero_TC_500.jpg\",\"keywords\":[\"Autodromo Mouras\",\"Campeones\",\"Julian Santero\",\"Mustang\",\"Turismo Carretera\"],\"articleSection\":[\"Destacado\",\"\u00daltimas noticias\"],\"inLanguage\":\"es\",\"potentialAction\":[{\"@type\":\"CommentAction\",\"name\":\"Comment\",\"target\":[\"https:\\\/\\\/autosdelpodio.com\\\/autos\\\/julian-santero-nuevo-campeon-en-tc\\\/#respond\"]}]},{\"@type\":\"WebPage\",\"@id\":\"https:\\\/\\\/autosdelpodio.com\\\/autos\\\/julian-santero-nuevo-campeon-en-tc\\\/\",\"url\":\"https:\\\/\\\/autosdelpodio.com\\\/autos\\\/julian-santero-nuevo-campeon-en-tc\\\/\",\"name\":\"Autos del Podio | Julian Santero nuevo campe\u00f3n en TC\",\"isPartOf\":{\"@id\":\"http:\\\/\\\/autosdelpodio.com\\\/autos\\\/#website\"},\"primaryImageOfPage\":{\"@id\":\"https:\\\/\\\/autosdelpodio.com\\\/autos\\\/julian-santero-nuevo-campeon-en-tc\\\/#primaryimage\"},\"image\":{\"@id\":\"https:\\\/\\\/autosdelpodio.com\\\/autos\\\/julian-santero-nuevo-campeon-en-tc\\\/#primaryimage\"},\"thumbnailUrl\":\"http:\\\/\\\/autosdelpodio.com\\\/autos\\\/wp-content\\\/uploads\\\/2024\\\/12\\\/Santero_TC_500.jpg\",\"datePublished\":\"2024-12-01T23:16:58+00:00\",\"dateModified\":\"2024-12-02T18:51:35+00:00\",\"description\":\"Autos del Podio Santero logr\u00f3 su primer titulo de TC.Corri\u00f3 las primeras 7 fechas con el viejo modelo de Falcon y luego pas\u00f3 al Mustang NG\",\"breadcrumb\":{\"@id\":\"https:\\\/\\\/autosdelpodio.com\\\/autos\\\/julian-santero-nuevo-campeon-en-tc\\\/#breadcrumb\"},\"inLanguage\":\"es\",\"potentialAction\":[{\"@type\":\"ReadAction\",\"target\":[\"https:\\\/\\\/autosdelpodio.com\\\/autos\\\/julian-santero-nuevo-campeon-en-tc\\\/\"]}]},{\"@type\":\"ImageObject\",\"inLanguage\":\"es\",\"@id\":\"https:\\\/\\\/autosdelpodio.com\\\/autos\\\/julian-santero-nuevo-campeon-en-tc\\\/#primaryimage\",\"url\":\"http:\\\/\\\/autosdelpodio.com\\\/autos\\\/wp-content\\\/uploads\\\/2024\\\/12\\\/Santero_TC_500.jpg\",\"contentUrl\":\"http:\\\/\\\/autosdelpodio.com\\\/autos\\\/wp-content\\\/uploads\\\/2024\\\/12\\\/Santero_TC_500.jpg\",\"width\":500,\"height\":325},{\"@type\":\"BreadcrumbList\",\"@id\":\"https:\\\/\\\/autosdelpodio.com\\\/autos\\\/julian-santero-nuevo-campeon-en-tc\\\/#breadcrumb\",\"itemListElement\":[{\"@type\":\"ListItem\",\"position\":1,\"name\":\"Portada\",\"item\":\"http:\\\/\\\/autosdelpodio.com\\\/autos\\\/\"},{\"@type\":\"ListItem\",\"position\":2,\"name\":\"Julian Santero nuevo campe\u00f3n en TC\"}]},{\"@type\":\"WebSite\",\"@id\":\"http:\\\/\\\/autosdelpodio.com\\\/autos\\\/#website\",\"url\":\"http:\\\/\\\/autosdelpodio.com\\\/autos\\\/\",\"name\":\"Autos del Podio\",\"description\":\"La sexta del deporte motor\",\"publisher\":{\"@id\":\"http:\\\/\\\/autosdelpodio.com\\\/autos\\\/#organization\"},\"potentialAction\":[{\"@type\":\"SearchAction\",\"target\":{\"@type\":\"EntryPoint\",\"urlTemplate\":\"http:\\\/\\\/autosdelpodio.com\\\/autos\\\/?s={search_term_string}\"},\"query-input\":{\"@type\":\"PropertyValueSpecification\",\"valueRequired\":true,\"valueName\":\"search_term_string\"}}],\"inLanguage\":\"es\"},{\"@type\":\"Organization\",\"@id\":\"http:\\\/\\\/autosdelpodio.com\\\/autos\\\/#organization\",\"name\":\"Autos del Podio\",\"url\":\"http:\\\/\\\/autosdelpodio.com\\\/autos\\\/\",\"logo\":{\"@type\":\"ImageObject\",\"inLanguage\":\"es\",\"@id\":\"http:\\\/\\\/autosdelpodio.com\\\/autos\\\/#\\\/schema\\\/logo\\\/image\\\/\",\"url\":\"http:\\\/\\\/autosdelpodio.com\\\/autos\\\/wp-content\\\/uploads\\\/2020\\\/08\\\/Logo_AR.jpg\",\"contentUrl\":\"http:\\\/\\\/autosdelpodio.com\\\/autos\\\/wp-content\\\/uploads\\\/2020\\\/08\\\/Logo_AR.jpg\",\"width\":1038,\"height\":1044,\"caption\":\"Autos del Podio\"},\"image\":{\"@id\":\"http:\\\/\\\/autosdelpodio.com\\\/autos\\\/#\\\/schema\\\/logo\\\/image\\\/\"},\"sameAs\":[\"https:\\\/\\\/www.facebook.com\\\/profile.php?id=100057192590976&amp;amp;amp;amp;amp;amp;amp;amp;amp;amp;amp;amp;amp;amp;amp;amp;amp;amp;ref=ts\",\"https:\\\/\\\/x.com\\\/autosdelpodio\",\"https:\\\/\\\/www.youtube.com\\\/user\\\/AutosdelPodio\"]},{\"@type\":\"Person\",\"@id\":\"http:\\\/\\\/autosdelpodio.com\\\/autos\\\/#\\\/schema\\\/person\\\/993527a4d01c3acdd3d6bce3770bc942\",\"name\":\"autosdelpodio\",\"image\":{\"@type\":\"ImageObject\",\"inLanguage\":\"es\",\"@id\":\"http:\\\/\\\/autosdelpodio.com\\\/autos\\\/wp-content\\\/litespeed\\\/avatar\\\/aa8f65cd201a80f6b844f63278aa84af.jpg?ver=1776798175\",\"url\":\"http:\\\/\\\/autosdelpodio.com\\\/autos\\\/wp-content\\\/litespeed\\\/avatar\\\/aa8f65cd201a80f6b844f63278aa84af.jpg?ver=1776798175\",\"contentUrl\":\"http:\\\/\\\/autosdelpodio.com\\\/autos\\\/wp-content\\\/litespeed\\\/avatar\\\/aa8f65cd201a80f6b844f63278aa84af.jpg?ver=1776798175\",\"caption\":\"autosdelpodio\"}}]}<\/script>\n<!-- \/ Yoast SEO plugin. -->","yoast_head_json":{"title":"Autos del Podio | Julian Santero nuevo campe\u00f3n en TC","description":"Autos del Podio Santero logr\u00f3 su primer titulo de TC.Corri\u00f3 las primeras 7 fechas con el viejo modelo de Falcon y luego pas\u00f3 al Mustang NG","robots":{"index":"index","follow":"follow","max-snippet":"max-snippet:-1","max-image-preview":"max-image-preview:large","max-video-preview":"max-video-preview:-1"},"canonical":"https:\/\/autosdelpodio.com\/autos\/julian-santero-nuevo-campeon-en-tc\/","og_locale":"es_ES","og_type":"article","og_title":"Autos del Podio | Julian Santero nuevo campe\u00f3n en TC","og_description":"Autos del Podio Santero logr\u00f3 su primer titulo de TC.Corri\u00f3 las primeras 7 fechas con el viejo modelo de Falcon y luego pas\u00f3 al Mustang NG","og_url":"https:\/\/autosdelpodio.com\/autos\/julian-santero-nuevo-campeon-en-tc\/","og_site_name":"Autos del Podio","article_publisher":"https:\/\/www.facebook.com\/profile.php?id=100057192590976&amp%3bamp%3bamp%3bamp%3bamp%3bamp%3bamp%3bamp%3bamp%3bamp%3bamp%3bamp%3bamp%3bamp%3bamp%3bamp%3bamp%3bamp%3bref=ts","article_published_time":"2024-12-01T23:16:58+00:00","article_modified_time":"2024-12-02T18:51:35+00:00","og_image":[{"width":500,"height":325,"url":"https:\/\/autosdelpodio.com\/autos\/wp-content\/uploads\/2024\/12\/Santero_TC_500.jpg","type":"image\/jpeg"}],"author":"autosdelpodio","twitter_card":"summary_large_image","twitter_creator":"@autosdelpodio","twitter_site":"@autosdelpodio","twitter_misc":{"Escrito por":"autosdelpodio","Tiempo de lectura":"3 minutos"},"schema":{"@context":"https:\/\/schema.org","@graph":[{"@type":"Article","@id":"https:\/\/autosdelpodio.com\/autos\/julian-santero-nuevo-campeon-en-tc\/#article","isPartOf":{"@id":"https:\/\/autosdelpodio.com\/autos\/julian-santero-nuevo-campeon-en-tc\/"},"author":{"name":"autosdelpodio","@id":"http:\/\/autosdelpodio.com\/autos\/#\/schema\/person\/993527a4d01c3acdd3d6bce3770bc942"},"headline":"Julian Santero nuevo campe\u00f3n en TC","datePublished":"2024-12-01T23:16:58+00:00","dateModified":"2024-12-02T18:51:35+00:00","mainEntityOfPage":{"@id":"https:\/\/autosdelpodio.com\/autos\/julian-santero-nuevo-campeon-en-tc\/"},"wordCount":505,"commentCount":5,"publisher":{"@id":"http:\/\/autosdelpodio.com\/autos\/#organization"},"image":{"@id":"https:\/\/autosdelpodio.com\/autos\/julian-santero-nuevo-campeon-en-tc\/#primaryimage"},"thumbnailUrl":"http:\/\/autosdelpodio.com\/autos\/wp-content\/uploads\/2024\/12\/Santero_TC_500.jpg","keywords":["Autodromo Mouras","Campeones","Julian Santero","Mustang","Turismo Carretera"],"articleSection":["Destacado","\u00daltimas noticias"],"inLanguage":"es","potentialAction":[{"@type":"CommentAction","name":"Comment","target":["https:\/\/autosdelpodio.com\/autos\/julian-santero-nuevo-campeon-en-tc\/#respond"]}]},{"@type":"WebPage","@id":"https:\/\/autosdelpodio.com\/autos\/julian-santero-nuevo-campeon-en-tc\/","url":"https:\/\/autosdelpodio.com\/autos\/julian-santero-nuevo-campeon-en-tc\/","name":"Autos del Podio | Julian Santero nuevo campe\u00f3n en TC","isPartOf":{"@id":"http:\/\/autosdelpodio.com\/autos\/#website"},"primaryImageOfPage":{"@id":"https:\/\/autosdelpodio.com\/autos\/julian-santero-nuevo-campeon-en-tc\/#primaryimage"},"image":{"@id":"https:\/\/autosdelpodio.com\/autos\/julian-santero-nuevo-campeon-en-tc\/#primaryimage"},"thumbnailUrl":"http:\/\/autosdelpodio.com\/autos\/wp-content\/uploads\/2024\/12\/Santero_TC_500.jpg","datePublished":"2024-12-01T23:16:58+00:00","dateModified":"2024-12-02T18:51:35+00:00","description":"Autos del Podio Santero logr\u00f3 su primer titulo de TC.Corri\u00f3 las primeras 7 fechas con el viejo modelo de Falcon y luego pas\u00f3 al Mustang NG","breadcrumb":{"@id":"https:\/\/autosdelpodio.com\/autos\/julian-santero-nuevo-campeon-en-tc\/#breadcrumb"},"inLanguage":"es","potentialAction":[{"@type":"ReadAction","target":["https:\/\/autosdelpodio.com\/autos\/julian-santero-nuevo-campeon-en-tc\/"]}]},{"@type":"ImageObject","inLanguage":"es","@id":"https:\/\/autosdelpodio.com\/autos\/julian-santero-nuevo-campeon-en-tc\/#primaryimage","url":"http:\/\/autosdelpodio.com\/autos\/wp-content\/uploads\/2024\/12\/Santero_TC_500.jpg","contentUrl":"http:\/\/autosdelpodio.com\/autos\/wp-content\/uploads\/2024\/12\/Santero_TC_500.jpg","width":500,"height":325},{"@type":"BreadcrumbList","@id":"https:\/\/autosdelpodio.com\/autos\/julian-santero-nuevo-campeon-en-tc\/#breadcrumb","itemListElement":[{"@type":"ListItem","position":1,"name":"Portada","item":"http:\/\/autosdelpodio.com\/autos\/"},{"@type":"ListItem","position":2,"name":"Julian Santero nuevo campe\u00f3n en TC"}]},{"@type":"WebSite","@id":"http:\/\/autosdelpodio.com\/autos\/#website","url":"http:\/\/autosdelpodio.com\/autos\/","name":"Autos del Podio","description":"La sexta del deporte motor","publisher":{"@id":"http:\/\/autosdelpodio.com\/autos\/#organization"},"potentialAction":[{"@type":"SearchAction","target":{"@type":"EntryPoint","urlTemplate":"http:\/\/autosdelpodio.com\/autos\/?s={search_term_string}"},"query-input":{"@type":"PropertyValueSpecification","valueRequired":true,"valueName":"search_term_string"}}],"inLanguage":"es"},{"@type":"Organization","@id":"http:\/\/autosdelpodio.com\/autos\/#organization","name":"Autos del Podio","url":"http:\/\/autosdelpodio.com\/autos\/","logo":{"@type":"ImageObject","inLanguage":"es","@id":"http:\/\/autosdelpodio.com\/autos\/#\/schema\/logo\/image\/","url":"http:\/\/autosdelpodio.com\/autos\/wp-content\/uploads\/2020\/08\/Logo_AR.jpg","contentUrl":"http:\/\/autosdelpodio.com\/autos\/wp-content\/uploads\/2020\/08\/Logo_AR.jpg","width":1038,"height":1044,"caption":"Autos del Podio"},"image":{"@id":"http:\/\/autosdelpodio.com\/autos\/#\/schema\/logo\/image\/"},"sameAs":["https:\/\/www.facebook.com\/profile.php?id=100057192590976&amp;amp;amp;amp;amp;amp;amp;amp;amp;amp;amp;amp;amp;amp;amp;amp;amp;amp;ref=ts","https:\/\/x.com\/autosdelpodio","https:\/\/www.youtube.com\/user\/AutosdelPodio"]},{"@type":"Person","@id":"http:\/\/autosdelpodio.com\/autos\/#\/schema\/person\/993527a4d01c3acdd3d6bce3770bc942","name":"autosdelpodio","image":{"@type":"ImageObject","inLanguage":"es","@id":"http:\/\/autosdelpodio.com\/autos\/wp-content\/litespeed\/avatar\/aa8f65cd201a80f6b844f63278aa84af.jpg?ver=1776798175","url":"http:\/\/autosdelpodio.com\/autos\/wp-content\/litespeed\/avatar\/aa8f65cd201a80f6b844f63278aa84af.jpg?ver=1776798175","contentUrl":"http:\/\/autosdelpodio.com\/autos\/wp-content\/litespeed\/avatar\/aa8f65cd201a80f6b844f63278aa84af.jpg?ver=1776798175","caption":"autosdelpodio"}}]}},"views":558,"_links":{"self":[{"href":"http:\/\/autosdelpodio.com\/autos\/wp-json\/wp\/v2\/posts\/8039","targetHints":{"allow":["GET"]}}],"collection":[{"href":"http:\/\/autosdelpodio.com\/autos\/wp-json\/wp\/v2\/posts"}],"about":[{"href":"http:\/\/autosdelpodio.com\/autos\/wp-json\/wp\/v2\/types\/post"}],"author":[{"embeddable":true,"href":"http:\/\/autosdelpodio.com\/autos\/wp-json\/wp\/v2\/users\/3"}],"replies":[{"embeddable":true,"href":"http:\/\/autosdelpodio.com\/autos\/wp-json\/wp\/v2\/comments?post=8039"}],"version-history":[{"count":3,"href":"http:\/\/autosdelpodio.com\/autos\/wp-json\/wp\/v2\/posts\/8039\/revisions"}],"predecessor-version":[{"id":8044,"href":"http:\/\/autosdelpodio.com\/autos\/wp-json\/wp\/v2\/posts\/8039\/revisions\/8044"}],"wp:featuredmedia":[{"embeddable":true,"href":"http:\/\/autosdelpodio.com\/autos\/wp-json\/wp\/v2\/media\/8040"}],"wp:attachment":[{"href":"http:\/\/autosdelpodio.com\/autos\/wp-json\/wp\/v2\/media?parent=8039"}],"wp:term":[{"taxonomy":"category","embeddable":true,"href":"http:\/\/autosdelpodio.com\/autos\/wp-json\/wp\/v2\/categories?post=8039"},{"taxonomy":"post_tag","embeddable":true,"href":"http:\/\/autosdelpodio.com\/autos\/wp-json\/wp\/v2\/tags?post=8039"}],"curies":[{"name":"wp","href":"https:\/\/api.w.org\/{rel}","templated":true}]}}