{"id":8058,"date":"2024-12-08T15:40:05","date_gmt":"2024-12-08T18:40:05","guid":{"rendered":"http:\/\/autosdelpodio.com\/autos\/?p=8058"},"modified":"2024-12-08T15:40:06","modified_gmt":"2024-12-08T18:40:06","slug":"josito-vuelve-a-pintar-el-1-en-el-top-race","status":"publish","type":"post","link":"http:\/\/autosdelpodio.com\/autos\/josito-vuelve-a-pintar-el-1-en-el-top-race\/","title":{"rendered":"Josito vuelve a pintar el 1 en el Top Race"},"content":{"rendered":"\n<p>En el cierre de temporada de TRV6 en el Autodromo de Buenos Aires la final dominguera tuvo a Mat\u00edas Rossi como vencedor. Kevin Felippo fue el primer escolta y el flamante campe\u00f3n Di Palma tercero.<br>La 12\u00b0 y ultima ronda del Top Race V6 tuvo en el Oscar y Juan Galvez de Buenos Aires, sede del mini torneo Gran Prix que const\u00f3 de 4 carreras en 4 circuitos diferentes del escenario porte\u00f1o a Mat\u00edas Rossi como vencedor.<br>El campeonato anual ya hab\u00eda quedado definido en el Sprint del S\u00e1bado, cuando al arrecife\u00f1o al volante del Cronos que alista el Octanos Competici\u00f3n en lo que fue victoria de Facundo Aldrighetti (Lexus)<\/p>\n","protected":false},"excerpt":{"rendered":"<p>En el cierre de temporada de TRV6 en el Autodromo de Buenos Aires la final dominguera tuvo a Mat\u00edas Rossi<\/p>\n","protected":false},"author":3,"featured_media":8059,"comment_status":"open","ping_status":"open","sticky":false,"template":"","format":"standard","meta":{"colormag_page_container_layout":"default_layout","colormag_page_sidebar_layout":"default_layout","footnotes":""},"categories":[6,5],"tags":[142,697,600,79],"class_list":["post-8058","post","type-post","status-publish","format-standard","has-post-thumbnail","hentry","category-newsflash","category-latest-news","tag-autodromo-ba","tag-fiat-cronos","tag-josito-di-palma","tag-top-race-v6"],"yoast_head":"<!-- This site is optimized with the Yoast SEO plugin v27.4 - https:\/\/yoast.com\/product\/yoast-seo-wordpress\/ -->\n<title>Autos del Podio | Josito vuelve a pintar el 1 en el Top Race<\/title>\n<meta name=\"description\" content=\"Autos del Podio Bi campeonato argentino de Top Race para Josito Di Palma\" \/>\n<meta name=\"robots\" content=\"index, follow, max-snippet:-1, max-image-preview:large, max-video-preview:-1\" \/>\n<link rel=\"canonical\" href=\"https:\/\/autosdelpodio.com\/autos\/josito-vuelve-a-pintar-el-1-en-el-top-race\/\" \/>\n<meta property=\"og:locale\" content=\"es_ES\" \/>\n<meta property=\"og:type\" content=\"article\" \/>\n<meta property=\"og:title\" content=\"Autos del Podio | Josito vuelve a pintar el 1 en el Top Race\" \/>\n<meta property=\"og:description\" content=\"Autos del Podio Bi campeonato argentino de Top Race para Josito Di Palma\" \/>\n<meta property=\"og:url\" content=\"https:\/\/autosdelpodio.com\/autos\/josito-vuelve-a-pintar-el-1-en-el-top-race\/\" \/>\n<meta property=\"og:site_name\" content=\"Autos del Podio\" \/>\n<meta property=\"article:publisher\" content=\"https:\/\/www.facebook.com\/profile.php?id=100057192590976&amp;amp%3bamp%3bamp%3bamp%3bamp%3bamp%3bamp%3bamp%3bamp%3bamp%3bamp%3bamp%3bamp%3bamp%3bamp%3bamp%3bamp%3bamp%3bref=ts\" \/>\n<meta property=\"article:published_time\" content=\"2024-12-08T18:40:05+00:00\" \/>\n<meta property=\"article:modified_time\" content=\"2024-12-08T18:40:06+00:00\" \/>\n<meta property=\"og:image\" content=\"https:\/\/autosdelpodio.com\/autos\/wp-content\/uploads\/2024\/12\/Josito_TRV6_24.jpg\" \/>\n\t<meta property=\"og:image:width\" content=\"500\" \/>\n\t<meta property=\"og:image:height\" content=\"325\" \/>\n\t<meta property=\"og:image:type\" content=\"image\/jpeg\" \/>\n<meta name=\"author\" content=\"autosdelpodio\" \/>\n<meta name=\"twitter:card\" content=\"summary_large_image\" \/>\n<meta name=\"twitter:creator\" content=\"@autosdelpodio\" \/>\n<meta name=\"twitter:site\" content=\"@autosdelpodio\" \/>\n<meta name=\"twitter:label1\" content=\"Escrito por\" \/>\n\t<meta name=\"twitter:data1\" content=\"autosdelpodio\" \/>\n\t<meta name=\"twitter:label2\" content=\"Tiempo de lectura\" \/>\n\t<meta name=\"twitter:data2\" content=\"1 minuto\" \/>\n<script type=\"application\/ld+json\" class=\"yoast-schema-graph\">{\"@context\":\"https:\\\/\\\/schema.org\",\"@graph\":[{\"@type\":\"Article\",\"@id\":\"https:\\\/\\\/autosdelpodio.com\\\/autos\\\/josito-vuelve-a-pintar-el-1-en-el-top-race\\\/#article\",\"isPartOf\":{\"@id\":\"https:\\\/\\\/autosdelpodio.com\\\/autos\\\/josito-vuelve-a-pintar-el-1-en-el-top-race\\\/\"},\"author\":{\"name\":\"autosdelpodio\",\"@id\":\"http:\\\/\\\/autosdelpodio.com\\\/autos\\\/#\\\/schema\\\/person\\\/993527a4d01c3acdd3d6bce3770bc942\"},\"headline\":\"Josito vuelve a pintar el 1 en el Top Race\",\"datePublished\":\"2024-12-08T18:40:05+00:00\",\"dateModified\":\"2024-12-08T18:40:06+00:00\",\"mainEntityOfPage\":{\"@id\":\"https:\\\/\\\/autosdelpodio.com\\\/autos\\\/josito-vuelve-a-pintar-el-1-en-el-top-race\\\/\"},\"wordCount\":124,\"commentCount\":1,\"publisher\":{\"@id\":\"http:\\\/\\\/autosdelpodio.com\\\/autos\\\/#organization\"},\"image\":{\"@id\":\"https:\\\/\\\/autosdelpodio.com\\\/autos\\\/josito-vuelve-a-pintar-el-1-en-el-top-race\\\/#primaryimage\"},\"thumbnailUrl\":\"http:\\\/\\\/autosdelpodio.com\\\/autos\\\/wp-content\\\/uploads\\\/2024\\\/12\\\/Josito_TRV6_24.jpg\",\"keywords\":[\"Autodromo BA\",\"Fiat Cronos\",\"Josito Di Palma\",\"Top Race V6\"],\"articleSection\":[\"Destacado\",\"\u00daltimas noticias\"],\"inLanguage\":\"es\",\"potentialAction\":[{\"@type\":\"CommentAction\",\"name\":\"Comment\",\"target\":[\"https:\\\/\\\/autosdelpodio.com\\\/autos\\\/josito-vuelve-a-pintar-el-1-en-el-top-race\\\/#respond\"]}]},{\"@type\":\"WebPage\",\"@id\":\"https:\\\/\\\/autosdelpodio.com\\\/autos\\\/josito-vuelve-a-pintar-el-1-en-el-top-race\\\/\",\"url\":\"https:\\\/\\\/autosdelpodio.com\\\/autos\\\/josito-vuelve-a-pintar-el-1-en-el-top-race\\\/\",\"name\":\"Autos del Podio | Josito vuelve a pintar el 1 en el Top Race\",\"isPartOf\":{\"@id\":\"http:\\\/\\\/autosdelpodio.com\\\/autos\\\/#website\"},\"primaryImageOfPage\":{\"@id\":\"https:\\\/\\\/autosdelpodio.com\\\/autos\\\/josito-vuelve-a-pintar-el-1-en-el-top-race\\\/#primaryimage\"},\"image\":{\"@id\":\"https:\\\/\\\/autosdelpodio.com\\\/autos\\\/josito-vuelve-a-pintar-el-1-en-el-top-race\\\/#primaryimage\"},\"thumbnailUrl\":\"http:\\\/\\\/autosdelpodio.com\\\/autos\\\/wp-content\\\/uploads\\\/2024\\\/12\\\/Josito_TRV6_24.jpg\",\"datePublished\":\"2024-12-08T18:40:05+00:00\",\"dateModified\":\"2024-12-08T18:40:06+00:00\",\"description\":\"Autos del Podio Bi campeonato argentino de Top Race para Josito Di Palma\",\"breadcrumb\":{\"@id\":\"https:\\\/\\\/autosdelpodio.com\\\/autos\\\/josito-vuelve-a-pintar-el-1-en-el-top-race\\\/#breadcrumb\"},\"inLanguage\":\"es\",\"potentialAction\":[{\"@type\":\"ReadAction\",\"target\":[\"https:\\\/\\\/autosdelpodio.com\\\/autos\\\/josito-vuelve-a-pintar-el-1-en-el-top-race\\\/\"]}]},{\"@type\":\"ImageObject\",\"inLanguage\":\"es\",\"@id\":\"https:\\\/\\\/autosdelpodio.com\\\/autos\\\/josito-vuelve-a-pintar-el-1-en-el-top-race\\\/#primaryimage\",\"url\":\"http:\\\/\\\/autosdelpodio.com\\\/autos\\\/wp-content\\\/uploads\\\/2024\\\/12\\\/Josito_TRV6_24.jpg\",\"contentUrl\":\"http:\\\/\\\/autosdelpodio.com\\\/autos\\\/wp-content\\\/uploads\\\/2024\\\/12\\\/Josito_TRV6_24.jpg\",\"width\":500,\"height\":325},{\"@type\":\"BreadcrumbList\",\"@id\":\"https:\\\/\\\/autosdelpodio.com\\\/autos\\\/josito-vuelve-a-pintar-el-1-en-el-top-race\\\/#breadcrumb\",\"itemListElement\":[{\"@type\":\"ListItem\",\"position\":1,\"name\":\"Portada\",\"item\":\"http:\\\/\\\/autosdelpodio.com\\\/autos\\\/\"},{\"@type\":\"ListItem\",\"position\":2,\"name\":\"Josito vuelve a pintar el 1 en el Top Race\"}]},{\"@type\":\"WebSite\",\"@id\":\"http:\\\/\\\/autosdelpodio.com\\\/autos\\\/#website\",\"url\":\"http:\\\/\\\/autosdelpodio.com\\\/autos\\\/\",\"name\":\"Autos del Podio\",\"description\":\"La sexta del deporte motor\",\"publisher\":{\"@id\":\"http:\\\/\\\/autosdelpodio.com\\\/autos\\\/#organization\"},\"potentialAction\":[{\"@type\":\"SearchAction\",\"target\":{\"@type\":\"EntryPoint\",\"urlTemplate\":\"http:\\\/\\\/autosdelpodio.com\\\/autos\\\/?s={search_term_string}\"},\"query-input\":{\"@type\":\"PropertyValueSpecification\",\"valueRequired\":true,\"valueName\":\"search_term_string\"}}],\"inLanguage\":\"es\"},{\"@type\":\"Organization\",\"@id\":\"http:\\\/\\\/autosdelpodio.com\\\/autos\\\/#organization\",\"name\":\"Autos del Podio\",\"url\":\"http:\\\/\\\/autosdelpodio.com\\\/autos\\\/\",\"logo\":{\"@type\":\"ImageObject\",\"inLanguage\":\"es\",\"@id\":\"http:\\\/\\\/autosdelpodio.com\\\/autos\\\/#\\\/schema\\\/logo\\\/image\\\/\",\"url\":\"http:\\\/\\\/autosdelpodio.com\\\/autos\\\/wp-content\\\/uploads\\\/2020\\\/08\\\/Logo_AR.jpg\",\"contentUrl\":\"http:\\\/\\\/autosdelpodio.com\\\/autos\\\/wp-content\\\/uploads\\\/2020\\\/08\\\/Logo_AR.jpg\",\"width\":1038,\"height\":1044,\"caption\":\"Autos del Podio\"},\"image\":{\"@id\":\"http:\\\/\\\/autosdelpodio.com\\\/autos\\\/#\\\/schema\\\/logo\\\/image\\\/\"},\"sameAs\":[\"https:\\\/\\\/www.facebook.com\\\/profile.php?id=100057192590976&amp;amp;amp;amp;amp;amp;amp;amp;amp;amp;amp;amp;amp;amp;amp;amp;amp;amp;ref=ts\",\"https:\\\/\\\/x.com\\\/autosdelpodio\",\"https:\\\/\\\/www.youtube.com\\\/user\\\/AutosdelPodio\"]},{\"@type\":\"Person\",\"@id\":\"http:\\\/\\\/autosdelpodio.com\\\/autos\\\/#\\\/schema\\\/person\\\/993527a4d01c3acdd3d6bce3770bc942\",\"name\":\"autosdelpodio\",\"image\":{\"@type\":\"ImageObject\",\"inLanguage\":\"es\",\"@id\":\"http:\\\/\\\/autosdelpodio.com\\\/autos\\\/wp-content\\\/litespeed\\\/avatar\\\/aa8f65cd201a80f6b844f63278aa84af.jpg?ver=1776798175\",\"url\":\"http:\\\/\\\/autosdelpodio.com\\\/autos\\\/wp-content\\\/litespeed\\\/avatar\\\/aa8f65cd201a80f6b844f63278aa84af.jpg?ver=1776798175\",\"contentUrl\":\"http:\\\/\\\/autosdelpodio.com\\\/autos\\\/wp-content\\\/litespeed\\\/avatar\\\/aa8f65cd201a80f6b844f63278aa84af.jpg?ver=1776798175\",\"caption\":\"autosdelpodio\"}}]}<\/script>\n<!-- \/ Yoast SEO plugin. -->","yoast_head_json":{"title":"Autos del Podio | Josito vuelve a pintar el 1 en el Top Race","description":"Autos del Podio Bi campeonato argentino de Top Race para Josito Di Palma","robots":{"index":"index","follow":"follow","max-snippet":"max-snippet:-1","max-image-preview":"max-image-preview:large","max-video-preview":"max-video-preview:-1"},"canonical":"https:\/\/autosdelpodio.com\/autos\/josito-vuelve-a-pintar-el-1-en-el-top-race\/","og_locale":"es_ES","og_type":"article","og_title":"Autos del Podio | Josito vuelve a pintar el 1 en el Top Race","og_description":"Autos del Podio Bi campeonato argentino de Top Race para Josito Di Palma","og_url":"https:\/\/autosdelpodio.com\/autos\/josito-vuelve-a-pintar-el-1-en-el-top-race\/","og_site_name":"Autos del Podio","article_publisher":"https:\/\/www.facebook.com\/profile.php?id=100057192590976&amp%3bamp%3bamp%3bamp%3bamp%3bamp%3bamp%3bamp%3bamp%3bamp%3bamp%3bamp%3bamp%3bamp%3bamp%3bamp%3bamp%3bamp%3bref=ts","article_published_time":"2024-12-08T18:40:05+00:00","article_modified_time":"2024-12-08T18:40:06+00:00","og_image":[{"width":500,"height":325,"url":"https:\/\/autosdelpodio.com\/autos\/wp-content\/uploads\/2024\/12\/Josito_TRV6_24.jpg","type":"image\/jpeg"}],"author":"autosdelpodio","twitter_card":"summary_large_image","twitter_creator":"@autosdelpodio","twitter_site":"@autosdelpodio","twitter_misc":{"Escrito por":"autosdelpodio","Tiempo de lectura":"1 minuto"},"schema":{"@context":"https:\/\/schema.org","@graph":[{"@type":"Article","@id":"https:\/\/autosdelpodio.com\/autos\/josito-vuelve-a-pintar-el-1-en-el-top-race\/#article","isPartOf":{"@id":"https:\/\/autosdelpodio.com\/autos\/josito-vuelve-a-pintar-el-1-en-el-top-race\/"},"author":{"name":"autosdelpodio","@id":"http:\/\/autosdelpodio.com\/autos\/#\/schema\/person\/993527a4d01c3acdd3d6bce3770bc942"},"headline":"Josito vuelve a pintar el 1 en el Top Race","datePublished":"2024-12-08T18:40:05+00:00","dateModified":"2024-12-08T18:40:06+00:00","mainEntityOfPage":{"@id":"https:\/\/autosdelpodio.com\/autos\/josito-vuelve-a-pintar-el-1-en-el-top-race\/"},"wordCount":124,"commentCount":1,"publisher":{"@id":"http:\/\/autosdelpodio.com\/autos\/#organization"},"image":{"@id":"https:\/\/autosdelpodio.com\/autos\/josito-vuelve-a-pintar-el-1-en-el-top-race\/#primaryimage"},"thumbnailUrl":"http:\/\/autosdelpodio.com\/autos\/wp-content\/uploads\/2024\/12\/Josito_TRV6_24.jpg","keywords":["Autodromo BA","Fiat Cronos","Josito Di Palma","Top Race V6"],"articleSection":["Destacado","\u00daltimas noticias"],"inLanguage":"es","potentialAction":[{"@type":"CommentAction","name":"Comment","target":["https:\/\/autosdelpodio.com\/autos\/josito-vuelve-a-pintar-el-1-en-el-top-race\/#respond"]}]},{"@type":"WebPage","@id":"https:\/\/autosdelpodio.com\/autos\/josito-vuelve-a-pintar-el-1-en-el-top-race\/","url":"https:\/\/autosdelpodio.com\/autos\/josito-vuelve-a-pintar-el-1-en-el-top-race\/","name":"Autos del Podio | Josito vuelve a pintar el 1 en el Top Race","isPartOf":{"@id":"http:\/\/autosdelpodio.com\/autos\/#website"},"primaryImageOfPage":{"@id":"https:\/\/autosdelpodio.com\/autos\/josito-vuelve-a-pintar-el-1-en-el-top-race\/#primaryimage"},"image":{"@id":"https:\/\/autosdelpodio.com\/autos\/josito-vuelve-a-pintar-el-1-en-el-top-race\/#primaryimage"},"thumbnailUrl":"http:\/\/autosdelpodio.com\/autos\/wp-content\/uploads\/2024\/12\/Josito_TRV6_24.jpg","datePublished":"2024-12-08T18:40:05+00:00","dateModified":"2024-12-08T18:40:06+00:00","description":"Autos del Podio Bi campeonato argentino de Top Race para Josito Di Palma","breadcrumb":{"@id":"https:\/\/autosdelpodio.com\/autos\/josito-vuelve-a-pintar-el-1-en-el-top-race\/#breadcrumb"},"inLanguage":"es","potentialAction":[{"@type":"ReadAction","target":["https:\/\/autosdelpodio.com\/autos\/josito-vuelve-a-pintar-el-1-en-el-top-race\/"]}]},{"@type":"ImageObject","inLanguage":"es","@id":"https:\/\/autosdelpodio.com\/autos\/josito-vuelve-a-pintar-el-1-en-el-top-race\/#primaryimage","url":"http:\/\/autosdelpodio.com\/autos\/wp-content\/uploads\/2024\/12\/Josito_TRV6_24.jpg","contentUrl":"http:\/\/autosdelpodio.com\/autos\/wp-content\/uploads\/2024\/12\/Josito_TRV6_24.jpg","width":500,"height":325},{"@type":"BreadcrumbList","@id":"https:\/\/autosdelpodio.com\/autos\/josito-vuelve-a-pintar-el-1-en-el-top-race\/#breadcrumb","itemListElement":[{"@type":"ListItem","position":1,"name":"Portada","item":"http:\/\/autosdelpodio.com\/autos\/"},{"@type":"ListItem","position":2,"name":"Josito vuelve a pintar el 1 en el Top Race"}]},{"@type":"WebSite","@id":"http:\/\/autosdelpodio.com\/autos\/#website","url":"http:\/\/autosdelpodio.com\/autos\/","name":"Autos del Podio","description":"La sexta del deporte motor","publisher":{"@id":"http:\/\/autosdelpodio.com\/autos\/#organization"},"potentialAction":[{"@type":"SearchAction","target":{"@type":"EntryPoint","urlTemplate":"http:\/\/autosdelpodio.com\/autos\/?s={search_term_string}"},"query-input":{"@type":"PropertyValueSpecification","valueRequired":true,"valueName":"search_term_string"}}],"inLanguage":"es"},{"@type":"Organization","@id":"http:\/\/autosdelpodio.com\/autos\/#organization","name":"Autos del Podio","url":"http:\/\/autosdelpodio.com\/autos\/","logo":{"@type":"ImageObject","inLanguage":"es","@id":"http:\/\/autosdelpodio.com\/autos\/#\/schema\/logo\/image\/","url":"http:\/\/autosdelpodio.com\/autos\/wp-content\/uploads\/2020\/08\/Logo_AR.jpg","contentUrl":"http:\/\/autosdelpodio.com\/autos\/wp-content\/uploads\/2020\/08\/Logo_AR.jpg","width":1038,"height":1044,"caption":"Autos del Podio"},"image":{"@id":"http:\/\/autosdelpodio.com\/autos\/#\/schema\/logo\/image\/"},"sameAs":["https:\/\/www.facebook.com\/profile.php?id=100057192590976&amp;amp;amp;amp;amp;amp;amp;amp;amp;amp;amp;amp;amp;amp;amp;amp;amp;amp;ref=ts","https:\/\/x.com\/autosdelpodio","https:\/\/www.youtube.com\/user\/AutosdelPodio"]},{"@type":"Person","@id":"http:\/\/autosdelpodio.com\/autos\/#\/schema\/person\/993527a4d01c3acdd3d6bce3770bc942","name":"autosdelpodio","image":{"@type":"ImageObject","inLanguage":"es","@id":"http:\/\/autosdelpodio.com\/autos\/wp-content\/litespeed\/avatar\/aa8f65cd201a80f6b844f63278aa84af.jpg?ver=1776798175","url":"http:\/\/autosdelpodio.com\/autos\/wp-content\/litespeed\/avatar\/aa8f65cd201a80f6b844f63278aa84af.jpg?ver=1776798175","contentUrl":"http:\/\/autosdelpodio.com\/autos\/wp-content\/litespeed\/avatar\/aa8f65cd201a80f6b844f63278aa84af.jpg?ver=1776798175","caption":"autosdelpodio"}}]}},"views":481,"_links":{"self":[{"href":"http:\/\/autosdelpodio.com\/autos\/wp-json\/wp\/v2\/posts\/8058","targetHints":{"allow":["GET"]}}],"collection":[{"href":"http:\/\/autosdelpodio.com\/autos\/wp-json\/wp\/v2\/posts"}],"about":[{"href":"http:\/\/autosdelpodio.com\/autos\/wp-json\/wp\/v2\/types\/post"}],"author":[{"embeddable":true,"href":"http:\/\/autosdelpodio.com\/autos\/wp-json\/wp\/v2\/users\/3"}],"replies":[{"embeddable":true,"href":"http:\/\/autosdelpodio.com\/autos\/wp-json\/wp\/v2\/comments?post=8058"}],"version-history":[{"count":1,"href":"http:\/\/autosdelpodio.com\/autos\/wp-json\/wp\/v2\/posts\/8058\/revisions"}],"predecessor-version":[{"id":8060,"href":"http:\/\/autosdelpodio.com\/autos\/wp-json\/wp\/v2\/posts\/8058\/revisions\/8060"}],"wp:featuredmedia":[{"embeddable":true,"href":"http:\/\/autosdelpodio.com\/autos\/wp-json\/wp\/v2\/media\/8059"}],"wp:attachment":[{"href":"http:\/\/autosdelpodio.com\/autos\/wp-json\/wp\/v2\/media?parent=8058"}],"wp:term":[{"taxonomy":"category","embeddable":true,"href":"http:\/\/autosdelpodio.com\/autos\/wp-json\/wp\/v2\/categories?post=8058"},{"taxonomy":"post_tag","embeddable":true,"href":"http:\/\/autosdelpodio.com\/autos\/wp-json\/wp\/v2\/tags?post=8058"}],"curies":[{"name":"wp","href":"https:\/\/api.w.org\/{rel}","templated":true}]}}