{"id":8070,"date":"2024-12-18T20:58:07","date_gmt":"2024-12-18T23:58:07","guid":{"rendered":"http:\/\/autosdelpodio.com\/autos\/?p=8070"},"modified":"2024-12-18T20:58:09","modified_gmt":"2024-12-18T23:58:09","slug":"el-renault-kwid-esta-de-vuelta","status":"publish","type":"post","link":"http:\/\/autosdelpodio.com\/autos\/el-renault-kwid-esta-de-vuelta\/","title":{"rendered":"El Renault Kwid est\u00e1 de vuelta"},"content":{"rendered":"\n<p>El 5 de diciembre Renault Argentina lanz\u00f3 la preventa exclusiva del renovado Renault Kwid, ofreciendo las primeras 50 unidades a trav\u00e9s de Renault Store, su plataforma de compra online. El precio de preventa para este modelo ser\u00e1 de $17.900.000, brindando a los interesados la oportunidad de adquirirlo de manera anticipada y acceder a una propuesta \u00fanica.<\/p>\n\n\n\n<h3 class=\"wp-block-heading\">Dise\u00f1o y confort<\/h3>\n\n\n\n<p>El nuevo Renault Kwid presenta una opci\u00f3n \u00fanica en su segmento, destac\u00e1ndose por su look and feel de Sport Utility Vehicle (SUV). Entre sus caracter\u00edsticas m\u00e1s sobresalientes se encuentran las luces DRL full LED con luces de giro integradas, una grilla frontal con detalles cromados, y paragolpes delanteros, laterales y traseros redise\u00f1ados. Adem\u00e1s, incorpora llantas diamantadas de 14\u201d bitono, un acabado bitono con techo negro y nuevos faros traseros, que refuerzan su est\u00e9tica robusta y moderna. El Renault Kwid estar\u00e1 disponible en tres colores: blanco glaciar, gris estrella y azul iron<\/p>\n\n\n\n<p>En t\u00e9rminos de confort, el nuevo Renault Kwid est\u00e1 equipado con direcci\u00f3n asistida el\u00e9ctricamente variable, que facilita una conducci\u00f3n m\u00e1s \u00e1gil y c\u00f3moda. Adem\u00e1s, ofrece cierre centralizado, espejos retrovisores regulables el\u00e9ctricamente y apertura el\u00e9ctrica del ba\u00fal, mejorando la accesibilidad y practicidad del veh\u00edculo. Tambi\u00e9n incorpora un indicador de cambio de marcha recomendado, que optimiza la eficiencia del combustible y contribuye a una conducci\u00f3n m\u00e1s eficiente.<\/p>\n\n\n\n<h3 class=\"wp-block-heading\">Equipamiento destacado y seguridad<\/h3>\n\n\n\n<p>El nuevo Renault Kwid viene equipado con tecnolog\u00edas como 4 airbags, direcci\u00f3n el\u00e9ctrica, alerta de presi\u00f3n de neum\u00e1ticos, Control Electr\u00f3nico de Estabilidad (ESP) y Asistencia de Arranque en Pendiente (HSA). Su despeje al suelo de 185 mm y su gran capacidad de ba\u00fal de 290 litros lo convierten en un veh\u00edculo pr\u00e1ctico y espacioso para la ciudad. Adem\u00e1s, incorpora una c\u00e1mara de estacionamiento trasera, espejos retrovisores con luz de giro integrada y ajuste de los faros en altura.<\/p>\n\n\n\n<h3 class=\"wp-block-heading\">Multimedia y conectividad<\/h3>\n\n\n\n<p>Este modelo destaca por su avanzada tecnolog\u00eda multimedia, con un renovado tablero de instrumentos digital y una pantalla multimedia de mayores dimensiones a la generaci\u00f3n anterior. Se trata de un sistema multimedia de 8\u201d compatible con Android Auto &amp; Apple Carplay. Adem\u00e1s, cuenta con 2 parlantes y control de audio satelital.<\/p>\n\n\n\n<h3 class=\"wp-block-heading\">Motorizaci\u00f3n y eficiencia<\/h3>\n\n\n\n<p>Equipado con un motor de 1.0 litros y 3 cilindros, el nuevo Renault Kwid ofrece una potencia de 66 cv a 5.000 rpm y un torque de 93 Nm a 4.250 rpm. Su caja manual de 5 velocidades y su consumo mixto de 15,4 km\/litro lo posicionan como una opci\u00f3n eficiente y econ\u00f3mica para quienes buscan un veh\u00edculo con bajo consumo y alta versatilidad.<\/p>\n\n\n\n<p><em>Fuente: prensa Renault Argentina<\/em><\/p>\n","protected":false},"excerpt":{"rendered":"<p>El 5 de diciembre Renault Argentina lanz\u00f3 la preventa exclusiva del renovado Renault Kwid, ofreciendo las primeras 50 unidades a<\/p>\n","protected":false},"author":3,"featured_media":8074,"comment_status":"open","ping_status":"open","sticky":false,"template":"","format":"standard","meta":{"colormag_page_container_layout":"default_layout","colormag_page_sidebar_layout":"default_layout","footnotes":""},"categories":[6,5],"tags":[494,32,208,30,35],"class_list":["post-8070","post","type-post","status-publish","format-standard","has-post-thumbnail","hentry","category-newsflash","category-latest-news","tag-0km","tag-industria-automotriz","tag-produccion","tag-renault","tag-republica-argentina"],"yoast_head":"<!-- This site is optimized with the Yoast SEO plugin v27.4 - https:\/\/yoast.com\/product\/yoast-seo-wordpress\/ -->\n<title>Autos del Podio | El Renault Kwid est\u00e1 de vuelta<\/title>\n<meta name=\"description\" content=\"Autos del Podio Renault Argentina lanz\u00f3 el nuevo Kwid con un dise\u00f1o renovado, equipamiento actualizado y un nivel de confort superior para su segmento.\" \/>\n<meta name=\"robots\" content=\"index, follow, max-snippet:-1, max-image-preview:large, max-video-preview:-1\" \/>\n<link rel=\"canonical\" href=\"https:\/\/autosdelpodio.com\/autos\/el-renault-kwid-esta-de-vuelta\/\" \/>\n<meta property=\"og:locale\" content=\"es_ES\" \/>\n<meta property=\"og:type\" content=\"article\" \/>\n<meta property=\"og:title\" content=\"Autos del Podio | El Renault Kwid est\u00e1 de vuelta\" \/>\n<meta property=\"og:description\" content=\"Autos del Podio Renault Argentina lanz\u00f3 el nuevo Kwid con un dise\u00f1o renovado, equipamiento actualizado y un nivel de confort superior para su segmento.\" \/>\n<meta property=\"og:url\" content=\"https:\/\/autosdelpodio.com\/autos\/el-renault-kwid-esta-de-vuelta\/\" \/>\n<meta property=\"og:site_name\" content=\"Autos del Podio\" \/>\n<meta property=\"article:publisher\" content=\"https:\/\/www.facebook.com\/profile.php?id=100057192590976&amp;amp%3bamp%3bamp%3bamp%3bamp%3bamp%3bamp%3bamp%3bamp%3bamp%3bamp%3bamp%3bamp%3bamp%3bamp%3bamp%3bamp%3bamp%3bref=ts\" \/>\n<meta property=\"article:published_time\" content=\"2024-12-18T23:58:07+00:00\" \/>\n<meta property=\"article:modified_time\" content=\"2024-12-18T23:58:09+00:00\" \/>\n<meta property=\"og:image\" content=\"https:\/\/autosdelpodio.com\/autos\/wp-content\/uploads\/2024\/12\/Renault_Kwid_24.jpg\" \/>\n\t<meta property=\"og:image:width\" content=\"500\" \/>\n\t<meta property=\"og:image:height\" content=\"375\" \/>\n\t<meta property=\"og:image:type\" content=\"image\/jpeg\" \/>\n<meta name=\"author\" content=\"autosdelpodio\" \/>\n<meta name=\"twitter:card\" content=\"summary_large_image\" \/>\n<meta name=\"twitter:creator\" content=\"@autosdelpodio\" \/>\n<meta name=\"twitter:site\" content=\"@autosdelpodio\" \/>\n<meta name=\"twitter:label1\" content=\"Escrito por\" \/>\n\t<meta name=\"twitter:data1\" content=\"autosdelpodio\" \/>\n\t<meta name=\"twitter:label2\" content=\"Tiempo de lectura\" \/>\n\t<meta name=\"twitter:data2\" content=\"3 minutos\" \/>\n<script type=\"application\/ld+json\" class=\"yoast-schema-graph\">{\"@context\":\"https:\\\/\\\/schema.org\",\"@graph\":[{\"@type\":\"Article\",\"@id\":\"https:\\\/\\\/autosdelpodio.com\\\/autos\\\/el-renault-kwid-esta-de-vuelta\\\/#article\",\"isPartOf\":{\"@id\":\"https:\\\/\\\/autosdelpodio.com\\\/autos\\\/el-renault-kwid-esta-de-vuelta\\\/\"},\"author\":{\"name\":\"autosdelpodio\",\"@id\":\"http:\\\/\\\/autosdelpodio.com\\\/autos\\\/#\\\/schema\\\/person\\\/993527a4d01c3acdd3d6bce3770bc942\"},\"headline\":\"El Renault Kwid est\u00e1 de vuelta\",\"datePublished\":\"2024-12-18T23:58:07+00:00\",\"dateModified\":\"2024-12-18T23:58:09+00:00\",\"mainEntityOfPage\":{\"@id\":\"https:\\\/\\\/autosdelpodio.com\\\/autos\\\/el-renault-kwid-esta-de-vuelta\\\/\"},\"wordCount\":453,\"commentCount\":0,\"publisher\":{\"@id\":\"http:\\\/\\\/autosdelpodio.com\\\/autos\\\/#organization\"},\"image\":{\"@id\":\"https:\\\/\\\/autosdelpodio.com\\\/autos\\\/el-renault-kwid-esta-de-vuelta\\\/#primaryimage\"},\"thumbnailUrl\":\"http:\\\/\\\/autosdelpodio.com\\\/autos\\\/wp-content\\\/uploads\\\/2024\\\/12\\\/Renault_Kwid_24.jpg\",\"keywords\":[\"0Km\",\"Industria Automotriz\",\"Producci\u00f3n\",\"Renault\",\"Republica Argentina\"],\"articleSection\":[\"Destacado\",\"\u00daltimas noticias\"],\"inLanguage\":\"es\",\"potentialAction\":[{\"@type\":\"CommentAction\",\"name\":\"Comment\",\"target\":[\"https:\\\/\\\/autosdelpodio.com\\\/autos\\\/el-renault-kwid-esta-de-vuelta\\\/#respond\"]}]},{\"@type\":\"WebPage\",\"@id\":\"https:\\\/\\\/autosdelpodio.com\\\/autos\\\/el-renault-kwid-esta-de-vuelta\\\/\",\"url\":\"https:\\\/\\\/autosdelpodio.com\\\/autos\\\/el-renault-kwid-esta-de-vuelta\\\/\",\"name\":\"Autos del Podio | El Renault Kwid est\u00e1 de vuelta\",\"isPartOf\":{\"@id\":\"http:\\\/\\\/autosdelpodio.com\\\/autos\\\/#website\"},\"primaryImageOfPage\":{\"@id\":\"https:\\\/\\\/autosdelpodio.com\\\/autos\\\/el-renault-kwid-esta-de-vuelta\\\/#primaryimage\"},\"image\":{\"@id\":\"https:\\\/\\\/autosdelpodio.com\\\/autos\\\/el-renault-kwid-esta-de-vuelta\\\/#primaryimage\"},\"thumbnailUrl\":\"http:\\\/\\\/autosdelpodio.com\\\/autos\\\/wp-content\\\/uploads\\\/2024\\\/12\\\/Renault_Kwid_24.jpg\",\"datePublished\":\"2024-12-18T23:58:07+00:00\",\"dateModified\":\"2024-12-18T23:58:09+00:00\",\"description\":\"Autos del Podio Renault Argentina lanz\u00f3 el nuevo Kwid con un dise\u00f1o renovado, equipamiento actualizado y un nivel de confort superior para su segmento.\",\"breadcrumb\":{\"@id\":\"https:\\\/\\\/autosdelpodio.com\\\/autos\\\/el-renault-kwid-esta-de-vuelta\\\/#breadcrumb\"},\"inLanguage\":\"es\",\"potentialAction\":[{\"@type\":\"ReadAction\",\"target\":[\"https:\\\/\\\/autosdelpodio.com\\\/autos\\\/el-renault-kwid-esta-de-vuelta\\\/\"]}]},{\"@type\":\"ImageObject\",\"inLanguage\":\"es\",\"@id\":\"https:\\\/\\\/autosdelpodio.com\\\/autos\\\/el-renault-kwid-esta-de-vuelta\\\/#primaryimage\",\"url\":\"http:\\\/\\\/autosdelpodio.com\\\/autos\\\/wp-content\\\/uploads\\\/2024\\\/12\\\/Renault_Kwid_24.jpg\",\"contentUrl\":\"http:\\\/\\\/autosdelpodio.com\\\/autos\\\/wp-content\\\/uploads\\\/2024\\\/12\\\/Renault_Kwid_24.jpg\",\"width\":500,\"height\":375},{\"@type\":\"BreadcrumbList\",\"@id\":\"https:\\\/\\\/autosdelpodio.com\\\/autos\\\/el-renault-kwid-esta-de-vuelta\\\/#breadcrumb\",\"itemListElement\":[{\"@type\":\"ListItem\",\"position\":1,\"name\":\"Portada\",\"item\":\"http:\\\/\\\/autosdelpodio.com\\\/autos\\\/\"},{\"@type\":\"ListItem\",\"position\":2,\"name\":\"El Renault Kwid est\u00e1 de vuelta\"}]},{\"@type\":\"WebSite\",\"@id\":\"http:\\\/\\\/autosdelpodio.com\\\/autos\\\/#website\",\"url\":\"http:\\\/\\\/autosdelpodio.com\\\/autos\\\/\",\"name\":\"Autos del Podio\",\"description\":\"La sexta del deporte motor\",\"publisher\":{\"@id\":\"http:\\\/\\\/autosdelpodio.com\\\/autos\\\/#organization\"},\"potentialAction\":[{\"@type\":\"SearchAction\",\"target\":{\"@type\":\"EntryPoint\",\"urlTemplate\":\"http:\\\/\\\/autosdelpodio.com\\\/autos\\\/?s={search_term_string}\"},\"query-input\":{\"@type\":\"PropertyValueSpecification\",\"valueRequired\":true,\"valueName\":\"search_term_string\"}}],\"inLanguage\":\"es\"},{\"@type\":\"Organization\",\"@id\":\"http:\\\/\\\/autosdelpodio.com\\\/autos\\\/#organization\",\"name\":\"Autos del Podio\",\"url\":\"http:\\\/\\\/autosdelpodio.com\\\/autos\\\/\",\"logo\":{\"@type\":\"ImageObject\",\"inLanguage\":\"es\",\"@id\":\"http:\\\/\\\/autosdelpodio.com\\\/autos\\\/#\\\/schema\\\/logo\\\/image\\\/\",\"url\":\"http:\\\/\\\/autosdelpodio.com\\\/autos\\\/wp-content\\\/uploads\\\/2020\\\/08\\\/Logo_AR.jpg\",\"contentUrl\":\"http:\\\/\\\/autosdelpodio.com\\\/autos\\\/wp-content\\\/uploads\\\/2020\\\/08\\\/Logo_AR.jpg\",\"width\":1038,\"height\":1044,\"caption\":\"Autos del Podio\"},\"image\":{\"@id\":\"http:\\\/\\\/autosdelpodio.com\\\/autos\\\/#\\\/schema\\\/logo\\\/image\\\/\"},\"sameAs\":[\"https:\\\/\\\/www.facebook.com\\\/profile.php?id=100057192590976&amp;amp;amp;amp;amp;amp;amp;amp;amp;amp;amp;amp;amp;amp;amp;amp;amp;amp;ref=ts\",\"https:\\\/\\\/x.com\\\/autosdelpodio\",\"https:\\\/\\\/www.youtube.com\\\/user\\\/AutosdelPodio\"]},{\"@type\":\"Person\",\"@id\":\"http:\\\/\\\/autosdelpodio.com\\\/autos\\\/#\\\/schema\\\/person\\\/993527a4d01c3acdd3d6bce3770bc942\",\"name\":\"autosdelpodio\",\"image\":{\"@type\":\"ImageObject\",\"inLanguage\":\"es\",\"@id\":\"http:\\\/\\\/autosdelpodio.com\\\/autos\\\/wp-content\\\/litespeed\\\/avatar\\\/aa8f65cd201a80f6b844f63278aa84af.jpg?ver=1776798175\",\"url\":\"http:\\\/\\\/autosdelpodio.com\\\/autos\\\/wp-content\\\/litespeed\\\/avatar\\\/aa8f65cd201a80f6b844f63278aa84af.jpg?ver=1776798175\",\"contentUrl\":\"http:\\\/\\\/autosdelpodio.com\\\/autos\\\/wp-content\\\/litespeed\\\/avatar\\\/aa8f65cd201a80f6b844f63278aa84af.jpg?ver=1776798175\",\"caption\":\"autosdelpodio\"}}]}<\/script>\n<!-- \/ Yoast SEO plugin. -->","yoast_head_json":{"title":"Autos del Podio | El Renault Kwid est\u00e1 de vuelta","description":"Autos del Podio Renault Argentina lanz\u00f3 el nuevo Kwid con un dise\u00f1o renovado, equipamiento actualizado y un nivel de confort superior para su segmento.","robots":{"index":"index","follow":"follow","max-snippet":"max-snippet:-1","max-image-preview":"max-image-preview:large","max-video-preview":"max-video-preview:-1"},"canonical":"https:\/\/autosdelpodio.com\/autos\/el-renault-kwid-esta-de-vuelta\/","og_locale":"es_ES","og_type":"article","og_title":"Autos del Podio | El Renault Kwid est\u00e1 de vuelta","og_description":"Autos del Podio Renault Argentina lanz\u00f3 el nuevo Kwid con un dise\u00f1o renovado, equipamiento actualizado y un nivel de confort superior para su segmento.","og_url":"https:\/\/autosdelpodio.com\/autos\/el-renault-kwid-esta-de-vuelta\/","og_site_name":"Autos del Podio","article_publisher":"https:\/\/www.facebook.com\/profile.php?id=100057192590976&amp%3bamp%3bamp%3bamp%3bamp%3bamp%3bamp%3bamp%3bamp%3bamp%3bamp%3bamp%3bamp%3bamp%3bamp%3bamp%3bamp%3bamp%3bref=ts","article_published_time":"2024-12-18T23:58:07+00:00","article_modified_time":"2024-12-18T23:58:09+00:00","og_image":[{"width":500,"height":375,"url":"https:\/\/autosdelpodio.com\/autos\/wp-content\/uploads\/2024\/12\/Renault_Kwid_24.jpg","type":"image\/jpeg"}],"author":"autosdelpodio","twitter_card":"summary_large_image","twitter_creator":"@autosdelpodio","twitter_site":"@autosdelpodio","twitter_misc":{"Escrito por":"autosdelpodio","Tiempo de lectura":"3 minutos"},"schema":{"@context":"https:\/\/schema.org","@graph":[{"@type":"Article","@id":"https:\/\/autosdelpodio.com\/autos\/el-renault-kwid-esta-de-vuelta\/#article","isPartOf":{"@id":"https:\/\/autosdelpodio.com\/autos\/el-renault-kwid-esta-de-vuelta\/"},"author":{"name":"autosdelpodio","@id":"http:\/\/autosdelpodio.com\/autos\/#\/schema\/person\/993527a4d01c3acdd3d6bce3770bc942"},"headline":"El Renault Kwid est\u00e1 de vuelta","datePublished":"2024-12-18T23:58:07+00:00","dateModified":"2024-12-18T23:58:09+00:00","mainEntityOfPage":{"@id":"https:\/\/autosdelpodio.com\/autos\/el-renault-kwid-esta-de-vuelta\/"},"wordCount":453,"commentCount":0,"publisher":{"@id":"http:\/\/autosdelpodio.com\/autos\/#organization"},"image":{"@id":"https:\/\/autosdelpodio.com\/autos\/el-renault-kwid-esta-de-vuelta\/#primaryimage"},"thumbnailUrl":"http:\/\/autosdelpodio.com\/autos\/wp-content\/uploads\/2024\/12\/Renault_Kwid_24.jpg","keywords":["0Km","Industria Automotriz","Producci\u00f3n","Renault","Republica Argentina"],"articleSection":["Destacado","\u00daltimas noticias"],"inLanguage":"es","potentialAction":[{"@type":"CommentAction","name":"Comment","target":["https:\/\/autosdelpodio.com\/autos\/el-renault-kwid-esta-de-vuelta\/#respond"]}]},{"@type":"WebPage","@id":"https:\/\/autosdelpodio.com\/autos\/el-renault-kwid-esta-de-vuelta\/","url":"https:\/\/autosdelpodio.com\/autos\/el-renault-kwid-esta-de-vuelta\/","name":"Autos del Podio | El Renault Kwid est\u00e1 de vuelta","isPartOf":{"@id":"http:\/\/autosdelpodio.com\/autos\/#website"},"primaryImageOfPage":{"@id":"https:\/\/autosdelpodio.com\/autos\/el-renault-kwid-esta-de-vuelta\/#primaryimage"},"image":{"@id":"https:\/\/autosdelpodio.com\/autos\/el-renault-kwid-esta-de-vuelta\/#primaryimage"},"thumbnailUrl":"http:\/\/autosdelpodio.com\/autos\/wp-content\/uploads\/2024\/12\/Renault_Kwid_24.jpg","datePublished":"2024-12-18T23:58:07+00:00","dateModified":"2024-12-18T23:58:09+00:00","description":"Autos del Podio Renault Argentina lanz\u00f3 el nuevo Kwid con un dise\u00f1o renovado, equipamiento actualizado y un nivel de confort superior para su segmento.","breadcrumb":{"@id":"https:\/\/autosdelpodio.com\/autos\/el-renault-kwid-esta-de-vuelta\/#breadcrumb"},"inLanguage":"es","potentialAction":[{"@type":"ReadAction","target":["https:\/\/autosdelpodio.com\/autos\/el-renault-kwid-esta-de-vuelta\/"]}]},{"@type":"ImageObject","inLanguage":"es","@id":"https:\/\/autosdelpodio.com\/autos\/el-renault-kwid-esta-de-vuelta\/#primaryimage","url":"http:\/\/autosdelpodio.com\/autos\/wp-content\/uploads\/2024\/12\/Renault_Kwid_24.jpg","contentUrl":"http:\/\/autosdelpodio.com\/autos\/wp-content\/uploads\/2024\/12\/Renault_Kwid_24.jpg","width":500,"height":375},{"@type":"BreadcrumbList","@id":"https:\/\/autosdelpodio.com\/autos\/el-renault-kwid-esta-de-vuelta\/#breadcrumb","itemListElement":[{"@type":"ListItem","position":1,"name":"Portada","item":"http:\/\/autosdelpodio.com\/autos\/"},{"@type":"ListItem","position":2,"name":"El Renault Kwid est\u00e1 de vuelta"}]},{"@type":"WebSite","@id":"http:\/\/autosdelpodio.com\/autos\/#website","url":"http:\/\/autosdelpodio.com\/autos\/","name":"Autos del Podio","description":"La sexta del deporte motor","publisher":{"@id":"http:\/\/autosdelpodio.com\/autos\/#organization"},"potentialAction":[{"@type":"SearchAction","target":{"@type":"EntryPoint","urlTemplate":"http:\/\/autosdelpodio.com\/autos\/?s={search_term_string}"},"query-input":{"@type":"PropertyValueSpecification","valueRequired":true,"valueName":"search_term_string"}}],"inLanguage":"es"},{"@type":"Organization","@id":"http:\/\/autosdelpodio.com\/autos\/#organization","name":"Autos del Podio","url":"http:\/\/autosdelpodio.com\/autos\/","logo":{"@type":"ImageObject","inLanguage":"es","@id":"http:\/\/autosdelpodio.com\/autos\/#\/schema\/logo\/image\/","url":"http:\/\/autosdelpodio.com\/autos\/wp-content\/uploads\/2020\/08\/Logo_AR.jpg","contentUrl":"http:\/\/autosdelpodio.com\/autos\/wp-content\/uploads\/2020\/08\/Logo_AR.jpg","width":1038,"height":1044,"caption":"Autos del Podio"},"image":{"@id":"http:\/\/autosdelpodio.com\/autos\/#\/schema\/logo\/image\/"},"sameAs":["https:\/\/www.facebook.com\/profile.php?id=100057192590976&amp;amp;amp;amp;amp;amp;amp;amp;amp;amp;amp;amp;amp;amp;amp;amp;amp;amp;ref=ts","https:\/\/x.com\/autosdelpodio","https:\/\/www.youtube.com\/user\/AutosdelPodio"]},{"@type":"Person","@id":"http:\/\/autosdelpodio.com\/autos\/#\/schema\/person\/993527a4d01c3acdd3d6bce3770bc942","name":"autosdelpodio","image":{"@type":"ImageObject","inLanguage":"es","@id":"http:\/\/autosdelpodio.com\/autos\/wp-content\/litespeed\/avatar\/aa8f65cd201a80f6b844f63278aa84af.jpg?ver=1776798175","url":"http:\/\/autosdelpodio.com\/autos\/wp-content\/litespeed\/avatar\/aa8f65cd201a80f6b844f63278aa84af.jpg?ver=1776798175","contentUrl":"http:\/\/autosdelpodio.com\/autos\/wp-content\/litespeed\/avatar\/aa8f65cd201a80f6b844f63278aa84af.jpg?ver=1776798175","caption":"autosdelpodio"}}]}},"views":478,"_links":{"self":[{"href":"http:\/\/autosdelpodio.com\/autos\/wp-json\/wp\/v2\/posts\/8070","targetHints":{"allow":["GET"]}}],"collection":[{"href":"http:\/\/autosdelpodio.com\/autos\/wp-json\/wp\/v2\/posts"}],"about":[{"href":"http:\/\/autosdelpodio.com\/autos\/wp-json\/wp\/v2\/types\/post"}],"author":[{"embeddable":true,"href":"http:\/\/autosdelpodio.com\/autos\/wp-json\/wp\/v2\/users\/3"}],"replies":[{"embeddable":true,"href":"http:\/\/autosdelpodio.com\/autos\/wp-json\/wp\/v2\/comments?post=8070"}],"version-history":[{"count":2,"href":"http:\/\/autosdelpodio.com\/autos\/wp-json\/wp\/v2\/posts\/8070\/revisions"}],"predecessor-version":[{"id":8072,"href":"http:\/\/autosdelpodio.com\/autos\/wp-json\/wp\/v2\/posts\/8070\/revisions\/8072"}],"wp:featuredmedia":[{"embeddable":true,"href":"http:\/\/autosdelpodio.com\/autos\/wp-json\/wp\/v2\/media\/8074"}],"wp:attachment":[{"href":"http:\/\/autosdelpodio.com\/autos\/wp-json\/wp\/v2\/media?parent=8070"}],"wp:term":[{"taxonomy":"category","embeddable":true,"href":"http:\/\/autosdelpodio.com\/autos\/wp-json\/wp\/v2\/categories?post=8070"},{"taxonomy":"post_tag","embeddable":true,"href":"http:\/\/autosdelpodio.com\/autos\/wp-json\/wp\/v2\/tags?post=8070"}],"curies":[{"name":"wp","href":"https:\/\/api.w.org\/{rel}","templated":true}]}}