{"id":8079,"date":"2024-12-20T00:00:00","date_gmt":"2024-12-20T03:00:00","guid":{"rendered":"http:\/\/autosdelpodio.com\/autos\/?p=8079"},"modified":"2025-01-06T17:07:56","modified_gmt":"2025-01-06T20:07:56","slug":"peugeot-partner-en-argentina-primera-parte","status":"publish","type":"post","link":"http:\/\/autosdelpodio.com\/autos\/peugeot-partner-en-argentina-primera-parte\/","title":{"rendered":"Peugeot Partner en Argentina &#8211; Primera parte"},"content":{"rendered":"\n<p>El acelerado proceso de integraci\u00f3n con Brasil y la expansi\u00f3n del mercado local y regional<br>resultaron determinantes para que Automobiles Peugeot de Francia (Grupo PSA) retomara el<br>control de sus operaciones en el pa\u00eds, hasta entonces representada por la empresa local<br>SEVEL Argentina. El operativo retorno culmin\u00f3 en 1998 con la creaci\u00f3n del Groupe<br>PSA&nbsp;Argentina. En mayo de ese a\u00f1o lleg\u00f3 una importante novedad para el mercado nacional:<br>el lanzamiento del Peugeot Partner.<br>Desarrollado en paralelo a su gemelo Citro\u00ebn Berlingo, el veh\u00edculo representaba un nuevo y<br>polivalente concepto que permit\u00eda su configuraci\u00f3n tanto en modo utilitario como veh\u00edculo de<br>pasajeros. A diferencia de otros utilitarios de la \u00e9poca, no derivaba de un auto de pasajeros<br>aunque compart\u00eda plataforma&nbsp;con el&nbsp;Peugeot 306&nbsp;y&nbsp;el Citro\u00ebn ZX.<br>El Partner lleg\u00f3 al pa\u00eds en versi\u00f3n utilitaria (furg\u00f3n) importado de Espa\u00f1a y con una \u00fanica<br>motorizaci\u00f3n: di\u00e9sel&nbsp;de&nbsp;1.900 cc y 71 cv, de disposici\u00f3n transversal. Poco despu\u00e9s, en<br>septiembre de 1998, comenz\u00f3 a producirse en la planta de El Palomar al mismo tiempo que<br>sum\u00f3 la motorizaci\u00f3n naftera de 1.800 cc y 90 cv. La l\u00ednea se complet\u00f3 en 1999 con el<br>lanzamiento de la versi\u00f3n para pasajeros denominada Patag\u00f3nica, disponible en versiones<br>di\u00e9sel y nafta. Ambas motorizaciones se acoplaban con una transmisi\u00f3n manual de 5<br>relaciones en tanto que la tracci\u00f3n era delantera.<br>Las suspensiones en ambos ejes eran independientes. En el eje delantero pseudo McPherson,<br>con resortes helicoidales y amortiguadores hidr\u00e1ulicos integrados, y en el trasero mediante<br>brazos tirados, barra de torsi\u00f3n y amortiguadores hidr\u00e1ulicos.<br>Las dos versiones se caracterizaban por un amplio habit\u00e1culo determinado por una altura de<br>1.800 mm que otorgaba un volumen m\u00ednimo de 664 dm 3 que pod\u00eda expandirse hasta 2.800<br>dm 3 . En la Patag\u00f3nica, el respaldo trasero pod\u00eda rebatirse en 1\/3-2\/3, configurando diferentes<br>opciones de espacio. Su capacidad de carga era de 586 kilos.<br>La versi\u00f3n pasajeros se ofrec\u00eda con 2 puertas laterales, con las traseras corredizas, y un port\u00f3n<br>trasero de una sola pieza. Las&nbsp;ventanillas de las puertas corredizas y las del panel trasero<br>laterales eran basculantes. Por su parte, el furg\u00f3n dispon\u00eda de puertas dobles verticales para<br>acceder al espacio de carga.<br>En materia de seguridad, el equipamiento era muy b\u00e1sico, carec\u00eda de frenos con sistema ABS<br>pero dispon\u00eda de barras protectoras en las puertas delanteras, doble airbag, apoyacabezas y<br>cinturones inerciales en las plazas traseras.<br>A mediados de la primera d\u00e9cada del nuevo milenio, las versiones de pasajeros fueron<br>desdobladas en Patag\u00f3nica, equipada con el motor diesel 1,9 y Urbana, impulsada por un<br>nuevo motor naftero de 1,4 litros y 71 cv.<br>En cuanto a los elementos de confort, la Patag\u00f3nica inclu\u00eda direcci\u00f3n asistida, levantavidrios<br>el\u00e9ctricos, cierre centralizado de puertas, espejo el\u00e9ctrico del lado del pasajero y radio AM\/FM<br>con CD.<br>Para aprovechar el espacio interior, ambas versiones dispon\u00edan de guardaobjetos en los<br>paneles de puertas delanteras y 2 gavetas en el piso para los ocupantes de las plazas traseras.<br>En mayo de 2010, la l\u00ednea recibi\u00f3 una importante pero demorada actualizaci\u00f3n est\u00e9tica que<br>replicaba el restyling realizado en Europa a fines de 2002. Los cambios se visualizaban<br>fundamentalmente en el frontal con \u00f3pticas envolventes de mayor tama\u00f1o, nueva grilla y<br>paragolpes y baguetas laterales pintados en el color de la carrocer\u00eda (en las versiones para<br>pasajeros). En el habit\u00e1culo se remplaz\u00f3 el panel de instrumentos y se incorporaron butacas<br>m\u00e1s mullidas de nuevo dise\u00f1o.<\/p>\n\n\n\n<p><em><strong><a href=\"http:\/\/autosdelpodio.com\/autos\/peugeot-partner-en-argentina-segunda-parte\/\" target=\"_blank\" rel=\"noreferrer noopener\">Ver segunda parte &#8211; Peugeot Partner<\/a><\/strong><\/em><\/p>\n","protected":false},"excerpt":{"rendered":"<p>El acelerado proceso de integraci\u00f3n con Brasil y la expansi\u00f3n del mercado local y regionalresultaron determinantes para que Automobiles Peugeot<\/p>\n","protected":false},"author":3,"featured_media":8081,"comment_status":"open","ping_status":"open","sticky":false,"template":"","format":"standard","meta":{"colormag_page_container_layout":"default_layout","colormag_page_sidebar_layout":"default_layout","footnotes":""},"categories":[21,5],"tags":[32,523,35],"class_list":["post-8079","post","type-post","status-publish","format-standard","has-post-thumbnail","hentry","category-autos-eternos","category-latest-news","tag-industria-automotriz","tag-peugeot","tag-republica-argentina"],"yoast_head":"<!-- This site is optimized with the Yoast SEO plugin v27.5 - https:\/\/yoast.com\/product\/yoast-seo-wordpress\/ -->\n<title>Autos del Podio | Peugeot Partner en Argentina - Primera parte<\/title>\n<meta name=\"description\" content=\"Autos del Podio Desarrollado en paralelo a su gemelo Citro\u00ebn Berlingo, el veh\u00edculo representaba un nuevo y polivalente concepto que permit\u00eda su configuraci\u00f3n tanto en modo utilitario como veh\u00edculo de pasajeros.\" \/>\n<meta name=\"robots\" content=\"index, follow, max-snippet:-1, max-image-preview:large, max-video-preview:-1\" \/>\n<link rel=\"canonical\" href=\"https:\/\/autosdelpodio.com\/autos\/peugeot-partner-en-argentina-primera-parte\/\" \/>\n<meta property=\"og:locale\" content=\"es_ES\" \/>\n<meta property=\"og:type\" content=\"article\" \/>\n<meta property=\"og:title\" content=\"Autos del Podio | Peugeot Partner en Argentina - Primera parte\" \/>\n<meta property=\"og:description\" content=\"Autos del Podio Desarrollado en paralelo a su gemelo Citro\u00ebn Berlingo, el veh\u00edculo representaba un nuevo y polivalente concepto que permit\u00eda su configuraci\u00f3n tanto en modo utilitario como veh\u00edculo de pasajeros.\" \/>\n<meta property=\"og:url\" content=\"https:\/\/autosdelpodio.com\/autos\/peugeot-partner-en-argentina-primera-parte\/\" \/>\n<meta property=\"og:site_name\" content=\"Autos del Podio\" \/>\n<meta property=\"article:publisher\" content=\"https:\/\/www.facebook.com\/profile.php?id=100057192590976&amp;amp%3bamp%3bamp%3bamp%3bamp%3bamp%3bamp%3bamp%3bamp%3bamp%3bamp%3bamp%3bamp%3bamp%3bamp%3bamp%3bamp%3bamp%3bref=ts\" \/>\n<meta property=\"article:published_time\" content=\"2024-12-20T03:00:00+00:00\" \/>\n<meta property=\"article:modified_time\" content=\"2025-01-06T20:07:56+00:00\" \/>\n<meta property=\"og:image\" content=\"https:\/\/autosdelpodio.com\/autos\/wp-content\/uploads\/2024\/12\/Partner-Furgon_1998.jpg\" \/>\n\t<meta property=\"og:image:width\" content=\"500\" \/>\n\t<meta property=\"og:image:height\" content=\"325\" \/>\n\t<meta property=\"og:image:type\" content=\"image\/jpeg\" \/>\n<meta name=\"author\" content=\"autosdelpodio\" \/>\n<meta name=\"twitter:card\" content=\"summary_large_image\" \/>\n<meta name=\"twitter:creator\" content=\"@autosdelpodio\" \/>\n<meta name=\"twitter:site\" content=\"@autosdelpodio\" \/>\n<meta name=\"twitter:label1\" content=\"Escrito por\" \/>\n\t<meta name=\"twitter:data1\" content=\"autosdelpodio\" \/>\n\t<meta name=\"twitter:label2\" content=\"Tiempo de lectura\" \/>\n\t<meta name=\"twitter:data2\" content=\"3 minutos\" \/>\n<script type=\"application\/ld+json\" class=\"yoast-schema-graph\">{\"@context\":\"https:\\\/\\\/schema.org\",\"@graph\":[{\"@type\":\"Article\",\"@id\":\"https:\\\/\\\/autosdelpodio.com\\\/autos\\\/peugeot-partner-en-argentina-primera-parte\\\/#article\",\"isPartOf\":{\"@id\":\"https:\\\/\\\/autosdelpodio.com\\\/autos\\\/peugeot-partner-en-argentina-primera-parte\\\/\"},\"author\":{\"name\":\"autosdelpodio\",\"@id\":\"http:\\\/\\\/autosdelpodio.com\\\/autos\\\/#\\\/schema\\\/person\\\/993527a4d01c3acdd3d6bce3770bc942\"},\"headline\":\"Peugeot Partner en Argentina &#8211; Primera parte\",\"datePublished\":\"2024-12-20T03:00:00+00:00\",\"dateModified\":\"2025-01-06T20:07:56+00:00\",\"mainEntityOfPage\":{\"@id\":\"https:\\\/\\\/autosdelpodio.com\\\/autos\\\/peugeot-partner-en-argentina-primera-parte\\\/\"},\"wordCount\":597,\"commentCount\":1,\"publisher\":{\"@id\":\"http:\\\/\\\/autosdelpodio.com\\\/autos\\\/#organization\"},\"image\":{\"@id\":\"https:\\\/\\\/autosdelpodio.com\\\/autos\\\/peugeot-partner-en-argentina-primera-parte\\\/#primaryimage\"},\"thumbnailUrl\":\"http:\\\/\\\/autosdelpodio.com\\\/autos\\\/wp-content\\\/uploads\\\/2024\\\/12\\\/Partner-Furgon_1998.jpg\",\"keywords\":[\"Industria Automotriz\",\"Peugeot\",\"Republica Argentina\"],\"articleSection\":[\"Autos Eternos\",\"\u00daltimas noticias\"],\"inLanguage\":\"es\",\"potentialAction\":[{\"@type\":\"CommentAction\",\"name\":\"Comment\",\"target\":[\"https:\\\/\\\/autosdelpodio.com\\\/autos\\\/peugeot-partner-en-argentina-primera-parte\\\/#respond\"]}]},{\"@type\":\"WebPage\",\"@id\":\"https:\\\/\\\/autosdelpodio.com\\\/autos\\\/peugeot-partner-en-argentina-primera-parte\\\/\",\"url\":\"https:\\\/\\\/autosdelpodio.com\\\/autos\\\/peugeot-partner-en-argentina-primera-parte\\\/\",\"name\":\"Autos del Podio | Peugeot Partner en Argentina - Primera parte\",\"isPartOf\":{\"@id\":\"http:\\\/\\\/autosdelpodio.com\\\/autos\\\/#website\"},\"primaryImageOfPage\":{\"@id\":\"https:\\\/\\\/autosdelpodio.com\\\/autos\\\/peugeot-partner-en-argentina-primera-parte\\\/#primaryimage\"},\"image\":{\"@id\":\"https:\\\/\\\/autosdelpodio.com\\\/autos\\\/peugeot-partner-en-argentina-primera-parte\\\/#primaryimage\"},\"thumbnailUrl\":\"http:\\\/\\\/autosdelpodio.com\\\/autos\\\/wp-content\\\/uploads\\\/2024\\\/12\\\/Partner-Furgon_1998.jpg\",\"datePublished\":\"2024-12-20T03:00:00+00:00\",\"dateModified\":\"2025-01-06T20:07:56+00:00\",\"description\":\"Autos del Podio Desarrollado en paralelo a su gemelo Citro\u00ebn Berlingo, el veh\u00edculo representaba un nuevo y polivalente concepto que permit\u00eda su configuraci\u00f3n tanto en modo utilitario como veh\u00edculo de pasajeros.\",\"breadcrumb\":{\"@id\":\"https:\\\/\\\/autosdelpodio.com\\\/autos\\\/peugeot-partner-en-argentina-primera-parte\\\/#breadcrumb\"},\"inLanguage\":\"es\",\"potentialAction\":[{\"@type\":\"ReadAction\",\"target\":[\"https:\\\/\\\/autosdelpodio.com\\\/autos\\\/peugeot-partner-en-argentina-primera-parte\\\/\"]}]},{\"@type\":\"ImageObject\",\"inLanguage\":\"es\",\"@id\":\"https:\\\/\\\/autosdelpodio.com\\\/autos\\\/peugeot-partner-en-argentina-primera-parte\\\/#primaryimage\",\"url\":\"http:\\\/\\\/autosdelpodio.com\\\/autos\\\/wp-content\\\/uploads\\\/2024\\\/12\\\/Partner-Furgon_1998.jpg\",\"contentUrl\":\"http:\\\/\\\/autosdelpodio.com\\\/autos\\\/wp-content\\\/uploads\\\/2024\\\/12\\\/Partner-Furgon_1998.jpg\",\"width\":500,\"height\":325},{\"@type\":\"BreadcrumbList\",\"@id\":\"https:\\\/\\\/autosdelpodio.com\\\/autos\\\/peugeot-partner-en-argentina-primera-parte\\\/#breadcrumb\",\"itemListElement\":[{\"@type\":\"ListItem\",\"position\":1,\"name\":\"Portada\",\"item\":\"http:\\\/\\\/autosdelpodio.com\\\/autos\\\/\"},{\"@type\":\"ListItem\",\"position\":2,\"name\":\"Peugeot Partner en Argentina &#8211; Primera parte\"}]},{\"@type\":\"WebSite\",\"@id\":\"http:\\\/\\\/autosdelpodio.com\\\/autos\\\/#website\",\"url\":\"http:\\\/\\\/autosdelpodio.com\\\/autos\\\/\",\"name\":\"Autos del Podio\",\"description\":\"La sexta del deporte motor\",\"publisher\":{\"@id\":\"http:\\\/\\\/autosdelpodio.com\\\/autos\\\/#organization\"},\"potentialAction\":[{\"@type\":\"SearchAction\",\"target\":{\"@type\":\"EntryPoint\",\"urlTemplate\":\"http:\\\/\\\/autosdelpodio.com\\\/autos\\\/?s={search_term_string}\"},\"query-input\":{\"@type\":\"PropertyValueSpecification\",\"valueRequired\":true,\"valueName\":\"search_term_string\"}}],\"inLanguage\":\"es\"},{\"@type\":\"Organization\",\"@id\":\"http:\\\/\\\/autosdelpodio.com\\\/autos\\\/#organization\",\"name\":\"Autos del Podio\",\"url\":\"http:\\\/\\\/autosdelpodio.com\\\/autos\\\/\",\"logo\":{\"@type\":\"ImageObject\",\"inLanguage\":\"es\",\"@id\":\"http:\\\/\\\/autosdelpodio.com\\\/autos\\\/#\\\/schema\\\/logo\\\/image\\\/\",\"url\":\"http:\\\/\\\/autosdelpodio.com\\\/autos\\\/wp-content\\\/uploads\\\/2020\\\/08\\\/Logo_AR.jpg\",\"contentUrl\":\"http:\\\/\\\/autosdelpodio.com\\\/autos\\\/wp-content\\\/uploads\\\/2020\\\/08\\\/Logo_AR.jpg\",\"width\":1038,\"height\":1044,\"caption\":\"Autos del Podio\"},\"image\":{\"@id\":\"http:\\\/\\\/autosdelpodio.com\\\/autos\\\/#\\\/schema\\\/logo\\\/image\\\/\"},\"sameAs\":[\"https:\\\/\\\/www.facebook.com\\\/profile.php?id=100057192590976&amp;amp;amp;amp;amp;amp;amp;amp;amp;amp;amp;amp;amp;amp;amp;amp;amp;amp;ref=ts\",\"https:\\\/\\\/x.com\\\/autosdelpodio\",\"https:\\\/\\\/www.youtube.com\\\/user\\\/AutosdelPodio\"]},{\"@type\":\"Person\",\"@id\":\"http:\\\/\\\/autosdelpodio.com\\\/autos\\\/#\\\/schema\\\/person\\\/993527a4d01c3acdd3d6bce3770bc942\",\"name\":\"autosdelpodio\",\"image\":{\"@type\":\"ImageObject\",\"inLanguage\":\"es\",\"@id\":\"http:\\\/\\\/autosdelpodio.com\\\/autos\\\/wp-content\\\/litespeed\\\/avatar\\\/aa8f65cd201a80f6b844f63278aa84af.jpg?ver=1777403005\",\"url\":\"http:\\\/\\\/autosdelpodio.com\\\/autos\\\/wp-content\\\/litespeed\\\/avatar\\\/aa8f65cd201a80f6b844f63278aa84af.jpg?ver=1777403005\",\"contentUrl\":\"http:\\\/\\\/autosdelpodio.com\\\/autos\\\/wp-content\\\/litespeed\\\/avatar\\\/aa8f65cd201a80f6b844f63278aa84af.jpg?ver=1777403005\",\"caption\":\"autosdelpodio\"}}]}<\/script>\n<!-- \/ Yoast SEO plugin. -->","yoast_head_json":{"title":"Autos del Podio | Peugeot Partner en Argentina - Primera parte","description":"Autos del Podio Desarrollado en paralelo a su gemelo Citro\u00ebn Berlingo, el veh\u00edculo representaba un nuevo y polivalente concepto que permit\u00eda su configuraci\u00f3n tanto en modo utilitario como veh\u00edculo de pasajeros.","robots":{"index":"index","follow":"follow","max-snippet":"max-snippet:-1","max-image-preview":"max-image-preview:large","max-video-preview":"max-video-preview:-1"},"canonical":"https:\/\/autosdelpodio.com\/autos\/peugeot-partner-en-argentina-primera-parte\/","og_locale":"es_ES","og_type":"article","og_title":"Autos del Podio | Peugeot Partner en Argentina - Primera parte","og_description":"Autos del Podio Desarrollado en paralelo a su gemelo Citro\u00ebn Berlingo, el veh\u00edculo representaba un nuevo y polivalente concepto que permit\u00eda su configuraci\u00f3n tanto en modo utilitario como veh\u00edculo de pasajeros.","og_url":"https:\/\/autosdelpodio.com\/autos\/peugeot-partner-en-argentina-primera-parte\/","og_site_name":"Autos del Podio","article_publisher":"https:\/\/www.facebook.com\/profile.php?id=100057192590976&amp%3bamp%3bamp%3bamp%3bamp%3bamp%3bamp%3bamp%3bamp%3bamp%3bamp%3bamp%3bamp%3bamp%3bamp%3bamp%3bamp%3bamp%3bref=ts","article_published_time":"2024-12-20T03:00:00+00:00","article_modified_time":"2025-01-06T20:07:56+00:00","og_image":[{"width":500,"height":325,"url":"https:\/\/autosdelpodio.com\/autos\/wp-content\/uploads\/2024\/12\/Partner-Furgon_1998.jpg","type":"image\/jpeg"}],"author":"autosdelpodio","twitter_card":"summary_large_image","twitter_creator":"@autosdelpodio","twitter_site":"@autosdelpodio","twitter_misc":{"Escrito por":"autosdelpodio","Tiempo de lectura":"3 minutos"},"schema":{"@context":"https:\/\/schema.org","@graph":[{"@type":"Article","@id":"https:\/\/autosdelpodio.com\/autos\/peugeot-partner-en-argentina-primera-parte\/#article","isPartOf":{"@id":"https:\/\/autosdelpodio.com\/autos\/peugeot-partner-en-argentina-primera-parte\/"},"author":{"name":"autosdelpodio","@id":"http:\/\/autosdelpodio.com\/autos\/#\/schema\/person\/993527a4d01c3acdd3d6bce3770bc942"},"headline":"Peugeot Partner en Argentina &#8211; Primera parte","datePublished":"2024-12-20T03:00:00+00:00","dateModified":"2025-01-06T20:07:56+00:00","mainEntityOfPage":{"@id":"https:\/\/autosdelpodio.com\/autos\/peugeot-partner-en-argentina-primera-parte\/"},"wordCount":597,"commentCount":1,"publisher":{"@id":"http:\/\/autosdelpodio.com\/autos\/#organization"},"image":{"@id":"https:\/\/autosdelpodio.com\/autos\/peugeot-partner-en-argentina-primera-parte\/#primaryimage"},"thumbnailUrl":"http:\/\/autosdelpodio.com\/autos\/wp-content\/uploads\/2024\/12\/Partner-Furgon_1998.jpg","keywords":["Industria Automotriz","Peugeot","Republica Argentina"],"articleSection":["Autos Eternos","\u00daltimas noticias"],"inLanguage":"es","potentialAction":[{"@type":"CommentAction","name":"Comment","target":["https:\/\/autosdelpodio.com\/autos\/peugeot-partner-en-argentina-primera-parte\/#respond"]}]},{"@type":"WebPage","@id":"https:\/\/autosdelpodio.com\/autos\/peugeot-partner-en-argentina-primera-parte\/","url":"https:\/\/autosdelpodio.com\/autos\/peugeot-partner-en-argentina-primera-parte\/","name":"Autos del Podio | Peugeot Partner en Argentina - Primera parte","isPartOf":{"@id":"http:\/\/autosdelpodio.com\/autos\/#website"},"primaryImageOfPage":{"@id":"https:\/\/autosdelpodio.com\/autos\/peugeot-partner-en-argentina-primera-parte\/#primaryimage"},"image":{"@id":"https:\/\/autosdelpodio.com\/autos\/peugeot-partner-en-argentina-primera-parte\/#primaryimage"},"thumbnailUrl":"http:\/\/autosdelpodio.com\/autos\/wp-content\/uploads\/2024\/12\/Partner-Furgon_1998.jpg","datePublished":"2024-12-20T03:00:00+00:00","dateModified":"2025-01-06T20:07:56+00:00","description":"Autos del Podio Desarrollado en paralelo a su gemelo Citro\u00ebn Berlingo, el veh\u00edculo representaba un nuevo y polivalente concepto que permit\u00eda su configuraci\u00f3n tanto en modo utilitario como veh\u00edculo de pasajeros.","breadcrumb":{"@id":"https:\/\/autosdelpodio.com\/autos\/peugeot-partner-en-argentina-primera-parte\/#breadcrumb"},"inLanguage":"es","potentialAction":[{"@type":"ReadAction","target":["https:\/\/autosdelpodio.com\/autos\/peugeot-partner-en-argentina-primera-parte\/"]}]},{"@type":"ImageObject","inLanguage":"es","@id":"https:\/\/autosdelpodio.com\/autos\/peugeot-partner-en-argentina-primera-parte\/#primaryimage","url":"http:\/\/autosdelpodio.com\/autos\/wp-content\/uploads\/2024\/12\/Partner-Furgon_1998.jpg","contentUrl":"http:\/\/autosdelpodio.com\/autos\/wp-content\/uploads\/2024\/12\/Partner-Furgon_1998.jpg","width":500,"height":325},{"@type":"BreadcrumbList","@id":"https:\/\/autosdelpodio.com\/autos\/peugeot-partner-en-argentina-primera-parte\/#breadcrumb","itemListElement":[{"@type":"ListItem","position":1,"name":"Portada","item":"http:\/\/autosdelpodio.com\/autos\/"},{"@type":"ListItem","position":2,"name":"Peugeot Partner en Argentina &#8211; Primera parte"}]},{"@type":"WebSite","@id":"http:\/\/autosdelpodio.com\/autos\/#website","url":"http:\/\/autosdelpodio.com\/autos\/","name":"Autos del Podio","description":"La sexta del deporte motor","publisher":{"@id":"http:\/\/autosdelpodio.com\/autos\/#organization"},"potentialAction":[{"@type":"SearchAction","target":{"@type":"EntryPoint","urlTemplate":"http:\/\/autosdelpodio.com\/autos\/?s={search_term_string}"},"query-input":{"@type":"PropertyValueSpecification","valueRequired":true,"valueName":"search_term_string"}}],"inLanguage":"es"},{"@type":"Organization","@id":"http:\/\/autosdelpodio.com\/autos\/#organization","name":"Autos del Podio","url":"http:\/\/autosdelpodio.com\/autos\/","logo":{"@type":"ImageObject","inLanguage":"es","@id":"http:\/\/autosdelpodio.com\/autos\/#\/schema\/logo\/image\/","url":"http:\/\/autosdelpodio.com\/autos\/wp-content\/uploads\/2020\/08\/Logo_AR.jpg","contentUrl":"http:\/\/autosdelpodio.com\/autos\/wp-content\/uploads\/2020\/08\/Logo_AR.jpg","width":1038,"height":1044,"caption":"Autos del Podio"},"image":{"@id":"http:\/\/autosdelpodio.com\/autos\/#\/schema\/logo\/image\/"},"sameAs":["https:\/\/www.facebook.com\/profile.php?id=100057192590976&amp;amp;amp;amp;amp;amp;amp;amp;amp;amp;amp;amp;amp;amp;amp;amp;amp;amp;ref=ts","https:\/\/x.com\/autosdelpodio","https:\/\/www.youtube.com\/user\/AutosdelPodio"]},{"@type":"Person","@id":"http:\/\/autosdelpodio.com\/autos\/#\/schema\/person\/993527a4d01c3acdd3d6bce3770bc942","name":"autosdelpodio","image":{"@type":"ImageObject","inLanguage":"es","@id":"http:\/\/autosdelpodio.com\/autos\/wp-content\/litespeed\/avatar\/aa8f65cd201a80f6b844f63278aa84af.jpg?ver=1777403005","url":"http:\/\/autosdelpodio.com\/autos\/wp-content\/litespeed\/avatar\/aa8f65cd201a80f6b844f63278aa84af.jpg?ver=1777403005","contentUrl":"http:\/\/autosdelpodio.com\/autos\/wp-content\/litespeed\/avatar\/aa8f65cd201a80f6b844f63278aa84af.jpg?ver=1777403005","caption":"autosdelpodio"}}]}},"views":910,"_links":{"self":[{"href":"http:\/\/autosdelpodio.com\/autos\/wp-json\/wp\/v2\/posts\/8079","targetHints":{"allow":["GET"]}}],"collection":[{"href":"http:\/\/autosdelpodio.com\/autos\/wp-json\/wp\/v2\/posts"}],"about":[{"href":"http:\/\/autosdelpodio.com\/autos\/wp-json\/wp\/v2\/types\/post"}],"author":[{"embeddable":true,"href":"http:\/\/autosdelpodio.com\/autos\/wp-json\/wp\/v2\/users\/3"}],"replies":[{"embeddable":true,"href":"http:\/\/autosdelpodio.com\/autos\/wp-json\/wp\/v2\/comments?post=8079"}],"version-history":[{"count":4,"href":"http:\/\/autosdelpodio.com\/autos\/wp-json\/wp\/v2\/posts\/8079\/revisions"}],"predecessor-version":[{"id":8112,"href":"http:\/\/autosdelpodio.com\/autos\/wp-json\/wp\/v2\/posts\/8079\/revisions\/8112"}],"wp:featuredmedia":[{"embeddable":true,"href":"http:\/\/autosdelpodio.com\/autos\/wp-json\/wp\/v2\/media\/8081"}],"wp:attachment":[{"href":"http:\/\/autosdelpodio.com\/autos\/wp-json\/wp\/v2\/media?parent=8079"}],"wp:term":[{"taxonomy":"category","embeddable":true,"href":"http:\/\/autosdelpodio.com\/autos\/wp-json\/wp\/v2\/categories?post=8079"},{"taxonomy":"post_tag","embeddable":true,"href":"http:\/\/autosdelpodio.com\/autos\/wp-json\/wp\/v2\/tags?post=8079"}],"curies":[{"name":"wp","href":"https:\/\/api.w.org\/{rel}","templated":true}]}}