{"id":8093,"date":"2024-12-31T10:52:23","date_gmt":"2024-12-31T13:52:23","guid":{"rendered":"http:\/\/autosdelpodio.com\/autos\/?p=8093"},"modified":"2024-12-31T10:55:21","modified_gmt":"2024-12-31T13:55:21","slug":"la-trendline-mt-4x4-completa-la-gama-amarok","status":"publish","type":"post","link":"http:\/\/autosdelpodio.com\/autos\/la-trendline-mt-4x4-completa-la-gama-amarok\/","title":{"rendered":"La \u201cTrendline\u201d MT 4\u00d74 completa la gama Amarok"},"content":{"rendered":"\n<p>La nueva Amarok \u201cTrendline\u201d MT 4\u00d74, est\u00e1 equipada con el motor 2.0 TDI Biturbo de 4 cilindros en l\u00ednea, 400Nm de torque a partir de las 1.500 rpm y 180 cv combinado con una transmisi\u00f3n manual de 6 marchas y tracci\u00f3n 4\u00d74<strong>,<\/strong>&nbsp;con reductora y bloqueo mec\u00e1nico y electr\u00f3nico de diferencial, garantizando potencia y control en todo tipo de terrenos. Ofrece mayor equipamiento que su predecesora encontrando en su exterior nuevos faros delanteros con tecnolog\u00eda \u201cVW LED\u201d con funci\u00f3n DRL integrada, overfenders color carrocer\u00eda, lona mar\u00edtima de serie, llantas de aleaci\u00f3n \u201cMilford\u201d de 19\u201d, iluminaci\u00f3n de caja de carga, sensores de estacionamiento trasero.En su interior se destaca un nuevo volante multifunci\u00f3n revestido en cuero con costura llamada \u201cFlint Grey\u201d, sistema multimedia \u201cComposition Touch\u201d de 9\u201d con \u201cApp Connect\u201d, control de velocidad crucero, espejos exteriores con regulaci\u00f3n el\u00e9ctrica y desempa\u00f1ador, nuevos puertos USB (1 tipo \u201cA\u201d frontal + 2 tipo \u201cC\u201d traseros) para conectar y cargar cualquier dispositivo. Por otro lado, suma un nuevo dise\u00f1o de asientos con tapizado en cuero sint\u00e9tico, apoyabrazos central para mayor comodidad a bordo y el piso del veh\u00edculo est\u00e1 completamente revestido en goma aportando gran facilidad para su limpieza. En t\u00e9rminos de seguridad, la carrocer\u00eda de la nueva Amarok cuenta con refuerzos laterales incorporados en la puertas delanteras y traseras, equipa airbags frontales para conductor y acompa\u00f1ante, airbargs laterales y nuevos airbags de cortina tanto delanteros como traseros. Tambi\u00e9n suma una alerta tanto ac\u00fastica como visual de cinturones de seguridad no abrochados en plazas delanteras y traseras para todas las versiones, de serie.<\/p>\n\n\n\n<h3 class=\"wp-block-heading\">Colores<\/h3>\n\n\n\n<p>La nueva Amarok \u201cTrendline\u201d MT4x4 est\u00e1 disponible en 5 colores llamados \u201cPlata Pirita\u201d, \u201cAzul Atl\u00e1ntico\u201d, \u201cNegro Profundo\u201d, \u201cGris Indy\u201d y \u201cBlanco Puro\u201d.<\/p>\n\n\n\n<p>Todas las versiones de la Amarok tienen una garant\u00eda est\u00e1ndar de 6 a\u00f1os y\/o 150.000 Km, lo que ocurra primero. Las versiones 2.0 litros incluyen el primer servicio bonificado y la mano de obra del segundo y del tercero tambi\u00e9n bonificado. En especial las versiones V6 tienen bonificados desde el primer servicio hasta el tercero.<\/p>\n\n\n\n<p><em>Fuente: prensa Volkswagen Argentina<\/em><\/p>\n","protected":false},"excerpt":{"rendered":"<p>La nueva Amarok \u201cTrendline\u201d MT 4\u00d74, est\u00e1 equipada con el motor 2.0 TDI Biturbo de 4 cilindros en l\u00ednea, 400Nm<\/p>\n","protected":false},"author":3,"featured_media":8097,"comment_status":"open","ping_status":"open","sticky":false,"template":"","format":"standard","meta":{"colormag_page_container_layout":"default_layout","colormag_page_sidebar_layout":"default_layout","footnotes":""},"categories":[6,5],"tags":[494,411,32,291,129,208,35,90],"class_list":["post-8093","post","type-post","status-publish","format-standard","has-post-thumbnail","hentry","category-newsflash","category-latest-news","tag-0km","tag-4x4","tag-industria-automotriz","tag-lanzamientos","tag-pick-up","tag-produccion","tag-republica-argentina","tag-volkswagen"],"yoast_head":"<!-- This site is optimized with the Yoast SEO plugin v27.4 - https:\/\/yoast.com\/product\/yoast-seo-wordpress\/ -->\n<title>Autos del Podio | La \u201cTrendline\u201d MT 4\u00d74 completa la gama Amarok<\/title>\n<meta name=\"description\" content=\"Autos del Podio Volkswagen Argentina anunci\u00f3 el lanzamiento de la Nueva Amarok \u201cTrendline\u201d MT 4\u00d74\" \/>\n<meta name=\"robots\" content=\"index, follow, max-snippet:-1, max-image-preview:large, max-video-preview:-1\" \/>\n<link rel=\"canonical\" href=\"https:\/\/autosdelpodio.com\/autos\/la-trendline-mt-4x4-completa-la-gama-amarok\/\" \/>\n<meta property=\"og:locale\" content=\"es_ES\" \/>\n<meta property=\"og:type\" content=\"article\" \/>\n<meta property=\"og:title\" content=\"Autos del Podio | La \u201cTrendline\u201d MT 4\u00d74 completa la gama Amarok\" \/>\n<meta property=\"og:description\" content=\"Autos del Podio Volkswagen Argentina anunci\u00f3 el lanzamiento de la Nueva Amarok \u201cTrendline\u201d MT 4\u00d74\" \/>\n<meta property=\"og:url\" content=\"https:\/\/autosdelpodio.com\/autos\/la-trendline-mt-4x4-completa-la-gama-amarok\/\" \/>\n<meta property=\"og:site_name\" content=\"Autos del Podio\" \/>\n<meta property=\"article:publisher\" content=\"https:\/\/www.facebook.com\/profile.php?id=100057192590976&amp;amp%3bamp%3bamp%3bamp%3bamp%3bamp%3bamp%3bamp%3bamp%3bamp%3bamp%3bamp%3bamp%3bamp%3bamp%3bamp%3bamp%3bamp%3bref=ts\" \/>\n<meta property=\"article:published_time\" content=\"2024-12-31T13:52:23+00:00\" \/>\n<meta property=\"article:modified_time\" content=\"2024-12-31T13:55:21+00:00\" \/>\n<meta property=\"og:image\" content=\"https:\/\/autosdelpodio.com\/autos\/wp-content\/uploads\/2024\/12\/Trendline_Top.jpg\" \/>\n\t<meta property=\"og:image:width\" content=\"768\" \/>\n\t<meta property=\"og:image:height\" content=\"384\" \/>\n\t<meta property=\"og:image:type\" content=\"image\/jpeg\" \/>\n<meta name=\"author\" content=\"autosdelpodio\" \/>\n<meta name=\"twitter:card\" content=\"summary_large_image\" \/>\n<meta name=\"twitter:creator\" content=\"@autosdelpodio\" \/>\n<meta name=\"twitter:site\" content=\"@autosdelpodio\" \/>\n<meta name=\"twitter:label1\" content=\"Escrito por\" \/>\n\t<meta name=\"twitter:data1\" content=\"autosdelpodio\" \/>\n\t<meta name=\"twitter:label2\" content=\"Tiempo de lectura\" \/>\n\t<meta name=\"twitter:data2\" content=\"2 minutos\" \/>\n<script type=\"application\/ld+json\" class=\"yoast-schema-graph\">{\"@context\":\"https:\\\/\\\/schema.org\",\"@graph\":[{\"@type\":\"Article\",\"@id\":\"https:\\\/\\\/autosdelpodio.com\\\/autos\\\/la-trendline-mt-4x4-completa-la-gama-amarok\\\/#article\",\"isPartOf\":{\"@id\":\"https:\\\/\\\/autosdelpodio.com\\\/autos\\\/la-trendline-mt-4x4-completa-la-gama-amarok\\\/\"},\"author\":{\"name\":\"autosdelpodio\",\"@id\":\"http:\\\/\\\/autosdelpodio.com\\\/autos\\\/#\\\/schema\\\/person\\\/993527a4d01c3acdd3d6bce3770bc942\"},\"headline\":\"La \u201cTrendline\u201d MT 4\u00d74 completa la gama Amarok\",\"datePublished\":\"2024-12-31T13:52:23+00:00\",\"dateModified\":\"2024-12-31T13:55:21+00:00\",\"mainEntityOfPage\":{\"@id\":\"https:\\\/\\\/autosdelpodio.com\\\/autos\\\/la-trendline-mt-4x4-completa-la-gama-amarok\\\/\"},\"wordCount\":363,\"commentCount\":0,\"publisher\":{\"@id\":\"http:\\\/\\\/autosdelpodio.com\\\/autos\\\/#organization\"},\"image\":{\"@id\":\"https:\\\/\\\/autosdelpodio.com\\\/autos\\\/la-trendline-mt-4x4-completa-la-gama-amarok\\\/#primaryimage\"},\"thumbnailUrl\":\"http:\\\/\\\/autosdelpodio.com\\\/autos\\\/wp-content\\\/uploads\\\/2024\\\/12\\\/Trendline_Top.jpg\",\"keywords\":[\"0Km\",\"4x4\",\"Industria Automotriz\",\"Lanzamientos\",\"Pick Up\",\"Producci\u00f3n\",\"Republica Argentina\",\"Volkswagen\"],\"articleSection\":[\"Destacado\",\"\u00daltimas noticias\"],\"inLanguage\":\"es\",\"potentialAction\":[{\"@type\":\"CommentAction\",\"name\":\"Comment\",\"target\":[\"https:\\\/\\\/autosdelpodio.com\\\/autos\\\/la-trendline-mt-4x4-completa-la-gama-amarok\\\/#respond\"]}]},{\"@type\":\"WebPage\",\"@id\":\"https:\\\/\\\/autosdelpodio.com\\\/autos\\\/la-trendline-mt-4x4-completa-la-gama-amarok\\\/\",\"url\":\"https:\\\/\\\/autosdelpodio.com\\\/autos\\\/la-trendline-mt-4x4-completa-la-gama-amarok\\\/\",\"name\":\"Autos del Podio | La \u201cTrendline\u201d MT 4\u00d74 completa la gama Amarok\",\"isPartOf\":{\"@id\":\"http:\\\/\\\/autosdelpodio.com\\\/autos\\\/#website\"},\"primaryImageOfPage\":{\"@id\":\"https:\\\/\\\/autosdelpodio.com\\\/autos\\\/la-trendline-mt-4x4-completa-la-gama-amarok\\\/#primaryimage\"},\"image\":{\"@id\":\"https:\\\/\\\/autosdelpodio.com\\\/autos\\\/la-trendline-mt-4x4-completa-la-gama-amarok\\\/#primaryimage\"},\"thumbnailUrl\":\"http:\\\/\\\/autosdelpodio.com\\\/autos\\\/wp-content\\\/uploads\\\/2024\\\/12\\\/Trendline_Top.jpg\",\"datePublished\":\"2024-12-31T13:52:23+00:00\",\"dateModified\":\"2024-12-31T13:55:21+00:00\",\"description\":\"Autos del Podio Volkswagen Argentina anunci\u00f3 el lanzamiento de la Nueva Amarok \u201cTrendline\u201d MT 4\u00d74\",\"breadcrumb\":{\"@id\":\"https:\\\/\\\/autosdelpodio.com\\\/autos\\\/la-trendline-mt-4x4-completa-la-gama-amarok\\\/#breadcrumb\"},\"inLanguage\":\"es\",\"potentialAction\":[{\"@type\":\"ReadAction\",\"target\":[\"https:\\\/\\\/autosdelpodio.com\\\/autos\\\/la-trendline-mt-4x4-completa-la-gama-amarok\\\/\"]}]},{\"@type\":\"ImageObject\",\"inLanguage\":\"es\",\"@id\":\"https:\\\/\\\/autosdelpodio.com\\\/autos\\\/la-trendline-mt-4x4-completa-la-gama-amarok\\\/#primaryimage\",\"url\":\"http:\\\/\\\/autosdelpodio.com\\\/autos\\\/wp-content\\\/uploads\\\/2024\\\/12\\\/Trendline_Top.jpg\",\"contentUrl\":\"http:\\\/\\\/autosdelpodio.com\\\/autos\\\/wp-content\\\/uploads\\\/2024\\\/12\\\/Trendline_Top.jpg\",\"width\":768,\"height\":384},{\"@type\":\"BreadcrumbList\",\"@id\":\"https:\\\/\\\/autosdelpodio.com\\\/autos\\\/la-trendline-mt-4x4-completa-la-gama-amarok\\\/#breadcrumb\",\"itemListElement\":[{\"@type\":\"ListItem\",\"position\":1,\"name\":\"Portada\",\"item\":\"http:\\\/\\\/autosdelpodio.com\\\/autos\\\/\"},{\"@type\":\"ListItem\",\"position\":2,\"name\":\"La \u201cTrendline\u201d MT 4\u00d74 completa la gama Amarok\"}]},{\"@type\":\"WebSite\",\"@id\":\"http:\\\/\\\/autosdelpodio.com\\\/autos\\\/#website\",\"url\":\"http:\\\/\\\/autosdelpodio.com\\\/autos\\\/\",\"name\":\"Autos del Podio\",\"description\":\"La sexta del deporte motor\",\"publisher\":{\"@id\":\"http:\\\/\\\/autosdelpodio.com\\\/autos\\\/#organization\"},\"potentialAction\":[{\"@type\":\"SearchAction\",\"target\":{\"@type\":\"EntryPoint\",\"urlTemplate\":\"http:\\\/\\\/autosdelpodio.com\\\/autos\\\/?s={search_term_string}\"},\"query-input\":{\"@type\":\"PropertyValueSpecification\",\"valueRequired\":true,\"valueName\":\"search_term_string\"}}],\"inLanguage\":\"es\"},{\"@type\":\"Organization\",\"@id\":\"http:\\\/\\\/autosdelpodio.com\\\/autos\\\/#organization\",\"name\":\"Autos del Podio\",\"url\":\"http:\\\/\\\/autosdelpodio.com\\\/autos\\\/\",\"logo\":{\"@type\":\"ImageObject\",\"inLanguage\":\"es\",\"@id\":\"http:\\\/\\\/autosdelpodio.com\\\/autos\\\/#\\\/schema\\\/logo\\\/image\\\/\",\"url\":\"http:\\\/\\\/autosdelpodio.com\\\/autos\\\/wp-content\\\/uploads\\\/2020\\\/08\\\/Logo_AR.jpg\",\"contentUrl\":\"http:\\\/\\\/autosdelpodio.com\\\/autos\\\/wp-content\\\/uploads\\\/2020\\\/08\\\/Logo_AR.jpg\",\"width\":1038,\"height\":1044,\"caption\":\"Autos del Podio\"},\"image\":{\"@id\":\"http:\\\/\\\/autosdelpodio.com\\\/autos\\\/#\\\/schema\\\/logo\\\/image\\\/\"},\"sameAs\":[\"https:\\\/\\\/www.facebook.com\\\/profile.php?id=100057192590976&amp;amp;amp;amp;amp;amp;amp;amp;amp;amp;amp;amp;amp;amp;amp;amp;amp;amp;ref=ts\",\"https:\\\/\\\/x.com\\\/autosdelpodio\",\"https:\\\/\\\/www.youtube.com\\\/user\\\/AutosdelPodio\"]},{\"@type\":\"Person\",\"@id\":\"http:\\\/\\\/autosdelpodio.com\\\/autos\\\/#\\\/schema\\\/person\\\/993527a4d01c3acdd3d6bce3770bc942\",\"name\":\"autosdelpodio\",\"image\":{\"@type\":\"ImageObject\",\"inLanguage\":\"es\",\"@id\":\"http:\\\/\\\/autosdelpodio.com\\\/autos\\\/wp-content\\\/litespeed\\\/avatar\\\/aa8f65cd201a80f6b844f63278aa84af.jpg?ver=1776798175\",\"url\":\"http:\\\/\\\/autosdelpodio.com\\\/autos\\\/wp-content\\\/litespeed\\\/avatar\\\/aa8f65cd201a80f6b844f63278aa84af.jpg?ver=1776798175\",\"contentUrl\":\"http:\\\/\\\/autosdelpodio.com\\\/autos\\\/wp-content\\\/litespeed\\\/avatar\\\/aa8f65cd201a80f6b844f63278aa84af.jpg?ver=1776798175\",\"caption\":\"autosdelpodio\"}}]}<\/script>\n<!-- \/ Yoast SEO plugin. -->","yoast_head_json":{"title":"Autos del Podio | La \u201cTrendline\u201d MT 4\u00d74 completa la gama Amarok","description":"Autos del Podio Volkswagen Argentina anunci\u00f3 el lanzamiento de la Nueva Amarok \u201cTrendline\u201d MT 4\u00d74","robots":{"index":"index","follow":"follow","max-snippet":"max-snippet:-1","max-image-preview":"max-image-preview:large","max-video-preview":"max-video-preview:-1"},"canonical":"https:\/\/autosdelpodio.com\/autos\/la-trendline-mt-4x4-completa-la-gama-amarok\/","og_locale":"es_ES","og_type":"article","og_title":"Autos del Podio | La \u201cTrendline\u201d MT 4\u00d74 completa la gama Amarok","og_description":"Autos del Podio Volkswagen Argentina anunci\u00f3 el lanzamiento de la Nueva Amarok \u201cTrendline\u201d MT 4\u00d74","og_url":"https:\/\/autosdelpodio.com\/autos\/la-trendline-mt-4x4-completa-la-gama-amarok\/","og_site_name":"Autos del Podio","article_publisher":"https:\/\/www.facebook.com\/profile.php?id=100057192590976&amp%3bamp%3bamp%3bamp%3bamp%3bamp%3bamp%3bamp%3bamp%3bamp%3bamp%3bamp%3bamp%3bamp%3bamp%3bamp%3bamp%3bamp%3bref=ts","article_published_time":"2024-12-31T13:52:23+00:00","article_modified_time":"2024-12-31T13:55:21+00:00","og_image":[{"width":768,"height":384,"url":"https:\/\/autosdelpodio.com\/autos\/wp-content\/uploads\/2024\/12\/Trendline_Top.jpg","type":"image\/jpeg"}],"author":"autosdelpodio","twitter_card":"summary_large_image","twitter_creator":"@autosdelpodio","twitter_site":"@autosdelpodio","twitter_misc":{"Escrito por":"autosdelpodio","Tiempo de lectura":"2 minutos"},"schema":{"@context":"https:\/\/schema.org","@graph":[{"@type":"Article","@id":"https:\/\/autosdelpodio.com\/autos\/la-trendline-mt-4x4-completa-la-gama-amarok\/#article","isPartOf":{"@id":"https:\/\/autosdelpodio.com\/autos\/la-trendline-mt-4x4-completa-la-gama-amarok\/"},"author":{"name":"autosdelpodio","@id":"http:\/\/autosdelpodio.com\/autos\/#\/schema\/person\/993527a4d01c3acdd3d6bce3770bc942"},"headline":"La \u201cTrendline\u201d MT 4\u00d74 completa la gama Amarok","datePublished":"2024-12-31T13:52:23+00:00","dateModified":"2024-12-31T13:55:21+00:00","mainEntityOfPage":{"@id":"https:\/\/autosdelpodio.com\/autos\/la-trendline-mt-4x4-completa-la-gama-amarok\/"},"wordCount":363,"commentCount":0,"publisher":{"@id":"http:\/\/autosdelpodio.com\/autos\/#organization"},"image":{"@id":"https:\/\/autosdelpodio.com\/autos\/la-trendline-mt-4x4-completa-la-gama-amarok\/#primaryimage"},"thumbnailUrl":"http:\/\/autosdelpodio.com\/autos\/wp-content\/uploads\/2024\/12\/Trendline_Top.jpg","keywords":["0Km","4x4","Industria Automotriz","Lanzamientos","Pick Up","Producci\u00f3n","Republica Argentina","Volkswagen"],"articleSection":["Destacado","\u00daltimas noticias"],"inLanguage":"es","potentialAction":[{"@type":"CommentAction","name":"Comment","target":["https:\/\/autosdelpodio.com\/autos\/la-trendline-mt-4x4-completa-la-gama-amarok\/#respond"]}]},{"@type":"WebPage","@id":"https:\/\/autosdelpodio.com\/autos\/la-trendline-mt-4x4-completa-la-gama-amarok\/","url":"https:\/\/autosdelpodio.com\/autos\/la-trendline-mt-4x4-completa-la-gama-amarok\/","name":"Autos del Podio | La \u201cTrendline\u201d MT 4\u00d74 completa la gama Amarok","isPartOf":{"@id":"http:\/\/autosdelpodio.com\/autos\/#website"},"primaryImageOfPage":{"@id":"https:\/\/autosdelpodio.com\/autos\/la-trendline-mt-4x4-completa-la-gama-amarok\/#primaryimage"},"image":{"@id":"https:\/\/autosdelpodio.com\/autos\/la-trendline-mt-4x4-completa-la-gama-amarok\/#primaryimage"},"thumbnailUrl":"http:\/\/autosdelpodio.com\/autos\/wp-content\/uploads\/2024\/12\/Trendline_Top.jpg","datePublished":"2024-12-31T13:52:23+00:00","dateModified":"2024-12-31T13:55:21+00:00","description":"Autos del Podio Volkswagen Argentina anunci\u00f3 el lanzamiento de la Nueva Amarok \u201cTrendline\u201d MT 4\u00d74","breadcrumb":{"@id":"https:\/\/autosdelpodio.com\/autos\/la-trendline-mt-4x4-completa-la-gama-amarok\/#breadcrumb"},"inLanguage":"es","potentialAction":[{"@type":"ReadAction","target":["https:\/\/autosdelpodio.com\/autos\/la-trendline-mt-4x4-completa-la-gama-amarok\/"]}]},{"@type":"ImageObject","inLanguage":"es","@id":"https:\/\/autosdelpodio.com\/autos\/la-trendline-mt-4x4-completa-la-gama-amarok\/#primaryimage","url":"http:\/\/autosdelpodio.com\/autos\/wp-content\/uploads\/2024\/12\/Trendline_Top.jpg","contentUrl":"http:\/\/autosdelpodio.com\/autos\/wp-content\/uploads\/2024\/12\/Trendline_Top.jpg","width":768,"height":384},{"@type":"BreadcrumbList","@id":"https:\/\/autosdelpodio.com\/autos\/la-trendline-mt-4x4-completa-la-gama-amarok\/#breadcrumb","itemListElement":[{"@type":"ListItem","position":1,"name":"Portada","item":"http:\/\/autosdelpodio.com\/autos\/"},{"@type":"ListItem","position":2,"name":"La \u201cTrendline\u201d MT 4\u00d74 completa la gama Amarok"}]},{"@type":"WebSite","@id":"http:\/\/autosdelpodio.com\/autos\/#website","url":"http:\/\/autosdelpodio.com\/autos\/","name":"Autos del Podio","description":"La sexta del deporte motor","publisher":{"@id":"http:\/\/autosdelpodio.com\/autos\/#organization"},"potentialAction":[{"@type":"SearchAction","target":{"@type":"EntryPoint","urlTemplate":"http:\/\/autosdelpodio.com\/autos\/?s={search_term_string}"},"query-input":{"@type":"PropertyValueSpecification","valueRequired":true,"valueName":"search_term_string"}}],"inLanguage":"es"},{"@type":"Organization","@id":"http:\/\/autosdelpodio.com\/autos\/#organization","name":"Autos del Podio","url":"http:\/\/autosdelpodio.com\/autos\/","logo":{"@type":"ImageObject","inLanguage":"es","@id":"http:\/\/autosdelpodio.com\/autos\/#\/schema\/logo\/image\/","url":"http:\/\/autosdelpodio.com\/autos\/wp-content\/uploads\/2020\/08\/Logo_AR.jpg","contentUrl":"http:\/\/autosdelpodio.com\/autos\/wp-content\/uploads\/2020\/08\/Logo_AR.jpg","width":1038,"height":1044,"caption":"Autos del Podio"},"image":{"@id":"http:\/\/autosdelpodio.com\/autos\/#\/schema\/logo\/image\/"},"sameAs":["https:\/\/www.facebook.com\/profile.php?id=100057192590976&amp;amp;amp;amp;amp;amp;amp;amp;amp;amp;amp;amp;amp;amp;amp;amp;amp;amp;ref=ts","https:\/\/x.com\/autosdelpodio","https:\/\/www.youtube.com\/user\/AutosdelPodio"]},{"@type":"Person","@id":"http:\/\/autosdelpodio.com\/autos\/#\/schema\/person\/993527a4d01c3acdd3d6bce3770bc942","name":"autosdelpodio","image":{"@type":"ImageObject","inLanguage":"es","@id":"http:\/\/autosdelpodio.com\/autos\/wp-content\/litespeed\/avatar\/aa8f65cd201a80f6b844f63278aa84af.jpg?ver=1776798175","url":"http:\/\/autosdelpodio.com\/autos\/wp-content\/litespeed\/avatar\/aa8f65cd201a80f6b844f63278aa84af.jpg?ver=1776798175","contentUrl":"http:\/\/autosdelpodio.com\/autos\/wp-content\/litespeed\/avatar\/aa8f65cd201a80f6b844f63278aa84af.jpg?ver=1776798175","caption":"autosdelpodio"}}]}},"views":532,"_links":{"self":[{"href":"http:\/\/autosdelpodio.com\/autos\/wp-json\/wp\/v2\/posts\/8093","targetHints":{"allow":["GET"]}}],"collection":[{"href":"http:\/\/autosdelpodio.com\/autos\/wp-json\/wp\/v2\/posts"}],"about":[{"href":"http:\/\/autosdelpodio.com\/autos\/wp-json\/wp\/v2\/types\/post"}],"author":[{"embeddable":true,"href":"http:\/\/autosdelpodio.com\/autos\/wp-json\/wp\/v2\/users\/3"}],"replies":[{"embeddable":true,"href":"http:\/\/autosdelpodio.com\/autos\/wp-json\/wp\/v2\/comments?post=8093"}],"version-history":[{"count":1,"href":"http:\/\/autosdelpodio.com\/autos\/wp-json\/wp\/v2\/posts\/8093\/revisions"}],"predecessor-version":[{"id":8094,"href":"http:\/\/autosdelpodio.com\/autos\/wp-json\/wp\/v2\/posts\/8093\/revisions\/8094"}],"wp:featuredmedia":[{"embeddable":true,"href":"http:\/\/autosdelpodio.com\/autos\/wp-json\/wp\/v2\/media\/8097"}],"wp:attachment":[{"href":"http:\/\/autosdelpodio.com\/autos\/wp-json\/wp\/v2\/media?parent=8093"}],"wp:term":[{"taxonomy":"category","embeddable":true,"href":"http:\/\/autosdelpodio.com\/autos\/wp-json\/wp\/v2\/categories?post=8093"},{"taxonomy":"post_tag","embeddable":true,"href":"http:\/\/autosdelpodio.com\/autos\/wp-json\/wp\/v2\/tags?post=8093"}],"curies":[{"name":"wp","href":"https:\/\/api.w.org\/{rel}","templated":true}]}}