{"id":8141,"date":"2025-01-23T16:03:26","date_gmt":"2025-01-23T19:03:26","guid":{"rendered":"http:\/\/autosdelpodio.com\/autos\/?p=8141"},"modified":"2025-01-23T16:03:28","modified_gmt":"2025-01-23T19:03:28","slug":"el-jeep-wrangler-se-renueva","status":"publish","type":"post","link":"http:\/\/autosdelpodio.com\/autos\/el-jeep-wrangler-se-renueva\/","title":{"rendered":"\u00a0El Jeep\u00a0Wrangler se renueva"},"content":{"rendered":"\n<p>Respaldado por su historia&nbsp;4\u00d74, el Jeep Wrangler 2025 incorpora importantes novedades en materia de dise\u00f1o exterior, tecnolog\u00eda interior y un nuevo motor turboalimentado.<\/p>\n\n\n\n<p>En esta nueva edici\u00f3n, suma en su exterior una parrilla redise\u00f1ada inspirada en el Rubicon 20th Anniversary que, adem\u00e1s de actualizar su dise\u00f1o, permite un mayor flujo de aire hacia el motor.<\/p>\n\n\n\n<p>Completando la actualizaci\u00f3n del exterior, el Jeep Wrangler ahora tiene un nuevo dise\u00f1o de llantas de 17 pulgadas y la antena ha sido reubicada integr\u00e1ndola al parabrisas para mejorar el despeje frontal por encima del capot y as\u00ed poder evitar de mejor manera obst\u00e1culos que pueden entorpecer en el desempe\u00f1o off road.<\/p>\n\n\n\n<p>Asimismo, incorpora m\u00e1s tecnolog\u00eda y confort gracias a una nueva pantalla multimedia touchscreen de 12,3 pulgadas con orientaci\u00f3n apaisada y asientos delanteros con ajuste el\u00e9ctrico y calefaccionados.<\/p>\n\n\n\n<p>El Jeep Wrangler actualiza su motor y ahora incorpora la motorizaci\u00f3n Hurricane 4 de 4 cilindros en l\u00ednea, turboalimentado, 2.0 L de 270 cv y 400 nm de torque a 3.000 rpm. Con respecto al motor que precede, este nuevo impulsor tiene mayor torque y un menor peso. Este conjunto est\u00e1 asociado a una caja autom\u00e1tica de 8 velocidades y una caja reductora&nbsp;ROCK-TRAC\u2122 HD. Las caracter\u00edsticas generales son:<\/p>\n\n\n\n<ul class=\"wp-block-list\">\n<li>2.0L<\/li>\n\n\n\n<li>Turboalimentado<\/li>\n\n\n\n<li>Inyecci\u00f3n directa<\/li>\n\n\n\n<li>270cv a 5.250rpm<\/li>\n\n\n\n<li>400Nm a 3.000rpm (+53Nm vs anterior motor)<\/li>\n\n\n\n<li>Caja autom\u00e1tica 8 velocidades<\/li>\n\n\n\n<li>Caja transferencia ROCK-TRAC\u2122<\/li>\n<\/ul>\n\n\n\n<p>En cuanto a la seguridad, la protecci\u00f3n de los ocupantes queda reflejada en todos los componentes de seguridad activa y pasiva disponibles, ahora incorporando nuevas funciones tales como:<\/p>\n\n\n\n<ul class=\"wp-block-list\">\n<li>Control crucero Adaptativo con funci\u00f3n Stop N\u2019 Go<\/li>\n\n\n\n<li>Luces altas autom\u00e1ticas<\/li>\n\n\n\n<li>Alerta de punto ciego<\/li>\n\n\n\n<li>Frenado aut\u00f3nomo de emergencia<\/li>\n<\/ul>\n\n\n\n<p>En cuanto a las capacidades off road, el nuevo Jeep Wrangler cuenta con una caja de transferencia ROC-TRACK\u2122 con 5 modos de manejo: 2WD, 4WD Auto, 4WD Part Time, N, 4WD LOW. Esto, sumado a los ejes r\u00edgidos delanteros y traseros, el bloqueo de diferencial TRU-LOCK, la desconexi\u00f3n electr\u00f3nica de la barra estabilizadora, el modo de manejo Off Road, la c\u00e1mara delantera para off road y el sello Trail Rated, lo convierten en uno de los veh\u00edculos para afrontar cualquier terreno.<\/p>\n\n\n\n<h3 class=\"wp-block-heading\">Garant\u00eda:<\/h3>\n\n\n\n<p>Al igual que el resto de la gama Jeep\u00ae, el modelo cuenta con una garant\u00eda transferible de 3 a\u00f1os \u00f3 100 000 km (lo que ocurra primero).<\/p>\n\n\n\n<p>Los servicios de mantenimiento deben ser realizados cada 12 meses 12.000 kil\u00f3metros, lo que ocurra primero.<\/p>\n\n\n\n<h5 class=\"wp-block-heading\">Precio:<\/h5>\n\n\n\n<p>Wrangler Rubicon 2.0 Turbo AT8 4\u00d74 \u2013 USD 147.000<\/p>\n\n\n\n<p><em>Fuente: prensa Stellantis Argentina<\/em><\/p>\n","protected":false},"excerpt":{"rendered":"<p>Respaldado por su historia&nbsp;4\u00d74, el Jeep Wrangler 2025 incorpora importantes novedades en materia de dise\u00f1o exterior, tecnolog\u00eda interior y un<\/p>\n","protected":false},"author":3,"featured_media":8143,"comment_status":"open","ping_status":"open","sticky":false,"template":"","format":"standard","meta":{"colormag_page_container_layout":"default_layout","colormag_page_sidebar_layout":"default_layout","footnotes":""},"categories":[6,5],"tags":[494,411,32,115,291,555],"class_list":["post-8141","post","type-post","status-publish","format-standard","has-post-thumbnail","hentry","category-newsflash","category-latest-news","tag-0km","tag-4x4","tag-industria-automotriz","tag-jeep","tag-lanzamientos","tag-stellantis"],"yoast_head":"<!-- This site is optimized with the Yoast SEO plugin v27.5 - https:\/\/yoast.com\/product\/yoast-seo-wordpress\/ -->\n<title>Autos del Podio | \u00a0El Jeep\u00a0Wrangler se renueva<\/title>\n<meta name=\"description\" content=\"Autos del Podio Jeep Wrangler es el emblema de la marca Jeep, representando m\u00e1s de 80 a\u00f1os de legado en capacidad todoterreno y esp\u00edritu aventurero.\" \/>\n<meta name=\"robots\" content=\"index, follow, max-snippet:-1, max-image-preview:large, max-video-preview:-1\" \/>\n<link rel=\"canonical\" href=\"https:\/\/autosdelpodio.com\/autos\/el-jeep-wrangler-se-renueva\/\" \/>\n<meta property=\"og:locale\" content=\"es_ES\" \/>\n<meta property=\"og:type\" content=\"article\" \/>\n<meta property=\"og:title\" content=\"Autos del Podio | \u00a0El Jeep\u00a0Wrangler se renueva\" \/>\n<meta property=\"og:description\" content=\"Autos del Podio Jeep Wrangler es el emblema de la marca Jeep, representando m\u00e1s de 80 a\u00f1os de legado en capacidad todoterreno y esp\u00edritu aventurero.\" \/>\n<meta property=\"og:url\" content=\"https:\/\/autosdelpodio.com\/autos\/el-jeep-wrangler-se-renueva\/\" \/>\n<meta property=\"og:site_name\" content=\"Autos del Podio\" \/>\n<meta property=\"article:publisher\" content=\"https:\/\/www.facebook.com\/profile.php?id=100057192590976&amp;amp%3bamp%3bamp%3bamp%3bamp%3bamp%3bamp%3bamp%3bamp%3bamp%3bamp%3bamp%3bamp%3bamp%3bamp%3bamp%3bamp%3bamp%3bref=ts\" \/>\n<meta property=\"article:published_time\" content=\"2025-01-23T19:03:26+00:00\" \/>\n<meta property=\"article:modified_time\" content=\"2025-01-23T19:03:28+00:00\" \/>\n<meta property=\"og:image\" content=\"https:\/\/autosdelpodio.com\/autos\/wp-content\/uploads\/2025\/01\/Jeep_Wrangler_2025.jpg\" \/>\n\t<meta property=\"og:image:width\" content=\"500\" \/>\n\t<meta property=\"og:image:height\" content=\"275\" \/>\n\t<meta property=\"og:image:type\" content=\"image\/jpeg\" \/>\n<meta name=\"author\" content=\"autosdelpodio\" \/>\n<meta name=\"twitter:card\" content=\"summary_large_image\" \/>\n<meta name=\"twitter:creator\" content=\"@autosdelpodio\" \/>\n<meta name=\"twitter:site\" content=\"@autosdelpodio\" \/>\n<meta name=\"twitter:label1\" content=\"Escrito por\" \/>\n\t<meta name=\"twitter:data1\" content=\"autosdelpodio\" \/>\n\t<meta name=\"twitter:label2\" content=\"Tiempo de lectura\" \/>\n\t<meta name=\"twitter:data2\" content=\"3 minutos\" \/>\n<script type=\"application\/ld+json\" class=\"yoast-schema-graph\">{\"@context\":\"https:\\\/\\\/schema.org\",\"@graph\":[{\"@type\":\"Article\",\"@id\":\"https:\\\/\\\/autosdelpodio.com\\\/autos\\\/el-jeep-wrangler-se-renueva\\\/#article\",\"isPartOf\":{\"@id\":\"https:\\\/\\\/autosdelpodio.com\\\/autos\\\/el-jeep-wrangler-se-renueva\\\/\"},\"author\":{\"name\":\"autosdelpodio\",\"@id\":\"http:\\\/\\\/autosdelpodio.com\\\/autos\\\/#\\\/schema\\\/person\\\/993527a4d01c3acdd3d6bce3770bc942\"},\"headline\":\"\u00a0El Jeep\u00a0Wrangler se renueva\",\"datePublished\":\"2025-01-23T19:03:26+00:00\",\"dateModified\":\"2025-01-23T19:03:28+00:00\",\"mainEntityOfPage\":{\"@id\":\"https:\\\/\\\/autosdelpodio.com\\\/autos\\\/el-jeep-wrangler-se-renueva\\\/\"},\"wordCount\":429,\"commentCount\":0,\"publisher\":{\"@id\":\"http:\\\/\\\/autosdelpodio.com\\\/autos\\\/#organization\"},\"image\":{\"@id\":\"https:\\\/\\\/autosdelpodio.com\\\/autos\\\/el-jeep-wrangler-se-renueva\\\/#primaryimage\"},\"thumbnailUrl\":\"http:\\\/\\\/autosdelpodio.com\\\/autos\\\/wp-content\\\/uploads\\\/2025\\\/01\\\/Jeep_Wrangler_2025.jpg\",\"keywords\":[\"0Km\",\"4x4\",\"Industria Automotriz\",\"Jeep\",\"Lanzamientos\",\"Stellantis\"],\"articleSection\":[\"Destacado\",\"\u00daltimas noticias\"],\"inLanguage\":\"es\",\"potentialAction\":[{\"@type\":\"CommentAction\",\"name\":\"Comment\",\"target\":[\"https:\\\/\\\/autosdelpodio.com\\\/autos\\\/el-jeep-wrangler-se-renueva\\\/#respond\"]}]},{\"@type\":\"WebPage\",\"@id\":\"https:\\\/\\\/autosdelpodio.com\\\/autos\\\/el-jeep-wrangler-se-renueva\\\/\",\"url\":\"https:\\\/\\\/autosdelpodio.com\\\/autos\\\/el-jeep-wrangler-se-renueva\\\/\",\"name\":\"Autos del Podio | \u00a0El Jeep\u00a0Wrangler se renueva\",\"isPartOf\":{\"@id\":\"http:\\\/\\\/autosdelpodio.com\\\/autos\\\/#website\"},\"primaryImageOfPage\":{\"@id\":\"https:\\\/\\\/autosdelpodio.com\\\/autos\\\/el-jeep-wrangler-se-renueva\\\/#primaryimage\"},\"image\":{\"@id\":\"https:\\\/\\\/autosdelpodio.com\\\/autos\\\/el-jeep-wrangler-se-renueva\\\/#primaryimage\"},\"thumbnailUrl\":\"http:\\\/\\\/autosdelpodio.com\\\/autos\\\/wp-content\\\/uploads\\\/2025\\\/01\\\/Jeep_Wrangler_2025.jpg\",\"datePublished\":\"2025-01-23T19:03:26+00:00\",\"dateModified\":\"2025-01-23T19:03:28+00:00\",\"description\":\"Autos del Podio Jeep Wrangler es el emblema de la marca Jeep, representando m\u00e1s de 80 a\u00f1os de legado en capacidad todoterreno y esp\u00edritu aventurero.\",\"breadcrumb\":{\"@id\":\"https:\\\/\\\/autosdelpodio.com\\\/autos\\\/el-jeep-wrangler-se-renueva\\\/#breadcrumb\"},\"inLanguage\":\"es\",\"potentialAction\":[{\"@type\":\"ReadAction\",\"target\":[\"https:\\\/\\\/autosdelpodio.com\\\/autos\\\/el-jeep-wrangler-se-renueva\\\/\"]}]},{\"@type\":\"ImageObject\",\"inLanguage\":\"es\",\"@id\":\"https:\\\/\\\/autosdelpodio.com\\\/autos\\\/el-jeep-wrangler-se-renueva\\\/#primaryimage\",\"url\":\"http:\\\/\\\/autosdelpodio.com\\\/autos\\\/wp-content\\\/uploads\\\/2025\\\/01\\\/Jeep_Wrangler_2025.jpg\",\"contentUrl\":\"http:\\\/\\\/autosdelpodio.com\\\/autos\\\/wp-content\\\/uploads\\\/2025\\\/01\\\/Jeep_Wrangler_2025.jpg\",\"width\":500,\"height\":275},{\"@type\":\"BreadcrumbList\",\"@id\":\"https:\\\/\\\/autosdelpodio.com\\\/autos\\\/el-jeep-wrangler-se-renueva\\\/#breadcrumb\",\"itemListElement\":[{\"@type\":\"ListItem\",\"position\":1,\"name\":\"Portada\",\"item\":\"http:\\\/\\\/autosdelpodio.com\\\/autos\\\/\"},{\"@type\":\"ListItem\",\"position\":2,\"name\":\"\u00a0El Jeep\u00a0Wrangler se renueva\"}]},{\"@type\":\"WebSite\",\"@id\":\"http:\\\/\\\/autosdelpodio.com\\\/autos\\\/#website\",\"url\":\"http:\\\/\\\/autosdelpodio.com\\\/autos\\\/\",\"name\":\"Autos del Podio\",\"description\":\"La sexta del deporte motor\",\"publisher\":{\"@id\":\"http:\\\/\\\/autosdelpodio.com\\\/autos\\\/#organization\"},\"potentialAction\":[{\"@type\":\"SearchAction\",\"target\":{\"@type\":\"EntryPoint\",\"urlTemplate\":\"http:\\\/\\\/autosdelpodio.com\\\/autos\\\/?s={search_term_string}\"},\"query-input\":{\"@type\":\"PropertyValueSpecification\",\"valueRequired\":true,\"valueName\":\"search_term_string\"}}],\"inLanguage\":\"es\"},{\"@type\":\"Organization\",\"@id\":\"http:\\\/\\\/autosdelpodio.com\\\/autos\\\/#organization\",\"name\":\"Autos del Podio\",\"url\":\"http:\\\/\\\/autosdelpodio.com\\\/autos\\\/\",\"logo\":{\"@type\":\"ImageObject\",\"inLanguage\":\"es\",\"@id\":\"http:\\\/\\\/autosdelpodio.com\\\/autos\\\/#\\\/schema\\\/logo\\\/image\\\/\",\"url\":\"http:\\\/\\\/autosdelpodio.com\\\/autos\\\/wp-content\\\/uploads\\\/2020\\\/08\\\/Logo_AR.jpg\",\"contentUrl\":\"http:\\\/\\\/autosdelpodio.com\\\/autos\\\/wp-content\\\/uploads\\\/2020\\\/08\\\/Logo_AR.jpg\",\"width\":1038,\"height\":1044,\"caption\":\"Autos del Podio\"},\"image\":{\"@id\":\"http:\\\/\\\/autosdelpodio.com\\\/autos\\\/#\\\/schema\\\/logo\\\/image\\\/\"},\"sameAs\":[\"https:\\\/\\\/www.facebook.com\\\/profile.php?id=100057192590976&amp;amp;amp;amp;amp;amp;amp;amp;amp;amp;amp;amp;amp;amp;amp;amp;amp;amp;ref=ts\",\"https:\\\/\\\/x.com\\\/autosdelpodio\",\"https:\\\/\\\/www.youtube.com\\\/user\\\/AutosdelPodio\"]},{\"@type\":\"Person\",\"@id\":\"http:\\\/\\\/autosdelpodio.com\\\/autos\\\/#\\\/schema\\\/person\\\/993527a4d01c3acdd3d6bce3770bc942\",\"name\":\"autosdelpodio\",\"image\":{\"@type\":\"ImageObject\",\"inLanguage\":\"es\",\"@id\":\"http:\\\/\\\/autosdelpodio.com\\\/autos\\\/wp-content\\\/litespeed\\\/avatar\\\/aa8f65cd201a80f6b844f63278aa84af.jpg?ver=1777403005\",\"url\":\"http:\\\/\\\/autosdelpodio.com\\\/autos\\\/wp-content\\\/litespeed\\\/avatar\\\/aa8f65cd201a80f6b844f63278aa84af.jpg?ver=1777403005\",\"contentUrl\":\"http:\\\/\\\/autosdelpodio.com\\\/autos\\\/wp-content\\\/litespeed\\\/avatar\\\/aa8f65cd201a80f6b844f63278aa84af.jpg?ver=1777403005\",\"caption\":\"autosdelpodio\"}}]}<\/script>\n<!-- \/ Yoast SEO plugin. -->","yoast_head_json":{"title":"Autos del Podio | \u00a0El Jeep\u00a0Wrangler se renueva","description":"Autos del Podio Jeep Wrangler es el emblema de la marca Jeep, representando m\u00e1s de 80 a\u00f1os de legado en capacidad todoterreno y esp\u00edritu aventurero.","robots":{"index":"index","follow":"follow","max-snippet":"max-snippet:-1","max-image-preview":"max-image-preview:large","max-video-preview":"max-video-preview:-1"},"canonical":"https:\/\/autosdelpodio.com\/autos\/el-jeep-wrangler-se-renueva\/","og_locale":"es_ES","og_type":"article","og_title":"Autos del Podio | \u00a0El Jeep\u00a0Wrangler se renueva","og_description":"Autos del Podio Jeep Wrangler es el emblema de la marca Jeep, representando m\u00e1s de 80 a\u00f1os de legado en capacidad todoterreno y esp\u00edritu aventurero.","og_url":"https:\/\/autosdelpodio.com\/autos\/el-jeep-wrangler-se-renueva\/","og_site_name":"Autos del Podio","article_publisher":"https:\/\/www.facebook.com\/profile.php?id=100057192590976&amp%3bamp%3bamp%3bamp%3bamp%3bamp%3bamp%3bamp%3bamp%3bamp%3bamp%3bamp%3bamp%3bamp%3bamp%3bamp%3bamp%3bamp%3bref=ts","article_published_time":"2025-01-23T19:03:26+00:00","article_modified_time":"2025-01-23T19:03:28+00:00","og_image":[{"width":500,"height":275,"url":"https:\/\/autosdelpodio.com\/autos\/wp-content\/uploads\/2025\/01\/Jeep_Wrangler_2025.jpg","type":"image\/jpeg"}],"author":"autosdelpodio","twitter_card":"summary_large_image","twitter_creator":"@autosdelpodio","twitter_site":"@autosdelpodio","twitter_misc":{"Escrito por":"autosdelpodio","Tiempo de lectura":"3 minutos"},"schema":{"@context":"https:\/\/schema.org","@graph":[{"@type":"Article","@id":"https:\/\/autosdelpodio.com\/autos\/el-jeep-wrangler-se-renueva\/#article","isPartOf":{"@id":"https:\/\/autosdelpodio.com\/autos\/el-jeep-wrangler-se-renueva\/"},"author":{"name":"autosdelpodio","@id":"http:\/\/autosdelpodio.com\/autos\/#\/schema\/person\/993527a4d01c3acdd3d6bce3770bc942"},"headline":"\u00a0El Jeep\u00a0Wrangler se renueva","datePublished":"2025-01-23T19:03:26+00:00","dateModified":"2025-01-23T19:03:28+00:00","mainEntityOfPage":{"@id":"https:\/\/autosdelpodio.com\/autos\/el-jeep-wrangler-se-renueva\/"},"wordCount":429,"commentCount":0,"publisher":{"@id":"http:\/\/autosdelpodio.com\/autos\/#organization"},"image":{"@id":"https:\/\/autosdelpodio.com\/autos\/el-jeep-wrangler-se-renueva\/#primaryimage"},"thumbnailUrl":"http:\/\/autosdelpodio.com\/autos\/wp-content\/uploads\/2025\/01\/Jeep_Wrangler_2025.jpg","keywords":["0Km","4x4","Industria Automotriz","Jeep","Lanzamientos","Stellantis"],"articleSection":["Destacado","\u00daltimas noticias"],"inLanguage":"es","potentialAction":[{"@type":"CommentAction","name":"Comment","target":["https:\/\/autosdelpodio.com\/autos\/el-jeep-wrangler-se-renueva\/#respond"]}]},{"@type":"WebPage","@id":"https:\/\/autosdelpodio.com\/autos\/el-jeep-wrangler-se-renueva\/","url":"https:\/\/autosdelpodio.com\/autos\/el-jeep-wrangler-se-renueva\/","name":"Autos del Podio | \u00a0El Jeep\u00a0Wrangler se renueva","isPartOf":{"@id":"http:\/\/autosdelpodio.com\/autos\/#website"},"primaryImageOfPage":{"@id":"https:\/\/autosdelpodio.com\/autos\/el-jeep-wrangler-se-renueva\/#primaryimage"},"image":{"@id":"https:\/\/autosdelpodio.com\/autos\/el-jeep-wrangler-se-renueva\/#primaryimage"},"thumbnailUrl":"http:\/\/autosdelpodio.com\/autos\/wp-content\/uploads\/2025\/01\/Jeep_Wrangler_2025.jpg","datePublished":"2025-01-23T19:03:26+00:00","dateModified":"2025-01-23T19:03:28+00:00","description":"Autos del Podio Jeep Wrangler es el emblema de la marca Jeep, representando m\u00e1s de 80 a\u00f1os de legado en capacidad todoterreno y esp\u00edritu aventurero.","breadcrumb":{"@id":"https:\/\/autosdelpodio.com\/autos\/el-jeep-wrangler-se-renueva\/#breadcrumb"},"inLanguage":"es","potentialAction":[{"@type":"ReadAction","target":["https:\/\/autosdelpodio.com\/autos\/el-jeep-wrangler-se-renueva\/"]}]},{"@type":"ImageObject","inLanguage":"es","@id":"https:\/\/autosdelpodio.com\/autos\/el-jeep-wrangler-se-renueva\/#primaryimage","url":"http:\/\/autosdelpodio.com\/autos\/wp-content\/uploads\/2025\/01\/Jeep_Wrangler_2025.jpg","contentUrl":"http:\/\/autosdelpodio.com\/autos\/wp-content\/uploads\/2025\/01\/Jeep_Wrangler_2025.jpg","width":500,"height":275},{"@type":"BreadcrumbList","@id":"https:\/\/autosdelpodio.com\/autos\/el-jeep-wrangler-se-renueva\/#breadcrumb","itemListElement":[{"@type":"ListItem","position":1,"name":"Portada","item":"http:\/\/autosdelpodio.com\/autos\/"},{"@type":"ListItem","position":2,"name":"\u00a0El Jeep\u00a0Wrangler se renueva"}]},{"@type":"WebSite","@id":"http:\/\/autosdelpodio.com\/autos\/#website","url":"http:\/\/autosdelpodio.com\/autos\/","name":"Autos del Podio","description":"La sexta del deporte motor","publisher":{"@id":"http:\/\/autosdelpodio.com\/autos\/#organization"},"potentialAction":[{"@type":"SearchAction","target":{"@type":"EntryPoint","urlTemplate":"http:\/\/autosdelpodio.com\/autos\/?s={search_term_string}"},"query-input":{"@type":"PropertyValueSpecification","valueRequired":true,"valueName":"search_term_string"}}],"inLanguage":"es"},{"@type":"Organization","@id":"http:\/\/autosdelpodio.com\/autos\/#organization","name":"Autos del Podio","url":"http:\/\/autosdelpodio.com\/autos\/","logo":{"@type":"ImageObject","inLanguage":"es","@id":"http:\/\/autosdelpodio.com\/autos\/#\/schema\/logo\/image\/","url":"http:\/\/autosdelpodio.com\/autos\/wp-content\/uploads\/2020\/08\/Logo_AR.jpg","contentUrl":"http:\/\/autosdelpodio.com\/autos\/wp-content\/uploads\/2020\/08\/Logo_AR.jpg","width":1038,"height":1044,"caption":"Autos del Podio"},"image":{"@id":"http:\/\/autosdelpodio.com\/autos\/#\/schema\/logo\/image\/"},"sameAs":["https:\/\/www.facebook.com\/profile.php?id=100057192590976&amp;amp;amp;amp;amp;amp;amp;amp;amp;amp;amp;amp;amp;amp;amp;amp;amp;amp;ref=ts","https:\/\/x.com\/autosdelpodio","https:\/\/www.youtube.com\/user\/AutosdelPodio"]},{"@type":"Person","@id":"http:\/\/autosdelpodio.com\/autos\/#\/schema\/person\/993527a4d01c3acdd3d6bce3770bc942","name":"autosdelpodio","image":{"@type":"ImageObject","inLanguage":"es","@id":"http:\/\/autosdelpodio.com\/autos\/wp-content\/litespeed\/avatar\/aa8f65cd201a80f6b844f63278aa84af.jpg?ver=1777403005","url":"http:\/\/autosdelpodio.com\/autos\/wp-content\/litespeed\/avatar\/aa8f65cd201a80f6b844f63278aa84af.jpg?ver=1777403005","contentUrl":"http:\/\/autosdelpodio.com\/autos\/wp-content\/litespeed\/avatar\/aa8f65cd201a80f6b844f63278aa84af.jpg?ver=1777403005","caption":"autosdelpodio"}}]}},"views":461,"_links":{"self":[{"href":"http:\/\/autosdelpodio.com\/autos\/wp-json\/wp\/v2\/posts\/8141","targetHints":{"allow":["GET"]}}],"collection":[{"href":"http:\/\/autosdelpodio.com\/autos\/wp-json\/wp\/v2\/posts"}],"about":[{"href":"http:\/\/autosdelpodio.com\/autos\/wp-json\/wp\/v2\/types\/post"}],"author":[{"embeddable":true,"href":"http:\/\/autosdelpodio.com\/autos\/wp-json\/wp\/v2\/users\/3"}],"replies":[{"embeddable":true,"href":"http:\/\/autosdelpodio.com\/autos\/wp-json\/wp\/v2\/comments?post=8141"}],"version-history":[{"count":1,"href":"http:\/\/autosdelpodio.com\/autos\/wp-json\/wp\/v2\/posts\/8141\/revisions"}],"predecessor-version":[{"id":8142,"href":"http:\/\/autosdelpodio.com\/autos\/wp-json\/wp\/v2\/posts\/8141\/revisions\/8142"}],"wp:featuredmedia":[{"embeddable":true,"href":"http:\/\/autosdelpodio.com\/autos\/wp-json\/wp\/v2\/media\/8143"}],"wp:attachment":[{"href":"http:\/\/autosdelpodio.com\/autos\/wp-json\/wp\/v2\/media?parent=8141"}],"wp:term":[{"taxonomy":"category","embeddable":true,"href":"http:\/\/autosdelpodio.com\/autos\/wp-json\/wp\/v2\/categories?post=8141"},{"taxonomy":"post_tag","embeddable":true,"href":"http:\/\/autosdelpodio.com\/autos\/wp-json\/wp\/v2\/tags?post=8141"}],"curies":[{"name":"wp","href":"https:\/\/api.w.org\/{rel}","templated":true}]}}