{"id":8169,"date":"2025-02-10T15:08:38","date_gmt":"2025-02-10T18:08:38","guid":{"rendered":"http:\/\/autosdelpodio.com\/autos\/?p=8169"},"modified":"2025-02-10T15:47:33","modified_gmt":"2025-02-10T18:47:33","slug":"8169-2","status":"publish","type":"post","link":"http:\/\/autosdelpodio.com\/autos\/8169-2\/","title":{"rendered":"Gianini 2025"},"content":{"rendered":"\n<p>En las TC Pick Up, fue victoria del campe\u00f3n Juan Pablo Gianini en el inicio de temporada en el Aut\u00f3dromo de La Plata. Agust\u00edn Martinez y German Todino completaron el podio.<br>En tanto en el TCM que transit\u00f3 su segunda fecha en dicho escenario, Eugenio Provens tuvo su bautismo triunfal con la Dodge del Galarza Racing con Lucas Bohdanowicz (Dodge) y Thomas Pozner (Dodge) como escoltas.<br>Por ultimo, en el inicio de la agenda fierrera de Domingo Alejandro Mart\u00ednez (Ford) se qued\u00f3 con la final del TC Pista Mouras tambi\u00e9n en el trazado platense con chicana en la cual Nicol\u00e1s Jaime (Dodge) y Juan Pablo Alberti (Chevrolet) fueron segundo y tercero respectivamente.<br>La pr\u00f3xima fecha del TC Pick Up se producir\u00e1 el 23 de Marzo: en tanto que el TC Mouras y TCPM se desarrollar\u00e1 en el Aut\u00f3dromo Roberto Mouras de La Plata el 1 del mismo mes.<\/p>\n\n\n\n<p><em><strong>Final TCPK &#8211; Fecha 1<\/strong><\/em><\/p>\n\n\n\n<figure class=\"wp-block-table\"><table class=\"has-fixed-layout\"><tbody><tr><td><strong>1<\/strong><\/td><td>Gianini, J.P.<\/td><td>F<\/td><td>27;20.847<\/td><\/tr><tr><td><strong>2<\/strong><\/td><td>Mart\u00ednez, A.<\/td><td>F<\/td><td>16.815<\/td><\/tr><tr><td><strong>3<\/strong><\/td><td>Todino, G.<\/td><td>Ty<\/td><td>17.810<\/td><\/tr><tr><td><strong>4<\/strong><\/td><td>Werner, M.<\/td><td>Ty<\/td><td>17.997<\/td><\/tr><tr><td><strong>5<\/strong><\/td><td>Fa\u00edn, I.<\/td><td>F<\/td><td>23.404<\/td><\/tr><tr><td><strong>6<\/strong><\/td><td>Impiombato, N.<\/td><td>Ty<\/td><td>30.930<\/td><\/tr><tr><td><strong>7<\/strong><\/td><td>Pezzucchi, N.<\/td><td>F<\/td><td>31.643<\/td><\/tr><tr><td><strong>8<\/strong><\/td><td>Mazzacane, G.<\/td><td>VW<\/td><td>31.879<\/td><\/tr><tr><td><strong>9<\/strong><\/td><td>Mart\u00ednez, T.<\/td><td>Ch<\/td><td>37.864<\/td><\/tr><tr><td><strong>10<\/strong><\/td><td>De Carlo, D.<\/td><td>VW<\/td><td>37.865<\/td><\/tr><tr><td><strong>11<\/strong><\/td><td>Rodr\u00edguez, M.<\/td><td>Ty<\/td><td>2 VTAS<\/td><\/tr><tr><td><strong>12<\/strong><\/td><td>Jakos, A.<\/td><td>Ty<\/td><td>5 VTAS<\/td><\/tr><tr><td><strong>13<\/strong><\/td><td>Jack, J.<\/td><td>R<\/td><td>6 VTAS<\/td><\/tr><tr><td><strong>14<\/strong><\/td><td>Azar, D.<\/td><td>FT<\/td><td>10 VTAS<\/td><\/tr><tr><td><strong>15<\/strong><\/td><td>Ebarl\u00edn, J.J.<\/td><td>Ty<\/td><td>10 VTAS<\/td><\/tr><tr><td><strong>16<\/strong><\/td><td>Mulet, L.<\/td><td>VW<\/td><td>17 VTAS<\/td><\/tr><\/tbody><\/table><\/figure>\n\n\n\n<p>Promedio: 168,432 km\/h. R\u00e9cord de vuelta: Abdala, en la 2\u00aa vuelta, en 1m30s352 a 169,933 km\/h. Abdala excluido por t\u00e9cnica.<\/p>\n","protected":false},"excerpt":{"rendered":"<p>En las TC Pick Up, fue victoria del campe\u00f3n Juan Pablo Gianini en el inicio de temporada en el Aut\u00f3dromo<\/p>\n","protected":false},"author":3,"featured_media":0,"comment_status":"open","ping_status":"open","sticky":false,"template":"","format":"standard","meta":{"colormag_page_container_layout":"default_layout","colormag_page_sidebar_layout":"default_layout","footnotes":""},"categories":[16,5],"tags":[83,501,302,86,363,322,145,323],"class_list":["post-8169","post","type-post","status-publish","format-standard","hentry","category-recta-principal","category-latest-news","tag-ford","tag-juan-pablo-gianini","tag-la-plata","tag-pilotos-y-categorias","tag-ranger","tag-tc-mouras","tag-tc-pick-up","tag-tcpm"],"yoast_head":"<!-- This site is optimized with the Yoast SEO plugin v27.5 - https:\/\/yoast.com\/product\/yoast-seo-wordpress\/ -->\n<title>Autos del Podio | Gianini 2025<\/title>\n<meta name=\"description\" content=\"Autos del Podio Gianini estren\u00f3 el &quot;1&quot; con victoria en las TC Pick Up\" \/>\n<meta name=\"robots\" content=\"index, follow, max-snippet:-1, max-image-preview:large, max-video-preview:-1\" \/>\n<link rel=\"canonical\" href=\"http:\/\/autosdelpodio.com\/autos\/8169-2\/\" \/>\n<meta property=\"og:locale\" content=\"es_ES\" \/>\n<meta property=\"og:type\" content=\"article\" \/>\n<meta property=\"og:title\" content=\"Autos del Podio | Gianini 2025\" \/>\n<meta property=\"og:description\" content=\"Autos del Podio Gianini estren\u00f3 el &quot;1&quot; con victoria en las TC Pick Up\" \/>\n<meta property=\"og:url\" content=\"http:\/\/autosdelpodio.com\/autos\/8169-2\/\" \/>\n<meta property=\"og:site_name\" content=\"Autos del Podio\" \/>\n<meta property=\"article:publisher\" content=\"https:\/\/www.facebook.com\/profile.php?id=100057192590976&amp;amp%3bamp%3bamp%3bamp%3bamp%3bamp%3bamp%3bamp%3bamp%3bamp%3bamp%3bamp%3bamp%3bamp%3bamp%3bamp%3bamp%3bamp%3bref=ts\" \/>\n<meta property=\"article:published_time\" content=\"2025-02-10T18:08:38+00:00\" \/>\n<meta property=\"article:modified_time\" content=\"2025-02-10T18:47:33+00:00\" \/>\n<meta name=\"author\" content=\"autosdelpodio\" \/>\n<meta name=\"twitter:card\" content=\"summary_large_image\" \/>\n<meta name=\"twitter:creator\" content=\"@autosdelpodio\" \/>\n<meta name=\"twitter:site\" content=\"@autosdelpodio\" \/>\n<meta name=\"twitter:label1\" content=\"Escrito por\" \/>\n\t<meta name=\"twitter:data1\" content=\"autosdelpodio\" \/>\n\t<meta name=\"twitter:label2\" content=\"Tiempo de lectura\" \/>\n\t<meta name=\"twitter:data2\" content=\"2 minutos\" \/>\n<script type=\"application\/ld+json\" class=\"yoast-schema-graph\">{\"@context\":\"https:\\\/\\\/schema.org\",\"@graph\":[{\"@type\":\"Article\",\"@id\":\"http:\\\/\\\/autosdelpodio.com\\\/autos\\\/8169-2\\\/#article\",\"isPartOf\":{\"@id\":\"http:\\\/\\\/autosdelpodio.com\\\/autos\\\/8169-2\\\/\"},\"author\":{\"name\":\"autosdelpodio\",\"@id\":\"http:\\\/\\\/autosdelpodio.com\\\/autos\\\/#\\\/schema\\\/person\\\/993527a4d01c3acdd3d6bce3770bc942\"},\"headline\":\"Gianini 2025\",\"datePublished\":\"2025-02-10T18:08:38+00:00\",\"dateModified\":\"2025-02-10T18:47:33+00:00\",\"mainEntityOfPage\":{\"@id\":\"http:\\\/\\\/autosdelpodio.com\\\/autos\\\/8169-2\\\/\"},\"wordCount\":243,\"commentCount\":0,\"publisher\":{\"@id\":\"http:\\\/\\\/autosdelpodio.com\\\/autos\\\/#organization\"},\"keywords\":[\"Ford\",\"Juan Pablo Gianini\",\"La Plata\",\"Pilotos y Categorias\",\"Ranger\",\"TC Mouras\",\"TC Pick Up\",\"TCPM\"],\"articleSection\":[\"Recta Principal\",\"\u00daltimas noticias\"],\"inLanguage\":\"es\",\"potentialAction\":[{\"@type\":\"CommentAction\",\"name\":\"Comment\",\"target\":[\"http:\\\/\\\/autosdelpodio.com\\\/autos\\\/8169-2\\\/#respond\"]}]},{\"@type\":\"WebPage\",\"@id\":\"http:\\\/\\\/autosdelpodio.com\\\/autos\\\/8169-2\\\/\",\"url\":\"http:\\\/\\\/autosdelpodio.com\\\/autos\\\/8169-2\\\/\",\"name\":\"Autos del Podio | Gianini 2025\",\"isPartOf\":{\"@id\":\"http:\\\/\\\/autosdelpodio.com\\\/autos\\\/#website\"},\"datePublished\":\"2025-02-10T18:08:38+00:00\",\"dateModified\":\"2025-02-10T18:47:33+00:00\",\"description\":\"Autos del Podio Gianini estren\u00f3 el \\\"1\\\" con victoria en las TC Pick Up\",\"breadcrumb\":{\"@id\":\"http:\\\/\\\/autosdelpodio.com\\\/autos\\\/8169-2\\\/#breadcrumb\"},\"inLanguage\":\"es\",\"potentialAction\":[{\"@type\":\"ReadAction\",\"target\":[\"http:\\\/\\\/autosdelpodio.com\\\/autos\\\/8169-2\\\/\"]}]},{\"@type\":\"BreadcrumbList\",\"@id\":\"http:\\\/\\\/autosdelpodio.com\\\/autos\\\/8169-2\\\/#breadcrumb\",\"itemListElement\":[{\"@type\":\"ListItem\",\"position\":1,\"name\":\"Portada\",\"item\":\"http:\\\/\\\/autosdelpodio.com\\\/autos\\\/\"},{\"@type\":\"ListItem\",\"position\":2,\"name\":\"Gianini 2025\"}]},{\"@type\":\"WebSite\",\"@id\":\"http:\\\/\\\/autosdelpodio.com\\\/autos\\\/#website\",\"url\":\"http:\\\/\\\/autosdelpodio.com\\\/autos\\\/\",\"name\":\"Autos del Podio\",\"description\":\"La sexta del deporte motor\",\"publisher\":{\"@id\":\"http:\\\/\\\/autosdelpodio.com\\\/autos\\\/#organization\"},\"potentialAction\":[{\"@type\":\"SearchAction\",\"target\":{\"@type\":\"EntryPoint\",\"urlTemplate\":\"http:\\\/\\\/autosdelpodio.com\\\/autos\\\/?s={search_term_string}\"},\"query-input\":{\"@type\":\"PropertyValueSpecification\",\"valueRequired\":true,\"valueName\":\"search_term_string\"}}],\"inLanguage\":\"es\"},{\"@type\":\"Organization\",\"@id\":\"http:\\\/\\\/autosdelpodio.com\\\/autos\\\/#organization\",\"name\":\"Autos del Podio\",\"url\":\"http:\\\/\\\/autosdelpodio.com\\\/autos\\\/\",\"logo\":{\"@type\":\"ImageObject\",\"inLanguage\":\"es\",\"@id\":\"http:\\\/\\\/autosdelpodio.com\\\/autos\\\/#\\\/schema\\\/logo\\\/image\\\/\",\"url\":\"http:\\\/\\\/autosdelpodio.com\\\/autos\\\/wp-content\\\/uploads\\\/2020\\\/08\\\/Logo_AR.jpg\",\"contentUrl\":\"http:\\\/\\\/autosdelpodio.com\\\/autos\\\/wp-content\\\/uploads\\\/2020\\\/08\\\/Logo_AR.jpg\",\"width\":1038,\"height\":1044,\"caption\":\"Autos del Podio\"},\"image\":{\"@id\":\"http:\\\/\\\/autosdelpodio.com\\\/autos\\\/#\\\/schema\\\/logo\\\/image\\\/\"},\"sameAs\":[\"https:\\\/\\\/www.facebook.com\\\/profile.php?id=100057192590976&amp;amp;amp;amp;amp;amp;amp;amp;amp;amp;amp;amp;amp;amp;amp;amp;amp;amp;ref=ts\",\"https:\\\/\\\/x.com\\\/autosdelpodio\",\"https:\\\/\\\/www.youtube.com\\\/user\\\/AutosdelPodio\"]},{\"@type\":\"Person\",\"@id\":\"http:\\\/\\\/autosdelpodio.com\\\/autos\\\/#\\\/schema\\\/person\\\/993527a4d01c3acdd3d6bce3770bc942\",\"name\":\"autosdelpodio\",\"image\":{\"@type\":\"ImageObject\",\"inLanguage\":\"es\",\"@id\":\"http:\\\/\\\/autosdelpodio.com\\\/autos\\\/wp-content\\\/litespeed\\\/avatar\\\/aa8f65cd201a80f6b844f63278aa84af.jpg?ver=1777403005\",\"url\":\"http:\\\/\\\/autosdelpodio.com\\\/autos\\\/wp-content\\\/litespeed\\\/avatar\\\/aa8f65cd201a80f6b844f63278aa84af.jpg?ver=1777403005\",\"contentUrl\":\"http:\\\/\\\/autosdelpodio.com\\\/autos\\\/wp-content\\\/litespeed\\\/avatar\\\/aa8f65cd201a80f6b844f63278aa84af.jpg?ver=1777403005\",\"caption\":\"autosdelpodio\"}}]}<\/script>\n<!-- \/ Yoast SEO plugin. -->","yoast_head_json":{"title":"Autos del Podio | Gianini 2025","description":"Autos del Podio Gianini estren\u00f3 el \"1\" con victoria en las TC Pick Up","robots":{"index":"index","follow":"follow","max-snippet":"max-snippet:-1","max-image-preview":"max-image-preview:large","max-video-preview":"max-video-preview:-1"},"canonical":"http:\/\/autosdelpodio.com\/autos\/8169-2\/","og_locale":"es_ES","og_type":"article","og_title":"Autos del Podio | Gianini 2025","og_description":"Autos del Podio Gianini estren\u00f3 el \"1\" con victoria en las TC Pick Up","og_url":"http:\/\/autosdelpodio.com\/autos\/8169-2\/","og_site_name":"Autos del Podio","article_publisher":"https:\/\/www.facebook.com\/profile.php?id=100057192590976&amp%3bamp%3bamp%3bamp%3bamp%3bamp%3bamp%3bamp%3bamp%3bamp%3bamp%3bamp%3bamp%3bamp%3bamp%3bamp%3bamp%3bamp%3bref=ts","article_published_time":"2025-02-10T18:08:38+00:00","article_modified_time":"2025-02-10T18:47:33+00:00","author":"autosdelpodio","twitter_card":"summary_large_image","twitter_creator":"@autosdelpodio","twitter_site":"@autosdelpodio","twitter_misc":{"Escrito por":"autosdelpodio","Tiempo de lectura":"2 minutos"},"schema":{"@context":"https:\/\/schema.org","@graph":[{"@type":"Article","@id":"http:\/\/autosdelpodio.com\/autos\/8169-2\/#article","isPartOf":{"@id":"http:\/\/autosdelpodio.com\/autos\/8169-2\/"},"author":{"name":"autosdelpodio","@id":"http:\/\/autosdelpodio.com\/autos\/#\/schema\/person\/993527a4d01c3acdd3d6bce3770bc942"},"headline":"Gianini 2025","datePublished":"2025-02-10T18:08:38+00:00","dateModified":"2025-02-10T18:47:33+00:00","mainEntityOfPage":{"@id":"http:\/\/autosdelpodio.com\/autos\/8169-2\/"},"wordCount":243,"commentCount":0,"publisher":{"@id":"http:\/\/autosdelpodio.com\/autos\/#organization"},"keywords":["Ford","Juan Pablo Gianini","La Plata","Pilotos y Categorias","Ranger","TC Mouras","TC Pick Up","TCPM"],"articleSection":["Recta Principal","\u00daltimas noticias"],"inLanguage":"es","potentialAction":[{"@type":"CommentAction","name":"Comment","target":["http:\/\/autosdelpodio.com\/autos\/8169-2\/#respond"]}]},{"@type":"WebPage","@id":"http:\/\/autosdelpodio.com\/autos\/8169-2\/","url":"http:\/\/autosdelpodio.com\/autos\/8169-2\/","name":"Autos del Podio | Gianini 2025","isPartOf":{"@id":"http:\/\/autosdelpodio.com\/autos\/#website"},"datePublished":"2025-02-10T18:08:38+00:00","dateModified":"2025-02-10T18:47:33+00:00","description":"Autos del Podio Gianini estren\u00f3 el \"1\" con victoria en las TC Pick Up","breadcrumb":{"@id":"http:\/\/autosdelpodio.com\/autos\/8169-2\/#breadcrumb"},"inLanguage":"es","potentialAction":[{"@type":"ReadAction","target":["http:\/\/autosdelpodio.com\/autos\/8169-2\/"]}]},{"@type":"BreadcrumbList","@id":"http:\/\/autosdelpodio.com\/autos\/8169-2\/#breadcrumb","itemListElement":[{"@type":"ListItem","position":1,"name":"Portada","item":"http:\/\/autosdelpodio.com\/autos\/"},{"@type":"ListItem","position":2,"name":"Gianini 2025"}]},{"@type":"WebSite","@id":"http:\/\/autosdelpodio.com\/autos\/#website","url":"http:\/\/autosdelpodio.com\/autos\/","name":"Autos del Podio","description":"La sexta del deporte motor","publisher":{"@id":"http:\/\/autosdelpodio.com\/autos\/#organization"},"potentialAction":[{"@type":"SearchAction","target":{"@type":"EntryPoint","urlTemplate":"http:\/\/autosdelpodio.com\/autos\/?s={search_term_string}"},"query-input":{"@type":"PropertyValueSpecification","valueRequired":true,"valueName":"search_term_string"}}],"inLanguage":"es"},{"@type":"Organization","@id":"http:\/\/autosdelpodio.com\/autos\/#organization","name":"Autos del Podio","url":"http:\/\/autosdelpodio.com\/autos\/","logo":{"@type":"ImageObject","inLanguage":"es","@id":"http:\/\/autosdelpodio.com\/autos\/#\/schema\/logo\/image\/","url":"http:\/\/autosdelpodio.com\/autos\/wp-content\/uploads\/2020\/08\/Logo_AR.jpg","contentUrl":"http:\/\/autosdelpodio.com\/autos\/wp-content\/uploads\/2020\/08\/Logo_AR.jpg","width":1038,"height":1044,"caption":"Autos del Podio"},"image":{"@id":"http:\/\/autosdelpodio.com\/autos\/#\/schema\/logo\/image\/"},"sameAs":["https:\/\/www.facebook.com\/profile.php?id=100057192590976&amp;amp;amp;amp;amp;amp;amp;amp;amp;amp;amp;amp;amp;amp;amp;amp;amp;amp;ref=ts","https:\/\/x.com\/autosdelpodio","https:\/\/www.youtube.com\/user\/AutosdelPodio"]},{"@type":"Person","@id":"http:\/\/autosdelpodio.com\/autos\/#\/schema\/person\/993527a4d01c3acdd3d6bce3770bc942","name":"autosdelpodio","image":{"@type":"ImageObject","inLanguage":"es","@id":"http:\/\/autosdelpodio.com\/autos\/wp-content\/litespeed\/avatar\/aa8f65cd201a80f6b844f63278aa84af.jpg?ver=1777403005","url":"http:\/\/autosdelpodio.com\/autos\/wp-content\/litespeed\/avatar\/aa8f65cd201a80f6b844f63278aa84af.jpg?ver=1777403005","contentUrl":"http:\/\/autosdelpodio.com\/autos\/wp-content\/litespeed\/avatar\/aa8f65cd201a80f6b844f63278aa84af.jpg?ver=1777403005","caption":"autosdelpodio"}}]}},"views":475,"_links":{"self":[{"href":"http:\/\/autosdelpodio.com\/autos\/wp-json\/wp\/v2\/posts\/8169","targetHints":{"allow":["GET"]}}],"collection":[{"href":"http:\/\/autosdelpodio.com\/autos\/wp-json\/wp\/v2\/posts"}],"about":[{"href":"http:\/\/autosdelpodio.com\/autos\/wp-json\/wp\/v2\/types\/post"}],"author":[{"embeddable":true,"href":"http:\/\/autosdelpodio.com\/autos\/wp-json\/wp\/v2\/users\/3"}],"replies":[{"embeddable":true,"href":"http:\/\/autosdelpodio.com\/autos\/wp-json\/wp\/v2\/comments?post=8169"}],"version-history":[{"count":3,"href":"http:\/\/autosdelpodio.com\/autos\/wp-json\/wp\/v2\/posts\/8169\/revisions"}],"predecessor-version":[{"id":8172,"href":"http:\/\/autosdelpodio.com\/autos\/wp-json\/wp\/v2\/posts\/8169\/revisions\/8172"}],"wp:attachment":[{"href":"http:\/\/autosdelpodio.com\/autos\/wp-json\/wp\/v2\/media?parent=8169"}],"wp:term":[{"taxonomy":"category","embeddable":true,"href":"http:\/\/autosdelpodio.com\/autos\/wp-json\/wp\/v2\/categories?post=8169"},{"taxonomy":"post_tag","embeddable":true,"href":"http:\/\/autosdelpodio.com\/autos\/wp-json\/wp\/v2\/tags?post=8169"}],"curies":[{"name":"wp","href":"https:\/\/api.w.org\/{rel}","templated":true}]}}