{"id":8196,"date":"2025-02-27T22:11:35","date_gmt":"2025-02-28T01:11:35","guid":{"rendered":"http:\/\/autosdelpodio.com\/autos\/?p=8196"},"modified":"2025-02-27T22:11:36","modified_gmt":"2025-02-28T01:11:36","slug":"el-el-restyling-del-vw-nivus-ya-se-vende-en-argentina","status":"publish","type":"post","link":"http:\/\/autosdelpodio.com\/autos\/el-el-restyling-del-vw-nivus-ya-se-vende-en-argentina\/","title":{"rendered":"El El restyling del VW Nivus ya se vende en Argentina"},"content":{"rendered":"\n<p>El Nivus 2025 Se presenta en cinco diferentes versiones: 170TSI MT, Comfortline 200TSI AT, Highline 200TSI AT y las nuevas Trendline 200TSI AT y Outfit 200TSI AT. Esta ultima es la tope de gama. Todas las variantes incluyen motorizaciones turbo, nuevos faros delanteros con tecnolog\u00eda \u201cVW LED\u201d y luz de marcha diurna integrada. Las versiones \u201cHighline\u201d y \u201cOutfit\u201d cuentan adicionalmente con la nueva grilla frontal \u201cLED\u201d iluminada que, junto con un nuevo y redise\u00f1ado paragolpes, imprimen un sello distintivo del modelo.<\/p>\n\n\n\n<p>En la parte posterior se distingue un nuevo conjunto lum\u00ednico unido por la novedosa l\u00ednea \u201cLED\u201d trasera que conecta los faros con el emblema de la marca. A su vez, el paragolpes trasero tambi\u00e9n fue renovado incorporando retrorreflectores verticales y una mayor superficie en color carrocer\u00eda.<\/p>\n\n\n\n<h3 class=\"wp-block-heading\">170TSI MT<\/h3>\n\n\n\n<p>Esta versi\u00f3n de entrada de gama sorprende por su amplio equipamiento ofreciendo el motor 170 TSI combinado con una caja manual de 5 velocidades y ahora con 101 cv, sumando 6 cv m\u00e1s que su predecesor. Cuenta entre su equipamiento destacado, con \u201cVW PLAY\u201d de 10\u00b4 con \u201cWireless App Connect\u201d, un tablero digital de 8\u00b4, volante multifunci\u00f3n revestido en cuero, sensor de estacionamiento trasero con c\u00e1mara incorporada, control de velocidad crucero, 2 puertos USB tipo C y llantas de aleaci\u00f3n de 16\u00b4.<\/p>\n\n\n\n<h6 class=\"wp-block-heading\">Trendline 200TSI AT<\/h6>\n\n\n\n<p>Esta nueva versi\u00f3n est\u00e1 equipada con el motor 200TSI de 116 cv, caja autom\u00e1tica de 6 velocidades y frenos a disco en las 4 ruedas. A diferencia de la versi\u00f3n \u201c170TSI MT\u201d, agrega apoyabrazos central, salidas de aire para las plazas traseras y 2 puertos USB tipo C traseros para poder conectar cualquier dispositivo dentro del veh\u00edculo.<\/p>\n\n\n\n<h3 class=\"wp-block-heading\">Comfortline 200TSI AT<\/h3>\n\n\n\n<p>La versi\u00f3n \u201cComfortline 200TSI AT\u201d agrega detalles de equipamiento que ofrecen al usuario mayor conectividad e interacci\u00f3n con el veh\u00edculo. Desde esta versi\u00f3n el nuevo Nivus est\u00e1 equipado con \u201cMi VW Connect\u201d, cargador de celular inal\u00e1mbrico, \u201cVW PLAY\u201d conectada, volante multifunci\u00f3n con levas incorporadas, sensor de lluvia y de luz, sistema de apertura sin llave y arranque con bot\u00f3n \u201cKeyless Entry &amp; Go\u201d y espejo retrovisor interior con sistema antideslumbrante.<\/p>\n\n\n\n<h3 class=\"wp-block-heading\">Highline 200TSI AT y Outfit 200TSI AT<\/h3>\n\n\n\n<p>Las versiones que completan en su m\u00e1xima expresi\u00f3n el equipamiento del Nivus se llaman \u201cHighline 200TSI AT\u201d y una exclusiva versi\u00f3n llamada \u201cOutfit 200TSI AT\u201d que se incorpora a partir de esta renovaci\u00f3n del modelo.<\/p>\n\n\n\n<p>Estas opciones de equipamiento se distinguen en el frente con la nueva grilla frontal LED iluminada que une los faros delanteros e imprime un sello inconfundible de Volkswagen y nuevas llantas de aleaci\u00f3n de 17\u201d. Estas versiones incluyen un tablero 100 % digital llamado \u201cActive Info Display\u201d de 10,25\u201d, \u201cVW Play\u201d conectada y tambi\u00e9n \u201cMi VW Connect\u201d para mayor interacci\u00f3n con el usuario. En su interior se distinguen los nuevos asientos tapizados en cuero ecol\u00f3gico y nuevos materiales interiores que transmiten mayor confort a bordo. En t\u00e9rminos de seguridad suman diferentes asistentes a la conducci\u00f3n, que lo distinguen en su segmento, como el freno aut\u00f3nomo de emergencia, control de velocidad crucero adaptativo, \u201cTravel Assist\u201d, \u201cLane Assist\u201d, detector de punto ciego con asistente trasero de tr\u00e1fico cruzado, sensores de estacionamiento delanteros y traseros con c\u00e1mara multifunci\u00f3n e indicador de presi\u00f3n de los neum\u00e1ticos y espejos retrovisores exteriores ajustables y rebatibles el\u00e9ctricamente.<\/p>\n\n\n\n<p>La versi\u00f3n \u201cOutfit\u201d por su parte se distingue con tapizados de asientos con logo \u201cOutfit\u201d, llantas de 17\u201d oscurecidas y, tanto las carcasas de los espejos, las barras de techo, las manijas de las puertas y el techo del veh\u00edculo se ofrecen en color negro.<\/p>\n\n\n\n<p>El renovado Nivus est\u00e1 disponible en siete diferentes colores llamados \u201cBlanco Cristal\u201d, \u201cNegro Universal\u201d, \u201cGris Platino\u201d, \u201cGris Volc\u00e1n\u201d, \u201cRojo Sunset\u201d y los nuevos colores \u201cGris Titanio\u201d y \u201cAzul Turbo\u201d.<\/p>\n\n\n\n<p>Exclusivamente para la versi\u00f3n \u201cOutfit\u201d est\u00e1n disponibles los colores \u201cAzul Turbo\u201d, \u201cGris Titanio\u201d, \u201cGris Volc\u00e1n\u201d y \u201cBlanco Cristal\u201d con techo contratado en color negro.<\/p>\n\n\n\n<p>El modelo tiene los siguientes precios seg\u00fan versi\u00f3n:<\/p>\n\n\n\n<p>Nuevo Volkswagen Nivus 170TSI MT: $30.179.700.<br>Nuevo Volkswagen Nivus Trendline 200TSI AT: $32.035.500.<br>Nuevo Volkswagen Nivus Comfortline 200TSI AT: $33.893.300.<br>Nuevo Volkswagen Nivus Highline 200TSI AT: $36.596.900.<br>Nuevo Volkswagen Nivus Outfit 200TSI AT: $37.451.300.-<\/p>\n\n\n\n<p>El Nuevo Volkswagen Nivus incluye el primer servicio bonificado, la mano de obra del segundo y tercer servicio bonificada y ya est\u00e1 disponible en toda la red de concesionarios Volkswagen del pa\u00eds.<\/p>\n\n\n\n<p><em>Fuente: prensa VW Argentina<\/em><\/p>\n","protected":false},"excerpt":{"rendered":"<p>El Nivus 2025 Se presenta en cinco diferentes versiones: 170TSI MT, Comfortline 200TSI AT, Highline 200TSI AT y las nuevas<\/p>\n","protected":false},"author":3,"featured_media":8198,"comment_status":"open","ping_status":"open","sticky":false,"template":"","format":"standard","meta":{"colormag_page_container_layout":"default_layout","colormag_page_sidebar_layout":"default_layout","footnotes":""},"categories":[6,5],"tags":[494,32,291,90,825],"class_list":["post-8196","post","type-post","status-publish","format-standard","has-post-thumbnail","hentry","category-newsflash","category-latest-news","tag-0km","tag-industria-automotriz","tag-lanzamientos","tag-volkswagen","tag-vw-nivus"],"yoast_head":"<!-- This site is optimized with the Yoast SEO plugin v27.4 - https:\/\/yoast.com\/product\/yoast-seo-wordpress\/ -->\n<title>Autos del Podio | El El restyling del VW Nivus ya se vende en Argentina<\/title>\n<meta name=\"description\" content=\"Autos del Podio Fabricado en Brasil, el Nivus 2025 estrena dos nuevas versiones\" \/>\n<meta name=\"robots\" content=\"index, follow, max-snippet:-1, max-image-preview:large, max-video-preview:-1\" \/>\n<link rel=\"canonical\" href=\"https:\/\/autosdelpodio.com\/autos\/el-el-restyling-del-vw-nivus-ya-se-vende-en-argentina\/\" \/>\n<meta property=\"og:locale\" content=\"es_ES\" \/>\n<meta property=\"og:type\" content=\"article\" \/>\n<meta property=\"og:title\" content=\"Autos del Podio | El El restyling del VW Nivus ya se vende en Argentina\" \/>\n<meta property=\"og:description\" content=\"Autos del Podio Fabricado en Brasil, el Nivus 2025 estrena dos nuevas versiones\" \/>\n<meta property=\"og:url\" content=\"https:\/\/autosdelpodio.com\/autos\/el-el-restyling-del-vw-nivus-ya-se-vende-en-argentina\/\" \/>\n<meta property=\"og:site_name\" content=\"Autos del Podio\" \/>\n<meta property=\"article:publisher\" content=\"https:\/\/www.facebook.com\/profile.php?id=100057192590976&amp;amp%3bamp%3bamp%3bamp%3bamp%3bamp%3bamp%3bamp%3bamp%3bamp%3bamp%3bamp%3bamp%3bamp%3bamp%3bamp%3bamp%3bamp%3bref=ts\" \/>\n<meta property=\"article:published_time\" content=\"2025-02-28T01:11:35+00:00\" \/>\n<meta property=\"article:modified_time\" content=\"2025-02-28T01:11:36+00:00\" \/>\n<meta property=\"og:image\" content=\"https:\/\/autosdelpodio.com\/autos\/wp-content\/uploads\/2025\/02\/VW_Nivus.jpg\" \/>\n\t<meta property=\"og:image:width\" content=\"500\" \/>\n\t<meta property=\"og:image:height\" content=\"325\" \/>\n\t<meta property=\"og:image:type\" content=\"image\/jpeg\" \/>\n<meta name=\"author\" content=\"autosdelpodio\" \/>\n<meta name=\"twitter:card\" content=\"summary_large_image\" \/>\n<meta name=\"twitter:creator\" content=\"@autosdelpodio\" \/>\n<meta name=\"twitter:site\" content=\"@autosdelpodio\" \/>\n<meta name=\"twitter:label1\" content=\"Escrito por\" \/>\n\t<meta name=\"twitter:data1\" content=\"autosdelpodio\" \/>\n\t<meta name=\"twitter:label2\" content=\"Tiempo de lectura\" \/>\n\t<meta name=\"twitter:data2\" content=\"4 minutos\" \/>\n<script type=\"application\/ld+json\" class=\"yoast-schema-graph\">{\"@context\":\"https:\\\/\\\/schema.org\",\"@graph\":[{\"@type\":\"Article\",\"@id\":\"https:\\\/\\\/autosdelpodio.com\\\/autos\\\/el-el-restyling-del-vw-nivus-ya-se-vende-en-argentina\\\/#article\",\"isPartOf\":{\"@id\":\"https:\\\/\\\/autosdelpodio.com\\\/autos\\\/el-el-restyling-del-vw-nivus-ya-se-vende-en-argentina\\\/\"},\"author\":{\"name\":\"autosdelpodio\",\"@id\":\"http:\\\/\\\/autosdelpodio.com\\\/autos\\\/#\\\/schema\\\/person\\\/993527a4d01c3acdd3d6bce3770bc942\"},\"headline\":\"El El restyling del VW Nivus ya se vende en Argentina\",\"datePublished\":\"2025-02-28T01:11:35+00:00\",\"dateModified\":\"2025-02-28T01:11:36+00:00\",\"mainEntityOfPage\":{\"@id\":\"https:\\\/\\\/autosdelpodio.com\\\/autos\\\/el-el-restyling-del-vw-nivus-ya-se-vende-en-argentina\\\/\"},\"wordCount\":749,\"commentCount\":0,\"publisher\":{\"@id\":\"http:\\\/\\\/autosdelpodio.com\\\/autos\\\/#organization\"},\"image\":{\"@id\":\"https:\\\/\\\/autosdelpodio.com\\\/autos\\\/el-el-restyling-del-vw-nivus-ya-se-vende-en-argentina\\\/#primaryimage\"},\"thumbnailUrl\":\"http:\\\/\\\/autosdelpodio.com\\\/autos\\\/wp-content\\\/uploads\\\/2025\\\/02\\\/VW_Nivus.jpg\",\"keywords\":[\"0Km\",\"Industria Automotriz\",\"Lanzamientos\",\"Volkswagen\",\"VW Nivus\"],\"articleSection\":[\"Destacado\",\"\u00daltimas noticias\"],\"inLanguage\":\"es\",\"potentialAction\":[{\"@type\":\"CommentAction\",\"name\":\"Comment\",\"target\":[\"https:\\\/\\\/autosdelpodio.com\\\/autos\\\/el-el-restyling-del-vw-nivus-ya-se-vende-en-argentina\\\/#respond\"]}]},{\"@type\":\"WebPage\",\"@id\":\"https:\\\/\\\/autosdelpodio.com\\\/autos\\\/el-el-restyling-del-vw-nivus-ya-se-vende-en-argentina\\\/\",\"url\":\"https:\\\/\\\/autosdelpodio.com\\\/autos\\\/el-el-restyling-del-vw-nivus-ya-se-vende-en-argentina\\\/\",\"name\":\"Autos del Podio | El El restyling del VW Nivus ya se vende en Argentina\",\"isPartOf\":{\"@id\":\"http:\\\/\\\/autosdelpodio.com\\\/autos\\\/#website\"},\"primaryImageOfPage\":{\"@id\":\"https:\\\/\\\/autosdelpodio.com\\\/autos\\\/el-el-restyling-del-vw-nivus-ya-se-vende-en-argentina\\\/#primaryimage\"},\"image\":{\"@id\":\"https:\\\/\\\/autosdelpodio.com\\\/autos\\\/el-el-restyling-del-vw-nivus-ya-se-vende-en-argentina\\\/#primaryimage\"},\"thumbnailUrl\":\"http:\\\/\\\/autosdelpodio.com\\\/autos\\\/wp-content\\\/uploads\\\/2025\\\/02\\\/VW_Nivus.jpg\",\"datePublished\":\"2025-02-28T01:11:35+00:00\",\"dateModified\":\"2025-02-28T01:11:36+00:00\",\"description\":\"Autos del Podio Fabricado en Brasil, el Nivus 2025 estrena dos nuevas versiones\",\"breadcrumb\":{\"@id\":\"https:\\\/\\\/autosdelpodio.com\\\/autos\\\/el-el-restyling-del-vw-nivus-ya-se-vende-en-argentina\\\/#breadcrumb\"},\"inLanguage\":\"es\",\"potentialAction\":[{\"@type\":\"ReadAction\",\"target\":[\"https:\\\/\\\/autosdelpodio.com\\\/autos\\\/el-el-restyling-del-vw-nivus-ya-se-vende-en-argentina\\\/\"]}]},{\"@type\":\"ImageObject\",\"inLanguage\":\"es\",\"@id\":\"https:\\\/\\\/autosdelpodio.com\\\/autos\\\/el-el-restyling-del-vw-nivus-ya-se-vende-en-argentina\\\/#primaryimage\",\"url\":\"http:\\\/\\\/autosdelpodio.com\\\/autos\\\/wp-content\\\/uploads\\\/2025\\\/02\\\/VW_Nivus.jpg\",\"contentUrl\":\"http:\\\/\\\/autosdelpodio.com\\\/autos\\\/wp-content\\\/uploads\\\/2025\\\/02\\\/VW_Nivus.jpg\",\"width\":500,\"height\":325},{\"@type\":\"BreadcrumbList\",\"@id\":\"https:\\\/\\\/autosdelpodio.com\\\/autos\\\/el-el-restyling-del-vw-nivus-ya-se-vende-en-argentina\\\/#breadcrumb\",\"itemListElement\":[{\"@type\":\"ListItem\",\"position\":1,\"name\":\"Portada\",\"item\":\"http:\\\/\\\/autosdelpodio.com\\\/autos\\\/\"},{\"@type\":\"ListItem\",\"position\":2,\"name\":\"El El restyling del VW Nivus ya se vende en Argentina\"}]},{\"@type\":\"WebSite\",\"@id\":\"http:\\\/\\\/autosdelpodio.com\\\/autos\\\/#website\",\"url\":\"http:\\\/\\\/autosdelpodio.com\\\/autos\\\/\",\"name\":\"Autos del Podio\",\"description\":\"La sexta del deporte motor\",\"publisher\":{\"@id\":\"http:\\\/\\\/autosdelpodio.com\\\/autos\\\/#organization\"},\"potentialAction\":[{\"@type\":\"SearchAction\",\"target\":{\"@type\":\"EntryPoint\",\"urlTemplate\":\"http:\\\/\\\/autosdelpodio.com\\\/autos\\\/?s={search_term_string}\"},\"query-input\":{\"@type\":\"PropertyValueSpecification\",\"valueRequired\":true,\"valueName\":\"search_term_string\"}}],\"inLanguage\":\"es\"},{\"@type\":\"Organization\",\"@id\":\"http:\\\/\\\/autosdelpodio.com\\\/autos\\\/#organization\",\"name\":\"Autos del Podio\",\"url\":\"http:\\\/\\\/autosdelpodio.com\\\/autos\\\/\",\"logo\":{\"@type\":\"ImageObject\",\"inLanguage\":\"es\",\"@id\":\"http:\\\/\\\/autosdelpodio.com\\\/autos\\\/#\\\/schema\\\/logo\\\/image\\\/\",\"url\":\"http:\\\/\\\/autosdelpodio.com\\\/autos\\\/wp-content\\\/uploads\\\/2020\\\/08\\\/Logo_AR.jpg\",\"contentUrl\":\"http:\\\/\\\/autosdelpodio.com\\\/autos\\\/wp-content\\\/uploads\\\/2020\\\/08\\\/Logo_AR.jpg\",\"width\":1038,\"height\":1044,\"caption\":\"Autos del Podio\"},\"image\":{\"@id\":\"http:\\\/\\\/autosdelpodio.com\\\/autos\\\/#\\\/schema\\\/logo\\\/image\\\/\"},\"sameAs\":[\"https:\\\/\\\/www.facebook.com\\\/profile.php?id=100057192590976&amp;amp;amp;amp;amp;amp;amp;amp;amp;amp;amp;amp;amp;amp;amp;amp;amp;amp;ref=ts\",\"https:\\\/\\\/x.com\\\/autosdelpodio\",\"https:\\\/\\\/www.youtube.com\\\/user\\\/AutosdelPodio\"]},{\"@type\":\"Person\",\"@id\":\"http:\\\/\\\/autosdelpodio.com\\\/autos\\\/#\\\/schema\\\/person\\\/993527a4d01c3acdd3d6bce3770bc942\",\"name\":\"autosdelpodio\",\"image\":{\"@type\":\"ImageObject\",\"inLanguage\":\"es\",\"@id\":\"http:\\\/\\\/autosdelpodio.com\\\/autos\\\/wp-content\\\/litespeed\\\/avatar\\\/aa8f65cd201a80f6b844f63278aa84af.jpg?ver=1776798175\",\"url\":\"http:\\\/\\\/autosdelpodio.com\\\/autos\\\/wp-content\\\/litespeed\\\/avatar\\\/aa8f65cd201a80f6b844f63278aa84af.jpg?ver=1776798175\",\"contentUrl\":\"http:\\\/\\\/autosdelpodio.com\\\/autos\\\/wp-content\\\/litespeed\\\/avatar\\\/aa8f65cd201a80f6b844f63278aa84af.jpg?ver=1776798175\",\"caption\":\"autosdelpodio\"}}]}<\/script>\n<!-- \/ Yoast SEO plugin. -->","yoast_head_json":{"title":"Autos del Podio | El El restyling del VW Nivus ya se vende en Argentina","description":"Autos del Podio Fabricado en Brasil, el Nivus 2025 estrena dos nuevas versiones","robots":{"index":"index","follow":"follow","max-snippet":"max-snippet:-1","max-image-preview":"max-image-preview:large","max-video-preview":"max-video-preview:-1"},"canonical":"https:\/\/autosdelpodio.com\/autos\/el-el-restyling-del-vw-nivus-ya-se-vende-en-argentina\/","og_locale":"es_ES","og_type":"article","og_title":"Autos del Podio | El El restyling del VW Nivus ya se vende en Argentina","og_description":"Autos del Podio Fabricado en Brasil, el Nivus 2025 estrena dos nuevas versiones","og_url":"https:\/\/autosdelpodio.com\/autos\/el-el-restyling-del-vw-nivus-ya-se-vende-en-argentina\/","og_site_name":"Autos del Podio","article_publisher":"https:\/\/www.facebook.com\/profile.php?id=100057192590976&amp%3bamp%3bamp%3bamp%3bamp%3bamp%3bamp%3bamp%3bamp%3bamp%3bamp%3bamp%3bamp%3bamp%3bamp%3bamp%3bamp%3bamp%3bref=ts","article_published_time":"2025-02-28T01:11:35+00:00","article_modified_time":"2025-02-28T01:11:36+00:00","og_image":[{"width":500,"height":325,"url":"https:\/\/autosdelpodio.com\/autos\/wp-content\/uploads\/2025\/02\/VW_Nivus.jpg","type":"image\/jpeg"}],"author":"autosdelpodio","twitter_card":"summary_large_image","twitter_creator":"@autosdelpodio","twitter_site":"@autosdelpodio","twitter_misc":{"Escrito por":"autosdelpodio","Tiempo de lectura":"4 minutos"},"schema":{"@context":"https:\/\/schema.org","@graph":[{"@type":"Article","@id":"https:\/\/autosdelpodio.com\/autos\/el-el-restyling-del-vw-nivus-ya-se-vende-en-argentina\/#article","isPartOf":{"@id":"https:\/\/autosdelpodio.com\/autos\/el-el-restyling-del-vw-nivus-ya-se-vende-en-argentina\/"},"author":{"name":"autosdelpodio","@id":"http:\/\/autosdelpodio.com\/autos\/#\/schema\/person\/993527a4d01c3acdd3d6bce3770bc942"},"headline":"El El restyling del VW Nivus ya se vende en Argentina","datePublished":"2025-02-28T01:11:35+00:00","dateModified":"2025-02-28T01:11:36+00:00","mainEntityOfPage":{"@id":"https:\/\/autosdelpodio.com\/autos\/el-el-restyling-del-vw-nivus-ya-se-vende-en-argentina\/"},"wordCount":749,"commentCount":0,"publisher":{"@id":"http:\/\/autosdelpodio.com\/autos\/#organization"},"image":{"@id":"https:\/\/autosdelpodio.com\/autos\/el-el-restyling-del-vw-nivus-ya-se-vende-en-argentina\/#primaryimage"},"thumbnailUrl":"http:\/\/autosdelpodio.com\/autos\/wp-content\/uploads\/2025\/02\/VW_Nivus.jpg","keywords":["0Km","Industria Automotriz","Lanzamientos","Volkswagen","VW Nivus"],"articleSection":["Destacado","\u00daltimas noticias"],"inLanguage":"es","potentialAction":[{"@type":"CommentAction","name":"Comment","target":["https:\/\/autosdelpodio.com\/autos\/el-el-restyling-del-vw-nivus-ya-se-vende-en-argentina\/#respond"]}]},{"@type":"WebPage","@id":"https:\/\/autosdelpodio.com\/autos\/el-el-restyling-del-vw-nivus-ya-se-vende-en-argentina\/","url":"https:\/\/autosdelpodio.com\/autos\/el-el-restyling-del-vw-nivus-ya-se-vende-en-argentina\/","name":"Autos del Podio | El El restyling del VW Nivus ya se vende en Argentina","isPartOf":{"@id":"http:\/\/autosdelpodio.com\/autos\/#website"},"primaryImageOfPage":{"@id":"https:\/\/autosdelpodio.com\/autos\/el-el-restyling-del-vw-nivus-ya-se-vende-en-argentina\/#primaryimage"},"image":{"@id":"https:\/\/autosdelpodio.com\/autos\/el-el-restyling-del-vw-nivus-ya-se-vende-en-argentina\/#primaryimage"},"thumbnailUrl":"http:\/\/autosdelpodio.com\/autos\/wp-content\/uploads\/2025\/02\/VW_Nivus.jpg","datePublished":"2025-02-28T01:11:35+00:00","dateModified":"2025-02-28T01:11:36+00:00","description":"Autos del Podio Fabricado en Brasil, el Nivus 2025 estrena dos nuevas versiones","breadcrumb":{"@id":"https:\/\/autosdelpodio.com\/autos\/el-el-restyling-del-vw-nivus-ya-se-vende-en-argentina\/#breadcrumb"},"inLanguage":"es","potentialAction":[{"@type":"ReadAction","target":["https:\/\/autosdelpodio.com\/autos\/el-el-restyling-del-vw-nivus-ya-se-vende-en-argentina\/"]}]},{"@type":"ImageObject","inLanguage":"es","@id":"https:\/\/autosdelpodio.com\/autos\/el-el-restyling-del-vw-nivus-ya-se-vende-en-argentina\/#primaryimage","url":"http:\/\/autosdelpodio.com\/autos\/wp-content\/uploads\/2025\/02\/VW_Nivus.jpg","contentUrl":"http:\/\/autosdelpodio.com\/autos\/wp-content\/uploads\/2025\/02\/VW_Nivus.jpg","width":500,"height":325},{"@type":"BreadcrumbList","@id":"https:\/\/autosdelpodio.com\/autos\/el-el-restyling-del-vw-nivus-ya-se-vende-en-argentina\/#breadcrumb","itemListElement":[{"@type":"ListItem","position":1,"name":"Portada","item":"http:\/\/autosdelpodio.com\/autos\/"},{"@type":"ListItem","position":2,"name":"El El restyling del VW Nivus ya se vende en Argentina"}]},{"@type":"WebSite","@id":"http:\/\/autosdelpodio.com\/autos\/#website","url":"http:\/\/autosdelpodio.com\/autos\/","name":"Autos del Podio","description":"La sexta del deporte motor","publisher":{"@id":"http:\/\/autosdelpodio.com\/autos\/#organization"},"potentialAction":[{"@type":"SearchAction","target":{"@type":"EntryPoint","urlTemplate":"http:\/\/autosdelpodio.com\/autos\/?s={search_term_string}"},"query-input":{"@type":"PropertyValueSpecification","valueRequired":true,"valueName":"search_term_string"}}],"inLanguage":"es"},{"@type":"Organization","@id":"http:\/\/autosdelpodio.com\/autos\/#organization","name":"Autos del Podio","url":"http:\/\/autosdelpodio.com\/autos\/","logo":{"@type":"ImageObject","inLanguage":"es","@id":"http:\/\/autosdelpodio.com\/autos\/#\/schema\/logo\/image\/","url":"http:\/\/autosdelpodio.com\/autos\/wp-content\/uploads\/2020\/08\/Logo_AR.jpg","contentUrl":"http:\/\/autosdelpodio.com\/autos\/wp-content\/uploads\/2020\/08\/Logo_AR.jpg","width":1038,"height":1044,"caption":"Autos del Podio"},"image":{"@id":"http:\/\/autosdelpodio.com\/autos\/#\/schema\/logo\/image\/"},"sameAs":["https:\/\/www.facebook.com\/profile.php?id=100057192590976&amp;amp;amp;amp;amp;amp;amp;amp;amp;amp;amp;amp;amp;amp;amp;amp;amp;amp;ref=ts","https:\/\/x.com\/autosdelpodio","https:\/\/www.youtube.com\/user\/AutosdelPodio"]},{"@type":"Person","@id":"http:\/\/autosdelpodio.com\/autos\/#\/schema\/person\/993527a4d01c3acdd3d6bce3770bc942","name":"autosdelpodio","image":{"@type":"ImageObject","inLanguage":"es","@id":"http:\/\/autosdelpodio.com\/autos\/wp-content\/litespeed\/avatar\/aa8f65cd201a80f6b844f63278aa84af.jpg?ver=1776798175","url":"http:\/\/autosdelpodio.com\/autos\/wp-content\/litespeed\/avatar\/aa8f65cd201a80f6b844f63278aa84af.jpg?ver=1776798175","contentUrl":"http:\/\/autosdelpodio.com\/autos\/wp-content\/litespeed\/avatar\/aa8f65cd201a80f6b844f63278aa84af.jpg?ver=1776798175","caption":"autosdelpodio"}}]}},"views":585,"_links":{"self":[{"href":"http:\/\/autosdelpodio.com\/autos\/wp-json\/wp\/v2\/posts\/8196","targetHints":{"allow":["GET"]}}],"collection":[{"href":"http:\/\/autosdelpodio.com\/autos\/wp-json\/wp\/v2\/posts"}],"about":[{"href":"http:\/\/autosdelpodio.com\/autos\/wp-json\/wp\/v2\/types\/post"}],"author":[{"embeddable":true,"href":"http:\/\/autosdelpodio.com\/autos\/wp-json\/wp\/v2\/users\/3"}],"replies":[{"embeddable":true,"href":"http:\/\/autosdelpodio.com\/autos\/wp-json\/wp\/v2\/comments?post=8196"}],"version-history":[{"count":2,"href":"http:\/\/autosdelpodio.com\/autos\/wp-json\/wp\/v2\/posts\/8196\/revisions"}],"predecessor-version":[{"id":8199,"href":"http:\/\/autosdelpodio.com\/autos\/wp-json\/wp\/v2\/posts\/8196\/revisions\/8199"}],"wp:featuredmedia":[{"embeddable":true,"href":"http:\/\/autosdelpodio.com\/autos\/wp-json\/wp\/v2\/media\/8198"}],"wp:attachment":[{"href":"http:\/\/autosdelpodio.com\/autos\/wp-json\/wp\/v2\/media?parent=8196"}],"wp:term":[{"taxonomy":"category","embeddable":true,"href":"http:\/\/autosdelpodio.com\/autos\/wp-json\/wp\/v2\/categories?post=8196"},{"taxonomy":"post_tag","embeddable":true,"href":"http:\/\/autosdelpodio.com\/autos\/wp-json\/wp\/v2\/tags?post=8196"}],"curies":[{"name":"wp","href":"https:\/\/api.w.org\/{rel}","templated":true}]}}