{"id":825,"date":"2013-09-08T22:11:09","date_gmt":"2013-09-08T22:11:09","guid":{"rendered":"http:\/\/autosdelpodio.com\/autos\/2013\/09\/08\/2x1-aventin-se-llevo-la-carrera-y-la-etapa\/"},"modified":"2013-09-08T22:11:09","modified_gmt":"2013-09-08T22:11:09","slug":"2x1-aventin-se-llevo-la-carrera-y-la-etapa","status":"publish","type":"post","link":"http:\/\/autosdelpodio.com\/autos\/2x1-aventin-se-llevo-la-carrera-y-la-etapa\/","title":{"rendered":"2X1: Aventin se llev\u00f3 la carrera y la etapa"},"content":{"rendered":"<p><span style=\"line-height: 1.3em;\">El \u201cPumita\u201d de Mor\u00f3n Diego Aventin (Ford) obtuvo un triunfo fundamental para adjudicarse la \u00a0fase regular de Turismo Carretera este mediod\u00eda en el aut\u00f3dromo \u00abCiudad de Paran\u00e1\u00bb, en Entre R\u00edos.Luis Jos\u00e9 Di Palma (Torino) y Jonatan Castellano (Dodge) completaron el podio. <\/span><\/p>\n<p>  <!--more-->  <\/p>\n<p><span style=\"line-height: 1.3em;\">Finalmente los 12 clasificados a la Copa de Oro habilitados para pelear \u00a0el t\u00edtulo en las \u00faltimas 5 fechas \u00a0ser\u00e1n Diego Aventin (empezar\u00e1 con 23 puntos, por ganar la etapa y una carrera),Mariano Werner (Ford), Mauro Giallombardo (Ford), Juan Bautista De Benedictis (Ford), Jos\u00e9 Mar\u00eda L\u00f3pez (Dodge), Mat\u00edas Rossi (Chevrolet), Omar Mart\u00ednez (Ford), Christian Ledesma (Chevrolet); (todos con 8 unidades por ganar una competencia) y Josito Di Palma, Juan Manuel Silva(Ford) \u00a0y Jonatan Castellano (sin puntos).<\/span><\/p>\n<p>La Copa de Oro tendr\u00e1 su inicio en el aut\u00f3dromo \u00abRosendo Hern\u00e1ndez\u00bb de San Luis el pr\u00f3ximo 29 de septiembre.<\/p>\n<p><strong><span style=\"line-height: 1.3em;\"> Final<\/span><span style=\"line-height: 1.3em;\"> TC a 25 Vueltas<\/span><span style=\"line-height: 1.3em; white-space: pre;\"> <\/span><span style=\"line-height: 1.3em;\"> <\/span><\/strong><\/p>\n<p>1<span style=\"white-space: pre;\"> <\/span>AVENTIN, DIEGO <span style=\"white-space: pre;\"> <\/span>FORD<span style=\"white-space: pre;\"> <\/span>37:07.398<span style=\"white-space: pre;\"> <\/span><\/p>\n<p>2<span style=\"white-space: pre;\"> <\/span>DI PALMA, LU\u00cdS JOS\u00c9 (H)<span style=\"white-space: pre;\"> <\/span>TORINO<span style=\"white-space: pre;\"> <\/span>37:09.532<span style=\"white-space: pre;\"> <\/span>2.135<\/p>\n<p>3<span style=\"white-space: pre;\"> <\/span>CASTELLANO, JONATAN <span style=\"white-space: pre;\"> <\/span>DODGE<span style=\"white-space: pre;\"> <\/span>37:14.055<span style=\"white-space: pre;\"> <\/span>6.657<\/p>\n<p>4<span style=\"white-space: pre;\"> <\/span>OUBI\u00d1A, ADRI\u00c1N<span style=\"white-space: pre;\"> <\/span>FORD<span style=\"white-space: pre;\"> <\/span>37:16.756<span style=\"white-space: pre;\"> <\/span>9.358<\/p>\n<p>5<span style=\"white-space: pre;\"> <\/span>ANGELINI, JUAN MARCOS<span style=\"white-space: pre;\"> <\/span>DODGE<span style=\"white-space: pre;\"> <\/span>37:17.238<span style=\"white-space: pre;\"> <\/span>9.840<\/p>\n<p>6<span style=\"white-space: pre;\"> <\/span>CANAPINO, AGUST\u00cdN <span style=\"white-space: pre;\"> <\/span>CHEVROLET<span style=\"white-space: pre;\"> <\/span>37:18.268<span style=\"white-space: pre;\"> <\/span>10.870<\/p>\n<p>7<span style=\"white-space: pre;\"> <\/span>ROSSI, MAT\u00cdAS <span style=\"white-space: pre;\"> <\/span>CHEVROLET<span style=\"white-space: pre;\"> <\/span>37:19.424<span style=\"white-space: pre;\"> <\/span>12.026<\/p>\n<p>8<span style=\"white-space: pre;\"> <\/span>JALAF, MAT\u00cdAS<span style=\"white-space: pre;\"> <\/span>FORD<span style=\"white-space: pre;\"> <\/span>37:24.004<span style=\"white-space: pre;\"> <\/span>16.606<\/p>\n<p>9<span style=\"white-space: pre;\"> <\/span>PONCE DE LE\u00d3N, GABRIEL <span style=\"white-space: pre;\"> <\/span>FORD<span style=\"white-space: pre;\"> <\/span>37:24.690<span style=\"white-space: pre;\"> <\/span>17.292<\/p>\n<p>10<span style=\"white-space: pre;\"> <\/span>SILVA, JUAN MANUEL<span style=\"white-space: pre;\"> <\/span>FORD<span style=\"white-space: pre;\"> <\/span>37:26.182<span style=\"white-space: pre;\"> <\/span>18.784<\/p>\n<p>11<span style=\"white-space: pre;\"> <\/span>ALTUNA, MARIANO <span style=\"white-space: pre;\"> <\/span>CHEVROLET<span style=\"white-space: pre;\"> <\/span>37:29.923<span style=\"white-space: pre;\"> <\/span>22.525<\/p>\n<p>12<span style=\"white-space: pre;\"> <\/span>MART\u00cdNEZ, OMAR <span style=\"white-space: pre;\"> <\/span>FORD<span style=\"white-space: pre;\"> <\/span>37:31.985<span style=\"white-space: pre;\"> <\/span>24.587<\/p>\n<p>13<span style=\"white-space: pre;\"> <\/span>KOHLER, CLAUDIO<span style=\"white-space: pre;\"> <\/span>DODGE<span style=\"white-space: pre;\"> <\/span>37:32.209<span style=\"white-space: pre;\"> <\/span>24.811<\/p>\n<p>14<span style=\"white-space: pre;\"> <\/span>PERN\u00cdA, LEONEL<span style=\"white-space: pre;\"> <\/span>DODGE<span style=\"white-space: pre;\"> <\/span>37:32.411<span style=\"white-space: pre;\"> <\/span>25.013<\/p>\n<p>15<span style=\"white-space: pre;\"> <\/span>GIANINI, JUAN PABLO<span style=\"white-space: pre;\"> <\/span>FORD<span style=\"white-space: pre;\"> <\/span>37:32.807<span style=\"white-space: pre;\"> <\/span>25.409<\/p>\n<p>16<span style=\"white-space: pre;\"> <\/span>LEDESMA, CHRISTIAN <span style=\"white-space: pre;\"> <\/span>CHEVROLET<span style=\"white-space: pre;\"> <\/span>37:36.384<span style=\"white-space: pre;\"> <\/span>28.986<\/p>\n<p>17<span style=\"white-space: pre;\"> <\/span>RISATTI, RICARDO<span style=\"white-space: pre;\"> <\/span>DODGE<span style=\"white-space: pre;\"> <\/span>37:39.550<span style=\"white-space: pre;\"> <\/span>32.152<\/p>\n<p>18<span style=\"white-space: pre;\"> <\/span>ARDUSSO, FACUNDO<span style=\"white-space: pre;\"> <\/span>DODGE<span style=\"white-space: pre;\"> <\/span>37:40.325<span style=\"white-space: pre;\"> <\/span>32.927<\/p>\n<p>19<span style=\"white-space: pre;\"> <\/span>TRUCCO, JUAN MART\u00cdN<span style=\"white-space: pre;\"> <\/span>DODGE<span style=\"white-space: pre;\"> <\/span>37:40.441<span style=\"white-space: pre;\"> <\/span>33.043<\/p>\n<p>20<span style=\"white-space: pre;\"> <\/span>SAVINO, JOS\u00c9<span style=\"white-space: pre;\"> <\/span>FORD<span style=\"white-space: pre;\"> <\/span>37:41.286<span style=\"white-space: pre;\"> <\/span>33.888<\/p>\n<p>21<span style=\"white-space: pre;\"> <\/span>OKULOVICH, CARLOS<span style=\"white-space: pre;\"> <\/span>TORINO<span style=\"white-space: pre;\"> <\/span>37:41.969<span style=\"white-space: pre;\"> <\/span>34.571<\/p>\n<p>22<span style=\"white-space: pre;\"> <\/span>BONELLI, NICOL\u00c1S<span style=\"white-space: pre;\"> <\/span>FORD<span style=\"white-space: pre;\"> <\/span>37:43.599<span style=\"white-space: pre;\"> <\/span>36.201<\/p>\n<p>23<span style=\"white-space: pre;\"> <\/span>SOTRO, LEONEL<span style=\"white-space: pre;\"> <\/span>FORD<span style=\"white-space: pre;\"> <\/span>37:44.945<span style=\"white-space: pre;\"> <\/span>37.547<\/p>\n<p>24<span style=\"white-space: pre;\"> <\/span>SPATARO, EMILIANO <span style=\"white-space: pre;\"> <\/span>DODGE<span style=\"white-space: pre;\"> <\/span>37:45.459<span style=\"white-space: pre;\"> <\/span>38.061<\/p>\n<p>25<span style=\"white-space: pre;\"> <\/span>NOLESI, MATH\u00cdAS<span style=\"white-space: pre;\"> <\/span>FORD<span style=\"white-space: pre;\"> <\/span>37:46.406<span style=\"white-space: pre;\"> <\/span>39.008<\/p>\n<p>26<span style=\"white-space: pre;\"> <\/span>DE BENEDICTIS, JUAN BAUTISTA<span style=\"white-space: pre;\"> <\/span>FORD<span style=\"white-space: pre;\"> <\/span>37:49.587<span style=\"white-space: pre;\"> <\/span>42.189<\/p>\n<p>27<span style=\"white-space: pre;\"> <\/span>RODR\u00cdGUEZ, MAT\u00cdAS<span style=\"white-space: pre;\"> <\/span>DODGE<span style=\"white-space: pre;\"> <\/span>37:49.975<span style=\"white-space: pre;\"> <\/span>42.577<\/p>\n<p>28<span style=\"white-space: pre;\"> <\/span>BONELLI, PR\u00d3SPERO<span style=\"white-space: pre;\"> <\/span>FORD<span style=\"white-space: pre;\"> <\/span>37:56.826<span style=\"white-space: pre;\"> <\/span>49.428<\/p>\n<p>29<span style=\"white-space: pre;\"> <\/span>MAZZACANE, GAST\u00d3N<span style=\"white-space: pre;\"> <\/span>CHEVROLET<span style=\"white-space: pre;\"> <\/span>38:04.800<span style=\"white-space: pre;\"> <\/span>57.403<\/p>\n<p>30<span style=\"white-space: pre;\"> <\/span>BASSO, MART\u00cdN <span style=\"white-space: pre;\"> <\/span>CHEVROLET<span style=\"white-space: pre;\"> <\/span>38:06.614<span style=\"white-space: pre;\"> <\/span>59.217<\/p>\n<p>31<span style=\"white-space: pre;\"> <\/span>UGALDE, LIONEL <span style=\"white-space: pre;\"> <\/span>FORD<span style=\"white-space: pre;\"> <\/span>38:24.217<span style=\"white-space: pre;\"> <\/span>1:16.819<\/p>\n<p>32<span style=\"white-space: pre;\"> <\/span>ALAUX, SERGIO<span style=\"white-space: pre;\"> <\/span>CHEVROLET<span style=\"white-space: pre;\"> <\/span>38:44.996<span style=\"white-space: pre;\"> <\/span>1:37.598<\/p>\n<p>33<span style=\"white-space: pre;\"> <\/span>DE CARLO, DIEGO<span style=\"white-space: pre;\"> <\/span>CHEVROLET<span style=\"white-space: pre;\"> <\/span>37:15.243<span style=\"white-space: pre;\"> <\/span><\/p>\n<p>34<span style=\"white-space: pre;\"> <\/span>JUAN, MAXIMILIANO <span style=\"white-space: pre;\"> <\/span>FORD<span style=\"white-space: pre;\"> <\/span>38:25.764<span style=\"white-space: pre;\"> <\/span><\/p>\n<p>35<span style=\"white-space: pre;\"> <\/span>ORTELLI, GUILLERMO<span style=\"white-space: pre;\"> <\/span>CHEVROLET<span style=\"white-space: pre;\"> <\/span>32:38.319<span style=\"white-space: pre;\"> <\/span><\/p>\n<p>36<span style=\"white-space: pre;\"> <\/span>CAMPANERA, LAUREANO<span style=\"white-space: pre;\"> <\/span>CHEVROLET<span style=\"white-space: pre;\"> <\/span>29:07.804<span style=\"white-space: pre;\"> <\/span><\/p>\n<p>37<span style=\"white-space: pre;\"> <\/span>MORIATIS, EMANUEL <span style=\"white-space: pre;\"> <\/span>FORD<span style=\"white-space: pre;\"> <\/span>21:05.992<span style=\"white-space: pre;\"> <\/span><\/p>\n<p>38<span style=\"white-space: pre;\"> <\/span>SMITH, BRIAN<span style=\"white-space: pre;\"> <\/span>TORINO<span style=\"white-space: pre;\"> <\/span>20:00.617<span style=\"white-space: pre;\"> <\/span><\/p>\n<p>39<span style=\"white-space: pre;\"> <\/span>FONTANA, NORBERTO<span style=\"white-space: pre;\"> <\/span>TORINO<span style=\"white-space: pre;\"> <\/span>18:16.798<span style=\"white-space: pre;\"> <\/span><\/p>\n<p>40<span style=\"white-space: pre;\"> <\/span>GUERRIERI, ESTEBAN<span style=\"white-space: pre;\"> <\/span>DODGE<span style=\"white-space: pre;\"> <\/span>06:53.484<span style=\"white-space: pre;\"> <\/span><\/p>\n<p>41<span style=\"white-space: pre;\"> <\/span>PONTE, MART\u00cdN<span style=\"white-space: pre;\"> <\/span>TORINO<span style=\"white-space: pre;\"> <\/span>05:14.499<span style=\"white-space: pre;\"> <\/span><\/p>\n<p>42<span style=\"white-space: pre;\"> <\/span>SERRANO, MART\u00cdN<span style=\"white-space: pre;\"> <\/span>DODGE<span style=\"white-space: pre;\"> <\/span>01:38.405<span style=\"white-space: pre;\"> <\/span><\/p>\n<p>43<span style=\"white-space: pre;\"> <\/span>VENTRICELLI , LUCIANO<span style=\"white-space: pre;\"> <\/span>DODGE<span style=\"white-space: pre;\"> <\/span>01:49.208<span style=\"white-space: pre;\"> <\/span><\/p>\n<p>44<span style=\"white-space: pre;\"> <\/span>GIALLOMBARDO, MAURO<span style=\"white-space: pre;\"> <\/span>FORD<span style=\"white-space: pre;\"> <\/span>02:01.868<\/p>\n","protected":false},"excerpt":{"rendered":"<p>El \u201cPumita\u201d de Mor\u00f3n Diego Aventin (Ford) obtuvo un triunfo fundamental para adjudicarse la \u00a0fase regular de Turismo Carretera este<\/p>\n","protected":false},"author":1,"featured_media":0,"comment_status":"open","ping_status":"open","sticky":false,"template":"","format":"standard","meta":{"colormag_page_container_layout":"default_layout","colormag_page_sidebar_layout":"default_layout","footnotes":""},"categories":[5],"tags":[],"class_list":["post-825","post","type-post","status-publish","format-standard","hentry","category-latest-news"],"yoast_head":"<!-- This site is optimized with the Yoast SEO plugin v27.5 - https:\/\/yoast.com\/product\/yoast-seo-wordpress\/ -->\n<title>Autos del Podio | 2X1: Aventin se llev\u00f3 la carrera y la etapa<\/title>\n<meta name=\"description\" content=\"Autos del Podio\" \/>\n<meta name=\"robots\" content=\"index, follow, max-snippet:-1, max-image-preview:large, max-video-preview:-1\" \/>\n<link rel=\"canonical\" href=\"http:\/\/autosdelpodio.com\/autos\/2x1-aventin-se-llevo-la-carrera-y-la-etapa\/\" \/>\n<meta property=\"og:locale\" content=\"es_ES\" \/>\n<meta property=\"og:type\" content=\"article\" \/>\n<meta property=\"og:title\" content=\"Autos del Podio | 2X1: Aventin se llev\u00f3 la carrera y la etapa\" \/>\n<meta property=\"og:description\" content=\"Autos del Podio\" \/>\n<meta property=\"og:url\" content=\"http:\/\/autosdelpodio.com\/autos\/2x1-aventin-se-llevo-la-carrera-y-la-etapa\/\" \/>\n<meta property=\"og:site_name\" content=\"Autos del Podio\" \/>\n<meta property=\"article:publisher\" content=\"https:\/\/www.facebook.com\/profile.php?id=100057192590976&amp;amp%3bamp%3bamp%3bamp%3bamp%3bamp%3bamp%3bamp%3bamp%3bamp%3bamp%3bamp%3bamp%3bamp%3bamp%3bamp%3bamp%3bamp%3bref=ts\" \/>\n<meta property=\"article:published_time\" content=\"2013-09-08T22:11:09+00:00\" \/>\n<meta name=\"author\" content=\"wi022230\" \/>\n<meta name=\"twitter:card\" content=\"summary_large_image\" \/>\n<meta name=\"twitter:creator\" content=\"@autosdelpodio\" \/>\n<meta name=\"twitter:site\" content=\"@autosdelpodio\" \/>\n<meta name=\"twitter:label1\" content=\"Escrito por\" \/>\n\t<meta name=\"twitter:data1\" content=\"wi022230\" \/>\n\t<meta name=\"twitter:label2\" content=\"Tiempo de lectura\" \/>\n\t<meta name=\"twitter:data2\" content=\"2 minutos\" \/>\n<script type=\"application\/ld+json\" class=\"yoast-schema-graph\">{\"@context\":\"https:\\\/\\\/schema.org\",\"@graph\":[{\"@type\":\"Article\",\"@id\":\"http:\\\/\\\/autosdelpodio.com\\\/autos\\\/2x1-aventin-se-llevo-la-carrera-y-la-etapa\\\/#article\",\"isPartOf\":{\"@id\":\"http:\\\/\\\/autosdelpodio.com\\\/autos\\\/2x1-aventin-se-llevo-la-carrera-y-la-etapa\\\/\"},\"author\":{\"name\":\"wi022230\",\"@id\":\"http:\\\/\\\/autosdelpodio.com\\\/autos\\\/#\\\/schema\\\/person\\\/e88353cabf768863fdf874e30120f3ba\"},\"headline\":\"2X1: Aventin se llev\u00f3 la carrera y la etapa\",\"datePublished\":\"2013-09-08T22:11:09+00:00\",\"mainEntityOfPage\":{\"@id\":\"http:\\\/\\\/autosdelpodio.com\\\/autos\\\/2x1-aventin-se-llevo-la-carrera-y-la-etapa\\\/\"},\"wordCount\":324,\"commentCount\":0,\"publisher\":{\"@id\":\"http:\\\/\\\/autosdelpodio.com\\\/autos\\\/#organization\"},\"articleSection\":[\"\u00daltimas noticias\"],\"inLanguage\":\"es\",\"potentialAction\":[{\"@type\":\"CommentAction\",\"name\":\"Comment\",\"target\":[\"http:\\\/\\\/autosdelpodio.com\\\/autos\\\/2x1-aventin-se-llevo-la-carrera-y-la-etapa\\\/#respond\"]}]},{\"@type\":\"WebPage\",\"@id\":\"http:\\\/\\\/autosdelpodio.com\\\/autos\\\/2x1-aventin-se-llevo-la-carrera-y-la-etapa\\\/\",\"url\":\"http:\\\/\\\/autosdelpodio.com\\\/autos\\\/2x1-aventin-se-llevo-la-carrera-y-la-etapa\\\/\",\"name\":\"Autos del Podio | 2X1: Aventin se llev\u00f3 la carrera y la etapa\",\"isPartOf\":{\"@id\":\"http:\\\/\\\/autosdelpodio.com\\\/autos\\\/#website\"},\"datePublished\":\"2013-09-08T22:11:09+00:00\",\"description\":\"Autos del Podio\",\"breadcrumb\":{\"@id\":\"http:\\\/\\\/autosdelpodio.com\\\/autos\\\/2x1-aventin-se-llevo-la-carrera-y-la-etapa\\\/#breadcrumb\"},\"inLanguage\":\"es\",\"potentialAction\":[{\"@type\":\"ReadAction\",\"target\":[\"http:\\\/\\\/autosdelpodio.com\\\/autos\\\/2x1-aventin-se-llevo-la-carrera-y-la-etapa\\\/\"]}]},{\"@type\":\"BreadcrumbList\",\"@id\":\"http:\\\/\\\/autosdelpodio.com\\\/autos\\\/2x1-aventin-se-llevo-la-carrera-y-la-etapa\\\/#breadcrumb\",\"itemListElement\":[{\"@type\":\"ListItem\",\"position\":1,\"name\":\"Portada\",\"item\":\"http:\\\/\\\/autosdelpodio.com\\\/autos\\\/\"},{\"@type\":\"ListItem\",\"position\":2,\"name\":\"2X1: Aventin se llev\u00f3 la carrera y la etapa\"}]},{\"@type\":\"WebSite\",\"@id\":\"http:\\\/\\\/autosdelpodio.com\\\/autos\\\/#website\",\"url\":\"http:\\\/\\\/autosdelpodio.com\\\/autos\\\/\",\"name\":\"Autos del Podio\",\"description\":\"La sexta del deporte motor\",\"publisher\":{\"@id\":\"http:\\\/\\\/autosdelpodio.com\\\/autos\\\/#organization\"},\"potentialAction\":[{\"@type\":\"SearchAction\",\"target\":{\"@type\":\"EntryPoint\",\"urlTemplate\":\"http:\\\/\\\/autosdelpodio.com\\\/autos\\\/?s={search_term_string}\"},\"query-input\":{\"@type\":\"PropertyValueSpecification\",\"valueRequired\":true,\"valueName\":\"search_term_string\"}}],\"inLanguage\":\"es\"},{\"@type\":\"Organization\",\"@id\":\"http:\\\/\\\/autosdelpodio.com\\\/autos\\\/#organization\",\"name\":\"Autos del Podio\",\"url\":\"http:\\\/\\\/autosdelpodio.com\\\/autos\\\/\",\"logo\":{\"@type\":\"ImageObject\",\"inLanguage\":\"es\",\"@id\":\"http:\\\/\\\/autosdelpodio.com\\\/autos\\\/#\\\/schema\\\/logo\\\/image\\\/\",\"url\":\"http:\\\/\\\/autosdelpodio.com\\\/autos\\\/wp-content\\\/uploads\\\/2020\\\/08\\\/Logo_AR.jpg\",\"contentUrl\":\"http:\\\/\\\/autosdelpodio.com\\\/autos\\\/wp-content\\\/uploads\\\/2020\\\/08\\\/Logo_AR.jpg\",\"width\":1038,\"height\":1044,\"caption\":\"Autos del Podio\"},\"image\":{\"@id\":\"http:\\\/\\\/autosdelpodio.com\\\/autos\\\/#\\\/schema\\\/logo\\\/image\\\/\"},\"sameAs\":[\"https:\\\/\\\/www.facebook.com\\\/profile.php?id=100057192590976&amp;amp;amp;amp;amp;amp;amp;amp;amp;amp;amp;amp;amp;amp;amp;amp;amp;amp;ref=ts\",\"https:\\\/\\\/x.com\\\/autosdelpodio\",\"https:\\\/\\\/www.youtube.com\\\/user\\\/AutosdelPodio\"]},{\"@type\":\"Person\",\"@id\":\"http:\\\/\\\/autosdelpodio.com\\\/autos\\\/#\\\/schema\\\/person\\\/e88353cabf768863fdf874e30120f3ba\",\"name\":\"wi022230\",\"image\":{\"@type\":\"ImageObject\",\"inLanguage\":\"es\",\"@id\":\"http:\\\/\\\/autosdelpodio.com\\\/autos\\\/wp-content\\\/litespeed\\\/avatar\\\/453fc9bdbb11d766ba4c7f14d0bd0aa9.jpg?ver=1777404874\",\"url\":\"http:\\\/\\\/autosdelpodio.com\\\/autos\\\/wp-content\\\/litespeed\\\/avatar\\\/453fc9bdbb11d766ba4c7f14d0bd0aa9.jpg?ver=1777404874\",\"contentUrl\":\"http:\\\/\\\/autosdelpodio.com\\\/autos\\\/wp-content\\\/litespeed\\\/avatar\\\/453fc9bdbb11d766ba4c7f14d0bd0aa9.jpg?ver=1777404874\",\"caption\":\"wi022230\"}}]}<\/script>\n<!-- \/ Yoast SEO plugin. -->","yoast_head_json":{"title":"Autos del Podio | 2X1: Aventin se llev\u00f3 la carrera y la etapa","description":"Autos del Podio","robots":{"index":"index","follow":"follow","max-snippet":"max-snippet:-1","max-image-preview":"max-image-preview:large","max-video-preview":"max-video-preview:-1"},"canonical":"http:\/\/autosdelpodio.com\/autos\/2x1-aventin-se-llevo-la-carrera-y-la-etapa\/","og_locale":"es_ES","og_type":"article","og_title":"Autos del Podio | 2X1: Aventin se llev\u00f3 la carrera y la etapa","og_description":"Autos del Podio","og_url":"http:\/\/autosdelpodio.com\/autos\/2x1-aventin-se-llevo-la-carrera-y-la-etapa\/","og_site_name":"Autos del Podio","article_publisher":"https:\/\/www.facebook.com\/profile.php?id=100057192590976&amp%3bamp%3bamp%3bamp%3bamp%3bamp%3bamp%3bamp%3bamp%3bamp%3bamp%3bamp%3bamp%3bamp%3bamp%3bamp%3bamp%3bamp%3bref=ts","article_published_time":"2013-09-08T22:11:09+00:00","author":"wi022230","twitter_card":"summary_large_image","twitter_creator":"@autosdelpodio","twitter_site":"@autosdelpodio","twitter_misc":{"Escrito por":"wi022230","Tiempo de lectura":"2 minutos"},"schema":{"@context":"https:\/\/schema.org","@graph":[{"@type":"Article","@id":"http:\/\/autosdelpodio.com\/autos\/2x1-aventin-se-llevo-la-carrera-y-la-etapa\/#article","isPartOf":{"@id":"http:\/\/autosdelpodio.com\/autos\/2x1-aventin-se-llevo-la-carrera-y-la-etapa\/"},"author":{"name":"wi022230","@id":"http:\/\/autosdelpodio.com\/autos\/#\/schema\/person\/e88353cabf768863fdf874e30120f3ba"},"headline":"2X1: Aventin se llev\u00f3 la carrera y la etapa","datePublished":"2013-09-08T22:11:09+00:00","mainEntityOfPage":{"@id":"http:\/\/autosdelpodio.com\/autos\/2x1-aventin-se-llevo-la-carrera-y-la-etapa\/"},"wordCount":324,"commentCount":0,"publisher":{"@id":"http:\/\/autosdelpodio.com\/autos\/#organization"},"articleSection":["\u00daltimas noticias"],"inLanguage":"es","potentialAction":[{"@type":"CommentAction","name":"Comment","target":["http:\/\/autosdelpodio.com\/autos\/2x1-aventin-se-llevo-la-carrera-y-la-etapa\/#respond"]}]},{"@type":"WebPage","@id":"http:\/\/autosdelpodio.com\/autos\/2x1-aventin-se-llevo-la-carrera-y-la-etapa\/","url":"http:\/\/autosdelpodio.com\/autos\/2x1-aventin-se-llevo-la-carrera-y-la-etapa\/","name":"Autos del Podio | 2X1: Aventin se llev\u00f3 la carrera y la etapa","isPartOf":{"@id":"http:\/\/autosdelpodio.com\/autos\/#website"},"datePublished":"2013-09-08T22:11:09+00:00","description":"Autos del Podio","breadcrumb":{"@id":"http:\/\/autosdelpodio.com\/autos\/2x1-aventin-se-llevo-la-carrera-y-la-etapa\/#breadcrumb"},"inLanguage":"es","potentialAction":[{"@type":"ReadAction","target":["http:\/\/autosdelpodio.com\/autos\/2x1-aventin-se-llevo-la-carrera-y-la-etapa\/"]}]},{"@type":"BreadcrumbList","@id":"http:\/\/autosdelpodio.com\/autos\/2x1-aventin-se-llevo-la-carrera-y-la-etapa\/#breadcrumb","itemListElement":[{"@type":"ListItem","position":1,"name":"Portada","item":"http:\/\/autosdelpodio.com\/autos\/"},{"@type":"ListItem","position":2,"name":"2X1: Aventin se llev\u00f3 la carrera y la etapa"}]},{"@type":"WebSite","@id":"http:\/\/autosdelpodio.com\/autos\/#website","url":"http:\/\/autosdelpodio.com\/autos\/","name":"Autos del Podio","description":"La sexta del deporte motor","publisher":{"@id":"http:\/\/autosdelpodio.com\/autos\/#organization"},"potentialAction":[{"@type":"SearchAction","target":{"@type":"EntryPoint","urlTemplate":"http:\/\/autosdelpodio.com\/autos\/?s={search_term_string}"},"query-input":{"@type":"PropertyValueSpecification","valueRequired":true,"valueName":"search_term_string"}}],"inLanguage":"es"},{"@type":"Organization","@id":"http:\/\/autosdelpodio.com\/autos\/#organization","name":"Autos del Podio","url":"http:\/\/autosdelpodio.com\/autos\/","logo":{"@type":"ImageObject","inLanguage":"es","@id":"http:\/\/autosdelpodio.com\/autos\/#\/schema\/logo\/image\/","url":"http:\/\/autosdelpodio.com\/autos\/wp-content\/uploads\/2020\/08\/Logo_AR.jpg","contentUrl":"http:\/\/autosdelpodio.com\/autos\/wp-content\/uploads\/2020\/08\/Logo_AR.jpg","width":1038,"height":1044,"caption":"Autos del Podio"},"image":{"@id":"http:\/\/autosdelpodio.com\/autos\/#\/schema\/logo\/image\/"},"sameAs":["https:\/\/www.facebook.com\/profile.php?id=100057192590976&amp;amp;amp;amp;amp;amp;amp;amp;amp;amp;amp;amp;amp;amp;amp;amp;amp;amp;ref=ts","https:\/\/x.com\/autosdelpodio","https:\/\/www.youtube.com\/user\/AutosdelPodio"]},{"@type":"Person","@id":"http:\/\/autosdelpodio.com\/autos\/#\/schema\/person\/e88353cabf768863fdf874e30120f3ba","name":"wi022230","image":{"@type":"ImageObject","inLanguage":"es","@id":"http:\/\/autosdelpodio.com\/autos\/wp-content\/litespeed\/avatar\/453fc9bdbb11d766ba4c7f14d0bd0aa9.jpg?ver=1777404874","url":"http:\/\/autosdelpodio.com\/autos\/wp-content\/litespeed\/avatar\/453fc9bdbb11d766ba4c7f14d0bd0aa9.jpg?ver=1777404874","contentUrl":"http:\/\/autosdelpodio.com\/autos\/wp-content\/litespeed\/avatar\/453fc9bdbb11d766ba4c7f14d0bd0aa9.jpg?ver=1777404874","caption":"wi022230"}}]}},"views":486,"_links":{"self":[{"href":"http:\/\/autosdelpodio.com\/autos\/wp-json\/wp\/v2\/posts\/825","targetHints":{"allow":["GET"]}}],"collection":[{"href":"http:\/\/autosdelpodio.com\/autos\/wp-json\/wp\/v2\/posts"}],"about":[{"href":"http:\/\/autosdelpodio.com\/autos\/wp-json\/wp\/v2\/types\/post"}],"author":[{"embeddable":true,"href":"http:\/\/autosdelpodio.com\/autos\/wp-json\/wp\/v2\/users\/1"}],"replies":[{"embeddable":true,"href":"http:\/\/autosdelpodio.com\/autos\/wp-json\/wp\/v2\/comments?post=825"}],"version-history":[{"count":0,"href":"http:\/\/autosdelpodio.com\/autos\/wp-json\/wp\/v2\/posts\/825\/revisions"}],"wp:attachment":[{"href":"http:\/\/autosdelpodio.com\/autos\/wp-json\/wp\/v2\/media?parent=825"}],"wp:term":[{"taxonomy":"category","embeddable":true,"href":"http:\/\/autosdelpodio.com\/autos\/wp-json\/wp\/v2\/categories?post=825"},{"taxonomy":"post_tag","embeddable":true,"href":"http:\/\/autosdelpodio.com\/autos\/wp-json\/wp\/v2\/tags?post=825"}],"curies":[{"name":"wp","href":"https:\/\/api.w.org\/{rel}","templated":true}]}}