{"id":831,"date":"2013-09-17T11:23:04","date_gmt":"2013-09-17T11:23:04","guid":{"rendered":"http:\/\/autosdelpodio.com\/autos\/2013\/09\/17\/automovilismo-mediocre\/"},"modified":"2013-09-17T11:23:04","modified_gmt":"2013-09-17T11:23:04","slug":"automovilismo-mediocre","status":"publish","type":"post","link":"http:\/\/autosdelpodio.com\/autos\/automovilismo-mediocre\/","title":{"rendered":"Automovilismo mediocre"},"content":{"rendered":"<p style=\"text-align: justify;\"><span style=\"line-height: 1.3em;\">En la recta final de otro a\u00f1o calendario de automovilismo, entrando en etapa de definiciones, poco espect\u00e1culo se ha visto en \u00a0pista.Por el contrario, hubo exceso de improvisaci\u00f3n, accidentes y falencias \u00a0que quedaron al descubierto.<\/span><\/p>\n<p style=\"text-align: justify;\"><span style=\"line-height: 1.3em;\">Las carreras no solo perdieron audiencia y difusi\u00f3n sino tambi\u00e9n interes.Desde el rating televisivo, hasta la merma de de concurrencia de publico a los autodromos.<\/span><\/p>\n<p style=\"text-align: justify;\">Los mas veteranos recordaran eventos de la talla de las 24 horas de Turismo o un verdadero Gran Premio de TC, la Formula 2 ola Formula Nacional Argentina.<\/p>\n<p style=\"text-align: justify;\">Un poquito mas ac\u00e1 en el tiempo las 2 horas de TC , los 200 Km. del TC2000 en Buenos Aires o la carrera del a\u00f1o del TRV6.<\/p>\n<p style=\"text-align: justify;\">Tantas buenas carreras que se fueron perdiendo por este aburrimiento general del presente.<\/p>\n<p style=\"text-align: justify;\">Indudablemente, la divisi\u00f3n de pantalla televisiva rest\u00f3 mas de lo que sum\u00f3 a la causa.El publico perdi\u00f3 inter\u00e9s no por los fierros pero si por la propuesta.<\/p>\n<p style=\"text-align: justify;\">De un lado o del otro, antes y ahora, \u00a0en muchas localidades del pa\u00eds si no tenes cable el automovilismo sigue sin llegar a la gente.Ni hablar de otros medios en los cuales tambi\u00e9n perdi\u00f3 terreno y consideraci\u00f3n tales como radio, prensa escrita o sitios web.<\/p>\n<p style=\"text-align: justify;\"><span style=\"line-height: 1.3em;\">Por citar un ejemplo cercano, en el mes de Julio, cuando el TC hizo escala en el Juan y Oscar Galvez, no fue ni el loro (cuando antes met\u00eda como piso 30.000 personas), el tratamiento medi\u00e1tico de cierto periodismo quiso relativizar la merma aduciendo argumentos poco sustentables tales como el fr\u00edo, el d\u00eda del amigo, o la \u00e9poca del mes.<\/span><\/p>\n<p style=\"text-align: justify;\">Hoy los reglamentos deportivos no se comprenden f\u00e1cilmente, y por este camino, pronto tendr\u00e1n que entregar un folleto explicativo al ingresar al autodromo, ya que hoy la gente no comprende ni los campeonatos ni lo que ocurre en pista con estos \u201cnuevas y revolucionarias metodolog\u00edas de Super 8, 4&#215;4, playoff o mini campeonatos \u00a0con puntajes especiales en el marco de carreras especiales que de especiales tienen poco y nada.<\/p>\n<p style=\"text-align: justify;\">Desde el punto de vista t\u00e9cnico, si bien el automovilismo siempre fue caro, antes los presupuestos eran mucho menores, sal\u00edan carreras m\u00e1s entretenidas \u00a0con \u00a0mayor parque automotor, los motores originales (sumado a mano de obra y costos nacionales), con disponibilidad de repuestos y desarrollo local.<\/p>\n<p style=\"text-align: justify;\">Hay mucho por corregir.Es inadmisible que una entidad como el ACA se haya tomado 9 meses para resolver la superposici\u00f3n de fechas del STC2000 y el TN que est\u00e1n bajo su fiscalizaci\u00f3n.<\/p>\n<p style=\"text-align: justify;\">La Formula Renault hoy se presenta con 16 autos, cuando supo no solo formar pilotos sino tambi\u00e9n presentar un parque automotor superior a los 40 autos.<\/p>\n<p style=\"text-align: justify;\">Sin ir m\u00e1s lejos, el Domingo 8 de Septiembre la F\u00f3rmula Truck \u00a0brasilera se volvi\u00f3 a presentar \u00a0en el Autodromo Oscar Cabalen de C\u00f3rdoba y convoc\u00f3 alrededor de 35 mil personas.<\/p>\n<p style=\"text-align: justify;\">Mas meritorio aun que no fue televisada en directo, ni regalo masivo de entradas, escasa promocion a nivel nacional, con pilotos y campeonatos desconocidos para el automovilismo nuestro de cada domingo.<\/p>\n<p style=\"text-align: justify;\">A este ritmo, donde el futbol ya juega a cualquier dia y horario, sea equipo grande o chico, popular o no popular, no se extra\u00f1en si un dia el automovilismo corra un mi\u00e9rcoles a las 10 de la ma\u00f1ana.<\/p>\n<p style=\"text-align: justify;\">En esta postura de que cada uno tira para su lado, se sigue sin entender el problema.<\/p>\n<p style=\"text-align: justify;\">El automovilismo tiene y debe volver a acercarse \u00a0hacia la gente, y no esperar que ocurra al reves.<\/p>\n<p style=\"text-align: justify;\">No se trata de volver al pasado, se trata de aprender de errores y aciertos. Uno desea siempre lo mejor y aporta desde su lugar para que ello ocurra,Por eso \u00a0me parece que el camino de hoy no lleva al \u00e9xito.<\/p>\n","protected":false},"excerpt":{"rendered":"<p>En la recta final de otro a\u00f1o calendario de automovilismo, entrando en etapa de definiciones, poco espect\u00e1culo se ha visto<\/p>\n","protected":false},"author":1,"featured_media":0,"comment_status":"open","ping_status":"open","sticky":false,"template":"","format":"standard","meta":{"colormag_page_container_layout":"default_layout","colormag_page_sidebar_layout":"default_layout","footnotes":""},"categories":[15],"tags":[],"class_list":["post-831","post","type-post","status-publish","format-standard","hentry","category-opinion"],"yoast_head":"<!-- This site is optimized with the Yoast SEO plugin v27.5 - https:\/\/yoast.com\/product\/yoast-seo-wordpress\/ -->\n<title>Autos del Podio | Automovilismo mediocre<\/title>\n<meta name=\"description\" content=\"Autos del Podio\" \/>\n<meta name=\"robots\" content=\"index, follow, max-snippet:-1, max-image-preview:large, max-video-preview:-1\" \/>\n<link rel=\"canonical\" href=\"http:\/\/autosdelpodio.com\/autos\/automovilismo-mediocre\/\" \/>\n<meta property=\"og:locale\" content=\"es_ES\" \/>\n<meta property=\"og:type\" content=\"article\" \/>\n<meta property=\"og:title\" content=\"Autos del Podio | Automovilismo mediocre\" \/>\n<meta property=\"og:description\" content=\"Autos del Podio\" \/>\n<meta property=\"og:url\" content=\"http:\/\/autosdelpodio.com\/autos\/automovilismo-mediocre\/\" \/>\n<meta property=\"og:site_name\" content=\"Autos del Podio\" \/>\n<meta property=\"article:publisher\" content=\"https:\/\/www.facebook.com\/profile.php?id=100057192590976&amp;amp%3bamp%3bamp%3bamp%3bamp%3bamp%3bamp%3bamp%3bamp%3bamp%3bamp%3bamp%3bamp%3bamp%3bamp%3bamp%3bamp%3bamp%3bref=ts\" \/>\n<meta property=\"article:published_time\" content=\"2013-09-17T11:23:04+00:00\" \/>\n<meta name=\"author\" content=\"wi022230\" \/>\n<meta name=\"twitter:card\" content=\"summary_large_image\" \/>\n<meta name=\"twitter:creator\" content=\"@autosdelpodio\" \/>\n<meta name=\"twitter:site\" content=\"@autosdelpodio\" \/>\n<meta name=\"twitter:label1\" content=\"Escrito por\" \/>\n\t<meta name=\"twitter:data1\" content=\"wi022230\" \/>\n\t<meta name=\"twitter:label2\" content=\"Tiempo de lectura\" \/>\n\t<meta name=\"twitter:data2\" content=\"3 minutos\" \/>\n<script type=\"application\/ld+json\" class=\"yoast-schema-graph\">{\"@context\":\"https:\\\/\\\/schema.org\",\"@graph\":[{\"@type\":\"Article\",\"@id\":\"http:\\\/\\\/autosdelpodio.com\\\/autos\\\/automovilismo-mediocre\\\/#article\",\"isPartOf\":{\"@id\":\"http:\\\/\\\/autosdelpodio.com\\\/autos\\\/automovilismo-mediocre\\\/\"},\"author\":{\"name\":\"wi022230\",\"@id\":\"http:\\\/\\\/autosdelpodio.com\\\/autos\\\/#\\\/schema\\\/person\\\/e88353cabf768863fdf874e30120f3ba\"},\"headline\":\"Automovilismo mediocre\",\"datePublished\":\"2013-09-17T11:23:04+00:00\",\"mainEntityOfPage\":{\"@id\":\"http:\\\/\\\/autosdelpodio.com\\\/autos\\\/automovilismo-mediocre\\\/\"},\"wordCount\":637,\"commentCount\":0,\"publisher\":{\"@id\":\"http:\\\/\\\/autosdelpodio.com\\\/autos\\\/#organization\"},\"articleSection\":[\"Opini\u00f3n\"],\"inLanguage\":\"es\",\"potentialAction\":[{\"@type\":\"CommentAction\",\"name\":\"Comment\",\"target\":[\"http:\\\/\\\/autosdelpodio.com\\\/autos\\\/automovilismo-mediocre\\\/#respond\"]}]},{\"@type\":\"WebPage\",\"@id\":\"http:\\\/\\\/autosdelpodio.com\\\/autos\\\/automovilismo-mediocre\\\/\",\"url\":\"http:\\\/\\\/autosdelpodio.com\\\/autos\\\/automovilismo-mediocre\\\/\",\"name\":\"Autos del Podio | Automovilismo mediocre\",\"isPartOf\":{\"@id\":\"http:\\\/\\\/autosdelpodio.com\\\/autos\\\/#website\"},\"datePublished\":\"2013-09-17T11:23:04+00:00\",\"description\":\"Autos del Podio\",\"breadcrumb\":{\"@id\":\"http:\\\/\\\/autosdelpodio.com\\\/autos\\\/automovilismo-mediocre\\\/#breadcrumb\"},\"inLanguage\":\"es\",\"potentialAction\":[{\"@type\":\"ReadAction\",\"target\":[\"http:\\\/\\\/autosdelpodio.com\\\/autos\\\/automovilismo-mediocre\\\/\"]}]},{\"@type\":\"BreadcrumbList\",\"@id\":\"http:\\\/\\\/autosdelpodio.com\\\/autos\\\/automovilismo-mediocre\\\/#breadcrumb\",\"itemListElement\":[{\"@type\":\"ListItem\",\"position\":1,\"name\":\"Portada\",\"item\":\"http:\\\/\\\/autosdelpodio.com\\\/autos\\\/\"},{\"@type\":\"ListItem\",\"position\":2,\"name\":\"Automovilismo mediocre\"}]},{\"@type\":\"WebSite\",\"@id\":\"http:\\\/\\\/autosdelpodio.com\\\/autos\\\/#website\",\"url\":\"http:\\\/\\\/autosdelpodio.com\\\/autos\\\/\",\"name\":\"Autos del Podio\",\"description\":\"La sexta del deporte motor\",\"publisher\":{\"@id\":\"http:\\\/\\\/autosdelpodio.com\\\/autos\\\/#organization\"},\"potentialAction\":[{\"@type\":\"SearchAction\",\"target\":{\"@type\":\"EntryPoint\",\"urlTemplate\":\"http:\\\/\\\/autosdelpodio.com\\\/autos\\\/?s={search_term_string}\"},\"query-input\":{\"@type\":\"PropertyValueSpecification\",\"valueRequired\":true,\"valueName\":\"search_term_string\"}}],\"inLanguage\":\"es\"},{\"@type\":\"Organization\",\"@id\":\"http:\\\/\\\/autosdelpodio.com\\\/autos\\\/#organization\",\"name\":\"Autos del Podio\",\"url\":\"http:\\\/\\\/autosdelpodio.com\\\/autos\\\/\",\"logo\":{\"@type\":\"ImageObject\",\"inLanguage\":\"es\",\"@id\":\"http:\\\/\\\/autosdelpodio.com\\\/autos\\\/#\\\/schema\\\/logo\\\/image\\\/\",\"url\":\"http:\\\/\\\/autosdelpodio.com\\\/autos\\\/wp-content\\\/uploads\\\/2020\\\/08\\\/Logo_AR.jpg\",\"contentUrl\":\"http:\\\/\\\/autosdelpodio.com\\\/autos\\\/wp-content\\\/uploads\\\/2020\\\/08\\\/Logo_AR.jpg\",\"width\":1038,\"height\":1044,\"caption\":\"Autos del Podio\"},\"image\":{\"@id\":\"http:\\\/\\\/autosdelpodio.com\\\/autos\\\/#\\\/schema\\\/logo\\\/image\\\/\"},\"sameAs\":[\"https:\\\/\\\/www.facebook.com\\\/profile.php?id=100057192590976&amp;amp;amp;amp;amp;amp;amp;amp;amp;amp;amp;amp;amp;amp;amp;amp;amp;amp;ref=ts\",\"https:\\\/\\\/x.com\\\/autosdelpodio\",\"https:\\\/\\\/www.youtube.com\\\/user\\\/AutosdelPodio\"]},{\"@type\":\"Person\",\"@id\":\"http:\\\/\\\/autosdelpodio.com\\\/autos\\\/#\\\/schema\\\/person\\\/e88353cabf768863fdf874e30120f3ba\",\"name\":\"wi022230\",\"image\":{\"@type\":\"ImageObject\",\"inLanguage\":\"es\",\"@id\":\"http:\\\/\\\/autosdelpodio.com\\\/autos\\\/wp-content\\\/litespeed\\\/avatar\\\/453fc9bdbb11d766ba4c7f14d0bd0aa9.jpg?ver=1777404874\",\"url\":\"http:\\\/\\\/autosdelpodio.com\\\/autos\\\/wp-content\\\/litespeed\\\/avatar\\\/453fc9bdbb11d766ba4c7f14d0bd0aa9.jpg?ver=1777404874\",\"contentUrl\":\"http:\\\/\\\/autosdelpodio.com\\\/autos\\\/wp-content\\\/litespeed\\\/avatar\\\/453fc9bdbb11d766ba4c7f14d0bd0aa9.jpg?ver=1777404874\",\"caption\":\"wi022230\"}}]}<\/script>\n<!-- \/ Yoast SEO plugin. -->","yoast_head_json":{"title":"Autos del Podio | Automovilismo mediocre","description":"Autos del Podio","robots":{"index":"index","follow":"follow","max-snippet":"max-snippet:-1","max-image-preview":"max-image-preview:large","max-video-preview":"max-video-preview:-1"},"canonical":"http:\/\/autosdelpodio.com\/autos\/automovilismo-mediocre\/","og_locale":"es_ES","og_type":"article","og_title":"Autos del Podio | Automovilismo mediocre","og_description":"Autos del Podio","og_url":"http:\/\/autosdelpodio.com\/autos\/automovilismo-mediocre\/","og_site_name":"Autos del Podio","article_publisher":"https:\/\/www.facebook.com\/profile.php?id=100057192590976&amp%3bamp%3bamp%3bamp%3bamp%3bamp%3bamp%3bamp%3bamp%3bamp%3bamp%3bamp%3bamp%3bamp%3bamp%3bamp%3bamp%3bamp%3bref=ts","article_published_time":"2013-09-17T11:23:04+00:00","author":"wi022230","twitter_card":"summary_large_image","twitter_creator":"@autosdelpodio","twitter_site":"@autosdelpodio","twitter_misc":{"Escrito por":"wi022230","Tiempo de lectura":"3 minutos"},"schema":{"@context":"https:\/\/schema.org","@graph":[{"@type":"Article","@id":"http:\/\/autosdelpodio.com\/autos\/automovilismo-mediocre\/#article","isPartOf":{"@id":"http:\/\/autosdelpodio.com\/autos\/automovilismo-mediocre\/"},"author":{"name":"wi022230","@id":"http:\/\/autosdelpodio.com\/autos\/#\/schema\/person\/e88353cabf768863fdf874e30120f3ba"},"headline":"Automovilismo mediocre","datePublished":"2013-09-17T11:23:04+00:00","mainEntityOfPage":{"@id":"http:\/\/autosdelpodio.com\/autos\/automovilismo-mediocre\/"},"wordCount":637,"commentCount":0,"publisher":{"@id":"http:\/\/autosdelpodio.com\/autos\/#organization"},"articleSection":["Opini\u00f3n"],"inLanguage":"es","potentialAction":[{"@type":"CommentAction","name":"Comment","target":["http:\/\/autosdelpodio.com\/autos\/automovilismo-mediocre\/#respond"]}]},{"@type":"WebPage","@id":"http:\/\/autosdelpodio.com\/autos\/automovilismo-mediocre\/","url":"http:\/\/autosdelpodio.com\/autos\/automovilismo-mediocre\/","name":"Autos del Podio | Automovilismo mediocre","isPartOf":{"@id":"http:\/\/autosdelpodio.com\/autos\/#website"},"datePublished":"2013-09-17T11:23:04+00:00","description":"Autos del Podio","breadcrumb":{"@id":"http:\/\/autosdelpodio.com\/autos\/automovilismo-mediocre\/#breadcrumb"},"inLanguage":"es","potentialAction":[{"@type":"ReadAction","target":["http:\/\/autosdelpodio.com\/autos\/automovilismo-mediocre\/"]}]},{"@type":"BreadcrumbList","@id":"http:\/\/autosdelpodio.com\/autos\/automovilismo-mediocre\/#breadcrumb","itemListElement":[{"@type":"ListItem","position":1,"name":"Portada","item":"http:\/\/autosdelpodio.com\/autos\/"},{"@type":"ListItem","position":2,"name":"Automovilismo mediocre"}]},{"@type":"WebSite","@id":"http:\/\/autosdelpodio.com\/autos\/#website","url":"http:\/\/autosdelpodio.com\/autos\/","name":"Autos del Podio","description":"La sexta del deporte motor","publisher":{"@id":"http:\/\/autosdelpodio.com\/autos\/#organization"},"potentialAction":[{"@type":"SearchAction","target":{"@type":"EntryPoint","urlTemplate":"http:\/\/autosdelpodio.com\/autos\/?s={search_term_string}"},"query-input":{"@type":"PropertyValueSpecification","valueRequired":true,"valueName":"search_term_string"}}],"inLanguage":"es"},{"@type":"Organization","@id":"http:\/\/autosdelpodio.com\/autos\/#organization","name":"Autos del Podio","url":"http:\/\/autosdelpodio.com\/autos\/","logo":{"@type":"ImageObject","inLanguage":"es","@id":"http:\/\/autosdelpodio.com\/autos\/#\/schema\/logo\/image\/","url":"http:\/\/autosdelpodio.com\/autos\/wp-content\/uploads\/2020\/08\/Logo_AR.jpg","contentUrl":"http:\/\/autosdelpodio.com\/autos\/wp-content\/uploads\/2020\/08\/Logo_AR.jpg","width":1038,"height":1044,"caption":"Autos del Podio"},"image":{"@id":"http:\/\/autosdelpodio.com\/autos\/#\/schema\/logo\/image\/"},"sameAs":["https:\/\/www.facebook.com\/profile.php?id=100057192590976&amp;amp;amp;amp;amp;amp;amp;amp;amp;amp;amp;amp;amp;amp;amp;amp;amp;amp;ref=ts","https:\/\/x.com\/autosdelpodio","https:\/\/www.youtube.com\/user\/AutosdelPodio"]},{"@type":"Person","@id":"http:\/\/autosdelpodio.com\/autos\/#\/schema\/person\/e88353cabf768863fdf874e30120f3ba","name":"wi022230","image":{"@type":"ImageObject","inLanguage":"es","@id":"http:\/\/autosdelpodio.com\/autos\/wp-content\/litespeed\/avatar\/453fc9bdbb11d766ba4c7f14d0bd0aa9.jpg?ver=1777404874","url":"http:\/\/autosdelpodio.com\/autos\/wp-content\/litespeed\/avatar\/453fc9bdbb11d766ba4c7f14d0bd0aa9.jpg?ver=1777404874","contentUrl":"http:\/\/autosdelpodio.com\/autos\/wp-content\/litespeed\/avatar\/453fc9bdbb11d766ba4c7f14d0bd0aa9.jpg?ver=1777404874","caption":"wi022230"}}]}},"views":422,"_links":{"self":[{"href":"http:\/\/autosdelpodio.com\/autos\/wp-json\/wp\/v2\/posts\/831","targetHints":{"allow":["GET"]}}],"collection":[{"href":"http:\/\/autosdelpodio.com\/autos\/wp-json\/wp\/v2\/posts"}],"about":[{"href":"http:\/\/autosdelpodio.com\/autos\/wp-json\/wp\/v2\/types\/post"}],"author":[{"embeddable":true,"href":"http:\/\/autosdelpodio.com\/autos\/wp-json\/wp\/v2\/users\/1"}],"replies":[{"embeddable":true,"href":"http:\/\/autosdelpodio.com\/autos\/wp-json\/wp\/v2\/comments?post=831"}],"version-history":[{"count":0,"href":"http:\/\/autosdelpodio.com\/autos\/wp-json\/wp\/v2\/posts\/831\/revisions"}],"wp:attachment":[{"href":"http:\/\/autosdelpodio.com\/autos\/wp-json\/wp\/v2\/media?parent=831"}],"wp:term":[{"taxonomy":"category","embeddable":true,"href":"http:\/\/autosdelpodio.com\/autos\/wp-json\/wp\/v2\/categories?post=831"},{"taxonomy":"post_tag","embeddable":true,"href":"http:\/\/autosdelpodio.com\/autos\/wp-json\/wp\/v2\/tags?post=831"}],"curies":[{"name":"wp","href":"https:\/\/api.w.org\/{rel}","templated":true}]}}