{"id":8350,"date":"2025-05-14T16:51:54","date_gmt":"2025-05-14T19:51:54","guid":{"rendered":"https:\/\/autosdelpodio.com\/autos\/?p=8350"},"modified":"2025-05-14T20:42:56","modified_gmt":"2025-05-14T23:42:56","slug":"la-fiat-titano-ya-se-fabrica-en-argentina","status":"publish","type":"post","link":"http:\/\/autosdelpodio.com\/autos\/la-fiat-titano-ya-se-fabrica-en-argentina\/","title":{"rendered":"La Fiat Titano ya se fabrica en Argentina"},"content":{"rendered":"\n<p>Stellantis anuncia la fabricaci\u00f3n de un nuevo veh\u00edculo en el Polo Industrial C\u00f3rdoba: la pick-up Fiat Titano. Esta iniciativa forma parte de un proyecto a\u00fan mayor que involucra la producci\u00f3n de una nueva familia de veh\u00edculos en Argentina con el objetivo de transformar al Polo Industrial C\u00f3rdoba en un hub de pick-ups para exportar a toda la regi\u00f3n. As\u00ed Stellantis refuerza su apuesta en la regi\u00f3n y reafirma el potencial de la industria nacional que incluye proveedores de calidad y mano de obra capacitada.<\/p>\n\n\n\n<p>Tambi\u00e9n con foco exportador, se inicia el proyecto de producci\u00f3n de un motor en el Polo Industrial C\u00f3rdoba. Se trata del Multijet 2.2, un propulsor confiable y robusto, atributos comprobados en otros modelos de Stellantis y que es muy valorado por los clientes de este tipo de veh\u00edculos de trabajo.<\/p>\n\n\n\n<p>La implementaci\u00f3n de este gran desarrollo en un segmento tan competitivo requiri\u00f3 la inversi\u00f3n de US$ 385 millones destinados a nuevos componentes, motores de primera calidad y a la incorporaci\u00f3n de 1.800 nuevos puestos de trabajo, de los cuales el 50% ser\u00e1n mujeres. De esta forma, la planta de Ferreyra no s\u00f3lo producir\u00e1 m\u00e1s, sino que lo har\u00e1 mejor, es decir, con mayor integraci\u00f3n local y alineado con los principios de diversidad e inclusi\u00f3n.<\/p>\n","protected":false},"excerpt":{"rendered":"<p>Stellantis anuncia la fabricaci\u00f3n de un nuevo veh\u00edculo en el Polo Industrial C\u00f3rdoba: la pick-up Fiat Titano. Esta iniciativa forma<\/p>\n","protected":false},"author":3,"featured_media":8351,"comment_status":"open","ping_status":"open","sticky":false,"template":"","format":"standard","meta":{"colormag_page_container_layout":"default_layout","colormag_page_sidebar_layout":"default_layout","footnotes":""},"categories":[6,5],"tags":[41,32,208,35],"class_list":["post-8350","post","type-post","status-publish","format-standard","has-post-thumbnail","hentry","category-newsflash","category-latest-news","tag-fiat","tag-industria-automotriz","tag-produccion","tag-republica-argentina"],"yoast_head":"<!-- This site is optimized with the Yoast SEO plugin v27.4 - https:\/\/yoast.com\/product\/yoast-seo-wordpress\/ -->\n<title>Autos del Podio | La Fiat Titano ya se fabrica en Argentina<\/title>\n<meta name=\"description\" content=\"Autos del Podio Stellantis comenz\u00f3 a producir en su complejo industrial de C\u00f3rdoba la pick up Fiat Titano.\" \/>\n<meta name=\"robots\" content=\"index, follow, max-snippet:-1, max-image-preview:large, max-video-preview:-1\" \/>\n<link rel=\"canonical\" href=\"http:\/\/autosdelpodio.com\/autos\/la-fiat-titano-ya-se-fabrica-en-argentina\/\" \/>\n<meta property=\"og:locale\" content=\"es_ES\" \/>\n<meta property=\"og:type\" content=\"article\" \/>\n<meta property=\"og:title\" content=\"Autos del Podio | La Fiat Titano ya se fabrica en Argentina\" \/>\n<meta property=\"og:description\" content=\"Autos del Podio Stellantis comenz\u00f3 a producir en su complejo industrial de C\u00f3rdoba la pick up Fiat Titano.\" \/>\n<meta property=\"og:url\" content=\"http:\/\/autosdelpodio.com\/autos\/la-fiat-titano-ya-se-fabrica-en-argentina\/\" \/>\n<meta property=\"og:site_name\" content=\"Autos del Podio\" \/>\n<meta property=\"article:publisher\" content=\"https:\/\/www.facebook.com\/profile.php?id=100057192590976&amp;amp%3bamp%3bamp%3bamp%3bamp%3bamp%3bamp%3bamp%3bamp%3bamp%3bamp%3bamp%3bamp%3bamp%3bamp%3bamp%3bamp%3bamp%3bref=ts\" \/>\n<meta property=\"article:published_time\" content=\"2025-05-14T19:51:54+00:00\" \/>\n<meta property=\"article:modified_time\" content=\"2025-05-14T23:42:56+00:00\" \/>\n<meta property=\"og:image\" content=\"http:\/\/autosdelpodio.com\/autos\/wp-content\/uploads\/2025\/05\/Fiat_Titano.jpg\" \/>\n\t<meta property=\"og:image:width\" content=\"498\" \/>\n\t<meta property=\"og:image:height\" content=\"249\" \/>\n\t<meta property=\"og:image:type\" content=\"image\/jpeg\" \/>\n<meta name=\"author\" content=\"autosdelpodio\" \/>\n<meta name=\"twitter:card\" content=\"summary_large_image\" \/>\n<meta name=\"twitter:creator\" content=\"@autosdelpodio\" \/>\n<meta name=\"twitter:site\" content=\"@autosdelpodio\" \/>\n<meta name=\"twitter:label1\" content=\"Escrito por\" \/>\n\t<meta name=\"twitter:data1\" content=\"autosdelpodio\" \/>\n\t<meta name=\"twitter:label2\" content=\"Tiempo de lectura\" \/>\n\t<meta name=\"twitter:data2\" content=\"2 minutos\" \/>\n<script type=\"application\/ld+json\" class=\"yoast-schema-graph\">{\"@context\":\"https:\\\/\\\/schema.org\",\"@graph\":[{\"@type\":\"Article\",\"@id\":\"http:\\\/\\\/autosdelpodio.com\\\/autos\\\/la-fiat-titano-ya-se-fabrica-en-argentina\\\/#article\",\"isPartOf\":{\"@id\":\"http:\\\/\\\/autosdelpodio.com\\\/autos\\\/la-fiat-titano-ya-se-fabrica-en-argentina\\\/\"},\"author\":{\"name\":\"autosdelpodio\",\"@id\":\"http:\\\/\\\/autosdelpodio.com\\\/autos\\\/#\\\/schema\\\/person\\\/993527a4d01c3acdd3d6bce3770bc942\"},\"headline\":\"La Fiat Titano ya se fabrica en Argentina\",\"datePublished\":\"2025-05-14T19:51:54+00:00\",\"dateModified\":\"2025-05-14T23:42:56+00:00\",\"mainEntityOfPage\":{\"@id\":\"http:\\\/\\\/autosdelpodio.com\\\/autos\\\/la-fiat-titano-ya-se-fabrica-en-argentina\\\/\"},\"wordCount\":233,\"commentCount\":0,\"publisher\":{\"@id\":\"http:\\\/\\\/autosdelpodio.com\\\/autos\\\/#organization\"},\"image\":{\"@id\":\"http:\\\/\\\/autosdelpodio.com\\\/autos\\\/la-fiat-titano-ya-se-fabrica-en-argentina\\\/#primaryimage\"},\"thumbnailUrl\":\"http:\\\/\\\/autosdelpodio.com\\\/autos\\\/wp-content\\\/uploads\\\/2025\\\/05\\\/Fiat_Titano.jpg\",\"keywords\":[\"Fiat\",\"Industria Automotriz\",\"Producci\u00f3n\",\"Republica Argentina\"],\"articleSection\":[\"Destacado\",\"\u00daltimas noticias\"],\"inLanguage\":\"es\",\"potentialAction\":[{\"@type\":\"CommentAction\",\"name\":\"Comment\",\"target\":[\"http:\\\/\\\/autosdelpodio.com\\\/autos\\\/la-fiat-titano-ya-se-fabrica-en-argentina\\\/#respond\"]}]},{\"@type\":\"WebPage\",\"@id\":\"http:\\\/\\\/autosdelpodio.com\\\/autos\\\/la-fiat-titano-ya-se-fabrica-en-argentina\\\/\",\"url\":\"http:\\\/\\\/autosdelpodio.com\\\/autos\\\/la-fiat-titano-ya-se-fabrica-en-argentina\\\/\",\"name\":\"Autos del Podio | La Fiat Titano ya se fabrica en Argentina\",\"isPartOf\":{\"@id\":\"http:\\\/\\\/autosdelpodio.com\\\/autos\\\/#website\"},\"primaryImageOfPage\":{\"@id\":\"http:\\\/\\\/autosdelpodio.com\\\/autos\\\/la-fiat-titano-ya-se-fabrica-en-argentina\\\/#primaryimage\"},\"image\":{\"@id\":\"http:\\\/\\\/autosdelpodio.com\\\/autos\\\/la-fiat-titano-ya-se-fabrica-en-argentina\\\/#primaryimage\"},\"thumbnailUrl\":\"http:\\\/\\\/autosdelpodio.com\\\/autos\\\/wp-content\\\/uploads\\\/2025\\\/05\\\/Fiat_Titano.jpg\",\"datePublished\":\"2025-05-14T19:51:54+00:00\",\"dateModified\":\"2025-05-14T23:42:56+00:00\",\"description\":\"Autos del Podio Stellantis comenz\u00f3 a producir en su complejo industrial de C\u00f3rdoba la pick up Fiat Titano.\",\"breadcrumb\":{\"@id\":\"http:\\\/\\\/autosdelpodio.com\\\/autos\\\/la-fiat-titano-ya-se-fabrica-en-argentina\\\/#breadcrumb\"},\"inLanguage\":\"es\",\"potentialAction\":[{\"@type\":\"ReadAction\",\"target\":[\"http:\\\/\\\/autosdelpodio.com\\\/autos\\\/la-fiat-titano-ya-se-fabrica-en-argentina\\\/\"]}]},{\"@type\":\"ImageObject\",\"inLanguage\":\"es\",\"@id\":\"http:\\\/\\\/autosdelpodio.com\\\/autos\\\/la-fiat-titano-ya-se-fabrica-en-argentina\\\/#primaryimage\",\"url\":\"http:\\\/\\\/autosdelpodio.com\\\/autos\\\/wp-content\\\/uploads\\\/2025\\\/05\\\/Fiat_Titano.jpg\",\"contentUrl\":\"http:\\\/\\\/autosdelpodio.com\\\/autos\\\/wp-content\\\/uploads\\\/2025\\\/05\\\/Fiat_Titano.jpg\",\"width\":498,\"height\":249},{\"@type\":\"BreadcrumbList\",\"@id\":\"http:\\\/\\\/autosdelpodio.com\\\/autos\\\/la-fiat-titano-ya-se-fabrica-en-argentina\\\/#breadcrumb\",\"itemListElement\":[{\"@type\":\"ListItem\",\"position\":1,\"name\":\"Portada\",\"item\":\"http:\\\/\\\/autosdelpodio.com\\\/autos\\\/\"},{\"@type\":\"ListItem\",\"position\":2,\"name\":\"La Fiat Titano ya se fabrica en Argentina\"}]},{\"@type\":\"WebSite\",\"@id\":\"http:\\\/\\\/autosdelpodio.com\\\/autos\\\/#website\",\"url\":\"http:\\\/\\\/autosdelpodio.com\\\/autos\\\/\",\"name\":\"Autos del Podio\",\"description\":\"La sexta del deporte motor\",\"publisher\":{\"@id\":\"http:\\\/\\\/autosdelpodio.com\\\/autos\\\/#organization\"},\"potentialAction\":[{\"@type\":\"SearchAction\",\"target\":{\"@type\":\"EntryPoint\",\"urlTemplate\":\"http:\\\/\\\/autosdelpodio.com\\\/autos\\\/?s={search_term_string}\"},\"query-input\":{\"@type\":\"PropertyValueSpecification\",\"valueRequired\":true,\"valueName\":\"search_term_string\"}}],\"inLanguage\":\"es\"},{\"@type\":\"Organization\",\"@id\":\"http:\\\/\\\/autosdelpodio.com\\\/autos\\\/#organization\",\"name\":\"Autos del Podio\",\"url\":\"http:\\\/\\\/autosdelpodio.com\\\/autos\\\/\",\"logo\":{\"@type\":\"ImageObject\",\"inLanguage\":\"es\",\"@id\":\"http:\\\/\\\/autosdelpodio.com\\\/autos\\\/#\\\/schema\\\/logo\\\/image\\\/\",\"url\":\"http:\\\/\\\/autosdelpodio.com\\\/autos\\\/wp-content\\\/uploads\\\/2020\\\/08\\\/Logo_AR.jpg\",\"contentUrl\":\"http:\\\/\\\/autosdelpodio.com\\\/autos\\\/wp-content\\\/uploads\\\/2020\\\/08\\\/Logo_AR.jpg\",\"width\":1038,\"height\":1044,\"caption\":\"Autos del Podio\"},\"image\":{\"@id\":\"http:\\\/\\\/autosdelpodio.com\\\/autos\\\/#\\\/schema\\\/logo\\\/image\\\/\"},\"sameAs\":[\"https:\\\/\\\/www.facebook.com\\\/profile.php?id=100057192590976&amp;amp;amp;amp;amp;amp;amp;amp;amp;amp;amp;amp;amp;amp;amp;amp;amp;amp;ref=ts\",\"https:\\\/\\\/x.com\\\/autosdelpodio\",\"https:\\\/\\\/www.youtube.com\\\/user\\\/AutosdelPodio\"]},{\"@type\":\"Person\",\"@id\":\"http:\\\/\\\/autosdelpodio.com\\\/autos\\\/#\\\/schema\\\/person\\\/993527a4d01c3acdd3d6bce3770bc942\",\"name\":\"autosdelpodio\",\"image\":{\"@type\":\"ImageObject\",\"inLanguage\":\"es\",\"@id\":\"http:\\\/\\\/autosdelpodio.com\\\/autos\\\/wp-content\\\/litespeed\\\/avatar\\\/aa8f65cd201a80f6b844f63278aa84af.jpg?ver=1776798175\",\"url\":\"http:\\\/\\\/autosdelpodio.com\\\/autos\\\/wp-content\\\/litespeed\\\/avatar\\\/aa8f65cd201a80f6b844f63278aa84af.jpg?ver=1776798175\",\"contentUrl\":\"http:\\\/\\\/autosdelpodio.com\\\/autos\\\/wp-content\\\/litespeed\\\/avatar\\\/aa8f65cd201a80f6b844f63278aa84af.jpg?ver=1776798175\",\"caption\":\"autosdelpodio\"}}]}<\/script>\n<!-- \/ Yoast SEO plugin. -->","yoast_head_json":{"title":"Autos del Podio | La Fiat Titano ya se fabrica en Argentina","description":"Autos del Podio Stellantis comenz\u00f3 a producir en su complejo industrial de C\u00f3rdoba la pick up Fiat Titano.","robots":{"index":"index","follow":"follow","max-snippet":"max-snippet:-1","max-image-preview":"max-image-preview:large","max-video-preview":"max-video-preview:-1"},"canonical":"http:\/\/autosdelpodio.com\/autos\/la-fiat-titano-ya-se-fabrica-en-argentina\/","og_locale":"es_ES","og_type":"article","og_title":"Autos del Podio | La Fiat Titano ya se fabrica en Argentina","og_description":"Autos del Podio Stellantis comenz\u00f3 a producir en su complejo industrial de C\u00f3rdoba la pick up Fiat Titano.","og_url":"http:\/\/autosdelpodio.com\/autos\/la-fiat-titano-ya-se-fabrica-en-argentina\/","og_site_name":"Autos del Podio","article_publisher":"https:\/\/www.facebook.com\/profile.php?id=100057192590976&amp%3bamp%3bamp%3bamp%3bamp%3bamp%3bamp%3bamp%3bamp%3bamp%3bamp%3bamp%3bamp%3bamp%3bamp%3bamp%3bamp%3bamp%3bref=ts","article_published_time":"2025-05-14T19:51:54+00:00","article_modified_time":"2025-05-14T23:42:56+00:00","og_image":[{"width":498,"height":249,"url":"http:\/\/autosdelpodio.com\/autos\/wp-content\/uploads\/2025\/05\/Fiat_Titano.jpg","type":"image\/jpeg"}],"author":"autosdelpodio","twitter_card":"summary_large_image","twitter_creator":"@autosdelpodio","twitter_site":"@autosdelpodio","twitter_misc":{"Escrito por":"autosdelpodio","Tiempo de lectura":"2 minutos"},"schema":{"@context":"https:\/\/schema.org","@graph":[{"@type":"Article","@id":"http:\/\/autosdelpodio.com\/autos\/la-fiat-titano-ya-se-fabrica-en-argentina\/#article","isPartOf":{"@id":"http:\/\/autosdelpodio.com\/autos\/la-fiat-titano-ya-se-fabrica-en-argentina\/"},"author":{"name":"autosdelpodio","@id":"http:\/\/autosdelpodio.com\/autos\/#\/schema\/person\/993527a4d01c3acdd3d6bce3770bc942"},"headline":"La Fiat Titano ya se fabrica en Argentina","datePublished":"2025-05-14T19:51:54+00:00","dateModified":"2025-05-14T23:42:56+00:00","mainEntityOfPage":{"@id":"http:\/\/autosdelpodio.com\/autos\/la-fiat-titano-ya-se-fabrica-en-argentina\/"},"wordCount":233,"commentCount":0,"publisher":{"@id":"http:\/\/autosdelpodio.com\/autos\/#organization"},"image":{"@id":"http:\/\/autosdelpodio.com\/autos\/la-fiat-titano-ya-se-fabrica-en-argentina\/#primaryimage"},"thumbnailUrl":"http:\/\/autosdelpodio.com\/autos\/wp-content\/uploads\/2025\/05\/Fiat_Titano.jpg","keywords":["Fiat","Industria Automotriz","Producci\u00f3n","Republica Argentina"],"articleSection":["Destacado","\u00daltimas noticias"],"inLanguage":"es","potentialAction":[{"@type":"CommentAction","name":"Comment","target":["http:\/\/autosdelpodio.com\/autos\/la-fiat-titano-ya-se-fabrica-en-argentina\/#respond"]}]},{"@type":"WebPage","@id":"http:\/\/autosdelpodio.com\/autos\/la-fiat-titano-ya-se-fabrica-en-argentina\/","url":"http:\/\/autosdelpodio.com\/autos\/la-fiat-titano-ya-se-fabrica-en-argentina\/","name":"Autos del Podio | La Fiat Titano ya se fabrica en Argentina","isPartOf":{"@id":"http:\/\/autosdelpodio.com\/autos\/#website"},"primaryImageOfPage":{"@id":"http:\/\/autosdelpodio.com\/autos\/la-fiat-titano-ya-se-fabrica-en-argentina\/#primaryimage"},"image":{"@id":"http:\/\/autosdelpodio.com\/autos\/la-fiat-titano-ya-se-fabrica-en-argentina\/#primaryimage"},"thumbnailUrl":"http:\/\/autosdelpodio.com\/autos\/wp-content\/uploads\/2025\/05\/Fiat_Titano.jpg","datePublished":"2025-05-14T19:51:54+00:00","dateModified":"2025-05-14T23:42:56+00:00","description":"Autos del Podio Stellantis comenz\u00f3 a producir en su complejo industrial de C\u00f3rdoba la pick up Fiat Titano.","breadcrumb":{"@id":"http:\/\/autosdelpodio.com\/autos\/la-fiat-titano-ya-se-fabrica-en-argentina\/#breadcrumb"},"inLanguage":"es","potentialAction":[{"@type":"ReadAction","target":["http:\/\/autosdelpodio.com\/autos\/la-fiat-titano-ya-se-fabrica-en-argentina\/"]}]},{"@type":"ImageObject","inLanguage":"es","@id":"http:\/\/autosdelpodio.com\/autos\/la-fiat-titano-ya-se-fabrica-en-argentina\/#primaryimage","url":"http:\/\/autosdelpodio.com\/autos\/wp-content\/uploads\/2025\/05\/Fiat_Titano.jpg","contentUrl":"http:\/\/autosdelpodio.com\/autos\/wp-content\/uploads\/2025\/05\/Fiat_Titano.jpg","width":498,"height":249},{"@type":"BreadcrumbList","@id":"http:\/\/autosdelpodio.com\/autos\/la-fiat-titano-ya-se-fabrica-en-argentina\/#breadcrumb","itemListElement":[{"@type":"ListItem","position":1,"name":"Portada","item":"http:\/\/autosdelpodio.com\/autos\/"},{"@type":"ListItem","position":2,"name":"La Fiat Titano ya se fabrica en Argentina"}]},{"@type":"WebSite","@id":"http:\/\/autosdelpodio.com\/autos\/#website","url":"http:\/\/autosdelpodio.com\/autos\/","name":"Autos del Podio","description":"La sexta del deporte motor","publisher":{"@id":"http:\/\/autosdelpodio.com\/autos\/#organization"},"potentialAction":[{"@type":"SearchAction","target":{"@type":"EntryPoint","urlTemplate":"http:\/\/autosdelpodio.com\/autos\/?s={search_term_string}"},"query-input":{"@type":"PropertyValueSpecification","valueRequired":true,"valueName":"search_term_string"}}],"inLanguage":"es"},{"@type":"Organization","@id":"http:\/\/autosdelpodio.com\/autos\/#organization","name":"Autos del Podio","url":"http:\/\/autosdelpodio.com\/autos\/","logo":{"@type":"ImageObject","inLanguage":"es","@id":"http:\/\/autosdelpodio.com\/autos\/#\/schema\/logo\/image\/","url":"http:\/\/autosdelpodio.com\/autos\/wp-content\/uploads\/2020\/08\/Logo_AR.jpg","contentUrl":"http:\/\/autosdelpodio.com\/autos\/wp-content\/uploads\/2020\/08\/Logo_AR.jpg","width":1038,"height":1044,"caption":"Autos del Podio"},"image":{"@id":"http:\/\/autosdelpodio.com\/autos\/#\/schema\/logo\/image\/"},"sameAs":["https:\/\/www.facebook.com\/profile.php?id=100057192590976&amp;amp;amp;amp;amp;amp;amp;amp;amp;amp;amp;amp;amp;amp;amp;amp;amp;amp;ref=ts","https:\/\/x.com\/autosdelpodio","https:\/\/www.youtube.com\/user\/AutosdelPodio"]},{"@type":"Person","@id":"http:\/\/autosdelpodio.com\/autos\/#\/schema\/person\/993527a4d01c3acdd3d6bce3770bc942","name":"autosdelpodio","image":{"@type":"ImageObject","inLanguage":"es","@id":"http:\/\/autosdelpodio.com\/autos\/wp-content\/litespeed\/avatar\/aa8f65cd201a80f6b844f63278aa84af.jpg?ver=1776798175","url":"http:\/\/autosdelpodio.com\/autos\/wp-content\/litespeed\/avatar\/aa8f65cd201a80f6b844f63278aa84af.jpg?ver=1776798175","contentUrl":"http:\/\/autosdelpodio.com\/autos\/wp-content\/litespeed\/avatar\/aa8f65cd201a80f6b844f63278aa84af.jpg?ver=1776798175","caption":"autosdelpodio"}}]}},"views":596,"_links":{"self":[{"href":"http:\/\/autosdelpodio.com\/autos\/wp-json\/wp\/v2\/posts\/8350","targetHints":{"allow":["GET"]}}],"collection":[{"href":"http:\/\/autosdelpodio.com\/autos\/wp-json\/wp\/v2\/posts"}],"about":[{"href":"http:\/\/autosdelpodio.com\/autos\/wp-json\/wp\/v2\/types\/post"}],"author":[{"embeddable":true,"href":"http:\/\/autosdelpodio.com\/autos\/wp-json\/wp\/v2\/users\/3"}],"replies":[{"embeddable":true,"href":"http:\/\/autosdelpodio.com\/autos\/wp-json\/wp\/v2\/comments?post=8350"}],"version-history":[{"count":1,"href":"http:\/\/autosdelpodio.com\/autos\/wp-json\/wp\/v2\/posts\/8350\/revisions"}],"predecessor-version":[{"id":8352,"href":"http:\/\/autosdelpodio.com\/autos\/wp-json\/wp\/v2\/posts\/8350\/revisions\/8352"}],"wp:featuredmedia":[{"embeddable":true,"href":"http:\/\/autosdelpodio.com\/autos\/wp-json\/wp\/v2\/media\/8351"}],"wp:attachment":[{"href":"http:\/\/autosdelpodio.com\/autos\/wp-json\/wp\/v2\/media?parent=8350"}],"wp:term":[{"taxonomy":"category","embeddable":true,"href":"http:\/\/autosdelpodio.com\/autos\/wp-json\/wp\/v2\/categories?post=8350"},{"taxonomy":"post_tag","embeddable":true,"href":"http:\/\/autosdelpodio.com\/autos\/wp-json\/wp\/v2\/tags?post=8350"}],"curies":[{"name":"wp","href":"https:\/\/api.w.org\/{rel}","templated":true}]}}