{"id":8353,"date":"2025-05-16T15:42:58","date_gmt":"2025-05-16T18:42:58","guid":{"rendered":"https:\/\/autosdelpodio.com\/autos\/?p=8353"},"modified":"2025-05-16T15:42:59","modified_gmt":"2025-05-16T18:42:59","slug":"unidad-1-000-de-volkswagen-camiones-y-buses","status":"publish","type":"post","link":"http:\/\/autosdelpodio.com\/autos\/unidad-1-000-de-volkswagen-camiones-y-buses\/","title":{"rendered":"Unidad 1.000 de Volkswagen Camiones y Buses"},"content":{"rendered":"\n<p>Exactamente un a\u00f1o despu\u00e9s del inicio de la producci\u00f3n nacional en serie, Volkswagen Camiones y Buses alcanz\u00f3 un hito hist\u00f3rico.<\/p>\n\n\n\n<p>Desde mayo de 2024, la planta que la marca alemana tiene en C\u00f3rdoba produce cinco versiones de los modelos Delivery, Constellation y Volksbus, todos ellos ya homologados para el mercado local. La l\u00ednea de ensamblaje se instal\u00f3 en un \u00e1rea exclusiva de 15.000 m\u00b2 y su desarrollo form\u00f3 parte de una inversi\u00f3n de 300 millones de d\u00f3lares que el Grupo Volkswagen Argentina desembols\u00f3 para profundizar su presencia en el pa\u00eds.<\/p>\n\n\n\n<p>Adem\u00e1s de camiones y buses, en la planta cordobesa se fabrican transmisiones para el grupo Volkswagen y motocicletas Ducati.<\/p>\n","protected":false},"excerpt":{"rendered":"<p>Exactamente un a\u00f1o despu\u00e9s del inicio de la producci\u00f3n nacional en serie, Volkswagen Camiones y Buses alcanz\u00f3 un hito hist\u00f3rico.<\/p>\n","protected":false},"author":3,"featured_media":8355,"comment_status":"open","ping_status":"open","sticky":false,"template":"","format":"standard","meta":{"colormag_page_container_layout":"default_layout","colormag_page_sidebar_layout":"default_layout","footnotes":""},"categories":[6,5],"tags":[343,166,111,32,208,35,90],"class_list":["post-8353","post","type-post","status-publish","format-standard","has-post-thumbnail","hentry","category-newsflash","category-latest-news","tag-buses","tag-camiones","tag-cordoba","tag-industria-automotriz","tag-produccion","tag-republica-argentina","tag-volkswagen"],"yoast_head":"<!-- This site is optimized with the Yoast SEO plugin v27.4 - https:\/\/yoast.com\/product\/yoast-seo-wordpress\/ -->\n<title>Autos del Podio | Unidad 1.000 de Volkswagen Camiones y Buses<\/title>\n<meta name=\"description\" content=\"Autos del Podio Volkswagen Group Argentina celebr\u00f3 la fabricaci\u00f3n de la unidad n\u00famero 1.000 de camiones y buses en su Centro Industrial C\u00f3rdoba.\" \/>\n<meta name=\"robots\" content=\"index, follow, max-snippet:-1, max-image-preview:large, max-video-preview:-1\" \/>\n<link rel=\"canonical\" href=\"http:\/\/autosdelpodio.com\/autos\/unidad-1-000-de-volkswagen-camiones-y-buses\/\" \/>\n<meta property=\"og:locale\" content=\"es_ES\" \/>\n<meta property=\"og:type\" content=\"article\" \/>\n<meta property=\"og:title\" content=\"Autos del Podio | Unidad 1.000 de Volkswagen Camiones y Buses\" \/>\n<meta property=\"og:description\" content=\"Autos del Podio Volkswagen Group Argentina celebr\u00f3 la fabricaci\u00f3n de la unidad n\u00famero 1.000 de camiones y buses en su Centro Industrial C\u00f3rdoba.\" \/>\n<meta property=\"og:url\" content=\"http:\/\/autosdelpodio.com\/autos\/unidad-1-000-de-volkswagen-camiones-y-buses\/\" \/>\n<meta property=\"og:site_name\" content=\"Autos del Podio\" \/>\n<meta property=\"article:publisher\" content=\"https:\/\/www.facebook.com\/profile.php?id=100057192590976&amp;amp%3bamp%3bamp%3bamp%3bamp%3bamp%3bamp%3bamp%3bamp%3bamp%3bamp%3bamp%3bamp%3bamp%3bamp%3bamp%3bamp%3bamp%3bref=ts\" \/>\n<meta property=\"article:published_time\" content=\"2025-05-16T18:42:58+00:00\" \/>\n<meta property=\"article:modified_time\" content=\"2025-05-16T18:42:59+00:00\" \/>\n<meta property=\"og:image\" content=\"http:\/\/autosdelpodio.com\/autos\/wp-content\/uploads\/2025\/05\/VW_Buses_1000.png\" \/>\n\t<meta property=\"og:image:width\" content=\"502\" \/>\n\t<meta property=\"og:image:height\" content=\"251\" \/>\n\t<meta property=\"og:image:type\" content=\"image\/png\" \/>\n<meta name=\"author\" content=\"autosdelpodio\" \/>\n<meta name=\"twitter:card\" content=\"summary_large_image\" \/>\n<meta name=\"twitter:creator\" content=\"@autosdelpodio\" \/>\n<meta name=\"twitter:site\" content=\"@autosdelpodio\" \/>\n<meta name=\"twitter:label1\" content=\"Escrito por\" \/>\n\t<meta name=\"twitter:data1\" content=\"autosdelpodio\" \/>\n\t<meta name=\"twitter:label2\" content=\"Tiempo de lectura\" \/>\n\t<meta name=\"twitter:data2\" content=\"1 minuto\" \/>\n<script type=\"application\/ld+json\" class=\"yoast-schema-graph\">{\"@context\":\"https:\\\/\\\/schema.org\",\"@graph\":[{\"@type\":\"Article\",\"@id\":\"http:\\\/\\\/autosdelpodio.com\\\/autos\\\/unidad-1-000-de-volkswagen-camiones-y-buses\\\/#article\",\"isPartOf\":{\"@id\":\"http:\\\/\\\/autosdelpodio.com\\\/autos\\\/unidad-1-000-de-volkswagen-camiones-y-buses\\\/\"},\"author\":{\"name\":\"autosdelpodio\",\"@id\":\"http:\\\/\\\/autosdelpodio.com\\\/autos\\\/#\\\/schema\\\/person\\\/993527a4d01c3acdd3d6bce3770bc942\"},\"headline\":\"Unidad 1.000 de Volkswagen Camiones y Buses\",\"datePublished\":\"2025-05-16T18:42:58+00:00\",\"dateModified\":\"2025-05-16T18:42:59+00:00\",\"mainEntityOfPage\":{\"@id\":\"http:\\\/\\\/autosdelpodio.com\\\/autos\\\/unidad-1-000-de-volkswagen-camiones-y-buses\\\/\"},\"wordCount\":122,\"commentCount\":0,\"publisher\":{\"@id\":\"http:\\\/\\\/autosdelpodio.com\\\/autos\\\/#organization\"},\"image\":{\"@id\":\"http:\\\/\\\/autosdelpodio.com\\\/autos\\\/unidad-1-000-de-volkswagen-camiones-y-buses\\\/#primaryimage\"},\"thumbnailUrl\":\"http:\\\/\\\/autosdelpodio.com\\\/autos\\\/wp-content\\\/uploads\\\/2025\\\/05\\\/VW_Buses_1000.png\",\"keywords\":[\"Buses\",\"Camiones\",\"Cordoba\",\"Industria Automotriz\",\"Producci\u00f3n\",\"Republica Argentina\",\"Volkswagen\"],\"articleSection\":[\"Destacado\",\"\u00daltimas noticias\"],\"inLanguage\":\"es\",\"potentialAction\":[{\"@type\":\"CommentAction\",\"name\":\"Comment\",\"target\":[\"http:\\\/\\\/autosdelpodio.com\\\/autos\\\/unidad-1-000-de-volkswagen-camiones-y-buses\\\/#respond\"]}]},{\"@type\":\"WebPage\",\"@id\":\"http:\\\/\\\/autosdelpodio.com\\\/autos\\\/unidad-1-000-de-volkswagen-camiones-y-buses\\\/\",\"url\":\"http:\\\/\\\/autosdelpodio.com\\\/autos\\\/unidad-1-000-de-volkswagen-camiones-y-buses\\\/\",\"name\":\"Autos del Podio | Unidad 1.000 de Volkswagen Camiones y Buses\",\"isPartOf\":{\"@id\":\"http:\\\/\\\/autosdelpodio.com\\\/autos\\\/#website\"},\"primaryImageOfPage\":{\"@id\":\"http:\\\/\\\/autosdelpodio.com\\\/autos\\\/unidad-1-000-de-volkswagen-camiones-y-buses\\\/#primaryimage\"},\"image\":{\"@id\":\"http:\\\/\\\/autosdelpodio.com\\\/autos\\\/unidad-1-000-de-volkswagen-camiones-y-buses\\\/#primaryimage\"},\"thumbnailUrl\":\"http:\\\/\\\/autosdelpodio.com\\\/autos\\\/wp-content\\\/uploads\\\/2025\\\/05\\\/VW_Buses_1000.png\",\"datePublished\":\"2025-05-16T18:42:58+00:00\",\"dateModified\":\"2025-05-16T18:42:59+00:00\",\"description\":\"Autos del Podio Volkswagen Group Argentina celebr\u00f3 la fabricaci\u00f3n de la unidad n\u00famero 1.000 de camiones y buses en su Centro Industrial C\u00f3rdoba.\",\"breadcrumb\":{\"@id\":\"http:\\\/\\\/autosdelpodio.com\\\/autos\\\/unidad-1-000-de-volkswagen-camiones-y-buses\\\/#breadcrumb\"},\"inLanguage\":\"es\",\"potentialAction\":[{\"@type\":\"ReadAction\",\"target\":[\"http:\\\/\\\/autosdelpodio.com\\\/autos\\\/unidad-1-000-de-volkswagen-camiones-y-buses\\\/\"]}]},{\"@type\":\"ImageObject\",\"inLanguage\":\"es\",\"@id\":\"http:\\\/\\\/autosdelpodio.com\\\/autos\\\/unidad-1-000-de-volkswagen-camiones-y-buses\\\/#primaryimage\",\"url\":\"http:\\\/\\\/autosdelpodio.com\\\/autos\\\/wp-content\\\/uploads\\\/2025\\\/05\\\/VW_Buses_1000.png\",\"contentUrl\":\"http:\\\/\\\/autosdelpodio.com\\\/autos\\\/wp-content\\\/uploads\\\/2025\\\/05\\\/VW_Buses_1000.png\",\"width\":502,\"height\":251},{\"@type\":\"BreadcrumbList\",\"@id\":\"http:\\\/\\\/autosdelpodio.com\\\/autos\\\/unidad-1-000-de-volkswagen-camiones-y-buses\\\/#breadcrumb\",\"itemListElement\":[{\"@type\":\"ListItem\",\"position\":1,\"name\":\"Portada\",\"item\":\"http:\\\/\\\/autosdelpodio.com\\\/autos\\\/\"},{\"@type\":\"ListItem\",\"position\":2,\"name\":\"Unidad 1.000 de Volkswagen Camiones y Buses\"}]},{\"@type\":\"WebSite\",\"@id\":\"http:\\\/\\\/autosdelpodio.com\\\/autos\\\/#website\",\"url\":\"http:\\\/\\\/autosdelpodio.com\\\/autos\\\/\",\"name\":\"Autos del Podio\",\"description\":\"La sexta del deporte motor\",\"publisher\":{\"@id\":\"http:\\\/\\\/autosdelpodio.com\\\/autos\\\/#organization\"},\"potentialAction\":[{\"@type\":\"SearchAction\",\"target\":{\"@type\":\"EntryPoint\",\"urlTemplate\":\"http:\\\/\\\/autosdelpodio.com\\\/autos\\\/?s={search_term_string}\"},\"query-input\":{\"@type\":\"PropertyValueSpecification\",\"valueRequired\":true,\"valueName\":\"search_term_string\"}}],\"inLanguage\":\"es\"},{\"@type\":\"Organization\",\"@id\":\"http:\\\/\\\/autosdelpodio.com\\\/autos\\\/#organization\",\"name\":\"Autos del Podio\",\"url\":\"http:\\\/\\\/autosdelpodio.com\\\/autos\\\/\",\"logo\":{\"@type\":\"ImageObject\",\"inLanguage\":\"es\",\"@id\":\"http:\\\/\\\/autosdelpodio.com\\\/autos\\\/#\\\/schema\\\/logo\\\/image\\\/\",\"url\":\"http:\\\/\\\/autosdelpodio.com\\\/autos\\\/wp-content\\\/uploads\\\/2020\\\/08\\\/Logo_AR.jpg\",\"contentUrl\":\"http:\\\/\\\/autosdelpodio.com\\\/autos\\\/wp-content\\\/uploads\\\/2020\\\/08\\\/Logo_AR.jpg\",\"width\":1038,\"height\":1044,\"caption\":\"Autos del Podio\"},\"image\":{\"@id\":\"http:\\\/\\\/autosdelpodio.com\\\/autos\\\/#\\\/schema\\\/logo\\\/image\\\/\"},\"sameAs\":[\"https:\\\/\\\/www.facebook.com\\\/profile.php?id=100057192590976&amp;amp;amp;amp;amp;amp;amp;amp;amp;amp;amp;amp;amp;amp;amp;amp;amp;amp;ref=ts\",\"https:\\\/\\\/x.com\\\/autosdelpodio\",\"https:\\\/\\\/www.youtube.com\\\/user\\\/AutosdelPodio\"]},{\"@type\":\"Person\",\"@id\":\"http:\\\/\\\/autosdelpodio.com\\\/autos\\\/#\\\/schema\\\/person\\\/993527a4d01c3acdd3d6bce3770bc942\",\"name\":\"autosdelpodio\",\"image\":{\"@type\":\"ImageObject\",\"inLanguage\":\"es\",\"@id\":\"http:\\\/\\\/autosdelpodio.com\\\/autos\\\/wp-content\\\/litespeed\\\/avatar\\\/aa8f65cd201a80f6b844f63278aa84af.jpg?ver=1776798175\",\"url\":\"http:\\\/\\\/autosdelpodio.com\\\/autos\\\/wp-content\\\/litespeed\\\/avatar\\\/aa8f65cd201a80f6b844f63278aa84af.jpg?ver=1776798175\",\"contentUrl\":\"http:\\\/\\\/autosdelpodio.com\\\/autos\\\/wp-content\\\/litespeed\\\/avatar\\\/aa8f65cd201a80f6b844f63278aa84af.jpg?ver=1776798175\",\"caption\":\"autosdelpodio\"}}]}<\/script>\n<!-- \/ Yoast SEO plugin. -->","yoast_head_json":{"title":"Autos del Podio | Unidad 1.000 de Volkswagen Camiones y Buses","description":"Autos del Podio Volkswagen Group Argentina celebr\u00f3 la fabricaci\u00f3n de la unidad n\u00famero 1.000 de camiones y buses en su Centro Industrial C\u00f3rdoba.","robots":{"index":"index","follow":"follow","max-snippet":"max-snippet:-1","max-image-preview":"max-image-preview:large","max-video-preview":"max-video-preview:-1"},"canonical":"http:\/\/autosdelpodio.com\/autos\/unidad-1-000-de-volkswagen-camiones-y-buses\/","og_locale":"es_ES","og_type":"article","og_title":"Autos del Podio | Unidad 1.000 de Volkswagen Camiones y Buses","og_description":"Autos del Podio Volkswagen Group Argentina celebr\u00f3 la fabricaci\u00f3n de la unidad n\u00famero 1.000 de camiones y buses en su Centro Industrial C\u00f3rdoba.","og_url":"http:\/\/autosdelpodio.com\/autos\/unidad-1-000-de-volkswagen-camiones-y-buses\/","og_site_name":"Autos del Podio","article_publisher":"https:\/\/www.facebook.com\/profile.php?id=100057192590976&amp%3bamp%3bamp%3bamp%3bamp%3bamp%3bamp%3bamp%3bamp%3bamp%3bamp%3bamp%3bamp%3bamp%3bamp%3bamp%3bamp%3bamp%3bref=ts","article_published_time":"2025-05-16T18:42:58+00:00","article_modified_time":"2025-05-16T18:42:59+00:00","og_image":[{"width":502,"height":251,"url":"http:\/\/autosdelpodio.com\/autos\/wp-content\/uploads\/2025\/05\/VW_Buses_1000.png","type":"image\/png"}],"author":"autosdelpodio","twitter_card":"summary_large_image","twitter_creator":"@autosdelpodio","twitter_site":"@autosdelpodio","twitter_misc":{"Escrito por":"autosdelpodio","Tiempo de lectura":"1 minuto"},"schema":{"@context":"https:\/\/schema.org","@graph":[{"@type":"Article","@id":"http:\/\/autosdelpodio.com\/autos\/unidad-1-000-de-volkswagen-camiones-y-buses\/#article","isPartOf":{"@id":"http:\/\/autosdelpodio.com\/autos\/unidad-1-000-de-volkswagen-camiones-y-buses\/"},"author":{"name":"autosdelpodio","@id":"http:\/\/autosdelpodio.com\/autos\/#\/schema\/person\/993527a4d01c3acdd3d6bce3770bc942"},"headline":"Unidad 1.000 de Volkswagen Camiones y Buses","datePublished":"2025-05-16T18:42:58+00:00","dateModified":"2025-05-16T18:42:59+00:00","mainEntityOfPage":{"@id":"http:\/\/autosdelpodio.com\/autos\/unidad-1-000-de-volkswagen-camiones-y-buses\/"},"wordCount":122,"commentCount":0,"publisher":{"@id":"http:\/\/autosdelpodio.com\/autos\/#organization"},"image":{"@id":"http:\/\/autosdelpodio.com\/autos\/unidad-1-000-de-volkswagen-camiones-y-buses\/#primaryimage"},"thumbnailUrl":"http:\/\/autosdelpodio.com\/autos\/wp-content\/uploads\/2025\/05\/VW_Buses_1000.png","keywords":["Buses","Camiones","Cordoba","Industria Automotriz","Producci\u00f3n","Republica Argentina","Volkswagen"],"articleSection":["Destacado","\u00daltimas noticias"],"inLanguage":"es","potentialAction":[{"@type":"CommentAction","name":"Comment","target":["http:\/\/autosdelpodio.com\/autos\/unidad-1-000-de-volkswagen-camiones-y-buses\/#respond"]}]},{"@type":"WebPage","@id":"http:\/\/autosdelpodio.com\/autos\/unidad-1-000-de-volkswagen-camiones-y-buses\/","url":"http:\/\/autosdelpodio.com\/autos\/unidad-1-000-de-volkswagen-camiones-y-buses\/","name":"Autos del Podio | Unidad 1.000 de Volkswagen Camiones y Buses","isPartOf":{"@id":"http:\/\/autosdelpodio.com\/autos\/#website"},"primaryImageOfPage":{"@id":"http:\/\/autosdelpodio.com\/autos\/unidad-1-000-de-volkswagen-camiones-y-buses\/#primaryimage"},"image":{"@id":"http:\/\/autosdelpodio.com\/autos\/unidad-1-000-de-volkswagen-camiones-y-buses\/#primaryimage"},"thumbnailUrl":"http:\/\/autosdelpodio.com\/autos\/wp-content\/uploads\/2025\/05\/VW_Buses_1000.png","datePublished":"2025-05-16T18:42:58+00:00","dateModified":"2025-05-16T18:42:59+00:00","description":"Autos del Podio Volkswagen Group Argentina celebr\u00f3 la fabricaci\u00f3n de la unidad n\u00famero 1.000 de camiones y buses en su Centro Industrial C\u00f3rdoba.","breadcrumb":{"@id":"http:\/\/autosdelpodio.com\/autos\/unidad-1-000-de-volkswagen-camiones-y-buses\/#breadcrumb"},"inLanguage":"es","potentialAction":[{"@type":"ReadAction","target":["http:\/\/autosdelpodio.com\/autos\/unidad-1-000-de-volkswagen-camiones-y-buses\/"]}]},{"@type":"ImageObject","inLanguage":"es","@id":"http:\/\/autosdelpodio.com\/autos\/unidad-1-000-de-volkswagen-camiones-y-buses\/#primaryimage","url":"http:\/\/autosdelpodio.com\/autos\/wp-content\/uploads\/2025\/05\/VW_Buses_1000.png","contentUrl":"http:\/\/autosdelpodio.com\/autos\/wp-content\/uploads\/2025\/05\/VW_Buses_1000.png","width":502,"height":251},{"@type":"BreadcrumbList","@id":"http:\/\/autosdelpodio.com\/autos\/unidad-1-000-de-volkswagen-camiones-y-buses\/#breadcrumb","itemListElement":[{"@type":"ListItem","position":1,"name":"Portada","item":"http:\/\/autosdelpodio.com\/autos\/"},{"@type":"ListItem","position":2,"name":"Unidad 1.000 de Volkswagen Camiones y Buses"}]},{"@type":"WebSite","@id":"http:\/\/autosdelpodio.com\/autos\/#website","url":"http:\/\/autosdelpodio.com\/autos\/","name":"Autos del Podio","description":"La sexta del deporte motor","publisher":{"@id":"http:\/\/autosdelpodio.com\/autos\/#organization"},"potentialAction":[{"@type":"SearchAction","target":{"@type":"EntryPoint","urlTemplate":"http:\/\/autosdelpodio.com\/autos\/?s={search_term_string}"},"query-input":{"@type":"PropertyValueSpecification","valueRequired":true,"valueName":"search_term_string"}}],"inLanguage":"es"},{"@type":"Organization","@id":"http:\/\/autosdelpodio.com\/autos\/#organization","name":"Autos del Podio","url":"http:\/\/autosdelpodio.com\/autos\/","logo":{"@type":"ImageObject","inLanguage":"es","@id":"http:\/\/autosdelpodio.com\/autos\/#\/schema\/logo\/image\/","url":"http:\/\/autosdelpodio.com\/autos\/wp-content\/uploads\/2020\/08\/Logo_AR.jpg","contentUrl":"http:\/\/autosdelpodio.com\/autos\/wp-content\/uploads\/2020\/08\/Logo_AR.jpg","width":1038,"height":1044,"caption":"Autos del Podio"},"image":{"@id":"http:\/\/autosdelpodio.com\/autos\/#\/schema\/logo\/image\/"},"sameAs":["https:\/\/www.facebook.com\/profile.php?id=100057192590976&amp;amp;amp;amp;amp;amp;amp;amp;amp;amp;amp;amp;amp;amp;amp;amp;amp;amp;ref=ts","https:\/\/x.com\/autosdelpodio","https:\/\/www.youtube.com\/user\/AutosdelPodio"]},{"@type":"Person","@id":"http:\/\/autosdelpodio.com\/autos\/#\/schema\/person\/993527a4d01c3acdd3d6bce3770bc942","name":"autosdelpodio","image":{"@type":"ImageObject","inLanguage":"es","@id":"http:\/\/autosdelpodio.com\/autos\/wp-content\/litespeed\/avatar\/aa8f65cd201a80f6b844f63278aa84af.jpg?ver=1776798175","url":"http:\/\/autosdelpodio.com\/autos\/wp-content\/litespeed\/avatar\/aa8f65cd201a80f6b844f63278aa84af.jpg?ver=1776798175","contentUrl":"http:\/\/autosdelpodio.com\/autos\/wp-content\/litespeed\/avatar\/aa8f65cd201a80f6b844f63278aa84af.jpg?ver=1776798175","caption":"autosdelpodio"}}]}},"views":397,"_links":{"self":[{"href":"http:\/\/autosdelpodio.com\/autos\/wp-json\/wp\/v2\/posts\/8353","targetHints":{"allow":["GET"]}}],"collection":[{"href":"http:\/\/autosdelpodio.com\/autos\/wp-json\/wp\/v2\/posts"}],"about":[{"href":"http:\/\/autosdelpodio.com\/autos\/wp-json\/wp\/v2\/types\/post"}],"author":[{"embeddable":true,"href":"http:\/\/autosdelpodio.com\/autos\/wp-json\/wp\/v2\/users\/3"}],"replies":[{"embeddable":true,"href":"http:\/\/autosdelpodio.com\/autos\/wp-json\/wp\/v2\/comments?post=8353"}],"version-history":[{"count":1,"href":"http:\/\/autosdelpodio.com\/autos\/wp-json\/wp\/v2\/posts\/8353\/revisions"}],"predecessor-version":[{"id":8354,"href":"http:\/\/autosdelpodio.com\/autos\/wp-json\/wp\/v2\/posts\/8353\/revisions\/8354"}],"wp:featuredmedia":[{"embeddable":true,"href":"http:\/\/autosdelpodio.com\/autos\/wp-json\/wp\/v2\/media\/8355"}],"wp:attachment":[{"href":"http:\/\/autosdelpodio.com\/autos\/wp-json\/wp\/v2\/media?parent=8353"}],"wp:term":[{"taxonomy":"category","embeddable":true,"href":"http:\/\/autosdelpodio.com\/autos\/wp-json\/wp\/v2\/categories?post=8353"},{"taxonomy":"post_tag","embeddable":true,"href":"http:\/\/autosdelpodio.com\/autos\/wp-json\/wp\/v2\/tags?post=8353"}],"curies":[{"name":"wp","href":"https:\/\/api.w.org\/{rel}","templated":true}]}}