{"id":8356,"date":"2025-05-18T14:16:37","date_gmt":"2025-05-18T17:16:37","guid":{"rendered":"http:\/\/autosdelpodio.com\/autos\/?p=8356"},"modified":"2025-05-19T22:39:23","modified_gmt":"2025-05-20T01:39:23","slug":"vers-era-el-unico-que-lo-podia-lograr","status":"publish","type":"post","link":"http:\/\/autosdelpodio.com\/autos\/vers-era-el-unico-que-lo-podia-lograr\/","title":{"rendered":"Vers era el unico que lo pod\u00eda lograr"},"content":{"rendered":"\n<p><br>Max Verstappen puso en pausa a la hegemon\u00eda de los Mc Laren tras imponerse en el Gran Premio de Imola de F1. En su retorno Franco Colapinto finaliz\u00f3 16 con el Alpine #43.<\/p>\n\n\n\n<p><a href=\"http:\/\/autosdelpodio.com\/autos\/tag\/franco-colapinto\/\" target=\"_blank\" rel=\"noreferrer noopener\">El debut del argentin<\/a>o fue auspicioso, teniendo en cuenta que en la jornada clasificatorio se peg\u00f3 fuerte cuando formaba parte dela Qualy 2.<br>En el campeonato sigue al frente <a href=\"http:\/\/autosdelpodio.com\/autos\/piastri-piastri-piastri\/\" target=\"_blank\" rel=\"noreferrer noopener\">Oscar Piastri <\/a>con 146 puntos frente a los 133 que acumula su compa\u00f1ero de equipo Lando Norris con 133.El actual monarca con el flamante triunfo tiene 124 unidades.<br>El pr\u00f3ximo 24 de Mayo se disputar\u00e1 el Gran Premio de M\u00f3naco, en el tradicional circuito callejero de 3.337 metros de extensi\u00f3n.<\/p>\n\n\n\n<p><strong><em>Final F1 &#8211; GP de Italia<\/em><\/strong><\/p>\n\n\n\n<figure class=\"wp-block-table\"><table class=\"has-fixed-layout\"><tbody><tr><td>1<\/td><td>1<\/td><td>Max&nbsp;Verstappen<\/td><td>Red Bull Racing Honda RBPT<\/td><td>63<\/td><td>1:31:33.199<\/td><\/tr><tr><td>2<\/td><td>4<\/td><td>Lando&nbsp;Norris<\/td><td>McLaren Mercedes<\/td><td>63<\/td><td>6.109<\/td><\/tr><tr><td>3<\/td><td>81<\/td><td>Oscar&nbsp;Piastri<\/td><td>McLaren Mercedes<\/td><td>63<\/td><td>12.956<\/td><\/tr><tr><td>4<\/td><td>44<\/td><td>Lewis&nbsp;Hamilton<\/td><td>Ferrari<\/td><td>63<\/td><td>14.356<\/td><\/tr><tr><td>5<\/td><td>23<\/td><td>Alexander&nbsp;Albon<\/td><td>Williams Mercedes<\/td><td>63<\/td><td>17.945<\/td><\/tr><tr><td>6<\/td><td>16<\/td><td>Charles&nbsp;Leclerc<\/td><td>Ferrari<\/td><td>63<\/td><td>20.774<\/td><\/tr><tr><td>7<\/td><td>63<\/td><td>George&nbsp;Russell<\/td><td>Mercedes<\/td><td>63<\/td><td>22.034<\/td><\/tr><tr><td>8<\/td><td>55<\/td><td>Carlos&nbsp;Sainz<\/td><td>Williams Mercedes<\/td><td>63<\/td><td>22.898<\/td><\/tr><tr><td>9<\/td><td>6<\/td><td>Isack&nbsp;Hadjar<\/td><td>Racing Bulls Honda RBPT<\/td><td>63<\/td><td>23.586<\/td><\/tr><tr><td>10<\/td><td>22<\/td><td>Yuki&nbsp;Tsunoda<\/td><td>Red Bull Racing Honda RBPT<\/td><td>63<\/td><td>26.446<\/td><\/tr><tr><td>11<\/td><td>14<\/td><td>Fernando&nbsp;Alonso<\/td><td>Aston Martin Aramco Mercedes<\/td><td>63<\/td><td>27.250<\/td><\/tr><tr><td>12<\/td><td>27<\/td><td>Nico&nbsp;Hulkenberg<\/td><td>Kick Sauber Ferrari<\/td><td>63<\/td><td>30.296<\/td><\/tr><tr><td>13<\/td><td>10<\/td><td>Pierre&nbsp;Gasly<\/td><td>Alpine Renault<\/td><td>63<\/td><td>31.424<\/td><\/tr><tr><td>14<\/td><td>30<\/td><td>Liam&nbsp;Lawson<\/td><td>Racing Bulls Honda RBPT<\/td><td>63<\/td><td>32.511<\/td><\/tr><tr><td>15<\/td><td>18<\/td><td>Lance&nbsp;Stroll<\/td><td>Aston Martin Aramco Mercedes<\/td><td>63<\/td><td>32.993<\/td><\/tr><tr><td><strong>16<\/strong><\/td><td><strong>43<\/strong><\/td><td><strong>Franco&nbsp;Colapinto<\/strong><\/td><td><strong>Alpine Renault<\/strong><\/td><td><strong>63<\/strong><\/td><td><strong>33.411<\/strong><\/td><\/tr><tr><td>17<\/td><td>87<\/td><td>Oliver&nbsp;Bearman<\/td><td>Haas Ferrari<\/td><td>63<\/td><td>33.808<\/td><\/tr><tr><td>18<\/td><td>5<\/td><td>Gabriel&nbsp;Bortoleto<\/td><td>Kick Sauber Ferrari<\/td><td>63<\/td><td>38.572<\/td><\/tr><tr><td>NC<\/td><td>12<\/td><td>Kimi&nbsp;Antonelli<\/td><td>Mercedes<\/td><td>44<\/td><td>\u2013<\/td><\/tr><tr><td>NC<\/td><td>31<\/td><td>Esteban&nbsp;Ocon<\/td><td>Haas Ferrari<\/td><td>27<\/td><td>\u2013<\/td><\/tr><\/tbody><\/table><\/figure>\n","protected":false},"excerpt":{"rendered":"<p>Max Verstappen puso en pausa a la hegemon\u00eda de los Mc Laren tras imponerse en el Gran Premio de Imola<\/p>\n","protected":false},"author":3,"featured_media":1751,"comment_status":"open","ping_status":"open","sticky":false,"template":"","format":"standard","meta":{"colormag_page_container_layout":"default_layout","colormag_page_sidebar_layout":"default_layout","footnotes":""},"categories":[6,5],"tags":[75,553,798,47,310,311],"class_list":["post-8356","post","type-post","status-publish","format-standard","has-post-thumbnail","hentry","category-newsflash","category-latest-news","tag-formula-1","tag-franco-colapinto","tag-gp-imola","tag-italia","tag-max-verstappen","tag-red-bull"],"yoast_head":"<!-- This site is optimized with the Yoast SEO plugin v27.4 - https:\/\/yoast.com\/product\/yoast-seo-wordpress\/ -->\n<title>Autos del Podio | Vers era el unico que lo pod\u00eda lograr<\/title>\n<meta name=\"description\" content=\"Autos del Podio Franco Colapinto regres\u00f3 al campeonato mundial de F\u00f3rmula 1 finaliz\u00f3 con un puesto 16 en Imola\" \/>\n<meta name=\"robots\" content=\"index, follow, max-snippet:-1, max-image-preview:large, max-video-preview:-1\" \/>\n<link rel=\"canonical\" href=\"http:\/\/autosdelpodio.com\/autos\/vers-era-el-unico-que-lo-podia-lograr\/\" \/>\n<meta property=\"og:locale\" content=\"es_ES\" \/>\n<meta property=\"og:type\" content=\"article\" \/>\n<meta property=\"og:title\" content=\"Autos del Podio | Vers era el unico que lo pod\u00eda lograr\" \/>\n<meta property=\"og:description\" content=\"Autos del Podio Franco Colapinto regres\u00f3 al campeonato mundial de F\u00f3rmula 1 finaliz\u00f3 con un puesto 16 en Imola\" \/>\n<meta property=\"og:url\" content=\"http:\/\/autosdelpodio.com\/autos\/vers-era-el-unico-que-lo-podia-lograr\/\" \/>\n<meta property=\"og:site_name\" content=\"Autos del Podio\" \/>\n<meta property=\"article:publisher\" content=\"https:\/\/www.facebook.com\/profile.php?id=100057192590976&amp;amp%3bamp%3bamp%3bamp%3bamp%3bamp%3bamp%3bamp%3bamp%3bamp%3bamp%3bamp%3bamp%3bamp%3bamp%3bamp%3bamp%3bamp%3bref=ts\" \/>\n<meta property=\"article:published_time\" content=\"2025-05-18T17:16:37+00:00\" \/>\n<meta property=\"article:modified_time\" content=\"2025-05-20T01:39:23+00:00\" \/>\n<meta property=\"og:image\" content=\"http:\/\/autosdelpodio.com\/autos\/wp-content\/uploads\/2020\/04\/Logo_F1_-e1621029352226.jpg\" \/>\n\t<meta property=\"og:image:width\" content=\"500\" \/>\n\t<meta property=\"og:image:height\" content=\"278\" \/>\n\t<meta property=\"og:image:type\" content=\"image\/jpeg\" \/>\n<meta name=\"author\" content=\"autosdelpodio\" \/>\n<meta name=\"twitter:card\" content=\"summary_large_image\" \/>\n<meta name=\"twitter:creator\" content=\"@autosdelpodio\" \/>\n<meta name=\"twitter:site\" content=\"@autosdelpodio\" \/>\n<meta name=\"twitter:label1\" content=\"Escrito por\" \/>\n\t<meta name=\"twitter:data1\" content=\"autosdelpodio\" \/>\n\t<meta name=\"twitter:label2\" content=\"Tiempo de lectura\" \/>\n\t<meta name=\"twitter:data2\" content=\"2 minutos\" \/>\n<script type=\"application\/ld+json\" class=\"yoast-schema-graph\">{\"@context\":\"https:\\\/\\\/schema.org\",\"@graph\":[{\"@type\":\"Article\",\"@id\":\"http:\\\/\\\/autosdelpodio.com\\\/autos\\\/vers-era-el-unico-que-lo-podia-lograr\\\/#article\",\"isPartOf\":{\"@id\":\"http:\\\/\\\/autosdelpodio.com\\\/autos\\\/vers-era-el-unico-que-lo-podia-lograr\\\/\"},\"author\":{\"name\":\"autosdelpodio\",\"@id\":\"http:\\\/\\\/autosdelpodio.com\\\/autos\\\/#\\\/schema\\\/person\\\/993527a4d01c3acdd3d6bce3770bc942\"},\"headline\":\"Vers era el unico que lo pod\u00eda lograr\",\"datePublished\":\"2025-05-18T17:16:37+00:00\",\"dateModified\":\"2025-05-20T01:39:23+00:00\",\"mainEntityOfPage\":{\"@id\":\"http:\\\/\\\/autosdelpodio.com\\\/autos\\\/vers-era-el-unico-que-lo-podia-lograr\\\/\"},\"wordCount\":238,\"commentCount\":0,\"publisher\":{\"@id\":\"http:\\\/\\\/autosdelpodio.com\\\/autos\\\/#organization\"},\"image\":{\"@id\":\"http:\\\/\\\/autosdelpodio.com\\\/autos\\\/vers-era-el-unico-que-lo-podia-lograr\\\/#primaryimage\"},\"thumbnailUrl\":\"http:\\\/\\\/autosdelpodio.com\\\/autos\\\/wp-content\\\/uploads\\\/2020\\\/04\\\/Logo_F1_-e1621029352226.jpg\",\"keywords\":[\"Formula 1\",\"Franco Colapinto\",\"GP Imola\",\"Italia\",\"Max Verstappen\",\"Red Bull\"],\"articleSection\":[\"Destacado\",\"\u00daltimas noticias\"],\"inLanguage\":\"es\",\"potentialAction\":[{\"@type\":\"CommentAction\",\"name\":\"Comment\",\"target\":[\"http:\\\/\\\/autosdelpodio.com\\\/autos\\\/vers-era-el-unico-que-lo-podia-lograr\\\/#respond\"]}]},{\"@type\":\"WebPage\",\"@id\":\"http:\\\/\\\/autosdelpodio.com\\\/autos\\\/vers-era-el-unico-que-lo-podia-lograr\\\/\",\"url\":\"http:\\\/\\\/autosdelpodio.com\\\/autos\\\/vers-era-el-unico-que-lo-podia-lograr\\\/\",\"name\":\"Autos del Podio | Vers era el unico que lo pod\u00eda lograr\",\"isPartOf\":{\"@id\":\"http:\\\/\\\/autosdelpodio.com\\\/autos\\\/#website\"},\"primaryImageOfPage\":{\"@id\":\"http:\\\/\\\/autosdelpodio.com\\\/autos\\\/vers-era-el-unico-que-lo-podia-lograr\\\/#primaryimage\"},\"image\":{\"@id\":\"http:\\\/\\\/autosdelpodio.com\\\/autos\\\/vers-era-el-unico-que-lo-podia-lograr\\\/#primaryimage\"},\"thumbnailUrl\":\"http:\\\/\\\/autosdelpodio.com\\\/autos\\\/wp-content\\\/uploads\\\/2020\\\/04\\\/Logo_F1_-e1621029352226.jpg\",\"datePublished\":\"2025-05-18T17:16:37+00:00\",\"dateModified\":\"2025-05-20T01:39:23+00:00\",\"description\":\"Autos del Podio Franco Colapinto regres\u00f3 al campeonato mundial de F\u00f3rmula 1 finaliz\u00f3 con un puesto 16 en Imola\",\"breadcrumb\":{\"@id\":\"http:\\\/\\\/autosdelpodio.com\\\/autos\\\/vers-era-el-unico-que-lo-podia-lograr\\\/#breadcrumb\"},\"inLanguage\":\"es\",\"potentialAction\":[{\"@type\":\"ReadAction\",\"target\":[\"http:\\\/\\\/autosdelpodio.com\\\/autos\\\/vers-era-el-unico-que-lo-podia-lograr\\\/\"]}]},{\"@type\":\"ImageObject\",\"inLanguage\":\"es\",\"@id\":\"http:\\\/\\\/autosdelpodio.com\\\/autos\\\/vers-era-el-unico-que-lo-podia-lograr\\\/#primaryimage\",\"url\":\"http:\\\/\\\/autosdelpodio.com\\\/autos\\\/wp-content\\\/uploads\\\/2020\\\/04\\\/Logo_F1_-e1621029352226.jpg\",\"contentUrl\":\"http:\\\/\\\/autosdelpodio.com\\\/autos\\\/wp-content\\\/uploads\\\/2020\\\/04\\\/Logo_F1_-e1621029352226.jpg\",\"width\":500,\"height\":278},{\"@type\":\"BreadcrumbList\",\"@id\":\"http:\\\/\\\/autosdelpodio.com\\\/autos\\\/vers-era-el-unico-que-lo-podia-lograr\\\/#breadcrumb\",\"itemListElement\":[{\"@type\":\"ListItem\",\"position\":1,\"name\":\"Portada\",\"item\":\"http:\\\/\\\/autosdelpodio.com\\\/autos\\\/\"},{\"@type\":\"ListItem\",\"position\":2,\"name\":\"Vers era el unico que lo pod\u00eda lograr\"}]},{\"@type\":\"WebSite\",\"@id\":\"http:\\\/\\\/autosdelpodio.com\\\/autos\\\/#website\",\"url\":\"http:\\\/\\\/autosdelpodio.com\\\/autos\\\/\",\"name\":\"Autos del Podio\",\"description\":\"La sexta del deporte motor\",\"publisher\":{\"@id\":\"http:\\\/\\\/autosdelpodio.com\\\/autos\\\/#organization\"},\"potentialAction\":[{\"@type\":\"SearchAction\",\"target\":{\"@type\":\"EntryPoint\",\"urlTemplate\":\"http:\\\/\\\/autosdelpodio.com\\\/autos\\\/?s={search_term_string}\"},\"query-input\":{\"@type\":\"PropertyValueSpecification\",\"valueRequired\":true,\"valueName\":\"search_term_string\"}}],\"inLanguage\":\"es\"},{\"@type\":\"Organization\",\"@id\":\"http:\\\/\\\/autosdelpodio.com\\\/autos\\\/#organization\",\"name\":\"Autos del Podio\",\"url\":\"http:\\\/\\\/autosdelpodio.com\\\/autos\\\/\",\"logo\":{\"@type\":\"ImageObject\",\"inLanguage\":\"es\",\"@id\":\"http:\\\/\\\/autosdelpodio.com\\\/autos\\\/#\\\/schema\\\/logo\\\/image\\\/\",\"url\":\"http:\\\/\\\/autosdelpodio.com\\\/autos\\\/wp-content\\\/uploads\\\/2020\\\/08\\\/Logo_AR.jpg\",\"contentUrl\":\"http:\\\/\\\/autosdelpodio.com\\\/autos\\\/wp-content\\\/uploads\\\/2020\\\/08\\\/Logo_AR.jpg\",\"width\":1038,\"height\":1044,\"caption\":\"Autos del Podio\"},\"image\":{\"@id\":\"http:\\\/\\\/autosdelpodio.com\\\/autos\\\/#\\\/schema\\\/logo\\\/image\\\/\"},\"sameAs\":[\"https:\\\/\\\/www.facebook.com\\\/profile.php?id=100057192590976&amp;amp;amp;amp;amp;amp;amp;amp;amp;amp;amp;amp;amp;amp;amp;amp;amp;amp;ref=ts\",\"https:\\\/\\\/x.com\\\/autosdelpodio\",\"https:\\\/\\\/www.youtube.com\\\/user\\\/AutosdelPodio\"]},{\"@type\":\"Person\",\"@id\":\"http:\\\/\\\/autosdelpodio.com\\\/autos\\\/#\\\/schema\\\/person\\\/993527a4d01c3acdd3d6bce3770bc942\",\"name\":\"autosdelpodio\",\"image\":{\"@type\":\"ImageObject\",\"inLanguage\":\"es\",\"@id\":\"http:\\\/\\\/autosdelpodio.com\\\/autos\\\/wp-content\\\/litespeed\\\/avatar\\\/aa8f65cd201a80f6b844f63278aa84af.jpg?ver=1776798175\",\"url\":\"http:\\\/\\\/autosdelpodio.com\\\/autos\\\/wp-content\\\/litespeed\\\/avatar\\\/aa8f65cd201a80f6b844f63278aa84af.jpg?ver=1776798175\",\"contentUrl\":\"http:\\\/\\\/autosdelpodio.com\\\/autos\\\/wp-content\\\/litespeed\\\/avatar\\\/aa8f65cd201a80f6b844f63278aa84af.jpg?ver=1776798175\",\"caption\":\"autosdelpodio\"}}]}<\/script>\n<!-- \/ Yoast SEO plugin. -->","yoast_head_json":{"title":"Autos del Podio | Vers era el unico que lo pod\u00eda lograr","description":"Autos del Podio Franco Colapinto regres\u00f3 al campeonato mundial de F\u00f3rmula 1 finaliz\u00f3 con un puesto 16 en Imola","robots":{"index":"index","follow":"follow","max-snippet":"max-snippet:-1","max-image-preview":"max-image-preview:large","max-video-preview":"max-video-preview:-1"},"canonical":"http:\/\/autosdelpodio.com\/autos\/vers-era-el-unico-que-lo-podia-lograr\/","og_locale":"es_ES","og_type":"article","og_title":"Autos del Podio | Vers era el unico que lo pod\u00eda lograr","og_description":"Autos del Podio Franco Colapinto regres\u00f3 al campeonato mundial de F\u00f3rmula 1 finaliz\u00f3 con un puesto 16 en Imola","og_url":"http:\/\/autosdelpodio.com\/autos\/vers-era-el-unico-que-lo-podia-lograr\/","og_site_name":"Autos del Podio","article_publisher":"https:\/\/www.facebook.com\/profile.php?id=100057192590976&amp%3bamp%3bamp%3bamp%3bamp%3bamp%3bamp%3bamp%3bamp%3bamp%3bamp%3bamp%3bamp%3bamp%3bamp%3bamp%3bamp%3bamp%3bref=ts","article_published_time":"2025-05-18T17:16:37+00:00","article_modified_time":"2025-05-20T01:39:23+00:00","og_image":[{"width":500,"height":278,"url":"http:\/\/autosdelpodio.com\/autos\/wp-content\/uploads\/2020\/04\/Logo_F1_-e1621029352226.jpg","type":"image\/jpeg"}],"author":"autosdelpodio","twitter_card":"summary_large_image","twitter_creator":"@autosdelpodio","twitter_site":"@autosdelpodio","twitter_misc":{"Escrito por":"autosdelpodio","Tiempo de lectura":"2 minutos"},"schema":{"@context":"https:\/\/schema.org","@graph":[{"@type":"Article","@id":"http:\/\/autosdelpodio.com\/autos\/vers-era-el-unico-que-lo-podia-lograr\/#article","isPartOf":{"@id":"http:\/\/autosdelpodio.com\/autos\/vers-era-el-unico-que-lo-podia-lograr\/"},"author":{"name":"autosdelpodio","@id":"http:\/\/autosdelpodio.com\/autos\/#\/schema\/person\/993527a4d01c3acdd3d6bce3770bc942"},"headline":"Vers era el unico que lo pod\u00eda lograr","datePublished":"2025-05-18T17:16:37+00:00","dateModified":"2025-05-20T01:39:23+00:00","mainEntityOfPage":{"@id":"http:\/\/autosdelpodio.com\/autos\/vers-era-el-unico-que-lo-podia-lograr\/"},"wordCount":238,"commentCount":0,"publisher":{"@id":"http:\/\/autosdelpodio.com\/autos\/#organization"},"image":{"@id":"http:\/\/autosdelpodio.com\/autos\/vers-era-el-unico-que-lo-podia-lograr\/#primaryimage"},"thumbnailUrl":"http:\/\/autosdelpodio.com\/autos\/wp-content\/uploads\/2020\/04\/Logo_F1_-e1621029352226.jpg","keywords":["Formula 1","Franco Colapinto","GP Imola","Italia","Max Verstappen","Red Bull"],"articleSection":["Destacado","\u00daltimas noticias"],"inLanguage":"es","potentialAction":[{"@type":"CommentAction","name":"Comment","target":["http:\/\/autosdelpodio.com\/autos\/vers-era-el-unico-que-lo-podia-lograr\/#respond"]}]},{"@type":"WebPage","@id":"http:\/\/autosdelpodio.com\/autos\/vers-era-el-unico-que-lo-podia-lograr\/","url":"http:\/\/autosdelpodio.com\/autos\/vers-era-el-unico-que-lo-podia-lograr\/","name":"Autos del Podio | Vers era el unico que lo pod\u00eda lograr","isPartOf":{"@id":"http:\/\/autosdelpodio.com\/autos\/#website"},"primaryImageOfPage":{"@id":"http:\/\/autosdelpodio.com\/autos\/vers-era-el-unico-que-lo-podia-lograr\/#primaryimage"},"image":{"@id":"http:\/\/autosdelpodio.com\/autos\/vers-era-el-unico-que-lo-podia-lograr\/#primaryimage"},"thumbnailUrl":"http:\/\/autosdelpodio.com\/autos\/wp-content\/uploads\/2020\/04\/Logo_F1_-e1621029352226.jpg","datePublished":"2025-05-18T17:16:37+00:00","dateModified":"2025-05-20T01:39:23+00:00","description":"Autos del Podio Franco Colapinto regres\u00f3 al campeonato mundial de F\u00f3rmula 1 finaliz\u00f3 con un puesto 16 en Imola","breadcrumb":{"@id":"http:\/\/autosdelpodio.com\/autos\/vers-era-el-unico-que-lo-podia-lograr\/#breadcrumb"},"inLanguage":"es","potentialAction":[{"@type":"ReadAction","target":["http:\/\/autosdelpodio.com\/autos\/vers-era-el-unico-que-lo-podia-lograr\/"]}]},{"@type":"ImageObject","inLanguage":"es","@id":"http:\/\/autosdelpodio.com\/autos\/vers-era-el-unico-que-lo-podia-lograr\/#primaryimage","url":"http:\/\/autosdelpodio.com\/autos\/wp-content\/uploads\/2020\/04\/Logo_F1_-e1621029352226.jpg","contentUrl":"http:\/\/autosdelpodio.com\/autos\/wp-content\/uploads\/2020\/04\/Logo_F1_-e1621029352226.jpg","width":500,"height":278},{"@type":"BreadcrumbList","@id":"http:\/\/autosdelpodio.com\/autos\/vers-era-el-unico-que-lo-podia-lograr\/#breadcrumb","itemListElement":[{"@type":"ListItem","position":1,"name":"Portada","item":"http:\/\/autosdelpodio.com\/autos\/"},{"@type":"ListItem","position":2,"name":"Vers era el unico que lo pod\u00eda lograr"}]},{"@type":"WebSite","@id":"http:\/\/autosdelpodio.com\/autos\/#website","url":"http:\/\/autosdelpodio.com\/autos\/","name":"Autos del Podio","description":"La sexta del deporte motor","publisher":{"@id":"http:\/\/autosdelpodio.com\/autos\/#organization"},"potentialAction":[{"@type":"SearchAction","target":{"@type":"EntryPoint","urlTemplate":"http:\/\/autosdelpodio.com\/autos\/?s={search_term_string}"},"query-input":{"@type":"PropertyValueSpecification","valueRequired":true,"valueName":"search_term_string"}}],"inLanguage":"es"},{"@type":"Organization","@id":"http:\/\/autosdelpodio.com\/autos\/#organization","name":"Autos del Podio","url":"http:\/\/autosdelpodio.com\/autos\/","logo":{"@type":"ImageObject","inLanguage":"es","@id":"http:\/\/autosdelpodio.com\/autos\/#\/schema\/logo\/image\/","url":"http:\/\/autosdelpodio.com\/autos\/wp-content\/uploads\/2020\/08\/Logo_AR.jpg","contentUrl":"http:\/\/autosdelpodio.com\/autos\/wp-content\/uploads\/2020\/08\/Logo_AR.jpg","width":1038,"height":1044,"caption":"Autos del Podio"},"image":{"@id":"http:\/\/autosdelpodio.com\/autos\/#\/schema\/logo\/image\/"},"sameAs":["https:\/\/www.facebook.com\/profile.php?id=100057192590976&amp;amp;amp;amp;amp;amp;amp;amp;amp;amp;amp;amp;amp;amp;amp;amp;amp;amp;ref=ts","https:\/\/x.com\/autosdelpodio","https:\/\/www.youtube.com\/user\/AutosdelPodio"]},{"@type":"Person","@id":"http:\/\/autosdelpodio.com\/autos\/#\/schema\/person\/993527a4d01c3acdd3d6bce3770bc942","name":"autosdelpodio","image":{"@type":"ImageObject","inLanguage":"es","@id":"http:\/\/autosdelpodio.com\/autos\/wp-content\/litespeed\/avatar\/aa8f65cd201a80f6b844f63278aa84af.jpg?ver=1776798175","url":"http:\/\/autosdelpodio.com\/autos\/wp-content\/litespeed\/avatar\/aa8f65cd201a80f6b844f63278aa84af.jpg?ver=1776798175","contentUrl":"http:\/\/autosdelpodio.com\/autos\/wp-content\/litespeed\/avatar\/aa8f65cd201a80f6b844f63278aa84af.jpg?ver=1776798175","caption":"autosdelpodio"}}]}},"views":476,"_links":{"self":[{"href":"http:\/\/autosdelpodio.com\/autos\/wp-json\/wp\/v2\/posts\/8356","targetHints":{"allow":["GET"]}}],"collection":[{"href":"http:\/\/autosdelpodio.com\/autos\/wp-json\/wp\/v2\/posts"}],"about":[{"href":"http:\/\/autosdelpodio.com\/autos\/wp-json\/wp\/v2\/types\/post"}],"author":[{"embeddable":true,"href":"http:\/\/autosdelpodio.com\/autos\/wp-json\/wp\/v2\/users\/3"}],"replies":[{"embeddable":true,"href":"http:\/\/autosdelpodio.com\/autos\/wp-json\/wp\/v2\/comments?post=8356"}],"version-history":[{"count":3,"href":"http:\/\/autosdelpodio.com\/autos\/wp-json\/wp\/v2\/posts\/8356\/revisions"}],"predecessor-version":[{"id":8364,"href":"http:\/\/autosdelpodio.com\/autos\/wp-json\/wp\/v2\/posts\/8356\/revisions\/8364"}],"wp:featuredmedia":[{"embeddable":true,"href":"http:\/\/autosdelpodio.com\/autos\/wp-json\/wp\/v2\/media\/1751"}],"wp:attachment":[{"href":"http:\/\/autosdelpodio.com\/autos\/wp-json\/wp\/v2\/media?parent=8356"}],"wp:term":[{"taxonomy":"category","embeddable":true,"href":"http:\/\/autosdelpodio.com\/autos\/wp-json\/wp\/v2\/categories?post=8356"},{"taxonomy":"post_tag","embeddable":true,"href":"http:\/\/autosdelpodio.com\/autos\/wp-json\/wp\/v2\/tags?post=8356"}],"curies":[{"name":"wp","href":"https:\/\/api.w.org\/{rel}","templated":true}]}}