{"id":837,"date":"2013-09-23T20:59:43","date_gmt":"2013-09-23T20:59:43","guid":{"rendered":"http:\/\/autosdelpodio.com\/autos\/2013\/09\/23\/se-viene-el-xi-gran-premio-argentino-historico-qedicion-homenaje-a-jose-froilan-gonzalezq\/"},"modified":"2013-09-23T20:59:43","modified_gmt":"2013-09-23T20:59:43","slug":"se-viene-el-xi-gran-premio-argentino-historico-qedicion-homenaje-a-jose-froilan-gonzalezq","status":"publish","type":"post","link":"http:\/\/autosdelpodio.com\/autos\/se-viene-el-xi-gran-premio-argentino-historico-qedicion-homenaje-a-jose-froilan-gonzalezq\/","title":{"rendered":"Se viene el XI Gran Premio Argentino Hist\u00f3rico \u00abEdici\u00f3n Homenaje a Jos\u00e9 Froil\u00e1n Gonz\u00e1lez\u00bb"},"content":{"rendered":"<p><span style=\"font-size: x-small;\"> <\/p>\n<p style=\"TEXT-ALIGN: justify\">El pr\u00f3ximo viernes 27 de septiembre a las 21 horas desde la Sede Central del Autom\u00f3vil Club Argentino, se largar\u00e1 el XI Gran Premio Argentino Hist\u00f3rico \u00abEdici\u00f3n Homenaje a Jos\u00e9 Froil\u00e1n Gonz\u00e1lez\u00bb, con 241 autom\u00f3viles inscriptos que recorrer\u00e1n 3.546 kil\u00f3metros por las provincias de Buenos Aires, Santa Fe, Entre R\u00edos, Santiago del Estero, Tucum\u00e1n, Salta, Catamarca, La Rioja, San Juan y San Luis.   <!--more-->  El s\u00e1bado 28 a las 8.00 hs. la competencia se iniciar\u00e1 oficialmente en la estaci\u00f3n de ferrocarril del ingreso a la Ciudad de Tigre. La primera etapa neutralizar\u00e1 en Z\u00e1rate y Nogoy\u00e1 (Entre R\u00edos) y finalizar\u00e1 en Santa Fe a las 17,20 horas en la Estaci\u00f3n del Ferrocarril Belgrano sobre el Boulevard G\u00e1lvez, con el arribo del primer auto.<\/p>\n<p style=\"TEXT-ALIGN: justify\">La segunda etapa unir\u00e1 Santa Fe con Termas de R\u00edo Hondo el domingo 29 de septiembre neutralizando en Ceres (Santa Fe) y Fern\u00e1ndez (Santiago del Estero). La tercera etapa se iniciar\u00e1 el lunes 30 en Termas de R\u00edo Hondo para arribar a la ciudad de Salta, neutralizando en Taf\u00ed del Valle y Cafayate. El martes 1 de octubre los participantes gozar\u00e1n de una jornada de descanso en Salta para reiniciar la competencia el mi\u00e9rcoles 2 a San Fernando del Valle de Catamarca previa neutralizaci\u00f3n en Cafayate y Alberdi (Tucum\u00e1n). El jueves 3 de octubre, neutralizar\u00e1n en La Rioja y Chepes para finalizar en la ciudad capital de San Juan. La sexta etapa se desarrollar\u00e1 el viernes 4 recorriendo Enc\u00f3n, neutralizando en La Punta (San Luis) para finalmente dirigirse a las sierras puntanas y finalizar la carrera en Villa de Merlo (San Luis). A las 22 hs. en dicha ciudad se realizar\u00e1 la tradicional comida y entrega de premios, organizado por el Gobierno de la Provincia de San Luis.<\/p>\n<p style=\"TEXT-ALIGN: justify\">Contaremos nuevamente con la presencia de binomios argentinos, uruguayos, paraguayos, peruanos e ingleses quienes presentar\u00e1n este a\u00f1o sus reliquias en un ampl\u00edsimo parque automotor: NSU Prinz, Citroen 3CV, Alfa Giuletta TI, Peugeot 403 y 404, Fiat 600,1100 y 1500, Volvo 122 y 444, Torino 380, Ford Escort MKI uruguayo, Isard 700, De Carlo 700, Renault 4, Gordini y Dauphine, Auto Union 1000, Borward Isabella, Ford Falcon, Valiant I y III, Chevrolet 400, BMW 2002, Mercedes Benz, Bergant\u00edn IKA y las cl\u00e1sicas Cupecitas Ford y Chevrolet de 1935 a 1947.<\/p>\n<p style=\"TEXT-ALIGN: justify\">Una vez mas este Gran Premio tendr\u00e1 su fin solidario: al finalizar cada etapa los 241 binomios que compondr\u00e1n la caravana deber\u00e1n entregar obligatoriamente 5 kilogramos de alimentos no perecederos que ser\u00e1n recolectados por representantes de las di\u00f3cesis locales de Caritas de cada una de las seis ciudades cabeceras. De esta manera al concluir el evento se habr\u00e1n distribuido 1.200 kilos de alimentos en cada una de esas seis localidades para ser entregados a las poblaciones m\u00e1s necesitadas, totalizando aproximadamente 7,3 toneladas al cierre de la carrera.<\/p>\n<p> <\/span><\/p>\n<p>\u00a0<\/p>\n","protected":false},"excerpt":{"rendered":"<p>El pr\u00f3ximo viernes 27 de septiembre a las 21 horas desde la Sede Central del Autom\u00f3vil Club Argentino, se largar\u00e1<\/p>\n","protected":false},"author":1,"featured_media":0,"comment_status":"open","ping_status":"open","sticky":false,"template":"","format":"standard","meta":{"colormag_page_container_layout":"default_layout","colormag_page_sidebar_layout":"default_layout","footnotes":""},"categories":[5],"tags":[],"class_list":["post-837","post","type-post","status-publish","format-standard","hentry","category-latest-news"],"yoast_head":"<!-- This site is optimized with the Yoast SEO plugin v27.5 - https:\/\/yoast.com\/product\/yoast-seo-wordpress\/ -->\n<title>Autos del Podio | Se viene el XI Gran Premio Argentino Hist\u00f3rico &quot;Edici\u00f3n Homenaje a Jos\u00e9 Froil\u00e1n Gonz\u00e1lez&quot;<\/title>\n<meta name=\"description\" content=\"Autos del Podio\" \/>\n<meta name=\"robots\" content=\"index, follow, max-snippet:-1, max-image-preview:large, max-video-preview:-1\" \/>\n<link rel=\"canonical\" href=\"http:\/\/autosdelpodio.com\/autos\/se-viene-el-xi-gran-premio-argentino-historico-qedicion-homenaje-a-jose-froilan-gonzalezq\/\" \/>\n<meta property=\"og:locale\" content=\"es_ES\" \/>\n<meta property=\"og:type\" content=\"article\" \/>\n<meta property=\"og:title\" content=\"Autos del Podio | Se viene el XI Gran Premio Argentino Hist\u00f3rico &quot;Edici\u00f3n Homenaje a Jos\u00e9 Froil\u00e1n Gonz\u00e1lez&quot;\" \/>\n<meta property=\"og:description\" content=\"Autos del Podio\" \/>\n<meta property=\"og:url\" content=\"http:\/\/autosdelpodio.com\/autos\/se-viene-el-xi-gran-premio-argentino-historico-qedicion-homenaje-a-jose-froilan-gonzalezq\/\" \/>\n<meta property=\"og:site_name\" content=\"Autos del Podio\" \/>\n<meta property=\"article:publisher\" content=\"https:\/\/www.facebook.com\/profile.php?id=100057192590976&amp;amp%3bamp%3bamp%3bamp%3bamp%3bamp%3bamp%3bamp%3bamp%3bamp%3bamp%3bamp%3bamp%3bamp%3bamp%3bamp%3bamp%3bamp%3bref=ts\" \/>\n<meta property=\"article:published_time\" content=\"2013-09-23T20:59:43+00:00\" \/>\n<meta name=\"author\" content=\"wi022230\" \/>\n<meta name=\"twitter:card\" content=\"summary_large_image\" \/>\n<meta name=\"twitter:creator\" content=\"@autosdelpodio\" \/>\n<meta name=\"twitter:site\" content=\"@autosdelpodio\" \/>\n<meta name=\"twitter:label1\" content=\"Escrito por\" \/>\n\t<meta name=\"twitter:data1\" content=\"wi022230\" \/>\n\t<meta name=\"twitter:label2\" content=\"Tiempo de lectura\" \/>\n\t<meta name=\"twitter:data2\" content=\"2 minutos\" \/>\n<script type=\"application\/ld+json\" class=\"yoast-schema-graph\">{\"@context\":\"https:\\\/\\\/schema.org\",\"@graph\":[{\"@type\":\"Article\",\"@id\":\"http:\\\/\\\/autosdelpodio.com\\\/autos\\\/se-viene-el-xi-gran-premio-argentino-historico-qedicion-homenaje-a-jose-froilan-gonzalezq\\\/#article\",\"isPartOf\":{\"@id\":\"http:\\\/\\\/autosdelpodio.com\\\/autos\\\/se-viene-el-xi-gran-premio-argentino-historico-qedicion-homenaje-a-jose-froilan-gonzalezq\\\/\"},\"author\":{\"name\":\"wi022230\",\"@id\":\"http:\\\/\\\/autosdelpodio.com\\\/autos\\\/#\\\/schema\\\/person\\\/e88353cabf768863fdf874e30120f3ba\"},\"headline\":\"Se viene el XI Gran Premio Argentino Hist\u00f3rico \u00abEdici\u00f3n Homenaje a Jos\u00e9 Froil\u00e1n Gonz\u00e1lez\u00bb\",\"datePublished\":\"2013-09-23T20:59:43+00:00\",\"mainEntityOfPage\":{\"@id\":\"http:\\\/\\\/autosdelpodio.com\\\/autos\\\/se-viene-el-xi-gran-premio-argentino-historico-qedicion-homenaje-a-jose-froilan-gonzalezq\\\/\"},\"wordCount\":488,\"commentCount\":0,\"publisher\":{\"@id\":\"http:\\\/\\\/autosdelpodio.com\\\/autos\\\/#organization\"},\"articleSection\":[\"\u00daltimas noticias\"],\"inLanguage\":\"es\",\"potentialAction\":[{\"@type\":\"CommentAction\",\"name\":\"Comment\",\"target\":[\"http:\\\/\\\/autosdelpodio.com\\\/autos\\\/se-viene-el-xi-gran-premio-argentino-historico-qedicion-homenaje-a-jose-froilan-gonzalezq\\\/#respond\"]}]},{\"@type\":\"WebPage\",\"@id\":\"http:\\\/\\\/autosdelpodio.com\\\/autos\\\/se-viene-el-xi-gran-premio-argentino-historico-qedicion-homenaje-a-jose-froilan-gonzalezq\\\/\",\"url\":\"http:\\\/\\\/autosdelpodio.com\\\/autos\\\/se-viene-el-xi-gran-premio-argentino-historico-qedicion-homenaje-a-jose-froilan-gonzalezq\\\/\",\"name\":\"Autos del Podio | Se viene el XI Gran Premio Argentino Hist\u00f3rico \\\"Edici\u00f3n Homenaje a Jos\u00e9 Froil\u00e1n Gonz\u00e1lez\\\"\",\"isPartOf\":{\"@id\":\"http:\\\/\\\/autosdelpodio.com\\\/autos\\\/#website\"},\"datePublished\":\"2013-09-23T20:59:43+00:00\",\"description\":\"Autos del Podio\",\"breadcrumb\":{\"@id\":\"http:\\\/\\\/autosdelpodio.com\\\/autos\\\/se-viene-el-xi-gran-premio-argentino-historico-qedicion-homenaje-a-jose-froilan-gonzalezq\\\/#breadcrumb\"},\"inLanguage\":\"es\",\"potentialAction\":[{\"@type\":\"ReadAction\",\"target\":[\"http:\\\/\\\/autosdelpodio.com\\\/autos\\\/se-viene-el-xi-gran-premio-argentino-historico-qedicion-homenaje-a-jose-froilan-gonzalezq\\\/\"]}]},{\"@type\":\"BreadcrumbList\",\"@id\":\"http:\\\/\\\/autosdelpodio.com\\\/autos\\\/se-viene-el-xi-gran-premio-argentino-historico-qedicion-homenaje-a-jose-froilan-gonzalezq\\\/#breadcrumb\",\"itemListElement\":[{\"@type\":\"ListItem\",\"position\":1,\"name\":\"Portada\",\"item\":\"http:\\\/\\\/autosdelpodio.com\\\/autos\\\/\"},{\"@type\":\"ListItem\",\"position\":2,\"name\":\"Se viene el XI Gran Premio Argentino Hist\u00f3rico \u00abEdici\u00f3n Homenaje a Jos\u00e9 Froil\u00e1n Gonz\u00e1lez\u00bb\"}]},{\"@type\":\"WebSite\",\"@id\":\"http:\\\/\\\/autosdelpodio.com\\\/autos\\\/#website\",\"url\":\"http:\\\/\\\/autosdelpodio.com\\\/autos\\\/\",\"name\":\"Autos del Podio\",\"description\":\"La sexta del deporte motor\",\"publisher\":{\"@id\":\"http:\\\/\\\/autosdelpodio.com\\\/autos\\\/#organization\"},\"potentialAction\":[{\"@type\":\"SearchAction\",\"target\":{\"@type\":\"EntryPoint\",\"urlTemplate\":\"http:\\\/\\\/autosdelpodio.com\\\/autos\\\/?s={search_term_string}\"},\"query-input\":{\"@type\":\"PropertyValueSpecification\",\"valueRequired\":true,\"valueName\":\"search_term_string\"}}],\"inLanguage\":\"es\"},{\"@type\":\"Organization\",\"@id\":\"http:\\\/\\\/autosdelpodio.com\\\/autos\\\/#organization\",\"name\":\"Autos del Podio\",\"url\":\"http:\\\/\\\/autosdelpodio.com\\\/autos\\\/\",\"logo\":{\"@type\":\"ImageObject\",\"inLanguage\":\"es\",\"@id\":\"http:\\\/\\\/autosdelpodio.com\\\/autos\\\/#\\\/schema\\\/logo\\\/image\\\/\",\"url\":\"http:\\\/\\\/autosdelpodio.com\\\/autos\\\/wp-content\\\/uploads\\\/2020\\\/08\\\/Logo_AR.jpg\",\"contentUrl\":\"http:\\\/\\\/autosdelpodio.com\\\/autos\\\/wp-content\\\/uploads\\\/2020\\\/08\\\/Logo_AR.jpg\",\"width\":1038,\"height\":1044,\"caption\":\"Autos del Podio\"},\"image\":{\"@id\":\"http:\\\/\\\/autosdelpodio.com\\\/autos\\\/#\\\/schema\\\/logo\\\/image\\\/\"},\"sameAs\":[\"https:\\\/\\\/www.facebook.com\\\/profile.php?id=100057192590976&amp;amp;amp;amp;amp;amp;amp;amp;amp;amp;amp;amp;amp;amp;amp;amp;amp;amp;ref=ts\",\"https:\\\/\\\/x.com\\\/autosdelpodio\",\"https:\\\/\\\/www.youtube.com\\\/user\\\/AutosdelPodio\"]},{\"@type\":\"Person\",\"@id\":\"http:\\\/\\\/autosdelpodio.com\\\/autos\\\/#\\\/schema\\\/person\\\/e88353cabf768863fdf874e30120f3ba\",\"name\":\"wi022230\",\"image\":{\"@type\":\"ImageObject\",\"inLanguage\":\"es\",\"@id\":\"http:\\\/\\\/autosdelpodio.com\\\/autos\\\/wp-content\\\/litespeed\\\/avatar\\\/453fc9bdbb11d766ba4c7f14d0bd0aa9.jpg?ver=1777404874\",\"url\":\"http:\\\/\\\/autosdelpodio.com\\\/autos\\\/wp-content\\\/litespeed\\\/avatar\\\/453fc9bdbb11d766ba4c7f14d0bd0aa9.jpg?ver=1777404874\",\"contentUrl\":\"http:\\\/\\\/autosdelpodio.com\\\/autos\\\/wp-content\\\/litespeed\\\/avatar\\\/453fc9bdbb11d766ba4c7f14d0bd0aa9.jpg?ver=1777404874\",\"caption\":\"wi022230\"}}]}<\/script>\n<!-- \/ Yoast SEO plugin. -->","yoast_head_json":{"title":"Autos del Podio | Se viene el XI Gran Premio Argentino Hist\u00f3rico \"Edici\u00f3n Homenaje a Jos\u00e9 Froil\u00e1n Gonz\u00e1lez\"","description":"Autos del Podio","robots":{"index":"index","follow":"follow","max-snippet":"max-snippet:-1","max-image-preview":"max-image-preview:large","max-video-preview":"max-video-preview:-1"},"canonical":"http:\/\/autosdelpodio.com\/autos\/se-viene-el-xi-gran-premio-argentino-historico-qedicion-homenaje-a-jose-froilan-gonzalezq\/","og_locale":"es_ES","og_type":"article","og_title":"Autos del Podio | Se viene el XI Gran Premio Argentino Hist\u00f3rico \"Edici\u00f3n Homenaje a Jos\u00e9 Froil\u00e1n Gonz\u00e1lez\"","og_description":"Autos del Podio","og_url":"http:\/\/autosdelpodio.com\/autos\/se-viene-el-xi-gran-premio-argentino-historico-qedicion-homenaje-a-jose-froilan-gonzalezq\/","og_site_name":"Autos del Podio","article_publisher":"https:\/\/www.facebook.com\/profile.php?id=100057192590976&amp%3bamp%3bamp%3bamp%3bamp%3bamp%3bamp%3bamp%3bamp%3bamp%3bamp%3bamp%3bamp%3bamp%3bamp%3bamp%3bamp%3bamp%3bref=ts","article_published_time":"2013-09-23T20:59:43+00:00","author":"wi022230","twitter_card":"summary_large_image","twitter_creator":"@autosdelpodio","twitter_site":"@autosdelpodio","twitter_misc":{"Escrito por":"wi022230","Tiempo de lectura":"2 minutos"},"schema":{"@context":"https:\/\/schema.org","@graph":[{"@type":"Article","@id":"http:\/\/autosdelpodio.com\/autos\/se-viene-el-xi-gran-premio-argentino-historico-qedicion-homenaje-a-jose-froilan-gonzalezq\/#article","isPartOf":{"@id":"http:\/\/autosdelpodio.com\/autos\/se-viene-el-xi-gran-premio-argentino-historico-qedicion-homenaje-a-jose-froilan-gonzalezq\/"},"author":{"name":"wi022230","@id":"http:\/\/autosdelpodio.com\/autos\/#\/schema\/person\/e88353cabf768863fdf874e30120f3ba"},"headline":"Se viene el XI Gran Premio Argentino Hist\u00f3rico \u00abEdici\u00f3n Homenaje a Jos\u00e9 Froil\u00e1n Gonz\u00e1lez\u00bb","datePublished":"2013-09-23T20:59:43+00:00","mainEntityOfPage":{"@id":"http:\/\/autosdelpodio.com\/autos\/se-viene-el-xi-gran-premio-argentino-historico-qedicion-homenaje-a-jose-froilan-gonzalezq\/"},"wordCount":488,"commentCount":0,"publisher":{"@id":"http:\/\/autosdelpodio.com\/autos\/#organization"},"articleSection":["\u00daltimas noticias"],"inLanguage":"es","potentialAction":[{"@type":"CommentAction","name":"Comment","target":["http:\/\/autosdelpodio.com\/autos\/se-viene-el-xi-gran-premio-argentino-historico-qedicion-homenaje-a-jose-froilan-gonzalezq\/#respond"]}]},{"@type":"WebPage","@id":"http:\/\/autosdelpodio.com\/autos\/se-viene-el-xi-gran-premio-argentino-historico-qedicion-homenaje-a-jose-froilan-gonzalezq\/","url":"http:\/\/autosdelpodio.com\/autos\/se-viene-el-xi-gran-premio-argentino-historico-qedicion-homenaje-a-jose-froilan-gonzalezq\/","name":"Autos del Podio | Se viene el XI Gran Premio Argentino Hist\u00f3rico \"Edici\u00f3n Homenaje a Jos\u00e9 Froil\u00e1n Gonz\u00e1lez\"","isPartOf":{"@id":"http:\/\/autosdelpodio.com\/autos\/#website"},"datePublished":"2013-09-23T20:59:43+00:00","description":"Autos del Podio","breadcrumb":{"@id":"http:\/\/autosdelpodio.com\/autos\/se-viene-el-xi-gran-premio-argentino-historico-qedicion-homenaje-a-jose-froilan-gonzalezq\/#breadcrumb"},"inLanguage":"es","potentialAction":[{"@type":"ReadAction","target":["http:\/\/autosdelpodio.com\/autos\/se-viene-el-xi-gran-premio-argentino-historico-qedicion-homenaje-a-jose-froilan-gonzalezq\/"]}]},{"@type":"BreadcrumbList","@id":"http:\/\/autosdelpodio.com\/autos\/se-viene-el-xi-gran-premio-argentino-historico-qedicion-homenaje-a-jose-froilan-gonzalezq\/#breadcrumb","itemListElement":[{"@type":"ListItem","position":1,"name":"Portada","item":"http:\/\/autosdelpodio.com\/autos\/"},{"@type":"ListItem","position":2,"name":"Se viene el XI Gran Premio Argentino Hist\u00f3rico \u00abEdici\u00f3n Homenaje a Jos\u00e9 Froil\u00e1n Gonz\u00e1lez\u00bb"}]},{"@type":"WebSite","@id":"http:\/\/autosdelpodio.com\/autos\/#website","url":"http:\/\/autosdelpodio.com\/autos\/","name":"Autos del Podio","description":"La sexta del deporte motor","publisher":{"@id":"http:\/\/autosdelpodio.com\/autos\/#organization"},"potentialAction":[{"@type":"SearchAction","target":{"@type":"EntryPoint","urlTemplate":"http:\/\/autosdelpodio.com\/autos\/?s={search_term_string}"},"query-input":{"@type":"PropertyValueSpecification","valueRequired":true,"valueName":"search_term_string"}}],"inLanguage":"es"},{"@type":"Organization","@id":"http:\/\/autosdelpodio.com\/autos\/#organization","name":"Autos del Podio","url":"http:\/\/autosdelpodio.com\/autos\/","logo":{"@type":"ImageObject","inLanguage":"es","@id":"http:\/\/autosdelpodio.com\/autos\/#\/schema\/logo\/image\/","url":"http:\/\/autosdelpodio.com\/autos\/wp-content\/uploads\/2020\/08\/Logo_AR.jpg","contentUrl":"http:\/\/autosdelpodio.com\/autos\/wp-content\/uploads\/2020\/08\/Logo_AR.jpg","width":1038,"height":1044,"caption":"Autos del Podio"},"image":{"@id":"http:\/\/autosdelpodio.com\/autos\/#\/schema\/logo\/image\/"},"sameAs":["https:\/\/www.facebook.com\/profile.php?id=100057192590976&amp;amp;amp;amp;amp;amp;amp;amp;amp;amp;amp;amp;amp;amp;amp;amp;amp;amp;ref=ts","https:\/\/x.com\/autosdelpodio","https:\/\/www.youtube.com\/user\/AutosdelPodio"]},{"@type":"Person","@id":"http:\/\/autosdelpodio.com\/autos\/#\/schema\/person\/e88353cabf768863fdf874e30120f3ba","name":"wi022230","image":{"@type":"ImageObject","inLanguage":"es","@id":"http:\/\/autosdelpodio.com\/autos\/wp-content\/litespeed\/avatar\/453fc9bdbb11d766ba4c7f14d0bd0aa9.jpg?ver=1777404874","url":"http:\/\/autosdelpodio.com\/autos\/wp-content\/litespeed\/avatar\/453fc9bdbb11d766ba4c7f14d0bd0aa9.jpg?ver=1777404874","contentUrl":"http:\/\/autosdelpodio.com\/autos\/wp-content\/litespeed\/avatar\/453fc9bdbb11d766ba4c7f14d0bd0aa9.jpg?ver=1777404874","caption":"wi022230"}}]}},"views":491,"_links":{"self":[{"href":"http:\/\/autosdelpodio.com\/autos\/wp-json\/wp\/v2\/posts\/837","targetHints":{"allow":["GET"]}}],"collection":[{"href":"http:\/\/autosdelpodio.com\/autos\/wp-json\/wp\/v2\/posts"}],"about":[{"href":"http:\/\/autosdelpodio.com\/autos\/wp-json\/wp\/v2\/types\/post"}],"author":[{"embeddable":true,"href":"http:\/\/autosdelpodio.com\/autos\/wp-json\/wp\/v2\/users\/1"}],"replies":[{"embeddable":true,"href":"http:\/\/autosdelpodio.com\/autos\/wp-json\/wp\/v2\/comments?post=837"}],"version-history":[{"count":0,"href":"http:\/\/autosdelpodio.com\/autos\/wp-json\/wp\/v2\/posts\/837\/revisions"}],"wp:attachment":[{"href":"http:\/\/autosdelpodio.com\/autos\/wp-json\/wp\/v2\/media?parent=837"}],"wp:term":[{"taxonomy":"category","embeddable":true,"href":"http:\/\/autosdelpodio.com\/autos\/wp-json\/wp\/v2\/categories?post=837"},{"taxonomy":"post_tag","embeddable":true,"href":"http:\/\/autosdelpodio.com\/autos\/wp-json\/wp\/v2\/tags?post=837"}],"curies":[{"name":"wp","href":"https:\/\/api.w.org\/{rel}","templated":true}]}}