{"id":8403,"date":"2025-06-01T15:13:40","date_gmt":"2025-06-01T18:13:40","guid":{"rendered":"http:\/\/autosdelpodio.com\/autos\/?p=8403"},"modified":"2025-06-01T15:13:42","modified_gmt":"2025-06-01T18:13:42","slug":"werner-le-puso-fin-a-su-mala-racha-en-tc-en-su-vuelta-al-cabalen","status":"publish","type":"post","link":"http:\/\/autosdelpodio.com\/autos\/werner-le-puso-fin-a-su-mala-racha-en-tc-en-su-vuelta-al-cabalen\/","title":{"rendered":"Werner le puso fin a su mala racha en TC en su vuelta al Cabalen"},"content":{"rendered":"\n<p>Mariano Werner gan\u00f3 la sexta final del a\u00f1o en Alta Gracia luego de 10 a\u00f1os de ausencia del Turismo Carretera en la plaza cordobesa. Juli\u00e1n Santero fue segundo y Hern\u00e1n Palazzo tercero.<br>En una carrera muy carente de emociones, pese a los 53 veh\u00edculos que fueron de la partida las incidencias fueron en la primera y ultima vuelta. Al comienzo, cuando Santero supo hacerse de la posici\u00f3n de privilegio al superar al propio Werner, pero inmediatamente los CD le informaron que deb\u00eda devolver la posici\u00f3n por maniobra peligrosa, sanci\u00f3n que <a href=\"http:\/\/autosdelpodio.com\/autos\/julian-santero-nuevo-campeon-en-tc\/\" target=\"_blank\" rel=\"noreferrer noopener\">el actual campe\u00f3n<\/a> acat\u00f3 pero termin\u00f3 molesto.<br>Y en la ultimas vueltas con el ingreso del Pace Car ante el abandono de Tobias Mart\u00ednez, que permiti\u00f3 un nuevo y ultimo relanzamiento donde no pas\u00f3 nada relevante en los primeros puestos.<br>La pr\u00f3xima fecha ser\u00e1 en el aut\u00f3dromo de Posadas de la provincia de Misiones el el 22 de junio.<\/p>\n\n\n\n<p><strong><em>Final TC a 30 Vueltas &#8211; Fecha 6<\/em><\/strong><\/p>\n\n\n\n<figure class=\"wp-block-table\"><table class=\"has-fixed-layout\"><tbody><tr><td>1\u00ba<\/td><td>WERNER MARIANO<\/td><td>FORD (MUSTANG)<\/td><td>39;21.371<\/td><\/tr><tr><td>2\u00ba<\/td><td>SANTERO JULI\u00c1N<\/td><td>FORD (MUSTANG)<\/td><td>0.340<\/td><\/tr><tr><td>3\u00ba<\/td><td>PALAZZO HERN\u00c1N<\/td><td>TOYOTA<\/td><td>1.547<\/td><\/tr><tr><td>4\u00ba<\/td><td>AGUIRRE VALENT\u00cdN<\/td><td>CHEVROLET (CAMARO)<\/td><td>2.247<\/td><\/tr><tr><td>5\u00ba<\/td><td>CANAPINO AGUST\u00cdN<\/td><td>CHEVROLET (CAMARO)<\/td><td>2.264<\/td><\/tr><tr><td>6\u00ba<\/td><td>MART\u00cdNEZ AGUST\u00cdN<\/td><td>FORD (MUSTANG)<\/td><td>2.561<\/td><\/tr><tr><td>7\u00ba<\/td><td>LAMBIRIS MAURICIO<\/td><td>FORD (MUSTANG)<\/td><td>2.920<\/td><\/tr><tr><td>8\u00ba<\/td><td>TODINO GERM\u00c1N<\/td><td>FORD (MUSTANG)<\/td><td>3.506<\/td><\/tr><tr><td>9\u00ba<\/td><td>URCERA JOS\u00c9 MANUEL<\/td><td>FORD (MUSTANG)<\/td><td>3.830<\/td><\/tr><tr><td>10\u00ba<\/td><td>AGRELO MARCELO<\/td><td>TOYOTA<\/td><td>4.170<\/td><\/tr><tr><td>11\u00ba<\/td><td>LEDESMA CHRISTIAN<\/td><td>CHEVROLET (CAMARO)<\/td><td>4.880<\/td><\/tr><tr><td>12\u00ba<\/td><td>MANGONI SANTIAGO<\/td><td>CHEVROLET (CAMARO)<\/td><td>5.375<\/td><\/tr><tr><td>13\u00ba<\/td><td>CRAPARO ELIO<\/td><td>DODGE (CHALLENGER)<\/td><td>5.600<\/td><\/tr><tr><td>14\u00ba<\/td><td>TETI JER\u00d3NIMO<\/td><td>FORD (MUSTANG)<\/td><td>6.623<\/td><\/tr><tr><td>15\u00ba<\/td><td>ROSSI MAT\u00cdAS<\/td><td>TOYOTA<\/td><td>6.931<\/td><\/tr><tr><td>16\u00ba<\/td><td>CANDELA KEVIN<\/td><td>TORINO (TORINO NG)<\/td><td>7.353<\/td><\/tr><tr><td>17\u00ba<\/td><td>LANDA MARCOS<\/td><td>CHEVROLET (CAMARO)<\/td><td>7.566<\/td><\/tr><tr><td>18\u00ba<\/td><td>TRUCCO JUAN MART\u00cdN<\/td><td>DODGE (CHALLENGER)<\/td><td>7.938<\/td><\/tr><tr><td>19\u00ba<\/td><td>OLMEDO JEREM\u00cdAS<\/td><td>FORD (MUSTANG)<\/td><td>8.468<\/td><\/tr><tr><td>20\u00ba<\/td><td>FRITZLER OTTO<\/td><td>TOYOTA<\/td><td>9.001<\/td><\/tr><tr><td>21\u00ba<\/td><td>DI PALMA LUIS JOS\u00c9<\/td><td>CHEVROLET (CAMARO)<\/td><td>9.175<\/td><\/tr><tr><td>22\u00ba<\/td><td>CIANTINI DIEGO<\/td><td>CHEVROLET (CAMARO)<\/td><td>9.348<\/td><\/tr><tr><td>23\u00ba<\/td><td>BONELLI NICOL\u00c1S<\/td><td>FORD (MUSTANG)<\/td><td>9.599<\/td><\/tr><tr><td>24\u00ba<\/td><td>DE BENEDICTIS JUAN B.<\/td><td>FORD (MUSTANG)<\/td><td>9.791<\/td><\/tr><tr><td>25\u00ba<\/td><td>JAKOS ANDR\u00c9S<\/td><td>TOYOTA<\/td><td>10.280<\/td><\/tr><tr><td>26\u00ba<\/td><td>TROSSET NICOL\u00c1S<\/td><td>FORD (MUSTANG)<\/td><td>10.618<\/td><\/tr><tr><td>27\u00ba<\/td><td>SPATARO EMILIANO<\/td><td>FORD (MUSTANG)<\/td><td>10.922<\/td><\/tr><tr><td>28\u00ba<\/td><td>CATAL\u00c1N MAGNI JUAN TOM\u00c1S<\/td><td>FORD (MUSTANG)<\/td><td>11.072<\/td><\/tr><tr><td>29\u00ba<\/td><td>DE LA IGLESIA LAUTARO<\/td><td>DODGE (CHALLENGER)<\/td><td>11.563<\/td><\/tr><tr><td>30\u00ba<\/td><td>EBARL\u00cdN JUAN JOS\u00c9<\/td><td>CHEVROLET (CAMARO)<\/td><td>11.782<\/td><\/tr><tr><td>31\u00ba<\/td><td>RISATTI RICARDO<\/td><td>TOYOTA<\/td><td>12.039<\/td><\/tr><tr><td>32\u00ba<\/td><td>SCIALCHI JEREM\u00cdAS<\/td><td>FORD (MUSTANG)<\/td><td>12.465<\/td><\/tr><tr><td>33\u00ba<\/td><td>FERRANTE GAST\u00d3N<\/td><td>TOYOTA<\/td><td>12.609<\/td><\/tr><tr><td>34\u00ba<\/td><td>IMPIOMBATO NICOL\u00c1S<\/td><td>CHEVROLET (CAMARO)<\/td><td>12.750<\/td><\/tr><tr><td>35\u00ba<\/td><td>\u00c1LVAREZ SANTIAGO<\/td><td>CHEVROLET (CAMARO)<\/td><td>13.125<\/td><\/tr><tr><td>36\u00ba<\/td><td>FONTANA NORBERTO<\/td><td>CHEVROLET (CAMARO)<\/td><td>13.242<\/td><\/tr><tr><td>37\u00ba<\/td><td>V\u00c1ZQUEZ MART\u00cdN<\/td><td>DODGE (CHALLENGER)<\/td><td>13.500<\/td><\/tr><tr><td>38\u00ba<\/td><td>ARDUSSO FACUNDO<\/td><td>CHEVROLET (CAMARO)<\/td><td>13.521<\/td><\/tr><tr><td>39\u00ba<\/td><td>AZAR DIEGO<\/td><td>TOYOTA<\/td><td>13.696<\/td><\/tr><tr><td>40\u00ba<\/td><td>CANAPINO MAT\u00cdAS<\/td><td>CHEVROLET (CAMARO)<\/td><td>14.230<\/td><\/tr><tr><td>41\u00ba<\/td><td>CHAPUR FACUNDO<\/td><td>TORINO (TORINO NG)<\/td><td>14.330<\/td><\/tr><tr><td>42\u00ba<\/td><td>FA\u00cdN IGNACIO<\/td><td>TORINO (TORINO NG)<\/td><td>14.707<\/td><\/tr><tr><td>43\u00ba<\/td><td>SERRANO MART\u00cdN<\/td><td>CHEVROLET (CAMARO)<\/td><td>17.303<\/td><\/tr><tr><td>44\u00ba<\/td><td>MAZZACANE GAST\u00d3N<\/td><td>CHEVROLET (CAMARO)<\/td><td>17.554<\/td><\/tr><tr><td>45\u00ba<\/td><td>MART\u00cdNEZ TOB\u00cdAS<\/td><td>TOYOTA<\/td><td>4 VTAS<\/td><\/tr><tr><td>46\u00ba<\/td><td>CASTELLANO JONATAN<\/td><td>DODGE (CHALLENGER)<\/td><td>4 VTAS<\/td><\/tr><tr><td>47\u00ba<\/td><td>COTIGNOLA NICOL\u00c1S<\/td><td>TORINO (TORINO NG)<\/td><td>7 VTAS<\/td><\/tr><tr><td>48\u00ba<\/td><td>JALAF MAT\u00cdAS<\/td><td>FORD (MUSTANG)<\/td><td>9 VTAS<\/td><\/tr><tr><td>49\u00ba<\/td><td>DE CARLO DIEGO<\/td><td>CHEVROLET (CAMARO)<\/td><td>11 VTAS<\/td><\/tr><tr><td>50\u00ba<\/td><td>CARINELLI AUGUSTO<\/td><td>FORD (MUSTANG)<\/td><td>16 VTAS<\/td><\/tr><tr><td>51\u00ba<\/td><td>QUIJADA MARCOS<\/td><td>CHEVROLET (CAMARO)<\/td><td>17 VTAS<\/td><\/tr><tr><td>52\u00ba<\/td><td>IRIBARNE FEDERICO<\/td><td>CHEVROLET (CAMARO)<\/td><td>19 VTAS<\/td><\/tr><tr><td>53\u00ba<\/td><td>BENVENUTI JUAN CRUZ<\/td><td>CHEVROLET (CAMARO)<\/td><td>29 VTAS<\/td><\/tr><\/tbody><\/table><\/figure>\n\n\n\n<p><strong>PROMEDIO:&nbsp;<\/strong>165,702 km\/h.&nbsp;<strong>RECORD DE VUELTA:&nbsp;<\/strong>Santero en la vta. 2 en 1:14.109 a 175,995 km\/h.<\/p>\n","protected":false},"excerpt":{"rendered":"<p>Mariano Werner gan\u00f3 la sexta final del a\u00f1o en Alta Gracia luego de 10 a\u00f1os de ausencia del Turismo Carretera<\/p>\n","protected":false},"author":3,"featured_media":34,"comment_status":"open","ping_status":"open","sticky":false,"template":"","format":"standard","meta":{"colormag_page_container_layout":"default_layout","colormag_page_sidebar_layout":"default_layout","footnotes":""},"categories":[6,5],"tags":[379,111,83,384,546,39],"class_list":["post-8403","post","type-post","status-publish","format-standard","has-post-thumbnail","hentry","category-newsflash","category-latest-news","tag-autodromo-cabalen","tag-cordoba","tag-ford","tag-mariano-werner","tag-mustang","tag-turismo-carretera"],"yoast_head":"<!-- This site is optimized with the Yoast SEO plugin v27.4 - https:\/\/yoast.com\/product\/yoast-seo-wordpress\/ -->\n<title>Autos del Podio | Werner le puso fin a su mala racha en TC en su vuelta al Cabalen<\/title>\n<meta name=\"description\" content=\"Autos del Podio 28\u00ba triunfo en 255 presentaciones en el TC para Mariano Werner\" \/>\n<meta name=\"robots\" content=\"index, follow, max-snippet:-1, max-image-preview:large, max-video-preview:-1\" \/>\n<link rel=\"canonical\" href=\"https:\/\/autosdelpodio.com\/autos\/werner-le-puso-fin-a-su-mala-racha-en-tc-en-su-vuelta-al-cabalen\/\" \/>\n<meta property=\"og:locale\" content=\"es_ES\" \/>\n<meta property=\"og:type\" content=\"article\" \/>\n<meta property=\"og:title\" content=\"Autos del Podio | Werner le puso fin a su mala racha en TC en su vuelta al Cabalen\" \/>\n<meta property=\"og:description\" content=\"Autos del Podio 28\u00ba triunfo en 255 presentaciones en el TC para Mariano Werner\" \/>\n<meta property=\"og:url\" content=\"https:\/\/autosdelpodio.com\/autos\/werner-le-puso-fin-a-su-mala-racha-en-tc-en-su-vuelta-al-cabalen\/\" \/>\n<meta property=\"og:site_name\" content=\"Autos del Podio\" \/>\n<meta property=\"article:publisher\" content=\"https:\/\/www.facebook.com\/profile.php?id=100057192590976&amp;amp%3bamp%3bamp%3bamp%3bamp%3bamp%3bamp%3bamp%3bamp%3bamp%3bamp%3bamp%3bamp%3bamp%3bamp%3bamp%3bamp%3bamp%3bref=ts\" \/>\n<meta property=\"article:published_time\" content=\"2025-06-01T18:13:40+00:00\" \/>\n<meta property=\"article:modified_time\" content=\"2025-06-01T18:13:42+00:00\" \/>\n<meta property=\"og:image\" content=\"https:\/\/autosdelpodio.com\/autos\/wp-content\/uploads\/2010\/10\/fordnota.jpg\" \/>\n\t<meta property=\"og:image:width\" content=\"500\" \/>\n\t<meta property=\"og:image:height\" content=\"250\" \/>\n\t<meta property=\"og:image:type\" content=\"image\/jpeg\" \/>\n<meta name=\"author\" content=\"autosdelpodio\" \/>\n<meta name=\"twitter:card\" content=\"summary_large_image\" \/>\n<meta name=\"twitter:creator\" content=\"@autosdelpodio\" \/>\n<meta name=\"twitter:site\" content=\"@autosdelpodio\" \/>\n<meta name=\"twitter:label1\" content=\"Escrito por\" \/>\n\t<meta name=\"twitter:data1\" content=\"autosdelpodio\" \/>\n\t<meta name=\"twitter:label2\" content=\"Tiempo de lectura\" \/>\n\t<meta name=\"twitter:data2\" content=\"3 minutos\" \/>\n<script type=\"application\/ld+json\" class=\"yoast-schema-graph\">{\"@context\":\"https:\\\/\\\/schema.org\",\"@graph\":[{\"@type\":\"Article\",\"@id\":\"https:\\\/\\\/autosdelpodio.com\\\/autos\\\/werner-le-puso-fin-a-su-mala-racha-en-tc-en-su-vuelta-al-cabalen\\\/#article\",\"isPartOf\":{\"@id\":\"https:\\\/\\\/autosdelpodio.com\\\/autos\\\/werner-le-puso-fin-a-su-mala-racha-en-tc-en-su-vuelta-al-cabalen\\\/\"},\"author\":{\"name\":\"autosdelpodio\",\"@id\":\"http:\\\/\\\/autosdelpodio.com\\\/autos\\\/#\\\/schema\\\/person\\\/993527a4d01c3acdd3d6bce3770bc942\"},\"headline\":\"Werner le puso fin a su mala racha en TC en su vuelta al Cabalen\",\"datePublished\":\"2025-06-01T18:13:40+00:00\",\"dateModified\":\"2025-06-01T18:13:42+00:00\",\"mainEntityOfPage\":{\"@id\":\"https:\\\/\\\/autosdelpodio.com\\\/autos\\\/werner-le-puso-fin-a-su-mala-racha-en-tc-en-su-vuelta-al-cabalen\\\/\"},\"wordCount\":456,\"commentCount\":0,\"publisher\":{\"@id\":\"http:\\\/\\\/autosdelpodio.com\\\/autos\\\/#organization\"},\"image\":{\"@id\":\"https:\\\/\\\/autosdelpodio.com\\\/autos\\\/werner-le-puso-fin-a-su-mala-racha-en-tc-en-su-vuelta-al-cabalen\\\/#primaryimage\"},\"thumbnailUrl\":\"http:\\\/\\\/autosdelpodio.com\\\/autos\\\/wp-content\\\/uploads\\\/2010\\\/10\\\/fordnota.jpg\",\"keywords\":[\"Autodromo Cabalen\",\"Cordoba\",\"Ford\",\"Mariano Werner\",\"Mustang\",\"Turismo Carretera\"],\"articleSection\":[\"Destacado\",\"\u00daltimas noticias\"],\"inLanguage\":\"es\",\"potentialAction\":[{\"@type\":\"CommentAction\",\"name\":\"Comment\",\"target\":[\"https:\\\/\\\/autosdelpodio.com\\\/autos\\\/werner-le-puso-fin-a-su-mala-racha-en-tc-en-su-vuelta-al-cabalen\\\/#respond\"]}]},{\"@type\":\"WebPage\",\"@id\":\"https:\\\/\\\/autosdelpodio.com\\\/autos\\\/werner-le-puso-fin-a-su-mala-racha-en-tc-en-su-vuelta-al-cabalen\\\/\",\"url\":\"https:\\\/\\\/autosdelpodio.com\\\/autos\\\/werner-le-puso-fin-a-su-mala-racha-en-tc-en-su-vuelta-al-cabalen\\\/\",\"name\":\"Autos del Podio | Werner le puso fin a su mala racha en TC en su vuelta al Cabalen\",\"isPartOf\":{\"@id\":\"http:\\\/\\\/autosdelpodio.com\\\/autos\\\/#website\"},\"primaryImageOfPage\":{\"@id\":\"https:\\\/\\\/autosdelpodio.com\\\/autos\\\/werner-le-puso-fin-a-su-mala-racha-en-tc-en-su-vuelta-al-cabalen\\\/#primaryimage\"},\"image\":{\"@id\":\"https:\\\/\\\/autosdelpodio.com\\\/autos\\\/werner-le-puso-fin-a-su-mala-racha-en-tc-en-su-vuelta-al-cabalen\\\/#primaryimage\"},\"thumbnailUrl\":\"http:\\\/\\\/autosdelpodio.com\\\/autos\\\/wp-content\\\/uploads\\\/2010\\\/10\\\/fordnota.jpg\",\"datePublished\":\"2025-06-01T18:13:40+00:00\",\"dateModified\":\"2025-06-01T18:13:42+00:00\",\"description\":\"Autos del Podio 28\u00ba triunfo en 255 presentaciones en el TC para Mariano Werner\",\"breadcrumb\":{\"@id\":\"https:\\\/\\\/autosdelpodio.com\\\/autos\\\/werner-le-puso-fin-a-su-mala-racha-en-tc-en-su-vuelta-al-cabalen\\\/#breadcrumb\"},\"inLanguage\":\"es\",\"potentialAction\":[{\"@type\":\"ReadAction\",\"target\":[\"https:\\\/\\\/autosdelpodio.com\\\/autos\\\/werner-le-puso-fin-a-su-mala-racha-en-tc-en-su-vuelta-al-cabalen\\\/\"]}]},{\"@type\":\"ImageObject\",\"inLanguage\":\"es\",\"@id\":\"https:\\\/\\\/autosdelpodio.com\\\/autos\\\/werner-le-puso-fin-a-su-mala-racha-en-tc-en-su-vuelta-al-cabalen\\\/#primaryimage\",\"url\":\"http:\\\/\\\/autosdelpodio.com\\\/autos\\\/wp-content\\\/uploads\\\/2010\\\/10\\\/fordnota.jpg\",\"contentUrl\":\"http:\\\/\\\/autosdelpodio.com\\\/autos\\\/wp-content\\\/uploads\\\/2010\\\/10\\\/fordnota.jpg\",\"width\":500,\"height\":250},{\"@type\":\"BreadcrumbList\",\"@id\":\"https:\\\/\\\/autosdelpodio.com\\\/autos\\\/werner-le-puso-fin-a-su-mala-racha-en-tc-en-su-vuelta-al-cabalen\\\/#breadcrumb\",\"itemListElement\":[{\"@type\":\"ListItem\",\"position\":1,\"name\":\"Portada\",\"item\":\"http:\\\/\\\/autosdelpodio.com\\\/autos\\\/\"},{\"@type\":\"ListItem\",\"position\":2,\"name\":\"Werner le puso fin a su mala racha en TC en su vuelta al Cabalen\"}]},{\"@type\":\"WebSite\",\"@id\":\"http:\\\/\\\/autosdelpodio.com\\\/autos\\\/#website\",\"url\":\"http:\\\/\\\/autosdelpodio.com\\\/autos\\\/\",\"name\":\"Autos del Podio\",\"description\":\"La sexta del deporte motor\",\"publisher\":{\"@id\":\"http:\\\/\\\/autosdelpodio.com\\\/autos\\\/#organization\"},\"potentialAction\":[{\"@type\":\"SearchAction\",\"target\":{\"@type\":\"EntryPoint\",\"urlTemplate\":\"http:\\\/\\\/autosdelpodio.com\\\/autos\\\/?s={search_term_string}\"},\"query-input\":{\"@type\":\"PropertyValueSpecification\",\"valueRequired\":true,\"valueName\":\"search_term_string\"}}],\"inLanguage\":\"es\"},{\"@type\":\"Organization\",\"@id\":\"http:\\\/\\\/autosdelpodio.com\\\/autos\\\/#organization\",\"name\":\"Autos del Podio\",\"url\":\"http:\\\/\\\/autosdelpodio.com\\\/autos\\\/\",\"logo\":{\"@type\":\"ImageObject\",\"inLanguage\":\"es\",\"@id\":\"http:\\\/\\\/autosdelpodio.com\\\/autos\\\/#\\\/schema\\\/logo\\\/image\\\/\",\"url\":\"http:\\\/\\\/autosdelpodio.com\\\/autos\\\/wp-content\\\/uploads\\\/2020\\\/08\\\/Logo_AR.jpg\",\"contentUrl\":\"http:\\\/\\\/autosdelpodio.com\\\/autos\\\/wp-content\\\/uploads\\\/2020\\\/08\\\/Logo_AR.jpg\",\"width\":1038,\"height\":1044,\"caption\":\"Autos del Podio\"},\"image\":{\"@id\":\"http:\\\/\\\/autosdelpodio.com\\\/autos\\\/#\\\/schema\\\/logo\\\/image\\\/\"},\"sameAs\":[\"https:\\\/\\\/www.facebook.com\\\/profile.php?id=100057192590976&amp;amp;amp;amp;amp;amp;amp;amp;amp;amp;amp;amp;amp;amp;amp;amp;amp;amp;ref=ts\",\"https:\\\/\\\/x.com\\\/autosdelpodio\",\"https:\\\/\\\/www.youtube.com\\\/user\\\/AutosdelPodio\"]},{\"@type\":\"Person\",\"@id\":\"http:\\\/\\\/autosdelpodio.com\\\/autos\\\/#\\\/schema\\\/person\\\/993527a4d01c3acdd3d6bce3770bc942\",\"name\":\"autosdelpodio\",\"image\":{\"@type\":\"ImageObject\",\"inLanguage\":\"es\",\"@id\":\"http:\\\/\\\/autosdelpodio.com\\\/autos\\\/wp-content\\\/litespeed\\\/avatar\\\/aa8f65cd201a80f6b844f63278aa84af.jpg?ver=1776798175\",\"url\":\"http:\\\/\\\/autosdelpodio.com\\\/autos\\\/wp-content\\\/litespeed\\\/avatar\\\/aa8f65cd201a80f6b844f63278aa84af.jpg?ver=1776798175\",\"contentUrl\":\"http:\\\/\\\/autosdelpodio.com\\\/autos\\\/wp-content\\\/litespeed\\\/avatar\\\/aa8f65cd201a80f6b844f63278aa84af.jpg?ver=1776798175\",\"caption\":\"autosdelpodio\"}}]}<\/script>\n<!-- \/ Yoast SEO plugin. -->","yoast_head_json":{"title":"Autos del Podio | Werner le puso fin a su mala racha en TC en su vuelta al Cabalen","description":"Autos del Podio 28\u00ba triunfo en 255 presentaciones en el TC para Mariano Werner","robots":{"index":"index","follow":"follow","max-snippet":"max-snippet:-1","max-image-preview":"max-image-preview:large","max-video-preview":"max-video-preview:-1"},"canonical":"https:\/\/autosdelpodio.com\/autos\/werner-le-puso-fin-a-su-mala-racha-en-tc-en-su-vuelta-al-cabalen\/","og_locale":"es_ES","og_type":"article","og_title":"Autos del Podio | Werner le puso fin a su mala racha en TC en su vuelta al Cabalen","og_description":"Autos del Podio 28\u00ba triunfo en 255 presentaciones en el TC para Mariano Werner","og_url":"https:\/\/autosdelpodio.com\/autos\/werner-le-puso-fin-a-su-mala-racha-en-tc-en-su-vuelta-al-cabalen\/","og_site_name":"Autos del Podio","article_publisher":"https:\/\/www.facebook.com\/profile.php?id=100057192590976&amp%3bamp%3bamp%3bamp%3bamp%3bamp%3bamp%3bamp%3bamp%3bamp%3bamp%3bamp%3bamp%3bamp%3bamp%3bamp%3bamp%3bamp%3bref=ts","article_published_time":"2025-06-01T18:13:40+00:00","article_modified_time":"2025-06-01T18:13:42+00:00","og_image":[{"width":500,"height":250,"url":"https:\/\/autosdelpodio.com\/autos\/wp-content\/uploads\/2010\/10\/fordnota.jpg","type":"image\/jpeg"}],"author":"autosdelpodio","twitter_card":"summary_large_image","twitter_creator":"@autosdelpodio","twitter_site":"@autosdelpodio","twitter_misc":{"Escrito por":"autosdelpodio","Tiempo de lectura":"3 minutos"},"schema":{"@context":"https:\/\/schema.org","@graph":[{"@type":"Article","@id":"https:\/\/autosdelpodio.com\/autos\/werner-le-puso-fin-a-su-mala-racha-en-tc-en-su-vuelta-al-cabalen\/#article","isPartOf":{"@id":"https:\/\/autosdelpodio.com\/autos\/werner-le-puso-fin-a-su-mala-racha-en-tc-en-su-vuelta-al-cabalen\/"},"author":{"name":"autosdelpodio","@id":"http:\/\/autosdelpodio.com\/autos\/#\/schema\/person\/993527a4d01c3acdd3d6bce3770bc942"},"headline":"Werner le puso fin a su mala racha en TC en su vuelta al Cabalen","datePublished":"2025-06-01T18:13:40+00:00","dateModified":"2025-06-01T18:13:42+00:00","mainEntityOfPage":{"@id":"https:\/\/autosdelpodio.com\/autos\/werner-le-puso-fin-a-su-mala-racha-en-tc-en-su-vuelta-al-cabalen\/"},"wordCount":456,"commentCount":0,"publisher":{"@id":"http:\/\/autosdelpodio.com\/autos\/#organization"},"image":{"@id":"https:\/\/autosdelpodio.com\/autos\/werner-le-puso-fin-a-su-mala-racha-en-tc-en-su-vuelta-al-cabalen\/#primaryimage"},"thumbnailUrl":"http:\/\/autosdelpodio.com\/autos\/wp-content\/uploads\/2010\/10\/fordnota.jpg","keywords":["Autodromo Cabalen","Cordoba","Ford","Mariano Werner","Mustang","Turismo Carretera"],"articleSection":["Destacado","\u00daltimas noticias"],"inLanguage":"es","potentialAction":[{"@type":"CommentAction","name":"Comment","target":["https:\/\/autosdelpodio.com\/autos\/werner-le-puso-fin-a-su-mala-racha-en-tc-en-su-vuelta-al-cabalen\/#respond"]}]},{"@type":"WebPage","@id":"https:\/\/autosdelpodio.com\/autos\/werner-le-puso-fin-a-su-mala-racha-en-tc-en-su-vuelta-al-cabalen\/","url":"https:\/\/autosdelpodio.com\/autos\/werner-le-puso-fin-a-su-mala-racha-en-tc-en-su-vuelta-al-cabalen\/","name":"Autos del Podio | Werner le puso fin a su mala racha en TC en su vuelta al Cabalen","isPartOf":{"@id":"http:\/\/autosdelpodio.com\/autos\/#website"},"primaryImageOfPage":{"@id":"https:\/\/autosdelpodio.com\/autos\/werner-le-puso-fin-a-su-mala-racha-en-tc-en-su-vuelta-al-cabalen\/#primaryimage"},"image":{"@id":"https:\/\/autosdelpodio.com\/autos\/werner-le-puso-fin-a-su-mala-racha-en-tc-en-su-vuelta-al-cabalen\/#primaryimage"},"thumbnailUrl":"http:\/\/autosdelpodio.com\/autos\/wp-content\/uploads\/2010\/10\/fordnota.jpg","datePublished":"2025-06-01T18:13:40+00:00","dateModified":"2025-06-01T18:13:42+00:00","description":"Autos del Podio 28\u00ba triunfo en 255 presentaciones en el TC para Mariano Werner","breadcrumb":{"@id":"https:\/\/autosdelpodio.com\/autos\/werner-le-puso-fin-a-su-mala-racha-en-tc-en-su-vuelta-al-cabalen\/#breadcrumb"},"inLanguage":"es","potentialAction":[{"@type":"ReadAction","target":["https:\/\/autosdelpodio.com\/autos\/werner-le-puso-fin-a-su-mala-racha-en-tc-en-su-vuelta-al-cabalen\/"]}]},{"@type":"ImageObject","inLanguage":"es","@id":"https:\/\/autosdelpodio.com\/autos\/werner-le-puso-fin-a-su-mala-racha-en-tc-en-su-vuelta-al-cabalen\/#primaryimage","url":"http:\/\/autosdelpodio.com\/autos\/wp-content\/uploads\/2010\/10\/fordnota.jpg","contentUrl":"http:\/\/autosdelpodio.com\/autos\/wp-content\/uploads\/2010\/10\/fordnota.jpg","width":500,"height":250},{"@type":"BreadcrumbList","@id":"https:\/\/autosdelpodio.com\/autos\/werner-le-puso-fin-a-su-mala-racha-en-tc-en-su-vuelta-al-cabalen\/#breadcrumb","itemListElement":[{"@type":"ListItem","position":1,"name":"Portada","item":"http:\/\/autosdelpodio.com\/autos\/"},{"@type":"ListItem","position":2,"name":"Werner le puso fin a su mala racha en TC en su vuelta al Cabalen"}]},{"@type":"WebSite","@id":"http:\/\/autosdelpodio.com\/autos\/#website","url":"http:\/\/autosdelpodio.com\/autos\/","name":"Autos del Podio","description":"La sexta del deporte motor","publisher":{"@id":"http:\/\/autosdelpodio.com\/autos\/#organization"},"potentialAction":[{"@type":"SearchAction","target":{"@type":"EntryPoint","urlTemplate":"http:\/\/autosdelpodio.com\/autos\/?s={search_term_string}"},"query-input":{"@type":"PropertyValueSpecification","valueRequired":true,"valueName":"search_term_string"}}],"inLanguage":"es"},{"@type":"Organization","@id":"http:\/\/autosdelpodio.com\/autos\/#organization","name":"Autos del Podio","url":"http:\/\/autosdelpodio.com\/autos\/","logo":{"@type":"ImageObject","inLanguage":"es","@id":"http:\/\/autosdelpodio.com\/autos\/#\/schema\/logo\/image\/","url":"http:\/\/autosdelpodio.com\/autos\/wp-content\/uploads\/2020\/08\/Logo_AR.jpg","contentUrl":"http:\/\/autosdelpodio.com\/autos\/wp-content\/uploads\/2020\/08\/Logo_AR.jpg","width":1038,"height":1044,"caption":"Autos del Podio"},"image":{"@id":"http:\/\/autosdelpodio.com\/autos\/#\/schema\/logo\/image\/"},"sameAs":["https:\/\/www.facebook.com\/profile.php?id=100057192590976&amp;amp;amp;amp;amp;amp;amp;amp;amp;amp;amp;amp;amp;amp;amp;amp;amp;amp;ref=ts","https:\/\/x.com\/autosdelpodio","https:\/\/www.youtube.com\/user\/AutosdelPodio"]},{"@type":"Person","@id":"http:\/\/autosdelpodio.com\/autos\/#\/schema\/person\/993527a4d01c3acdd3d6bce3770bc942","name":"autosdelpodio","image":{"@type":"ImageObject","inLanguage":"es","@id":"http:\/\/autosdelpodio.com\/autos\/wp-content\/litespeed\/avatar\/aa8f65cd201a80f6b844f63278aa84af.jpg?ver=1776798175","url":"http:\/\/autosdelpodio.com\/autos\/wp-content\/litespeed\/avatar\/aa8f65cd201a80f6b844f63278aa84af.jpg?ver=1776798175","contentUrl":"http:\/\/autosdelpodio.com\/autos\/wp-content\/litespeed\/avatar\/aa8f65cd201a80f6b844f63278aa84af.jpg?ver=1776798175","caption":"autosdelpodio"}}]}},"views":163,"_links":{"self":[{"href":"http:\/\/autosdelpodio.com\/autos\/wp-json\/wp\/v2\/posts\/8403","targetHints":{"allow":["GET"]}}],"collection":[{"href":"http:\/\/autosdelpodio.com\/autos\/wp-json\/wp\/v2\/posts"}],"about":[{"href":"http:\/\/autosdelpodio.com\/autos\/wp-json\/wp\/v2\/types\/post"}],"author":[{"embeddable":true,"href":"http:\/\/autosdelpodio.com\/autos\/wp-json\/wp\/v2\/users\/3"}],"replies":[{"embeddable":true,"href":"http:\/\/autosdelpodio.com\/autos\/wp-json\/wp\/v2\/comments?post=8403"}],"version-history":[{"count":1,"href":"http:\/\/autosdelpodio.com\/autos\/wp-json\/wp\/v2\/posts\/8403\/revisions"}],"predecessor-version":[{"id":8404,"href":"http:\/\/autosdelpodio.com\/autos\/wp-json\/wp\/v2\/posts\/8403\/revisions\/8404"}],"wp:featuredmedia":[{"embeddable":true,"href":"http:\/\/autosdelpodio.com\/autos\/wp-json\/wp\/v2\/media\/34"}],"wp:attachment":[{"href":"http:\/\/autosdelpodio.com\/autos\/wp-json\/wp\/v2\/media?parent=8403"}],"wp:term":[{"taxonomy":"category","embeddable":true,"href":"http:\/\/autosdelpodio.com\/autos\/wp-json\/wp\/v2\/categories?post=8403"},{"taxonomy":"post_tag","embeddable":true,"href":"http:\/\/autosdelpodio.com\/autos\/wp-json\/wp\/v2\/tags?post=8403"}],"curies":[{"name":"wp","href":"https:\/\/api.w.org\/{rel}","templated":true}]}}