{"id":8417,"date":"2025-06-12T16:39:27","date_gmt":"2025-06-12T19:39:27","guid":{"rendered":"https:\/\/autosdelpodio.com\/autos\/?p=8417"},"modified":"2025-06-12T16:47:25","modified_gmt":"2025-06-12T19:47:25","slug":"reduccion-parcial-a-la-sancion-a-leonel-pernia","status":"publish","type":"post","link":"http:\/\/autosdelpodio.com\/autos\/reduccion-parcial-a-la-sancion-a-leonel-pernia\/","title":{"rendered":"Reducci\u00f3n parcial a la sanci\u00f3n a Leonel Pern\u00eda"},"content":{"rendered":"\n<p>El piloto de Tandil apel\u00f3 la sanci\u00f3n impuesta por el tribunal de la ACTC que determin\u00f3 que la pena se redujo 6 meses y de cumplimiento efectivo hasta el 7 de Junio del a\u00f1o 2026.<\/p>\n\n\n\n<p>Buenos Aires, 10 de Junio de 2025<\/p>\n\n\n\n<p>EL HONORABLE TRIBUNAL DE APELACIONES DE LA ACTC<\/p>\n\n\n\n<p><strong>RESUELVE<\/strong>:<\/p>\n\n\n\n<p>1.- Revocar parcialmente\u00a0<strong><a href=\"https:\/\/autosdelpodio.com\/autos\/leo-pernia-duramente-sancionado-y-castigado-por-la-actc\/\" target=\"_blank\" rel=\"noreferrer noopener\">LA SANCION impuesta al piloto Leonel Pern\u00eda<\/a><\/strong>, y fijarla en Dieciocho (18) meses a contar de la fecha indicada en el punto III de los CONSIDERANDOS del presente decisorio, es decir desde el 8 de Diciembre de 2024, por lo que esta sanci\u00f3n vencer\u00e1 el d\u00eda 7 de Junio del a\u00f1o 2026, con la prohibici\u00f3n de competir en cualquier categor\u00eda fiscalizada por la ACTC.-<\/p>\n\n\n\n<p>2.- Disponer asimismo la REDUCCION de la sanci\u00f3n econ\u00f3mica impuesta oportunamente en la instancia inferior, a la suma total y \u00fanica de $ 20.000.000 (pesos veinte millones), monto este que deber\u00e1 ser depositado a favor de la Fundaci\u00f3n Favaloro, por cuenta y orden de la ACTC, dentro de los 30 d\u00edas de notificado el piloto Pern\u00eda de la presente decisi\u00f3n, debiendo asimismo este \u00faltimo, comunicar el cumplimiento de la presente sanci\u00f3n al Dpto. Deportivo de la ACTC, acreditando el pago con el comprobante respectivo.-<\/p>\n\n\n\n<p>3-&nbsp;<strong>REG\u00cdSTRESE<\/strong>.&nbsp;<strong>NOTIF\u00cdQUESE<\/strong>, y&nbsp;<strong>C\u00daMPLASE<\/strong>. H\u00e1gase saber al Departamento Deportivo de la ACTC. Cumplido,&nbsp;<strong>ARCH\u00cdVESE<\/strong>.<\/p>\n\n\n\n<p>Dr. Carlos A. Lazzatti &nbsp;\u2013 Dr. Ruben H. Guidobono<\/p>\n","protected":false},"excerpt":{"rendered":"<p>El piloto de Tandil apel\u00f3 la sanci\u00f3n impuesta por el tribunal de la ACTC que determin\u00f3 que la pena se<\/p>\n","protected":false},"author":3,"featured_media":8228,"comment_status":"open","ping_status":"open","sticky":false,"template":"","format":"standard","meta":{"colormag_page_container_layout":"default_layout","colormag_page_sidebar_layout":"default_layout","footnotes":""},"categories":[6,5],"tags":[143,515,86,39,78],"class_list":["post-8417","post","type-post","status-publish","format-standard","has-post-thumbnail","hentry","category-newsflash","category-latest-news","tag-actc","tag-leonel-pernia","tag-pilotos-y-categorias","tag-turismo-carretera","tag-turismo-nacional"],"yoast_head":"<!-- This site is optimized with the Yoast SEO plugin v27.4 - https:\/\/yoast.com\/product\/yoast-seo-wordpress\/ -->\n<title>Autos del Podio | Reducci\u00f3n parcial a la sanci\u00f3n a Leonel Pern\u00eda<\/title>\n<meta name=\"description\" content=\"Autos del Podio La CAF de la ACTC revoc\u00f3 su fallo de forma parcial en el caso Leo Pern\u00eda\" \/>\n<meta name=\"robots\" content=\"index, follow, max-snippet:-1, max-image-preview:large, max-video-preview:-1\" \/>\n<link rel=\"canonical\" href=\"http:\/\/autosdelpodio.com\/autos\/reduccion-parcial-a-la-sancion-a-leonel-pernia\/\" \/>\n<meta property=\"og:locale\" content=\"es_ES\" \/>\n<meta property=\"og:type\" content=\"article\" \/>\n<meta property=\"og:title\" content=\"Leonel Pernia\" \/>\n<meta property=\"og:description\" content=\"Leonel Pernia: la CAF de la ACTC revoc\u00f3 su fallo de forma parcial\" \/>\n<meta property=\"og:url\" content=\"http:\/\/autosdelpodio.com\/autos\/reduccion-parcial-a-la-sancion-a-leonel-pernia\/\" \/>\n<meta property=\"og:site_name\" content=\"Autos del Podio\" \/>\n<meta property=\"article:publisher\" content=\"https:\/\/www.facebook.com\/profile.php?id=100057192590976&amp;amp%3bamp%3bamp%3bamp%3bamp%3bamp%3bamp%3bamp%3bamp%3bamp%3bamp%3bamp%3bamp%3bamp%3bamp%3bamp%3bamp%3bamp%3bref=ts\" \/>\n<meta property=\"article:published_time\" content=\"2025-06-12T19:39:27+00:00\" \/>\n<meta property=\"article:modified_time\" content=\"2025-06-12T19:47:25+00:00\" \/>\n<meta property=\"og:image\" content=\"http:\/\/autosdelpodio.com\/autos\/wp-content\/uploads\/2025\/03\/ACTC_Logo.jpg\" \/>\n\t<meta property=\"og:image:width\" content=\"500\" \/>\n\t<meta property=\"og:image:height\" content=\"250\" \/>\n\t<meta property=\"og:image:type\" content=\"image\/jpeg\" \/>\n<meta name=\"author\" content=\"autosdelpodio\" \/>\n<meta name=\"twitter:card\" content=\"summary_large_image\" \/>\n<meta name=\"twitter:creator\" content=\"@autosdelpodio\" \/>\n<meta name=\"twitter:site\" content=\"@autosdelpodio\" \/>\n<meta name=\"twitter:label1\" content=\"Escrito por\" \/>\n\t<meta name=\"twitter:data1\" content=\"autosdelpodio\" \/>\n\t<meta name=\"twitter:label2\" content=\"Tiempo de lectura\" \/>\n\t<meta name=\"twitter:data2\" content=\"2 minutos\" \/>\n<script type=\"application\/ld+json\" class=\"yoast-schema-graph\">{\"@context\":\"https:\\\/\\\/schema.org\",\"@graph\":[{\"@type\":\"Article\",\"@id\":\"http:\\\/\\\/autosdelpodio.com\\\/autos\\\/reduccion-parcial-a-la-sancion-a-leonel-pernia\\\/#article\",\"isPartOf\":{\"@id\":\"http:\\\/\\\/autosdelpodio.com\\\/autos\\\/reduccion-parcial-a-la-sancion-a-leonel-pernia\\\/\"},\"author\":{\"name\":\"autosdelpodio\",\"@id\":\"http:\\\/\\\/autosdelpodio.com\\\/autos\\\/#\\\/schema\\\/person\\\/993527a4d01c3acdd3d6bce3770bc942\"},\"headline\":\"Reducci\u00f3n parcial a la sanci\u00f3n a Leonel Pern\u00eda\",\"datePublished\":\"2025-06-12T19:39:27+00:00\",\"dateModified\":\"2025-06-12T19:47:25+00:00\",\"mainEntityOfPage\":{\"@id\":\"http:\\\/\\\/autosdelpodio.com\\\/autos\\\/reduccion-parcial-a-la-sancion-a-leonel-pernia\\\/\"},\"wordCount\":250,\"commentCount\":0,\"publisher\":{\"@id\":\"http:\\\/\\\/autosdelpodio.com\\\/autos\\\/#organization\"},\"image\":{\"@id\":\"http:\\\/\\\/autosdelpodio.com\\\/autos\\\/reduccion-parcial-a-la-sancion-a-leonel-pernia\\\/#primaryimage\"},\"thumbnailUrl\":\"http:\\\/\\\/autosdelpodio.com\\\/autos\\\/wp-content\\\/uploads\\\/2025\\\/03\\\/ACTC_Logo.jpg\",\"keywords\":[\"ACTC\",\"Leonel Pernia\",\"Pilotos y Categorias\",\"Turismo Carretera\",\"Turismo Nacional\"],\"articleSection\":[\"Destacado\",\"\u00daltimas noticias\"],\"inLanguage\":\"es\",\"potentialAction\":[{\"@type\":\"CommentAction\",\"name\":\"Comment\",\"target\":[\"http:\\\/\\\/autosdelpodio.com\\\/autos\\\/reduccion-parcial-a-la-sancion-a-leonel-pernia\\\/#respond\"]}]},{\"@type\":\"WebPage\",\"@id\":\"http:\\\/\\\/autosdelpodio.com\\\/autos\\\/reduccion-parcial-a-la-sancion-a-leonel-pernia\\\/\",\"url\":\"http:\\\/\\\/autosdelpodio.com\\\/autos\\\/reduccion-parcial-a-la-sancion-a-leonel-pernia\\\/\",\"name\":\"Autos del Podio | Reducci\u00f3n parcial a la sanci\u00f3n a Leonel Pern\u00eda\",\"isPartOf\":{\"@id\":\"http:\\\/\\\/autosdelpodio.com\\\/autos\\\/#website\"},\"primaryImageOfPage\":{\"@id\":\"http:\\\/\\\/autosdelpodio.com\\\/autos\\\/reduccion-parcial-a-la-sancion-a-leonel-pernia\\\/#primaryimage\"},\"image\":{\"@id\":\"http:\\\/\\\/autosdelpodio.com\\\/autos\\\/reduccion-parcial-a-la-sancion-a-leonel-pernia\\\/#primaryimage\"},\"thumbnailUrl\":\"http:\\\/\\\/autosdelpodio.com\\\/autos\\\/wp-content\\\/uploads\\\/2025\\\/03\\\/ACTC_Logo.jpg\",\"datePublished\":\"2025-06-12T19:39:27+00:00\",\"dateModified\":\"2025-06-12T19:47:25+00:00\",\"description\":\"Autos del Podio La CAF de la ACTC revoc\u00f3 su fallo de forma parcial en el caso Leo Pern\u00eda\",\"breadcrumb\":{\"@id\":\"http:\\\/\\\/autosdelpodio.com\\\/autos\\\/reduccion-parcial-a-la-sancion-a-leonel-pernia\\\/#breadcrumb\"},\"inLanguage\":\"es\",\"potentialAction\":[{\"@type\":\"ReadAction\",\"target\":[\"http:\\\/\\\/autosdelpodio.com\\\/autos\\\/reduccion-parcial-a-la-sancion-a-leonel-pernia\\\/\"]}]},{\"@type\":\"ImageObject\",\"inLanguage\":\"es\",\"@id\":\"http:\\\/\\\/autosdelpodio.com\\\/autos\\\/reduccion-parcial-a-la-sancion-a-leonel-pernia\\\/#primaryimage\",\"url\":\"http:\\\/\\\/autosdelpodio.com\\\/autos\\\/wp-content\\\/uploads\\\/2025\\\/03\\\/ACTC_Logo.jpg\",\"contentUrl\":\"http:\\\/\\\/autosdelpodio.com\\\/autos\\\/wp-content\\\/uploads\\\/2025\\\/03\\\/ACTC_Logo.jpg\",\"width\":500,\"height\":250},{\"@type\":\"BreadcrumbList\",\"@id\":\"http:\\\/\\\/autosdelpodio.com\\\/autos\\\/reduccion-parcial-a-la-sancion-a-leonel-pernia\\\/#breadcrumb\",\"itemListElement\":[{\"@type\":\"ListItem\",\"position\":1,\"name\":\"Portada\",\"item\":\"http:\\\/\\\/autosdelpodio.com\\\/autos\\\/\"},{\"@type\":\"ListItem\",\"position\":2,\"name\":\"Reducci\u00f3n parcial a la sanci\u00f3n a Leonel Pern\u00eda\"}]},{\"@type\":\"WebSite\",\"@id\":\"http:\\\/\\\/autosdelpodio.com\\\/autos\\\/#website\",\"url\":\"http:\\\/\\\/autosdelpodio.com\\\/autos\\\/\",\"name\":\"Autos del Podio\",\"description\":\"La sexta del deporte motor\",\"publisher\":{\"@id\":\"http:\\\/\\\/autosdelpodio.com\\\/autos\\\/#organization\"},\"potentialAction\":[{\"@type\":\"SearchAction\",\"target\":{\"@type\":\"EntryPoint\",\"urlTemplate\":\"http:\\\/\\\/autosdelpodio.com\\\/autos\\\/?s={search_term_string}\"},\"query-input\":{\"@type\":\"PropertyValueSpecification\",\"valueRequired\":true,\"valueName\":\"search_term_string\"}}],\"inLanguage\":\"es\"},{\"@type\":\"Organization\",\"@id\":\"http:\\\/\\\/autosdelpodio.com\\\/autos\\\/#organization\",\"name\":\"Autos del Podio\",\"url\":\"http:\\\/\\\/autosdelpodio.com\\\/autos\\\/\",\"logo\":{\"@type\":\"ImageObject\",\"inLanguage\":\"es\",\"@id\":\"http:\\\/\\\/autosdelpodio.com\\\/autos\\\/#\\\/schema\\\/logo\\\/image\\\/\",\"url\":\"http:\\\/\\\/autosdelpodio.com\\\/autos\\\/wp-content\\\/uploads\\\/2020\\\/08\\\/Logo_AR.jpg\",\"contentUrl\":\"http:\\\/\\\/autosdelpodio.com\\\/autos\\\/wp-content\\\/uploads\\\/2020\\\/08\\\/Logo_AR.jpg\",\"width\":1038,\"height\":1044,\"caption\":\"Autos del Podio\"},\"image\":{\"@id\":\"http:\\\/\\\/autosdelpodio.com\\\/autos\\\/#\\\/schema\\\/logo\\\/image\\\/\"},\"sameAs\":[\"https:\\\/\\\/www.facebook.com\\\/profile.php?id=100057192590976&amp;amp;amp;amp;amp;amp;amp;amp;amp;amp;amp;amp;amp;amp;amp;amp;amp;amp;ref=ts\",\"https:\\\/\\\/x.com\\\/autosdelpodio\",\"https:\\\/\\\/www.youtube.com\\\/user\\\/AutosdelPodio\"]},{\"@type\":\"Person\",\"@id\":\"http:\\\/\\\/autosdelpodio.com\\\/autos\\\/#\\\/schema\\\/person\\\/993527a4d01c3acdd3d6bce3770bc942\",\"name\":\"autosdelpodio\",\"image\":{\"@type\":\"ImageObject\",\"inLanguage\":\"es\",\"@id\":\"http:\\\/\\\/autosdelpodio.com\\\/autos\\\/wp-content\\\/litespeed\\\/avatar\\\/aa8f65cd201a80f6b844f63278aa84af.jpg?ver=1776798175\",\"url\":\"http:\\\/\\\/autosdelpodio.com\\\/autos\\\/wp-content\\\/litespeed\\\/avatar\\\/aa8f65cd201a80f6b844f63278aa84af.jpg?ver=1776798175\",\"contentUrl\":\"http:\\\/\\\/autosdelpodio.com\\\/autos\\\/wp-content\\\/litespeed\\\/avatar\\\/aa8f65cd201a80f6b844f63278aa84af.jpg?ver=1776798175\",\"caption\":\"autosdelpodio\"}}]}<\/script>\n<!-- \/ Yoast SEO plugin. -->","yoast_head_json":{"title":"Autos del Podio | Reducci\u00f3n parcial a la sanci\u00f3n a Leonel Pern\u00eda","description":"Autos del Podio La CAF de la ACTC revoc\u00f3 su fallo de forma parcial en el caso Leo Pern\u00eda","robots":{"index":"index","follow":"follow","max-snippet":"max-snippet:-1","max-image-preview":"max-image-preview:large","max-video-preview":"max-video-preview:-1"},"canonical":"http:\/\/autosdelpodio.com\/autos\/reduccion-parcial-a-la-sancion-a-leonel-pernia\/","og_locale":"es_ES","og_type":"article","og_title":"Leonel Pernia","og_description":"Leonel Pernia: la CAF de la ACTC revoc\u00f3 su fallo de forma parcial","og_url":"http:\/\/autosdelpodio.com\/autos\/reduccion-parcial-a-la-sancion-a-leonel-pernia\/","og_site_name":"Autos del Podio","article_publisher":"https:\/\/www.facebook.com\/profile.php?id=100057192590976&amp%3bamp%3bamp%3bamp%3bamp%3bamp%3bamp%3bamp%3bamp%3bamp%3bamp%3bamp%3bamp%3bamp%3bamp%3bamp%3bamp%3bamp%3bref=ts","article_published_time":"2025-06-12T19:39:27+00:00","article_modified_time":"2025-06-12T19:47:25+00:00","og_image":[{"width":500,"height":250,"url":"http:\/\/autosdelpodio.com\/autos\/wp-content\/uploads\/2025\/03\/ACTC_Logo.jpg","type":"image\/jpeg"}],"author":"autosdelpodio","twitter_card":"summary_large_image","twitter_creator":"@autosdelpodio","twitter_site":"@autosdelpodio","twitter_misc":{"Escrito por":"autosdelpodio","Tiempo de lectura":"2 minutos"},"schema":{"@context":"https:\/\/schema.org","@graph":[{"@type":"Article","@id":"http:\/\/autosdelpodio.com\/autos\/reduccion-parcial-a-la-sancion-a-leonel-pernia\/#article","isPartOf":{"@id":"http:\/\/autosdelpodio.com\/autos\/reduccion-parcial-a-la-sancion-a-leonel-pernia\/"},"author":{"name":"autosdelpodio","@id":"http:\/\/autosdelpodio.com\/autos\/#\/schema\/person\/993527a4d01c3acdd3d6bce3770bc942"},"headline":"Reducci\u00f3n parcial a la sanci\u00f3n a Leonel Pern\u00eda","datePublished":"2025-06-12T19:39:27+00:00","dateModified":"2025-06-12T19:47:25+00:00","mainEntityOfPage":{"@id":"http:\/\/autosdelpodio.com\/autos\/reduccion-parcial-a-la-sancion-a-leonel-pernia\/"},"wordCount":250,"commentCount":0,"publisher":{"@id":"http:\/\/autosdelpodio.com\/autos\/#organization"},"image":{"@id":"http:\/\/autosdelpodio.com\/autos\/reduccion-parcial-a-la-sancion-a-leonel-pernia\/#primaryimage"},"thumbnailUrl":"http:\/\/autosdelpodio.com\/autos\/wp-content\/uploads\/2025\/03\/ACTC_Logo.jpg","keywords":["ACTC","Leonel Pernia","Pilotos y Categorias","Turismo Carretera","Turismo Nacional"],"articleSection":["Destacado","\u00daltimas noticias"],"inLanguage":"es","potentialAction":[{"@type":"CommentAction","name":"Comment","target":["http:\/\/autosdelpodio.com\/autos\/reduccion-parcial-a-la-sancion-a-leonel-pernia\/#respond"]}]},{"@type":"WebPage","@id":"http:\/\/autosdelpodio.com\/autos\/reduccion-parcial-a-la-sancion-a-leonel-pernia\/","url":"http:\/\/autosdelpodio.com\/autos\/reduccion-parcial-a-la-sancion-a-leonel-pernia\/","name":"Autos del Podio | Reducci\u00f3n parcial a la sanci\u00f3n a Leonel Pern\u00eda","isPartOf":{"@id":"http:\/\/autosdelpodio.com\/autos\/#website"},"primaryImageOfPage":{"@id":"http:\/\/autosdelpodio.com\/autos\/reduccion-parcial-a-la-sancion-a-leonel-pernia\/#primaryimage"},"image":{"@id":"http:\/\/autosdelpodio.com\/autos\/reduccion-parcial-a-la-sancion-a-leonel-pernia\/#primaryimage"},"thumbnailUrl":"http:\/\/autosdelpodio.com\/autos\/wp-content\/uploads\/2025\/03\/ACTC_Logo.jpg","datePublished":"2025-06-12T19:39:27+00:00","dateModified":"2025-06-12T19:47:25+00:00","description":"Autos del Podio La CAF de la ACTC revoc\u00f3 su fallo de forma parcial en el caso Leo Pern\u00eda","breadcrumb":{"@id":"http:\/\/autosdelpodio.com\/autos\/reduccion-parcial-a-la-sancion-a-leonel-pernia\/#breadcrumb"},"inLanguage":"es","potentialAction":[{"@type":"ReadAction","target":["http:\/\/autosdelpodio.com\/autos\/reduccion-parcial-a-la-sancion-a-leonel-pernia\/"]}]},{"@type":"ImageObject","inLanguage":"es","@id":"http:\/\/autosdelpodio.com\/autos\/reduccion-parcial-a-la-sancion-a-leonel-pernia\/#primaryimage","url":"http:\/\/autosdelpodio.com\/autos\/wp-content\/uploads\/2025\/03\/ACTC_Logo.jpg","contentUrl":"http:\/\/autosdelpodio.com\/autos\/wp-content\/uploads\/2025\/03\/ACTC_Logo.jpg","width":500,"height":250},{"@type":"BreadcrumbList","@id":"http:\/\/autosdelpodio.com\/autos\/reduccion-parcial-a-la-sancion-a-leonel-pernia\/#breadcrumb","itemListElement":[{"@type":"ListItem","position":1,"name":"Portada","item":"http:\/\/autosdelpodio.com\/autos\/"},{"@type":"ListItem","position":2,"name":"Reducci\u00f3n parcial a la sanci\u00f3n a Leonel Pern\u00eda"}]},{"@type":"WebSite","@id":"http:\/\/autosdelpodio.com\/autos\/#website","url":"http:\/\/autosdelpodio.com\/autos\/","name":"Autos del Podio","description":"La sexta del deporte motor","publisher":{"@id":"http:\/\/autosdelpodio.com\/autos\/#organization"},"potentialAction":[{"@type":"SearchAction","target":{"@type":"EntryPoint","urlTemplate":"http:\/\/autosdelpodio.com\/autos\/?s={search_term_string}"},"query-input":{"@type":"PropertyValueSpecification","valueRequired":true,"valueName":"search_term_string"}}],"inLanguage":"es"},{"@type":"Organization","@id":"http:\/\/autosdelpodio.com\/autos\/#organization","name":"Autos del Podio","url":"http:\/\/autosdelpodio.com\/autos\/","logo":{"@type":"ImageObject","inLanguage":"es","@id":"http:\/\/autosdelpodio.com\/autos\/#\/schema\/logo\/image\/","url":"http:\/\/autosdelpodio.com\/autos\/wp-content\/uploads\/2020\/08\/Logo_AR.jpg","contentUrl":"http:\/\/autosdelpodio.com\/autos\/wp-content\/uploads\/2020\/08\/Logo_AR.jpg","width":1038,"height":1044,"caption":"Autos del Podio"},"image":{"@id":"http:\/\/autosdelpodio.com\/autos\/#\/schema\/logo\/image\/"},"sameAs":["https:\/\/www.facebook.com\/profile.php?id=100057192590976&amp;amp;amp;amp;amp;amp;amp;amp;amp;amp;amp;amp;amp;amp;amp;amp;amp;amp;ref=ts","https:\/\/x.com\/autosdelpodio","https:\/\/www.youtube.com\/user\/AutosdelPodio"]},{"@type":"Person","@id":"http:\/\/autosdelpodio.com\/autos\/#\/schema\/person\/993527a4d01c3acdd3d6bce3770bc942","name":"autosdelpodio","image":{"@type":"ImageObject","inLanguage":"es","@id":"http:\/\/autosdelpodio.com\/autos\/wp-content\/litespeed\/avatar\/aa8f65cd201a80f6b844f63278aa84af.jpg?ver=1776798175","url":"http:\/\/autosdelpodio.com\/autos\/wp-content\/litespeed\/avatar\/aa8f65cd201a80f6b844f63278aa84af.jpg?ver=1776798175","contentUrl":"http:\/\/autosdelpodio.com\/autos\/wp-content\/litespeed\/avatar\/aa8f65cd201a80f6b844f63278aa84af.jpg?ver=1776798175","caption":"autosdelpodio"}}]}},"views":474,"_links":{"self":[{"href":"http:\/\/autosdelpodio.com\/autos\/wp-json\/wp\/v2\/posts\/8417","targetHints":{"allow":["GET"]}}],"collection":[{"href":"http:\/\/autosdelpodio.com\/autos\/wp-json\/wp\/v2\/posts"}],"about":[{"href":"http:\/\/autosdelpodio.com\/autos\/wp-json\/wp\/v2\/types\/post"}],"author":[{"embeddable":true,"href":"http:\/\/autosdelpodio.com\/autos\/wp-json\/wp\/v2\/users\/3"}],"replies":[{"embeddable":true,"href":"http:\/\/autosdelpodio.com\/autos\/wp-json\/wp\/v2\/comments?post=8417"}],"version-history":[{"count":2,"href":"http:\/\/autosdelpodio.com\/autos\/wp-json\/wp\/v2\/posts\/8417\/revisions"}],"predecessor-version":[{"id":8419,"href":"http:\/\/autosdelpodio.com\/autos\/wp-json\/wp\/v2\/posts\/8417\/revisions\/8419"}],"wp:featuredmedia":[{"embeddable":true,"href":"http:\/\/autosdelpodio.com\/autos\/wp-json\/wp\/v2\/media\/8228"}],"wp:attachment":[{"href":"http:\/\/autosdelpodio.com\/autos\/wp-json\/wp\/v2\/media?parent=8417"}],"wp:term":[{"taxonomy":"category","embeddable":true,"href":"http:\/\/autosdelpodio.com\/autos\/wp-json\/wp\/v2\/categories?post=8417"},{"taxonomy":"post_tag","embeddable":true,"href":"http:\/\/autosdelpodio.com\/autos\/wp-json\/wp\/v2\/tags?post=8417"}],"curies":[{"name":"wp","href":"https:\/\/api.w.org\/{rel}","templated":true}]}}