{"id":8423,"date":"2025-06-14T00:00:00","date_gmt":"2025-06-14T03:00:00","guid":{"rendered":"https:\/\/autosdelpodio.com\/autos\/?p=8423"},"modified":"2025-06-13T16:34:06","modified_gmt":"2025-06-13T19:34:06","slug":"volkswagen-polo-comfortline-la-version-renovada","status":"publish","type":"post","link":"http:\/\/autosdelpodio.com\/autos\/volkswagen-polo-comfortline-la-version-renovada\/","title":{"rendered":"Volkswagen Polo Comfortline , la versi\u00f3n renovada"},"content":{"rendered":"\n<p>Volkswagen Argentina presenta la renovaci\u00f3n del Polo en su variante \u201cComfortline\u201d, que llega con una nueva motorizaci\u00f3n y mayor equipamiento para ofrecer una experiencia de conducci\u00f3n m\u00e1s eficiente y segura. El Polo \u201cComfortline\u201d, reconocido por su confiablidad, tecnolog\u00eda y dise\u00f1o, se lanza con el moderno motor 170TSI combinado con una caja autom\u00e1tica de 6 marchas y mayor equipamiento.<\/p>\n\n\n\n<p>El Polo \u201cComfortline\u201d ofrece un completo equipamiento para hacer de este veh\u00edculo el compa\u00f1ero ideal para todas las necesidades del usuario. Equipado con el motor 170TSI de 101CV y caja autom\u00e1tica de 6 marchas, el Polo \u201cComfortline\u201d presenta en su exterior llantas de aleaci\u00f3n de 15\u201d, faros delanteros \u201cVW LED\u201d y sensores de estacionamiento traseros. En su equipamiento interior se destaca el volante multifunci\u00f3n en cuero con levas incluidas, control de velocidad crucero, un tablero digital de 8\u201d, conectividad inal\u00e1mbrica \u201cVW PLAY\u201d con una pantalla de 10\u201d compatible con \u201cAndroid Auto\u201d y \u201cApple CarPlay\u201d, bot\u00f3n de arranque \u201cKeyless Entry &amp; Go\u201d y modernos asientos tapizados en tela.<\/p>\n\n\n\n<p>El Volkswagen Polo \u201cComfortline\u201d tiene un precio de $34.078.900 y ya est\u00e1 disponible en todos los concesionarios Volkswagen del pa\u00eds.<\/p>\n\n\n\n<p><em>Fuente: prensa Volkswagen Argentina<\/em><\/p>\n","protected":false},"excerpt":{"rendered":"<p>Volkswagen Argentina presenta la renovaci\u00f3n del Polo en su variante \u201cComfortline\u201d, que llega con una nueva motorizaci\u00f3n y mayor equipamiento<\/p>\n","protected":false},"author":3,"featured_media":8424,"comment_status":"open","ping_status":"open","sticky":false,"template":"","format":"standard","meta":{"colormag_page_container_layout":"default_layout","colormag_page_sidebar_layout":"default_layout","footnotes":""},"categories":[6,5],"tags":[32,208,35,90],"class_list":["post-8423","post","type-post","status-publish","format-standard","has-post-thumbnail","hentry","category-newsflash","category-latest-news","tag-industria-automotriz","tag-produccion","tag-republica-argentina","tag-volkswagen"],"yoast_head":"<!-- This site is optimized with the Yoast SEO plugin v27.5 - https:\/\/yoast.com\/product\/yoast-seo-wordpress\/ -->\n<title>Autos del Podio | Volkswagen Polo Comfortline , la versi\u00f3n renovada<\/title>\n<meta name=\"description\" content=\"Autos del Podio El Volkswagen Polo, en su versi\u00f3n \u201cComfortline\u201d, renueva su motorizaci\u00f3n y ofrece mayor equipamiento\" \/>\n<meta name=\"robots\" content=\"index, follow, max-snippet:-1, max-image-preview:large, max-video-preview:-1\" \/>\n<link rel=\"canonical\" href=\"http:\/\/autosdelpodio.com\/autos\/volkswagen-polo-comfortline-la-version-renovada\/\" \/>\n<meta property=\"og:locale\" content=\"es_ES\" \/>\n<meta property=\"og:type\" content=\"article\" \/>\n<meta property=\"og:title\" content=\"VW Polo\" \/>\n<meta property=\"og:description\" content=\"El Volkswagen Polo, en su versi\u00f3n \u201cComfortline\u201d, renueva su motorizaci\u00f3n y ofrece mayor equipamiento\" \/>\n<meta property=\"og:url\" content=\"http:\/\/autosdelpodio.com\/autos\/volkswagen-polo-comfortline-la-version-renovada\/\" \/>\n<meta property=\"og:site_name\" content=\"Autos del Podio\" \/>\n<meta property=\"article:publisher\" content=\"https:\/\/www.facebook.com\/profile.php?id=100057192590976&amp;amp%3bamp%3bamp%3bamp%3bamp%3bamp%3bamp%3bamp%3bamp%3bamp%3bamp%3bamp%3bamp%3bamp%3bamp%3bamp%3bamp%3bamp%3bref=ts\" \/>\n<meta property=\"article:published_time\" content=\"2025-06-14T03:00:00+00:00\" \/>\n<meta property=\"og:image\" content=\"http:\/\/autosdelpodio.com\/autos\/wp-content\/uploads\/2025\/06\/VW_Polo.jpg\" \/>\n\t<meta property=\"og:image:width\" content=\"500\" \/>\n\t<meta property=\"og:image:height\" content=\"250\" \/>\n\t<meta property=\"og:image:type\" content=\"image\/jpeg\" \/>\n<meta name=\"author\" content=\"autosdelpodio\" \/>\n<meta name=\"twitter:card\" content=\"summary_large_image\" \/>\n<meta name=\"twitter:creator\" content=\"@autosdelpodio\" \/>\n<meta name=\"twitter:site\" content=\"@autosdelpodio\" \/>\n<meta name=\"twitter:label1\" content=\"Escrito por\" \/>\n\t<meta name=\"twitter:data1\" content=\"autosdelpodio\" \/>\n\t<meta name=\"twitter:label2\" content=\"Tiempo de lectura\" \/>\n\t<meta name=\"twitter:data2\" content=\"2 minutos\" \/>\n<script type=\"application\/ld+json\" class=\"yoast-schema-graph\">{\"@context\":\"https:\\\/\\\/schema.org\",\"@graph\":[{\"@type\":\"Article\",\"@id\":\"http:\\\/\\\/autosdelpodio.com\\\/autos\\\/volkswagen-polo-comfortline-la-version-renovada\\\/#article\",\"isPartOf\":{\"@id\":\"http:\\\/\\\/autosdelpodio.com\\\/autos\\\/volkswagen-polo-comfortline-la-version-renovada\\\/\"},\"author\":{\"name\":\"autosdelpodio\",\"@id\":\"http:\\\/\\\/autosdelpodio.com\\\/autos\\\/#\\\/schema\\\/person\\\/993527a4d01c3acdd3d6bce3770bc942\"},\"headline\":\"Volkswagen Polo Comfortline , la versi\u00f3n renovada\",\"datePublished\":\"2025-06-14T03:00:00+00:00\",\"mainEntityOfPage\":{\"@id\":\"http:\\\/\\\/autosdelpodio.com\\\/autos\\\/volkswagen-polo-comfortline-la-version-renovada\\\/\"},\"wordCount\":205,\"commentCount\":0,\"publisher\":{\"@id\":\"http:\\\/\\\/autosdelpodio.com\\\/autos\\\/#organization\"},\"image\":{\"@id\":\"http:\\\/\\\/autosdelpodio.com\\\/autos\\\/volkswagen-polo-comfortline-la-version-renovada\\\/#primaryimage\"},\"thumbnailUrl\":\"http:\\\/\\\/autosdelpodio.com\\\/autos\\\/wp-content\\\/uploads\\\/2025\\\/06\\\/VW_Polo.jpg\",\"keywords\":[\"Industria Automotriz\",\"Producci\u00f3n\",\"Republica Argentina\",\"Volkswagen\"],\"articleSection\":[\"Destacado\",\"\u00daltimas noticias\"],\"inLanguage\":\"es\",\"potentialAction\":[{\"@type\":\"CommentAction\",\"name\":\"Comment\",\"target\":[\"http:\\\/\\\/autosdelpodio.com\\\/autos\\\/volkswagen-polo-comfortline-la-version-renovada\\\/#respond\"]}]},{\"@type\":\"WebPage\",\"@id\":\"http:\\\/\\\/autosdelpodio.com\\\/autos\\\/volkswagen-polo-comfortline-la-version-renovada\\\/\",\"url\":\"http:\\\/\\\/autosdelpodio.com\\\/autos\\\/volkswagen-polo-comfortline-la-version-renovada\\\/\",\"name\":\"Autos del Podio | Volkswagen Polo Comfortline , la versi\u00f3n renovada\",\"isPartOf\":{\"@id\":\"http:\\\/\\\/autosdelpodio.com\\\/autos\\\/#website\"},\"primaryImageOfPage\":{\"@id\":\"http:\\\/\\\/autosdelpodio.com\\\/autos\\\/volkswagen-polo-comfortline-la-version-renovada\\\/#primaryimage\"},\"image\":{\"@id\":\"http:\\\/\\\/autosdelpodio.com\\\/autos\\\/volkswagen-polo-comfortline-la-version-renovada\\\/#primaryimage\"},\"thumbnailUrl\":\"http:\\\/\\\/autosdelpodio.com\\\/autos\\\/wp-content\\\/uploads\\\/2025\\\/06\\\/VW_Polo.jpg\",\"datePublished\":\"2025-06-14T03:00:00+00:00\",\"description\":\"Autos del Podio El Volkswagen Polo, en su versi\u00f3n \u201cComfortline\u201d, renueva su motorizaci\u00f3n y ofrece mayor equipamiento\",\"breadcrumb\":{\"@id\":\"http:\\\/\\\/autosdelpodio.com\\\/autos\\\/volkswagen-polo-comfortline-la-version-renovada\\\/#breadcrumb\"},\"inLanguage\":\"es\",\"potentialAction\":[{\"@type\":\"ReadAction\",\"target\":[\"http:\\\/\\\/autosdelpodio.com\\\/autos\\\/volkswagen-polo-comfortline-la-version-renovada\\\/\"]}]},{\"@type\":\"ImageObject\",\"inLanguage\":\"es\",\"@id\":\"http:\\\/\\\/autosdelpodio.com\\\/autos\\\/volkswagen-polo-comfortline-la-version-renovada\\\/#primaryimage\",\"url\":\"http:\\\/\\\/autosdelpodio.com\\\/autos\\\/wp-content\\\/uploads\\\/2025\\\/06\\\/VW_Polo.jpg\",\"contentUrl\":\"http:\\\/\\\/autosdelpodio.com\\\/autos\\\/wp-content\\\/uploads\\\/2025\\\/06\\\/VW_Polo.jpg\",\"width\":500,\"height\":250},{\"@type\":\"BreadcrumbList\",\"@id\":\"http:\\\/\\\/autosdelpodio.com\\\/autos\\\/volkswagen-polo-comfortline-la-version-renovada\\\/#breadcrumb\",\"itemListElement\":[{\"@type\":\"ListItem\",\"position\":1,\"name\":\"Portada\",\"item\":\"http:\\\/\\\/autosdelpodio.com\\\/autos\\\/\"},{\"@type\":\"ListItem\",\"position\":2,\"name\":\"Volkswagen Polo Comfortline , la versi\u00f3n renovada\"}]},{\"@type\":\"WebSite\",\"@id\":\"http:\\\/\\\/autosdelpodio.com\\\/autos\\\/#website\",\"url\":\"http:\\\/\\\/autosdelpodio.com\\\/autos\\\/\",\"name\":\"Autos del Podio\",\"description\":\"La sexta del deporte motor\",\"publisher\":{\"@id\":\"http:\\\/\\\/autosdelpodio.com\\\/autos\\\/#organization\"},\"potentialAction\":[{\"@type\":\"SearchAction\",\"target\":{\"@type\":\"EntryPoint\",\"urlTemplate\":\"http:\\\/\\\/autosdelpodio.com\\\/autos\\\/?s={search_term_string}\"},\"query-input\":{\"@type\":\"PropertyValueSpecification\",\"valueRequired\":true,\"valueName\":\"search_term_string\"}}],\"inLanguage\":\"es\"},{\"@type\":\"Organization\",\"@id\":\"http:\\\/\\\/autosdelpodio.com\\\/autos\\\/#organization\",\"name\":\"Autos del Podio\",\"url\":\"http:\\\/\\\/autosdelpodio.com\\\/autos\\\/\",\"logo\":{\"@type\":\"ImageObject\",\"inLanguage\":\"es\",\"@id\":\"http:\\\/\\\/autosdelpodio.com\\\/autos\\\/#\\\/schema\\\/logo\\\/image\\\/\",\"url\":\"http:\\\/\\\/autosdelpodio.com\\\/autos\\\/wp-content\\\/uploads\\\/2020\\\/08\\\/Logo_AR.jpg\",\"contentUrl\":\"http:\\\/\\\/autosdelpodio.com\\\/autos\\\/wp-content\\\/uploads\\\/2020\\\/08\\\/Logo_AR.jpg\",\"width\":1038,\"height\":1044,\"caption\":\"Autos del Podio\"},\"image\":{\"@id\":\"http:\\\/\\\/autosdelpodio.com\\\/autos\\\/#\\\/schema\\\/logo\\\/image\\\/\"},\"sameAs\":[\"https:\\\/\\\/www.facebook.com\\\/profile.php?id=100057192590976&amp;amp;amp;amp;amp;amp;amp;amp;amp;amp;amp;amp;amp;amp;amp;amp;amp;amp;ref=ts\",\"https:\\\/\\\/x.com\\\/autosdelpodio\",\"https:\\\/\\\/www.youtube.com\\\/user\\\/AutosdelPodio\"]},{\"@type\":\"Person\",\"@id\":\"http:\\\/\\\/autosdelpodio.com\\\/autos\\\/#\\\/schema\\\/person\\\/993527a4d01c3acdd3d6bce3770bc942\",\"name\":\"autosdelpodio\",\"image\":{\"@type\":\"ImageObject\",\"inLanguage\":\"es\",\"@id\":\"http:\\\/\\\/autosdelpodio.com\\\/autos\\\/wp-content\\\/litespeed\\\/avatar\\\/aa8f65cd201a80f6b844f63278aa84af.jpg?ver=1777403005\",\"url\":\"http:\\\/\\\/autosdelpodio.com\\\/autos\\\/wp-content\\\/litespeed\\\/avatar\\\/aa8f65cd201a80f6b844f63278aa84af.jpg?ver=1777403005\",\"contentUrl\":\"http:\\\/\\\/autosdelpodio.com\\\/autos\\\/wp-content\\\/litespeed\\\/avatar\\\/aa8f65cd201a80f6b844f63278aa84af.jpg?ver=1777403005\",\"caption\":\"autosdelpodio\"}}]}<\/script>\n<!-- \/ Yoast SEO plugin. -->","yoast_head_json":{"title":"Autos del Podio | Volkswagen Polo Comfortline , la versi\u00f3n renovada","description":"Autos del Podio El Volkswagen Polo, en su versi\u00f3n \u201cComfortline\u201d, renueva su motorizaci\u00f3n y ofrece mayor equipamiento","robots":{"index":"index","follow":"follow","max-snippet":"max-snippet:-1","max-image-preview":"max-image-preview:large","max-video-preview":"max-video-preview:-1"},"canonical":"http:\/\/autosdelpodio.com\/autos\/volkswagen-polo-comfortline-la-version-renovada\/","og_locale":"es_ES","og_type":"article","og_title":"VW Polo","og_description":"El Volkswagen Polo, en su versi\u00f3n \u201cComfortline\u201d, renueva su motorizaci\u00f3n y ofrece mayor equipamiento","og_url":"http:\/\/autosdelpodio.com\/autos\/volkswagen-polo-comfortline-la-version-renovada\/","og_site_name":"Autos del Podio","article_publisher":"https:\/\/www.facebook.com\/profile.php?id=100057192590976&amp%3bamp%3bamp%3bamp%3bamp%3bamp%3bamp%3bamp%3bamp%3bamp%3bamp%3bamp%3bamp%3bamp%3bamp%3bamp%3bamp%3bamp%3bref=ts","article_published_time":"2025-06-14T03:00:00+00:00","og_image":[{"width":500,"height":250,"url":"http:\/\/autosdelpodio.com\/autos\/wp-content\/uploads\/2025\/06\/VW_Polo.jpg","type":"image\/jpeg"}],"author":"autosdelpodio","twitter_card":"summary_large_image","twitter_creator":"@autosdelpodio","twitter_site":"@autosdelpodio","twitter_misc":{"Escrito por":"autosdelpodio","Tiempo de lectura":"2 minutos"},"schema":{"@context":"https:\/\/schema.org","@graph":[{"@type":"Article","@id":"http:\/\/autosdelpodio.com\/autos\/volkswagen-polo-comfortline-la-version-renovada\/#article","isPartOf":{"@id":"http:\/\/autosdelpodio.com\/autos\/volkswagen-polo-comfortline-la-version-renovada\/"},"author":{"name":"autosdelpodio","@id":"http:\/\/autosdelpodio.com\/autos\/#\/schema\/person\/993527a4d01c3acdd3d6bce3770bc942"},"headline":"Volkswagen Polo Comfortline , la versi\u00f3n renovada","datePublished":"2025-06-14T03:00:00+00:00","mainEntityOfPage":{"@id":"http:\/\/autosdelpodio.com\/autos\/volkswagen-polo-comfortline-la-version-renovada\/"},"wordCount":205,"commentCount":0,"publisher":{"@id":"http:\/\/autosdelpodio.com\/autos\/#organization"},"image":{"@id":"http:\/\/autosdelpodio.com\/autos\/volkswagen-polo-comfortline-la-version-renovada\/#primaryimage"},"thumbnailUrl":"http:\/\/autosdelpodio.com\/autos\/wp-content\/uploads\/2025\/06\/VW_Polo.jpg","keywords":["Industria Automotriz","Producci\u00f3n","Republica Argentina","Volkswagen"],"articleSection":["Destacado","\u00daltimas noticias"],"inLanguage":"es","potentialAction":[{"@type":"CommentAction","name":"Comment","target":["http:\/\/autosdelpodio.com\/autos\/volkswagen-polo-comfortline-la-version-renovada\/#respond"]}]},{"@type":"WebPage","@id":"http:\/\/autosdelpodio.com\/autos\/volkswagen-polo-comfortline-la-version-renovada\/","url":"http:\/\/autosdelpodio.com\/autos\/volkswagen-polo-comfortline-la-version-renovada\/","name":"Autos del Podio | Volkswagen Polo Comfortline , la versi\u00f3n renovada","isPartOf":{"@id":"http:\/\/autosdelpodio.com\/autos\/#website"},"primaryImageOfPage":{"@id":"http:\/\/autosdelpodio.com\/autos\/volkswagen-polo-comfortline-la-version-renovada\/#primaryimage"},"image":{"@id":"http:\/\/autosdelpodio.com\/autos\/volkswagen-polo-comfortline-la-version-renovada\/#primaryimage"},"thumbnailUrl":"http:\/\/autosdelpodio.com\/autos\/wp-content\/uploads\/2025\/06\/VW_Polo.jpg","datePublished":"2025-06-14T03:00:00+00:00","description":"Autos del Podio El Volkswagen Polo, en su versi\u00f3n \u201cComfortline\u201d, renueva su motorizaci\u00f3n y ofrece mayor equipamiento","breadcrumb":{"@id":"http:\/\/autosdelpodio.com\/autos\/volkswagen-polo-comfortline-la-version-renovada\/#breadcrumb"},"inLanguage":"es","potentialAction":[{"@type":"ReadAction","target":["http:\/\/autosdelpodio.com\/autos\/volkswagen-polo-comfortline-la-version-renovada\/"]}]},{"@type":"ImageObject","inLanguage":"es","@id":"http:\/\/autosdelpodio.com\/autos\/volkswagen-polo-comfortline-la-version-renovada\/#primaryimage","url":"http:\/\/autosdelpodio.com\/autos\/wp-content\/uploads\/2025\/06\/VW_Polo.jpg","contentUrl":"http:\/\/autosdelpodio.com\/autos\/wp-content\/uploads\/2025\/06\/VW_Polo.jpg","width":500,"height":250},{"@type":"BreadcrumbList","@id":"http:\/\/autosdelpodio.com\/autos\/volkswagen-polo-comfortline-la-version-renovada\/#breadcrumb","itemListElement":[{"@type":"ListItem","position":1,"name":"Portada","item":"http:\/\/autosdelpodio.com\/autos\/"},{"@type":"ListItem","position":2,"name":"Volkswagen Polo Comfortline , la versi\u00f3n renovada"}]},{"@type":"WebSite","@id":"http:\/\/autosdelpodio.com\/autos\/#website","url":"http:\/\/autosdelpodio.com\/autos\/","name":"Autos del Podio","description":"La sexta del deporte motor","publisher":{"@id":"http:\/\/autosdelpodio.com\/autos\/#organization"},"potentialAction":[{"@type":"SearchAction","target":{"@type":"EntryPoint","urlTemplate":"http:\/\/autosdelpodio.com\/autos\/?s={search_term_string}"},"query-input":{"@type":"PropertyValueSpecification","valueRequired":true,"valueName":"search_term_string"}}],"inLanguage":"es"},{"@type":"Organization","@id":"http:\/\/autosdelpodio.com\/autos\/#organization","name":"Autos del Podio","url":"http:\/\/autosdelpodio.com\/autos\/","logo":{"@type":"ImageObject","inLanguage":"es","@id":"http:\/\/autosdelpodio.com\/autos\/#\/schema\/logo\/image\/","url":"http:\/\/autosdelpodio.com\/autos\/wp-content\/uploads\/2020\/08\/Logo_AR.jpg","contentUrl":"http:\/\/autosdelpodio.com\/autos\/wp-content\/uploads\/2020\/08\/Logo_AR.jpg","width":1038,"height":1044,"caption":"Autos del Podio"},"image":{"@id":"http:\/\/autosdelpodio.com\/autos\/#\/schema\/logo\/image\/"},"sameAs":["https:\/\/www.facebook.com\/profile.php?id=100057192590976&amp;amp;amp;amp;amp;amp;amp;amp;amp;amp;amp;amp;amp;amp;amp;amp;amp;amp;ref=ts","https:\/\/x.com\/autosdelpodio","https:\/\/www.youtube.com\/user\/AutosdelPodio"]},{"@type":"Person","@id":"http:\/\/autosdelpodio.com\/autos\/#\/schema\/person\/993527a4d01c3acdd3d6bce3770bc942","name":"autosdelpodio","image":{"@type":"ImageObject","inLanguage":"es","@id":"http:\/\/autosdelpodio.com\/autos\/wp-content\/litespeed\/avatar\/aa8f65cd201a80f6b844f63278aa84af.jpg?ver=1777403005","url":"http:\/\/autosdelpodio.com\/autos\/wp-content\/litespeed\/avatar\/aa8f65cd201a80f6b844f63278aa84af.jpg?ver=1777403005","contentUrl":"http:\/\/autosdelpodio.com\/autos\/wp-content\/litespeed\/avatar\/aa8f65cd201a80f6b844f63278aa84af.jpg?ver=1777403005","caption":"autosdelpodio"}}]}},"views":594,"_links":{"self":[{"href":"http:\/\/autosdelpodio.com\/autos\/wp-json\/wp\/v2\/posts\/8423","targetHints":{"allow":["GET"]}}],"collection":[{"href":"http:\/\/autosdelpodio.com\/autos\/wp-json\/wp\/v2\/posts"}],"about":[{"href":"http:\/\/autosdelpodio.com\/autos\/wp-json\/wp\/v2\/types\/post"}],"author":[{"embeddable":true,"href":"http:\/\/autosdelpodio.com\/autos\/wp-json\/wp\/v2\/users\/3"}],"replies":[{"embeddable":true,"href":"http:\/\/autosdelpodio.com\/autos\/wp-json\/wp\/v2\/comments?post=8423"}],"version-history":[{"count":1,"href":"http:\/\/autosdelpodio.com\/autos\/wp-json\/wp\/v2\/posts\/8423\/revisions"}],"predecessor-version":[{"id":8425,"href":"http:\/\/autosdelpodio.com\/autos\/wp-json\/wp\/v2\/posts\/8423\/revisions\/8425"}],"wp:featuredmedia":[{"embeddable":true,"href":"http:\/\/autosdelpodio.com\/autos\/wp-json\/wp\/v2\/media\/8424"}],"wp:attachment":[{"href":"http:\/\/autosdelpodio.com\/autos\/wp-json\/wp\/v2\/media?parent=8423"}],"wp:term":[{"taxonomy":"category","embeddable":true,"href":"http:\/\/autosdelpodio.com\/autos\/wp-json\/wp\/v2\/categories?post=8423"},{"taxonomy":"post_tag","embeddable":true,"href":"http:\/\/autosdelpodio.com\/autos\/wp-json\/wp\/v2\/tags?post=8423"}],"curies":[{"name":"wp","href":"https:\/\/api.w.org\/{rel}","templated":true}]}}