{"id":8433,"date":"2025-06-16T19:34:45","date_gmt":"2025-06-16T22:34:45","guid":{"rendered":"http:\/\/autosdelpodio.com\/autos\/?p=8433"},"modified":"2025-06-16T19:34:47","modified_gmt":"2025-06-16T22:34:47","slug":"martinez-se-anota-en-el-historial-de-ganadores","status":"publish","type":"post","link":"http:\/\/autosdelpodio.com\/autos\/martinez-se-anota-en-el-historial-de-ganadores\/","title":{"rendered":"Mart\u00ednez se anota en el historial de ganadores"},"content":{"rendered":"\n<p>Thiago Mart\u00ednez tuvo su debut triunfal en la Clase 3 del TN que disput\u00f3 su sexta en el aut\u00f3dromo de Viedma.Al joven con Toyota Corolla lo escoltaron los Cruze de Jorge Barrio y Jeronimo Teti.<br>La pr\u00f3xima fecha se llevar\u00e1 a cabo del 5 y 6 de julio en el Circuito Internacional \u201cTermas de R\u00edo Hondo\u201d, en la provincia de Santiago del Estero.<\/p>\n\n\n\n<p><em><strong>Final C3 del TN &#8211; Rio Negro &#8211; Fecha 6<\/strong><\/em><\/p>\n\n\n\n<figure class=\"wp-block-table\"><table class=\"has-fixed-layout\"><tbody><tr><td>1\u00ba<\/td><td>MARTINEZ THIAGO<\/td><td>COROLLA<\/td><td>34;55.245<\/td><\/tr><tr><td>2\u00ba<\/td><td>BARRIO JORGE<\/td><td>CRUZE<\/td><td>2.809<\/td><\/tr><tr><td>3\u00ba<\/td><td>TETI JERONIMO<\/td><td>CRUZE<\/td><td>3.410<\/td><\/tr><tr><td>4\u00ba<\/td><td>URCERA JOSE MANUEL<\/td><td>FOCUS<\/td><td>3.635<\/td><\/tr><tr><td>5\u00ba<\/td><td>OKULOVICH CARLOS<\/td><td>VENTO<\/td><td>7.493<\/td><\/tr><tr><td>6\u00ba<\/td><td>LARRAURI LEONEL<\/td><td>CIVIC<\/td><td>9.651<\/td><\/tr><tr><td>7\u00ba<\/td><td>SANTERO JULIAN<\/td><td>COROLLA<\/td><td>10.937<\/td><\/tr><tr><td>8\u00ba<\/td><td>VALLE MARIO<\/td><td>FOCUS<\/td><td>11.538<\/td><\/tr><tr><td>9\u00ba<\/td><td>MUNOZ M. MATIAS<\/td><td>FOCUS<\/td><td>14.171<\/td><\/tr><tr><td>10\u00ba<\/td><td>CARDUCCI LEANDRO<\/td><td>FOCUS<\/td><td>14.700<\/td><\/tr><tr><td>11\u00ba<\/td><td>DE BRABANDERE AGUSTIN<\/td><td>FOCUS<\/td><td>15.351<\/td><\/tr><tr><td>12\u00ba<\/td><td>FRANETOVICH EVER<\/td><td>FOCUS<\/td><td>15.789<\/td><\/tr><tr><td>13\u00ba<\/td><td>LUGON RODRIGO<\/td><td>VIRTUS<\/td><td>17.574<\/td><\/tr><tr><td>14\u00ba<\/td><td>YANNANTUONI FABIAN<\/td><td>FOCUS<\/td><td>18.317<\/td><\/tr><tr><td>15\u00ba<\/td><td>DOMENECH ALFONSO<\/td><td>VIRTUS<\/td><td>18.582<\/td><\/tr><tr><td>16\u00ba<\/td><td>PERCAZ ADRIAN<\/td><td>FOCUS<\/td><td>20.205<\/td><\/tr><tr><td>17\u00ba<\/td><td>GOMEZ SEBASTIAN<\/td><td>CRUZE<\/td><td>20.444<\/td><\/tr><tr><td>18\u00ba<\/td><td>VICINO LUCAS<\/td><td>CRUZE<\/td><td>26.234<\/td><\/tr><tr><td>19\u00ba<\/td><td>COHEN MATIAS<\/td><td>FOCUS<\/td><td>58.371<\/td><\/tr><tr><td>20\u00ba<\/td><td>CASTELLANO JONATAN<\/td><td>CRUZE<\/td><td>2 VTAS<\/td><\/tr><tr><td>21\u00ba<\/td><td>GASSMANN JOEL<\/td><td>CRUZE<\/td><td>2 VTAS<\/td><\/tr><tr><td>22\u00ba<\/td><td>CIANTINI DIEGO<\/td><td>FOCUS<\/td><td>5 VTAS<\/td><\/tr><tr><td>23\u00ba<\/td><td>TEDESCHI LUCAS<\/td><td>FOCUS<\/td><td>8 VTAS<\/td><\/tr><tr><td>24\u00ba<\/td><td>MARQUES FACUNDO<\/td><td>FOCUS<\/td><td>14 VTAS<\/td><\/tr><tr><td>25\u00ba<\/td><td>CHAPUR FACUNDO<\/td><td>C-ELYSEE<\/td><td>15 VTAS<\/td><\/tr><tr><td>26\u00ba<\/td><td>MALLO MANUEL<\/td><td>CRUZE<\/td><td>16 VTAS<\/td><\/tr><tr><td>27\u00ba<\/td><td>RISATTI RICARDO<\/td><td>COROLLA<\/td><td>18 VTAS<\/td><\/tr><tr><td>28\u00ba<\/td><td>MALLO SANTIAGO<\/td><td>CRUZE<\/td><td>19 VTAS<\/td><\/tr><tr><td>29\u00ba<\/td><td>SEFCHEK BLAS<\/td><td>VENTO<\/td><td>19 VTAS<\/td><\/tr><tr><td>30\u00ba<\/td><td>QUEVEDO BRAIAN<\/td><td>COROLLA<\/td><td>19 VTAS<\/td><\/tr><\/tbody><\/table><\/figure>\n\n\n\n<p><strong>Promedio del 1\u00ba:&nbsp;<\/strong>141,509 km\/h.&nbsp;<strong>R\u00e9cord de vuelta:<\/strong>&nbsp;Urcera en la vuelta 8 con 1:37.392 a 152,218 km\/h.&nbsp;<strong>Excluido:&nbsp;<\/strong>Juan Pipkin (Chevrolet Cruze), que hab\u00eda llegado 18\u00ba, por no tener el precinto del motor.<\/p>\n","protected":false},"excerpt":{"rendered":"<p>Thiago Mart\u00ednez tuvo su debut triunfal en la Clase 3 del TN que disput\u00f3 su sexta en el aut\u00f3dromo de<\/p>\n","protected":false},"author":3,"featured_media":1614,"comment_status":"open","ping_status":"open","sticky":false,"template":"","format":"standard","meta":{"colormag_page_container_layout":"default_layout","colormag_page_sidebar_layout":"default_layout","footnotes":""},"categories":[16,5],"tags":[512,590,834,795,78,591],"class_list":["post-8433","post","type-post","status-publish","format-standard","has-post-thumbnail","hentry","category-recta-principal","category-latest-news","tag-clase-3","tag-rio-negro","tag-thiago-martinez","tag-toyota-corolla","tag-turismo-nacional","tag-viedma"],"yoast_head":"<!-- This site is optimized with the Yoast SEO plugin v27.4 - https:\/\/yoast.com\/product\/yoast-seo-wordpress\/ -->\n<title>Autos del Podio | Mart\u00ednez se anota en el historial de ganadores<\/title>\n<meta name=\"description\" content=\"Autos del Podio En apenas apenas su 6\u00aa carrera en la Clase 3 del TN Thiago Martinez cant\u00f3 victoria\" \/>\n<meta name=\"robots\" content=\"index, follow, max-snippet:-1, max-image-preview:large, max-video-preview:-1\" \/>\n<link rel=\"canonical\" href=\"http:\/\/autosdelpodio.com\/autos\/martinez-se-anota-en-el-historial-de-ganadores\/\" \/>\n<meta property=\"og:locale\" content=\"es_ES\" \/>\n<meta property=\"og:type\" content=\"article\" \/>\n<meta property=\"og:title\" content=\"Turismo Nacional\" \/>\n<meta property=\"og:description\" content=\"En apenas apenas su 6\u00aa carrera en la Clase 3 del TN Thiago Martinez cant\u00f3 victoria\" \/>\n<meta property=\"og:url\" content=\"http:\/\/autosdelpodio.com\/autos\/martinez-se-anota-en-el-historial-de-ganadores\/\" \/>\n<meta property=\"og:site_name\" content=\"Autos del Podio\" \/>\n<meta property=\"article:publisher\" content=\"https:\/\/www.facebook.com\/profile.php?id=100057192590976&amp;amp%3bamp%3bamp%3bamp%3bamp%3bamp%3bamp%3bamp%3bamp%3bamp%3bamp%3bamp%3bamp%3bamp%3bamp%3bamp%3bamp%3bamp%3bref=ts\" \/>\n<meta property=\"article:published_time\" content=\"2025-06-16T22:34:45+00:00\" \/>\n<meta property=\"article:modified_time\" content=\"2025-06-16T22:34:47+00:00\" \/>\n<meta property=\"og:image\" content=\"http:\/\/autosdelpodio.com\/autos\/wp-content\/uploads\/2020\/04\/Logo_Turismo_Nacional.jpg\" \/>\n\t<meta property=\"og:image:width\" content=\"420\" \/>\n\t<meta property=\"og:image:height\" content=\"192\" \/>\n\t<meta property=\"og:image:type\" content=\"image\/jpeg\" \/>\n<meta name=\"author\" content=\"autosdelpodio\" \/>\n<meta name=\"twitter:card\" content=\"summary_large_image\" \/>\n<meta name=\"twitter:creator\" content=\"@autosdelpodio\" \/>\n<meta name=\"twitter:site\" content=\"@autosdelpodio\" \/>\n<meta name=\"twitter:label1\" content=\"Escrito por\" \/>\n\t<meta name=\"twitter:data1\" content=\"autosdelpodio\" \/>\n\t<meta name=\"twitter:label2\" content=\"Tiempo de lectura\" \/>\n\t<meta name=\"twitter:data2\" content=\"2 minutos\" \/>\n<script type=\"application\/ld+json\" class=\"yoast-schema-graph\">{\"@context\":\"https:\\\/\\\/schema.org\",\"@graph\":[{\"@type\":\"Article\",\"@id\":\"http:\\\/\\\/autosdelpodio.com\\\/autos\\\/martinez-se-anota-en-el-historial-de-ganadores\\\/#article\",\"isPartOf\":{\"@id\":\"http:\\\/\\\/autosdelpodio.com\\\/autos\\\/martinez-se-anota-en-el-historial-de-ganadores\\\/\"},\"author\":{\"name\":\"autosdelpodio\",\"@id\":\"http:\\\/\\\/autosdelpodio.com\\\/autos\\\/#\\\/schema\\\/person\\\/993527a4d01c3acdd3d6bce3770bc942\"},\"headline\":\"Mart\u00ednez se anota en el historial de ganadores\",\"datePublished\":\"2025-06-16T22:34:45+00:00\",\"dateModified\":\"2025-06-16T22:34:47+00:00\",\"mainEntityOfPage\":{\"@id\":\"http:\\\/\\\/autosdelpodio.com\\\/autos\\\/martinez-se-anota-en-el-historial-de-ganadores\\\/\"},\"wordCount\":224,\"commentCount\":0,\"publisher\":{\"@id\":\"http:\\\/\\\/autosdelpodio.com\\\/autos\\\/#organization\"},\"image\":{\"@id\":\"http:\\\/\\\/autosdelpodio.com\\\/autos\\\/martinez-se-anota-en-el-historial-de-ganadores\\\/#primaryimage\"},\"thumbnailUrl\":\"http:\\\/\\\/autosdelpodio.com\\\/autos\\\/wp-content\\\/uploads\\\/2020\\\/04\\\/Logo_Turismo_Nacional.jpg\",\"keywords\":[\"Clase 3\",\"Rio Negro\",\"Thiago Martinez\",\"Toyota Corolla\",\"Turismo Nacional\",\"Viedma\"],\"articleSection\":[\"Recta Principal\",\"\u00daltimas noticias\"],\"inLanguage\":\"es\",\"potentialAction\":[{\"@type\":\"CommentAction\",\"name\":\"Comment\",\"target\":[\"http:\\\/\\\/autosdelpodio.com\\\/autos\\\/martinez-se-anota-en-el-historial-de-ganadores\\\/#respond\"]}]},{\"@type\":\"WebPage\",\"@id\":\"http:\\\/\\\/autosdelpodio.com\\\/autos\\\/martinez-se-anota-en-el-historial-de-ganadores\\\/\",\"url\":\"http:\\\/\\\/autosdelpodio.com\\\/autos\\\/martinez-se-anota-en-el-historial-de-ganadores\\\/\",\"name\":\"Autos del Podio | Mart\u00ednez se anota en el historial de ganadores\",\"isPartOf\":{\"@id\":\"http:\\\/\\\/autosdelpodio.com\\\/autos\\\/#website\"},\"primaryImageOfPage\":{\"@id\":\"http:\\\/\\\/autosdelpodio.com\\\/autos\\\/martinez-se-anota-en-el-historial-de-ganadores\\\/#primaryimage\"},\"image\":{\"@id\":\"http:\\\/\\\/autosdelpodio.com\\\/autos\\\/martinez-se-anota-en-el-historial-de-ganadores\\\/#primaryimage\"},\"thumbnailUrl\":\"http:\\\/\\\/autosdelpodio.com\\\/autos\\\/wp-content\\\/uploads\\\/2020\\\/04\\\/Logo_Turismo_Nacional.jpg\",\"datePublished\":\"2025-06-16T22:34:45+00:00\",\"dateModified\":\"2025-06-16T22:34:47+00:00\",\"description\":\"Autos del Podio En apenas apenas su 6\u00aa carrera en la Clase 3 del TN Thiago Martinez cant\u00f3 victoria\",\"breadcrumb\":{\"@id\":\"http:\\\/\\\/autosdelpodio.com\\\/autos\\\/martinez-se-anota-en-el-historial-de-ganadores\\\/#breadcrumb\"},\"inLanguage\":\"es\",\"potentialAction\":[{\"@type\":\"ReadAction\",\"target\":[\"http:\\\/\\\/autosdelpodio.com\\\/autos\\\/martinez-se-anota-en-el-historial-de-ganadores\\\/\"]}]},{\"@type\":\"ImageObject\",\"inLanguage\":\"es\",\"@id\":\"http:\\\/\\\/autosdelpodio.com\\\/autos\\\/martinez-se-anota-en-el-historial-de-ganadores\\\/#primaryimage\",\"url\":\"http:\\\/\\\/autosdelpodio.com\\\/autos\\\/wp-content\\\/uploads\\\/2020\\\/04\\\/Logo_Turismo_Nacional.jpg\",\"contentUrl\":\"http:\\\/\\\/autosdelpodio.com\\\/autos\\\/wp-content\\\/uploads\\\/2020\\\/04\\\/Logo_Turismo_Nacional.jpg\",\"width\":420,\"height\":192},{\"@type\":\"BreadcrumbList\",\"@id\":\"http:\\\/\\\/autosdelpodio.com\\\/autos\\\/martinez-se-anota-en-el-historial-de-ganadores\\\/#breadcrumb\",\"itemListElement\":[{\"@type\":\"ListItem\",\"position\":1,\"name\":\"Portada\",\"item\":\"http:\\\/\\\/autosdelpodio.com\\\/autos\\\/\"},{\"@type\":\"ListItem\",\"position\":2,\"name\":\"Mart\u00ednez se anota en el historial de ganadores\"}]},{\"@type\":\"WebSite\",\"@id\":\"http:\\\/\\\/autosdelpodio.com\\\/autos\\\/#website\",\"url\":\"http:\\\/\\\/autosdelpodio.com\\\/autos\\\/\",\"name\":\"Autos del Podio\",\"description\":\"La sexta del deporte motor\",\"publisher\":{\"@id\":\"http:\\\/\\\/autosdelpodio.com\\\/autos\\\/#organization\"},\"potentialAction\":[{\"@type\":\"SearchAction\",\"target\":{\"@type\":\"EntryPoint\",\"urlTemplate\":\"http:\\\/\\\/autosdelpodio.com\\\/autos\\\/?s={search_term_string}\"},\"query-input\":{\"@type\":\"PropertyValueSpecification\",\"valueRequired\":true,\"valueName\":\"search_term_string\"}}],\"inLanguage\":\"es\"},{\"@type\":\"Organization\",\"@id\":\"http:\\\/\\\/autosdelpodio.com\\\/autos\\\/#organization\",\"name\":\"Autos del Podio\",\"url\":\"http:\\\/\\\/autosdelpodio.com\\\/autos\\\/\",\"logo\":{\"@type\":\"ImageObject\",\"inLanguage\":\"es\",\"@id\":\"http:\\\/\\\/autosdelpodio.com\\\/autos\\\/#\\\/schema\\\/logo\\\/image\\\/\",\"url\":\"http:\\\/\\\/autosdelpodio.com\\\/autos\\\/wp-content\\\/uploads\\\/2020\\\/08\\\/Logo_AR.jpg\",\"contentUrl\":\"http:\\\/\\\/autosdelpodio.com\\\/autos\\\/wp-content\\\/uploads\\\/2020\\\/08\\\/Logo_AR.jpg\",\"width\":1038,\"height\":1044,\"caption\":\"Autos del Podio\"},\"image\":{\"@id\":\"http:\\\/\\\/autosdelpodio.com\\\/autos\\\/#\\\/schema\\\/logo\\\/image\\\/\"},\"sameAs\":[\"https:\\\/\\\/www.facebook.com\\\/profile.php?id=100057192590976&amp;amp;amp;amp;amp;amp;amp;amp;amp;amp;amp;amp;amp;amp;amp;amp;amp;amp;ref=ts\",\"https:\\\/\\\/x.com\\\/autosdelpodio\",\"https:\\\/\\\/www.youtube.com\\\/user\\\/AutosdelPodio\"]},{\"@type\":\"Person\",\"@id\":\"http:\\\/\\\/autosdelpodio.com\\\/autos\\\/#\\\/schema\\\/person\\\/993527a4d01c3acdd3d6bce3770bc942\",\"name\":\"autosdelpodio\",\"image\":{\"@type\":\"ImageObject\",\"inLanguage\":\"es\",\"@id\":\"http:\\\/\\\/autosdelpodio.com\\\/autos\\\/wp-content\\\/litespeed\\\/avatar\\\/aa8f65cd201a80f6b844f63278aa84af.jpg?ver=1776798175\",\"url\":\"http:\\\/\\\/autosdelpodio.com\\\/autos\\\/wp-content\\\/litespeed\\\/avatar\\\/aa8f65cd201a80f6b844f63278aa84af.jpg?ver=1776798175\",\"contentUrl\":\"http:\\\/\\\/autosdelpodio.com\\\/autos\\\/wp-content\\\/litespeed\\\/avatar\\\/aa8f65cd201a80f6b844f63278aa84af.jpg?ver=1776798175\",\"caption\":\"autosdelpodio\"}}]}<\/script>\n<!-- \/ Yoast SEO plugin. -->","yoast_head_json":{"title":"Autos del Podio | Mart\u00ednez se anota en el historial de ganadores","description":"Autos del Podio En apenas apenas su 6\u00aa carrera en la Clase 3 del TN Thiago Martinez cant\u00f3 victoria","robots":{"index":"index","follow":"follow","max-snippet":"max-snippet:-1","max-image-preview":"max-image-preview:large","max-video-preview":"max-video-preview:-1"},"canonical":"http:\/\/autosdelpodio.com\/autos\/martinez-se-anota-en-el-historial-de-ganadores\/","og_locale":"es_ES","og_type":"article","og_title":"Turismo Nacional","og_description":"En apenas apenas su 6\u00aa carrera en la Clase 3 del TN Thiago Martinez cant\u00f3 victoria","og_url":"http:\/\/autosdelpodio.com\/autos\/martinez-se-anota-en-el-historial-de-ganadores\/","og_site_name":"Autos del Podio","article_publisher":"https:\/\/www.facebook.com\/profile.php?id=100057192590976&amp%3bamp%3bamp%3bamp%3bamp%3bamp%3bamp%3bamp%3bamp%3bamp%3bamp%3bamp%3bamp%3bamp%3bamp%3bamp%3bamp%3bamp%3bref=ts","article_published_time":"2025-06-16T22:34:45+00:00","article_modified_time":"2025-06-16T22:34:47+00:00","og_image":[{"width":420,"height":192,"url":"http:\/\/autosdelpodio.com\/autos\/wp-content\/uploads\/2020\/04\/Logo_Turismo_Nacional.jpg","type":"image\/jpeg"}],"author":"autosdelpodio","twitter_card":"summary_large_image","twitter_creator":"@autosdelpodio","twitter_site":"@autosdelpodio","twitter_misc":{"Escrito por":"autosdelpodio","Tiempo de lectura":"2 minutos"},"schema":{"@context":"https:\/\/schema.org","@graph":[{"@type":"Article","@id":"http:\/\/autosdelpodio.com\/autos\/martinez-se-anota-en-el-historial-de-ganadores\/#article","isPartOf":{"@id":"http:\/\/autosdelpodio.com\/autos\/martinez-se-anota-en-el-historial-de-ganadores\/"},"author":{"name":"autosdelpodio","@id":"http:\/\/autosdelpodio.com\/autos\/#\/schema\/person\/993527a4d01c3acdd3d6bce3770bc942"},"headline":"Mart\u00ednez se anota en el historial de ganadores","datePublished":"2025-06-16T22:34:45+00:00","dateModified":"2025-06-16T22:34:47+00:00","mainEntityOfPage":{"@id":"http:\/\/autosdelpodio.com\/autos\/martinez-se-anota-en-el-historial-de-ganadores\/"},"wordCount":224,"commentCount":0,"publisher":{"@id":"http:\/\/autosdelpodio.com\/autos\/#organization"},"image":{"@id":"http:\/\/autosdelpodio.com\/autos\/martinez-se-anota-en-el-historial-de-ganadores\/#primaryimage"},"thumbnailUrl":"http:\/\/autosdelpodio.com\/autos\/wp-content\/uploads\/2020\/04\/Logo_Turismo_Nacional.jpg","keywords":["Clase 3","Rio Negro","Thiago Martinez","Toyota Corolla","Turismo Nacional","Viedma"],"articleSection":["Recta Principal","\u00daltimas noticias"],"inLanguage":"es","potentialAction":[{"@type":"CommentAction","name":"Comment","target":["http:\/\/autosdelpodio.com\/autos\/martinez-se-anota-en-el-historial-de-ganadores\/#respond"]}]},{"@type":"WebPage","@id":"http:\/\/autosdelpodio.com\/autos\/martinez-se-anota-en-el-historial-de-ganadores\/","url":"http:\/\/autosdelpodio.com\/autos\/martinez-se-anota-en-el-historial-de-ganadores\/","name":"Autos del Podio | Mart\u00ednez se anota en el historial de ganadores","isPartOf":{"@id":"http:\/\/autosdelpodio.com\/autos\/#website"},"primaryImageOfPage":{"@id":"http:\/\/autosdelpodio.com\/autos\/martinez-se-anota-en-el-historial-de-ganadores\/#primaryimage"},"image":{"@id":"http:\/\/autosdelpodio.com\/autos\/martinez-se-anota-en-el-historial-de-ganadores\/#primaryimage"},"thumbnailUrl":"http:\/\/autosdelpodio.com\/autos\/wp-content\/uploads\/2020\/04\/Logo_Turismo_Nacional.jpg","datePublished":"2025-06-16T22:34:45+00:00","dateModified":"2025-06-16T22:34:47+00:00","description":"Autos del Podio En apenas apenas su 6\u00aa carrera en la Clase 3 del TN Thiago Martinez cant\u00f3 victoria","breadcrumb":{"@id":"http:\/\/autosdelpodio.com\/autos\/martinez-se-anota-en-el-historial-de-ganadores\/#breadcrumb"},"inLanguage":"es","potentialAction":[{"@type":"ReadAction","target":["http:\/\/autosdelpodio.com\/autos\/martinez-se-anota-en-el-historial-de-ganadores\/"]}]},{"@type":"ImageObject","inLanguage":"es","@id":"http:\/\/autosdelpodio.com\/autos\/martinez-se-anota-en-el-historial-de-ganadores\/#primaryimage","url":"http:\/\/autosdelpodio.com\/autos\/wp-content\/uploads\/2020\/04\/Logo_Turismo_Nacional.jpg","contentUrl":"http:\/\/autosdelpodio.com\/autos\/wp-content\/uploads\/2020\/04\/Logo_Turismo_Nacional.jpg","width":420,"height":192},{"@type":"BreadcrumbList","@id":"http:\/\/autosdelpodio.com\/autos\/martinez-se-anota-en-el-historial-de-ganadores\/#breadcrumb","itemListElement":[{"@type":"ListItem","position":1,"name":"Portada","item":"http:\/\/autosdelpodio.com\/autos\/"},{"@type":"ListItem","position":2,"name":"Mart\u00ednez se anota en el historial de ganadores"}]},{"@type":"WebSite","@id":"http:\/\/autosdelpodio.com\/autos\/#website","url":"http:\/\/autosdelpodio.com\/autos\/","name":"Autos del Podio","description":"La sexta del deporte motor","publisher":{"@id":"http:\/\/autosdelpodio.com\/autos\/#organization"},"potentialAction":[{"@type":"SearchAction","target":{"@type":"EntryPoint","urlTemplate":"http:\/\/autosdelpodio.com\/autos\/?s={search_term_string}"},"query-input":{"@type":"PropertyValueSpecification","valueRequired":true,"valueName":"search_term_string"}}],"inLanguage":"es"},{"@type":"Organization","@id":"http:\/\/autosdelpodio.com\/autos\/#organization","name":"Autos del Podio","url":"http:\/\/autosdelpodio.com\/autos\/","logo":{"@type":"ImageObject","inLanguage":"es","@id":"http:\/\/autosdelpodio.com\/autos\/#\/schema\/logo\/image\/","url":"http:\/\/autosdelpodio.com\/autos\/wp-content\/uploads\/2020\/08\/Logo_AR.jpg","contentUrl":"http:\/\/autosdelpodio.com\/autos\/wp-content\/uploads\/2020\/08\/Logo_AR.jpg","width":1038,"height":1044,"caption":"Autos del Podio"},"image":{"@id":"http:\/\/autosdelpodio.com\/autos\/#\/schema\/logo\/image\/"},"sameAs":["https:\/\/www.facebook.com\/profile.php?id=100057192590976&amp;amp;amp;amp;amp;amp;amp;amp;amp;amp;amp;amp;amp;amp;amp;amp;amp;amp;ref=ts","https:\/\/x.com\/autosdelpodio","https:\/\/www.youtube.com\/user\/AutosdelPodio"]},{"@type":"Person","@id":"http:\/\/autosdelpodio.com\/autos\/#\/schema\/person\/993527a4d01c3acdd3d6bce3770bc942","name":"autosdelpodio","image":{"@type":"ImageObject","inLanguage":"es","@id":"http:\/\/autosdelpodio.com\/autos\/wp-content\/litespeed\/avatar\/aa8f65cd201a80f6b844f63278aa84af.jpg?ver=1776798175","url":"http:\/\/autosdelpodio.com\/autos\/wp-content\/litespeed\/avatar\/aa8f65cd201a80f6b844f63278aa84af.jpg?ver=1776798175","contentUrl":"http:\/\/autosdelpodio.com\/autos\/wp-content\/litespeed\/avatar\/aa8f65cd201a80f6b844f63278aa84af.jpg?ver=1776798175","caption":"autosdelpodio"}}]}},"views":421,"_links":{"self":[{"href":"http:\/\/autosdelpodio.com\/autos\/wp-json\/wp\/v2\/posts\/8433","targetHints":{"allow":["GET"]}}],"collection":[{"href":"http:\/\/autosdelpodio.com\/autos\/wp-json\/wp\/v2\/posts"}],"about":[{"href":"http:\/\/autosdelpodio.com\/autos\/wp-json\/wp\/v2\/types\/post"}],"author":[{"embeddable":true,"href":"http:\/\/autosdelpodio.com\/autos\/wp-json\/wp\/v2\/users\/3"}],"replies":[{"embeddable":true,"href":"http:\/\/autosdelpodio.com\/autos\/wp-json\/wp\/v2\/comments?post=8433"}],"version-history":[{"count":1,"href":"http:\/\/autosdelpodio.com\/autos\/wp-json\/wp\/v2\/posts\/8433\/revisions"}],"predecessor-version":[{"id":8434,"href":"http:\/\/autosdelpodio.com\/autos\/wp-json\/wp\/v2\/posts\/8433\/revisions\/8434"}],"wp:featuredmedia":[{"embeddable":true,"href":"http:\/\/autosdelpodio.com\/autos\/wp-json\/wp\/v2\/media\/1614"}],"wp:attachment":[{"href":"http:\/\/autosdelpodio.com\/autos\/wp-json\/wp\/v2\/media?parent=8433"}],"wp:term":[{"taxonomy":"category","embeddable":true,"href":"http:\/\/autosdelpodio.com\/autos\/wp-json\/wp\/v2\/categories?post=8433"},{"taxonomy":"post_tag","embeddable":true,"href":"http:\/\/autosdelpodio.com\/autos\/wp-json\/wp\/v2\/tags?post=8433"}],"curies":[{"name":"wp","href":"https:\/\/api.w.org\/{rel}","templated":true}]}}