{"id":8439,"date":"2025-06-22T14:56:58","date_gmt":"2025-06-22T17:56:58","guid":{"rendered":"http:\/\/autosdelpodio.com\/autos\/?p=8439"},"modified":"2025-06-24T13:31:44","modified_gmt":"2025-06-24T16:31:44","slug":"primer-victoria-de-toyota-en-2025","status":"publish","type":"post","link":"http:\/\/autosdelpodio.com\/autos\/primer-victoria-de-toyota-en-2025\/","title":{"rendered":"Primer victoria de Toyota en 2025"},"content":{"rendered":"\n<p>Otto Fritzler gan\u00f3 la s\u00e9ptima final del Turismo Carretera que se present\u00f3 en el Aut\u00f3dromo Rosamonte de Posadas. Agust\u00edn Canapino y Valent\u00edn Aguirre, ambos con Chevrolet completaron el podio.<br>El campeonato, a falta de 3 fechas para el cierre de la Etapa Regular lo lidera Mauricio Lambiris con 190,5 puntos, escoltado por <a href=\"https:\/\/autosdelpodio.com\/autos\/julian-santero-nuevo-campeon-en-tc\/\" target=\"_blank\" rel=\"noreferrer noopener\">el actual monarca Juli\u00e1n Santero <\/a>con 177,5 y Marcelo Agrelo con 172,5,<br>La pr\u00f3xima fecha ser\u00e1 la primer escala en la provincia de Entre R\u00edos, cuando el 13 de Julio visitar\u00e1 el aut\u00f3dromo de Concepci\u00f3n del Uruguay.<\/p>\n\n\n\n<p><em><strong>Final TC a 25 Vueltas &#8211; Misiones &#8211; Fecha 7<\/strong><\/em><\/p>\n\n\n\n<figure class=\"wp-block-table\"><table class=\"has-fixed-layout\"><tbody><tr><td>1\u00ba<\/td><td>FRITZLER OTTO<\/td><td>TOYOTA<\/td><td>46;25.683<\/td><\/tr><tr><td>2\u00ba<\/td><td>CANAPINO AGUST\u00cdN<\/td><td>CHEVROLET (CAMARO)<\/td><td>0.557<\/td><\/tr><tr><td>3\u00ba<\/td><td>AGUIRRE VALENT\u00cdN<\/td><td>CHEVROLET (CAMARO)<\/td><td>2.882<\/td><\/tr><tr><td>4\u00ba<\/td><td>TODINO GERM\u00c1N<\/td><td>FORD (MUSTANG)<\/td><td>3.338<\/td><\/tr><tr><td>5\u00ba<\/td><td>ROSSI MAT\u00cdAS<\/td><td>TOYOTA<\/td><td>4.200<\/td><\/tr><tr><td>6\u00ba<\/td><td>CHAPUR FACUNDO<\/td><td>TORINO (TORINO NG)<\/td><td>5.956<\/td><\/tr><tr><td>7\u00ba<\/td><td>MANGONI SANTIAGO<\/td><td>CHEVROLET (CAMARO)<\/td><td>6.494<\/td><\/tr><tr><td>8\u00ba<\/td><td>AGRELO MARCELO<\/td><td>TOYOTA<\/td><td>6.738<\/td><\/tr><tr><td>9\u00ba<\/td><td>LAMBIRIS MAURICIO<\/td><td>FORD (MUSTANG)<\/td><td>7.517<\/td><\/tr><tr><td>10\u00ba<\/td><td>BONELLI NICOL\u00c1S<\/td><td>FORD (MUSTANG)<\/td><td>7.679<\/td><\/tr><tr><td>11\u00ba<\/td><td>TROSSET NICOL\u00c1S<\/td><td>FORD (MUSTANG)<\/td><td>8.071<\/td><\/tr><tr><td>12\u00ba<\/td><td>PALAZZO HERN\u00c1N<\/td><td>TOYOTA<\/td><td>8.514<\/td><\/tr><tr><td>13\u00ba<\/td><td>SCIALCHI JEREM\u00cdAS<\/td><td>FORD (MUSTANG)<\/td><td>9.312<\/td><\/tr><tr><td>14\u00ba<\/td><td>MART\u00cdNEZ AGUST\u00cdN<\/td><td>FORD (MUSTANG)<\/td><td>9.829<\/td><\/tr><tr><td>15\u00ba<\/td><td>OLMEDO JEREM\u00cdAS<\/td><td>FORD (MUSTANG)<\/td><td>10.818<\/td><\/tr><tr><td>16\u00ba<\/td><td>DE BENEDICTIS JUAN B.<\/td><td>FORD (MUSTANG)<\/td><td>11.134<\/td><\/tr><tr><td>17\u00ba<\/td><td>TRUCCO JUAN MART\u00cdN<\/td><td>DODGE (CHALLENGER)<\/td><td>11.933<\/td><\/tr><tr><td>18\u00ba<\/td><td>FA\u00cdN IGNACIO<\/td><td>TORINO (TORINO NG)<\/td><td>12.254<\/td><\/tr><tr><td>19\u00ba<\/td><td>CRAPARO ELIO<\/td><td>DODGE (CHALLENGER)<\/td><td>12.667<\/td><\/tr><tr><td>20\u00ba<\/td><td>FONTANA NORBERTO<\/td><td>CHEVROLET (CAMARO)<\/td><td>13.820<\/td><\/tr><tr><td>21\u00ba<\/td><td>EBARL\u00cdN JUAN JOS\u00c9<\/td><td>CHEVROLET (CAMARO)<\/td><td>14.190<\/td><\/tr><tr><td>22\u00ba<\/td><td>CANDELA KEVIN<\/td><td>TORINO (TORINO NG)<\/td><td>14.541<\/td><\/tr><tr><td>23\u00ba<\/td><td>URCERA JOS\u00c9 MANUEL<\/td><td>FORD (MUSTANG)<\/td><td>15.028<\/td><\/tr><tr><td>24\u00ba<\/td><td>ARDUSSO FACUNDO<\/td><td>CHEVROLET (CAMARO)<\/td><td>16.113<\/td><\/tr><tr><td>25\u00ba<\/td><td>FERRANTE GAST\u00d3N<\/td><td>TOYOTA<\/td><td>16.454<\/td><\/tr><tr><td>26\u00ba<\/td><td>DOMENECH ALFONSO<\/td><td>DODGE (CHALLENGER)<\/td><td>17.307<\/td><\/tr><tr><td>27\u00ba<\/td><td>IMPIOMBATO NICOL\u00c1S<\/td><td>CHEVROLET (CAMARO)<\/td><td>18.199<\/td><\/tr><tr><td>28\u00ba<\/td><td>CASTELLANO JONATAN<\/td><td>DODGE (CHALLENGER)<\/td><td>19.329<\/td><\/tr><tr><td>29\u00ba<\/td><td>CANAPINO MAT\u00cdAS<\/td><td>CHEVROLET (CAMARO)<\/td><td>20.972<\/td><\/tr><tr><td>30\u00ba<\/td><td>COTIGNOLA NICOL\u00c1S<\/td><td>TORINO (TORINO NG)<\/td><td>22.053<\/td><\/tr><tr><td>31\u00ba<\/td><td>SERRANO MART\u00cdN<\/td><td>CHEVROLET (CAMARO)<\/td><td>23.138<\/td><\/tr><tr><td>32\u00ba<\/td><td>CARINELLI AUGUSTO<\/td><td>FORD (MUSTANG)<\/td><td>23.865<\/td><\/tr><tr><td>33\u00ba<\/td><td>LEDESMA CHRISTIAN<\/td><td>CHEVROLET (CAMARO)<\/td><td>46.784<\/td><\/tr><tr><td>34\u00ba<\/td><td>SPATARO EMILIANO<\/td><td>FORD (MUSTANG)<\/td><td>53.293<\/td><\/tr><tr><td>35\u00ba<\/td><td>DE CARLO DIEGO<\/td><td>CHEVROLET (CAMARO)<\/td><td>1;09.344<\/td><\/tr><tr><td>36\u00ba<\/td><td>MART\u00cdNEZ TOB\u00cdAS<\/td><td>TOYOTA<\/td><td>1;13.221<\/td><\/tr><tr><td>37\u00ba<\/td><td>TETI JER\u00d3NIMO<\/td><td>FORD (MUSTANG)<\/td><td>1;13.925<\/td><\/tr><tr><td>38\u00ba<\/td><td>QUIJADA MARCOS<\/td><td>CHEVROLET (CAMARO)<\/td><td>1 VTA<\/td><\/tr><tr><td>39\u00ba<\/td><td>ALAUX SERGIO<\/td><td>CHEVROLET (CAMARO)<\/td><td>5 VTAS<\/td><\/tr><tr><td>40\u00ba<\/td><td>JALAF MAT\u00cdAS<\/td><td>FORD (MUSTANG)<\/td><td>5 VTAS<\/td><\/tr><tr><td>41\u00ba<\/td><td>DI PALMA LUIS JOS\u00c9<\/td><td>CHEVROLET (CAMARO)<\/td><td>8 VTAS<\/td><\/tr><tr><td>42\u00ba<\/td><td>\u00c1LVAREZ SANTIAGO<\/td><td>CHEVROLET (CAMARO)<\/td><td>9 VTAS<\/td><\/tr><tr><td>43\u00ba<\/td><td>DE LA IGLESIA LAUTARO<\/td><td>DODGE (CHALLENGER)<\/td><td>10 VTAS<\/td><\/tr><tr><td>44\u00ba<\/td><td>ABELLA SEBASTI\u00c1N<\/td><td>TOYOTA<\/td><td>12 VTAS<\/td><\/tr><tr><td>45\u00ba<\/td><td>IRIBARNE FEDERICO<\/td><td>CHEVROLET (CAMARO)<\/td><td>14 VTAS<\/td><\/tr><tr><td>46\u00ba<\/td><td>AZAR DIEGO<\/td><td>TOYOTA<\/td><td>15 VTAS<\/td><\/tr><tr><td>47\u00ba<\/td><td>LANDA MARCOS<\/td><td>CHEVROLET (CAMARO)<\/td><td>18 VTAS<\/td><\/tr><tr><td>48\u00ba<\/td><td>JAKOS ANDR\u00c9S<\/td><td>TOYOTA<\/td><td>21 VTAS<\/td><\/tr><tr><td>49\u00ba<\/td><td>WERNER MARIANO<\/td><td>FORD (MUSTANG)<\/td><td>24 VTAS<\/td><\/tr><tr><td>50\u00ba<\/td><td>V\u00c1ZQUEZ MART\u00cdN<\/td><td>DODGE (CHALLENGER)<\/td><td>25 VTAS<\/td><\/tr><tr><td>51\u00ba<\/td><td>SANTERO JULI\u00c1N<\/td><td>FORD (MUSTANG)<\/td><td>25 VTAS<\/td><\/tr><tr><td>52\u00ba<\/td><td>MAZZACANE GAST\u00d3N<\/td><td>CHEVROLET (CAMARO)<\/td><td>25 VTAS<\/td><\/tr><tr><td>53\u00ba<\/td><td>CATAL\u00c1N MAGNI JUAN TOM\u00c1S<\/td><td>FORD (MUSTANG)<\/td><td>25 VTAS<\/td><\/tr><\/tbody><\/table><\/figure>\n\n\n\n<p><strong>PROMEDIO:&nbsp;<\/strong>141,186 km\/h.&nbsp;<strong>RECORD DE VUELTA:&nbsp;<\/strong>Fritzler&nbsp;en la vta. 24 en 1:31.934 a 171,123 km\/h.<\/p>\n","protected":false},"excerpt":{"rendered":"<p>Otto Fritzler gan\u00f3 la s\u00e9ptima final del Turismo Carretera que se present\u00f3 en el Aut\u00f3dromo Rosamonte de Posadas. Agust\u00edn Canapino<\/p>\n","protected":false},"author":3,"featured_media":4838,"comment_status":"open","ping_status":"open","sticky":false,"template":"","format":"standard","meta":{"colormag_page_container_layout":"default_layout","colormag_page_sidebar_layout":"default_layout","footnotes":""},"categories":[16,5],"tags":[585,647,241,623,326],"class_list":["post-8439","post","type-post","status-publish","format-standard","has-post-thumbnail","hentry","category-recta-principal","category-latest-news","tag-autodromo-de-posadas","tag-camry","tag-misiones","tag-otto-fritzler","tag-toyota"],"yoast_head":"<!-- This site is optimized with the Yoast SEO plugin v27.5 - https:\/\/yoast.com\/product\/yoast-seo-wordpress\/ -->\n<title>Autos del Podio | Primer victoria de Toyota en 2025<\/title>\n<meta name=\"description\" content=\"Autos del Podio Otto Fritzler cosech\u00f3 su segunda victoria en el TC en la capital de Misiones\" \/>\n<meta name=\"robots\" content=\"index, follow, max-snippet:-1, max-image-preview:large, max-video-preview:-1\" \/>\n<link rel=\"canonical\" href=\"http:\/\/autosdelpodio.com\/autos\/primer-victoria-de-toyota-en-2025\/\" \/>\n<meta property=\"og:locale\" content=\"es_ES\" \/>\n<meta property=\"og:type\" content=\"article\" \/>\n<meta property=\"og:title\" content=\"TC en Posadas\" \/>\n<meta property=\"og:description\" content=\"Otto Fritzler cosech\u00f3 su segunda victoria en el TC en la capital de Misiones\" \/>\n<meta property=\"og:url\" content=\"http:\/\/autosdelpodio.com\/autos\/primer-victoria-de-toyota-en-2025\/\" \/>\n<meta property=\"og:site_name\" content=\"Autos del Podio\" \/>\n<meta property=\"article:publisher\" content=\"https:\/\/www.facebook.com\/profile.php?id=100057192590976&amp;amp%3bamp%3bamp%3bamp%3bamp%3bamp%3bamp%3bamp%3bamp%3bamp%3bamp%3bamp%3bamp%3bamp%3bamp%3bamp%3bamp%3bamp%3bref=ts\" \/>\n<meta property=\"article:published_time\" content=\"2025-06-22T17:56:58+00:00\" \/>\n<meta property=\"article:modified_time\" content=\"2025-06-24T16:31:44+00:00\" \/>\n<meta property=\"og:image\" content=\"http:\/\/autosdelpodio.com\/autos\/wp-content\/uploads\/2021\/10\/Logo_Toyota.jpg\" \/>\n\t<meta property=\"og:image:width\" content=\"250\" \/>\n\t<meta property=\"og:image:height\" content=\"187\" \/>\n\t<meta property=\"og:image:type\" content=\"image\/jpeg\" \/>\n<meta name=\"author\" content=\"autosdelpodio\" \/>\n<meta name=\"twitter:card\" content=\"summary_large_image\" \/>\n<meta name=\"twitter:creator\" content=\"@autosdelpodio\" \/>\n<meta name=\"twitter:site\" content=\"@autosdelpodio\" \/>\n<meta name=\"twitter:label1\" content=\"Escrito por\" \/>\n\t<meta name=\"twitter:data1\" content=\"autosdelpodio\" \/>\n\t<meta name=\"twitter:label2\" content=\"Tiempo de lectura\" \/>\n\t<meta name=\"twitter:data2\" content=\"3 minutos\" \/>\n<script type=\"application\/ld+json\" class=\"yoast-schema-graph\">{\"@context\":\"https:\\\/\\\/schema.org\",\"@graph\":[{\"@type\":\"Article\",\"@id\":\"http:\\\/\\\/autosdelpodio.com\\\/autos\\\/primer-victoria-de-toyota-en-2025\\\/#article\",\"isPartOf\":{\"@id\":\"http:\\\/\\\/autosdelpodio.com\\\/autos\\\/primer-victoria-de-toyota-en-2025\\\/\"},\"author\":{\"name\":\"autosdelpodio\",\"@id\":\"http:\\\/\\\/autosdelpodio.com\\\/autos\\\/#\\\/schema\\\/person\\\/993527a4d01c3acdd3d6bce3770bc942\"},\"headline\":\"Primer victoria de Toyota en 2025\",\"datePublished\":\"2025-06-22T17:56:58+00:00\",\"dateModified\":\"2025-06-24T16:31:44+00:00\",\"mainEntityOfPage\":{\"@id\":\"http:\\\/\\\/autosdelpodio.com\\\/autos\\\/primer-victoria-de-toyota-en-2025\\\/\"},\"wordCount\":390,\"commentCount\":0,\"publisher\":{\"@id\":\"http:\\\/\\\/autosdelpodio.com\\\/autos\\\/#organization\"},\"image\":{\"@id\":\"http:\\\/\\\/autosdelpodio.com\\\/autos\\\/primer-victoria-de-toyota-en-2025\\\/#primaryimage\"},\"thumbnailUrl\":\"http:\\\/\\\/autosdelpodio.com\\\/autos\\\/wp-content\\\/uploads\\\/2021\\\/10\\\/Logo_Toyota.jpg\",\"keywords\":[\"Autodromo de Posadas\",\"Camry\",\"Misiones\",\"Otto Fritzler\",\"Toyota\"],\"articleSection\":[\"Recta Principal\",\"\u00daltimas noticias\"],\"inLanguage\":\"es\",\"potentialAction\":[{\"@type\":\"CommentAction\",\"name\":\"Comment\",\"target\":[\"http:\\\/\\\/autosdelpodio.com\\\/autos\\\/primer-victoria-de-toyota-en-2025\\\/#respond\"]}]},{\"@type\":\"WebPage\",\"@id\":\"http:\\\/\\\/autosdelpodio.com\\\/autos\\\/primer-victoria-de-toyota-en-2025\\\/\",\"url\":\"http:\\\/\\\/autosdelpodio.com\\\/autos\\\/primer-victoria-de-toyota-en-2025\\\/\",\"name\":\"Autos del Podio | Primer victoria de Toyota en 2025\",\"isPartOf\":{\"@id\":\"http:\\\/\\\/autosdelpodio.com\\\/autos\\\/#website\"},\"primaryImageOfPage\":{\"@id\":\"http:\\\/\\\/autosdelpodio.com\\\/autos\\\/primer-victoria-de-toyota-en-2025\\\/#primaryimage\"},\"image\":{\"@id\":\"http:\\\/\\\/autosdelpodio.com\\\/autos\\\/primer-victoria-de-toyota-en-2025\\\/#primaryimage\"},\"thumbnailUrl\":\"http:\\\/\\\/autosdelpodio.com\\\/autos\\\/wp-content\\\/uploads\\\/2021\\\/10\\\/Logo_Toyota.jpg\",\"datePublished\":\"2025-06-22T17:56:58+00:00\",\"dateModified\":\"2025-06-24T16:31:44+00:00\",\"description\":\"Autos del Podio Otto Fritzler cosech\u00f3 su segunda victoria en el TC en la capital de Misiones\",\"breadcrumb\":{\"@id\":\"http:\\\/\\\/autosdelpodio.com\\\/autos\\\/primer-victoria-de-toyota-en-2025\\\/#breadcrumb\"},\"inLanguage\":\"es\",\"potentialAction\":[{\"@type\":\"ReadAction\",\"target\":[\"http:\\\/\\\/autosdelpodio.com\\\/autos\\\/primer-victoria-de-toyota-en-2025\\\/\"]}]},{\"@type\":\"ImageObject\",\"inLanguage\":\"es\",\"@id\":\"http:\\\/\\\/autosdelpodio.com\\\/autos\\\/primer-victoria-de-toyota-en-2025\\\/#primaryimage\",\"url\":\"http:\\\/\\\/autosdelpodio.com\\\/autos\\\/wp-content\\\/uploads\\\/2021\\\/10\\\/Logo_Toyota.jpg\",\"contentUrl\":\"http:\\\/\\\/autosdelpodio.com\\\/autos\\\/wp-content\\\/uploads\\\/2021\\\/10\\\/Logo_Toyota.jpg\",\"width\":250,\"height\":187},{\"@type\":\"BreadcrumbList\",\"@id\":\"http:\\\/\\\/autosdelpodio.com\\\/autos\\\/primer-victoria-de-toyota-en-2025\\\/#breadcrumb\",\"itemListElement\":[{\"@type\":\"ListItem\",\"position\":1,\"name\":\"Portada\",\"item\":\"http:\\\/\\\/autosdelpodio.com\\\/autos\\\/\"},{\"@type\":\"ListItem\",\"position\":2,\"name\":\"Primer victoria de Toyota en 2025\"}]},{\"@type\":\"WebSite\",\"@id\":\"http:\\\/\\\/autosdelpodio.com\\\/autos\\\/#website\",\"url\":\"http:\\\/\\\/autosdelpodio.com\\\/autos\\\/\",\"name\":\"Autos del Podio\",\"description\":\"La sexta del deporte motor\",\"publisher\":{\"@id\":\"http:\\\/\\\/autosdelpodio.com\\\/autos\\\/#organization\"},\"potentialAction\":[{\"@type\":\"SearchAction\",\"target\":{\"@type\":\"EntryPoint\",\"urlTemplate\":\"http:\\\/\\\/autosdelpodio.com\\\/autos\\\/?s={search_term_string}\"},\"query-input\":{\"@type\":\"PropertyValueSpecification\",\"valueRequired\":true,\"valueName\":\"search_term_string\"}}],\"inLanguage\":\"es\"},{\"@type\":\"Organization\",\"@id\":\"http:\\\/\\\/autosdelpodio.com\\\/autos\\\/#organization\",\"name\":\"Autos del Podio\",\"url\":\"http:\\\/\\\/autosdelpodio.com\\\/autos\\\/\",\"logo\":{\"@type\":\"ImageObject\",\"inLanguage\":\"es\",\"@id\":\"http:\\\/\\\/autosdelpodio.com\\\/autos\\\/#\\\/schema\\\/logo\\\/image\\\/\",\"url\":\"http:\\\/\\\/autosdelpodio.com\\\/autos\\\/wp-content\\\/uploads\\\/2020\\\/08\\\/Logo_AR.jpg\",\"contentUrl\":\"http:\\\/\\\/autosdelpodio.com\\\/autos\\\/wp-content\\\/uploads\\\/2020\\\/08\\\/Logo_AR.jpg\",\"width\":1038,\"height\":1044,\"caption\":\"Autos del Podio\"},\"image\":{\"@id\":\"http:\\\/\\\/autosdelpodio.com\\\/autos\\\/#\\\/schema\\\/logo\\\/image\\\/\"},\"sameAs\":[\"https:\\\/\\\/www.facebook.com\\\/profile.php?id=100057192590976&amp;amp;amp;amp;amp;amp;amp;amp;amp;amp;amp;amp;amp;amp;amp;amp;amp;amp;ref=ts\",\"https:\\\/\\\/x.com\\\/autosdelpodio\",\"https:\\\/\\\/www.youtube.com\\\/user\\\/AutosdelPodio\"]},{\"@type\":\"Person\",\"@id\":\"http:\\\/\\\/autosdelpodio.com\\\/autos\\\/#\\\/schema\\\/person\\\/993527a4d01c3acdd3d6bce3770bc942\",\"name\":\"autosdelpodio\",\"image\":{\"@type\":\"ImageObject\",\"inLanguage\":\"es\",\"@id\":\"http:\\\/\\\/autosdelpodio.com\\\/autos\\\/wp-content\\\/litespeed\\\/avatar\\\/aa8f65cd201a80f6b844f63278aa84af.jpg?ver=1777403005\",\"url\":\"http:\\\/\\\/autosdelpodio.com\\\/autos\\\/wp-content\\\/litespeed\\\/avatar\\\/aa8f65cd201a80f6b844f63278aa84af.jpg?ver=1777403005\",\"contentUrl\":\"http:\\\/\\\/autosdelpodio.com\\\/autos\\\/wp-content\\\/litespeed\\\/avatar\\\/aa8f65cd201a80f6b844f63278aa84af.jpg?ver=1777403005\",\"caption\":\"autosdelpodio\"}}]}<\/script>\n<!-- \/ Yoast SEO plugin. -->","yoast_head_json":{"title":"Autos del Podio | Primer victoria de Toyota en 2025","description":"Autos del Podio Otto Fritzler cosech\u00f3 su segunda victoria en el TC en la capital de Misiones","robots":{"index":"index","follow":"follow","max-snippet":"max-snippet:-1","max-image-preview":"max-image-preview:large","max-video-preview":"max-video-preview:-1"},"canonical":"http:\/\/autosdelpodio.com\/autos\/primer-victoria-de-toyota-en-2025\/","og_locale":"es_ES","og_type":"article","og_title":"TC en Posadas","og_description":"Otto Fritzler cosech\u00f3 su segunda victoria en el TC en la capital de Misiones","og_url":"http:\/\/autosdelpodio.com\/autos\/primer-victoria-de-toyota-en-2025\/","og_site_name":"Autos del Podio","article_publisher":"https:\/\/www.facebook.com\/profile.php?id=100057192590976&amp%3bamp%3bamp%3bamp%3bamp%3bamp%3bamp%3bamp%3bamp%3bamp%3bamp%3bamp%3bamp%3bamp%3bamp%3bamp%3bamp%3bamp%3bref=ts","article_published_time":"2025-06-22T17:56:58+00:00","article_modified_time":"2025-06-24T16:31:44+00:00","og_image":[{"width":250,"height":187,"url":"http:\/\/autosdelpodio.com\/autos\/wp-content\/uploads\/2021\/10\/Logo_Toyota.jpg","type":"image\/jpeg"}],"author":"autosdelpodio","twitter_card":"summary_large_image","twitter_creator":"@autosdelpodio","twitter_site":"@autosdelpodio","twitter_misc":{"Escrito por":"autosdelpodio","Tiempo de lectura":"3 minutos"},"schema":{"@context":"https:\/\/schema.org","@graph":[{"@type":"Article","@id":"http:\/\/autosdelpodio.com\/autos\/primer-victoria-de-toyota-en-2025\/#article","isPartOf":{"@id":"http:\/\/autosdelpodio.com\/autos\/primer-victoria-de-toyota-en-2025\/"},"author":{"name":"autosdelpodio","@id":"http:\/\/autosdelpodio.com\/autos\/#\/schema\/person\/993527a4d01c3acdd3d6bce3770bc942"},"headline":"Primer victoria de Toyota en 2025","datePublished":"2025-06-22T17:56:58+00:00","dateModified":"2025-06-24T16:31:44+00:00","mainEntityOfPage":{"@id":"http:\/\/autosdelpodio.com\/autos\/primer-victoria-de-toyota-en-2025\/"},"wordCount":390,"commentCount":0,"publisher":{"@id":"http:\/\/autosdelpodio.com\/autos\/#organization"},"image":{"@id":"http:\/\/autosdelpodio.com\/autos\/primer-victoria-de-toyota-en-2025\/#primaryimage"},"thumbnailUrl":"http:\/\/autosdelpodio.com\/autos\/wp-content\/uploads\/2021\/10\/Logo_Toyota.jpg","keywords":["Autodromo de Posadas","Camry","Misiones","Otto Fritzler","Toyota"],"articleSection":["Recta Principal","\u00daltimas noticias"],"inLanguage":"es","potentialAction":[{"@type":"CommentAction","name":"Comment","target":["http:\/\/autosdelpodio.com\/autos\/primer-victoria-de-toyota-en-2025\/#respond"]}]},{"@type":"WebPage","@id":"http:\/\/autosdelpodio.com\/autos\/primer-victoria-de-toyota-en-2025\/","url":"http:\/\/autosdelpodio.com\/autos\/primer-victoria-de-toyota-en-2025\/","name":"Autos del Podio | Primer victoria de Toyota en 2025","isPartOf":{"@id":"http:\/\/autosdelpodio.com\/autos\/#website"},"primaryImageOfPage":{"@id":"http:\/\/autosdelpodio.com\/autos\/primer-victoria-de-toyota-en-2025\/#primaryimage"},"image":{"@id":"http:\/\/autosdelpodio.com\/autos\/primer-victoria-de-toyota-en-2025\/#primaryimage"},"thumbnailUrl":"http:\/\/autosdelpodio.com\/autos\/wp-content\/uploads\/2021\/10\/Logo_Toyota.jpg","datePublished":"2025-06-22T17:56:58+00:00","dateModified":"2025-06-24T16:31:44+00:00","description":"Autos del Podio Otto Fritzler cosech\u00f3 su segunda victoria en el TC en la capital de Misiones","breadcrumb":{"@id":"http:\/\/autosdelpodio.com\/autos\/primer-victoria-de-toyota-en-2025\/#breadcrumb"},"inLanguage":"es","potentialAction":[{"@type":"ReadAction","target":["http:\/\/autosdelpodio.com\/autos\/primer-victoria-de-toyota-en-2025\/"]}]},{"@type":"ImageObject","inLanguage":"es","@id":"http:\/\/autosdelpodio.com\/autos\/primer-victoria-de-toyota-en-2025\/#primaryimage","url":"http:\/\/autosdelpodio.com\/autos\/wp-content\/uploads\/2021\/10\/Logo_Toyota.jpg","contentUrl":"http:\/\/autosdelpodio.com\/autos\/wp-content\/uploads\/2021\/10\/Logo_Toyota.jpg","width":250,"height":187},{"@type":"BreadcrumbList","@id":"http:\/\/autosdelpodio.com\/autos\/primer-victoria-de-toyota-en-2025\/#breadcrumb","itemListElement":[{"@type":"ListItem","position":1,"name":"Portada","item":"http:\/\/autosdelpodio.com\/autos\/"},{"@type":"ListItem","position":2,"name":"Primer victoria de Toyota en 2025"}]},{"@type":"WebSite","@id":"http:\/\/autosdelpodio.com\/autos\/#website","url":"http:\/\/autosdelpodio.com\/autos\/","name":"Autos del Podio","description":"La sexta del deporte motor","publisher":{"@id":"http:\/\/autosdelpodio.com\/autos\/#organization"},"potentialAction":[{"@type":"SearchAction","target":{"@type":"EntryPoint","urlTemplate":"http:\/\/autosdelpodio.com\/autos\/?s={search_term_string}"},"query-input":{"@type":"PropertyValueSpecification","valueRequired":true,"valueName":"search_term_string"}}],"inLanguage":"es"},{"@type":"Organization","@id":"http:\/\/autosdelpodio.com\/autos\/#organization","name":"Autos del Podio","url":"http:\/\/autosdelpodio.com\/autos\/","logo":{"@type":"ImageObject","inLanguage":"es","@id":"http:\/\/autosdelpodio.com\/autos\/#\/schema\/logo\/image\/","url":"http:\/\/autosdelpodio.com\/autos\/wp-content\/uploads\/2020\/08\/Logo_AR.jpg","contentUrl":"http:\/\/autosdelpodio.com\/autos\/wp-content\/uploads\/2020\/08\/Logo_AR.jpg","width":1038,"height":1044,"caption":"Autos del Podio"},"image":{"@id":"http:\/\/autosdelpodio.com\/autos\/#\/schema\/logo\/image\/"},"sameAs":["https:\/\/www.facebook.com\/profile.php?id=100057192590976&amp;amp;amp;amp;amp;amp;amp;amp;amp;amp;amp;amp;amp;amp;amp;amp;amp;amp;ref=ts","https:\/\/x.com\/autosdelpodio","https:\/\/www.youtube.com\/user\/AutosdelPodio"]},{"@type":"Person","@id":"http:\/\/autosdelpodio.com\/autos\/#\/schema\/person\/993527a4d01c3acdd3d6bce3770bc942","name":"autosdelpodio","image":{"@type":"ImageObject","inLanguage":"es","@id":"http:\/\/autosdelpodio.com\/autos\/wp-content\/litespeed\/avatar\/aa8f65cd201a80f6b844f63278aa84af.jpg?ver=1777403005","url":"http:\/\/autosdelpodio.com\/autos\/wp-content\/litespeed\/avatar\/aa8f65cd201a80f6b844f63278aa84af.jpg?ver=1777403005","contentUrl":"http:\/\/autosdelpodio.com\/autos\/wp-content\/litespeed\/avatar\/aa8f65cd201a80f6b844f63278aa84af.jpg?ver=1777403005","caption":"autosdelpodio"}}]}},"views":603,"_links":{"self":[{"href":"http:\/\/autosdelpodio.com\/autos\/wp-json\/wp\/v2\/posts\/8439","targetHints":{"allow":["GET"]}}],"collection":[{"href":"http:\/\/autosdelpodio.com\/autos\/wp-json\/wp\/v2\/posts"}],"about":[{"href":"http:\/\/autosdelpodio.com\/autos\/wp-json\/wp\/v2\/types\/post"}],"author":[{"embeddable":true,"href":"http:\/\/autosdelpodio.com\/autos\/wp-json\/wp\/v2\/users\/3"}],"replies":[{"embeddable":true,"href":"http:\/\/autosdelpodio.com\/autos\/wp-json\/wp\/v2\/comments?post=8439"}],"version-history":[{"count":2,"href":"http:\/\/autosdelpodio.com\/autos\/wp-json\/wp\/v2\/posts\/8439\/revisions"}],"predecessor-version":[{"id":8441,"href":"http:\/\/autosdelpodio.com\/autos\/wp-json\/wp\/v2\/posts\/8439\/revisions\/8441"}],"wp:featuredmedia":[{"embeddable":true,"href":"http:\/\/autosdelpodio.com\/autos\/wp-json\/wp\/v2\/media\/4838"}],"wp:attachment":[{"href":"http:\/\/autosdelpodio.com\/autos\/wp-json\/wp\/v2\/media?parent=8439"}],"wp:term":[{"taxonomy":"category","embeddable":true,"href":"http:\/\/autosdelpodio.com\/autos\/wp-json\/wp\/v2\/categories?post=8439"},{"taxonomy":"post_tag","embeddable":true,"href":"http:\/\/autosdelpodio.com\/autos\/wp-json\/wp\/v2\/tags?post=8439"}],"curies":[{"name":"wp","href":"https:\/\/api.w.org\/{rel}","templated":true}]}}